{"id":197400,"date":"2019-10-10T21:27:09","date_gmt":"2019-10-10T21:27:09","guid":{"rendered":"https:\/\/www.meydan.tv\/article\/turkiyede-bas-redaktor-suriyayla-bagli-xebere-gore-saxlanilib\/"},"modified":"2019-10-10T21:27:09","modified_gmt":"2019-10-10T21:27:09","slug":"turkiyede-bas-redaktor-suriyayla-bagli-xebere-gore-saxlanilib","status":"publish","type":"post","link":"https:\/\/www.meydan.tv\/az\/article\/turkiyede-bas-redaktor-suriyayla-bagli-xebere-gore-saxlanilib\/","title":{"rendered":"T\u00fcrkiy\u0259d\u0259 ba\u015f redaktor Suriyayla ba\u011fl\u0131 x\u0259b\u0259r\u0259 g\u00f6r\u0259 saxlan\u0131l\u0131b"},"content":{"rendered":"<p>\n  T\u00fcrkiy\u0259 Silahl\u0131 Q\u00fcvv\u0259l\u0259ri t\u0259r\u0259find\u0259n Suriyaya qar\u015f\u0131 ba\u015flad\u0131lan \u0259m\u0259liyyatla \u0259laq\u0259dar 78 n\u0259f\u0259r\u0259 qar\u015f\u0131 m\u0259hk\u0259m\u0259 iddias\u0131 qald\u0131r\u0131l\u0131b\n<\/p>\n<p>\n  \u201cDiken\u201d sayt\u0131n\u0131n ba\u015f redaktoru Fatih G\u00f6khan Diler oktyabr\u0131n 10-da i\u015f ota\u011f\u0131nda i\u015fl\u0259y\u0259rk\u0259n t\u0259hl\u00fck\u0259sizlik q\u00fcvv\u0259l\u0259ri t\u0259r\u0259find\u0259n saxlan\u0131l\u0131b, &#8211; BBC T\u00fcrk\u00e7\u0259 x\u0259b\u0259r verir.\n<\/p>\n<p>\n  Diler V\u0259t\u0259n Prospektind\u0259ki \u0130stanbul T\u0259hl\u00fck\u0259sizlik M\u00fcdirliyin\u0259 apar\u0131l\u0131b, oradan m\u0259hk\u0259m\u0259y\u0259 g\u00f6nd\u0259rilib.\n<\/p>\n<p>\n  Dilerin n\u0259zar\u0259t\u0259 al\u0131nmas\u0131na s\u0259b\u0259b kimi Suriya Demokratik G\u00fccl\u0259rinin &quot;T\u00fcrkiy\u0259 v\u0259t\u0259nda\u015flar\u0131 vurur&quot; \u015f\u0259rhini x\u0259b\u0259r etm\u0259si g\u00f6st\u0259rilir.\n<\/p>\n<p>\n  Eyni x\u0259b\u0259r\u0259 g\u00f6r\u0259 \u201cBirG\u00fcn\u201d-\u00fcn internet meneceri Hakan Demir d\u0259 n\u0259zar\u0259t\u0259 al\u0131n\u0131b. Demir q\u0259zetinin \u201cTwitter\u201d hesab\u0131nda payla\u015f\u0131lan bir x\u0259b\u0259r\u0259 g\u00f6r\u0259 xalq\u0131 kin v\u0259 d\u00fc\u015fm\u0259nliy\u0259 t\u0259hrikd\u0259 g\u00fcnahland\u0131r\u0131l\u0131r, &#8211; T24 x\u0259b\u0259r verir.\n<\/p>\n<p>\n  D\u00fcn\u0259n gec\u0259 T\u00fcrkiy\u0259 Silahl\u0131 Q\u00fcvv\u0259l\u0259ri t\u0259r\u0259find\u0259n Suriyaya qar\u015f\u0131 ba\u015flad\u0131lan \u0259m\u0259liyyatla \u0259laq\u0259dar 78 n\u0259f\u0259r\u0259 qar\u015f\u0131 m\u0259hk\u0259m\u0259 iddias\u0131 qald\u0131r\u0131l\u0131b. T\u0259hl\u00fck\u0259sizlik M\u00fcdirliyinin verdiyi b\u0259yanatda &quot;Bar\u0131\u015f P\u0131nar\u0131 H\u0259r\u0259kat\u0131 \u00fcz\u0259rind\u0259n \u00f6lk\u0259miz \u0259leyhin\u0259 qara t\u0259bli\u011fat ed\u0259r\u0259k xalq\u0131 kin v\u0259 nifr\u0259t\u0259 t\u0259hrik ed\u0259n, g\u00fcv\u0259nlik g\u00fccl\u0259rimizin etibar\u0131n\u0131 z\u0259d\u0259l\u0259m\u0259k m\u0259qs\u0259dil\u0259 qaynaqs\u0131z v\u0259 yalan payla\u015f\u0131m ed\u0259n 78 n\u0259f\u0259r haqq\u0131nda laz\u0131ml\u0131 x\u0259b\u0259rdarl\u0131q edil\u0259r\u0259k h\u00fcquqi t\u0259dbirl\u0259r g\u00f6r\u00fcl\u00fcb&quot;, ifad\u0259l\u0259ri yer al\u0131r.\n<\/p>\n<p>\n  Art\u0131q ikinci g\u00fcnd\u00fcr ki, t\u00fcrk q\u00fcvv\u0259l\u0259ri Suriyan\u0131n \u015fimal\u0131nda k\u00fcrdl\u0259rin \u0259lind\u0259 olan b\u00f6lg\u0259l\u0259r\u0259 girm\u0259y\u0259 \u00e7al\u0131\u015f\u0131r v\u0259 bunun \u00fc\u00e7\u00fcn havadan v\u0259 qurudan h\u00fccum edir.\n<\/p>\n<p>\n  T\u00fcrkiy\u0259 ordusu t\u0259yin olunmu\u015f h\u0259d\u0259fl\u0259ri \u0259l\u0259 ke\u00e7irdiyini s\u00f6yl\u0259yib. M\u0259rk\u0259z s\u0259rh\u0259d b\u00f6lg\u0259sind\u0259 a\u011f\u0131r d\u00f6y\u00fc\u015fl\u0259rin getdiyini v\u0259 7 m\u00fclki \u015f\u0259xsin \u00f6ld\u00fcy\u00fcn\u00fc bildirir.\n<\/p>\n<p>\n  On minl\u0259rl\u0259 insan\u0131n evl\u0259rini t\u0259rk etdiyi deyilir.\n<\/p>\n<p>\n  Ankaran\u0131n bu add\u0131m\u0131 Donald Tramp\u0131n AB\u015e qo\u015funlar\u0131n\u0131 k\u00fcrdl\u0259rin \u00e7oxluq t\u0259\u015fkil etdiyi Suriyan\u0131n \u015fimal\u0131ndan \u00e7\u0131xarmaq q\u0259rar\u0131ndan sonraya t\u0259sad\u00fcf edir.\n<\/p>\n<p>\n  T\u00fcrkiy\u0259 \u00f6z \u0259razisind\u0259ki bir \u00e7ox suriyal\u0131 qa\u00e7q\u0131n \u00fc\u00e7\u00fcn s\u0259rh\u0259dd\u0259 &quot;t\u0259hl\u00fck\u0259siz b\u00f6lg\u0259&quot; yaratmaq ist\u0259diyini qeyd edib. C\u00fcm\u0259 ax\u015fam\u0131 g\u00fcn\u00fc Prezident R\u0259c\u0259b Tayyib \u018frdo\u011fan Avropan\u0131 T\u00fcrkiy\u0259nin Suriyaya do\u011fru h\u0259r\u0259k\u0259tini h\u00fccum adland\u0131rarsa, suriyal\u0131 qa\u00e7q\u0131nlar\u0131 bu \u0259raziy\u0259 k\u00f6\u00e7\u00fcr\u00fcl\u0259c\u0259yi il\u0259 h\u0259d\u0259l\u0259yib.<\/p>\n","protected":false},"excerpt":{"rendered":"<p>T\u00fcrkiy\u0259 Silahl\u0131 Q\u00fcvv\u0259l\u0259ri t\u0259r\u0259find\u0259n Suriyaya qar\u015f\u0131 ba\u015flad\u0131lan \u0259m\u0259liyyatla \u0259laq\u0259dar 78 n\u0259f\u0259r\u0259 qar\u015f\u0131 m\u0259hk\u0259m\u0259 iddias\u0131 qald\u0131r\u0131l\u0131b<\/p>\n","protected":false},"author":11,"featured_media":131133,"comment_status":"closed","ping_status":"open","sticky":false,"template":"","format":"standard","meta":{"_acf_changed":false,"_sitemap_exclude":false,"_sitemap_priority":"","_sitemap_frequency":"","footnotes":""},"categories":[64],"tags":[],"class_list":["post-197400","post","type-post","status-publish","format-standard","has-post-thumbnail","hentry","category-dunya","infinite-scroll-item","generate-columns","tablet-grid-50","mobile-grid-100","grid-parent","grid-33","no-featured-image-padding"],"acf":[],"yoast_head":"<!-- This site is optimized with the Yoast SEO plugin v27.5 - https:\/\/yoast.com\/product\/yoast-seo-wordpress\/ -->\n<title>T\u00fcrkiy\u0259d\u0259 ba\u015f redaktor Suriyayla ba\u011fl\u0131 x\u0259b\u0259r\u0259 g\u00f6r\u0259 saxlan\u0131l\u0131b - MEYDAN.TV<\/title>\n<meta name=\"robots\" content=\"index, follow, max-snippet:-1, max-image-preview:large, max-video-preview:-1\" \/>\n<link rel=\"canonical\" href=\"https:\/\/www.meydan.tv\/az\/article\/turkiyede-bas-redaktor-suriyayla-bagli-xebere-gore-saxlanilib\/\" \/>\n<meta property=\"og:locale\" content=\"az_AZ\" \/>\n<meta property=\"og:type\" content=\"article\" \/>\n<meta property=\"og:title\" content=\"T\u00fcrkiy\u0259d\u0259 ba\u015f redaktor Suriyayla ba\u011fl\u0131 x\u0259b\u0259r\u0259 g\u00f6r\u0259 saxlan\u0131l\u0131b - MEYDAN.TV\" \/>\n<meta property=\"og:description\" content=\"T\u00fcrkiy\u0259 Silahl\u0131 Q\u00fcvv\u0259l\u0259ri t\u0259r\u0259find\u0259n Suriyaya qar\u015f\u0131 ba\u015flad\u0131lan \u0259m\u0259liyyatla \u0259laq\u0259dar 78 n\u0259f\u0259r\u0259 qar\u015f\u0131 m\u0259hk\u0259m\u0259 iddias\u0131 qald\u0131r\u0131l\u0131b\" \/>\n<meta property=\"og:url\" content=\"https:\/\/www.meydan.tv\/az\/article\/turkiyede-bas-redaktor-suriyayla-bagli-xebere-gore-saxlanilib\/\" \/>\n<meta property=\"og:site_name\" content=\"MEYDAN.TV\" \/>\n<meta property=\"article:published_time\" content=\"2019-10-10T21:27:09+00:00\" \/>\n<meta property=\"og:image\" content=\"https:\/\/www.meydan.tv\/wp-content\/uploads\/untitled_design_2_gfel88u.png\" \/>\n\t<meta property=\"og:image:width\" content=\"1000\" \/>\n\t<meta property=\"og:image:height\" content=\"555\" \/>\n\t<meta property=\"og:image:type\" content=\"image\/png\" \/>\n<meta name=\"author\" content=\"user-manager\" \/>\n<meta name=\"twitter:card\" content=\"summary_large_image\" \/>\n<script type=\"application\/ld+json\" class=\"yoast-schema-graph\">{\"@context\":\"https:\\\/\\\/schema.org\",\"@graph\":[{\"@type\":\"Article\",\"@id\":\"https:\\\/\\\/www.meydan.tv\\\/az\\\/article\\\/turkiyede-bas-redaktor-suriyayla-bagli-xebere-gore-saxlanilib\\\/#article\",\"isPartOf\":{\"@id\":\"https:\\\/\\\/www.meydan.tv\\\/az\\\/article\\\/turkiyede-bas-redaktor-suriyayla-bagli-xebere-gore-saxlanilib\\\/\"},\"author\":{\"name\":\"user-manager\",\"@id\":\"https:\\\/\\\/www.meydan.tv\\\/az\\\/#\\\/schema\\\/person\\\/10d11eccf6da3662cf5fdab9806ea91a\"},\"headline\":\"T\u00fcrkiy\u0259d\u0259 ba\u015f redaktor Suriyayla ba\u011fl\u0131 x\u0259b\u0259r\u0259 g\u00f6r\u0259 saxlan\u0131l\u0131b\",\"datePublished\":\"2019-10-10T21:27:09+00:00\",\"mainEntityOfPage\":{\"@id\":\"https:\\\/\\\/www.meydan.tv\\\/az\\\/article\\\/turkiyede-bas-redaktor-suriyayla-bagli-xebere-gore-saxlanilib\\\/\"},\"wordCount\":526,\"publisher\":{\"@id\":\"https:\\\/\\\/www.meydan.tv\\\/az\\\/#organization\"},\"image\":{\"@id\":\"https:\\\/\\\/www.meydan.tv\\\/az\\\/article\\\/turkiyede-bas-redaktor-suriyayla-bagli-xebere-gore-saxlanilib\\\/#primaryimage\"},\"thumbnailUrl\":\"https:\\\/\\\/www.meydan.tv\\\/wp-content\\\/uploads\\\/untitled_design_2_gfel88u.png\",\"articleSection\":[\"D\u00fcnya\"],\"inLanguage\":\"az\"},{\"@type\":\"WebPage\",\"@id\":\"https:\\\/\\\/www.meydan.tv\\\/az\\\/article\\\/turkiyede-bas-redaktor-suriyayla-bagli-xebere-gore-saxlanilib\\\/\",\"url\":\"https:\\\/\\\/www.meydan.tv\\\/az\\\/article\\\/turkiyede-bas-redaktor-suriyayla-bagli-xebere-gore-saxlanilib\\\/\",\"name\":\"T\u00fcrkiy\u0259d\u0259 ba\u015f redaktor Suriyayla ba\u011fl\u0131 x\u0259b\u0259r\u0259 g\u00f6r\u0259 saxlan\u0131l\u0131b - MEYDAN.TV\",\"isPartOf\":{\"@id\":\"https:\\\/\\\/www.meydan.tv\\\/az\\\/#website\"},\"primaryImageOfPage\":{\"@id\":\"https:\\\/\\\/www.meydan.tv\\\/az\\\/article\\\/turkiyede-bas-redaktor-suriyayla-bagli-xebere-gore-saxlanilib\\\/#primaryimage\"},\"image\":{\"@id\":\"https:\\\/\\\/www.meydan.tv\\\/az\\\/article\\\/turkiyede-bas-redaktor-suriyayla-bagli-xebere-gore-saxlanilib\\\/#primaryimage\"},\"thumbnailUrl\":\"https:\\\/\\\/www.meydan.tv\\\/wp-content\\\/uploads\\\/untitled_design_2_gfel88u.png\",\"datePublished\":\"2019-10-10T21:27:09+00:00\",\"breadcrumb\":{\"@id\":\"https:\\\/\\\/www.meydan.tv\\\/az\\\/article\\\/turkiyede-bas-redaktor-suriyayla-bagli-xebere-gore-saxlanilib\\\/#breadcrumb\"},\"inLanguage\":\"az\",\"potentialAction\":[{\"@type\":\"ReadAction\",\"target\":[\"https:\\\/\\\/www.meydan.tv\\\/az\\\/article\\\/turkiyede-bas-redaktor-suriyayla-bagli-xebere-gore-saxlanilib\\\/\"]}]},{\"@type\":\"ImageObject\",\"inLanguage\":\"az\",\"@id\":\"https:\\\/\\\/www.meydan.tv\\\/az\\\/article\\\/turkiyede-bas-redaktor-suriyayla-bagli-xebere-gore-saxlanilib\\\/#primaryimage\",\"url\":\"https:\\\/\\\/www.meydan.tv\\\/wp-content\\\/uploads\\\/untitled_design_2_gfel88u.png\",\"contentUrl\":\"https:\\\/\\\/www.meydan.tv\\\/wp-content\\\/uploads\\\/untitled_design_2_gfel88u.png\",\"width\":1000,\"height\":555,\"caption\":\"Source: Meydan TV\"},{\"@type\":\"BreadcrumbList\",\"@id\":\"https:\\\/\\\/www.meydan.tv\\\/az\\\/article\\\/turkiyede-bas-redaktor-suriyayla-bagli-xebere-gore-saxlanilib\\\/#breadcrumb\",\"itemListElement\":[{\"@type\":\"ListItem\",\"position\":1,\"name\":\"Ana s\u0259hif\u0259\",\"item\":\"https:\\\/\\\/www.meydan.tv\\\/az\\\/\"},{\"@type\":\"ListItem\",\"position\":2,\"name\":\"D\u00fcnya\",\"item\":\"https:\\\/\\\/www.meydan.tv\\\/az\\\/section\\\/dunya\\\/\"},{\"@type\":\"ListItem\",\"position\":3,\"name\":\"T\u00fcrkiy\u0259d\u0259 ba\u015f redaktor Suriyayla ba\u011fl\u0131 x\u0259b\u0259r\u0259 g\u00f6r\u0259 saxlan\u0131l\u0131b\"}]},{\"@type\":\"WebSite\",\"@id\":\"https:\\\/\\\/www.meydan.tv\\\/az\\\/#website\",\"url\":\"https:\\\/\\\/www.meydan.tv\\\/az\\\/\",\"name\":\"MEYDAN.TV\",\"description\":\"Meydan TV Az\u0259rbaycan\u0131n media m\u0259kan\u0131ndak\u0131 alternativ s\u0259sidir\",\"publisher\":{\"@id\":\"https:\\\/\\\/www.meydan.tv\\\/az\\\/#organization\"},\"potentialAction\":[{\"@type\":\"SearchAction\",\"target\":{\"@type\":\"EntryPoint\",\"urlTemplate\":\"https:\\\/\\\/www.meydan.tv\\\/az\\\/?s={search_term_string}\"},\"query-input\":{\"@type\":\"PropertyValueSpecification\",\"valueRequired\":true,\"valueName\":\"search_term_string\"}}],\"inLanguage\":\"az\"},{\"@type\":\"Organization\",\"@id\":\"https:\\\/\\\/www.meydan.tv\\\/az\\\/#organization\",\"name\":\"Meydan TV\",\"url\":\"https:\\\/\\\/www.meydan.tv\\\/az\\\/\",\"logo\":{\"@type\":\"ImageObject\",\"inLanguage\":\"az\",\"@id\":\"https:\\\/\\\/www.meydan.tv\\\/az\\\/#\\\/schema\\\/logo\\\/image\\\/\",\"url\":\"https:\\\/\\\/www.meydan.tv\\\/wp-content\\\/uploads\\\/2021\\\/07\\\/meydan-logo.svg\",\"contentUrl\":\"https:\\\/\\\/www.meydan.tv\\\/wp-content\\\/uploads\\\/2021\\\/07\\\/meydan-logo.svg\",\"width\":195,\"height\":46,\"caption\":\"Meydan TV\"},\"image\":{\"@id\":\"https:\\\/\\\/www.meydan.tv\\\/az\\\/#\\\/schema\\\/logo\\\/image\\\/\"}},{\"@type\":\"Person\",\"@id\":\"https:\\\/\\\/www.meydan.tv\\\/az\\\/#\\\/schema\\\/person\\\/10d11eccf6da3662cf5fdab9806ea91a\",\"name\":\"user-manager\"}]}<\/script>\n<!-- \/ Yoast SEO plugin. -->","yoast_head_json":{"title":"T\u00fcrkiy\u0259d\u0259 ba\u015f redaktor Suriyayla ba\u011fl\u0131 x\u0259b\u0259r\u0259 g\u00f6r\u0259 saxlan\u0131l\u0131b - MEYDAN.TV","robots":{"index":"index","follow":"follow","max-snippet":"max-snippet:-1","max-image-preview":"max-image-preview:large","max-video-preview":"max-video-preview:-1"},"canonical":"https:\/\/www.meydan.tv\/az\/article\/turkiyede-bas-redaktor-suriyayla-bagli-xebere-gore-saxlanilib\/","og_locale":"az_AZ","og_type":"article","og_title":"T\u00fcrkiy\u0259d\u0259 ba\u015f redaktor Suriyayla ba\u011fl\u0131 x\u0259b\u0259r\u0259 g\u00f6r\u0259 saxlan\u0131l\u0131b - MEYDAN.TV","og_description":"T\u00fcrkiy\u0259 Silahl\u0131 Q\u00fcvv\u0259l\u0259ri t\u0259r\u0259find\u0259n Suriyaya qar\u015f\u0131 ba\u015flad\u0131lan \u0259m\u0259liyyatla \u0259laq\u0259dar 78 n\u0259f\u0259r\u0259 qar\u015f\u0131 m\u0259hk\u0259m\u0259 iddias\u0131 qald\u0131r\u0131l\u0131b","og_url":"https:\/\/www.meydan.tv\/az\/article\/turkiyede-bas-redaktor-suriyayla-bagli-xebere-gore-saxlanilib\/","og_site_name":"MEYDAN.TV","article_published_time":"2019-10-10T21:27:09+00:00","og_image":[{"width":1000,"height":555,"url":"https:\/\/www.meydan.tv\/wp-content\/uploads\/untitled_design_2_gfel88u.png","type":"image\/png"}],"author":"user-manager","twitter_card":"summary_large_image","schema":{"@context":"https:\/\/schema.org","@graph":[{"@type":"Article","@id":"https:\/\/www.meydan.tv\/az\/article\/turkiyede-bas-redaktor-suriyayla-bagli-xebere-gore-saxlanilib\/#article","isPartOf":{"@id":"https:\/\/www.meydan.tv\/az\/article\/turkiyede-bas-redaktor-suriyayla-bagli-xebere-gore-saxlanilib\/"},"author":{"name":"user-manager","@id":"https:\/\/www.meydan.tv\/az\/#\/schema\/person\/10d11eccf6da3662cf5fdab9806ea91a"},"headline":"T\u00fcrkiy\u0259d\u0259 ba\u015f redaktor Suriyayla ba\u011fl\u0131 x\u0259b\u0259r\u0259 g\u00f6r\u0259 saxlan\u0131l\u0131b","datePublished":"2019-10-10T21:27:09+00:00","mainEntityOfPage":{"@id":"https:\/\/www.meydan.tv\/az\/article\/turkiyede-bas-redaktor-suriyayla-bagli-xebere-gore-saxlanilib\/"},"wordCount":526,"publisher":{"@id":"https:\/\/www.meydan.tv\/az\/#organization"},"image":{"@id":"https:\/\/www.meydan.tv\/az\/article\/turkiyede-bas-redaktor-suriyayla-bagli-xebere-gore-saxlanilib\/#primaryimage"},"thumbnailUrl":"https:\/\/www.meydan.tv\/wp-content\/uploads\/untitled_design_2_gfel88u.png","articleSection":["D\u00fcnya"],"inLanguage":"az"},{"@type":"WebPage","@id":"https:\/\/www.meydan.tv\/az\/article\/turkiyede-bas-redaktor-suriyayla-bagli-xebere-gore-saxlanilib\/","url":"https:\/\/www.meydan.tv\/az\/article\/turkiyede-bas-redaktor-suriyayla-bagli-xebere-gore-saxlanilib\/","name":"T\u00fcrkiy\u0259d\u0259 ba\u015f redaktor Suriyayla ba\u011fl\u0131 x\u0259b\u0259r\u0259 g\u00f6r\u0259 saxlan\u0131l\u0131b - MEYDAN.TV","isPartOf":{"@id":"https:\/\/www.meydan.tv\/az\/#website"},"primaryImageOfPage":{"@id":"https:\/\/www.meydan.tv\/az\/article\/turkiyede-bas-redaktor-suriyayla-bagli-xebere-gore-saxlanilib\/#primaryimage"},"image":{"@id":"https:\/\/www.meydan.tv\/az\/article\/turkiyede-bas-redaktor-suriyayla-bagli-xebere-gore-saxlanilib\/#primaryimage"},"thumbnailUrl":"https:\/\/www.meydan.tv\/wp-content\/uploads\/untitled_design_2_gfel88u.png","datePublished":"2019-10-10T21:27:09+00:00","breadcrumb":{"@id":"https:\/\/www.meydan.tv\/az\/article\/turkiyede-bas-redaktor-suriyayla-bagli-xebere-gore-saxlanilib\/#breadcrumb"},"inLanguage":"az","potentialAction":[{"@type":"ReadAction","target":["https:\/\/www.meydan.tv\/az\/article\/turkiyede-bas-redaktor-suriyayla-bagli-xebere-gore-saxlanilib\/"]}]},{"@type":"ImageObject","inLanguage":"az","@id":"https:\/\/www.meydan.tv\/az\/article\/turkiyede-bas-redaktor-suriyayla-bagli-xebere-gore-saxlanilib\/#primaryimage","url":"https:\/\/www.meydan.tv\/wp-content\/uploads\/untitled_design_2_gfel88u.png","contentUrl":"https:\/\/www.meydan.tv\/wp-content\/uploads\/untitled_design_2_gfel88u.png","width":1000,"height":555,"caption":"Source: Meydan TV"},{"@type":"BreadcrumbList","@id":"https:\/\/www.meydan.tv\/az\/article\/turkiyede-bas-redaktor-suriyayla-bagli-xebere-gore-saxlanilib\/#breadcrumb","itemListElement":[{"@type":"ListItem","position":1,"name":"Ana s\u0259hif\u0259","item":"https:\/\/www.meydan.tv\/az\/"},{"@type":"ListItem","position":2,"name":"D\u00fcnya","item":"https:\/\/www.meydan.tv\/az\/section\/dunya\/"},{"@type":"ListItem","position":3,"name":"T\u00fcrkiy\u0259d\u0259 ba\u015f redaktor Suriyayla ba\u011fl\u0131 x\u0259b\u0259r\u0259 g\u00f6r\u0259 saxlan\u0131l\u0131b"}]},{"@type":"WebSite","@id":"https:\/\/www.meydan.tv\/az\/#website","url":"https:\/\/www.meydan.tv\/az\/","name":"MEYDAN.TV","description":"Meydan TV Az\u0259rbaycan\u0131n media m\u0259kan\u0131ndak\u0131 alternativ s\u0259sidir","publisher":{"@id":"https:\/\/www.meydan.tv\/az\/#organization"},"potentialAction":[{"@type":"SearchAction","target":{"@type":"EntryPoint","urlTemplate":"https:\/\/www.meydan.tv\/az\/?s={search_term_string}"},"query-input":{"@type":"PropertyValueSpecification","valueRequired":true,"valueName":"search_term_string"}}],"inLanguage":"az"},{"@type":"Organization","@id":"https:\/\/www.meydan.tv\/az\/#organization","name":"Meydan TV","url":"https:\/\/www.meydan.tv\/az\/","logo":{"@type":"ImageObject","inLanguage":"az","@id":"https:\/\/www.meydan.tv\/az\/#\/schema\/logo\/image\/","url":"https:\/\/www.meydan.tv\/wp-content\/uploads\/2021\/07\/meydan-logo.svg","contentUrl":"https:\/\/www.meydan.tv\/wp-content\/uploads\/2021\/07\/meydan-logo.svg","width":195,"height":46,"caption":"Meydan TV"},"image":{"@id":"https:\/\/www.meydan.tv\/az\/#\/schema\/logo\/image\/"}},{"@type":"Person","@id":"https:\/\/www.meydan.tv\/az\/#\/schema\/person\/10d11eccf6da3662cf5fdab9806ea91a","name":"user-manager"}]}},"_links":{"self":[{"href":"https:\/\/www.meydan.tv\/az\/wp-json\/wp\/v2\/posts\/197400","targetHints":{"allow":["GET"]}}],"collection":[{"href":"https:\/\/www.meydan.tv\/az\/wp-json\/wp\/v2\/posts"}],"about":[{"href":"https:\/\/www.meydan.tv\/az\/wp-json\/wp\/v2\/types\/post"}],"author":[{"embeddable":true,"href":"https:\/\/www.meydan.tv\/az\/wp-json\/wp\/v2\/users\/11"}],"replies":[{"embeddable":true,"href":"https:\/\/www.meydan.tv\/az\/wp-json\/wp\/v2\/comments?post=197400"}],"version-history":[{"count":0,"href":"https:\/\/www.meydan.tv\/az\/wp-json\/wp\/v2\/posts\/197400\/revisions"}],"wp:featuredmedia":[{"embeddable":true,"href":"https:\/\/www.meydan.tv\/az\/wp-json\/wp\/v2\/media\/131133"}],"wp:attachment":[{"href":"https:\/\/www.meydan.tv\/az\/wp-json\/wp\/v2\/media?parent=197400"}],"wp:term":[{"taxonomy":"category","embeddable":true,"href":"https:\/\/www.meydan.tv\/az\/wp-json\/wp\/v2\/categories?post=197400"},{"taxonomy":"post_tag","embeddable":true,"href":"https:\/\/www.meydan.tv\/az\/wp-json\/wp\/v2\/tags?post=197400"}],"curies":[{"name":"wp","href":"https:\/\/api.w.org\/{rel}","templated":true}]}}