{"id":197399,"date":"2019-10-10T21:25:09","date_gmt":"2019-10-10T21:25:09","guid":{"rendered":"https:\/\/www.meydan.tv\/article\/40-illik-qadagadan-sonra-iranli-qadinlar-stadiona-buraxildi\/"},"modified":"2019-10-10T21:25:09","modified_gmt":"2019-10-10T21:25:09","slug":"40-illik-qadagadan-sonra-iranli-qadinlar-stadiona-buraxildi","status":"publish","type":"post","link":"https:\/\/www.meydan.tv\/az\/article\/40-illik-qadagadan-sonra-iranli-qadinlar-stadiona-buraxildi\/","title":{"rendered":"40 illik qada\u011fadan sonra iranl\u0131 qad\u0131nlar stadiona burax\u0131ld\u0131"},"content":{"rendered":"<figure class=\"wp-block-embed is-type-video is-provider-youtube wp-block-embed-youtube wp-embed-aspect-16-9 wp-has-aspect-ratio\">\n<div class=\"wp-block-embed__wrapper\">\n    <iframe\ttitle=\"40 ild\u0259n sonra iranl\u0131 qad\u0131nlar stadionlarda azarke\u015flik edibl\u0259r\" width=\"1200\" height=\"675\" data-src=\"https:\/\/www.youtube.com\/embed\/uN8t5VRCw6Y\"\tframeborder=\"0\"\tallow=\"accelerometer; autoplay; clipboard-write; encrypted-media; gyroscope; picture-in-picture\" allowfullscreen src=\"data:image\/svg+xml;base64,PHN2ZyB3aWR0aD0iMSIgaGVpZ2h0PSIxIiB4bWxucz0iaHR0cDovL3d3dy53My5vcmcvMjAwMC9zdmciPjwvc3ZnPg==\" class=\"lazyload\" data-load-mode=\"1\"><\/iframe>\n  <\/div><figcaption>\n    40 ild\u0259n sonra iranl\u0131 qad\u0131nlar stadionlarda azarke\u015flik edibl\u0259r<br \/>\n  <\/figcaption><\/figure>\n<p>\n  \u0130randa 40 illik qada\u011fadan sonra qad\u0131n azarke\u015fl\u0259r stadiondan canl\u0131 futbol izl\u0259y\u0259 bildil\u0259r.\n<\/p>\n<p>\n  \u0130ran millisi il\u0259 Kambociya aras\u0131nda ba\u015f tutan oyunda meydan sahibl\u0259ri 14:0 hesabl\u0131 q\u0259l\u0259b\u0259 qazan\u0131blar.\n<\/p>\n<p>\n  \u00d6t\u0259n ay stadiona girm\u0259kd\u0259 ittiham edil\u0259n g\u0259nc qad\u0131n \u00f6z\u00fcn\u00fc yand\u0131r\u0131b.\n<\/p>\n<p>\n  29 ya\u015fl\u0131 qad\u0131n mart ay\u0131nda Tehranda futbol mat\u00e7\u0131na qat\u0131lmaq ist\u0259y\u0259rk\u0259n h\u0259bs edilib. O, daha sonra h\u0259bsd\u0259n azad edils\u0259 d\u0259, mobil telefonunu geri almaq \u00fc\u00e7\u00fcn 1 sentyabr tarixind\u0259 prokurorlu\u011fa ged\u0259rk\u0259n a\u00e7\u0131lm\u0131\u015f i\u015fin sonlanmad\u0131\u011f\u0131n\u0131 v\u0259 h\u0259l\u0259 d\u0259 h\u0259bsxanaya d\u00fc\u015fm\u0259 ehtimal\u0131n\u0131n ola bil\u0259c\u0259yini<br \/>\n  <a href=\"https:\/\/d9mc3ts4czbpr.cloudfront.net\/az\/article\/iranda-qadin-futbol-azarkesi-ozunu-yandiraraq-helak-olub\/\"><br \/>\n    \u00f6yr\u0259nib<br \/>\n  <\/a><br \/>\n  .\n<\/p>\n<p>\n  Bundan sonra o, intihar edib. G\u0259nc qad\u0131n sevimli futbol komandas\u0131n\u0131n formas\u0131n\u0131 geyindiyi \u00fc\u00e7\u00fcn \u201cMavi q\u0131z\u201d l\u0259q\u0259bi il\u0259 tan\u0131n\u0131b. Onun \u00f6l\u00fcm\u00fc futbol cami\u0259sind\u0259 d\u0259 geni\u015f rezonans do\u011furub, F\u0130FA r\u0259smil\u0259ri \u0130rana s\u0259f\u0259r edib.<\/p>\n","protected":false},"excerpt":{"rendered":"<p>Qad\u0131n azarke\u015fl\u0259r \u0130ran millisinin oyununu izl\u0259yib<\/p>\n","protected":false},"author":11,"featured_media":131130,"comment_status":"closed","ping_status":"open","sticky":false,"template":"","format":"standard","meta":{"_acf_changed":false,"_sitemap_exclude":false,"_sitemap_priority":"","_sitemap_frequency":"","footnotes":""},"categories":[64],"tags":[],"class_list":["post-197399","post","type-post","status-publish","format-standard","has-post-thumbnail","hentry","category-dunya","infinite-scroll-item","generate-columns","tablet-grid-50","mobile-grid-100","grid-parent","grid-33","no-featured-image-padding"],"acf":[],"yoast_head":"<!-- This site is optimized with the Yoast SEO plugin v27.5 - https:\/\/yoast.com\/product\/yoast-seo-wordpress\/ -->\n<title>40 illik qada\u011fadan sonra iranl\u0131 qad\u0131nlar stadiona burax\u0131ld\u0131 - MEYDAN.TV<\/title>\n<meta name=\"robots\" content=\"index, follow, max-snippet:-1, max-image-preview:large, max-video-preview:-1\" \/>\n<link rel=\"canonical\" href=\"https:\/\/www.meydan.tv\/az\/article\/40-illik-qadagadan-sonra-iranli-qadinlar-stadiona-buraxildi\/\" \/>\n<meta property=\"og:locale\" content=\"az_AZ\" \/>\n<meta property=\"og:type\" content=\"article\" \/>\n<meta property=\"og:title\" content=\"40 illik qada\u011fadan sonra iranl\u0131 qad\u0131nlar stadiona burax\u0131ld\u0131 - MEYDAN.TV\" \/>\n<meta property=\"og:description\" content=\"Qad\u0131n azarke\u015fl\u0259r \u0130ran millisinin oyununu izl\u0259yib\" \/>\n<meta property=\"og:url\" content=\"https:\/\/www.meydan.tv\/az\/article\/40-illik-qadagadan-sonra-iranli-qadinlar-stadiona-buraxildi\/\" \/>\n<meta property=\"og:site_name\" content=\"MEYDAN.TV\" \/>\n<meta property=\"article:published_time\" content=\"2019-10-10T21:25:09+00:00\" \/>\n<meta property=\"og:image\" content=\"https:\/\/www.meydan.tv\/wp-content\/uploads\/untitled_design_1_hvmpjjk.png\" \/>\n\t<meta property=\"og:image:width\" content=\"1000\" \/>\n\t<meta property=\"og:image:height\" content=\"555\" \/>\n\t<meta property=\"og:image:type\" content=\"image\/png\" \/>\n<meta name=\"author\" content=\"user-manager\" \/>\n<meta name=\"twitter:card\" content=\"summary_large_image\" \/>\n<script type=\"application\/ld+json\" class=\"yoast-schema-graph\">{\"@context\":\"https:\\\/\\\/schema.org\",\"@graph\":[{\"@type\":\"Article\",\"@id\":\"https:\\\/\\\/www.meydan.tv\\\/az\\\/article\\\/40-illik-qadagadan-sonra-iranli-qadinlar-stadiona-buraxildi\\\/#article\",\"isPartOf\":{\"@id\":\"https:\\\/\\\/www.meydan.tv\\\/az\\\/article\\\/40-illik-qadagadan-sonra-iranli-qadinlar-stadiona-buraxildi\\\/\"},\"author\":{\"name\":\"user-manager\",\"@id\":\"https:\\\/\\\/www.meydan.tv\\\/az\\\/#\\\/schema\\\/person\\\/10d11eccf6da3662cf5fdab9806ea91a\"},\"headline\":\"40 illik qada\u011fadan sonra iranl\u0131 qad\u0131nlar stadiona burax\u0131ld\u0131\",\"datePublished\":\"2019-10-10T21:25:09+00:00\",\"mainEntityOfPage\":{\"@id\":\"https:\\\/\\\/www.meydan.tv\\\/az\\\/article\\\/40-illik-qadagadan-sonra-iranli-qadinlar-stadiona-buraxildi\\\/\"},\"wordCount\":187,\"publisher\":{\"@id\":\"https:\\\/\\\/www.meydan.tv\\\/az\\\/#organization\"},\"image\":{\"@id\":\"https:\\\/\\\/www.meydan.tv\\\/az\\\/article\\\/40-illik-qadagadan-sonra-iranli-qadinlar-stadiona-buraxildi\\\/#primaryimage\"},\"thumbnailUrl\":\"https:\\\/\\\/www.meydan.tv\\\/wp-content\\\/uploads\\\/untitled_design_1_hvmpjjk.png\",\"articleSection\":[\"D\u00fcnya\"],\"inLanguage\":\"az\"},{\"@type\":\"WebPage\",\"@id\":\"https:\\\/\\\/www.meydan.tv\\\/az\\\/article\\\/40-illik-qadagadan-sonra-iranli-qadinlar-stadiona-buraxildi\\\/\",\"url\":\"https:\\\/\\\/www.meydan.tv\\\/az\\\/article\\\/40-illik-qadagadan-sonra-iranli-qadinlar-stadiona-buraxildi\\\/\",\"name\":\"40 illik qada\u011fadan sonra iranl\u0131 qad\u0131nlar stadiona burax\u0131ld\u0131 - MEYDAN.TV\",\"isPartOf\":{\"@id\":\"https:\\\/\\\/www.meydan.tv\\\/az\\\/#website\"},\"primaryImageOfPage\":{\"@id\":\"https:\\\/\\\/www.meydan.tv\\\/az\\\/article\\\/40-illik-qadagadan-sonra-iranli-qadinlar-stadiona-buraxildi\\\/#primaryimage\"},\"image\":{\"@id\":\"https:\\\/\\\/www.meydan.tv\\\/az\\\/article\\\/40-illik-qadagadan-sonra-iranli-qadinlar-stadiona-buraxildi\\\/#primaryimage\"},\"thumbnailUrl\":\"https:\\\/\\\/www.meydan.tv\\\/wp-content\\\/uploads\\\/untitled_design_1_hvmpjjk.png\",\"datePublished\":\"2019-10-10T21:25:09+00:00\",\"breadcrumb\":{\"@id\":\"https:\\\/\\\/www.meydan.tv\\\/az\\\/article\\\/40-illik-qadagadan-sonra-iranli-qadinlar-stadiona-buraxildi\\\/#breadcrumb\"},\"inLanguage\":\"az\",\"potentialAction\":[{\"@type\":\"ReadAction\",\"target\":[\"https:\\\/\\\/www.meydan.tv\\\/az\\\/article\\\/40-illik-qadagadan-sonra-iranli-qadinlar-stadiona-buraxildi\\\/\"]}]},{\"@type\":\"ImageObject\",\"inLanguage\":\"az\",\"@id\":\"https:\\\/\\\/www.meydan.tv\\\/az\\\/article\\\/40-illik-qadagadan-sonra-iranli-qadinlar-stadiona-buraxildi\\\/#primaryimage\",\"url\":\"https:\\\/\\\/www.meydan.tv\\\/wp-content\\\/uploads\\\/untitled_design_1_hvmpjjk.png\",\"contentUrl\":\"https:\\\/\\\/www.meydan.tv\\\/wp-content\\\/uploads\\\/untitled_design_1_hvmpjjk.png\",\"width\":1000,\"height\":555,\"caption\":\"Source: Meydan TV\"},{\"@type\":\"BreadcrumbList\",\"@id\":\"https:\\\/\\\/www.meydan.tv\\\/az\\\/article\\\/40-illik-qadagadan-sonra-iranli-qadinlar-stadiona-buraxildi\\\/#breadcrumb\",\"itemListElement\":[{\"@type\":\"ListItem\",\"position\":1,\"name\":\"Ana s\u0259hif\u0259\",\"item\":\"https:\\\/\\\/www.meydan.tv\\\/az\\\/\"},{\"@type\":\"ListItem\",\"position\":2,\"name\":\"D\u00fcnya\",\"item\":\"https:\\\/\\\/www.meydan.tv\\\/az\\\/section\\\/dunya\\\/\"},{\"@type\":\"ListItem\",\"position\":3,\"name\":\"40 illik qada\u011fadan sonra iranl\u0131 qad\u0131nlar stadiona burax\u0131ld\u0131\"}]},{\"@type\":\"WebSite\",\"@id\":\"https:\\\/\\\/www.meydan.tv\\\/az\\\/#website\",\"url\":\"https:\\\/\\\/www.meydan.tv\\\/az\\\/\",\"name\":\"MEYDAN.TV\",\"description\":\"Meydan TV Az\u0259rbaycan\u0131n media m\u0259kan\u0131ndak\u0131 alternativ s\u0259sidir\",\"publisher\":{\"@id\":\"https:\\\/\\\/www.meydan.tv\\\/az\\\/#organization\"},\"potentialAction\":[{\"@type\":\"SearchAction\",\"target\":{\"@type\":\"EntryPoint\",\"urlTemplate\":\"https:\\\/\\\/www.meydan.tv\\\/az\\\/?s={search_term_string}\"},\"query-input\":{\"@type\":\"PropertyValueSpecification\",\"valueRequired\":true,\"valueName\":\"search_term_string\"}}],\"inLanguage\":\"az\"},{\"@type\":\"Organization\",\"@id\":\"https:\\\/\\\/www.meydan.tv\\\/az\\\/#organization\",\"name\":\"Meydan TV\",\"url\":\"https:\\\/\\\/www.meydan.tv\\\/az\\\/\",\"logo\":{\"@type\":\"ImageObject\",\"inLanguage\":\"az\",\"@id\":\"https:\\\/\\\/www.meydan.tv\\\/az\\\/#\\\/schema\\\/logo\\\/image\\\/\",\"url\":\"https:\\\/\\\/www.meydan.tv\\\/wp-content\\\/uploads\\\/2021\\\/07\\\/meydan-logo.svg\",\"contentUrl\":\"https:\\\/\\\/www.meydan.tv\\\/wp-content\\\/uploads\\\/2021\\\/07\\\/meydan-logo.svg\",\"width\":195,\"height\":46,\"caption\":\"Meydan TV\"},\"image\":{\"@id\":\"https:\\\/\\\/www.meydan.tv\\\/az\\\/#\\\/schema\\\/logo\\\/image\\\/\"}},{\"@type\":\"Person\",\"@id\":\"https:\\\/\\\/www.meydan.tv\\\/az\\\/#\\\/schema\\\/person\\\/10d11eccf6da3662cf5fdab9806ea91a\",\"name\":\"user-manager\"}]}<\/script>\n<!-- \/ Yoast SEO plugin. -->","yoast_head_json":{"title":"40 illik qada\u011fadan sonra iranl\u0131 qad\u0131nlar stadiona burax\u0131ld\u0131 - MEYDAN.TV","robots":{"index":"index","follow":"follow","max-snippet":"max-snippet:-1","max-image-preview":"max-image-preview:large","max-video-preview":"max-video-preview:-1"},"canonical":"https:\/\/www.meydan.tv\/az\/article\/40-illik-qadagadan-sonra-iranli-qadinlar-stadiona-buraxildi\/","og_locale":"az_AZ","og_type":"article","og_title":"40 illik qada\u011fadan sonra iranl\u0131 qad\u0131nlar stadiona burax\u0131ld\u0131 - MEYDAN.TV","og_description":"Qad\u0131n azarke\u015fl\u0259r \u0130ran millisinin oyununu izl\u0259yib","og_url":"https:\/\/www.meydan.tv\/az\/article\/40-illik-qadagadan-sonra-iranli-qadinlar-stadiona-buraxildi\/","og_site_name":"MEYDAN.TV","article_published_time":"2019-10-10T21:25:09+00:00","og_image":[{"width":1000,"height":555,"url":"https:\/\/www.meydan.tv\/wp-content\/uploads\/untitled_design_1_hvmpjjk.png","type":"image\/png"}],"author":"user-manager","twitter_card":"summary_large_image","schema":{"@context":"https:\/\/schema.org","@graph":[{"@type":"Article","@id":"https:\/\/www.meydan.tv\/az\/article\/40-illik-qadagadan-sonra-iranli-qadinlar-stadiona-buraxildi\/#article","isPartOf":{"@id":"https:\/\/www.meydan.tv\/az\/article\/40-illik-qadagadan-sonra-iranli-qadinlar-stadiona-buraxildi\/"},"author":{"name":"user-manager","@id":"https:\/\/www.meydan.tv\/az\/#\/schema\/person\/10d11eccf6da3662cf5fdab9806ea91a"},"headline":"40 illik qada\u011fadan sonra iranl\u0131 qad\u0131nlar stadiona burax\u0131ld\u0131","datePublished":"2019-10-10T21:25:09+00:00","mainEntityOfPage":{"@id":"https:\/\/www.meydan.tv\/az\/article\/40-illik-qadagadan-sonra-iranli-qadinlar-stadiona-buraxildi\/"},"wordCount":187,"publisher":{"@id":"https:\/\/www.meydan.tv\/az\/#organization"},"image":{"@id":"https:\/\/www.meydan.tv\/az\/article\/40-illik-qadagadan-sonra-iranli-qadinlar-stadiona-buraxildi\/#primaryimage"},"thumbnailUrl":"https:\/\/www.meydan.tv\/wp-content\/uploads\/untitled_design_1_hvmpjjk.png","articleSection":["D\u00fcnya"],"inLanguage":"az"},{"@type":"WebPage","@id":"https:\/\/www.meydan.tv\/az\/article\/40-illik-qadagadan-sonra-iranli-qadinlar-stadiona-buraxildi\/","url":"https:\/\/www.meydan.tv\/az\/article\/40-illik-qadagadan-sonra-iranli-qadinlar-stadiona-buraxildi\/","name":"40 illik qada\u011fadan sonra iranl\u0131 qad\u0131nlar stadiona burax\u0131ld\u0131 - MEYDAN.TV","isPartOf":{"@id":"https:\/\/www.meydan.tv\/az\/#website"},"primaryImageOfPage":{"@id":"https:\/\/www.meydan.tv\/az\/article\/40-illik-qadagadan-sonra-iranli-qadinlar-stadiona-buraxildi\/#primaryimage"},"image":{"@id":"https:\/\/www.meydan.tv\/az\/article\/40-illik-qadagadan-sonra-iranli-qadinlar-stadiona-buraxildi\/#primaryimage"},"thumbnailUrl":"https:\/\/www.meydan.tv\/wp-content\/uploads\/untitled_design_1_hvmpjjk.png","datePublished":"2019-10-10T21:25:09+00:00","breadcrumb":{"@id":"https:\/\/www.meydan.tv\/az\/article\/40-illik-qadagadan-sonra-iranli-qadinlar-stadiona-buraxildi\/#breadcrumb"},"inLanguage":"az","potentialAction":[{"@type":"ReadAction","target":["https:\/\/www.meydan.tv\/az\/article\/40-illik-qadagadan-sonra-iranli-qadinlar-stadiona-buraxildi\/"]}]},{"@type":"ImageObject","inLanguage":"az","@id":"https:\/\/www.meydan.tv\/az\/article\/40-illik-qadagadan-sonra-iranli-qadinlar-stadiona-buraxildi\/#primaryimage","url":"https:\/\/www.meydan.tv\/wp-content\/uploads\/untitled_design_1_hvmpjjk.png","contentUrl":"https:\/\/www.meydan.tv\/wp-content\/uploads\/untitled_design_1_hvmpjjk.png","width":1000,"height":555,"caption":"Source: Meydan TV"},{"@type":"BreadcrumbList","@id":"https:\/\/www.meydan.tv\/az\/article\/40-illik-qadagadan-sonra-iranli-qadinlar-stadiona-buraxildi\/#breadcrumb","itemListElement":[{"@type":"ListItem","position":1,"name":"Ana s\u0259hif\u0259","item":"https:\/\/www.meydan.tv\/az\/"},{"@type":"ListItem","position":2,"name":"D\u00fcnya","item":"https:\/\/www.meydan.tv\/az\/section\/dunya\/"},{"@type":"ListItem","position":3,"name":"40 illik qada\u011fadan sonra iranl\u0131 qad\u0131nlar stadiona burax\u0131ld\u0131"}]},{"@type":"WebSite","@id":"https:\/\/www.meydan.tv\/az\/#website","url":"https:\/\/www.meydan.tv\/az\/","name":"MEYDAN.TV","description":"Meydan TV Az\u0259rbaycan\u0131n media m\u0259kan\u0131ndak\u0131 alternativ s\u0259sidir","publisher":{"@id":"https:\/\/www.meydan.tv\/az\/#organization"},"potentialAction":[{"@type":"SearchAction","target":{"@type":"EntryPoint","urlTemplate":"https:\/\/www.meydan.tv\/az\/?s={search_term_string}"},"query-input":{"@type":"PropertyValueSpecification","valueRequired":true,"valueName":"search_term_string"}}],"inLanguage":"az"},{"@type":"Organization","@id":"https:\/\/www.meydan.tv\/az\/#organization","name":"Meydan TV","url":"https:\/\/www.meydan.tv\/az\/","logo":{"@type":"ImageObject","inLanguage":"az","@id":"https:\/\/www.meydan.tv\/az\/#\/schema\/logo\/image\/","url":"https:\/\/www.meydan.tv\/wp-content\/uploads\/2021\/07\/meydan-logo.svg","contentUrl":"https:\/\/www.meydan.tv\/wp-content\/uploads\/2021\/07\/meydan-logo.svg","width":195,"height":46,"caption":"Meydan TV"},"image":{"@id":"https:\/\/www.meydan.tv\/az\/#\/schema\/logo\/image\/"}},{"@type":"Person","@id":"https:\/\/www.meydan.tv\/az\/#\/schema\/person\/10d11eccf6da3662cf5fdab9806ea91a","name":"user-manager"}]}},"_links":{"self":[{"href":"https:\/\/www.meydan.tv\/az\/wp-json\/wp\/v2\/posts\/197399","targetHints":{"allow":["GET"]}}],"collection":[{"href":"https:\/\/www.meydan.tv\/az\/wp-json\/wp\/v2\/posts"}],"about":[{"href":"https:\/\/www.meydan.tv\/az\/wp-json\/wp\/v2\/types\/post"}],"author":[{"embeddable":true,"href":"https:\/\/www.meydan.tv\/az\/wp-json\/wp\/v2\/users\/11"}],"replies":[{"embeddable":true,"href":"https:\/\/www.meydan.tv\/az\/wp-json\/wp\/v2\/comments?post=197399"}],"version-history":[{"count":0,"href":"https:\/\/www.meydan.tv\/az\/wp-json\/wp\/v2\/posts\/197399\/revisions"}],"wp:featuredmedia":[{"embeddable":true,"href":"https:\/\/www.meydan.tv\/az\/wp-json\/wp\/v2\/media\/131130"}],"wp:attachment":[{"href":"https:\/\/www.meydan.tv\/az\/wp-json\/wp\/v2\/media?parent=197399"}],"wp:term":[{"taxonomy":"category","embeddable":true,"href":"https:\/\/www.meydan.tv\/az\/wp-json\/wp\/v2\/categories?post=197399"},{"taxonomy":"post_tag","embeddable":true,"href":"https:\/\/www.meydan.tv\/az\/wp-json\/wp\/v2\/tags?post=197399"}],"curies":[{"name":"wp","href":"https:\/\/api.w.org\/{rel}","templated":true}]}}