{"id":197391,"date":"2019-10-10T13:55:50","date_gmt":"2019-10-10T13:55:50","guid":{"rendered":"https:\/\/www.meydan.tv\/article\/saman-ovu-rusiyada-putini-qovacagini-ved-eden-adamin-terefdarlarina-tezyiq-davam-edir\/"},"modified":"2019-10-10T13:55:50","modified_gmt":"2019-10-10T13:55:50","slug":"saman-ovu-rusiyada-putini-qovacagini-ved-eden-adamin-terefdarlarina-tezyiq-davam-edir","status":"publish","type":"post","link":"https:\/\/www.meydan.tv\/az\/article\/saman-ovu-rusiyada-putini-qovacagini-ved-eden-adamin-terefdarlarina-tezyiq-davam-edir\/","title":{"rendered":"\u015eaman ovu: Rusiyada \u201cPutini qovaca\u011f\u0131n\u0131\u201d v\u0259d ed\u0259n adam\u0131n t\u0259r\u0259fdarlar\u0131na t\u0259zyiq davam edir"},"content":{"rendered":"<p>\n  <a href=\"https:\/\/www.novayagazeta.ru\/articles\/2019\/09\/21\/82062-po-kom-gremit-buben\"><br \/>\n    \u201cNovaya qazeta\u201d<br \/>\n  <\/a><br \/>\n  n\u0131n materiallar\u0131 \u0259sas\u0131nda\n<\/p>\n<p>\n  <b><br \/>\n    T\u0259zyiq \u00f6z\u00fcn\u00fc n\u0259d\u0259 g\u00f6st\u0259rir<br \/>\n  <\/b>\n<\/p>\n<p>\n  \u00d6z\u00fcn\u00fc a\u011f maq adland\u0131ran, Rusiyan\u0131 prezident Putinin \u201ciblisan\u0259 hakimiyy\u0259tind\u0259n\u201d xilas etm\u0259y\u0259 s\u00f6z vermi\u015f adam art\u0131q ne\u00e7\u0259 g\u00fcnd\u00fcr ki, ev h\u0259bsind\u0259dir. G\u00f6r\u00fcnd\u00fcy\u00fc kimi, onun t\u0259r\u0259fdarlar\u0131na t\u0259zyiq davam edir: bu d\u0259f\u0259 Sibirin \u0130rkutsk \u015f\u0259h\u0259rind\u0259 d\u00f6rd adam saxlan\u0131l\u0131b. H\u0259r\u00e7\u0259nd onlar\u0131 tezlikl\u0259 azad edibl\u0259r. Bu bir ay \u0259rzind\u0259 \u00f6z\u00fcn\u00fc \u015faman adland\u0131ran Aleksandr Qab\u0131\u015fevin ad\u0131 il\u0259 ba\u011fl\u0131 \u00fc\u00e7\u00fcnc\u00fc saxlanmad\u0131r.\n<\/p>\n<p>\n  Magiyan\u0131n k\u00f6m\u0259yi il\u0259 \u201cPutini qovma\u011f\u0131\u201d v\u0259d ed\u0259n \u015faman\u0131 sentyabr\u0131n 19-na ke\u00e7\u0259n gec\u0259<br \/>\n  <a href=\"https:\/\/www.novayagazeta.ru\/news\/2019\/09\/19\/155436-na-granitse-buryatii-i-irkutskoy-oblasti-zaderzhali-yakutskogo-shamana-iduschego-izgonyat-putina\"><br \/>\n    saxlay\u0131blar<br \/>\n  <\/a><br \/>\n  .<br \/>\n  <a href=\"https:\/\/www.novayagazeta.ru\/news\/2019\/09\/19\/155436-na-granitse-buryatii-i-irkutskoy-oblasti-zaderzhali-yakutskogo-shamana-iduschego-izgonyat-putina\"><\/a>\n<\/p>\n<p>\n  \u015eaman\u0131 Yakutska t\u0259yyar\u0259 il\u0259 qaytar\u0131blar v\u0259 bu \u015f\u0259h\u0259rd\u0259 psixiatriya x\u0259st\u0259xanas\u0131na \u201c\u00e7atd\u0131r\u0131blar\u201d, h\u0259r\u00e7\u0259nd h\u00fcquq m\u00fcdafi\u0259\u00e7il\u0259ri onu orda tapa bilm\u0259yibl\u0259r.\n<\/p>\n<p>\n  H\u0259l\u0259 \u0259vv\u0259ll\u0259r, sentyabr ay\u0131nda \u015faman\u0131n t\u0259r\u0259fdarlar\u0131n\u0131 Buryatiyada saxlay\u0131blar. Bu, orada yerli \u0259halinin etiraz\u0131na s\u0259b\u0259b olub: sentyabr\u0131n 9-da bu respublikan\u0131n m\u0259rk\u0259zi \u015f\u0259h\u0259ri Ulan-Uded\u0259 saxlan\u0131lanlar\u0131n burax\u0131lmas\u0131 il\u0259 ba\u011fl\u0131 rezonans do\u011furan<br \/>\n  <a href=\"https:\/\/www.novayagazeta.ru\/news\/2019\/09\/09\/155165-v-ulan-ude-proshel-stihiynyy-miting-s-trebovaniem-otmenit-rezultaty-vyborov-mera-i-osvobodit-zaderzhannyh-storonnikov-yakutskogo-shamana\"><br \/>\n    aksiyalar ke\u00e7irilib<br \/>\n  <\/a><br \/>\n  .\n<\/p>\n<p>\n  <b><br \/>\n    \u015eaman haqq\u0131nda n\u0259 m\u0259lumdur<br \/>\n  <\/b>\n<\/p>\n<p>\n  \u00d6z\u00fcn\u00fc \u015faman adland\u0131ran Aleksandr Qab\u0131\u015fev Yakutiya (bu, Rusiyan\u0131n uzaq \u015eimal\u0131d\u0131r) sakinidir. O, sentyabr\u0131n 19-da saxlan\u0131lanad\u0259k art\u0131q yar\u0131m ildir ki, Sibir magistral yolu boyu piyada gedib. Qab\u0131\u015fev 2021-ci ild\u0259 Moskvaya \u00e7atma\u011f\u0131 v\u0259 Rusiyan\u0131 indiki prezidentind\u0259n xilas etm\u0259yi v\u0259d edir. \u015eaman Putini qara q\u00fcvv\u0259l\u0259rin t\u00f6r\u0259m\u0259si adland\u0131r\u0131r.\n<\/p>\n<p>\n  Qab\u0131\u015fevin 51 ya\u015f\u0131 var, ali humanitar t\u0259hsil al\u0131b, amma ixtisas\u0131 \u00fczr\u0259 he\u00e7 vaxt i\u015fl\u0259m\u0259yib. Martda ba\u015flayan y\u00fcr\u00fc\u015f\u00fcn\u0259 q\u0259d\u0259r s\u00fcp\u00fcrg\u0259\u00e7i, daha \u0259vv\u0259ls\u0259 qaynaq\u00e7\u0131 i\u015fl\u0259yib.\n<\/p>\n<p>\n  \u201cDemokratiya qorxusuz olmal\u0131d\u0131r. \u0130ndi adamlar dan\u0131\u015fma\u011fa qorxurlar, onlar i\u015fsiz, maa\u015fs\u0131z qalacaqlar\u0131ndan \u00e7\u0259kinirl\u0259r. \u00c7\u00fcnki bizim d\u00f6vl\u0259t g\u00fcc\u00fcm\u00fcz \u00f6zba\u015f\u0131na, iblisan\u0259dir. Xalq s\u00fcni \u015f\u0259kild\u0259 depressiyaya sal\u0131n\u0131b. T\u0259bib t\u0259bii depressiyan\u0131 birn\u0259f\u0259s\u0259 sa\u011falda bil\u0259r, s\u00fcnisinin \u00f6hd\u0259sind\u0259n is\u0259 t\u0259kc\u0259 cadug\u0259rlik g\u0259l\u0259r. Cadug\u0259r \u00f6z qorxu ill\u00fcziyas\u0131n\u0131, depressiyas\u0131n\u0131 b\u00fct\u00fcn \u00f6lk\u0259y\u0259 yay\u0131b, amma m\u0259nim kimi a\u011f cadug\u0259r bu \u015feytan \u0259m\u0259linin \u00f6hd\u0259sind\u0259n g\u0259l\u0259 bil\u0259r. Burda siyas\u0259t\u00e7i g\u00fccs\u00fczd\u00fcr, cadug\u0259rliyi cadug\u0259rlikl\u0259 aradan qald\u0131rmaq olar\u201d, \u2013 Aleksandr \u201cAzadl\u0131q\u201d radiosuna<br \/>\n  <a href=\"https:\/\/www.sibreal.org\/a\/30031688.html\"><br \/>\n    reportaj\u0131nda<br \/>\n  <\/a><br \/>\n  \u00f6z bax\u0131\u015flar\u0131n\u0131 b\u00f6l\u00fc\u015f\u00fcb.\n<\/p>\n<p>\n  <b><br \/>\n    Onun t\u0259r\u0259fdarlar\u0131 \u00e7oxdurmu<br \/>\n  <\/b>\n<\/p>\n<p>\n  Qab\u0131\u015fev haz\u0131rda 2 min kilometrd\u0259n \u00e7ox yol q\u0259t edib. O, yolda moiz\u0259l\u0259r oxuyub v\u0259 yerli sakinl\u0259rl\u0259, yoldan ke\u00e7\u0259n ma\u015f\u0131nlar\u0131n s\u00fcr\u00fcc\u00fcl\u0259ri il\u0259 f\u0259al \u015f\u0259kild\u0259 \u00fcnsiyy\u0259t qurub. Qab\u0131\u015fevin mar\u015frutu boyu bir ne\u00e7\u0259 mitinq ke\u00e7ib ki, yerli<br \/>\n  <a href=\"https:\/\/www.chita.ru\/news\/132439\/\"><br \/>\n    K\u0130V<br \/>\n  <\/a><br \/>\n  onlar\u0131 k\u00fctl\u0259vi adland\u0131r\u0131b.\n<\/p>\n<p>\n  Qab\u0131\u015fevin yolda g\u00f6r\u00fc\u015fd\u00fckl\u0259ri adamlar\u0131n \u00e7\u0259kdikl\u0259ri<br \/>\n  <a href=\"https:\/\/www.youtube.com\/watch?time_continue=17&amp;v=mJRT1RkF5cw\"><br \/>\n    video\u00e7arxlar<br \/>\n  <\/a><br \/>\n  g\u00fcn\u00fc-g\u00fcnd\u0259n daha \u00e7ox bax\u0131l\u0131r.\n<\/p>\n<p>\n  \u015eamanla g\u00f6r\u00fc\u015f\u0259n jurnalistl\u0259r v\u0259 blogerl\u0259r deyirl\u0259r ki, Qab\u0131\u015fev g\u00fcn \u0259rzind\u0259 onu yol k\u0259nar\u0131nda getdiyini g\u00f6r\u00fcb ma\u015f\u0131nlar\u0131n\u0131 saxlayan onlarla s\u00fcr\u00fcc\u00fc il\u0259 \u00fcnsiyy\u0259t qurub. Bu g\u00f6r\u00fc\u015fl\u0259r Moskva istiqam\u0259tind\u0259 ged\u0259n n\u0259qliyyat\u0131n s\u00fcr\u0259tini xeyli azald\u0131b.\n<\/p>\n<p>\n  <b><br \/>\n    Qab\u0131\u015fev\u0131 n\u0259 g\u00f6zl\u0259yir<br \/>\n  <\/b>\n<\/p>\n<p>\n  Hakimiyy\u0259t Qab\u0131\u015fevi ekstremist \u00e7a\u011f\u0131r\u0131\u015flarda g\u00fcnahland\u0131r\u0131r. \u201cRusiya Federasiyas\u0131n\u0131n prezidenti V.V.Putin\u0259 m\u00fcnasib\u0259td\u0259 zorak\u0131 h\u0259r\u0259k\u0259tl\u0259r\u0259 a\u00e7\u0131q \u00e7a\u011f\u0131r\u0131\u015f\u201da g\u00f6r\u0259, \u2013 ekspertiza \u015faman\u0131n s\u00f6zl\u0259rind\u0259 bunu a\u015fkarlay\u0131b, \u2013 Qab\u0131\u015fevi c\u0259rim\u0259, icbari i\u015f, ya d\u00f6rd il h\u0259bs c\u0259zas\u0131 g\u00f6zl\u0259yir.<\/p>\n","protected":false},"excerpt":{"rendered":"<p>Qab\u0131\u015fevin 51 ya\u015f\u0131 var, ali humanitar t\u0259hsil al\u0131b, amma ixtisas\u0131 \u00fczr\u0259 he\u00e7 vaxt i\u015fl\u0259m\u0259yib. Martda ba\u015flayan y\u00fcr\u00fc\u015f\u00fcn\u0259 q\u0259d\u0259r s\u00fcp\u00fcrg\u0259\u00e7i, daha \u0259vv\u0259ls\u0259 qaynaq\u00e7\u0131 i\u015fl\u0259yib.<\/p>\n","protected":false},"author":11,"featured_media":130126,"comment_status":"closed","ping_status":"open","sticky":false,"template":"","format":"standard","meta":{"_acf_changed":false,"_sitemap_exclude":false,"_sitemap_priority":"","_sitemap_frequency":"","footnotes":""},"categories":[64],"tags":[],"class_list":["post-197391","post","type-post","status-publish","format-standard","has-post-thumbnail","hentry","category-dunya","infinite-scroll-item","generate-columns","tablet-grid-50","mobile-grid-100","grid-parent","grid-33","no-featured-image-padding"],"acf":[],"yoast_head":"<!-- This site is optimized with the Yoast SEO plugin v27.5 - https:\/\/yoast.com\/product\/yoast-seo-wordpress\/ -->\n<title>\u015eaman ovu: Rusiyada \u201cPutini qovaca\u011f\u0131n\u0131\u201d v\u0259d ed\u0259n adam\u0131n t\u0259r\u0259fdarlar\u0131na t\u0259zyiq davam edir - MEYDAN.TV<\/title>\n<meta name=\"robots\" content=\"index, follow, max-snippet:-1, max-image-preview:large, max-video-preview:-1\" \/>\n<link rel=\"canonical\" href=\"https:\/\/www.meydan.tv\/az\/article\/saman-ovu-rusiyada-putini-qovacagini-ved-eden-adamin-terefdarlarina-tezyiq-davam-edir\/\" \/>\n<meta property=\"og:locale\" content=\"az_AZ\" \/>\n<meta property=\"og:type\" content=\"article\" \/>\n<meta property=\"og:title\" content=\"\u015eaman ovu: Rusiyada \u201cPutini qovaca\u011f\u0131n\u0131\u201d v\u0259d ed\u0259n adam\u0131n t\u0259r\u0259fdarlar\u0131na t\u0259zyiq davam edir - MEYDAN.TV\" \/>\n<meta property=\"og:description\" content=\"Qab\u0131\u015fevin 51 ya\u015f\u0131 var, ali humanitar t\u0259hsil al\u0131b, amma ixtisas\u0131 \u00fczr\u0259 he\u00e7 vaxt i\u015fl\u0259m\u0259yib. Martda ba\u015flayan y\u00fcr\u00fc\u015f\u00fcn\u0259 q\u0259d\u0259r s\u00fcp\u00fcrg\u0259\u00e7i, daha \u0259vv\u0259ls\u0259 qaynaq\u00e7\u0131 i\u015fl\u0259yib.\" \/>\n<meta property=\"og:url\" content=\"https:\/\/www.meydan.tv\/az\/article\/saman-ovu-rusiyada-putini-qovacagini-ved-eden-adamin-terefdarlarina-tezyiq-davam-edir\/\" \/>\n<meta property=\"og:site_name\" content=\"MEYDAN.TV\" \/>\n<meta property=\"article:published_time\" content=\"2019-10-10T13:55:50+00:00\" \/>\n<meta property=\"og:image\" content=\"https:\/\/www.meydan.tv\/wp-content\/uploads\/thumb.jpg\" \/>\n\t<meta property=\"og:image:width\" content=\"720\" \/>\n\t<meta property=\"og:image:height\" content=\"480\" \/>\n\t<meta property=\"og:image:type\" content=\"image\/jpeg\" \/>\n<meta name=\"author\" content=\"user-manager\" \/>\n<meta name=\"twitter:card\" content=\"summary_large_image\" \/>\n<script type=\"application\/ld+json\" class=\"yoast-schema-graph\">{\"@context\":\"https:\\\/\\\/schema.org\",\"@graph\":[{\"@type\":\"Article\",\"@id\":\"https:\\\/\\\/www.meydan.tv\\\/az\\\/article\\\/saman-ovu-rusiyada-putini-qovacagini-ved-eden-adamin-terefdarlarina-tezyiq-davam-edir\\\/#article\",\"isPartOf\":{\"@id\":\"https:\\\/\\\/www.meydan.tv\\\/az\\\/article\\\/saman-ovu-rusiyada-putini-qovacagini-ved-eden-adamin-terefdarlarina-tezyiq-davam-edir\\\/\"},\"author\":{\"name\":\"user-manager\",\"@id\":\"https:\\\/\\\/www.meydan.tv\\\/az\\\/#\\\/schema\\\/person\\\/10d11eccf6da3662cf5fdab9806ea91a\"},\"headline\":\"\u015eaman ovu: Rusiyada \u201cPutini qovaca\u011f\u0131n\u0131\u201d v\u0259d ed\u0259n adam\u0131n t\u0259r\u0259fdarlar\u0131na t\u0259zyiq davam edir\",\"datePublished\":\"2019-10-10T13:55:50+00:00\",\"mainEntityOfPage\":{\"@id\":\"https:\\\/\\\/www.meydan.tv\\\/az\\\/article\\\/saman-ovu-rusiyada-putini-qovacagini-ved-eden-adamin-terefdarlarina-tezyiq-davam-edir\\\/\"},\"wordCount\":687,\"publisher\":{\"@id\":\"https:\\\/\\\/www.meydan.tv\\\/az\\\/#organization\"},\"image\":{\"@id\":\"https:\\\/\\\/www.meydan.tv\\\/az\\\/article\\\/saman-ovu-rusiyada-putini-qovacagini-ved-eden-adamin-terefdarlarina-tezyiq-davam-edir\\\/#primaryimage\"},\"thumbnailUrl\":\"https:\\\/\\\/www.meydan.tv\\\/wp-content\\\/uploads\\\/thumb.jpg\",\"articleSection\":[\"D\u00fcnya\"],\"inLanguage\":\"az\"},{\"@type\":\"WebPage\",\"@id\":\"https:\\\/\\\/www.meydan.tv\\\/az\\\/article\\\/saman-ovu-rusiyada-putini-qovacagini-ved-eden-adamin-terefdarlarina-tezyiq-davam-edir\\\/\",\"url\":\"https:\\\/\\\/www.meydan.tv\\\/az\\\/article\\\/saman-ovu-rusiyada-putini-qovacagini-ved-eden-adamin-terefdarlarina-tezyiq-davam-edir\\\/\",\"name\":\"\u015eaman ovu: Rusiyada \u201cPutini qovaca\u011f\u0131n\u0131\u201d v\u0259d ed\u0259n adam\u0131n t\u0259r\u0259fdarlar\u0131na t\u0259zyiq davam edir - MEYDAN.TV\",\"isPartOf\":{\"@id\":\"https:\\\/\\\/www.meydan.tv\\\/az\\\/#website\"},\"primaryImageOfPage\":{\"@id\":\"https:\\\/\\\/www.meydan.tv\\\/az\\\/article\\\/saman-ovu-rusiyada-putini-qovacagini-ved-eden-adamin-terefdarlarina-tezyiq-davam-edir\\\/#primaryimage\"},\"image\":{\"@id\":\"https:\\\/\\\/www.meydan.tv\\\/az\\\/article\\\/saman-ovu-rusiyada-putini-qovacagini-ved-eden-adamin-terefdarlarina-tezyiq-davam-edir\\\/#primaryimage\"},\"thumbnailUrl\":\"https:\\\/\\\/www.meydan.tv\\\/wp-content\\\/uploads\\\/thumb.jpg\",\"datePublished\":\"2019-10-10T13:55:50+00:00\",\"breadcrumb\":{\"@id\":\"https:\\\/\\\/www.meydan.tv\\\/az\\\/article\\\/saman-ovu-rusiyada-putini-qovacagini-ved-eden-adamin-terefdarlarina-tezyiq-davam-edir\\\/#breadcrumb\"},\"inLanguage\":\"az\",\"potentialAction\":[{\"@type\":\"ReadAction\",\"target\":[\"https:\\\/\\\/www.meydan.tv\\\/az\\\/article\\\/saman-ovu-rusiyada-putini-qovacagini-ved-eden-adamin-terefdarlarina-tezyiq-davam-edir\\\/\"]}]},{\"@type\":\"ImageObject\",\"inLanguage\":\"az\",\"@id\":\"https:\\\/\\\/www.meydan.tv\\\/az\\\/article\\\/saman-ovu-rusiyada-putini-qovacagini-ved-eden-adamin-terefdarlarina-tezyiq-davam-edir\\\/#primaryimage\",\"url\":\"https:\\\/\\\/www.meydan.tv\\\/wp-content\\\/uploads\\\/thumb.jpg\",\"contentUrl\":\"https:\\\/\\\/www.meydan.tv\\\/wp-content\\\/uploads\\\/thumb.jpg\",\"width\":720,\"height\":480,\"caption\":\"Source: vk.com\\\/shamanidet\"},{\"@type\":\"BreadcrumbList\",\"@id\":\"https:\\\/\\\/www.meydan.tv\\\/az\\\/article\\\/saman-ovu-rusiyada-putini-qovacagini-ved-eden-adamin-terefdarlarina-tezyiq-davam-edir\\\/#breadcrumb\",\"itemListElement\":[{\"@type\":\"ListItem\",\"position\":1,\"name\":\"Ana s\u0259hif\u0259\",\"item\":\"https:\\\/\\\/www.meydan.tv\\\/az\\\/\"},{\"@type\":\"ListItem\",\"position\":2,\"name\":\"D\u00fcnya\",\"item\":\"https:\\\/\\\/www.meydan.tv\\\/az\\\/section\\\/dunya\\\/\"},{\"@type\":\"ListItem\",\"position\":3,\"name\":\"\u015eaman ovu: Rusiyada \u201cPutini qovaca\u011f\u0131n\u0131\u201d v\u0259d ed\u0259n adam\u0131n t\u0259r\u0259fdarlar\u0131na t\u0259zyiq davam edir\"}]},{\"@type\":\"WebSite\",\"@id\":\"https:\\\/\\\/www.meydan.tv\\\/az\\\/#website\",\"url\":\"https:\\\/\\\/www.meydan.tv\\\/az\\\/\",\"name\":\"MEYDAN.TV\",\"description\":\"Meydan TV Az\u0259rbaycan\u0131n media m\u0259kan\u0131ndak\u0131 alternativ s\u0259sidir\",\"publisher\":{\"@id\":\"https:\\\/\\\/www.meydan.tv\\\/az\\\/#organization\"},\"potentialAction\":[{\"@type\":\"SearchAction\",\"target\":{\"@type\":\"EntryPoint\",\"urlTemplate\":\"https:\\\/\\\/www.meydan.tv\\\/az\\\/?s={search_term_string}\"},\"query-input\":{\"@type\":\"PropertyValueSpecification\",\"valueRequired\":true,\"valueName\":\"search_term_string\"}}],\"inLanguage\":\"az\"},{\"@type\":\"Organization\",\"@id\":\"https:\\\/\\\/www.meydan.tv\\\/az\\\/#organization\",\"name\":\"Meydan TV\",\"url\":\"https:\\\/\\\/www.meydan.tv\\\/az\\\/\",\"logo\":{\"@type\":\"ImageObject\",\"inLanguage\":\"az\",\"@id\":\"https:\\\/\\\/www.meydan.tv\\\/az\\\/#\\\/schema\\\/logo\\\/image\\\/\",\"url\":\"https:\\\/\\\/www.meydan.tv\\\/wp-content\\\/uploads\\\/2021\\\/07\\\/meydan-logo.svg\",\"contentUrl\":\"https:\\\/\\\/www.meydan.tv\\\/wp-content\\\/uploads\\\/2021\\\/07\\\/meydan-logo.svg\",\"width\":195,\"height\":46,\"caption\":\"Meydan TV\"},\"image\":{\"@id\":\"https:\\\/\\\/www.meydan.tv\\\/az\\\/#\\\/schema\\\/logo\\\/image\\\/\"}},{\"@type\":\"Person\",\"@id\":\"https:\\\/\\\/www.meydan.tv\\\/az\\\/#\\\/schema\\\/person\\\/10d11eccf6da3662cf5fdab9806ea91a\",\"name\":\"user-manager\"}]}<\/script>\n<!-- \/ Yoast SEO plugin. -->","yoast_head_json":{"title":"\u015eaman ovu: Rusiyada \u201cPutini qovaca\u011f\u0131n\u0131\u201d v\u0259d ed\u0259n adam\u0131n t\u0259r\u0259fdarlar\u0131na t\u0259zyiq davam edir - MEYDAN.TV","robots":{"index":"index","follow":"follow","max-snippet":"max-snippet:-1","max-image-preview":"max-image-preview:large","max-video-preview":"max-video-preview:-1"},"canonical":"https:\/\/www.meydan.tv\/az\/article\/saman-ovu-rusiyada-putini-qovacagini-ved-eden-adamin-terefdarlarina-tezyiq-davam-edir\/","og_locale":"az_AZ","og_type":"article","og_title":"\u015eaman ovu: Rusiyada \u201cPutini qovaca\u011f\u0131n\u0131\u201d v\u0259d ed\u0259n adam\u0131n t\u0259r\u0259fdarlar\u0131na t\u0259zyiq davam edir - MEYDAN.TV","og_description":"Qab\u0131\u015fevin 51 ya\u015f\u0131 var, ali humanitar t\u0259hsil al\u0131b, amma ixtisas\u0131 \u00fczr\u0259 he\u00e7 vaxt i\u015fl\u0259m\u0259yib. Martda ba\u015flayan y\u00fcr\u00fc\u015f\u00fcn\u0259 q\u0259d\u0259r s\u00fcp\u00fcrg\u0259\u00e7i, daha \u0259vv\u0259ls\u0259 qaynaq\u00e7\u0131 i\u015fl\u0259yib.","og_url":"https:\/\/www.meydan.tv\/az\/article\/saman-ovu-rusiyada-putini-qovacagini-ved-eden-adamin-terefdarlarina-tezyiq-davam-edir\/","og_site_name":"MEYDAN.TV","article_published_time":"2019-10-10T13:55:50+00:00","og_image":[{"width":720,"height":480,"url":"https:\/\/www.meydan.tv\/wp-content\/uploads\/thumb.jpg","type":"image\/jpeg"}],"author":"user-manager","twitter_card":"summary_large_image","schema":{"@context":"https:\/\/schema.org","@graph":[{"@type":"Article","@id":"https:\/\/www.meydan.tv\/az\/article\/saman-ovu-rusiyada-putini-qovacagini-ved-eden-adamin-terefdarlarina-tezyiq-davam-edir\/#article","isPartOf":{"@id":"https:\/\/www.meydan.tv\/az\/article\/saman-ovu-rusiyada-putini-qovacagini-ved-eden-adamin-terefdarlarina-tezyiq-davam-edir\/"},"author":{"name":"user-manager","@id":"https:\/\/www.meydan.tv\/az\/#\/schema\/person\/10d11eccf6da3662cf5fdab9806ea91a"},"headline":"\u015eaman ovu: Rusiyada \u201cPutini qovaca\u011f\u0131n\u0131\u201d v\u0259d ed\u0259n adam\u0131n t\u0259r\u0259fdarlar\u0131na t\u0259zyiq davam edir","datePublished":"2019-10-10T13:55:50+00:00","mainEntityOfPage":{"@id":"https:\/\/www.meydan.tv\/az\/article\/saman-ovu-rusiyada-putini-qovacagini-ved-eden-adamin-terefdarlarina-tezyiq-davam-edir\/"},"wordCount":687,"publisher":{"@id":"https:\/\/www.meydan.tv\/az\/#organization"},"image":{"@id":"https:\/\/www.meydan.tv\/az\/article\/saman-ovu-rusiyada-putini-qovacagini-ved-eden-adamin-terefdarlarina-tezyiq-davam-edir\/#primaryimage"},"thumbnailUrl":"https:\/\/www.meydan.tv\/wp-content\/uploads\/thumb.jpg","articleSection":["D\u00fcnya"],"inLanguage":"az"},{"@type":"WebPage","@id":"https:\/\/www.meydan.tv\/az\/article\/saman-ovu-rusiyada-putini-qovacagini-ved-eden-adamin-terefdarlarina-tezyiq-davam-edir\/","url":"https:\/\/www.meydan.tv\/az\/article\/saman-ovu-rusiyada-putini-qovacagini-ved-eden-adamin-terefdarlarina-tezyiq-davam-edir\/","name":"\u015eaman ovu: Rusiyada \u201cPutini qovaca\u011f\u0131n\u0131\u201d v\u0259d ed\u0259n adam\u0131n t\u0259r\u0259fdarlar\u0131na t\u0259zyiq davam edir - MEYDAN.TV","isPartOf":{"@id":"https:\/\/www.meydan.tv\/az\/#website"},"primaryImageOfPage":{"@id":"https:\/\/www.meydan.tv\/az\/article\/saman-ovu-rusiyada-putini-qovacagini-ved-eden-adamin-terefdarlarina-tezyiq-davam-edir\/#primaryimage"},"image":{"@id":"https:\/\/www.meydan.tv\/az\/article\/saman-ovu-rusiyada-putini-qovacagini-ved-eden-adamin-terefdarlarina-tezyiq-davam-edir\/#primaryimage"},"thumbnailUrl":"https:\/\/www.meydan.tv\/wp-content\/uploads\/thumb.jpg","datePublished":"2019-10-10T13:55:50+00:00","breadcrumb":{"@id":"https:\/\/www.meydan.tv\/az\/article\/saman-ovu-rusiyada-putini-qovacagini-ved-eden-adamin-terefdarlarina-tezyiq-davam-edir\/#breadcrumb"},"inLanguage":"az","potentialAction":[{"@type":"ReadAction","target":["https:\/\/www.meydan.tv\/az\/article\/saman-ovu-rusiyada-putini-qovacagini-ved-eden-adamin-terefdarlarina-tezyiq-davam-edir\/"]}]},{"@type":"ImageObject","inLanguage":"az","@id":"https:\/\/www.meydan.tv\/az\/article\/saman-ovu-rusiyada-putini-qovacagini-ved-eden-adamin-terefdarlarina-tezyiq-davam-edir\/#primaryimage","url":"https:\/\/www.meydan.tv\/wp-content\/uploads\/thumb.jpg","contentUrl":"https:\/\/www.meydan.tv\/wp-content\/uploads\/thumb.jpg","width":720,"height":480,"caption":"Source: vk.com\/shamanidet"},{"@type":"BreadcrumbList","@id":"https:\/\/www.meydan.tv\/az\/article\/saman-ovu-rusiyada-putini-qovacagini-ved-eden-adamin-terefdarlarina-tezyiq-davam-edir\/#breadcrumb","itemListElement":[{"@type":"ListItem","position":1,"name":"Ana s\u0259hif\u0259","item":"https:\/\/www.meydan.tv\/az\/"},{"@type":"ListItem","position":2,"name":"D\u00fcnya","item":"https:\/\/www.meydan.tv\/az\/section\/dunya\/"},{"@type":"ListItem","position":3,"name":"\u015eaman ovu: Rusiyada \u201cPutini qovaca\u011f\u0131n\u0131\u201d v\u0259d ed\u0259n adam\u0131n t\u0259r\u0259fdarlar\u0131na t\u0259zyiq davam edir"}]},{"@type":"WebSite","@id":"https:\/\/www.meydan.tv\/az\/#website","url":"https:\/\/www.meydan.tv\/az\/","name":"MEYDAN.TV","description":"Meydan TV Az\u0259rbaycan\u0131n media m\u0259kan\u0131ndak\u0131 alternativ s\u0259sidir","publisher":{"@id":"https:\/\/www.meydan.tv\/az\/#organization"},"potentialAction":[{"@type":"SearchAction","target":{"@type":"EntryPoint","urlTemplate":"https:\/\/www.meydan.tv\/az\/?s={search_term_string}"},"query-input":{"@type":"PropertyValueSpecification","valueRequired":true,"valueName":"search_term_string"}}],"inLanguage":"az"},{"@type":"Organization","@id":"https:\/\/www.meydan.tv\/az\/#organization","name":"Meydan TV","url":"https:\/\/www.meydan.tv\/az\/","logo":{"@type":"ImageObject","inLanguage":"az","@id":"https:\/\/www.meydan.tv\/az\/#\/schema\/logo\/image\/","url":"https:\/\/www.meydan.tv\/wp-content\/uploads\/2021\/07\/meydan-logo.svg","contentUrl":"https:\/\/www.meydan.tv\/wp-content\/uploads\/2021\/07\/meydan-logo.svg","width":195,"height":46,"caption":"Meydan TV"},"image":{"@id":"https:\/\/www.meydan.tv\/az\/#\/schema\/logo\/image\/"}},{"@type":"Person","@id":"https:\/\/www.meydan.tv\/az\/#\/schema\/person\/10d11eccf6da3662cf5fdab9806ea91a","name":"user-manager"}]}},"_links":{"self":[{"href":"https:\/\/www.meydan.tv\/az\/wp-json\/wp\/v2\/posts\/197391","targetHints":{"allow":["GET"]}}],"collection":[{"href":"https:\/\/www.meydan.tv\/az\/wp-json\/wp\/v2\/posts"}],"about":[{"href":"https:\/\/www.meydan.tv\/az\/wp-json\/wp\/v2\/types\/post"}],"author":[{"embeddable":true,"href":"https:\/\/www.meydan.tv\/az\/wp-json\/wp\/v2\/users\/11"}],"replies":[{"embeddable":true,"href":"https:\/\/www.meydan.tv\/az\/wp-json\/wp\/v2\/comments?post=197391"}],"version-history":[{"count":0,"href":"https:\/\/www.meydan.tv\/az\/wp-json\/wp\/v2\/posts\/197391\/revisions"}],"wp:featuredmedia":[{"embeddable":true,"href":"https:\/\/www.meydan.tv\/az\/wp-json\/wp\/v2\/media\/130126"}],"wp:attachment":[{"href":"https:\/\/www.meydan.tv\/az\/wp-json\/wp\/v2\/media?parent=197391"}],"wp:term":[{"taxonomy":"category","embeddable":true,"href":"https:\/\/www.meydan.tv\/az\/wp-json\/wp\/v2\/categories?post=197391"},{"taxonomy":"post_tag","embeddable":true,"href":"https:\/\/www.meydan.tv\/az\/wp-json\/wp\/v2\/tags?post=197391"}],"curies":[{"name":"wp","href":"https:\/\/api.w.org\/{rel}","templated":true}]}}