{"id":197388,"date":"2019-10-10T12:28:32","date_gmt":"2019-10-10T12:28:32","guid":{"rendered":"https:\/\/www.meydan.tv\/article\/goranboyda-qadinin-ata-baglayib-yerle-surudulmesi-bildirilir\/"},"modified":"2019-10-10T12:28:32","modified_gmt":"2019-10-10T12:28:32","slug":"goranboyda-qadinin-ata-baglayib-yerle-surudulmesi-bildirilir","status":"publish","type":"post","link":"https:\/\/www.meydan.tv\/az\/article\/goranboyda-qadinin-ata-baglayib-yerle-surudulmesi-bildirilir\/","title":{"rendered":"&#8220;Qad\u0131n\u0131 ata ba\u011flay\u0131b yerl\u0259 s\u00fcr\u00fcd\u00fcl\u0259r&#8221;"},"content":{"rendered":"<p>\n  <i><br \/>\n    Hadis\u0259 rayon polisi t\u0259r\u0259find\u0259n ara\u015fd\u0131r\u0131l\u0131r<br \/>\n  <\/i>\n<\/p>\n<p>\n  Goranboy rayonunda 35 ya\u015fl\u0131 Sahil\u0259 \u018fl\u0259kb\u0259rovan\u0131n qon\u015fusu il\u0259 m\u00fcbahis\u0259 z\u0259minind\u0259 ata ba\u011flad\u0131laraq, yerl\u0259 s\u00fcr\u00fcd\u00fclm\u0259si bar\u0259d\u0259 m\u0259lumat yay\u0131l\u0131b.\n<\/p>\n<p>\n  \u201c<br \/>\n  <a href=\"https:\/\/report.az\/hadise\/azerbaycanda-qadini-ata-baglayaraq-suruyubler\/\"><br \/>\n    Report<br \/>\n  <\/a><br \/>\n  \u201d sayt\u0131na rayonun \u018flirzal\u0131 k\u0259ndinin sakinl\u0259ri bildiribl\u0259r ki, qad\u0131n bir h\u0259ft\u0259 \u00f6nc\u0259 it\u0259n at\u0131n\u0131 axtar\u0131rm\u0131\u015f. At\u0131n qon\u015funun h\u0259y\u0259tind\u0259 oldu\u011funu g\u00f6r\u00fcb v\u0259 qaytar\u0131lmas\u0131n\u0131 t\u0259l\u0259b edib. Qon\u015fusu F\u00fcrduz D\u0259mirova, o\u011flu Ariz v\u0259 q\u0131z\u0131 F\u0259rid\u0259 il\u0259 birlikd\u0259 Sahil\u0259 \u018fl\u0259kb\u0259rovan\u0131 d\u00f6y\u00fcbl\u0259r.\n<\/p>\n<p>\n  \u201cOnlar S.\u018fl\u0259kb\u0259rovan\u0131 d\u00f6y\u0259r\u0259k \u0259l-aya\u011f\u0131n\u0131 k\u0259ndirl\u0259yibl\u0259r, daha sonra is\u0259 ata ba\u011flayaraq k\u00fc\u00e7\u0259d\u0259 s\u00fcr\u00fctl\u0259yibl\u0259r. Biz d\u0259 s\u0259s-k\u00fcy\u0259 g\u0259ldik, iki qon\u015fu ki\u015fi qad\u0131n\u0131n \u0259l-qolunun k\u0259ndirini a\u00e7\u0131blar\u201d, &#8211; k\u0259nd sakinl\u0259ri deyibl\u0259r.\n<\/p>\n<p>\n  Goranboy Rayon \u0130cra Hakimiyy\u0259tinin \u018flirzal\u0131 k\u0259nd icra n\u00fcmay\u0259nd\u0259si Nizadil H\u00fcseynov is\u0259 Sahil\u0259 \u018fl\u0259kb\u0259rovan\u0131n d\u00f6y\u00fclm\u0259 fakt\u0131n\u0131 t\u0259sdiq ets\u0259 d\u0259, ata ba\u011flan\u0131b, s\u00fcr\u00fcd\u00fclm\u0259k x\u0259b\u0259rini t\u0259kzib edib.\n<\/p>\n<p>\n  \u201cQad\u0131n\u0131n \u0259l-aya\u011f\u0131 k\u0259ndirl\u0259 ba\u011flan\u0131b v\u0259 s\u00fcr\u00fctl\u0259y\u0259r\u0259k k\u00fc\u00e7\u0259y\u0259 \u00e7\u0131xar\u0131l\u0131b. Ancaq m\u0259nd\u0259 qad\u0131n\u0131n ata ba\u011flanaraq s\u00fcr\u00fcd\u00fclm\u0259si haqq\u0131nda m\u0259lumat yoxdur. Sad\u0259c\u0259, qad\u0131n\u0131 \u00f6zl\u0259ri s\u00fcr\u00fctl\u0259y\u0259r\u0259k ya\u015fad\u0131\u011f\u0131 ev\u0259 aparmaq ist\u0259yibl\u0259r. Bu zaman s\u0259s-k\u00fcy\u0259 g\u0259l\u0259n qon\u015fular qad\u0131n\u0131 onlar\u0131n \u0259ll\u0259rind\u0259n al\u0131blar. At\u0131n o\u011furlanmas\u0131 v\u0259 ya ata ba\u011flanaraq s\u00fcr\u00fctl\u0259nm\u0259si m\u0259s\u0259l\u0259si bar\u0259d\u0259 e\u015fitm\u0259mi\u015f\u0259m, yalan s\u00f6hb\u0259tdir. At, sad\u0259c\u0259, onlar\u0131n h\u0259y\u0259tin\u0259 ke\u00e7ib, bu qad\u0131n da o\u011furland\u0131\u011f\u0131ndan \u015f\u00fcbh\u0259l\u0259nib v\u0259 ona g\u00f6r\u0259 d\u0259 aralar\u0131nda m\u00fcbahis\u0259 yaran\u0131b\u201d, &#8211; Nizadil H\u00fcseynov deyib.\n<\/p>\n<p>\n  Sahil\u0259 \u018fl\u0259kb\u0259rova Goranboy Rayon M\u0259rk\u0259zi X\u0259st\u0259xanas\u0131n\u0131n Travmatologiya \u015f\u00f6b\u0259sin\u0259 yerl\u0259\u015fdirilib. Hadis\u0259ni t\u00f6r\u0259tm\u0259kd\u0259 \u015f\u00fcbh\u0259li bilin\u0259n \u015f\u0259xsl\u0259r is\u0259 Goranboy Rayon Polis \u015e\u00f6b\u0259sin\u0259 apar\u0131l\u0131blar.<\/p>\n","protected":false},"excerpt":{"rendered":"<p>Goranboy Rayon \u0130cra Hakimiyy\u0259tinin \u018flirzal\u0131 k\u0259nd icra n\u00fcmay\u0259nd\u0259si Nizadil H\u00fcseynov is\u0259 Sahil\u0259 \u018fl\u0259kb\u0259rovan\u0131n d\u00f6y\u00fclm\u0259 fakt\u0131n\u0131 t\u0259sdiq ets\u0259 d\u0259, ata ba\u011flan\u0131b, s\u00fcr\u00fcd\u00fclm\u0259k x\u0259b\u0259rini t\u0259kzib edib<\/p>\n","protected":false},"author":11,"featured_media":131109,"comment_status":"closed","ping_status":"open","sticky":false,"template":"","format":"standard","meta":{"_acf_changed":false,"_sitemap_exclude":false,"_sitemap_priority":"","_sitemap_frequency":"","footnotes":""},"categories":[60],"tags":[],"class_list":["post-197388","post","type-post","status-publish","format-standard","has-post-thumbnail","hentry","category-bolge","infinite-scroll-item","generate-columns","tablet-grid-50","mobile-grid-100","grid-parent","grid-33","no-featured-image-padding"],"acf":[],"yoast_head":"<!-- This site is optimized with the Yoast SEO plugin v27.5 - https:\/\/yoast.com\/product\/yoast-seo-wordpress\/ -->\n<title>&quot;Qad\u0131n\u0131 ata ba\u011flay\u0131b yerl\u0259 s\u00fcr\u00fcd\u00fcl\u0259r&quot; - MEYDAN.TV<\/title>\n<meta name=\"robots\" content=\"index, follow, max-snippet:-1, max-image-preview:large, max-video-preview:-1\" \/>\n<link rel=\"canonical\" href=\"https:\/\/www.meydan.tv\/az\/article\/goranboyda-qadinin-ata-baglayib-yerle-surudulmesi-bildirilir\/\" \/>\n<meta property=\"og:locale\" content=\"az_AZ\" \/>\n<meta property=\"og:type\" content=\"article\" \/>\n<meta property=\"og:title\" content=\"&quot;Qad\u0131n\u0131 ata ba\u011flay\u0131b yerl\u0259 s\u00fcr\u00fcd\u00fcl\u0259r&quot; - MEYDAN.TV\" \/>\n<meta property=\"og:description\" content=\"Goranboy Rayon \u0130cra Hakimiyy\u0259tinin \u018flirzal\u0131 k\u0259nd icra n\u00fcmay\u0259nd\u0259si Nizadil H\u00fcseynov is\u0259 Sahil\u0259 \u018fl\u0259kb\u0259rovan\u0131n d\u00f6y\u00fclm\u0259 fakt\u0131n\u0131 t\u0259sdiq ets\u0259 d\u0259, ata ba\u011flan\u0131b, s\u00fcr\u00fcd\u00fclm\u0259k x\u0259b\u0259rini t\u0259kzib edib\" \/>\n<meta property=\"og:url\" content=\"https:\/\/www.meydan.tv\/az\/article\/goranboyda-qadinin-ata-baglayib-yerle-surudulmesi-bildirilir\/\" \/>\n<meta property=\"og:site_name\" content=\"MEYDAN.TV\" \/>\n<meta property=\"article:published_time\" content=\"2019-10-10T12:28:32+00:00\" \/>\n<meta property=\"og:image\" content=\"https:\/\/www.meydan.tv\/wp-content\/uploads\/at.jpg\" \/>\n\t<meta property=\"og:image:width\" content=\"1280\" \/>\n\t<meta property=\"og:image:height\" content=\"640\" \/>\n\t<meta property=\"og:image:type\" content=\"image\/jpeg\" \/>\n<meta name=\"author\" content=\"user-manager\" \/>\n<meta name=\"twitter:card\" content=\"summary_large_image\" \/>\n<script type=\"application\/ld+json\" class=\"yoast-schema-graph\">{\"@context\":\"https:\\\/\\\/schema.org\",\"@graph\":[{\"@type\":\"Article\",\"@id\":\"https:\\\/\\\/www.meydan.tv\\\/az\\\/article\\\/goranboyda-qadinin-ata-baglayib-yerle-surudulmesi-bildirilir\\\/#article\",\"isPartOf\":{\"@id\":\"https:\\\/\\\/www.meydan.tv\\\/az\\\/article\\\/goranboyda-qadinin-ata-baglayib-yerle-surudulmesi-bildirilir\\\/\"},\"author\":{\"name\":\"user-manager\",\"@id\":\"https:\\\/\\\/www.meydan.tv\\\/az\\\/#\\\/schema\\\/person\\\/10d11eccf6da3662cf5fdab9806ea91a\"},\"headline\":\"&#8220;Qad\u0131n\u0131 ata ba\u011flay\u0131b yerl\u0259 s\u00fcr\u00fcd\u00fcl\u0259r&#8221;\",\"datePublished\":\"2019-10-10T12:28:32+00:00\",\"mainEntityOfPage\":{\"@id\":\"https:\\\/\\\/www.meydan.tv\\\/az\\\/article\\\/goranboyda-qadinin-ata-baglayib-yerle-surudulmesi-bildirilir\\\/\"},\"wordCount\":408,\"publisher\":{\"@id\":\"https:\\\/\\\/www.meydan.tv\\\/az\\\/#organization\"},\"image\":{\"@id\":\"https:\\\/\\\/www.meydan.tv\\\/az\\\/article\\\/goranboyda-qadinin-ata-baglayib-yerle-surudulmesi-bildirilir\\\/#primaryimage\"},\"thumbnailUrl\":\"https:\\\/\\\/www.meydan.tv\\\/wp-content\\\/uploads\\\/at.jpg\",\"articleSection\":[\"B\u00f6lg\u0259\"],\"inLanguage\":\"az\"},{\"@type\":\"WebPage\",\"@id\":\"https:\\\/\\\/www.meydan.tv\\\/az\\\/article\\\/goranboyda-qadinin-ata-baglayib-yerle-surudulmesi-bildirilir\\\/\",\"url\":\"https:\\\/\\\/www.meydan.tv\\\/az\\\/article\\\/goranboyda-qadinin-ata-baglayib-yerle-surudulmesi-bildirilir\\\/\",\"name\":\"\\\"Qad\u0131n\u0131 ata ba\u011flay\u0131b yerl\u0259 s\u00fcr\u00fcd\u00fcl\u0259r\\\" - MEYDAN.TV\",\"isPartOf\":{\"@id\":\"https:\\\/\\\/www.meydan.tv\\\/az\\\/#website\"},\"primaryImageOfPage\":{\"@id\":\"https:\\\/\\\/www.meydan.tv\\\/az\\\/article\\\/goranboyda-qadinin-ata-baglayib-yerle-surudulmesi-bildirilir\\\/#primaryimage\"},\"image\":{\"@id\":\"https:\\\/\\\/www.meydan.tv\\\/az\\\/article\\\/goranboyda-qadinin-ata-baglayib-yerle-surudulmesi-bildirilir\\\/#primaryimage\"},\"thumbnailUrl\":\"https:\\\/\\\/www.meydan.tv\\\/wp-content\\\/uploads\\\/at.jpg\",\"datePublished\":\"2019-10-10T12:28:32+00:00\",\"breadcrumb\":{\"@id\":\"https:\\\/\\\/www.meydan.tv\\\/az\\\/article\\\/goranboyda-qadinin-ata-baglayib-yerle-surudulmesi-bildirilir\\\/#breadcrumb\"},\"inLanguage\":\"az\",\"potentialAction\":[{\"@type\":\"ReadAction\",\"target\":[\"https:\\\/\\\/www.meydan.tv\\\/az\\\/article\\\/goranboyda-qadinin-ata-baglayib-yerle-surudulmesi-bildirilir\\\/\"]}]},{\"@type\":\"ImageObject\",\"inLanguage\":\"az\",\"@id\":\"https:\\\/\\\/www.meydan.tv\\\/az\\\/article\\\/goranboyda-qadinin-ata-baglayib-yerle-surudulmesi-bildirilir\\\/#primaryimage\",\"url\":\"https:\\\/\\\/www.meydan.tv\\\/wp-content\\\/uploads\\\/at.jpg\",\"contentUrl\":\"https:\\\/\\\/www.meydan.tv\\\/wp-content\\\/uploads\\\/at.jpg\",\"width\":1280,\"height\":640,\"caption\":\"Source: Foto: Meydan TV\"},{\"@type\":\"BreadcrumbList\",\"@id\":\"https:\\\/\\\/www.meydan.tv\\\/az\\\/article\\\/goranboyda-qadinin-ata-baglayib-yerle-surudulmesi-bildirilir\\\/#breadcrumb\",\"itemListElement\":[{\"@type\":\"ListItem\",\"position\":1,\"name\":\"Ana s\u0259hif\u0259\",\"item\":\"https:\\\/\\\/www.meydan.tv\\\/az\\\/\"},{\"@type\":\"ListItem\",\"position\":2,\"name\":\"B\u00f6lg\u0259\",\"item\":\"https:\\\/\\\/www.meydan.tv\\\/az\\\/section\\\/bolge\\\/\"},{\"@type\":\"ListItem\",\"position\":3,\"name\":\"&#8220;Qad\u0131n\u0131 ata ba\u011flay\u0131b yerl\u0259 s\u00fcr\u00fcd\u00fcl\u0259r&#8221;\"}]},{\"@type\":\"WebSite\",\"@id\":\"https:\\\/\\\/www.meydan.tv\\\/az\\\/#website\",\"url\":\"https:\\\/\\\/www.meydan.tv\\\/az\\\/\",\"name\":\"MEYDAN.TV\",\"description\":\"Meydan TV Az\u0259rbaycan\u0131n media m\u0259kan\u0131ndak\u0131 alternativ s\u0259sidir\",\"publisher\":{\"@id\":\"https:\\\/\\\/www.meydan.tv\\\/az\\\/#organization\"},\"potentialAction\":[{\"@type\":\"SearchAction\",\"target\":{\"@type\":\"EntryPoint\",\"urlTemplate\":\"https:\\\/\\\/www.meydan.tv\\\/az\\\/?s={search_term_string}\"},\"query-input\":{\"@type\":\"PropertyValueSpecification\",\"valueRequired\":true,\"valueName\":\"search_term_string\"}}],\"inLanguage\":\"az\"},{\"@type\":\"Organization\",\"@id\":\"https:\\\/\\\/www.meydan.tv\\\/az\\\/#organization\",\"name\":\"Meydan TV\",\"url\":\"https:\\\/\\\/www.meydan.tv\\\/az\\\/\",\"logo\":{\"@type\":\"ImageObject\",\"inLanguage\":\"az\",\"@id\":\"https:\\\/\\\/www.meydan.tv\\\/az\\\/#\\\/schema\\\/logo\\\/image\\\/\",\"url\":\"https:\\\/\\\/www.meydan.tv\\\/wp-content\\\/uploads\\\/2021\\\/07\\\/meydan-logo.svg\",\"contentUrl\":\"https:\\\/\\\/www.meydan.tv\\\/wp-content\\\/uploads\\\/2021\\\/07\\\/meydan-logo.svg\",\"width\":195,\"height\":46,\"caption\":\"Meydan TV\"},\"image\":{\"@id\":\"https:\\\/\\\/www.meydan.tv\\\/az\\\/#\\\/schema\\\/logo\\\/image\\\/\"}},{\"@type\":\"Person\",\"@id\":\"https:\\\/\\\/www.meydan.tv\\\/az\\\/#\\\/schema\\\/person\\\/10d11eccf6da3662cf5fdab9806ea91a\",\"name\":\"user-manager\"}]}<\/script>\n<!-- \/ Yoast SEO plugin. -->","yoast_head_json":{"title":"\"Qad\u0131n\u0131 ata ba\u011flay\u0131b yerl\u0259 s\u00fcr\u00fcd\u00fcl\u0259r\" - MEYDAN.TV","robots":{"index":"index","follow":"follow","max-snippet":"max-snippet:-1","max-image-preview":"max-image-preview:large","max-video-preview":"max-video-preview:-1"},"canonical":"https:\/\/www.meydan.tv\/az\/article\/goranboyda-qadinin-ata-baglayib-yerle-surudulmesi-bildirilir\/","og_locale":"az_AZ","og_type":"article","og_title":"\"Qad\u0131n\u0131 ata ba\u011flay\u0131b yerl\u0259 s\u00fcr\u00fcd\u00fcl\u0259r\" - MEYDAN.TV","og_description":"Goranboy Rayon \u0130cra Hakimiyy\u0259tinin \u018flirzal\u0131 k\u0259nd icra n\u00fcmay\u0259nd\u0259si Nizadil H\u00fcseynov is\u0259 Sahil\u0259 \u018fl\u0259kb\u0259rovan\u0131n d\u00f6y\u00fclm\u0259 fakt\u0131n\u0131 t\u0259sdiq ets\u0259 d\u0259, ata ba\u011flan\u0131b, s\u00fcr\u00fcd\u00fclm\u0259k x\u0259b\u0259rini t\u0259kzib edib","og_url":"https:\/\/www.meydan.tv\/az\/article\/goranboyda-qadinin-ata-baglayib-yerle-surudulmesi-bildirilir\/","og_site_name":"MEYDAN.TV","article_published_time":"2019-10-10T12:28:32+00:00","og_image":[{"width":1280,"height":640,"url":"https:\/\/www.meydan.tv\/wp-content\/uploads\/at.jpg","type":"image\/jpeg"}],"author":"user-manager","twitter_card":"summary_large_image","schema":{"@context":"https:\/\/schema.org","@graph":[{"@type":"Article","@id":"https:\/\/www.meydan.tv\/az\/article\/goranboyda-qadinin-ata-baglayib-yerle-surudulmesi-bildirilir\/#article","isPartOf":{"@id":"https:\/\/www.meydan.tv\/az\/article\/goranboyda-qadinin-ata-baglayib-yerle-surudulmesi-bildirilir\/"},"author":{"name":"user-manager","@id":"https:\/\/www.meydan.tv\/az\/#\/schema\/person\/10d11eccf6da3662cf5fdab9806ea91a"},"headline":"&#8220;Qad\u0131n\u0131 ata ba\u011flay\u0131b yerl\u0259 s\u00fcr\u00fcd\u00fcl\u0259r&#8221;","datePublished":"2019-10-10T12:28:32+00:00","mainEntityOfPage":{"@id":"https:\/\/www.meydan.tv\/az\/article\/goranboyda-qadinin-ata-baglayib-yerle-surudulmesi-bildirilir\/"},"wordCount":408,"publisher":{"@id":"https:\/\/www.meydan.tv\/az\/#organization"},"image":{"@id":"https:\/\/www.meydan.tv\/az\/article\/goranboyda-qadinin-ata-baglayib-yerle-surudulmesi-bildirilir\/#primaryimage"},"thumbnailUrl":"https:\/\/www.meydan.tv\/wp-content\/uploads\/at.jpg","articleSection":["B\u00f6lg\u0259"],"inLanguage":"az"},{"@type":"WebPage","@id":"https:\/\/www.meydan.tv\/az\/article\/goranboyda-qadinin-ata-baglayib-yerle-surudulmesi-bildirilir\/","url":"https:\/\/www.meydan.tv\/az\/article\/goranboyda-qadinin-ata-baglayib-yerle-surudulmesi-bildirilir\/","name":"\"Qad\u0131n\u0131 ata ba\u011flay\u0131b yerl\u0259 s\u00fcr\u00fcd\u00fcl\u0259r\" - MEYDAN.TV","isPartOf":{"@id":"https:\/\/www.meydan.tv\/az\/#website"},"primaryImageOfPage":{"@id":"https:\/\/www.meydan.tv\/az\/article\/goranboyda-qadinin-ata-baglayib-yerle-surudulmesi-bildirilir\/#primaryimage"},"image":{"@id":"https:\/\/www.meydan.tv\/az\/article\/goranboyda-qadinin-ata-baglayib-yerle-surudulmesi-bildirilir\/#primaryimage"},"thumbnailUrl":"https:\/\/www.meydan.tv\/wp-content\/uploads\/at.jpg","datePublished":"2019-10-10T12:28:32+00:00","breadcrumb":{"@id":"https:\/\/www.meydan.tv\/az\/article\/goranboyda-qadinin-ata-baglayib-yerle-surudulmesi-bildirilir\/#breadcrumb"},"inLanguage":"az","potentialAction":[{"@type":"ReadAction","target":["https:\/\/www.meydan.tv\/az\/article\/goranboyda-qadinin-ata-baglayib-yerle-surudulmesi-bildirilir\/"]}]},{"@type":"ImageObject","inLanguage":"az","@id":"https:\/\/www.meydan.tv\/az\/article\/goranboyda-qadinin-ata-baglayib-yerle-surudulmesi-bildirilir\/#primaryimage","url":"https:\/\/www.meydan.tv\/wp-content\/uploads\/at.jpg","contentUrl":"https:\/\/www.meydan.tv\/wp-content\/uploads\/at.jpg","width":1280,"height":640,"caption":"Source: Foto: Meydan TV"},{"@type":"BreadcrumbList","@id":"https:\/\/www.meydan.tv\/az\/article\/goranboyda-qadinin-ata-baglayib-yerle-surudulmesi-bildirilir\/#breadcrumb","itemListElement":[{"@type":"ListItem","position":1,"name":"Ana s\u0259hif\u0259","item":"https:\/\/www.meydan.tv\/az\/"},{"@type":"ListItem","position":2,"name":"B\u00f6lg\u0259","item":"https:\/\/www.meydan.tv\/az\/section\/bolge\/"},{"@type":"ListItem","position":3,"name":"&#8220;Qad\u0131n\u0131 ata ba\u011flay\u0131b yerl\u0259 s\u00fcr\u00fcd\u00fcl\u0259r&#8221;"}]},{"@type":"WebSite","@id":"https:\/\/www.meydan.tv\/az\/#website","url":"https:\/\/www.meydan.tv\/az\/","name":"MEYDAN.TV","description":"Meydan TV Az\u0259rbaycan\u0131n media m\u0259kan\u0131ndak\u0131 alternativ s\u0259sidir","publisher":{"@id":"https:\/\/www.meydan.tv\/az\/#organization"},"potentialAction":[{"@type":"SearchAction","target":{"@type":"EntryPoint","urlTemplate":"https:\/\/www.meydan.tv\/az\/?s={search_term_string}"},"query-input":{"@type":"PropertyValueSpecification","valueRequired":true,"valueName":"search_term_string"}}],"inLanguage":"az"},{"@type":"Organization","@id":"https:\/\/www.meydan.tv\/az\/#organization","name":"Meydan TV","url":"https:\/\/www.meydan.tv\/az\/","logo":{"@type":"ImageObject","inLanguage":"az","@id":"https:\/\/www.meydan.tv\/az\/#\/schema\/logo\/image\/","url":"https:\/\/www.meydan.tv\/wp-content\/uploads\/2021\/07\/meydan-logo.svg","contentUrl":"https:\/\/www.meydan.tv\/wp-content\/uploads\/2021\/07\/meydan-logo.svg","width":195,"height":46,"caption":"Meydan TV"},"image":{"@id":"https:\/\/www.meydan.tv\/az\/#\/schema\/logo\/image\/"}},{"@type":"Person","@id":"https:\/\/www.meydan.tv\/az\/#\/schema\/person\/10d11eccf6da3662cf5fdab9806ea91a","name":"user-manager"}]}},"_links":{"self":[{"href":"https:\/\/www.meydan.tv\/az\/wp-json\/wp\/v2\/posts\/197388","targetHints":{"allow":["GET"]}}],"collection":[{"href":"https:\/\/www.meydan.tv\/az\/wp-json\/wp\/v2\/posts"}],"about":[{"href":"https:\/\/www.meydan.tv\/az\/wp-json\/wp\/v2\/types\/post"}],"author":[{"embeddable":true,"href":"https:\/\/www.meydan.tv\/az\/wp-json\/wp\/v2\/users\/11"}],"replies":[{"embeddable":true,"href":"https:\/\/www.meydan.tv\/az\/wp-json\/wp\/v2\/comments?post=197388"}],"version-history":[{"count":0,"href":"https:\/\/www.meydan.tv\/az\/wp-json\/wp\/v2\/posts\/197388\/revisions"}],"wp:featuredmedia":[{"embeddable":true,"href":"https:\/\/www.meydan.tv\/az\/wp-json\/wp\/v2\/media\/131109"}],"wp:attachment":[{"href":"https:\/\/www.meydan.tv\/az\/wp-json\/wp\/v2\/media?parent=197388"}],"wp:term":[{"taxonomy":"category","embeddable":true,"href":"https:\/\/www.meydan.tv\/az\/wp-json\/wp\/v2\/categories?post=197388"},{"taxonomy":"post_tag","embeddable":true,"href":"https:\/\/www.meydan.tv\/az\/wp-json\/wp\/v2\/tags?post=197388"}],"curies":[{"name":"wp","href":"https:\/\/api.w.org\/{rel}","templated":true}]}}