{"id":197383,"date":"2019-10-10T10:25:00","date_gmt":"2019-10-10T10:25:00","guid":{"rendered":"https:\/\/www.meydan.tv\/article\/zelzeleden-7-il-kecib-hele-de-evimizi-tikmirler\/"},"modified":"2019-10-10T10:25:00","modified_gmt":"2019-10-10T10:25:00","slug":"zelzeleden-7-il-kecib-hele-de-evimizi-tikmirler","status":"publish","type":"post","link":"https:\/\/www.meydan.tv\/az\/article\/zelzeleden-7-il-kecib-hele-de-evimizi-tikmirler\/","title":{"rendered":"\u201cZ\u0259lz\u0259l\u0259d\u0259n 7 il ke\u00e7ib, h\u0259l\u0259 d\u0259 evimizi tikmirl\u0259r\u201d"},"content":{"rendered":"<p>\n  <i><br \/>\n    Balak\u0259n rayon sakini t\u0259hl\u00fck\u0259li v\u0259ziyy\u0259td\u0259 ya\u015fad\u0131qlar\u0131n\u0131 deyir<br \/>\n  <\/i>\n<\/p>\n<p>\n  \u201c7 il \u0259vv\u0259l ba\u015f ver\u0259n z\u0259lz\u0259l\u0259d\u0259 evimiz u\u00e7ub. \u0130ll\u0259rdir bir ota\u011f\u0131n i\u00e7ind\u0259 8 n\u0259f\u0259r ya\u015fay\u0131r\u0131q. K\u0259ndd\u0259 tikilm\u0259mi\u015f 4 q\u0259zal\u0131 ev qal\u0131b, biri bizimdir. H\u0259l\u0259 ki, bizim evimizi tikmirl\u0259r\u201d.\n<\/p>\n<p>\n  Balak\u0259nin Qazma k\u0259ndind\u0259 ya\u015fayan 57 ya\u015fl\u0131 \u015e\u00fcmeys\u0259t \u018fliyeva bel\u0259 deyir. Bildirir ki, d\u0259f\u0259l\u0259rl\u0259 evl\u0259rin\u0259 g\u0259lib bax\u0131blar, \u015f\u0259kill\u0259rin \u00e7\u0259kibl\u0259r, q\u0259zal\u0131 r\u0259yi d\u0259 veribl\u0259r, ancaq ev tikm\u0259yi g\u00fcn\u00fc-g\u00fcnd\u0259n uzad\u0131rlar. Art\u0131q q\u0259zal\u0131 evd\u0259 ya\u015famaq onlar \u00fc\u00e7\u00fcn t\u0259hl\u00fck\u0259li hal al\u0131b:\n<\/p>\n<p>\n  \u201cDeyirl\u0259r: \u201cb\u0259li, q\u0259zal\u0131d\u0131r\u201d. Ancaq tikmirl\u0259r, uzad\u0131rlar. N\u0259tic\u0259d\u0259, biz 7 ildir ki, h\u0259min q\u0259zal\u0131 evd\u0259 ya\u015fay\u0131r\u0131q. M\u00fcraci\u0259t etm\u0259diyimiz yer d\u0259 qalmay\u0131b. K\u0259nd b\u0259l\u0259diyy\u0259si, icra hakimiyy\u0259ti, h\u0259tta F\u00f6vq\u0259lad\u0259 Hallar Nazirliyi, ham\u0131s\u0131na yazm\u0131\u015f\u0131q. Ham\u0131s\u0131 da deyir ki, tikil\u0259c\u0259k, narahat olmay\u0131n. Biz d\u0259 g\u00f6zl\u0259yirik\u201d.\n<\/p>\n<p>\n  <b><br \/>\n    7 il \u0259vv\u0259lki z\u0259lz\u0259l\u0259nin f\u0259sadlar\u0131 aradan qald\u0131r\u0131lmay\u0131b?<br \/>\n  <\/b>\n<\/p>\n<p>\n  <a href=\"https:\/\/www.bbc.com\/azeri\/azerbaijan\/2012\/05\/120507_zaqatala_quake\"><br \/>\n    2012-ci il may\u0131n \u0259vv\u0259li<br \/>\n  <\/a><br \/>\n  Zaqatala v\u0259 Balak\u0259n rayonlar\u0131nda daha \u00e7ox hiss edil\u0259n z\u0259lz\u0259l\u0259 olmu\u015fdu. 7 bala \u00e7atan z\u0259lz\u0259l\u0259 Az\u0259rbaycan\u0131n bir xeyli rayonunda, Qax, \u015e\u0259ki, O\u011fuz, Qazax, Tovuzda da hiss edilmi\u015fdi. X\u00fcsus\u0259n, Zaqatala v\u0259 Balak\u0259nd\u0259 bir ne\u00e7\u0259 k\u0259ndd\u0259 ciddi da\u011f\u0131nt\u0131lar yaranm\u0131\u015fd\u0131. H\u0259l\u0259 o vaxtdan bir xeyli q\u0259zal\u0131 ev qeyd\u0259 al\u0131naraq, yenid\u0259n tikilmi\u015f, \u0259sasl\u0131 t\u0259mir edilmi\u015fdi.\n<\/p>\n<figure class=\"wp-block-image size-large\">\n  <img decoding=\"async\" src=\"https:\/\/www.meydan.tv\/az\/image_from_ios-8-jpg-21\/\" alt=\"image_from_ios (8).jpg\" class=\"wp-image-131088\"\/><figcaption>\n    &#8220;M\u00fcraci\u0259t etm\u0259diyimiz yer d\u0259 qalmay\u0131b&#8221;<br \/>\n  <\/figcaption><\/figure>\n<p>\n  <b><br \/>\n    \u201cB\u00f6y\u00fck-ki\u00e7ik ham\u0131m\u0131z can\u0131m\u0131zdan bezmi\u015fik\u201d<br \/>\n  <\/b>\n<\/p>\n<p>\n  \u015e\u00fcmeys\u0259t \u018fliyeva deyir ki, bel\u0259 \u015f\u0259raitd\u0259 ya\u015famaq \u00e7ox \u00e7\u0259tindir. Evin b\u00fct\u00fcn otaqlar s\u0131radan \u00e7\u0131x\u0131b. C\u0259mi 1 otaq qal\u0131b, orada da \u00e7ox \u00e7\u0259tinlikl\u0259, birt\u0259h\u0259r ya\u015fay\u0131rlar:\n<\/p>\n<p>\n  \u201cAil\u0259miz 8 n\u0259f\u0259rd\u0259n ibar\u0259tdir. 2 o\u011flum, 2 q\u0131z\u0131m, 2 n\u0259v\u0259m, yolda\u015f\u0131m v\u0259 m\u0259n. O\u011flumun biri Bak\u0131da ofisiantl\u0131q edir, orada ya\u015fay\u0131r. Qalan 7 n\u0259f\u0259r bir ota\u011f\u0131n i\u00e7ind\u0259 qal\u0131r\u0131q. Bunun n\u0259 dem\u0259k oldu\u011funu anlay\u0131rs\u0131z? Eyni otaqda yeyir, yat\u0131r, yem\u0259k bi\u015firirik. \u00dcst\u0259lik, 2 u\u015faq var. Bu bir ota\u011f\u0131n i\u00e7ind\u0259 d\u0259rs oxumal\u0131, bo\u015f vaxtlar\u0131n\u0131 ke\u00e7irm\u0259lidirl\u0259r. B\u00f6y\u00fck-ki\u00e7ik ham\u0131m\u0131z can\u0131m\u0131zdan bezmi\u015fik\u201d.\n<\/p>\n<p>\n  <b><br \/>\n    \u201cFaktiki k\u0259ndd\u0259 da\u011f\u0131lm\u0131\u015f bir \u00e7ox ev tikildi\u201d<br \/>\n  <\/b>\n<\/p>\n<p>\n  \u015eikay\u0259t\u00e7i deyir ki, 7 ildir g\u00f6zl\u0259yirl\u0259r, art\u0131q s\u0259birl\u0259ri qalmay\u0131b. U\u015faqlar b\u00f6y\u00fcy\u00fcb, b\u00f6y\u00fckl\u0259rin ya\u015f\u0131 artd\u0131qca, bir otaqda ya\u015famaq \u00e7\u0259kilm\u0259z olub:\n<\/p>\n<p>\n  \u201cFaktiki k\u0259ndd\u0259 da\u011f\u0131lm\u0131\u015f bir \u00e7ox ev tikildi. Qald\u0131, 6 q\u0259zal\u0131 ev. Onlardan da ikisini tikm\u0259y\u0259 ba\u015flay\u0131blar. Qal\u0131b 4-\u00fc. Bir az tezl\u0259\u015fdirs\u0259l\u0259r, n\u0259 olar ki? Kim bu \u015f\u0259raitd\u0259 7 il ya\u015fayar? Vallah pulumuz olsa, bu z\u00fclm\u0259 d\u00f6zm\u0259k m\u0259cburiyy\u0259tind\u0259 qalmazd\u0131q\u201d.\n<\/p>\n<figure class=\"wp-block-image size-large\">\n  <img decoding=\"async\" src=\"https:\/\/www.meydan.tv\/az\/image_from_ios-6-jpg-44\/\" alt=\"image_from_ios (6).jpg\" class=\"wp-image-131085\"\/><figcaption>\n    &#8220;Faktiki k\u0259ndd\u0259 da\u011f\u0131lm\u0131\u015f bir \u00e7ox ev tikildi&#8221;<br \/>\n  <\/figcaption><\/figure>\n<p>\n  <b><br \/>\n    \u201c7 n\u0259f\u0259r t\u0259kc\u0259 Bak\u0131da i\u015fl\u0259y\u0259n o\u011flumun \u00fcmidin\u0259yik\u201d<br \/>\n  <\/b>\n<\/p>\n<p>\n  \u015e\u00fcmeys\u0259t \u018fliyeva deyir ki, ail\u0259sinin maddi durumu da yax\u015f\u0131 deyil. Yoxsa \u00f6z imkanlar\u0131 il\u0259 evl\u0259rini tikib, bitir\u0259rdil\u0259r. Nec\u0259 ki, bunu \u00e7oxu etdi:\n<\/p>\n<p>\n  \u201c8 n\u0259f\u0259rik. Bir o\u011flum dediyim kimi, Bak\u0131dad\u0131r. Dig\u0259ri k\u0259ndd\u0259 f\u0259hl\u0259lik edirdi. Bu yax\u0131nlarda h\u0259kim dedi ki, olmaz. Belind\u0259 problem var, ciddidir. \u0130ndi oturub evd\u0259. Q\u0131z\u0131m da i\u015fl\u0259mir, 2 u\u015faqla ayr\u0131l\u0131b, evi yoxdur, biziml\u0259 ya\u015fay\u0131r. Yolda\u015f\u0131m v\u0259 m\u0259n d\u0259 ya\u015fl\u0131 adamlar\u0131q, h\u0259m i\u015fl\u0259mirik, h\u0259m d\u0259 ist\u0259s\u0259k bel\u0259, i\u015f n\u0259 g\u0259zir? T\u0259kc\u0259 Bak\u0131da i\u015fl\u0259y\u0259n o\u011flumun \u00fcmidin\u0259yik. 5 b\u00f6y\u00fck, 2 u\u015faq, ham\u0131m\u0131za o bax\u0131r\u201d.\n<\/p>\n<p>\n  <b><br \/>\n    \u201cCavab g\u0259lib ki, tikil\u0259c\u0259k, narahat olmay\u0131n\u201d<br \/>\n  <\/b>\n<\/p>\n<p>\n  Ail\u0259 ya\u015fay\u0131\u015flar\u0131, probleml\u0259ri il\u0259 ba\u011fl\u0131 d\u0259f\u0259l\u0259rl\u0259 k\u0259nd icra n\u00fcmay\u0259nd\u0259liyin\u0259, b\u0259l\u0259diyy\u0259y\u0259, Balak\u0259n Rayon \u0130cra Hakimiyy\u0259tin\u0259 m\u00fcraci\u0259t edib. H\u0259tta Bak\u0131ya, F\u00f6vq\u0259lad\u0259 Hallar Nazirliyin\u0259 d\u0259 d\u0259f\u0259l\u0259rl\u0259 m\u0259ktub g\u00f6nd\u0259ribl\u0259r:\n<\/p>\n<figure class=\"wp-block-image size-large\">\n  <img decoding=\"async\" src=\"https:\/\/www.meydan.tv\/az\/image_from_ios-9-jpg-19\/\" alt=\"image_from_ios (9).jpg\" class=\"wp-image-131097\"\/><figcaption>\n    \u015eikay\u0259t\u00e7i deyir ki, 7 ildir g\u00f6zl\u0259yirl\u0259r, art\u0131q s\u0259birl\u0259ri qalmay\u0131b<br \/>\n  <\/figcaption><\/figure>\n<p>\n  \u201cCavab g\u0259lib ki, tikil\u0259c\u0259k, narahat olmay\u0131n. O tikil\u0259n, bu tikil\u0259n, art\u0131q \u00e7ox narahat\u0131q. Evd\u0259 2 x\u0259st\u0259 var. \u00c7\u0259tindir bir ota\u011f\u0131n i\u00e7ind\u0259. N\u0259v\u0259min \u00fcr\u0259k \u00e7at\u0131\u015fmazl\u0131\u011f\u0131 var. M\u0259n d\u0259 \u00fcr\u0259k x\u0259st\u0259liyind\u0259n, y\u00fcks\u0259k t\u0259zyiqd\u0259n \u0259ziyy\u0259t \u00e7\u0259kir\u0259m. Ya\u015fam \u015f\u0259raitimizi yax\u015f\u0131la\u015fd\u0131rs\u0131nlar he\u00e7 olmasa\u201d.\n<\/p>\n<p>\n  <b><br \/>\n    \u201cEv 40-c\u0131 ill\u0259rd\u0259, otaq is\u0259 60-larda tikilib\u201d<br \/>\n  <\/b>\n<\/p>\n<p>\n  \u015e\u00fcmeys\u0259t \u018fliyeva deyir ki, haz\u0131rda qald\u0131qlar\u0131 bir otaq da yax\u015f\u0131 durumda deyil. Ev \u00f6t\u0259n \u0259srin 40-c\u0131, otaq is\u0259 60-c\u0131 ill\u0259rd\u0259 tikilib:\n<\/p>\n<p>\n  \u201cM\u0259n g\u0259lin g\u0259l\u0259nd\u0259 bu ota\u011f\u0131 art\u0131r\u0131blar. Dig\u0259r hiss\u0259l\u0259rl\u0259 aras\u0131nda 10-15 il f\u0259rq oldu\u011fundan h\u0259r t\u0259r\u0259f u\u00e7ub, bura qal\u0131b. Yoxsa \u00e7\u00f6ld\u0259 qalard\u0131q\u201d.\n<\/p>\n<p>\n  Balak\u0259n Rayon \u0130cra Hakimiyy\u0259tind\u0259n Meydan TV-y\u0259 bildirilib ki, \u0259g\u0259r ail\u0259y\u0259 \u201ceviniz tikil\u0259c\u0259k\u201d &#8211; deyilibs\u0259, dem\u0259li, tikil\u0259c\u0259k, narahat olmas\u0131nlar. Sad\u0259c\u0259 ill\u0259r \u00f6nc\u0259 olan z\u0259lz\u0259l\u0259d\u0259 \u00e7ox sayda da\u011f\u0131lm\u0131\u015f ev olub:\n<\/p>\n<p>\n  \u201cG\u00f6r\u00fcn\u00fcr, onlar\u0131n evi hardasa ya\u015fanas\u0131 durumda oldu\u011fundan sona saxlan\u0131b. B\u0259zi evl\u0259r is\u0259 z\u0259lz\u0259l\u0259d\u0259 sars\u0131lm\u0131\u015fd\u0131, sonradan da\u011f\u0131lma\u011fa ba\u015flad\u0131. Bel\u0259 faktlar da var. H\u0259r bir halda, proses gedir, h\u0259qiq\u0259t\u0259n evl\u0259ri z\u0259lz\u0259l\u0259d\u0259 u\u00e7ub v\u0259 qeydiyyata al\u0131n\u0131bsa, tikil\u0259c\u0259k\u201d.\n<\/p>\n<figure class=\"wp-block-image size-large\">\n  <img decoding=\"async\" src=\"https:\/\/www.meydan.tv\/az\/image_from_ios-11-jpg-13\/\" alt=\"image_from_ios (11).jpg\" class=\"wp-image-131100\"\/><figcaption>\n    &#8220;M\u0259n g\u0259lin g\u0259l\u0259nd\u0259 bu ota\u011f\u0131 art\u0131r\u0131blar&#8221;<br \/>\n  <\/figcaption><\/figure>\n","protected":false},"excerpt":{"rendered":"<p>O tikil\u0259n, bu tikil\u0259n, art\u0131q \u00e7ox narahat\u0131q.<\/p>\n","protected":false},"author":11,"featured_media":131094,"comment_status":"closed","ping_status":"open","sticky":false,"template":"","format":"standard","meta":{"_acf_changed":false,"_sitemap_exclude":false,"_sitemap_priority":"","_sitemap_frequency":"","footnotes":""},"categories":[60],"tags":[],"class_list":["post-197383","post","type-post","status-publish","format-standard","has-post-thumbnail","hentry","category-bolge","infinite-scroll-item","generate-columns","tablet-grid-50","mobile-grid-100","grid-parent","grid-33","no-featured-image-padding"],"acf":[],"yoast_head":"<!-- This site is optimized with the Yoast SEO plugin v27.5 - https:\/\/yoast.com\/product\/yoast-seo-wordpress\/ -->\n<title>\u201cZ\u0259lz\u0259l\u0259d\u0259n 7 il ke\u00e7ib, h\u0259l\u0259 d\u0259 evimizi tikmirl\u0259r\u201d - MEYDAN.TV<\/title>\n<meta name=\"robots\" content=\"index, follow, max-snippet:-1, max-image-preview:large, max-video-preview:-1\" \/>\n<link rel=\"canonical\" href=\"https:\/\/www.meydan.tv\/az\/article\/zelzeleden-7-il-kecib-hele-de-evimizi-tikmirler\/\" \/>\n<meta property=\"og:locale\" content=\"az_AZ\" \/>\n<meta property=\"og:type\" content=\"article\" \/>\n<meta property=\"og:title\" content=\"\u201cZ\u0259lz\u0259l\u0259d\u0259n 7 il ke\u00e7ib, h\u0259l\u0259 d\u0259 evimizi tikmirl\u0259r\u201d - MEYDAN.TV\" \/>\n<meta property=\"og:description\" content=\"O tikil\u0259n, bu tikil\u0259n, art\u0131q \u00e7ox narahat\u0131q.\" \/>\n<meta property=\"og:url\" content=\"https:\/\/www.meydan.tv\/az\/article\/zelzeleden-7-il-kecib-hele-de-evimizi-tikmirler\/\" \/>\n<meta property=\"og:site_name\" content=\"MEYDAN.TV\" \/>\n<meta property=\"article:published_time\" content=\"2019-10-10T10:25:00+00:00\" \/>\n<meta property=\"og:image\" content=\"https:\/\/www.meydan.tv\/wp-content\/uploads\/image_from_ios_7_2mavbrk.jpg\" \/>\n\t<meta property=\"og:image:width\" content=\"1032\" \/>\n\t<meta property=\"og:image:height\" content=\"774\" \/>\n\t<meta property=\"og:image:type\" content=\"image\/jpeg\" \/>\n<meta name=\"author\" content=\"user-manager\" \/>\n<meta name=\"twitter:card\" content=\"summary_large_image\" \/>\n<script type=\"application\/ld+json\" class=\"yoast-schema-graph\">{\"@context\":\"https:\\\/\\\/schema.org\",\"@graph\":[{\"@type\":\"Article\",\"@id\":\"https:\\\/\\\/www.meydan.tv\\\/az\\\/article\\\/zelzeleden-7-il-kecib-hele-de-evimizi-tikmirler\\\/#article\",\"isPartOf\":{\"@id\":\"https:\\\/\\\/www.meydan.tv\\\/az\\\/article\\\/zelzeleden-7-il-kecib-hele-de-evimizi-tikmirler\\\/\"},\"author\":{\"name\":\"user-manager\",\"@id\":\"https:\\\/\\\/www.meydan.tv\\\/az\\\/#\\\/schema\\\/person\\\/10d11eccf6da3662cf5fdab9806ea91a\"},\"headline\":\"\u201cZ\u0259lz\u0259l\u0259d\u0259n 7 il ke\u00e7ib, h\u0259l\u0259 d\u0259 evimizi tikmirl\u0259r\u201d\",\"datePublished\":\"2019-10-10T10:25:00+00:00\",\"mainEntityOfPage\":{\"@id\":\"https:\\\/\\\/www.meydan.tv\\\/az\\\/article\\\/zelzeleden-7-il-kecib-hele-de-evimizi-tikmirler\\\/\"},\"wordCount\":1053,\"publisher\":{\"@id\":\"https:\\\/\\\/www.meydan.tv\\\/az\\\/#organization\"},\"image\":{\"@id\":\"https:\\\/\\\/www.meydan.tv\\\/az\\\/article\\\/zelzeleden-7-il-kecib-hele-de-evimizi-tikmirler\\\/#primaryimage\"},\"thumbnailUrl\":\"https:\\\/\\\/www.meydan.tv\\\/wp-content\\\/uploads\\\/image_from_ios_7_2mavbrk.jpg\",\"articleSection\":[\"B\u00f6lg\u0259\"],\"inLanguage\":\"az\"},{\"@type\":\"WebPage\",\"@id\":\"https:\\\/\\\/www.meydan.tv\\\/az\\\/article\\\/zelzeleden-7-il-kecib-hele-de-evimizi-tikmirler\\\/\",\"url\":\"https:\\\/\\\/www.meydan.tv\\\/az\\\/article\\\/zelzeleden-7-il-kecib-hele-de-evimizi-tikmirler\\\/\",\"name\":\"\u201cZ\u0259lz\u0259l\u0259d\u0259n 7 il ke\u00e7ib, h\u0259l\u0259 d\u0259 evimizi tikmirl\u0259r\u201d - MEYDAN.TV\",\"isPartOf\":{\"@id\":\"https:\\\/\\\/www.meydan.tv\\\/az\\\/#website\"},\"primaryImageOfPage\":{\"@id\":\"https:\\\/\\\/www.meydan.tv\\\/az\\\/article\\\/zelzeleden-7-il-kecib-hele-de-evimizi-tikmirler\\\/#primaryimage\"},\"image\":{\"@id\":\"https:\\\/\\\/www.meydan.tv\\\/az\\\/article\\\/zelzeleden-7-il-kecib-hele-de-evimizi-tikmirler\\\/#primaryimage\"},\"thumbnailUrl\":\"https:\\\/\\\/www.meydan.tv\\\/wp-content\\\/uploads\\\/image_from_ios_7_2mavbrk.jpg\",\"datePublished\":\"2019-10-10T10:25:00+00:00\",\"breadcrumb\":{\"@id\":\"https:\\\/\\\/www.meydan.tv\\\/az\\\/article\\\/zelzeleden-7-il-kecib-hele-de-evimizi-tikmirler\\\/#breadcrumb\"},\"inLanguage\":\"az\",\"potentialAction\":[{\"@type\":\"ReadAction\",\"target\":[\"https:\\\/\\\/www.meydan.tv\\\/az\\\/article\\\/zelzeleden-7-il-kecib-hele-de-evimizi-tikmirler\\\/\"]}]},{\"@type\":\"ImageObject\",\"inLanguage\":\"az\",\"@id\":\"https:\\\/\\\/www.meydan.tv\\\/az\\\/article\\\/zelzeleden-7-il-kecib-hele-de-evimizi-tikmirler\\\/#primaryimage\",\"url\":\"https:\\\/\\\/www.meydan.tv\\\/wp-content\\\/uploads\\\/image_from_ios_7_2mavbrk.jpg\",\"contentUrl\":\"https:\\\/\\\/www.meydan.tv\\\/wp-content\\\/uploads\\\/image_from_ios_7_2mavbrk.jpg\",\"width\":1032,\"height\":774,\"caption\":\"Source: Specify Source\"},{\"@type\":\"BreadcrumbList\",\"@id\":\"https:\\\/\\\/www.meydan.tv\\\/az\\\/article\\\/zelzeleden-7-il-kecib-hele-de-evimizi-tikmirler\\\/#breadcrumb\",\"itemListElement\":[{\"@type\":\"ListItem\",\"position\":1,\"name\":\"Ana s\u0259hif\u0259\",\"item\":\"https:\\\/\\\/www.meydan.tv\\\/az\\\/\"},{\"@type\":\"ListItem\",\"position\":2,\"name\":\"B\u00f6lg\u0259\",\"item\":\"https:\\\/\\\/www.meydan.tv\\\/az\\\/section\\\/bolge\\\/\"},{\"@type\":\"ListItem\",\"position\":3,\"name\":\"\u201cZ\u0259lz\u0259l\u0259d\u0259n 7 il ke\u00e7ib, h\u0259l\u0259 d\u0259 evimizi tikmirl\u0259r\u201d\"}]},{\"@type\":\"WebSite\",\"@id\":\"https:\\\/\\\/www.meydan.tv\\\/az\\\/#website\",\"url\":\"https:\\\/\\\/www.meydan.tv\\\/az\\\/\",\"name\":\"MEYDAN.TV\",\"description\":\"Meydan TV Az\u0259rbaycan\u0131n media m\u0259kan\u0131ndak\u0131 alternativ s\u0259sidir\",\"publisher\":{\"@id\":\"https:\\\/\\\/www.meydan.tv\\\/az\\\/#organization\"},\"potentialAction\":[{\"@type\":\"SearchAction\",\"target\":{\"@type\":\"EntryPoint\",\"urlTemplate\":\"https:\\\/\\\/www.meydan.tv\\\/az\\\/?s={search_term_string}\"},\"query-input\":{\"@type\":\"PropertyValueSpecification\",\"valueRequired\":true,\"valueName\":\"search_term_string\"}}],\"inLanguage\":\"az\"},{\"@type\":\"Organization\",\"@id\":\"https:\\\/\\\/www.meydan.tv\\\/az\\\/#organization\",\"name\":\"Meydan TV\",\"url\":\"https:\\\/\\\/www.meydan.tv\\\/az\\\/\",\"logo\":{\"@type\":\"ImageObject\",\"inLanguage\":\"az\",\"@id\":\"https:\\\/\\\/www.meydan.tv\\\/az\\\/#\\\/schema\\\/logo\\\/image\\\/\",\"url\":\"https:\\\/\\\/www.meydan.tv\\\/wp-content\\\/uploads\\\/2021\\\/07\\\/meydan-logo.svg\",\"contentUrl\":\"https:\\\/\\\/www.meydan.tv\\\/wp-content\\\/uploads\\\/2021\\\/07\\\/meydan-logo.svg\",\"width\":195,\"height\":46,\"caption\":\"Meydan TV\"},\"image\":{\"@id\":\"https:\\\/\\\/www.meydan.tv\\\/az\\\/#\\\/schema\\\/logo\\\/image\\\/\"}},{\"@type\":\"Person\",\"@id\":\"https:\\\/\\\/www.meydan.tv\\\/az\\\/#\\\/schema\\\/person\\\/10d11eccf6da3662cf5fdab9806ea91a\",\"name\":\"user-manager\"}]}<\/script>\n<!-- \/ Yoast SEO plugin. -->","yoast_head_json":{"title":"\u201cZ\u0259lz\u0259l\u0259d\u0259n 7 il ke\u00e7ib, h\u0259l\u0259 d\u0259 evimizi tikmirl\u0259r\u201d - MEYDAN.TV","robots":{"index":"index","follow":"follow","max-snippet":"max-snippet:-1","max-image-preview":"max-image-preview:large","max-video-preview":"max-video-preview:-1"},"canonical":"https:\/\/www.meydan.tv\/az\/article\/zelzeleden-7-il-kecib-hele-de-evimizi-tikmirler\/","og_locale":"az_AZ","og_type":"article","og_title":"\u201cZ\u0259lz\u0259l\u0259d\u0259n 7 il ke\u00e7ib, h\u0259l\u0259 d\u0259 evimizi tikmirl\u0259r\u201d - MEYDAN.TV","og_description":"O tikil\u0259n, bu tikil\u0259n, art\u0131q \u00e7ox narahat\u0131q.","og_url":"https:\/\/www.meydan.tv\/az\/article\/zelzeleden-7-il-kecib-hele-de-evimizi-tikmirler\/","og_site_name":"MEYDAN.TV","article_published_time":"2019-10-10T10:25:00+00:00","og_image":[{"width":1032,"height":774,"url":"https:\/\/www.meydan.tv\/wp-content\/uploads\/image_from_ios_7_2mavbrk.jpg","type":"image\/jpeg"}],"author":"user-manager","twitter_card":"summary_large_image","schema":{"@context":"https:\/\/schema.org","@graph":[{"@type":"Article","@id":"https:\/\/www.meydan.tv\/az\/article\/zelzeleden-7-il-kecib-hele-de-evimizi-tikmirler\/#article","isPartOf":{"@id":"https:\/\/www.meydan.tv\/az\/article\/zelzeleden-7-il-kecib-hele-de-evimizi-tikmirler\/"},"author":{"name":"user-manager","@id":"https:\/\/www.meydan.tv\/az\/#\/schema\/person\/10d11eccf6da3662cf5fdab9806ea91a"},"headline":"\u201cZ\u0259lz\u0259l\u0259d\u0259n 7 il ke\u00e7ib, h\u0259l\u0259 d\u0259 evimizi tikmirl\u0259r\u201d","datePublished":"2019-10-10T10:25:00+00:00","mainEntityOfPage":{"@id":"https:\/\/www.meydan.tv\/az\/article\/zelzeleden-7-il-kecib-hele-de-evimizi-tikmirler\/"},"wordCount":1053,"publisher":{"@id":"https:\/\/www.meydan.tv\/az\/#organization"},"image":{"@id":"https:\/\/www.meydan.tv\/az\/article\/zelzeleden-7-il-kecib-hele-de-evimizi-tikmirler\/#primaryimage"},"thumbnailUrl":"https:\/\/www.meydan.tv\/wp-content\/uploads\/image_from_ios_7_2mavbrk.jpg","articleSection":["B\u00f6lg\u0259"],"inLanguage":"az"},{"@type":"WebPage","@id":"https:\/\/www.meydan.tv\/az\/article\/zelzeleden-7-il-kecib-hele-de-evimizi-tikmirler\/","url":"https:\/\/www.meydan.tv\/az\/article\/zelzeleden-7-il-kecib-hele-de-evimizi-tikmirler\/","name":"\u201cZ\u0259lz\u0259l\u0259d\u0259n 7 il ke\u00e7ib, h\u0259l\u0259 d\u0259 evimizi tikmirl\u0259r\u201d - MEYDAN.TV","isPartOf":{"@id":"https:\/\/www.meydan.tv\/az\/#website"},"primaryImageOfPage":{"@id":"https:\/\/www.meydan.tv\/az\/article\/zelzeleden-7-il-kecib-hele-de-evimizi-tikmirler\/#primaryimage"},"image":{"@id":"https:\/\/www.meydan.tv\/az\/article\/zelzeleden-7-il-kecib-hele-de-evimizi-tikmirler\/#primaryimage"},"thumbnailUrl":"https:\/\/www.meydan.tv\/wp-content\/uploads\/image_from_ios_7_2mavbrk.jpg","datePublished":"2019-10-10T10:25:00+00:00","breadcrumb":{"@id":"https:\/\/www.meydan.tv\/az\/article\/zelzeleden-7-il-kecib-hele-de-evimizi-tikmirler\/#breadcrumb"},"inLanguage":"az","potentialAction":[{"@type":"ReadAction","target":["https:\/\/www.meydan.tv\/az\/article\/zelzeleden-7-il-kecib-hele-de-evimizi-tikmirler\/"]}]},{"@type":"ImageObject","inLanguage":"az","@id":"https:\/\/www.meydan.tv\/az\/article\/zelzeleden-7-il-kecib-hele-de-evimizi-tikmirler\/#primaryimage","url":"https:\/\/www.meydan.tv\/wp-content\/uploads\/image_from_ios_7_2mavbrk.jpg","contentUrl":"https:\/\/www.meydan.tv\/wp-content\/uploads\/image_from_ios_7_2mavbrk.jpg","width":1032,"height":774,"caption":"Source: Specify Source"},{"@type":"BreadcrumbList","@id":"https:\/\/www.meydan.tv\/az\/article\/zelzeleden-7-il-kecib-hele-de-evimizi-tikmirler\/#breadcrumb","itemListElement":[{"@type":"ListItem","position":1,"name":"Ana s\u0259hif\u0259","item":"https:\/\/www.meydan.tv\/az\/"},{"@type":"ListItem","position":2,"name":"B\u00f6lg\u0259","item":"https:\/\/www.meydan.tv\/az\/section\/bolge\/"},{"@type":"ListItem","position":3,"name":"\u201cZ\u0259lz\u0259l\u0259d\u0259n 7 il ke\u00e7ib, h\u0259l\u0259 d\u0259 evimizi tikmirl\u0259r\u201d"}]},{"@type":"WebSite","@id":"https:\/\/www.meydan.tv\/az\/#website","url":"https:\/\/www.meydan.tv\/az\/","name":"MEYDAN.TV","description":"Meydan TV Az\u0259rbaycan\u0131n media m\u0259kan\u0131ndak\u0131 alternativ s\u0259sidir","publisher":{"@id":"https:\/\/www.meydan.tv\/az\/#organization"},"potentialAction":[{"@type":"SearchAction","target":{"@type":"EntryPoint","urlTemplate":"https:\/\/www.meydan.tv\/az\/?s={search_term_string}"},"query-input":{"@type":"PropertyValueSpecification","valueRequired":true,"valueName":"search_term_string"}}],"inLanguage":"az"},{"@type":"Organization","@id":"https:\/\/www.meydan.tv\/az\/#organization","name":"Meydan TV","url":"https:\/\/www.meydan.tv\/az\/","logo":{"@type":"ImageObject","inLanguage":"az","@id":"https:\/\/www.meydan.tv\/az\/#\/schema\/logo\/image\/","url":"https:\/\/www.meydan.tv\/wp-content\/uploads\/2021\/07\/meydan-logo.svg","contentUrl":"https:\/\/www.meydan.tv\/wp-content\/uploads\/2021\/07\/meydan-logo.svg","width":195,"height":46,"caption":"Meydan TV"},"image":{"@id":"https:\/\/www.meydan.tv\/az\/#\/schema\/logo\/image\/"}},{"@type":"Person","@id":"https:\/\/www.meydan.tv\/az\/#\/schema\/person\/10d11eccf6da3662cf5fdab9806ea91a","name":"user-manager"}]}},"_links":{"self":[{"href":"https:\/\/www.meydan.tv\/az\/wp-json\/wp\/v2\/posts\/197383","targetHints":{"allow":["GET"]}}],"collection":[{"href":"https:\/\/www.meydan.tv\/az\/wp-json\/wp\/v2\/posts"}],"about":[{"href":"https:\/\/www.meydan.tv\/az\/wp-json\/wp\/v2\/types\/post"}],"author":[{"embeddable":true,"href":"https:\/\/www.meydan.tv\/az\/wp-json\/wp\/v2\/users\/11"}],"replies":[{"embeddable":true,"href":"https:\/\/www.meydan.tv\/az\/wp-json\/wp\/v2\/comments?post=197383"}],"version-history":[{"count":0,"href":"https:\/\/www.meydan.tv\/az\/wp-json\/wp\/v2\/posts\/197383\/revisions"}],"wp:featuredmedia":[{"embeddable":true,"href":"https:\/\/www.meydan.tv\/az\/wp-json\/wp\/v2\/media\/131094"}],"wp:attachment":[{"href":"https:\/\/www.meydan.tv\/az\/wp-json\/wp\/v2\/media?parent=197383"}],"wp:term":[{"taxonomy":"category","embeddable":true,"href":"https:\/\/www.meydan.tv\/az\/wp-json\/wp\/v2\/categories?post=197383"},{"taxonomy":"post_tag","embeddable":true,"href":"https:\/\/www.meydan.tv\/az\/wp-json\/wp\/v2\/tags?post=197383"}],"curies":[{"name":"wp","href":"https:\/\/api.w.org\/{rel}","templated":true}]}}