{"id":197366,"date":"2019-10-08T21:01:04","date_gmt":"2019-10-08T21:01:04","guid":{"rendered":"https:\/\/www.meydan.tv\/article\/kremli-ukrayna-ile-munaqisenin-hellinde-abs-rolunu-gorur\/"},"modified":"2019-10-08T21:01:04","modified_gmt":"2019-10-08T21:01:04","slug":"kremli-ukrayna-ile-munaqisenin-hellinde-abs-rolunu-gorur","status":"publish","type":"post","link":"https:\/\/www.meydan.tv\/az\/article\/kremli-ukrayna-ile-munaqisenin-hellinde-abs-rolunu-gorur\/","title":{"rendered":"Kremli Ukrayna il\u0259 m\u00fcnaqi\u015f\u0259nin h\u0259llind\u0259 AB\u015e-\u0131n rolunu g\u00f6r\u00fcr"},"content":{"rendered":"<p>\n  <i><br \/>\n    Kremli deyir ki, Rusiya-Ukrayna m\u00fcnaqi\u015f\u0259sinin h\u0259llind\u0259 AB\u015e k\u00f6m\u0259k\u00e7i rol oynaya bil\u0259r<br \/>\n  <\/i>\n<\/p>\n<p>\n  \u201cAB\u015e Kiyev \u00fcz\u0259rind\u0259ki t\u0259sirind\u0259n \u015f\u00fcbh\u0259siz ki, Ukraynan\u0131n Minsk raz\u0131la\u015fmalar\u0131n\u0131n \u00f6hd\u0259likl\u0259rini \u0259n q\u0131sa m\u00fcdd\u0259td\u0259 yerin\u0259 yetirm\u0259si \u00fc\u00e7\u00fcn istifad\u0259 ed\u0259 bil\u0259r\u201d,- Kremlin s\u00f6zc\u00fcs\u00fc Dmitri Peskov oktyabr\u0131n 8-d\u0259 jurnalistl\u0259r\u0259 Moskvan\u0131n m\u00fcnaqi\u015f\u0259ni h\u0259ll etm\u0259k \u00fc\u00e7\u00fcn Va\u015finqtonun Normandiya Format dan\u0131\u015f\u0131qlar\u0131na qo\u015fulmas\u0131na d\u0259st\u0259k verm\u0259y\u0259c\u0259yini bildir\u0259rk\u0259n s\u00f6yl\u0259yib.\n<\/p>\n<p>\n  Rusiya, Ukrayna, Almaniya v\u0259 Fransa \u201cNormandy Four\u201d (Normandiya D\u00f6rd) adland\u0131r\u0131lan \u00f6lk\u0259l\u0259r birliyini yarad\u0131blar. Lakin onlar 2016-c\u0131 ilin oktyabr\u0131ndan b\u0259ri s\u00fclh dan\u0131\u015f\u0131qlar\u0131 \u00fc\u00e7\u00fcn bir araya g\u0259lm\u0259yibl\u0259r.\n<\/p>\n<p>\n  Rusiya 2014-c\u00fc ild\u0259 Ukraynan\u0131n Kr\u0131m yar\u0131madas\u0131n\u0131 \u0259l\u0259 ke\u00e7irib. M\u00f6skva Kremlin t\u0259r\u0259fdar\u0131 olan Viktor Yanukovi\u00e7 devrildikd\u0259n v\u0259 q\u0259rby\u00f6n\u00fcml\u00fc Petro Poro\u015fenko prezident se\u00e7ildikd\u0259n sonra Ukraynan\u0131n \u015f\u0259rqind\u0259ki Luqansk v\u0259 Donetsk b\u00f6lg\u0259l\u0259rind\u0259 separat\u00e7\u0131 h\u0259r\u0259kat\u0131 d\u0259st\u0259kl\u0259yib.\n<\/p>\n<p>\n  Ke\u00e7\u0259n h\u0259ft\u0259 Ukrayna prezidenti Vladimir (Volodymyr) Zelenskinin a\u00e7\u0131qlad\u0131\u011f\u0131 b\u0259yannam\u0259 Normandiya D\u00f6rd\u00fcn d\u00f6y\u00fc\u015fl\u0259rin sona \u00e7atmas\u0131 v\u0259 konfliktin h\u0259ll yolu tapmas\u0131 \u00fc\u00e7\u00fcn dan\u0131\u015f\u0131qlar aparmas\u0131na potensial yol a\u00e7\u0131b. B\u0259yannam\u0259d\u0259 qeyd edilir ki, Ukrayna m\u00fc\u0259yy\u0259n t\u0259hl\u00fck\u0259sizlik \u015f\u0259rtl\u0259ri alt\u0131nda \u015f\u0259rqind\u0259 yerl\u0259\u015f\u0259n separat\u00e7\u0131 b\u00f6lg\u0259l\u0259rd\u0259 yerli se\u00e7kil\u0259rin ke\u00e7irilm\u0259sin\u0259 imkan ver\u0259c\u0259k. Ukraynadak\u0131 konflikt 2014-c\u00fc ilin aprel ay\u0131ndan b\u0259ri 13,000-d\u0259n \u00e7ox insan\u0131n \u00f6l\u00fcm\u00fcn\u0259 s\u0259b\u0259b olub.\n<\/p>\n<p>\n  Minskd\u0259 Belarus prezidenti Aleksandr Luka\u015fenko deyib ki, Ukraynan\u0131n \u015f\u0259rqind\u0259ki m\u00fcnaqi\u015f\u0259nin h\u0259lli AB\u015e-\u0131n i\u015ftirak\u0131 olmadan m\u00fcmk\u00fcn deyil.\n<\/p>\n<p>\n  \u201cAB\u015e-\u0131n i\u015ftirak\u0131 olmadan m\u00fcnaqi\u015f\u0259ni h\u0259ll etm\u0259k m\u00fcmk\u00fcn olmayacaq,\u201d &#8211; Luka\u015fenko deyib.\n<\/p>\n<p>\n  \u201cUkrayna m\u00fcnaqi\u015f\u0259si yaln\u0131z bizim \u00fc\u00e7\u00fcn bir problem deyil, onu h\u0259ll etm\u0259k laz\u0131md\u0131r. D\u00fc\u015f\u00fcnc\u0259l\u0259rimizi ona y\u00f6nl\u0259ndirs\u0259k, onda biz bunu ed\u0259 bil\u0259c\u0259yik. Yox, etm\u0259s\u0259k, biz toplanaca\u011f\u0131q v\u0259 dan\u0131\u015faca\u011f\u0131q, amma bu, yet\u0259rli olmayacaq\u201d- dey\u0259, o \u0259lav\u0259 edib.\n<\/p>\n<p>\n  Belarus Rusiyan\u0131n yax\u0131n m\u00fctt\u0259fiqidir.<\/p>\n","protected":false},"excerpt":{"rendered":"<p>Kremli deyir ki, Rusiya-Ukrayna m\u00fcnaqi\u015f\u0259sinin h\u0259llind\u0259 AB\u015e k\u00f6m\u0259k\u00e7i rol oynaya bil\u0259r<\/p>\n","protected":false},"author":11,"featured_media":124209,"comment_status":"closed","ping_status":"open","sticky":false,"template":"","format":"standard","meta":{"_acf_changed":false,"_sitemap_exclude":false,"_sitemap_priority":"","_sitemap_frequency":"","footnotes":""},"categories":[64],"tags":[],"class_list":["post-197366","post","type-post","status-publish","format-standard","has-post-thumbnail","hentry","category-dunya","infinite-scroll-item","generate-columns","tablet-grid-50","mobile-grid-100","grid-parent","grid-33","no-featured-image-padding"],"acf":[],"yoast_head":"<!-- This site is optimized with the Yoast SEO plugin v27.5 - https:\/\/yoast.com\/product\/yoast-seo-wordpress\/ -->\n<title>Kremli Ukrayna il\u0259 m\u00fcnaqi\u015f\u0259nin h\u0259llind\u0259 AB\u015e-\u0131n rolunu g\u00f6r\u00fcr - MEYDAN.TV<\/title>\n<meta name=\"robots\" content=\"index, follow, max-snippet:-1, max-image-preview:large, max-video-preview:-1\" \/>\n<link rel=\"canonical\" href=\"https:\/\/www.meydan.tv\/az\/article\/kremli-ukrayna-ile-munaqisenin-hellinde-abs-rolunu-gorur\/\" \/>\n<meta property=\"og:locale\" content=\"az_AZ\" \/>\n<meta property=\"og:type\" content=\"article\" \/>\n<meta property=\"og:title\" content=\"Kremli Ukrayna il\u0259 m\u00fcnaqi\u015f\u0259nin h\u0259llind\u0259 AB\u015e-\u0131n rolunu g\u00f6r\u00fcr - MEYDAN.TV\" \/>\n<meta property=\"og:description\" content=\"Kremli deyir ki, Rusiya-Ukrayna m\u00fcnaqi\u015f\u0259sinin h\u0259llind\u0259 AB\u015e k\u00f6m\u0259k\u00e7i rol oynaya bil\u0259r\" \/>\n<meta property=\"og:url\" content=\"https:\/\/www.meydan.tv\/az\/article\/kremli-ukrayna-ile-munaqisenin-hellinde-abs-rolunu-gorur\/\" \/>\n<meta property=\"og:site_name\" content=\"MEYDAN.TV\" \/>\n<meta property=\"article:published_time\" content=\"2019-10-08T21:01:04+00:00\" \/>\n<meta property=\"og:image\" content=\"https:\/\/www.meydan.tv\/wp-content\/uploads\/cnzocg5xeaa75e4-1.jpg\" \/>\n\t<meta property=\"og:image:width\" content=\"1023\" \/>\n\t<meta property=\"og:image:height\" content=\"682\" \/>\n\t<meta property=\"og:image:type\" content=\"image\/jpeg\" \/>\n<meta name=\"author\" content=\"user-manager\" \/>\n<meta name=\"twitter:card\" content=\"summary_large_image\" \/>\n<script type=\"application\/ld+json\" class=\"yoast-schema-graph\">{\"@context\":\"https:\\\/\\\/schema.org\",\"@graph\":[{\"@type\":\"Article\",\"@id\":\"https:\\\/\\\/www.meydan.tv\\\/az\\\/article\\\/kremli-ukrayna-ile-munaqisenin-hellinde-abs-rolunu-gorur\\\/#article\",\"isPartOf\":{\"@id\":\"https:\\\/\\\/www.meydan.tv\\\/az\\\/article\\\/kremli-ukrayna-ile-munaqisenin-hellinde-abs-rolunu-gorur\\\/\"},\"author\":{\"name\":\"user-manager\",\"@id\":\"https:\\\/\\\/www.meydan.tv\\\/az\\\/#\\\/schema\\\/person\\\/10d11eccf6da3662cf5fdab9806ea91a\"},\"headline\":\"Kremli Ukrayna il\u0259 m\u00fcnaqi\u015f\u0259nin h\u0259llind\u0259 AB\u015e-\u0131n rolunu g\u00f6r\u00fcr\",\"datePublished\":\"2019-10-08T21:01:04+00:00\",\"mainEntityOfPage\":{\"@id\":\"https:\\\/\\\/www.meydan.tv\\\/az\\\/article\\\/kremli-ukrayna-ile-munaqisenin-hellinde-abs-rolunu-gorur\\\/\"},\"wordCount\":416,\"publisher\":{\"@id\":\"https:\\\/\\\/www.meydan.tv\\\/az\\\/#organization\"},\"image\":{\"@id\":\"https:\\\/\\\/www.meydan.tv\\\/az\\\/article\\\/kremli-ukrayna-ile-munaqisenin-hellinde-abs-rolunu-gorur\\\/#primaryimage\"},\"thumbnailUrl\":\"https:\\\/\\\/www.meydan.tv\\\/wp-content\\\/uploads\\\/cnzocg5xeaa75e4-1.jpg\",\"articleSection\":[\"D\u00fcnya\"],\"inLanguage\":\"az\"},{\"@type\":\"WebPage\",\"@id\":\"https:\\\/\\\/www.meydan.tv\\\/az\\\/article\\\/kremli-ukrayna-ile-munaqisenin-hellinde-abs-rolunu-gorur\\\/\",\"url\":\"https:\\\/\\\/www.meydan.tv\\\/az\\\/article\\\/kremli-ukrayna-ile-munaqisenin-hellinde-abs-rolunu-gorur\\\/\",\"name\":\"Kremli Ukrayna il\u0259 m\u00fcnaqi\u015f\u0259nin h\u0259llind\u0259 AB\u015e-\u0131n rolunu g\u00f6r\u00fcr - MEYDAN.TV\",\"isPartOf\":{\"@id\":\"https:\\\/\\\/www.meydan.tv\\\/az\\\/#website\"},\"primaryImageOfPage\":{\"@id\":\"https:\\\/\\\/www.meydan.tv\\\/az\\\/article\\\/kremli-ukrayna-ile-munaqisenin-hellinde-abs-rolunu-gorur\\\/#primaryimage\"},\"image\":{\"@id\":\"https:\\\/\\\/www.meydan.tv\\\/az\\\/article\\\/kremli-ukrayna-ile-munaqisenin-hellinde-abs-rolunu-gorur\\\/#primaryimage\"},\"thumbnailUrl\":\"https:\\\/\\\/www.meydan.tv\\\/wp-content\\\/uploads\\\/cnzocg5xeaa75e4-1.jpg\",\"datePublished\":\"2019-10-08T21:01:04+00:00\",\"breadcrumb\":{\"@id\":\"https:\\\/\\\/www.meydan.tv\\\/az\\\/article\\\/kremli-ukrayna-ile-munaqisenin-hellinde-abs-rolunu-gorur\\\/#breadcrumb\"},\"inLanguage\":\"az\",\"potentialAction\":[{\"@type\":\"ReadAction\",\"target\":[\"https:\\\/\\\/www.meydan.tv\\\/az\\\/article\\\/kremli-ukrayna-ile-munaqisenin-hellinde-abs-rolunu-gorur\\\/\"]}]},{\"@type\":\"ImageObject\",\"inLanguage\":\"az\",\"@id\":\"https:\\\/\\\/www.meydan.tv\\\/az\\\/article\\\/kremli-ukrayna-ile-munaqisenin-hellinde-abs-rolunu-gorur\\\/#primaryimage\",\"url\":\"https:\\\/\\\/www.meydan.tv\\\/wp-content\\\/uploads\\\/cnzocg5xeaa75e4-1.jpg\",\"contentUrl\":\"https:\\\/\\\/www.meydan.tv\\\/wp-content\\\/uploads\\\/cnzocg5xeaa75e4-1.jpg\",\"width\":1023,\"height\":682,\"caption\":\"Source: Anna-News\"},{\"@type\":\"BreadcrumbList\",\"@id\":\"https:\\\/\\\/www.meydan.tv\\\/az\\\/article\\\/kremli-ukrayna-ile-munaqisenin-hellinde-abs-rolunu-gorur\\\/#breadcrumb\",\"itemListElement\":[{\"@type\":\"ListItem\",\"position\":1,\"name\":\"Ana s\u0259hif\u0259\",\"item\":\"https:\\\/\\\/www.meydan.tv\\\/az\\\/\"},{\"@type\":\"ListItem\",\"position\":2,\"name\":\"D\u00fcnya\",\"item\":\"https:\\\/\\\/www.meydan.tv\\\/az\\\/section\\\/dunya\\\/\"},{\"@type\":\"ListItem\",\"position\":3,\"name\":\"Kremli Ukrayna il\u0259 m\u00fcnaqi\u015f\u0259nin h\u0259llind\u0259 AB\u015e-\u0131n rolunu g\u00f6r\u00fcr\"}]},{\"@type\":\"WebSite\",\"@id\":\"https:\\\/\\\/www.meydan.tv\\\/az\\\/#website\",\"url\":\"https:\\\/\\\/www.meydan.tv\\\/az\\\/\",\"name\":\"MEYDAN.TV\",\"description\":\"Meydan TV Az\u0259rbaycan\u0131n media m\u0259kan\u0131ndak\u0131 alternativ s\u0259sidir\",\"publisher\":{\"@id\":\"https:\\\/\\\/www.meydan.tv\\\/az\\\/#organization\"},\"potentialAction\":[{\"@type\":\"SearchAction\",\"target\":{\"@type\":\"EntryPoint\",\"urlTemplate\":\"https:\\\/\\\/www.meydan.tv\\\/az\\\/?s={search_term_string}\"},\"query-input\":{\"@type\":\"PropertyValueSpecification\",\"valueRequired\":true,\"valueName\":\"search_term_string\"}}],\"inLanguage\":\"az\"},{\"@type\":\"Organization\",\"@id\":\"https:\\\/\\\/www.meydan.tv\\\/az\\\/#organization\",\"name\":\"Meydan TV\",\"url\":\"https:\\\/\\\/www.meydan.tv\\\/az\\\/\",\"logo\":{\"@type\":\"ImageObject\",\"inLanguage\":\"az\",\"@id\":\"https:\\\/\\\/www.meydan.tv\\\/az\\\/#\\\/schema\\\/logo\\\/image\\\/\",\"url\":\"https:\\\/\\\/www.meydan.tv\\\/wp-content\\\/uploads\\\/2021\\\/07\\\/meydan-logo.svg\",\"contentUrl\":\"https:\\\/\\\/www.meydan.tv\\\/wp-content\\\/uploads\\\/2021\\\/07\\\/meydan-logo.svg\",\"width\":195,\"height\":46,\"caption\":\"Meydan TV\"},\"image\":{\"@id\":\"https:\\\/\\\/www.meydan.tv\\\/az\\\/#\\\/schema\\\/logo\\\/image\\\/\"}},{\"@type\":\"Person\",\"@id\":\"https:\\\/\\\/www.meydan.tv\\\/az\\\/#\\\/schema\\\/person\\\/10d11eccf6da3662cf5fdab9806ea91a\",\"name\":\"user-manager\"}]}<\/script>\n<!-- \/ Yoast SEO plugin. -->","yoast_head_json":{"title":"Kremli Ukrayna il\u0259 m\u00fcnaqi\u015f\u0259nin h\u0259llind\u0259 AB\u015e-\u0131n rolunu g\u00f6r\u00fcr - MEYDAN.TV","robots":{"index":"index","follow":"follow","max-snippet":"max-snippet:-1","max-image-preview":"max-image-preview:large","max-video-preview":"max-video-preview:-1"},"canonical":"https:\/\/www.meydan.tv\/az\/article\/kremli-ukrayna-ile-munaqisenin-hellinde-abs-rolunu-gorur\/","og_locale":"az_AZ","og_type":"article","og_title":"Kremli Ukrayna il\u0259 m\u00fcnaqi\u015f\u0259nin h\u0259llind\u0259 AB\u015e-\u0131n rolunu g\u00f6r\u00fcr - MEYDAN.TV","og_description":"Kremli deyir ki, Rusiya-Ukrayna m\u00fcnaqi\u015f\u0259sinin h\u0259llind\u0259 AB\u015e k\u00f6m\u0259k\u00e7i rol oynaya bil\u0259r","og_url":"https:\/\/www.meydan.tv\/az\/article\/kremli-ukrayna-ile-munaqisenin-hellinde-abs-rolunu-gorur\/","og_site_name":"MEYDAN.TV","article_published_time":"2019-10-08T21:01:04+00:00","og_image":[{"width":1023,"height":682,"url":"https:\/\/www.meydan.tv\/wp-content\/uploads\/cnzocg5xeaa75e4-1.jpg","type":"image\/jpeg"}],"author":"user-manager","twitter_card":"summary_large_image","schema":{"@context":"https:\/\/schema.org","@graph":[{"@type":"Article","@id":"https:\/\/www.meydan.tv\/az\/article\/kremli-ukrayna-ile-munaqisenin-hellinde-abs-rolunu-gorur\/#article","isPartOf":{"@id":"https:\/\/www.meydan.tv\/az\/article\/kremli-ukrayna-ile-munaqisenin-hellinde-abs-rolunu-gorur\/"},"author":{"name":"user-manager","@id":"https:\/\/www.meydan.tv\/az\/#\/schema\/person\/10d11eccf6da3662cf5fdab9806ea91a"},"headline":"Kremli Ukrayna il\u0259 m\u00fcnaqi\u015f\u0259nin h\u0259llind\u0259 AB\u015e-\u0131n rolunu g\u00f6r\u00fcr","datePublished":"2019-10-08T21:01:04+00:00","mainEntityOfPage":{"@id":"https:\/\/www.meydan.tv\/az\/article\/kremli-ukrayna-ile-munaqisenin-hellinde-abs-rolunu-gorur\/"},"wordCount":416,"publisher":{"@id":"https:\/\/www.meydan.tv\/az\/#organization"},"image":{"@id":"https:\/\/www.meydan.tv\/az\/article\/kremli-ukrayna-ile-munaqisenin-hellinde-abs-rolunu-gorur\/#primaryimage"},"thumbnailUrl":"https:\/\/www.meydan.tv\/wp-content\/uploads\/cnzocg5xeaa75e4-1.jpg","articleSection":["D\u00fcnya"],"inLanguage":"az"},{"@type":"WebPage","@id":"https:\/\/www.meydan.tv\/az\/article\/kremli-ukrayna-ile-munaqisenin-hellinde-abs-rolunu-gorur\/","url":"https:\/\/www.meydan.tv\/az\/article\/kremli-ukrayna-ile-munaqisenin-hellinde-abs-rolunu-gorur\/","name":"Kremli Ukrayna il\u0259 m\u00fcnaqi\u015f\u0259nin h\u0259llind\u0259 AB\u015e-\u0131n rolunu g\u00f6r\u00fcr - MEYDAN.TV","isPartOf":{"@id":"https:\/\/www.meydan.tv\/az\/#website"},"primaryImageOfPage":{"@id":"https:\/\/www.meydan.tv\/az\/article\/kremli-ukrayna-ile-munaqisenin-hellinde-abs-rolunu-gorur\/#primaryimage"},"image":{"@id":"https:\/\/www.meydan.tv\/az\/article\/kremli-ukrayna-ile-munaqisenin-hellinde-abs-rolunu-gorur\/#primaryimage"},"thumbnailUrl":"https:\/\/www.meydan.tv\/wp-content\/uploads\/cnzocg5xeaa75e4-1.jpg","datePublished":"2019-10-08T21:01:04+00:00","breadcrumb":{"@id":"https:\/\/www.meydan.tv\/az\/article\/kremli-ukrayna-ile-munaqisenin-hellinde-abs-rolunu-gorur\/#breadcrumb"},"inLanguage":"az","potentialAction":[{"@type":"ReadAction","target":["https:\/\/www.meydan.tv\/az\/article\/kremli-ukrayna-ile-munaqisenin-hellinde-abs-rolunu-gorur\/"]}]},{"@type":"ImageObject","inLanguage":"az","@id":"https:\/\/www.meydan.tv\/az\/article\/kremli-ukrayna-ile-munaqisenin-hellinde-abs-rolunu-gorur\/#primaryimage","url":"https:\/\/www.meydan.tv\/wp-content\/uploads\/cnzocg5xeaa75e4-1.jpg","contentUrl":"https:\/\/www.meydan.tv\/wp-content\/uploads\/cnzocg5xeaa75e4-1.jpg","width":1023,"height":682,"caption":"Source: Anna-News"},{"@type":"BreadcrumbList","@id":"https:\/\/www.meydan.tv\/az\/article\/kremli-ukrayna-ile-munaqisenin-hellinde-abs-rolunu-gorur\/#breadcrumb","itemListElement":[{"@type":"ListItem","position":1,"name":"Ana s\u0259hif\u0259","item":"https:\/\/www.meydan.tv\/az\/"},{"@type":"ListItem","position":2,"name":"D\u00fcnya","item":"https:\/\/www.meydan.tv\/az\/section\/dunya\/"},{"@type":"ListItem","position":3,"name":"Kremli Ukrayna il\u0259 m\u00fcnaqi\u015f\u0259nin h\u0259llind\u0259 AB\u015e-\u0131n rolunu g\u00f6r\u00fcr"}]},{"@type":"WebSite","@id":"https:\/\/www.meydan.tv\/az\/#website","url":"https:\/\/www.meydan.tv\/az\/","name":"MEYDAN.TV","description":"Meydan TV Az\u0259rbaycan\u0131n media m\u0259kan\u0131ndak\u0131 alternativ s\u0259sidir","publisher":{"@id":"https:\/\/www.meydan.tv\/az\/#organization"},"potentialAction":[{"@type":"SearchAction","target":{"@type":"EntryPoint","urlTemplate":"https:\/\/www.meydan.tv\/az\/?s={search_term_string}"},"query-input":{"@type":"PropertyValueSpecification","valueRequired":true,"valueName":"search_term_string"}}],"inLanguage":"az"},{"@type":"Organization","@id":"https:\/\/www.meydan.tv\/az\/#organization","name":"Meydan TV","url":"https:\/\/www.meydan.tv\/az\/","logo":{"@type":"ImageObject","inLanguage":"az","@id":"https:\/\/www.meydan.tv\/az\/#\/schema\/logo\/image\/","url":"https:\/\/www.meydan.tv\/wp-content\/uploads\/2021\/07\/meydan-logo.svg","contentUrl":"https:\/\/www.meydan.tv\/wp-content\/uploads\/2021\/07\/meydan-logo.svg","width":195,"height":46,"caption":"Meydan TV"},"image":{"@id":"https:\/\/www.meydan.tv\/az\/#\/schema\/logo\/image\/"}},{"@type":"Person","@id":"https:\/\/www.meydan.tv\/az\/#\/schema\/person\/10d11eccf6da3662cf5fdab9806ea91a","name":"user-manager"}]}},"_links":{"self":[{"href":"https:\/\/www.meydan.tv\/az\/wp-json\/wp\/v2\/posts\/197366","targetHints":{"allow":["GET"]}}],"collection":[{"href":"https:\/\/www.meydan.tv\/az\/wp-json\/wp\/v2\/posts"}],"about":[{"href":"https:\/\/www.meydan.tv\/az\/wp-json\/wp\/v2\/types\/post"}],"author":[{"embeddable":true,"href":"https:\/\/www.meydan.tv\/az\/wp-json\/wp\/v2\/users\/11"}],"replies":[{"embeddable":true,"href":"https:\/\/www.meydan.tv\/az\/wp-json\/wp\/v2\/comments?post=197366"}],"version-history":[{"count":0,"href":"https:\/\/www.meydan.tv\/az\/wp-json\/wp\/v2\/posts\/197366\/revisions"}],"wp:featuredmedia":[{"embeddable":true,"href":"https:\/\/www.meydan.tv\/az\/wp-json\/wp\/v2\/media\/124209"}],"wp:attachment":[{"href":"https:\/\/www.meydan.tv\/az\/wp-json\/wp\/v2\/media?parent=197366"}],"wp:term":[{"taxonomy":"category","embeddable":true,"href":"https:\/\/www.meydan.tv\/az\/wp-json\/wp\/v2\/categories?post=197366"},{"taxonomy":"post_tag","embeddable":true,"href":"https:\/\/www.meydan.tv\/az\/wp-json\/wp\/v2\/tags?post=197366"}],"curies":[{"name":"wp","href":"https:\/\/api.w.org\/{rel}","templated":true}]}}