{"id":197358,"date":"2019-10-08T16:43:31","date_gmt":"2019-10-08T16:43:31","guid":{"rendered":"https:\/\/www.meydan.tv\/article\/abs-qosunlarinin-geri-cekilmesi-turk-ve-kurd-quvvelerini-qarsi-qarsiya-qoyub\/"},"modified":"2019-10-08T16:43:31","modified_gmt":"2019-10-08T16:43:31","slug":"abs-qosunlarinin-geri-cekilmesi-turk-ve-kurd-quvvelerini-qarsi-qarsiya-qoyub","status":"publish","type":"post","link":"https:\/\/www.meydan.tv\/az\/article\/abs-qosunlarinin-geri-cekilmesi-turk-ve-kurd-quvvelerini-qarsi-qarsiya-qoyub\/","title":{"rendered":"AB\u015e qo\u015funlar\u0131n\u0131n geri \u00e7\u0259kilm\u0259si t\u00fcrk v\u0259 k\u00fcrd q\u00fcvv\u0259l\u0259rini qar\u015f\u0131-qar\u015f\u0131ya qoyub"},"content":{"rendered":"<p>\n  <i><br \/>\n    \u201cSuriyan\u0131n \u015fimal-\u015f\u0259rqind\u0259 m\u00fcmk\u00fcn h\u0259rbi \u0259m\u0259liyyat \u00fc\u00e7\u00fcn b\u00fct\u00fcn haz\u0131rl\u0131qlar tamamlan\u0131b&#8230;\u201d<br \/>\n  <\/i>\n<\/p>\n<p>\n  \u201cSuriyadak\u0131 k\u00fcrd q\u00fcvv\u0259l\u0259ri deyib ki, AB\u015e q\u00fcvv\u0259l\u0259ri T\u00fcrkiy\u0259-Suriya s\u0259rh\u0259ddind\u0259n q\u0259fil \u00e7\u0259kilm\u0259y\u0259 ba\u015flayaraq k\u00fcrd m\u00fctt\u0259fiql\u0259rini t\u00fcrk i\u015f\u011fal\u0131 il\u0259 qar\u015f\u0131-qar\u015f\u0131ya qoyub\u201d. \u201cThe Guardian\u201d x\u0259b\u0259r verir ki, on minl\u0259rl\u0259 tan\u0131nmam\u0131\u015f \u0130slam D\u00f6vl\u0259ti d\u00f6y\u00fc\u015f\u00e7\u00fcs\u00fcn\u00fcn v\u0259 onlar\u0131n ail\u0259l\u0259rinin taleyi qeyri-m\u00fc\u0259yy\u0259n olaraq qal\u0131r.\n<\/p>\n<p>\n  Bazar ert\u0259si g\u00fcn\u00fc AB\u015e silahl\u0131 q\u00fcvv\u0259l\u0259ri geri \u00e7\u0259kildikc\u0259, t\u00fcrk q\u00fcvv\u0259l\u0259ri Suriyan\u0131n \u015fimal-\u015f\u0259rqind\u0259ki k\u00fcrdl\u0259rin \u00e7oxluq t\u0259\u015fkil etdiyi s\u0259rh\u0259d \u0259razil\u0259rin\u0259 toplan\u0131b.\n<\/p>\n<p>\n  T\u00fcrk q\u00fcvv\u0259l\u0259rinin h\u00fccum t\u0259hdidi avqust ay\u0131nda \u0259ld\u0259 olunmu\u015f AB\u015e-T\u00fcrkiy\u0259 raz\u0131la\u015fmas\u0131n\u0131n sona \u00e7atmas\u0131 dem\u0259kdir. H\u0259r iki \u00f6lk\u0259 iki ay \u00f6nc\u0259 raz\u0131l\u0131\u011fa g\u0259l\u0259r\u0259k qo\u015funlar\u0131 s\u0259rh\u0259d boyunca neytral \u0259razid\u0259 birg\u0259 patrul h\u0259yata ke\u00e7irm\u0259y\u0259 q\u0259rar verib. Bununla Va\u015finqton Ankaran\u0131n raz\u0131l\u0131\u011f\u0131yla T\u00fcrkiy\u0259 il\u0259 k\u00fcrd q\u00fcvv\u0259l\u0259rini bir-birind\u0259n ay\u0131rma\u011fa v\u0259 t\u0259hl\u00fck\u0259sizliyi t\u0259min etm\u0259y\u0259 \u00e7al\u0131\u015f\u0131b. Buna baxmayaraq, bu planlama h\u0259r zaman g\u0259rginlikl\u0259rl\u0259 m\u00fc\u015fahid\u0259 edilib. Bel\u0259 ki, bu m\u00fcdd\u0259t \u0259rzind\u0259 T\u00fcrkiy\u0259 Suriyan\u0131n daxilind\u0259 h\u0259rbi m\u0259nt\u0259q\u0259l\u0259r qurma\u011fa v\u0259 k\u00fcrd olmayan suriyal\u0131 qa\u00e7q\u0131nlar\u0131 t\u0259yin olunmu\u015f t\u0259hl\u00fck\u0259siz zonada yerl\u0259\u015fdirm\u0259y\u0259 \u00e7al\u0131\u015f\u0131b. T\u00fcrkl\u0259rin bu t\u0259l\u0259bl\u0259rin\u0259 k\u00fcrdl\u0259rin r\u0259hb\u0259rlik etdiyi Suriya Demokratik Q\u00fcvv\u0259l\u0259ri (SDF) qar\u015f\u0131 \u00e7\u0131x\u0131b.\n<\/p>\n<p>\n  Bazar g\u00fcn\u00fc Donald Tramp il\u0259 telefon dan\u0131\u015f\u0131\u011f\u0131nda T\u00fcrkiy\u0259 prezidenti R\u0259c\u0259b Tayyib \u018frdo\u011fan AB\u015e prezidentin\u0259 art\u0131q ortaq s\u0259rh\u0259d t\u0259nziml\u0259m\u0259sin\u0259 tabe olmayaca\u011f\u0131n\u0131 v\u0259 qon\u015fu \u00f6lk\u0259 Suriyan\u0131 i\u015f\u011fal etm\u0259y\u0259 haz\u0131rla\u015fd\u0131\u011f\u0131n\u0131 s\u00f6yl\u0259diyi qeyd edilir.\n<\/p>\n<p>\n  Telefon dan\u0131\u015f\u0131\u011f\u0131ndan sonra A\u011f Ev b\u0259yanat (Tramp t\u0259r\u0259find\u0259n birba\u015fa dikt\u0259 edildiyini g\u00f6st\u0259r\u0259n) yay\u0131b: \u201cT\u00fcrkiy\u0259 tezlikl\u0259 Suriyan\u0131n \u015fimal\u0131na do\u011fru uzun m\u00fcdd\u0259tdir planlanan \u0259m\u0259liyyat\u0131 h\u0259yata ke\u00e7ir\u0259r\u0259k ir\u0259lil\u0259y\u0259c\u0259k\u201d. B\u0259yanatda qeyd edilir ki, AB\u015e q\u00fcvv\u0259l\u0259ri \u0259razid\u0259n \u00e7\u0131xar\u0131l\u0131b.\n<\/p>\n<p>\n  SDF bazar ert\u0259si g\u00fcn\u00fc deyib ki, AB\u015e T\u00fcrkiy\u0259 s\u0259rh\u0259di boyunca olan b\u00f6lg\u0259l\u0259rd\u0259n qo\u015funlar\u0131 \u00e7\u0131xarma\u011fa ba\u015flay\u0131b. K\u00fcrd x\u0259b\u0259r agentliyi \u201cHawar\u201d-da yay\u0131mlanan g\u00f6r\u00fcnt\u00fcl\u0259rd\u0259 AB\u015e zirehli texnikalar\u0131n\u0131n s\u0259rh\u0259d b\u00f6lg\u0259sind\u0259ki \u0259sas m\u00f6vqel\u0259rd\u0259n geri \u00e7\u0259kildiyi g\u00f6st\u0259rilir.\n<\/p>\n<p>\n  SDF s\u00f6zc\u00fcs\u00fc Mustafa Bali AB\u015e-\u0131 b\u00f6lg\u0259d\u0259n \u00e7\u0259kilm\u0259kl\u0259 bu \u0259razil\u0259ri \u201cm\u00fcharib\u0259 b\u00f6lg\u0259sin\u0259 \u00e7evirm\u0259kd\u0259\u201d g\u00fcnahland\u0131r\u0131b. Bali qeyd edib ki, SDF \u201cSuriyan\u0131n \u015fimal-\u015f\u0259rqini n\u0259 bahas\u0131na olursa olsun m\u00fcdafi\u0259 ed\u0259c\u0259k\u201d.\n<\/p>\n<p>\n  \u00c7\u0259r\u015f\u0259nb\u0259 ax\u015fam\u0131 Suriyan\u0131n xarici i\u015fl\u0259r nazirinin m\u00fcavini Faisal Mekdad \u00f6lk\u0259nin k\u00fcrdl\u0259rini h\u00f6kum\u0259t t\u0259r\u0259find\u0259 birl\u0259\u015fm\u0259y\u0259 \u00e7a\u011f\u0131r\u0131b. \u201cV\u0259t\u0259n b\u00fct\u00fcn o\u011fullar\u0131n\u0131 alq\u0131\u015flay\u0131r v\u0259 D\u0259m\u0259\u015fq Suriyan\u0131n b\u00fct\u00fcn probleml\u0259rini zorak\u0131l\u0131qdan uzaq bir \u015f\u0259kild\u0259 h\u0259ll ed\u0259c\u0259k\u201d, &#8211; Mekdad h\u00f6kum\u0259ty\u00f6nl\u00fc bir q\u0259zet\u0259 verdiyi m\u00fcsahib\u0259sind\u0259 qeyd edib.\n<\/p>\n<p>\n  T\u00fcrkiy\u0259nin M\u00fcdafi\u0259 Nazirliyi bazar ert\u0259si gec\u0259 saatlarda \u201cTwitter\u201d hesab\u0131nda b\u0259yan edib: \u201cSuriyan\u0131n \u015fimal-\u015f\u0259rqind\u0259 m\u00fcmk\u00fcn h\u0259rbi \u0259m\u0259liyyat \u00fc\u00e7\u00fcn b\u00fct\u00fcn haz\u0131rl\u0131qlar tamamlan\u0131b&#8230; T\u0259hl\u00fck\u0259siz b\u00f6lg\u0259nin yarad\u0131lmas\u0131 b\u00f6lg\u0259nin sabitliyin\u0259 v\u0259 \u0259min-amanl\u0131\u011f\u0131na t\u00f6hf\u0259 verm\u0259k v\u0259 suriyal\u0131lar\u0131n t\u0259hl\u00fck\u0259siz ya\u015famalar\u0131 \u00fc\u00e7\u00fcn vacibdir\u201d.\n<\/p>\n<p>\n  AB\u015e m\u00fchafiz\u0259karlar\u0131 Tramp\u0131 \u0130\u015e\u0130D-in m\u0259\u011flubiyy\u0259tind\u0259 \u0259sas q\u00fcvv\u0259 olan k\u00fcrd d\u00f6y\u00fc\u015f\u00e7\u00fcl\u0259rin\u0259 x\u0259yan\u0259t etm\u0259kd\u0259 g\u00fcnahland\u0131r\u0131r. Tramp administrasiyas\u0131 t\u0259kid edir ki, AB\u015e t\u00fcrk h\u00fccumunu xo\u015f qar\u015f\u0131lam\u0131r.\n<\/p>\n<p>\n  \u201cG\u00f6r\u00fcn\u00fcr ki, t\u00fcrkl\u0259r bir n\u00f6v h\u0259rbi \u0259m\u0259liyyat ke\u00e7ir\u0259r\u0259k qa\u00e7q\u0131nlar\u0131n buraya k\u00f6\u00e7\u00fcr\u00fclm\u0259sind\u0259 israrl\u0131d\u0131rlar\u201d, &#8211; administrasiyan\u0131n y\u00fcks\u0259k s\u0259lahiyy\u0259tlisi deyib:\n<\/p>\n<p>\n  \u201cPrezident a\u00e7\u0131q \u015f\u0259kild\u0259 bildirib ki, AB\u015e Suriyan\u0131n \u015fimal\u0131ndak\u0131 h\u0259r hans\u0131 bir t\u00fcrk \u0259m\u0259liyyat\u0131n\u0131 d\u0259st\u0259kl\u0259mir. AB\u015e Silahl\u0131 Q\u00fcvv\u0259l\u0259rinin h\u00fccumda i\u015ftirak\u0131 v\u0259 ya t\u00fcrkl\u0259rin h\u0259yata ke\u00e7ir\u0259c\u0259yi h\u0259r hans\u0131 bir \u0259m\u0259liyyata d\u0259st\u0259k olmas\u0131 m\u00fczakir\u0259 m\u00f6vzusu deyildir\u201d.\n<\/p>\n<p>\n  \u0130ki \u00f6lk\u0259 aras\u0131nda g\u0259rginl\u0259\u015fm\u0259nin v\u0259 T\u00fcrk h\u00fccumunun b\u0259y\u0259nilm\u0259m\u0259sinin daha bir \u0259lam\u0259ti olaraq Pentaqon AB\u015e v\u0259 T\u00fcrkiy\u0259 hava q\u00fcvv\u0259l\u0259rinin \u0259ks-terror \u0259m\u0259liyyatlar\u0131nda \u0259m\u0259kda\u015fl\u0131q etdiyi iki h\u0259ft\u0259lik proqram\u0131 sonland\u0131r\u0131b. H\u0259m\u00e7inin AB\u015e Suriya \u00fcz\u0259rind\u0259n u\u00e7an pilotsuz dronlar\u0131n t\u0259min etdiyi k\u0259\u015ffiyyat yay\u0131m\u0131ndan T\u00fcrkiy\u0259ni \u00e7\u0131xar\u0131b.\n<\/p>\n<p>\n  \u201cBu, T\u00fcrkl\u0259rin Suriya \u00fcz\u0259rind\u0259n u\u00e7a bilm\u0259y\u0259c\u0259yi anlam\u0131na g\u0259lmir. Bu, sad\u0259c\u0259 o dem\u0259kdir ki, onlar AB\u015e il\u0259 birlikd\u0259 u\u00e7u\u015f ed\u0259 bilm\u0259y\u0259c\u0259kl\u0259r,\u201d Yax\u0131n \u015e\u0259rq proqram\u0131 v\u0259 Xarici Siyas\u0259t T\u0259dqiqatlar\u0131 \u0130nstitutunun direktoru Aron \u015etayn (Aaron Stein) deyib. \u201cDoD [m\u00fcdafi\u0259 \u015f\u00f6b\u0259si] T\u00fcrkiy\u0259y\u0259 f\u0259sadlar\u0131 x\u0259b\u0259rdar etm\u0259y\u0259 \u00e7al\u0131\u015f\u0131r v\u0259 onlar ba\u015f ver\u0259c\u0259k hadis\u0259l\u0259rd\u0259 m\u00fcr\u0259kk\u0259b g\u00f6r\u00fcnm\u0259k ist\u0259mirl\u0259r.\u201d\n<\/p>\n<p>\n  AB\u015e admnistrasiya r\u0259smisi deyib ki, t\u0259xmin\u0259n 50-100 AB\u015e x\u00fcsusi t\u0259yinatl\u0131 \u0259sg\u0259ri s\u0259rh\u0259d boyu 30 km \u0259razini \u0259hat\u0259 ed\u0259n t\u0259hl\u00fck\u0259siz b\u00f6lg\u0259d\u0259n geri \u00e7\u0259kilib ancaq bu o dem\u0259k deyil ki, AB\u015e Suriyan\u0131 t\u0259rk edib. Va\u015finqton q\u00fcvv\u0259l\u0259rini \u00f6lk\u0259 daxilind\u0259ki daha etibarl\u0131 m\u00f6vqel\u0259r\u0259 yerl\u0259\u015fdir\u0259c\u0259k.\n<\/p>\n<p>\n  \u201cBu, Suriyadan \u00e7\u0259kilm\u0259k dem\u0259k deyil,\u201d administrasiyan\u0131n r\u0259smisi bildirib. \u201cBiz Suriya daxilind\u0259 dig\u0259r bazalara k\u00f6\u00e7\u0259c\u0259k az sayda qo\u015fun haqq\u0131nda dan\u0131\u015f\u0131r\u0131q.\u201d\n<\/p>\n<p>\n  \u201cQo\u015funlar\u0131n k\u00f6\u00e7\u00fcr\u00fclm\u0259si ya\u015f\u0131l i\u015f\u0131q deyil,\u201d o deyib v\u0259 \u0259lav\u0259 edib ki, SDF t\u0259r\u0259find\u0259n tutulan \u0130\u015e\u0130D m\u0259hbuslar\u0131 T\u00fcrk h\u00fccumu n\u0259tic\u0259sind\u0259 qa\u00e7a bils\u0259l\u0259r v\u0259 ya h\u0259r hans\u0131 m\u00fcharib\u0259 cinay\u0259tl\u0259ri edil\u0259rs\u0259, T\u00fcrkiy\u0259 bundan m\u0259suliyy\u0259t da\u015f\u0131yacaqd\u0131r. O, bazar ert\u0259si g\u00fcn\u00fc Tramp\u0131n g\u00f6zl\u0259nil\u0259n n\u0259tic\u0259l\u0259r bar\u0259d\u0259 x\u0259b\u0259rdarl\u0131\u011f\u0131n\u0131 \u0259ks etdir\u0259n tvitin\u0259 i\u015far\u0259 edib.\n<\/p>\n<p>\n  M\u0259murlar\u0131n t\u0259qdim etdiyi m\u0259lumatlarla Tramp\u0131n dedikl\u0259ri indiy\u0259d\u0259k ziddiyy\u0259t t\u0259\u015fkil edib. Bazar g\u00fcn\u00fc ax\u015fam A\u011f Ev b\u0259yanat\u0131nda prezidentin t\u00fcrk h\u00fccumuna qar\u015f\u0131 \u00e7\u0131xmas\u0131na i\u015far\u0259 edilm\u0259yib. Bundan \u0259lav\u0259, sonrak\u0131 tvitl\u0259rind\u0259 Tramp adm\u0131n\u0131strasiyan\u0131n s\u00f6yl\u0259dikl\u0259rinin \u0259ksin\u0259 iddia edib. Bel\u0259 ki, o, s\u0259rh\u0259dd\u0259n \u00e7\u0131xar\u0131lan AB\u015e qo\u015funlar\u0131n\u0131n Suriyan\u0131n i\u00e7\u0259risin\u0259 yerl\u0259\u015fdirilm\u0259y\u0259r\u0259k AB\u015e-a qaytar\u0131laca\u011f\u0131n\u0131 qeyd edib.\n<\/p>\n<p>\n  \u00d6z tvitl\u0259rind\u0259 Tramp k\u00fcrdl\u0259r\u0259 qar\u015f\u0131 qeyri-sentimental g\u00f6r\u00fcn\u00fcb. O, qeyd edib ki, Suriyada \u0130\u015e\u0130D-l\u0259 m\u00fcbariz\u0259 aparmaq \u00fc\u00e7\u00fcn AB\u015e-\u0131n \u0259sas proksi g\u00fcc\u00fc olaraq istifad\u0259 edilmi\u015f k\u00fcrdl\u0259r d\u00f6rd illik kampaniya zaman\u0131 &quot;k\u00fclli miqdarda pul v\u0259 avadanl\u0131qla&quot; t\u0259min edilib.\n<\/p>\n<p>\n  Lakin g\u00f6r\u00fcn\u0259n odur ki, \u0259ks\u0259riyy\u0259ti avropal\u0131 olan \u0130\u015e\u0130D xarici d\u00f6y\u00fc\u015f\u00e7\u00fcl\u0259ri m\u0259s\u0259l\u0259si AB\u015e prezidentini a\u00e7\u0131q \u015f\u0259kild\u0259 narahat edir.\n<\/p>\n<p>\n  H\u0259m Tramp, h\u0259m d\u0259 K\u00fcrd r\u0259hb\u0259rliyind\u0259ki Suriya Demokratik Q\u00fcvv\u0259l\u0259ri (SDF) d\u0259f\u0259l\u0259rl\u0259 Avropa d\u00f6vl\u0259tl\u0259rini Suriyan\u0131n \u015fimal-\u015f\u0259rqind\u0259 saxlan\u0131lan 20,000-\u0259 yax\u0131n xarici v\u0259t\u0259nda\u015f\u0131 reabilitasiya \u00fc\u00e7\u00fcn \u00f6z \u00f6lk\u0259l\u0259rin\u0259 geri g\u00f6nd\u0259rilm\u0259l\u0259rin\u0259 \u00e7a\u011f\u0131r\u0131b.\n<\/p>\n<p>\n  Tramp d\u0259f\u0259l\u0259rl\u0259 &quot;\u0259sir g\u00f6t\u00fcr\u00fclm\u00fc\u015f \u0130\u015e\u0130D d\u00f6y\u00fc\u015f\u00e7\u00fcl\u0259rin\u0259 v\u0259 ail\u0259l\u0259rin\u0259 n\u0259zar\u0259tin&quot; T\u00fcrkiy\u0259 v\u0259 Avropaya aid \u00f6lk\u0259l\u0259rin \u00f6hd\u0259liyind\u0259 oldu\u011funu qeyd edib.\n<\/p>\n<p>\n  SDF s\u00f6zc\u00fcs\u00fc Amjed Osman bazar ert\u0259si g\u00fcn\u00fc \u0130\u015e\u0130D m\u0259hbuslar\u0131n\u0131n taleyinin n\u0259 olaca\u011f\u0131n\u0131 bilm\u0259diyini deyib. \u201cBiz d\u0259f\u0259l\u0259rl\u0259 xarici d\u00f6vl\u0259tl\u0259ri \u00f6z \u0130\u015e\u0130D v\u0259t\u0259nda\u015flar\u0131 \u00fc\u00e7\u00fcn m\u0259suliyy\u0259t da\u015f\u0131ma\u011fa \u00e7a\u011f\u0131rd\u0131q. Ancaq he\u00e7 bir cavab verilm\u0259di&quot;,- o deyib.\n<\/p>\n<p>\n  T\u00fcrkiy\u0259nin izdihaml\u0131 k\u00fcrd h\u0259bsxanalar\u0131nda v\u0259 m\u0259cburi k\u00f6\u00e7k\u00fcn d\u00fc\u015f\u0259rg\u0259l\u0259rind\u0259 saxlan\u0131lan m\u0259hbuslar\u0131 n\u0259zar\u0259t\u0259 g\u00f6t\u00fcrm\u0259k kimi g\u00fcc\u0259 v\u0259 ya ist\u0259y\u0259 sahib olmas\u0131 h\u0259l\u0259 d\u0259 ayd\u0131n deyil.<\/p>\n","protected":false},"excerpt":{"rendered":"<p>\u00c7\u0259r\u015f\u0259nb\u0259 ax\u015fam\u0131 Suriyan\u0131n xarici i\u015fl\u0259r nazirinin m\u00fcavini Faisal Mekdad \u00f6lk\u0259nin k\u00fcrdl\u0259rini h\u00f6kum\u0259t t\u0259r\u0259find\u0259 birl\u0259\u015fm\u0259y\u0259 \u00e7a\u011f\u0131r\u0131b<\/p>\n","protected":false},"author":11,"featured_media":129502,"comment_status":"closed","ping_status":"open","sticky":false,"template":"","format":"standard","meta":{"_acf_changed":false,"_sitemap_exclude":false,"_sitemap_priority":"","_sitemap_frequency":"","footnotes":""},"categories":[64],"tags":[],"class_list":["post-197358","post","type-post","status-publish","format-standard","has-post-thumbnail","hentry","category-dunya","infinite-scroll-item","generate-columns","tablet-grid-50","mobile-grid-100","grid-parent","grid-33","no-featured-image-padding"],"acf":[],"yoast_head":"<!-- This site is optimized with the Yoast SEO plugin v27.5 - https:\/\/yoast.com\/product\/yoast-seo-wordpress\/ -->\n<title>AB\u015e qo\u015funlar\u0131n\u0131n geri \u00e7\u0259kilm\u0259si t\u00fcrk v\u0259 k\u00fcrd q\u00fcvv\u0259l\u0259rini qar\u015f\u0131-qar\u015f\u0131ya qoyub - MEYDAN.TV<\/title>\n<meta name=\"robots\" content=\"index, follow, max-snippet:-1, max-image-preview:large, max-video-preview:-1\" \/>\n<link rel=\"canonical\" href=\"https:\/\/www.meydan.tv\/az\/article\/abs-qosunlarinin-geri-cekilmesi-turk-ve-kurd-quvvelerini-qarsi-qarsiya-qoyub\/\" \/>\n<meta property=\"og:locale\" content=\"az_AZ\" \/>\n<meta property=\"og:type\" content=\"article\" \/>\n<meta property=\"og:title\" content=\"AB\u015e qo\u015funlar\u0131n\u0131n geri \u00e7\u0259kilm\u0259si t\u00fcrk v\u0259 k\u00fcrd q\u00fcvv\u0259l\u0259rini qar\u015f\u0131-qar\u015f\u0131ya qoyub - MEYDAN.TV\" \/>\n<meta property=\"og:description\" content=\"\u00c7\u0259r\u015f\u0259nb\u0259 ax\u015fam\u0131 Suriyan\u0131n xarici i\u015fl\u0259r nazirinin m\u00fcavini Faisal Mekdad \u00f6lk\u0259nin k\u00fcrdl\u0259rini h\u00f6kum\u0259t t\u0259r\u0259find\u0259 birl\u0259\u015fm\u0259y\u0259 \u00e7a\u011f\u0131r\u0131b\" \/>\n<meta property=\"og:url\" content=\"https:\/\/www.meydan.tv\/az\/article\/abs-qosunlarinin-geri-cekilmesi-turk-ve-kurd-quvvelerini-qarsi-qarsiya-qoyub\/\" \/>\n<meta property=\"og:site_name\" content=\"MEYDAN.TV\" \/>\n<meta property=\"article:published_time\" content=\"2019-10-08T16:43:31+00:00\" \/>\n<meta property=\"og:image\" content=\"https:\/\/www.meydan.tv\/wp-content\/uploads\/russia-usa-syria-flag-shattered_mini.jpg\" \/>\n\t<meta property=\"og:image:width\" content=\"1920\" \/>\n\t<meta property=\"og:image:height\" content=\"1282\" \/>\n\t<meta property=\"og:image:type\" content=\"image\/jpeg\" \/>\n<meta name=\"author\" content=\"user-manager\" \/>\n<meta name=\"twitter:card\" content=\"summary_large_image\" \/>\n<script type=\"application\/ld+json\" class=\"yoast-schema-graph\">{\"@context\":\"https:\\\/\\\/schema.org\",\"@graph\":[{\"@type\":\"Article\",\"@id\":\"https:\\\/\\\/www.meydan.tv\\\/az\\\/article\\\/abs-qosunlarinin-geri-cekilmesi-turk-ve-kurd-quvvelerini-qarsi-qarsiya-qoyub\\\/#article\",\"isPartOf\":{\"@id\":\"https:\\\/\\\/www.meydan.tv\\\/az\\\/article\\\/abs-qosunlarinin-geri-cekilmesi-turk-ve-kurd-quvvelerini-qarsi-qarsiya-qoyub\\\/\"},\"author\":{\"name\":\"user-manager\",\"@id\":\"https:\\\/\\\/www.meydan.tv\\\/az\\\/#\\\/schema\\\/person\\\/10d11eccf6da3662cf5fdab9806ea91a\"},\"headline\":\"AB\u015e qo\u015funlar\u0131n\u0131n geri \u00e7\u0259kilm\u0259si t\u00fcrk v\u0259 k\u00fcrd q\u00fcvv\u0259l\u0259rini qar\u015f\u0131-qar\u015f\u0131ya qoyub\",\"datePublished\":\"2019-10-08T16:43:31+00:00\",\"mainEntityOfPage\":{\"@id\":\"https:\\\/\\\/www.meydan.tv\\\/az\\\/article\\\/abs-qosunlarinin-geri-cekilmesi-turk-ve-kurd-quvvelerini-qarsi-qarsiya-qoyub\\\/\"},\"wordCount\":1570,\"publisher\":{\"@id\":\"https:\\\/\\\/www.meydan.tv\\\/az\\\/#organization\"},\"image\":{\"@id\":\"https:\\\/\\\/www.meydan.tv\\\/az\\\/article\\\/abs-qosunlarinin-geri-cekilmesi-turk-ve-kurd-quvvelerini-qarsi-qarsiya-qoyub\\\/#primaryimage\"},\"thumbnailUrl\":\"https:\\\/\\\/www.meydan.tv\\\/wp-content\\\/uploads\\\/russia-usa-syria-flag-shattered_mini.jpg\",\"articleSection\":[\"D\u00fcnya\"],\"inLanguage\":\"az\"},{\"@type\":\"WebPage\",\"@id\":\"https:\\\/\\\/www.meydan.tv\\\/az\\\/article\\\/abs-qosunlarinin-geri-cekilmesi-turk-ve-kurd-quvvelerini-qarsi-qarsiya-qoyub\\\/\",\"url\":\"https:\\\/\\\/www.meydan.tv\\\/az\\\/article\\\/abs-qosunlarinin-geri-cekilmesi-turk-ve-kurd-quvvelerini-qarsi-qarsiya-qoyub\\\/\",\"name\":\"AB\u015e qo\u015funlar\u0131n\u0131n geri \u00e7\u0259kilm\u0259si t\u00fcrk v\u0259 k\u00fcrd q\u00fcvv\u0259l\u0259rini qar\u015f\u0131-qar\u015f\u0131ya qoyub - MEYDAN.TV\",\"isPartOf\":{\"@id\":\"https:\\\/\\\/www.meydan.tv\\\/az\\\/#website\"},\"primaryImageOfPage\":{\"@id\":\"https:\\\/\\\/www.meydan.tv\\\/az\\\/article\\\/abs-qosunlarinin-geri-cekilmesi-turk-ve-kurd-quvvelerini-qarsi-qarsiya-qoyub\\\/#primaryimage\"},\"image\":{\"@id\":\"https:\\\/\\\/www.meydan.tv\\\/az\\\/article\\\/abs-qosunlarinin-geri-cekilmesi-turk-ve-kurd-quvvelerini-qarsi-qarsiya-qoyub\\\/#primaryimage\"},\"thumbnailUrl\":\"https:\\\/\\\/www.meydan.tv\\\/wp-content\\\/uploads\\\/russia-usa-syria-flag-shattered_mini.jpg\",\"datePublished\":\"2019-10-08T16:43:31+00:00\",\"breadcrumb\":{\"@id\":\"https:\\\/\\\/www.meydan.tv\\\/az\\\/article\\\/abs-qosunlarinin-geri-cekilmesi-turk-ve-kurd-quvvelerini-qarsi-qarsiya-qoyub\\\/#breadcrumb\"},\"inLanguage\":\"az\",\"potentialAction\":[{\"@type\":\"ReadAction\",\"target\":[\"https:\\\/\\\/www.meydan.tv\\\/az\\\/article\\\/abs-qosunlarinin-geri-cekilmesi-turk-ve-kurd-quvvelerini-qarsi-qarsiya-qoyub\\\/\"]}]},{\"@type\":\"ImageObject\",\"inLanguage\":\"az\",\"@id\":\"https:\\\/\\\/www.meydan.tv\\\/az\\\/article\\\/abs-qosunlarinin-geri-cekilmesi-turk-ve-kurd-quvvelerini-qarsi-qarsiya-qoyub\\\/#primaryimage\",\"url\":\"https:\\\/\\\/www.meydan.tv\\\/wp-content\\\/uploads\\\/russia-usa-syria-flag-shattered_mini.jpg\",\"contentUrl\":\"https:\\\/\\\/www.meydan.tv\\\/wp-content\\\/uploads\\\/russia-usa-syria-flag-shattered_mini.jpg\",\"width\":1920,\"height\":1282,\"caption\":\"Source: Meydan TV\"},{\"@type\":\"BreadcrumbList\",\"@id\":\"https:\\\/\\\/www.meydan.tv\\\/az\\\/article\\\/abs-qosunlarinin-geri-cekilmesi-turk-ve-kurd-quvvelerini-qarsi-qarsiya-qoyub\\\/#breadcrumb\",\"itemListElement\":[{\"@type\":\"ListItem\",\"position\":1,\"name\":\"Ana s\u0259hif\u0259\",\"item\":\"https:\\\/\\\/www.meydan.tv\\\/az\\\/\"},{\"@type\":\"ListItem\",\"position\":2,\"name\":\"D\u00fcnya\",\"item\":\"https:\\\/\\\/www.meydan.tv\\\/az\\\/section\\\/dunya\\\/\"},{\"@type\":\"ListItem\",\"position\":3,\"name\":\"AB\u015e qo\u015funlar\u0131n\u0131n geri \u00e7\u0259kilm\u0259si t\u00fcrk v\u0259 k\u00fcrd q\u00fcvv\u0259l\u0259rini qar\u015f\u0131-qar\u015f\u0131ya qoyub\"}]},{\"@type\":\"WebSite\",\"@id\":\"https:\\\/\\\/www.meydan.tv\\\/az\\\/#website\",\"url\":\"https:\\\/\\\/www.meydan.tv\\\/az\\\/\",\"name\":\"MEYDAN.TV\",\"description\":\"Meydan TV Az\u0259rbaycan\u0131n media m\u0259kan\u0131ndak\u0131 alternativ s\u0259sidir\",\"publisher\":{\"@id\":\"https:\\\/\\\/www.meydan.tv\\\/az\\\/#organization\"},\"potentialAction\":[{\"@type\":\"SearchAction\",\"target\":{\"@type\":\"EntryPoint\",\"urlTemplate\":\"https:\\\/\\\/www.meydan.tv\\\/az\\\/?s={search_term_string}\"},\"query-input\":{\"@type\":\"PropertyValueSpecification\",\"valueRequired\":true,\"valueName\":\"search_term_string\"}}],\"inLanguage\":\"az\"},{\"@type\":\"Organization\",\"@id\":\"https:\\\/\\\/www.meydan.tv\\\/az\\\/#organization\",\"name\":\"Meydan TV\",\"url\":\"https:\\\/\\\/www.meydan.tv\\\/az\\\/\",\"logo\":{\"@type\":\"ImageObject\",\"inLanguage\":\"az\",\"@id\":\"https:\\\/\\\/www.meydan.tv\\\/az\\\/#\\\/schema\\\/logo\\\/image\\\/\",\"url\":\"https:\\\/\\\/www.meydan.tv\\\/wp-content\\\/uploads\\\/2021\\\/07\\\/meydan-logo.svg\",\"contentUrl\":\"https:\\\/\\\/www.meydan.tv\\\/wp-content\\\/uploads\\\/2021\\\/07\\\/meydan-logo.svg\",\"width\":195,\"height\":46,\"caption\":\"Meydan TV\"},\"image\":{\"@id\":\"https:\\\/\\\/www.meydan.tv\\\/az\\\/#\\\/schema\\\/logo\\\/image\\\/\"}},{\"@type\":\"Person\",\"@id\":\"https:\\\/\\\/www.meydan.tv\\\/az\\\/#\\\/schema\\\/person\\\/10d11eccf6da3662cf5fdab9806ea91a\",\"name\":\"user-manager\"}]}<\/script>\n<!-- \/ Yoast SEO plugin. -->","yoast_head_json":{"title":"AB\u015e qo\u015funlar\u0131n\u0131n geri \u00e7\u0259kilm\u0259si t\u00fcrk v\u0259 k\u00fcrd q\u00fcvv\u0259l\u0259rini qar\u015f\u0131-qar\u015f\u0131ya qoyub - MEYDAN.TV","robots":{"index":"index","follow":"follow","max-snippet":"max-snippet:-1","max-image-preview":"max-image-preview:large","max-video-preview":"max-video-preview:-1"},"canonical":"https:\/\/www.meydan.tv\/az\/article\/abs-qosunlarinin-geri-cekilmesi-turk-ve-kurd-quvvelerini-qarsi-qarsiya-qoyub\/","og_locale":"az_AZ","og_type":"article","og_title":"AB\u015e qo\u015funlar\u0131n\u0131n geri \u00e7\u0259kilm\u0259si t\u00fcrk v\u0259 k\u00fcrd q\u00fcvv\u0259l\u0259rini qar\u015f\u0131-qar\u015f\u0131ya qoyub - MEYDAN.TV","og_description":"\u00c7\u0259r\u015f\u0259nb\u0259 ax\u015fam\u0131 Suriyan\u0131n xarici i\u015fl\u0259r nazirinin m\u00fcavini Faisal Mekdad \u00f6lk\u0259nin k\u00fcrdl\u0259rini h\u00f6kum\u0259t t\u0259r\u0259find\u0259 birl\u0259\u015fm\u0259y\u0259 \u00e7a\u011f\u0131r\u0131b","og_url":"https:\/\/www.meydan.tv\/az\/article\/abs-qosunlarinin-geri-cekilmesi-turk-ve-kurd-quvvelerini-qarsi-qarsiya-qoyub\/","og_site_name":"MEYDAN.TV","article_published_time":"2019-10-08T16:43:31+00:00","og_image":[{"width":1920,"height":1282,"url":"https:\/\/www.meydan.tv\/wp-content\/uploads\/russia-usa-syria-flag-shattered_mini.jpg","type":"image\/jpeg"}],"author":"user-manager","twitter_card":"summary_large_image","schema":{"@context":"https:\/\/schema.org","@graph":[{"@type":"Article","@id":"https:\/\/www.meydan.tv\/az\/article\/abs-qosunlarinin-geri-cekilmesi-turk-ve-kurd-quvvelerini-qarsi-qarsiya-qoyub\/#article","isPartOf":{"@id":"https:\/\/www.meydan.tv\/az\/article\/abs-qosunlarinin-geri-cekilmesi-turk-ve-kurd-quvvelerini-qarsi-qarsiya-qoyub\/"},"author":{"name":"user-manager","@id":"https:\/\/www.meydan.tv\/az\/#\/schema\/person\/10d11eccf6da3662cf5fdab9806ea91a"},"headline":"AB\u015e qo\u015funlar\u0131n\u0131n geri \u00e7\u0259kilm\u0259si t\u00fcrk v\u0259 k\u00fcrd q\u00fcvv\u0259l\u0259rini qar\u015f\u0131-qar\u015f\u0131ya qoyub","datePublished":"2019-10-08T16:43:31+00:00","mainEntityOfPage":{"@id":"https:\/\/www.meydan.tv\/az\/article\/abs-qosunlarinin-geri-cekilmesi-turk-ve-kurd-quvvelerini-qarsi-qarsiya-qoyub\/"},"wordCount":1570,"publisher":{"@id":"https:\/\/www.meydan.tv\/az\/#organization"},"image":{"@id":"https:\/\/www.meydan.tv\/az\/article\/abs-qosunlarinin-geri-cekilmesi-turk-ve-kurd-quvvelerini-qarsi-qarsiya-qoyub\/#primaryimage"},"thumbnailUrl":"https:\/\/www.meydan.tv\/wp-content\/uploads\/russia-usa-syria-flag-shattered_mini.jpg","articleSection":["D\u00fcnya"],"inLanguage":"az"},{"@type":"WebPage","@id":"https:\/\/www.meydan.tv\/az\/article\/abs-qosunlarinin-geri-cekilmesi-turk-ve-kurd-quvvelerini-qarsi-qarsiya-qoyub\/","url":"https:\/\/www.meydan.tv\/az\/article\/abs-qosunlarinin-geri-cekilmesi-turk-ve-kurd-quvvelerini-qarsi-qarsiya-qoyub\/","name":"AB\u015e qo\u015funlar\u0131n\u0131n geri \u00e7\u0259kilm\u0259si t\u00fcrk v\u0259 k\u00fcrd q\u00fcvv\u0259l\u0259rini qar\u015f\u0131-qar\u015f\u0131ya qoyub - MEYDAN.TV","isPartOf":{"@id":"https:\/\/www.meydan.tv\/az\/#website"},"primaryImageOfPage":{"@id":"https:\/\/www.meydan.tv\/az\/article\/abs-qosunlarinin-geri-cekilmesi-turk-ve-kurd-quvvelerini-qarsi-qarsiya-qoyub\/#primaryimage"},"image":{"@id":"https:\/\/www.meydan.tv\/az\/article\/abs-qosunlarinin-geri-cekilmesi-turk-ve-kurd-quvvelerini-qarsi-qarsiya-qoyub\/#primaryimage"},"thumbnailUrl":"https:\/\/www.meydan.tv\/wp-content\/uploads\/russia-usa-syria-flag-shattered_mini.jpg","datePublished":"2019-10-08T16:43:31+00:00","breadcrumb":{"@id":"https:\/\/www.meydan.tv\/az\/article\/abs-qosunlarinin-geri-cekilmesi-turk-ve-kurd-quvvelerini-qarsi-qarsiya-qoyub\/#breadcrumb"},"inLanguage":"az","potentialAction":[{"@type":"ReadAction","target":["https:\/\/www.meydan.tv\/az\/article\/abs-qosunlarinin-geri-cekilmesi-turk-ve-kurd-quvvelerini-qarsi-qarsiya-qoyub\/"]}]},{"@type":"ImageObject","inLanguage":"az","@id":"https:\/\/www.meydan.tv\/az\/article\/abs-qosunlarinin-geri-cekilmesi-turk-ve-kurd-quvvelerini-qarsi-qarsiya-qoyub\/#primaryimage","url":"https:\/\/www.meydan.tv\/wp-content\/uploads\/russia-usa-syria-flag-shattered_mini.jpg","contentUrl":"https:\/\/www.meydan.tv\/wp-content\/uploads\/russia-usa-syria-flag-shattered_mini.jpg","width":1920,"height":1282,"caption":"Source: Meydan TV"},{"@type":"BreadcrumbList","@id":"https:\/\/www.meydan.tv\/az\/article\/abs-qosunlarinin-geri-cekilmesi-turk-ve-kurd-quvvelerini-qarsi-qarsiya-qoyub\/#breadcrumb","itemListElement":[{"@type":"ListItem","position":1,"name":"Ana s\u0259hif\u0259","item":"https:\/\/www.meydan.tv\/az\/"},{"@type":"ListItem","position":2,"name":"D\u00fcnya","item":"https:\/\/www.meydan.tv\/az\/section\/dunya\/"},{"@type":"ListItem","position":3,"name":"AB\u015e qo\u015funlar\u0131n\u0131n geri \u00e7\u0259kilm\u0259si t\u00fcrk v\u0259 k\u00fcrd q\u00fcvv\u0259l\u0259rini qar\u015f\u0131-qar\u015f\u0131ya qoyub"}]},{"@type":"WebSite","@id":"https:\/\/www.meydan.tv\/az\/#website","url":"https:\/\/www.meydan.tv\/az\/","name":"MEYDAN.TV","description":"Meydan TV Az\u0259rbaycan\u0131n media m\u0259kan\u0131ndak\u0131 alternativ s\u0259sidir","publisher":{"@id":"https:\/\/www.meydan.tv\/az\/#organization"},"potentialAction":[{"@type":"SearchAction","target":{"@type":"EntryPoint","urlTemplate":"https:\/\/www.meydan.tv\/az\/?s={search_term_string}"},"query-input":{"@type":"PropertyValueSpecification","valueRequired":true,"valueName":"search_term_string"}}],"inLanguage":"az"},{"@type":"Organization","@id":"https:\/\/www.meydan.tv\/az\/#organization","name":"Meydan TV","url":"https:\/\/www.meydan.tv\/az\/","logo":{"@type":"ImageObject","inLanguage":"az","@id":"https:\/\/www.meydan.tv\/az\/#\/schema\/logo\/image\/","url":"https:\/\/www.meydan.tv\/wp-content\/uploads\/2021\/07\/meydan-logo.svg","contentUrl":"https:\/\/www.meydan.tv\/wp-content\/uploads\/2021\/07\/meydan-logo.svg","width":195,"height":46,"caption":"Meydan TV"},"image":{"@id":"https:\/\/www.meydan.tv\/az\/#\/schema\/logo\/image\/"}},{"@type":"Person","@id":"https:\/\/www.meydan.tv\/az\/#\/schema\/person\/10d11eccf6da3662cf5fdab9806ea91a","name":"user-manager"}]}},"_links":{"self":[{"href":"https:\/\/www.meydan.tv\/az\/wp-json\/wp\/v2\/posts\/197358","targetHints":{"allow":["GET"]}}],"collection":[{"href":"https:\/\/www.meydan.tv\/az\/wp-json\/wp\/v2\/posts"}],"about":[{"href":"https:\/\/www.meydan.tv\/az\/wp-json\/wp\/v2\/types\/post"}],"author":[{"embeddable":true,"href":"https:\/\/www.meydan.tv\/az\/wp-json\/wp\/v2\/users\/11"}],"replies":[{"embeddable":true,"href":"https:\/\/www.meydan.tv\/az\/wp-json\/wp\/v2\/comments?post=197358"}],"version-history":[{"count":0,"href":"https:\/\/www.meydan.tv\/az\/wp-json\/wp\/v2\/posts\/197358\/revisions"}],"wp:featuredmedia":[{"embeddable":true,"href":"https:\/\/www.meydan.tv\/az\/wp-json\/wp\/v2\/media\/129502"}],"wp:attachment":[{"href":"https:\/\/www.meydan.tv\/az\/wp-json\/wp\/v2\/media?parent=197358"}],"wp:term":[{"taxonomy":"category","embeddable":true,"href":"https:\/\/www.meydan.tv\/az\/wp-json\/wp\/v2\/categories?post=197358"},{"taxonomy":"post_tag","embeddable":true,"href":"https:\/\/www.meydan.tv\/az\/wp-json\/wp\/v2\/tags?post=197358"}],"curies":[{"name":"wp","href":"https:\/\/api.w.org\/{rel}","templated":true}]}}