{"id":197346,"date":"2019-10-08T11:37:35","date_gmt":"2019-10-08T11:37:35","guid":{"rendered":"https:\/\/www.meydan.tv\/article\/uzun-bayraq-uzun-nida-qisa-dil\/"},"modified":"2019-10-08T11:37:35","modified_gmt":"2019-10-08T11:37:35","slug":"uzun-bayraq-uzun-nida-qisa-dil","status":"publish","type":"post","link":"https:\/\/www.meydan.tv\/az\/article\/uzun-bayraq-uzun-nida-qisa-dil\/","title":{"rendered":"Uzun bayraq, uzun nida, q\u0131sa dil!"},"content":{"rendered":"<p>\n  <i><br \/>\n    S\u00f6z yar\u0131\u015fmas\u0131nda v\u0259ziyy\u0259t b\u0259rab\u0259rdir, torpaqlara n\u0259zar\u0259t is\u0259 balans\u0131 Nikolun xeyrin\u0259 d\u0259yi\u015fir<br \/>\n  <\/i>\n<\/p>\n<p>\n  C\u0259bh\u0259d\u0259 qulluq ed\u0259n zabitin evini s\u00f6k\u00fcrd\u00fcl\u0259r. Onun hamil\u0259 qad\u0131n\u0131n\u0131 s\u00fcr\u00fcy\u00fcb \u00e7\u00f6l\u0259 atd\u0131lar. Zabitin qad\u0131n\u0131na toxunmaq haqq\u0131n\u0131 polis\u0259 vermi\u015fdil\u0259r. Onun evini niy\u0259mi s\u00f6k\u00fcrd\u00fcl\u0259r? Bayraq meydan\u0131 tikm\u0259k \u00fc\u00e7\u00fcn. \u0130lham \u018fliyevin v\u0259t\u0259np\u0259rv\u0259rlik anlay\u0131\u015f\u0131 bundan art\u0131q nec\u0259 ola bil\u0259rdi ki? Az\u0259rbaycan\u0131n bayra\u011f\u0131 onun b\u00fct\u00fcn \u0259razil\u0259rind\u0259 \u015f\u0259r\u0259fl\u0259 dal\u011falans\u0131n dey\u0259 can\u0131n\u0131 he\u00e7\u0259 sayan zabitin evini s\u00f6k\u00fcb, u\u015faqlar\u0131n\u0131 \u00e7\u00f6l\u0259 t\u00f6k\u0259n \u201cv\u0259t\u0259np\u0259rv\u0259rlik\u201d. Biz d\u00fcnyan\u0131n \u0259n uzun bayra\u011f\u0131n\u0131 bir ne\u00e7\u0259 ay dal\u011faland\u0131rd\u0131q. O zabitin u\u015faqlar\u0131ndan da ail\u0259sind\u0259n d\u0259 x\u0259b\u0259rimiz olmad\u0131. \u0130lham \u018fliyev is\u0259 c\u0259misi bir ne\u00e7\u0259 aydan sonra bildi ki, ondan da \u201cv\u0259t\u0259np\u0259rv\u0259r\u201di varm\u0131\u015f. Hans\u0131sa bir dahi r\u0259hb\u0259rin dir\u0259yi bir-iki metr bizimkinin dir\u0259yind\u0259n uzun imi\u015f. Daha sonra korrupsiya v\u0259 buraya yazma\u011f\u0131 \u00f6z\u00fcm\u0259 s\u0131\u011f\u0131\u015fd\u0131rmad\u0131\u011f\u0131m m\u00f6vzular \u00e7\u0131xd\u0131 o bayraq meydan\u0131 il\u0259 ba\u011fl\u0131, bayraq meydan\u0131n\u0131n r\u0259hb\u0259rin\u0259 dair. Bu m\u00f6vzuya niy\u0259 girdim? \u0130lham \u018fliyev bu yax\u0131nlarda daha bir \u015f\u0259rti i\u015far\u0259li uzunluq yar\u0131\u015f\u0131na girib.\n<\/p>\n<p>\n  N\u00f6qt\u0259y\u0259 qar\u015f\u0131 nida!\n<\/p>\n<p>\n  \u0130lham \u018fliyev BMT-y\u0259 gedib Az\u0259rbaycan h\u0259qiq\u0259tl\u0259rini m\u00fcdafi\u0259 etm\u0259kd\u0259n imtina etdi. Bunu r\u0259sm\u0259n etm\u0259s\u0259 d\u0259, \u0259m\u0259ll\u0259ri bel\u0259 dem\u0259y\u0259 \u0259sas verdi. \u201cValday\u201d klubunun t\u0259dbirin\u0259 qat\u0131ld\u0131 v\u0259 Pa\u015finyan\u0131n \u201cQaraba\u011f Erm\u0259nistan\u0131nd\u0131r, n\u00f6qt\u0259\u201d b\u0259yanat\u0131na \u201cQaraba\u011f Az\u0259rbaycan\u0131nd\u0131r v\u0259 Nida i\u015far\u0259si\u201d dey\u0259 cavab verdi. Bu cavab Az\u0259rbaycan ictimaiyy\u0259tinin b\u00f6y\u00fck k\u0259simini qane etm\u0259di. Niy\u0259? Birincisi ona g\u00f6r\u0259 ki, Az\u0259rbaycan\u0131n dur\u011fuya deyil, vur\u011fuya ehtiyac\u0131 var. \u00d6z\u00fc d\u0259 s\u0259rt bir vur\u011fuya. Bu vur\u011fu is\u0259 ciddi siyasi q\u0259rarlardan ke\u00e7ir. Hans\u0131 Az\u0259rbaycan v\u0259t\u0259nda\u015f\u0131 hiss edir ki, \u0130lham \u018fliyev i\u015f\u011fal alt\u0131ndak\u0131 torpaqlar\u0131 geri almaq ist\u0259yir? Bunu d\u00fc\u015f\u00fcn\u0259n, hiss ed\u0259n on min az\u0259rbaycanl\u0131 olsa, \u00e7\u0131xar meydana, \u0130lham \u018fliyevi m\u00fcdafi\u0259 ed\u0259r. Ancaq Pa\u015finyana cavab verdiyini n\u00fcmayi\u015f etdirm\u0259k \u00fc\u00e7\u00fcn \u0259n istedads\u0131z \u0259d\u0259bi linqivistik tullan\u0131\u015f\u0131 se\u00e7m\u0259k siyasi intihar dem\u0259kdir. \u00c7\u00fcnki biz torpaqlar\u0131m\u0131z\u0131 almaq bar\u0259sind\u0259 deyil, Pa\u015finyana onun a\u00e7d\u0131\u011f\u0131 qafiy\u0259 il\u0259 cavab verm\u0259k bar\u0259d\u0259 d\u00fc\u015f\u00fcn\u00fcr\u00fck. \u00d6z\u00fc d\u0259 d\u00f6vl\u0259t ba\u015f\u00e7\u0131s\u0131 s\u0259viyy\u0259sind\u0259. Pa\u015finyan bu m\u0259s\u0259l\u0259d\u0259 he\u00e7 n\u0259 itirmir. \u00c7\u00fcnki, birincisi, torpaqlara Erm\u0259nistan n\u0259zar\u0259t edir. \u0130kincisi, onun b\u0259yanat\u0131 \u00f6z \u00f6lk\u0259sinin ictimai r\u0259yind\u0259 ist\u0259diyi yer\u0259 \u00e7at\u0131b. \u00dc\u00e7\u00fcnc\u00fcs\u00fc, onun n\u0259 dan\u0131\u015fd\u0131\u011f\u0131 art\u0131q \u00f6n\u0259msizdir, \u00e7\u00fcnki r\u0259qib ona onun \u00f6z ritorikas\u0131nda cavab verib. Y\u0259ni s\u00f6z yar\u0131\u015fmas\u0131nda v\u0259ziyy\u0259t b\u0259rab\u0259rdir, torpaqlara n\u0259zar\u0259t is\u0259 balans\u0131 Nikolun xeyrin\u0259 d\u0259yi\u015fir. \u018fliyev ona des\u0259ydi ki, s\u0259n \u00f6z\u00fcn \u00fc\u00e7\u00fcn dan\u0131\u015f, g\u00f6r n\u00f6qt\u0259ni kim, \u00f6z\u00fc d\u0259 hara qoyacaq v\u0259 h\u0259rbi t\u0259liml\u0259r bar\u0259d\u0259 g\u00f6st\u0259ri\u015f vers\u0259ydi, o zaman Nikol qorxuya d\u00fc\u015fm\u0259k \u00fc\u00e7\u00fcn \u0259saslar\u0131 bir-birind\u0259n ay\u0131rd ed\u0259 bilm\u0259y\u0259c\u0259kdi. \u0130lham \u018fliyev bunu niy\u0259 eym\u0259di? \u00c7\u00fcnki ona torpaqlar\u0131 geri almaq maraql\u0131 deyil. Maraql\u0131 olan odur ki, desinl\u0259r \u201cPa\u015finyana cavab verdi\u201d. Verdimi? Verm\u0259di. \u00c7\u00fcnki i\u015f\u011fal\u00e7\u0131ya yegan\u0259 cavab onu ald\u0131\u011f\u0131ndan m\u0259hrum etm\u0259kdir. Bunu etm\u0259dikc\u0259, biz cavab vermi\u015f say\u0131la bilm\u0259rik. Baxmayaraq ki, onun uzunluq \u00f6l\u00e7\u00fcs\u00fc olmayan dur\u011fusunun qar\u015f\u0131s\u0131na \u0259n uzun dur\u011fuyla \u00e7\u0131xm\u0131\u015f\u0131q. Diplomatiyam\u0131z bir be\u015f il d\u0259 bu \u201cNida i\u015far\u0259si\u201dn\u0131n k\u00f6lg\u0259sind\u0259 g\u00fcn\u00fcn\u00fc ke\u00e7ir\u0259c\u0259k.\n<\/p>\n<p>\n  Dilin q\u0131sa olmas\u0131 sindiromu&#8230;\n<\/p>\n<p>\n  Uzun bayraqlar\u0131n, uzun \u201cNida\u201dlar\u0131n siyas\u0259td\u0259 i\u015f\u0259 yaramas\u0131 \u00fc\u00e7\u00fcn siyas\u0259t\u00e7inin dili uzun olmal\u0131d\u0131r. Dil uzunlu\u011fu r\u0259qibl\u0259ri, azad insanlar\u0131, ticar\u0259t v\u0259 s\u0259naye t\u0259\u015f\u0259bb\u00fcskarlar\u0131n\u0131 m\u0259hv edib, \u00f6z\u00fcn\u0259 tabe etdirm\u0259k, ya da \u0259zm\u0259k \u00fc\u00e7\u00fcn h\u0259r vasit\u0259y\u0259 \u0259l atmaq olsayd\u0131, \u0130lham \u018fliyevin v\u0259ziyy\u0259ti el\u0259 d\u0259 pis olmazd\u0131. Ancaq siyas\u0259td\u0259 dilin uzanmas\u0131 \u00fc\u00e7\u00fcn xalq s\u0259ninl\u0259 a\u011f\u0131z-a\u011f\u0131za verm\u0259lidir. \u00c7iyin-\u00e7iyin\u0259 durmal\u0131d\u0131r. \u018fn uzun dir\u0259yin ba\u015f\u0131nda bayra\u011f\u0131 yell\u0259ndirm\u0259k \u00fc\u00e7\u00fcn bayraq yolunda can\u0131n\u0131 ver\u0259nin evini ba\u015f\u0131na u\u00e7urmamal\u0131san. Bir \u00f6lk\u0259nin v\u0259t\u0259nda\u015f\u0131 onun yeriy\u0259n bayra\u011f\u0131d\u0131r. \u0130lham \u018fliyev o uzun nidan\u0131n v\u0259 bayra\u011f\u0131n arxas\u0131nda gizl\u0259nm\u0259k z\u0259rur\u0259tini haradan hiss edib? V\u0259t\u0259nda\u015fla d\u00fcz dolanmad\u0131\u011f\u0131ndan. V\u0259t\u0259nda\u015f\u0131n yan\u0131nda dil q\u0131sa olanda k\u00f6m\u0259y\u0259 uzun dir\u0259kl\u0259r d\u0259 g\u0259lmir. D\u00fcnyan\u0131n qar\u015f\u0131s\u0131nda nida il\u0259 t\u0259k qal\u0131rsan. Hiss-h\u0259y\u0259can bildir\u0259n dur\u011fu i\u015far\u0259si il\u0259. V\u0259ziyy\u0259t\u0259 tam uy\u011fundur.<\/p>\n","protected":false},"excerpt":{"rendered":"<p>S\u00f6z yar\u0131\u015fmas\u0131nda v\u0259ziyy\u0259t b\u0259rab\u0259rdir, torpaqlara n\u0259zar\u0259t is\u0259 balans\u0131 Nikolun xeyrin\u0259 d\u0259yi\u015fir<\/p>\n","protected":false},"author":11,"featured_media":129937,"comment_status":"closed","ping_status":"open","sticky":false,"template":"","format":"standard","meta":{"_acf_changed":false,"_sitemap_exclude":false,"_sitemap_priority":"","_sitemap_frequency":"","footnotes":""},"categories":[57],"tags":[],"class_list":["post-197346","post","type-post","status-publish","format-standard","has-post-thumbnail","hentry","category-menim-fikrimce","infinite-scroll-item","generate-columns","tablet-grid-50","mobile-grid-100","grid-parent","grid-33","no-featured-image-padding"],"acf":[],"yoast_head":"<!-- This site is optimized with the Yoast SEO plugin v27.4 - https:\/\/yoast.com\/product\/yoast-seo-wordpress\/ -->\n<title>Uzun bayraq, uzun nida, q\u0131sa dil! - MEYDAN.TV<\/title>\n<meta name=\"robots\" content=\"index, follow, max-snippet:-1, max-image-preview:large, max-video-preview:-1\" \/>\n<link rel=\"canonical\" href=\"https:\/\/www.meydan.tv\/az\/article\/uzun-bayraq-uzun-nida-qisa-dil\/\" \/>\n<meta property=\"og:locale\" content=\"az_AZ\" \/>\n<meta property=\"og:type\" content=\"article\" \/>\n<meta property=\"og:title\" content=\"Uzun bayraq, uzun nida, q\u0131sa dil! - MEYDAN.TV\" \/>\n<meta property=\"og:description\" content=\"S\u00f6z yar\u0131\u015fmas\u0131nda v\u0259ziyy\u0259t b\u0259rab\u0259rdir, torpaqlara n\u0259zar\u0259t is\u0259 balans\u0131 Nikolun xeyrin\u0259 d\u0259yi\u015fir\" \/>\n<meta property=\"og:url\" content=\"https:\/\/www.meydan.tv\/az\/article\/uzun-bayraq-uzun-nida-qisa-dil\/\" \/>\n<meta property=\"og:site_name\" content=\"MEYDAN.TV\" \/>\n<meta property=\"article:published_time\" content=\"2019-10-08T11:37:35+00:00\" \/>\n<meta property=\"og:image\" content=\"https:\/\/www.meydan.tv\/wp-content\/uploads\/untitled_artwork_5iccn6j-scaled.jpg\" \/>\n\t<meta property=\"og:image:width\" content=\"2560\" \/>\n\t<meta property=\"og:image:height\" content=\"1440\" \/>\n\t<meta property=\"og:image:type\" content=\"image\/jpeg\" \/>\n<meta name=\"author\" content=\"user-manager\" \/>\n<meta name=\"twitter:card\" content=\"summary_large_image\" \/>\n<script type=\"application\/ld+json\" class=\"yoast-schema-graph\">{\"@context\":\"https:\\\/\\\/schema.org\",\"@graph\":[{\"@type\":\"Article\",\"@id\":\"https:\\\/\\\/www.meydan.tv\\\/az\\\/article\\\/uzun-bayraq-uzun-nida-qisa-dil\\\/#article\",\"isPartOf\":{\"@id\":\"https:\\\/\\\/www.meydan.tv\\\/az\\\/article\\\/uzun-bayraq-uzun-nida-qisa-dil\\\/\"},\"author\":{\"name\":\"user-manager\",\"@id\":\"https:\\\/\\\/www.meydan.tv\\\/az\\\/#\\\/schema\\\/person\\\/10d11eccf6da3662cf5fdab9806ea91a\"},\"headline\":\"Uzun bayraq, uzun nida, q\u0131sa dil!\",\"datePublished\":\"2019-10-08T11:37:35+00:00\",\"mainEntityOfPage\":{\"@id\":\"https:\\\/\\\/www.meydan.tv\\\/az\\\/article\\\/uzun-bayraq-uzun-nida-qisa-dil\\\/\"},\"wordCount\":885,\"publisher\":{\"@id\":\"https:\\\/\\\/www.meydan.tv\\\/az\\\/#organization\"},\"image\":{\"@id\":\"https:\\\/\\\/www.meydan.tv\\\/az\\\/article\\\/uzun-bayraq-uzun-nida-qisa-dil\\\/#primaryimage\"},\"thumbnailUrl\":\"https:\\\/\\\/www.meydan.tv\\\/wp-content\\\/uploads\\\/untitled_artwork_5iccn6j-scaled.jpg\",\"articleSection\":[\"M\u0259nim Fikrimc\u0259\"],\"inLanguage\":\"az\"},{\"@type\":\"WebPage\",\"@id\":\"https:\\\/\\\/www.meydan.tv\\\/az\\\/article\\\/uzun-bayraq-uzun-nida-qisa-dil\\\/\",\"url\":\"https:\\\/\\\/www.meydan.tv\\\/az\\\/article\\\/uzun-bayraq-uzun-nida-qisa-dil\\\/\",\"name\":\"Uzun bayraq, uzun nida, q\u0131sa dil! - MEYDAN.TV\",\"isPartOf\":{\"@id\":\"https:\\\/\\\/www.meydan.tv\\\/az\\\/#website\"},\"primaryImageOfPage\":{\"@id\":\"https:\\\/\\\/www.meydan.tv\\\/az\\\/article\\\/uzun-bayraq-uzun-nida-qisa-dil\\\/#primaryimage\"},\"image\":{\"@id\":\"https:\\\/\\\/www.meydan.tv\\\/az\\\/article\\\/uzun-bayraq-uzun-nida-qisa-dil\\\/#primaryimage\"},\"thumbnailUrl\":\"https:\\\/\\\/www.meydan.tv\\\/wp-content\\\/uploads\\\/untitled_artwork_5iccn6j-scaled.jpg\",\"datePublished\":\"2019-10-08T11:37:35+00:00\",\"breadcrumb\":{\"@id\":\"https:\\\/\\\/www.meydan.tv\\\/az\\\/article\\\/uzun-bayraq-uzun-nida-qisa-dil\\\/#breadcrumb\"},\"inLanguage\":\"az\",\"potentialAction\":[{\"@type\":\"ReadAction\",\"target\":[\"https:\\\/\\\/www.meydan.tv\\\/az\\\/article\\\/uzun-bayraq-uzun-nida-qisa-dil\\\/\"]}]},{\"@type\":\"ImageObject\",\"inLanguage\":\"az\",\"@id\":\"https:\\\/\\\/www.meydan.tv\\\/az\\\/article\\\/uzun-bayraq-uzun-nida-qisa-dil\\\/#primaryimage\",\"url\":\"https:\\\/\\\/www.meydan.tv\\\/wp-content\\\/uploads\\\/untitled_artwork_5iccn6j-scaled.jpg\",\"contentUrl\":\"https:\\\/\\\/www.meydan.tv\\\/wp-content\\\/uploads\\\/untitled_artwork_5iccn6j-scaled.jpg\",\"width\":2560,\"height\":1440,\"caption\":\"Seymur H\u0259zi, Foto:: Meydan TV\"},{\"@type\":\"BreadcrumbList\",\"@id\":\"https:\\\/\\\/www.meydan.tv\\\/az\\\/article\\\/uzun-bayraq-uzun-nida-qisa-dil\\\/#breadcrumb\",\"itemListElement\":[{\"@type\":\"ListItem\",\"position\":1,\"name\":\"Ana s\u0259hif\u0259\",\"item\":\"https:\\\/\\\/www.meydan.tv\\\/az\\\/\"},{\"@type\":\"ListItem\",\"position\":2,\"name\":\"M\u0259nim Fikrimc\u0259\",\"item\":\"https:\\\/\\\/www.meydan.tv\\\/az\\\/section\\\/menim-fikrimce\\\/\"},{\"@type\":\"ListItem\",\"position\":3,\"name\":\"Uzun bayraq, uzun nida, q\u0131sa dil!\"}]},{\"@type\":\"WebSite\",\"@id\":\"https:\\\/\\\/www.meydan.tv\\\/az\\\/#website\",\"url\":\"https:\\\/\\\/www.meydan.tv\\\/az\\\/\",\"name\":\"MEYDAN.TV\",\"description\":\"Meydan TV Az\u0259rbaycan\u0131n media m\u0259kan\u0131ndak\u0131 alternativ s\u0259sidir\",\"publisher\":{\"@id\":\"https:\\\/\\\/www.meydan.tv\\\/az\\\/#organization\"},\"potentialAction\":[{\"@type\":\"SearchAction\",\"target\":{\"@type\":\"EntryPoint\",\"urlTemplate\":\"https:\\\/\\\/www.meydan.tv\\\/az\\\/?s={search_term_string}\"},\"query-input\":{\"@type\":\"PropertyValueSpecification\",\"valueRequired\":true,\"valueName\":\"search_term_string\"}}],\"inLanguage\":\"az\"},{\"@type\":\"Organization\",\"@id\":\"https:\\\/\\\/www.meydan.tv\\\/az\\\/#organization\",\"name\":\"Meydan TV\",\"url\":\"https:\\\/\\\/www.meydan.tv\\\/az\\\/\",\"logo\":{\"@type\":\"ImageObject\",\"inLanguage\":\"az\",\"@id\":\"https:\\\/\\\/www.meydan.tv\\\/az\\\/#\\\/schema\\\/logo\\\/image\\\/\",\"url\":\"https:\\\/\\\/www.meydan.tv\\\/wp-content\\\/uploads\\\/2021\\\/07\\\/meydan-logo.svg\",\"contentUrl\":\"https:\\\/\\\/www.meydan.tv\\\/wp-content\\\/uploads\\\/2021\\\/07\\\/meydan-logo.svg\",\"width\":195,\"height\":46,\"caption\":\"Meydan TV\"},\"image\":{\"@id\":\"https:\\\/\\\/www.meydan.tv\\\/az\\\/#\\\/schema\\\/logo\\\/image\\\/\"}},{\"@type\":\"Person\",\"@id\":\"https:\\\/\\\/www.meydan.tv\\\/az\\\/#\\\/schema\\\/person\\\/10d11eccf6da3662cf5fdab9806ea91a\",\"name\":\"user-manager\"}]}<\/script>\n<!-- \/ Yoast SEO plugin. -->","yoast_head_json":{"title":"Uzun bayraq, uzun nida, q\u0131sa dil! - MEYDAN.TV","robots":{"index":"index","follow":"follow","max-snippet":"max-snippet:-1","max-image-preview":"max-image-preview:large","max-video-preview":"max-video-preview:-1"},"canonical":"https:\/\/www.meydan.tv\/az\/article\/uzun-bayraq-uzun-nida-qisa-dil\/","og_locale":"az_AZ","og_type":"article","og_title":"Uzun bayraq, uzun nida, q\u0131sa dil! - MEYDAN.TV","og_description":"S\u00f6z yar\u0131\u015fmas\u0131nda v\u0259ziyy\u0259t b\u0259rab\u0259rdir, torpaqlara n\u0259zar\u0259t is\u0259 balans\u0131 Nikolun xeyrin\u0259 d\u0259yi\u015fir","og_url":"https:\/\/www.meydan.tv\/az\/article\/uzun-bayraq-uzun-nida-qisa-dil\/","og_site_name":"MEYDAN.TV","article_published_time":"2019-10-08T11:37:35+00:00","og_image":[{"width":2560,"height":1440,"url":"https:\/\/www.meydan.tv\/wp-content\/uploads\/untitled_artwork_5iccn6j-scaled.jpg","type":"image\/jpeg"}],"author":"user-manager","twitter_card":"summary_large_image","schema":{"@context":"https:\/\/schema.org","@graph":[{"@type":"Article","@id":"https:\/\/www.meydan.tv\/az\/article\/uzun-bayraq-uzun-nida-qisa-dil\/#article","isPartOf":{"@id":"https:\/\/www.meydan.tv\/az\/article\/uzun-bayraq-uzun-nida-qisa-dil\/"},"author":{"name":"user-manager","@id":"https:\/\/www.meydan.tv\/az\/#\/schema\/person\/10d11eccf6da3662cf5fdab9806ea91a"},"headline":"Uzun bayraq, uzun nida, q\u0131sa dil!","datePublished":"2019-10-08T11:37:35+00:00","mainEntityOfPage":{"@id":"https:\/\/www.meydan.tv\/az\/article\/uzun-bayraq-uzun-nida-qisa-dil\/"},"wordCount":885,"publisher":{"@id":"https:\/\/www.meydan.tv\/az\/#organization"},"image":{"@id":"https:\/\/www.meydan.tv\/az\/article\/uzun-bayraq-uzun-nida-qisa-dil\/#primaryimage"},"thumbnailUrl":"https:\/\/www.meydan.tv\/wp-content\/uploads\/untitled_artwork_5iccn6j-scaled.jpg","articleSection":["M\u0259nim Fikrimc\u0259"],"inLanguage":"az"},{"@type":"WebPage","@id":"https:\/\/www.meydan.tv\/az\/article\/uzun-bayraq-uzun-nida-qisa-dil\/","url":"https:\/\/www.meydan.tv\/az\/article\/uzun-bayraq-uzun-nida-qisa-dil\/","name":"Uzun bayraq, uzun nida, q\u0131sa dil! - MEYDAN.TV","isPartOf":{"@id":"https:\/\/www.meydan.tv\/az\/#website"},"primaryImageOfPage":{"@id":"https:\/\/www.meydan.tv\/az\/article\/uzun-bayraq-uzun-nida-qisa-dil\/#primaryimage"},"image":{"@id":"https:\/\/www.meydan.tv\/az\/article\/uzun-bayraq-uzun-nida-qisa-dil\/#primaryimage"},"thumbnailUrl":"https:\/\/www.meydan.tv\/wp-content\/uploads\/untitled_artwork_5iccn6j-scaled.jpg","datePublished":"2019-10-08T11:37:35+00:00","breadcrumb":{"@id":"https:\/\/www.meydan.tv\/az\/article\/uzun-bayraq-uzun-nida-qisa-dil\/#breadcrumb"},"inLanguage":"az","potentialAction":[{"@type":"ReadAction","target":["https:\/\/www.meydan.tv\/az\/article\/uzun-bayraq-uzun-nida-qisa-dil\/"]}]},{"@type":"ImageObject","inLanguage":"az","@id":"https:\/\/www.meydan.tv\/az\/article\/uzun-bayraq-uzun-nida-qisa-dil\/#primaryimage","url":"https:\/\/www.meydan.tv\/wp-content\/uploads\/untitled_artwork_5iccn6j-scaled.jpg","contentUrl":"https:\/\/www.meydan.tv\/wp-content\/uploads\/untitled_artwork_5iccn6j-scaled.jpg","width":2560,"height":1440,"caption":"Seymur H\u0259zi, Foto:: Meydan TV"},{"@type":"BreadcrumbList","@id":"https:\/\/www.meydan.tv\/az\/article\/uzun-bayraq-uzun-nida-qisa-dil\/#breadcrumb","itemListElement":[{"@type":"ListItem","position":1,"name":"Ana s\u0259hif\u0259","item":"https:\/\/www.meydan.tv\/az\/"},{"@type":"ListItem","position":2,"name":"M\u0259nim Fikrimc\u0259","item":"https:\/\/www.meydan.tv\/az\/section\/menim-fikrimce\/"},{"@type":"ListItem","position":3,"name":"Uzun bayraq, uzun nida, q\u0131sa dil!"}]},{"@type":"WebSite","@id":"https:\/\/www.meydan.tv\/az\/#website","url":"https:\/\/www.meydan.tv\/az\/","name":"MEYDAN.TV","description":"Meydan TV Az\u0259rbaycan\u0131n media m\u0259kan\u0131ndak\u0131 alternativ s\u0259sidir","publisher":{"@id":"https:\/\/www.meydan.tv\/az\/#organization"},"potentialAction":[{"@type":"SearchAction","target":{"@type":"EntryPoint","urlTemplate":"https:\/\/www.meydan.tv\/az\/?s={search_term_string}"},"query-input":{"@type":"PropertyValueSpecification","valueRequired":true,"valueName":"search_term_string"}}],"inLanguage":"az"},{"@type":"Organization","@id":"https:\/\/www.meydan.tv\/az\/#organization","name":"Meydan TV","url":"https:\/\/www.meydan.tv\/az\/","logo":{"@type":"ImageObject","inLanguage":"az","@id":"https:\/\/www.meydan.tv\/az\/#\/schema\/logo\/image\/","url":"https:\/\/www.meydan.tv\/wp-content\/uploads\/2021\/07\/meydan-logo.svg","contentUrl":"https:\/\/www.meydan.tv\/wp-content\/uploads\/2021\/07\/meydan-logo.svg","width":195,"height":46,"caption":"Meydan TV"},"image":{"@id":"https:\/\/www.meydan.tv\/az\/#\/schema\/logo\/image\/"}},{"@type":"Person","@id":"https:\/\/www.meydan.tv\/az\/#\/schema\/person\/10d11eccf6da3662cf5fdab9806ea91a","name":"user-manager"}]}},"_links":{"self":[{"href":"https:\/\/www.meydan.tv\/az\/wp-json\/wp\/v2\/posts\/197346","targetHints":{"allow":["GET"]}}],"collection":[{"href":"https:\/\/www.meydan.tv\/az\/wp-json\/wp\/v2\/posts"}],"about":[{"href":"https:\/\/www.meydan.tv\/az\/wp-json\/wp\/v2\/types\/post"}],"author":[{"embeddable":true,"href":"https:\/\/www.meydan.tv\/az\/wp-json\/wp\/v2\/users\/11"}],"replies":[{"embeddable":true,"href":"https:\/\/www.meydan.tv\/az\/wp-json\/wp\/v2\/comments?post=197346"}],"version-history":[{"count":0,"href":"https:\/\/www.meydan.tv\/az\/wp-json\/wp\/v2\/posts\/197346\/revisions"}],"wp:featuredmedia":[{"embeddable":true,"href":"https:\/\/www.meydan.tv\/az\/wp-json\/wp\/v2\/media\/129937"}],"wp:attachment":[{"href":"https:\/\/www.meydan.tv\/az\/wp-json\/wp\/v2\/media?parent=197346"}],"wp:term":[{"taxonomy":"category","embeddable":true,"href":"https:\/\/www.meydan.tv\/az\/wp-json\/wp\/v2\/categories?post=197346"},{"taxonomy":"post_tag","embeddable":true,"href":"https:\/\/www.meydan.tv\/az\/wp-json\/wp\/v2\/tags?post=197346"}],"curies":[{"name":"wp","href":"https:\/\/api.w.org\/{rel}","templated":true}]}}