{"id":197336,"date":"2019-10-07T16:34:25","date_gmt":"2019-10-07T16:34:25","guid":{"rendered":"https:\/\/www.meydan.tv\/article\/fermada-qul-heyati-yasadiq-heyvanlarin-yaninda-yatirdiq\/"},"modified":"2019-10-07T16:34:25","modified_gmt":"2019-10-07T16:34:25","slug":"fermada-qul-heyati-yasadiq-heyvanlarin-yaninda-yatirdiq","status":"publish","type":"post","link":"https:\/\/www.meydan.tv\/az\/article\/fermada-qul-heyati-yasadiq-heyvanlarin-yaninda-yatirdiq\/","title":{"rendered":"\u201cFermada qul h\u0259yat\u0131 ya\u015fad\u0131q, heyvanlar\u0131n yan\u0131nda yat\u0131rd\u0131q\u201d"},"content":{"rendered":"<p>\n  <i><br \/>\n    G\u00f6y\u00e7ay sakini: \u201cX\u0259st\u0259xanalar\u0131 g\u0259zdiyimizd\u0259n aylarla \u00e7immirik\u201d<br \/>\n  <\/i>\n<\/p>\n<p>\n  G\u00f6y\u00e7ay\u0131n 9 ya\u015fl\u0131 sakini X\u0259dic\u0259 Yusifovaya h\u0259kiml\u0259r v\u0259r\u0259m meningiti diaqnozu qoyublar. U\u015fa\u011f\u0131n anas\u0131 F\u0259xriyy\u0259 F\u0259tullayeva bununla raz\u0131la\u015fm\u0131r.\n<\/p>\n<p>\n  <b><br \/>\n    \u201cRespublika x\u0259st\u0259xanas\u0131nda 1800 manat x\u0259rcl\u0259dik\u201d<br \/>\n  <\/b>\n<\/p>\n<p>\n  X\u0259dic\u0259nin x\u0259st\u0259liy\u0259 iki ay \u0259vv\u0259l yoluxdu\u011fu m\u0259lum olub. Temperaturu \u00e7ox y\u00fcks\u0259lib, valideynl\u0259ri onu G\u00f6y\u00e7ay M\u0259rk\u0259zi X\u0259st\u0259xanas\u0131na \u00e7atd\u0131r\u0131blar. V\u0259ziyy\u0259tin a\u011f\u0131r oldu\u011funu bil\u0259nd\u0259 u\u015fa\u011f\u0131 Respublika Kliniki X\u0259st\u0259xanas\u0131na g\u0259tiribl\u0259r. F\u0259xriyy\u0259 F\u0259tullayeva orada X\u0259dic\u0259y\u0259 h\u0259m d\u00fczg\u00fcn diaqnoz qoyulmad\u0131\u011f\u0131n\u0131, h\u0259m d\u0259 h\u0259kiml\u0259rin onlar\u0131 b\u00f6y\u00fck x\u0259rc\u0259 sald\u0131qlar\u0131n\u0131 iddia edir.\n<\/p>\n<p>\n  \u201cRespublika x\u0259st\u0259xanas\u0131nda 1800 manat x\u0259rcl\u0259dik. Bahal\u0131 iyn\u0259l\u0259r, d\u0259rmanlar yaz\u0131rd\u0131lar. Yevlaxda r\u0259hm\u0259tlik atamdan qalma torpa\u011f\u0131m\u0131z vard\u0131. \u0130ki d\u0259f\u0259 ucuza \u2013 1500 manata satd\u0131q. M\u00fcalic\u0259nin he\u00e7 xeyri d\u0259 olmad\u0131\u201c, &#8211; F\u0259xriyy\u0259 bel\u0259 deyir.\n<\/p>\n<p>\n  H\u0259kiml\u0259r X\u0259dic\u0259y\u0259 x\u0259st\u0259liyin anas\u0131ndan ke\u00e7diyini bildirir. F\u0259xriyy\u0259 iddian\u0131n \u00e7ox m\u0259ntiqsiz oldu\u011funu deyir. H\u0259m d\u0259 hesab edir ki, q\u0131z\u0131 tamam ba\u015fqa x\u0259st\u0259likd\u0259n \u0259ziyy\u0259t \u00e7\u0259kir: \u201cH\u0259mi\u015f\u0259 ba\u015fa\u011fr\u0131s\u0131ndan \u015fikay\u0259t el\u0259yir. Hiss el\u0259yir\u0259m ki, m\u00fcalic\u0259ni d\u00fcz aparm\u0131rlar\u201d.\n<\/p>\n<p>\n  <b><br \/>\n    \u201cM\u0259hk\u0259m\u0259 icra\u00e7\u0131lar\u0131 aldad\u0131r\u201d<br \/>\n  <\/b>\n<\/p>\n<p>\n  X\u0259dic\u0259 F\u0259xriyy\u0259nin ilk nikahdan do\u011fulan \u00f6vlad\u0131d\u0131r. \u0130ki q\u0131z d\u00fcnyaya g\u0259tir\u0259n qad\u0131n 9 il \u0259vv\u0259l h\u0259yat yolda\u015f\u0131ndan ayr\u0131l\u0131b. Amma indiy\u0259 q\u0259d\u0259r aliment ala bilmir. G\u00f6y\u00e7ay Rayon M\u0259hk\u0259m\u0259si 2015-ci ilin iyulunda alimentl\u0259 ba\u011fl\u0131 q\u0259rar vers\u0259 d\u0259, F\u0259xriyy\u0259 bunun n\u0259tic\u0259sini g\u00f6r\u0259 bilm\u0259yib. Heyd\u0259r \u018fliyev Fonduna g\u00f6nd\u0259rm\u0259k \u00fc\u00e7\u00fcn haz\u0131rlad\u0131\u011f\u0131 m\u0259ktubda h\u0259m G\u00f6y\u00e7ay Rayon M\u0259hk\u0259m\u0259sinin s\u0259dri Z\u0259f\u0259r Quliyevd\u0259n, h\u0259m d\u0259 G\u00f6y\u00e7ay Rayon \u0130cra v\u0259 Probasiya \u015e\u00f6b\u0259sinin r\u0259hb\u0259ri \u0130lqar Abdurrahmanovdan \u015fikay\u0259ti oldu\u011funu yaz\u0131b.\n<\/p>\n<p>\n  \u201cDoqquz ildir u\u015faqlara t\u0259k bax\u0131ram. \u0130lk h\u0259yat yolda\u015f\u0131m aliment \u00f6d\u0259mir. Bu ill\u0259r \u0259rzind\u0259 bir manat da verm\u0259yib. M\u0259hk\u0259m\u0259 icra\u00e7\u0131lar\u0131 da yubad\u0131r. Gah bir yer\u0259 yollay\u0131rlar, gah ba\u015fqa yer\u0259. Gedib-g\u0259lm\u0259kd\u0259n yorulmu\u015fam. Aldad\u0131rlar. Hakim o vaxt dedi ki, iki u\u015fa\u011fa g\u00f6r\u0259 212 manat d\u00fc\u015f\u00fcr. M\u0259n dedim, 150 manat b\u0259sdir, amma 20 q\u0259pik d\u0259 g\u00f6rm\u0259mi\u015f\u0259m\u201d, &#8211; F\u0259xriyy\u0259 dan\u0131\u015f\u0131r.\n<\/p>\n<p>\n  F\u0259xriyy\u0259 bir ne\u00e7\u0259 il \u0259vv\u0259l ikinci d\u0259f\u0259 ail\u0259 h\u0259yat\u0131 qurub. Dediyin\u0259 g\u00f6r\u0259, qay\u0131nanas\u0131 onu q\u0259bul etmir, \u0259ri il\u0259 daimi birlikd\u0259 ya\u015famas\u0131 he\u00e7 c\u00fcr al\u0131nm\u0131r. Bu nikahdan bir o\u011flu d\u00fcnyaya g\u0259lib. U\u015fa\u011f\u0131n m\u0259kt\u0259b ya\u015f\u0131 \u00e7at\u0131b, amma imkans\u0131zl\u0131qdan g\u00f6nd\u0259r\u0259 bilmirl\u0259r.\n<\/p>\n<p>\n  <b><br \/>\n    \u201cG\u00f6lm\u0259\u00e7\u0259 suyu i\u00e7irdik\u201d<br \/>\n  <\/b>\n<\/p>\n<p>\n  F\u0259xriyy\u0259 dan\u0131\u015fanda m\u0259lum olur ki, son ill\u0259r m\u0259\u015f\u0259qq\u0259tli h\u0259yat s\u00fcr\u00fcb. Deyir ki, fermalarda qul h\u0259yat\u0131 ya\u015fay\u0131b. A\u011fcab\u0259did\u0259, A\u011fda\u015fda, Z\u0259rdabda, K\u00fcrd\u0259mird\u0259 ayr\u0131-ayr\u0131 fermerl\u0259rin t\u0259s\u0259rr\u00fcfat\u0131nda qalmal\u0131 olub. Dediyin\u0259 g\u00f6r\u0259, ax\u0131r\u0131nc\u0131 d\u0259f\u0259 K\u00fcrd\u0259mird\u0259ki t\u0259s\u0259rr\u00fcfatda \u0259ri il\u0259 300-d\u0259n \u00e7ox mal-qaraya qulluq edirmi\u015f. Fermer onlara yaln\u0131z gec\u0259l\u0259m\u0259y\u0259 yer verirmi\u015f, o da r\u00fctub\u0259tli.\n<\/p>\n<p>\n  \u201cAyda 300 manat al\u0131rd\u0131q. Mal-qaran\u0131 g\u00f6z b\u0259b\u0259yimiz kimi qoruyurduq. U\u015faq da fermada x\u0259st\u0259l\u0259ndi. G\u00f6lm\u0259\u00e7\u0259 suyu i\u00e7irdik. Sonradan h\u0259kim dedi ki, u\u015fa\u011fa mikrob ke\u00e7ib. Q\u0131z\u0131m x\u0259st\u0259l\u0259n\u0259nd\u0259 ba\u015f\u0131m\u0131z \u00e7ox qar\u0131\u015f\u0131q oldu, qoyunlardan 10-u itdi. Ferman\u0131n sahibi dedi ki, 5-ni u\u015fa\u011f\u0131na g\u00f6r\u0259 ke\u00e7ir\u0259m, 5-nin pulunu ver\u0259c\u0259ksiz. \u0130ndi ona 1600 manat borcumuz qal\u0131b. \u018f\u015fyalar\u0131m\u0131z\u0131 girov saxlay\u0131b. H\u0259tta u\u015faqlar\u0131n s\u0259n\u0259dl\u0259ri d\u0259 ordad\u0131r. Neyl\u0259yim, yay t\u0259tilind\u0259 u\u015faqlar\u0131 da \u00f6z\u00fcml\u0259 aparmal\u0131 olurdum. Mal-heyvan\u0131n yan\u0131nda yat\u0131rd\u0131q. Qarda\u015f\u0131m da fermada ya\u015fay\u0131r\u201d, &#8211; F\u0259xriyy\u0259 ac\u0131nacaql\u0131 h\u0259yatlar\u0131ndan dan\u0131\u015f\u0131r.\n<\/p>\n<p>\n  <b><br \/>\n    \u201cHeyd\u0259r \u018fliyev Fondundan g\u0259l\u0259n m\u0259ktubu G\u00f6y\u00e7ayda a\u00e7\u0131b g\u00f6t\u00fcrm\u00fc\u015fd\u00fcl\u0259r\u201d<br \/>\n  <\/b>\n<\/p>\n<p>\n  F\u0259xriyy\u0259nin h\u0259yat yolda\u015f\u0131 D\u0259yan\u0259t F\u0259tullayev indi valideynl\u0259rinin yan\u0131nda \u2013 G\u00f6y\u00e7ay\u0131n T\u00fcrkm\u0259n k\u0259ndind\u0259dir. X\u0259dic\u0259 is\u0259 anas\u0131 il\u0259 x\u0259st\u0259xanalar\u0131 g\u0259zir, d\u0259rdin\u0259 \u0259lac axtar\u0131r. F\u0259xriyy\u0259 ciddi acl\u0131q \u00e7\u0259kdikl\u0259rini, x\u0259st\u0259xanalarda ba\u015fqalar\u0131n\u0131n verdiyi yem\u0259kl\u0259rl\u0259 qidaland\u0131qlar\u0131n\u0131 bildirir.\n<\/p>\n<p>\n  \u201cBir manat pulumuz yoxdu. Fermadan borcla ayr\u0131ld\u0131q. Sosial yard\u0131m \u00fc\u00e7\u00fcn d\u0259 getdim. Deyirl\u0259r, get i\u015f yerind\u0259n ka\u011f\u0131z g\u0259tir. Soru\u015furdular ki, in\u0259yin varm\u0131? M\u0259nim ya\u015fama\u011fa yerim yoxdu he\u00e7. U\u015faq \u0259t yem\u0259k ist\u0259yir. Ona cavab ver\u0259 bilmir\u0259m. \u00d6z\u00fcm ac qal\u0131ram, u\u015fa\u011fa verir\u0259m. X\u0259st\u0259xanalar\u0131 g\u0259zdiyimizd\u0259n aylarla \u00e7immirik. Yaz\u0131b-oxuma\u011f\u0131 bacarm\u0131ram. Bir g\u0259lin k\u00f6m\u0259k el\u0259di, Heyd\u0259r \u018fliyev Fonduna yazd\u0131q. Amma ordan g\u0259l\u0259n m\u0259ktubu G\u00f6y\u00e7ayda a\u00e7\u0131b g\u00f6t\u00fcrm\u00fc\u015fd\u00fcl\u0259r. M\u0259n t\u0259kc\u0259 q\u0259bzi g\u00f6rd\u00fcm\u201d, &#8211; F\u0259xriyy\u0259 dan\u0131\u015f\u0131r.\n<\/p>\n<p>\n  F\u0259xriyy\u0259 m\u0259kt\u0259b\u0259 g\u00f6nd\u0259rm\u0259y\u0259 g\u00fcc\u00fc \u00e7atmad\u0131\u011f\u0131ndan, q\u0131zlar\u0131n\u0131 G\u00f6y\u00e7aydak\u0131 inteqrasiya t\u0259limli internat tipli gimnaziyaya verib. X\u0259dic\u0259 x\u0259st\u0259l\u0259ndiyind\u0259n, d\u00f6rd\u00fcnc\u00fc sinf\u0259 ba\u015flaya bilm\u0259yib. F\u0259xriyy\u0259nin b\u00f6y\u00fck q\u0131z\u0131 S\u0259bin\u0259 alt\u0131nc\u0131 sinifd\u0259 oxuyur. Anas\u0131 deyir ki, u\u015fa\u011f\u0131 bayramdan-bayrama g\u00f6r\u00fcr: \u201cA\u011flay\u0131r, deyir, sizinl\u0259 ya\u015famaq ist\u0259yir\u0259m\u201d.\n<\/p>\n<p>\n  F\u0259xriyy\u0259 deyir ki, ilk h\u0259yat yolda\u015f\u0131 g\u0259lib u\u015faqlar\u0131yla g\u00f6r\u00fc\u015fm\u00fcr. Bir az X\u0259dic\u0259 il\u0259 s\u00f6hb\u0259t edirik. Sa\u00e7lar\u0131n\u0131 k\u0259sibl\u0259r. G\u00fccl\u00fc ba\u015fa\u011fr\u0131lar\u0131 ona rahatl\u0131q vermir, m\u0259cbur qal\u0131blar. K\u0259sm\u0259y\u0259 qoymurmu\u015f. Yen\u0259 sa\u00e7lar\u0131n\u0131n uzanmas\u0131n\u0131 g\u00f6zl\u0259yir. Deyir, uzanacaq, az qala yen\u0259 dizl\u0259rin\u0259 \u00e7atacaq, amma daha he\u00e7 vaxt k\u0259sm\u0259y\u0259c\u0259kl\u0259r&#8230;\n<\/p>\n<figure class=\"wp-block-image size-large\">\n  <img decoding=\"async\" src=\"https:\/\/www.meydan.tv\/az\/9-yasli-xedice-yusifova-ve-anasi\/\" alt=\"9 ya\u015fl\u0131 X\u0259dic\u0259 Yusifova v\u0259 anas\u0131\" class=\"wp-image-130877\"\/><figcaption>\n    9 ya\u015fl\u0131 X\u0259dic\u0259 Yusifova v\u0259 anas\u0131<br \/>\n  <\/figcaption><\/figure>\n","protected":false},"excerpt":{"rendered":"<p>G\u00f6y\u00e7ay sakini: \u201cX\u0259st\u0259xanalar\u0131 g\u0259zdiyimizd\u0259n aylarla \u00e7immirik\u201d<\/p>\n","protected":false},"author":11,"featured_media":130862,"comment_status":"closed","ping_status":"open","sticky":false,"template":"","format":"standard","meta":{"_acf_changed":false,"_sitemap_exclude":false,"_sitemap_priority":"","_sitemap_frequency":"","footnotes":""},"categories":[60],"tags":[],"class_list":["post-197336","post","type-post","status-publish","format-standard","has-post-thumbnail","hentry","category-bolge","infinite-scroll-item","generate-columns","tablet-grid-50","mobile-grid-100","grid-parent","grid-33","no-featured-image-padding"],"acf":[],"yoast_head":"<!-- This site is optimized with the Yoast SEO plugin v27.4 - https:\/\/yoast.com\/product\/yoast-seo-wordpress\/ -->\n<title>\u201cFermada qul h\u0259yat\u0131 ya\u015fad\u0131q, heyvanlar\u0131n yan\u0131nda yat\u0131rd\u0131q\u201d - MEYDAN.TV<\/title>\n<meta name=\"robots\" content=\"index, follow, max-snippet:-1, max-image-preview:large, max-video-preview:-1\" \/>\n<link rel=\"canonical\" href=\"https:\/\/www.meydan.tv\/az\/article\/fermada-qul-heyati-yasadiq-heyvanlarin-yaninda-yatirdiq\/\" \/>\n<meta property=\"og:locale\" content=\"az_AZ\" \/>\n<meta property=\"og:type\" content=\"article\" \/>\n<meta property=\"og:title\" content=\"\u201cFermada qul h\u0259yat\u0131 ya\u015fad\u0131q, heyvanlar\u0131n yan\u0131nda yat\u0131rd\u0131q\u201d - MEYDAN.TV\" \/>\n<meta property=\"og:description\" content=\"G\u00f6y\u00e7ay sakini: \u201cX\u0259st\u0259xanalar\u0131 g\u0259zdiyimizd\u0259n aylarla \u00e7immirik\u201d\" \/>\n<meta property=\"og:url\" content=\"https:\/\/www.meydan.tv\/az\/article\/fermada-qul-heyati-yasadiq-heyvanlarin-yaninda-yatirdiq\/\" \/>\n<meta property=\"og:site_name\" content=\"MEYDAN.TV\" \/>\n<meta property=\"article:published_time\" content=\"2019-10-07T16:34:25+00:00\" \/>\n<meta property=\"og:image\" content=\"https:\/\/www.meydan.tv\/wp-content\/uploads\/image_from_ios_88.jpg\" \/>\n\t<meta property=\"og:image:width\" content=\"1280\" \/>\n\t<meta property=\"og:image:height\" content=\"955\" \/>\n\t<meta property=\"og:image:type\" content=\"image\/jpeg\" \/>\n<meta name=\"author\" content=\"user-manager\" \/>\n<meta name=\"twitter:card\" content=\"summary_large_image\" \/>\n<script type=\"application\/ld+json\" class=\"yoast-schema-graph\">{\"@context\":\"https:\\\/\\\/schema.org\",\"@graph\":[{\"@type\":\"Article\",\"@id\":\"https:\\\/\\\/www.meydan.tv\\\/az\\\/article\\\/fermada-qul-heyati-yasadiq-heyvanlarin-yaninda-yatirdiq\\\/#article\",\"isPartOf\":{\"@id\":\"https:\\\/\\\/www.meydan.tv\\\/az\\\/article\\\/fermada-qul-heyati-yasadiq-heyvanlarin-yaninda-yatirdiq\\\/\"},\"author\":{\"name\":\"user-manager\",\"@id\":\"https:\\\/\\\/www.meydan.tv\\\/az\\\/#\\\/schema\\\/person\\\/10d11eccf6da3662cf5fdab9806ea91a\"},\"headline\":\"\u201cFermada qul h\u0259yat\u0131 ya\u015fad\u0131q, heyvanlar\u0131n yan\u0131nda yat\u0131rd\u0131q\u201d\",\"datePublished\":\"2019-10-07T16:34:25+00:00\",\"mainEntityOfPage\":{\"@id\":\"https:\\\/\\\/www.meydan.tv\\\/az\\\/article\\\/fermada-qul-heyati-yasadiq-heyvanlarin-yaninda-yatirdiq\\\/\"},\"wordCount\":1130,\"publisher\":{\"@id\":\"https:\\\/\\\/www.meydan.tv\\\/az\\\/#organization\"},\"image\":{\"@id\":\"https:\\\/\\\/www.meydan.tv\\\/az\\\/article\\\/fermada-qul-heyati-yasadiq-heyvanlarin-yaninda-yatirdiq\\\/#primaryimage\"},\"thumbnailUrl\":\"https:\\\/\\\/www.meydan.tv\\\/wp-content\\\/uploads\\\/image_from_ios_88.jpg\",\"articleSection\":[\"B\u00f6lg\u0259\"],\"inLanguage\":\"az\"},{\"@type\":\"WebPage\",\"@id\":\"https:\\\/\\\/www.meydan.tv\\\/az\\\/article\\\/fermada-qul-heyati-yasadiq-heyvanlarin-yaninda-yatirdiq\\\/\",\"url\":\"https:\\\/\\\/www.meydan.tv\\\/az\\\/article\\\/fermada-qul-heyati-yasadiq-heyvanlarin-yaninda-yatirdiq\\\/\",\"name\":\"\u201cFermada qul h\u0259yat\u0131 ya\u015fad\u0131q, heyvanlar\u0131n yan\u0131nda yat\u0131rd\u0131q\u201d - MEYDAN.TV\",\"isPartOf\":{\"@id\":\"https:\\\/\\\/www.meydan.tv\\\/az\\\/#website\"},\"primaryImageOfPage\":{\"@id\":\"https:\\\/\\\/www.meydan.tv\\\/az\\\/article\\\/fermada-qul-heyati-yasadiq-heyvanlarin-yaninda-yatirdiq\\\/#primaryimage\"},\"image\":{\"@id\":\"https:\\\/\\\/www.meydan.tv\\\/az\\\/article\\\/fermada-qul-heyati-yasadiq-heyvanlarin-yaninda-yatirdiq\\\/#primaryimage\"},\"thumbnailUrl\":\"https:\\\/\\\/www.meydan.tv\\\/wp-content\\\/uploads\\\/image_from_ios_88.jpg\",\"datePublished\":\"2019-10-07T16:34:25+00:00\",\"breadcrumb\":{\"@id\":\"https:\\\/\\\/www.meydan.tv\\\/az\\\/article\\\/fermada-qul-heyati-yasadiq-heyvanlarin-yaninda-yatirdiq\\\/#breadcrumb\"},\"inLanguage\":\"az\",\"potentialAction\":[{\"@type\":\"ReadAction\",\"target\":[\"https:\\\/\\\/www.meydan.tv\\\/az\\\/article\\\/fermada-qul-heyati-yasadiq-heyvanlarin-yaninda-yatirdiq\\\/\"]}]},{\"@type\":\"ImageObject\",\"inLanguage\":\"az\",\"@id\":\"https:\\\/\\\/www.meydan.tv\\\/az\\\/article\\\/fermada-qul-heyati-yasadiq-heyvanlarin-yaninda-yatirdiq\\\/#primaryimage\",\"url\":\"https:\\\/\\\/www.meydan.tv\\\/wp-content\\\/uploads\\\/image_from_ios_88.jpg\",\"contentUrl\":\"https:\\\/\\\/www.meydan.tv\\\/wp-content\\\/uploads\\\/image_from_ios_88.jpg\",\"width\":1280,\"height\":955,\"caption\":\"Source: Meydan TV\"},{\"@type\":\"BreadcrumbList\",\"@id\":\"https:\\\/\\\/www.meydan.tv\\\/az\\\/article\\\/fermada-qul-heyati-yasadiq-heyvanlarin-yaninda-yatirdiq\\\/#breadcrumb\",\"itemListElement\":[{\"@type\":\"ListItem\",\"position\":1,\"name\":\"Ana s\u0259hif\u0259\",\"item\":\"https:\\\/\\\/www.meydan.tv\\\/az\\\/\"},{\"@type\":\"ListItem\",\"position\":2,\"name\":\"B\u00f6lg\u0259\",\"item\":\"https:\\\/\\\/www.meydan.tv\\\/az\\\/section\\\/bolge\\\/\"},{\"@type\":\"ListItem\",\"position\":3,\"name\":\"\u201cFermada qul h\u0259yat\u0131 ya\u015fad\u0131q, heyvanlar\u0131n yan\u0131nda yat\u0131rd\u0131q\u201d\"}]},{\"@type\":\"WebSite\",\"@id\":\"https:\\\/\\\/www.meydan.tv\\\/az\\\/#website\",\"url\":\"https:\\\/\\\/www.meydan.tv\\\/az\\\/\",\"name\":\"MEYDAN.TV\",\"description\":\"Meydan TV Az\u0259rbaycan\u0131n media m\u0259kan\u0131ndak\u0131 alternativ s\u0259sidir\",\"publisher\":{\"@id\":\"https:\\\/\\\/www.meydan.tv\\\/az\\\/#organization\"},\"potentialAction\":[{\"@type\":\"SearchAction\",\"target\":{\"@type\":\"EntryPoint\",\"urlTemplate\":\"https:\\\/\\\/www.meydan.tv\\\/az\\\/?s={search_term_string}\"},\"query-input\":{\"@type\":\"PropertyValueSpecification\",\"valueRequired\":true,\"valueName\":\"search_term_string\"}}],\"inLanguage\":\"az\"},{\"@type\":\"Organization\",\"@id\":\"https:\\\/\\\/www.meydan.tv\\\/az\\\/#organization\",\"name\":\"Meydan TV\",\"url\":\"https:\\\/\\\/www.meydan.tv\\\/az\\\/\",\"logo\":{\"@type\":\"ImageObject\",\"inLanguage\":\"az\",\"@id\":\"https:\\\/\\\/www.meydan.tv\\\/az\\\/#\\\/schema\\\/logo\\\/image\\\/\",\"url\":\"https:\\\/\\\/www.meydan.tv\\\/wp-content\\\/uploads\\\/2021\\\/07\\\/meydan-logo.svg\",\"contentUrl\":\"https:\\\/\\\/www.meydan.tv\\\/wp-content\\\/uploads\\\/2021\\\/07\\\/meydan-logo.svg\",\"width\":195,\"height\":46,\"caption\":\"Meydan TV\"},\"image\":{\"@id\":\"https:\\\/\\\/www.meydan.tv\\\/az\\\/#\\\/schema\\\/logo\\\/image\\\/\"}},{\"@type\":\"Person\",\"@id\":\"https:\\\/\\\/www.meydan.tv\\\/az\\\/#\\\/schema\\\/person\\\/10d11eccf6da3662cf5fdab9806ea91a\",\"name\":\"user-manager\"}]}<\/script>\n<!-- \/ Yoast SEO plugin. -->","yoast_head_json":{"title":"\u201cFermada qul h\u0259yat\u0131 ya\u015fad\u0131q, heyvanlar\u0131n yan\u0131nda yat\u0131rd\u0131q\u201d - MEYDAN.TV","robots":{"index":"index","follow":"follow","max-snippet":"max-snippet:-1","max-image-preview":"max-image-preview:large","max-video-preview":"max-video-preview:-1"},"canonical":"https:\/\/www.meydan.tv\/az\/article\/fermada-qul-heyati-yasadiq-heyvanlarin-yaninda-yatirdiq\/","og_locale":"az_AZ","og_type":"article","og_title":"\u201cFermada qul h\u0259yat\u0131 ya\u015fad\u0131q, heyvanlar\u0131n yan\u0131nda yat\u0131rd\u0131q\u201d - MEYDAN.TV","og_description":"G\u00f6y\u00e7ay sakini: \u201cX\u0259st\u0259xanalar\u0131 g\u0259zdiyimizd\u0259n aylarla \u00e7immirik\u201d","og_url":"https:\/\/www.meydan.tv\/az\/article\/fermada-qul-heyati-yasadiq-heyvanlarin-yaninda-yatirdiq\/","og_site_name":"MEYDAN.TV","article_published_time":"2019-10-07T16:34:25+00:00","og_image":[{"width":1280,"height":955,"url":"https:\/\/www.meydan.tv\/wp-content\/uploads\/image_from_ios_88.jpg","type":"image\/jpeg"}],"author":"user-manager","twitter_card":"summary_large_image","schema":{"@context":"https:\/\/schema.org","@graph":[{"@type":"Article","@id":"https:\/\/www.meydan.tv\/az\/article\/fermada-qul-heyati-yasadiq-heyvanlarin-yaninda-yatirdiq\/#article","isPartOf":{"@id":"https:\/\/www.meydan.tv\/az\/article\/fermada-qul-heyati-yasadiq-heyvanlarin-yaninda-yatirdiq\/"},"author":{"name":"user-manager","@id":"https:\/\/www.meydan.tv\/az\/#\/schema\/person\/10d11eccf6da3662cf5fdab9806ea91a"},"headline":"\u201cFermada qul h\u0259yat\u0131 ya\u015fad\u0131q, heyvanlar\u0131n yan\u0131nda yat\u0131rd\u0131q\u201d","datePublished":"2019-10-07T16:34:25+00:00","mainEntityOfPage":{"@id":"https:\/\/www.meydan.tv\/az\/article\/fermada-qul-heyati-yasadiq-heyvanlarin-yaninda-yatirdiq\/"},"wordCount":1130,"publisher":{"@id":"https:\/\/www.meydan.tv\/az\/#organization"},"image":{"@id":"https:\/\/www.meydan.tv\/az\/article\/fermada-qul-heyati-yasadiq-heyvanlarin-yaninda-yatirdiq\/#primaryimage"},"thumbnailUrl":"https:\/\/www.meydan.tv\/wp-content\/uploads\/image_from_ios_88.jpg","articleSection":["B\u00f6lg\u0259"],"inLanguage":"az"},{"@type":"WebPage","@id":"https:\/\/www.meydan.tv\/az\/article\/fermada-qul-heyati-yasadiq-heyvanlarin-yaninda-yatirdiq\/","url":"https:\/\/www.meydan.tv\/az\/article\/fermada-qul-heyati-yasadiq-heyvanlarin-yaninda-yatirdiq\/","name":"\u201cFermada qul h\u0259yat\u0131 ya\u015fad\u0131q, heyvanlar\u0131n yan\u0131nda yat\u0131rd\u0131q\u201d - MEYDAN.TV","isPartOf":{"@id":"https:\/\/www.meydan.tv\/az\/#website"},"primaryImageOfPage":{"@id":"https:\/\/www.meydan.tv\/az\/article\/fermada-qul-heyati-yasadiq-heyvanlarin-yaninda-yatirdiq\/#primaryimage"},"image":{"@id":"https:\/\/www.meydan.tv\/az\/article\/fermada-qul-heyati-yasadiq-heyvanlarin-yaninda-yatirdiq\/#primaryimage"},"thumbnailUrl":"https:\/\/www.meydan.tv\/wp-content\/uploads\/image_from_ios_88.jpg","datePublished":"2019-10-07T16:34:25+00:00","breadcrumb":{"@id":"https:\/\/www.meydan.tv\/az\/article\/fermada-qul-heyati-yasadiq-heyvanlarin-yaninda-yatirdiq\/#breadcrumb"},"inLanguage":"az","potentialAction":[{"@type":"ReadAction","target":["https:\/\/www.meydan.tv\/az\/article\/fermada-qul-heyati-yasadiq-heyvanlarin-yaninda-yatirdiq\/"]}]},{"@type":"ImageObject","inLanguage":"az","@id":"https:\/\/www.meydan.tv\/az\/article\/fermada-qul-heyati-yasadiq-heyvanlarin-yaninda-yatirdiq\/#primaryimage","url":"https:\/\/www.meydan.tv\/wp-content\/uploads\/image_from_ios_88.jpg","contentUrl":"https:\/\/www.meydan.tv\/wp-content\/uploads\/image_from_ios_88.jpg","width":1280,"height":955,"caption":"Source: Meydan TV"},{"@type":"BreadcrumbList","@id":"https:\/\/www.meydan.tv\/az\/article\/fermada-qul-heyati-yasadiq-heyvanlarin-yaninda-yatirdiq\/#breadcrumb","itemListElement":[{"@type":"ListItem","position":1,"name":"Ana s\u0259hif\u0259","item":"https:\/\/www.meydan.tv\/az\/"},{"@type":"ListItem","position":2,"name":"B\u00f6lg\u0259","item":"https:\/\/www.meydan.tv\/az\/section\/bolge\/"},{"@type":"ListItem","position":3,"name":"\u201cFermada qul h\u0259yat\u0131 ya\u015fad\u0131q, heyvanlar\u0131n yan\u0131nda yat\u0131rd\u0131q\u201d"}]},{"@type":"WebSite","@id":"https:\/\/www.meydan.tv\/az\/#website","url":"https:\/\/www.meydan.tv\/az\/","name":"MEYDAN.TV","description":"Meydan TV Az\u0259rbaycan\u0131n media m\u0259kan\u0131ndak\u0131 alternativ s\u0259sidir","publisher":{"@id":"https:\/\/www.meydan.tv\/az\/#organization"},"potentialAction":[{"@type":"SearchAction","target":{"@type":"EntryPoint","urlTemplate":"https:\/\/www.meydan.tv\/az\/?s={search_term_string}"},"query-input":{"@type":"PropertyValueSpecification","valueRequired":true,"valueName":"search_term_string"}}],"inLanguage":"az"},{"@type":"Organization","@id":"https:\/\/www.meydan.tv\/az\/#organization","name":"Meydan TV","url":"https:\/\/www.meydan.tv\/az\/","logo":{"@type":"ImageObject","inLanguage":"az","@id":"https:\/\/www.meydan.tv\/az\/#\/schema\/logo\/image\/","url":"https:\/\/www.meydan.tv\/wp-content\/uploads\/2021\/07\/meydan-logo.svg","contentUrl":"https:\/\/www.meydan.tv\/wp-content\/uploads\/2021\/07\/meydan-logo.svg","width":195,"height":46,"caption":"Meydan TV"},"image":{"@id":"https:\/\/www.meydan.tv\/az\/#\/schema\/logo\/image\/"}},{"@type":"Person","@id":"https:\/\/www.meydan.tv\/az\/#\/schema\/person\/10d11eccf6da3662cf5fdab9806ea91a","name":"user-manager"}]}},"_links":{"self":[{"href":"https:\/\/www.meydan.tv\/az\/wp-json\/wp\/v2\/posts\/197336","targetHints":{"allow":["GET"]}}],"collection":[{"href":"https:\/\/www.meydan.tv\/az\/wp-json\/wp\/v2\/posts"}],"about":[{"href":"https:\/\/www.meydan.tv\/az\/wp-json\/wp\/v2\/types\/post"}],"author":[{"embeddable":true,"href":"https:\/\/www.meydan.tv\/az\/wp-json\/wp\/v2\/users\/11"}],"replies":[{"embeddable":true,"href":"https:\/\/www.meydan.tv\/az\/wp-json\/wp\/v2\/comments?post=197336"}],"version-history":[{"count":0,"href":"https:\/\/www.meydan.tv\/az\/wp-json\/wp\/v2\/posts\/197336\/revisions"}],"wp:featuredmedia":[{"embeddable":true,"href":"https:\/\/www.meydan.tv\/az\/wp-json\/wp\/v2\/media\/130862"}],"wp:attachment":[{"href":"https:\/\/www.meydan.tv\/az\/wp-json\/wp\/v2\/media?parent=197336"}],"wp:term":[{"taxonomy":"category","embeddable":true,"href":"https:\/\/www.meydan.tv\/az\/wp-json\/wp\/v2\/categories?post=197336"},{"taxonomy":"post_tag","embeddable":true,"href":"https:\/\/www.meydan.tv\/az\/wp-json\/wp\/v2\/tags?post=197336"}],"curies":[{"name":"wp","href":"https:\/\/api.w.org\/{rel}","templated":true}]}}