{"id":197326,"date":"2019-10-07T13:36:59","date_gmt":"2019-10-07T13:36:59","guid":{"rendered":"https:\/\/www.meydan.tv\/article\/qarabag-elili-birbasa-ilham-eliyevden-komek-isteyirem\/"},"modified":"2019-10-07T13:36:59","modified_gmt":"2019-10-07T13:36:59","slug":"qarabag-elili-birbasa-ilham-eliyevden-komek-isteyirem","status":"publish","type":"post","link":"https:\/\/www.meydan.tv\/az\/article\/qarabag-elili-birbasa-ilham-eliyevden-komek-isteyirem\/","title":{"rendered":"Qaraba\u011f \u0259lili: Birba\u015fa \u0130lham \u018fliyevd\u0259n k\u00f6m\u0259k ist\u0259yir\u0259m"},"content":{"rendered":"<p>\n  <i><br \/>\n    G\u00fcnd\u00fcz Xasm\u0259mm\u0259dovun evi q\u0259zal\u0131 v\u0259ziyy\u0259td\u0259 oldu\u011fundan, o, ail\u0259sil\u0259 \u00e7ad\u0131rda ya\u015fama\u011fa \u00fcst\u00fcnl\u00fck verir<br \/>\n  <\/i>\n<\/p>\n<p>\n  \u201cEvimiz iki d\u0259f\u0259 qrunt sular\u0131 alt\u0131nda qal\u0131b. H\u0259r d\u0259f\u0259sind\u0259 suyu \u00e7\u0259kib, otaqlar\u0131 qurudub, yen\u0259 i\u00e7\u0259risin\u0259 y\u0131\u011f\u0131\u015fm\u0131\u015f\u0131q. Divarlar r\u00fctub\u0259td\u0259n ot ba\u011flay\u0131b, n\u0259f\u0259s almaq m\u00fcmk\u00fcn deyil. \u015e\u0259raitsiz evd\u0259 azya\u015fl\u0131 v\u0259 x\u0259st\u0259 u\u015faqlar ya\u015fay\u0131r. 4 ildir m\u00fcharib\u0259 \u0259lili kimi ev n\u00f6vb\u0259sind\u0259y\u0259m, h\u0259r d\u0259f\u0259 icra hakimiyy\u0259tin\u0259 ged\u0259nd\u0259 bo\u015f v\u0259dl\u0259rl\u0259 yola sal\u0131rlar\u201d.\n<\/p>\n<p>\n  Bunu Meydan TV-y\u0259 Z\u0259rdab\u0131n \u018flv\u0259nd k\u0259nd sakini G\u00fcnd\u00fcz Xasm\u0259mm\u0259dov deyir. O, sa\u011flaml\u0131\u011f\u0131n\u0131 torpaq u\u011frunda itirib, ikinci qrup \u0259lildir.\n<\/p>\n<p>\n  <b><br \/>\n    \u201cN\u0259 ed\u0259k, nec\u0259 ed\u0259k, bilmirik\u201d<br \/>\n  <\/b>\n<\/p>\n<p>\n  Q\u0259zal\u0131 m\u0259nzild\u0259 yeddi n\u0259f\u0259rd\u0259n ibar\u0259t ail\u0259 ya\u015fay\u0131r. B\u00f6y\u00fck \u00f6vlad\u0131 h\u0259rbi xidm\u0259td\u0259dir, dig\u0259r \u00f6vladlar\u0131 is\u0259 azya\u015fl\u0131d\u0131r, onlardan biri ruhi x\u0259st\u0259dir, \u00fc\u00e7\u00fc is\u0259 m\u0259kt\u0259blidir. G\u00fcnd\u00fcz Xasm\u0259mm\u0259dov q\u0259zal\u0131 evd\u0259 ya\u015fay\u0131\u015f\u0131n \u00e7\u0259tinliyind\u0259n dan\u0131\u015f\u0131r:\n<\/p>\n<p>\n  \u201cBu ev 1960-c\u0131 ild\u0259 tikilib. Dediyim kimi, iki d\u0259f\u0259 qrunt sular\u0131 alt\u0131nda qal\u0131b. Bir ne\u00e7\u0259 d\u0259f\u0259 g\u00fccl\u00fc dolu ya\u011fmas\u0131 n\u0259tic\u0259sind\u0259 dam \u00f6rt\u00fcy\u00fc s\u0131radan \u00e7\u0131x\u0131b. \u015eiferl\u0259ri \u00f6z\u00fcm bacard\u0131\u011f\u0131m kimi yamaqlam\u0131\u015fam. X\u0259st\u0259 \u00f6vlad\u0131mla m\u0259nim pensiyam iyn\u0259-d\u0259rmana gedir, yar\u0131ac, yar\u0131tox, birt\u0259h\u0259r ya\u015fay\u0131r\u0131q, maddi imkan\u0131m yoxdur ki, evin \u00fcst\u00fcn\u00fc d\u00fcz\u0259ltdir\u0259m, he\u00e7 olmasa ya\u011f\u0131\u015f ya\u011fanda otaqlar su il\u0259 dolmas\u0131n. Ev zorla ayaqda dayan\u0131r. Taxtan\u0131 divar\u0131n bu t\u0259r\u0259find\u0259n it\u0259l\u0259yirs\u0259n, o t\u0259r\u0259find\u0259n \u00e7\u0131x\u0131r. N\u0259 ed\u0259k, nec\u0259 ed\u0259k, bilmirik\u201d.\n<\/p>\n<p>\n  <b><br \/>\n    \u201cBizi g\u00f6rs\u00fcnl\u0259r, bizi e\u015fitsinl\u0259r\u201d<br \/>\n  <\/b>\n<\/p>\n<p>\n  G\u00fcnd\u00fcz Xasm\u0259mm\u0259dov yax\u0131n g\u00fcnl\u0259rd\u0259 \u00e7ad\u0131r qurub ail\u0259sini i\u00e7\u0259risin\u0259 y\u0131\u011fmaq fikrind\u0259dir:\n<\/p>\n<figure class=\"wp-block-image size-large\">\n  <img decoding=\"async\" src=\"https:\/\/www.meydan.tv\/az\/sekil1-jpg\/\" alt=\"sekil1.jpg\" class=\"wp-image-130820\"\/><figcaption>\n    &#8220;M\u0259n\u0259 k\u00f6m\u0259k el\u0259sinl\u0259r, ev tikilm\u0259si \u00fc\u00e7\u00fcn g\u00f6st\u0259ri\u015f versinl\u0259r, bu tifill\u0259ri b\u00f6y\u00fcd\u00fcb bir yer\u0259 \u00e7\u0131xara bilim&#8221;<br \/>\n  <\/figcaption><\/figure>\n<p>\n  \u201cBir \u00e7ad\u0131r quraca\u011fam, i\u00e7\u0259risin\u0259 d\u0259 bir odun sobas\u0131 qura\u015fd\u0131racam. X\u0259st\u0259 u\u015faqlar\u0131 da toplayacam \u00e7ad\u0131ra. Ba\u015fqa \u0259lac\u0131m yoxdur. K\u00f6rp\u0259 u\u015faqlar\u0131 ya\u011f\u0131\u015f sular\u0131n\u0131n i\u00e7\u0259risind\u0259 nec\u0259 saxlay\u0131m ax\u0131? Qar\u015f\u0131dan q\u0131\u015f, \u015faxta g\u0259lir, aidiyy\u0259ti qurumlar bizi g\u00f6rs\u00fcnl\u0259r, ruhi x\u0259st\u0259 olan u\u015fa\u011f\u0131m\u0131z\u0131 g\u00f6rs\u00fcnl\u0259r, s\u0259simizi e\u015fitsinl\u0259r, ist\u0259diyimiz bir evdir, k\u00f6m\u0259k el\u0259sinl\u0259r, tik\u0259k, y\u0131\u011f\u0131\u015faq i\u00e7\u0259risin\u0259&#8230; U\u015faqlar\u0131m ill\u0259rdir ki, \u0259ziyy\u0259t \u00e7\u0259kir. B\u00f6y\u00fck o\u011flum h\u0259rbi xidm\u0259td\u0259dir, evd\u0259 daha \u00fc\u00e7 o\u011flum b\u00f6y\u00fcy\u00fcr, 18 ya\u015f\u0131na \u00e7atanda qap\u0131n\u0131 d\u00f6y\u00fcb, bir-bir onlar\u0131 da h\u0259rbi xidm\u0259t\u0259 \u00e7a\u011f\u0131racaqlar. M\u0259n torpaq \u00fc\u00e7\u00fcn vuru\u015fub sa\u011flaml\u0131\u011f\u0131m\u0131 itirmi\u015f\u0259m, bu u\u015faqlarsa \u015f\u0259raitsizlikd\u0259n g\u00fcnb\u0259g\u00fcn sa\u011flaml\u0131qlar\u0131n\u0131 itirirl\u0259r\u201d.\n<\/p>\n<p>\n  <b><br \/>\n    \u201cEyni m\u0259zmunlu cavablardan bezmi\u015f\u0259m\u201d<br \/>\n  <\/b>\n<\/p>\n<p>\n  Z\u0259rdab Rayon \u0130cra Hakimiyy\u0259tind\u0259n Meydan TV-y\u0259 bildirilib ki, G\u00fcnd\u00fcz Xasm\u0259mm\u0259dov 2015-ci ild\u0259n m\u0259nzil \u00fc\u00e7\u00fcn n\u00f6vb\u0259y\u0259 dayan\u0131b. \u0130lk f\u00fcrs\u0259td\u0259 o, m\u0259nzill\u0259 t\u0259min olunacaq. Ancaq bunun \u00fc\u00e7\u00fcn bir m\u00fcdd\u0259t s\u0259brl\u0259 g\u00f6zl\u0259m\u0259lidir. G\u00fcnd\u00fcz Xasm\u0259mm\u0259dov deyir, ona da qurumdan bu tipli \u00fcmumi cavablar verilir:\n<\/p>\n<p>\n  \u201cH\u0259r d\u0259f\u0259 d\u0259 bir-birini t\u0259krarlayan, \u00fcmumi m\u0259zmunlu cavablar almaqdan bezmi\u015f\u0259m. Ax\u0131 v\u0259t\u0259nda\u015fa n\u0259 q\u0259d\u0259r na\u011f\u0131l dan\u0131\u015fmaq olar? M\u0259n deyir\u0259m, evim ba\u015f\u0131ma da\u011f\u0131lmaq \u00fczr\u0259dir, biri ruhi x\u0259st\u0259 olmaqla d\u00f6rd azya\u015fl\u0131 u\u015fa\u011f\u0131n h\u0259r an da\u011f\u0131nt\u0131 alt\u0131nda qalmaq t\u0259hl\u00fck\u0259si var, bunlar deyir, s\u0259brli ol, g\u00f6zl\u0259&#8230; Hara yaz\u0131ram, cavab g\u0259lir ki, bilirik, ev n\u00f6vb\u0259sind\u0259s\u0259n, n\u00f6vb\u0259n \u00e7atanda ev tikil\u0259c\u0259k. Ancaq bu, n\u0259 vaxt olacaq, dey\u0259n, yazan yoxdur. M\u0259n birba\u015fa \u0130lham \u018fliyevd\u0259n, Mehriban \u018fliyevadan k\u00f6m\u0259k ist\u0259yir\u0259m. M\u0259n\u0259 k\u00f6m\u0259k el\u0259sinl\u0259r, ev tikilm\u0259si \u00fc\u00e7\u00fcn g\u00f6st\u0259ri\u015f versinl\u0259r, bu tifill\u0259ri b\u00f6y\u00fcd\u00fcb bir yer\u0259 \u00e7\u0131xara bilim. Bel\u0259 \u015f\u0259raitd\u0259 n\u0259 u\u015faq saxlayarlar, n\u0259 d\u0259 ruhi x\u0259st\u0259&#8230;\u201d\n<\/p>\n<p>\n  G\u00fcnd\u00fcz Xasm\u0259mm\u0259dov Prezident Administrasiyas\u0131na da yaz\u0131b, ancaq h\u0259l\u0259 d\u0259 m\u0259ktubuna cavab almay\u0131b. Aidiyy\u0259ti qurumlar t\u0259dbir g\u00f6rm\u0259s\u0259, onu q\u0131\u015fboyu azya\u015fl\u0131 \u00f6vladlar\u0131yla birg\u0259 \u00e7ad\u0131r h\u0259yat\u0131 s\u00fcrm\u0259k g\u00f6zl\u0259yir.<\/p>\n","protected":false},"excerpt":{"rendered":"<p>M\u0259n torpaq \u00fc\u00e7\u00fcn vuru\u015fub sa\u011flaml\u0131\u011f\u0131m\u0131 itirmi\u015f\u0259m, bu u\u015faqlarsa \u015f\u0259raitsizlikd\u0259n g\u00fcnb\u0259g\u00fcn sa\u011flaml\u0131qlar\u0131n\u0131 itirirl\u0259r<\/p>\n","protected":false},"author":11,"featured_media":130817,"comment_status":"closed","ping_status":"open","sticky":false,"template":"","format":"standard","meta":{"_acf_changed":false,"_sitemap_exclude":false,"_sitemap_priority":"","_sitemap_frequency":"","footnotes":""},"categories":[60],"tags":[],"class_list":["post-197326","post","type-post","status-publish","format-standard","has-post-thumbnail","hentry","category-bolge","infinite-scroll-item","generate-columns","tablet-grid-50","mobile-grid-100","grid-parent","grid-33","no-featured-image-padding"],"acf":[],"yoast_head":"<!-- This site is optimized with the Yoast SEO plugin v27.5 - https:\/\/yoast.com\/product\/yoast-seo-wordpress\/ -->\n<title>Qaraba\u011f \u0259lili: Birba\u015fa \u0130lham \u018fliyevd\u0259n k\u00f6m\u0259k ist\u0259yir\u0259m - MEYDAN.TV<\/title>\n<meta name=\"robots\" content=\"index, follow, max-snippet:-1, max-image-preview:large, max-video-preview:-1\" \/>\n<link rel=\"canonical\" href=\"https:\/\/www.meydan.tv\/az\/article\/qarabag-elili-birbasa-ilham-eliyevden-komek-isteyirem\/\" \/>\n<meta property=\"og:locale\" content=\"az_AZ\" \/>\n<meta property=\"og:type\" content=\"article\" \/>\n<meta property=\"og:title\" content=\"Qaraba\u011f \u0259lili: Birba\u015fa \u0130lham \u018fliyevd\u0259n k\u00f6m\u0259k ist\u0259yir\u0259m - MEYDAN.TV\" \/>\n<meta property=\"og:description\" content=\"M\u0259n torpaq \u00fc\u00e7\u00fcn vuru\u015fub sa\u011flaml\u0131\u011f\u0131m\u0131 itirmi\u015f\u0259m, bu u\u015faqlarsa \u015f\u0259raitsizlikd\u0259n g\u00fcnb\u0259g\u00fcn sa\u011flaml\u0131qlar\u0131n\u0131 itirirl\u0259r\" \/>\n<meta property=\"og:url\" content=\"https:\/\/www.meydan.tv\/az\/article\/qarabag-elili-birbasa-ilham-eliyevden-komek-isteyirem\/\" \/>\n<meta property=\"og:site_name\" content=\"MEYDAN.TV\" \/>\n<meta property=\"article:published_time\" content=\"2019-10-07T13:36:59+00:00\" \/>\n<meta property=\"og:image\" content=\"https:\/\/www.meydan.tv\/wp-content\/uploads\/qaqa.jpg\" \/>\n\t<meta property=\"og:image:width\" content=\"1040\" \/>\n\t<meta property=\"og:image:height\" content=\"780\" \/>\n\t<meta property=\"og:image:type\" content=\"image\/jpeg\" \/>\n<meta name=\"author\" content=\"user-manager\" \/>\n<meta name=\"twitter:card\" content=\"summary_large_image\" \/>\n<script type=\"application\/ld+json\" class=\"yoast-schema-graph\">{\"@context\":\"https:\\\/\\\/schema.org\",\"@graph\":[{\"@type\":\"Article\",\"@id\":\"https:\\\/\\\/www.meydan.tv\\\/az\\\/article\\\/qarabag-elili-birbasa-ilham-eliyevden-komek-isteyirem\\\/#article\",\"isPartOf\":{\"@id\":\"https:\\\/\\\/www.meydan.tv\\\/az\\\/article\\\/qarabag-elili-birbasa-ilham-eliyevden-komek-isteyirem\\\/\"},\"author\":{\"name\":\"user-manager\",\"@id\":\"https:\\\/\\\/www.meydan.tv\\\/az\\\/#\\\/schema\\\/person\\\/10d11eccf6da3662cf5fdab9806ea91a\"},\"headline\":\"Qaraba\u011f \u0259lili: Birba\u015fa \u0130lham \u018fliyevd\u0259n k\u00f6m\u0259k ist\u0259yir\u0259m\",\"datePublished\":\"2019-10-07T13:36:59+00:00\",\"mainEntityOfPage\":{\"@id\":\"https:\\\/\\\/www.meydan.tv\\\/az\\\/article\\\/qarabag-elili-birbasa-ilham-eliyevden-komek-isteyirem\\\/\"},\"wordCount\":826,\"publisher\":{\"@id\":\"https:\\\/\\\/www.meydan.tv\\\/az\\\/#organization\"},\"image\":{\"@id\":\"https:\\\/\\\/www.meydan.tv\\\/az\\\/article\\\/qarabag-elili-birbasa-ilham-eliyevden-komek-isteyirem\\\/#primaryimage\"},\"thumbnailUrl\":\"https:\\\/\\\/www.meydan.tv\\\/wp-content\\\/uploads\\\/qaqa.jpg\",\"articleSection\":[\"B\u00f6lg\u0259\"],\"inLanguage\":\"az\"},{\"@type\":\"WebPage\",\"@id\":\"https:\\\/\\\/www.meydan.tv\\\/az\\\/article\\\/qarabag-elili-birbasa-ilham-eliyevden-komek-isteyirem\\\/\",\"url\":\"https:\\\/\\\/www.meydan.tv\\\/az\\\/article\\\/qarabag-elili-birbasa-ilham-eliyevden-komek-isteyirem\\\/\",\"name\":\"Qaraba\u011f \u0259lili: Birba\u015fa \u0130lham \u018fliyevd\u0259n k\u00f6m\u0259k ist\u0259yir\u0259m - MEYDAN.TV\",\"isPartOf\":{\"@id\":\"https:\\\/\\\/www.meydan.tv\\\/az\\\/#website\"},\"primaryImageOfPage\":{\"@id\":\"https:\\\/\\\/www.meydan.tv\\\/az\\\/article\\\/qarabag-elili-birbasa-ilham-eliyevden-komek-isteyirem\\\/#primaryimage\"},\"image\":{\"@id\":\"https:\\\/\\\/www.meydan.tv\\\/az\\\/article\\\/qarabag-elili-birbasa-ilham-eliyevden-komek-isteyirem\\\/#primaryimage\"},\"thumbnailUrl\":\"https:\\\/\\\/www.meydan.tv\\\/wp-content\\\/uploads\\\/qaqa.jpg\",\"datePublished\":\"2019-10-07T13:36:59+00:00\",\"breadcrumb\":{\"@id\":\"https:\\\/\\\/www.meydan.tv\\\/az\\\/article\\\/qarabag-elili-birbasa-ilham-eliyevden-komek-isteyirem\\\/#breadcrumb\"},\"inLanguage\":\"az\",\"potentialAction\":[{\"@type\":\"ReadAction\",\"target\":[\"https:\\\/\\\/www.meydan.tv\\\/az\\\/article\\\/qarabag-elili-birbasa-ilham-eliyevden-komek-isteyirem\\\/\"]}]},{\"@type\":\"ImageObject\",\"inLanguage\":\"az\",\"@id\":\"https:\\\/\\\/www.meydan.tv\\\/az\\\/article\\\/qarabag-elili-birbasa-ilham-eliyevden-komek-isteyirem\\\/#primaryimage\",\"url\":\"https:\\\/\\\/www.meydan.tv\\\/wp-content\\\/uploads\\\/qaqa.jpg\",\"contentUrl\":\"https:\\\/\\\/www.meydan.tv\\\/wp-content\\\/uploads\\\/qaqa.jpg\",\"width\":1040,\"height\":780,\"caption\":\"Source: meydan.tv\"},{\"@type\":\"BreadcrumbList\",\"@id\":\"https:\\\/\\\/www.meydan.tv\\\/az\\\/article\\\/qarabag-elili-birbasa-ilham-eliyevden-komek-isteyirem\\\/#breadcrumb\",\"itemListElement\":[{\"@type\":\"ListItem\",\"position\":1,\"name\":\"Ana s\u0259hif\u0259\",\"item\":\"https:\\\/\\\/www.meydan.tv\\\/az\\\/\"},{\"@type\":\"ListItem\",\"position\":2,\"name\":\"B\u00f6lg\u0259\",\"item\":\"https:\\\/\\\/www.meydan.tv\\\/az\\\/section\\\/bolge\\\/\"},{\"@type\":\"ListItem\",\"position\":3,\"name\":\"Qaraba\u011f \u0259lili: Birba\u015fa \u0130lham \u018fliyevd\u0259n k\u00f6m\u0259k ist\u0259yir\u0259m\"}]},{\"@type\":\"WebSite\",\"@id\":\"https:\\\/\\\/www.meydan.tv\\\/az\\\/#website\",\"url\":\"https:\\\/\\\/www.meydan.tv\\\/az\\\/\",\"name\":\"MEYDAN.TV\",\"description\":\"Meydan TV Az\u0259rbaycan\u0131n media m\u0259kan\u0131ndak\u0131 alternativ s\u0259sidir\",\"publisher\":{\"@id\":\"https:\\\/\\\/www.meydan.tv\\\/az\\\/#organization\"},\"potentialAction\":[{\"@type\":\"SearchAction\",\"target\":{\"@type\":\"EntryPoint\",\"urlTemplate\":\"https:\\\/\\\/www.meydan.tv\\\/az\\\/?s={search_term_string}\"},\"query-input\":{\"@type\":\"PropertyValueSpecification\",\"valueRequired\":true,\"valueName\":\"search_term_string\"}}],\"inLanguage\":\"az\"},{\"@type\":\"Organization\",\"@id\":\"https:\\\/\\\/www.meydan.tv\\\/az\\\/#organization\",\"name\":\"Meydan TV\",\"url\":\"https:\\\/\\\/www.meydan.tv\\\/az\\\/\",\"logo\":{\"@type\":\"ImageObject\",\"inLanguage\":\"az\",\"@id\":\"https:\\\/\\\/www.meydan.tv\\\/az\\\/#\\\/schema\\\/logo\\\/image\\\/\",\"url\":\"https:\\\/\\\/www.meydan.tv\\\/wp-content\\\/uploads\\\/2021\\\/07\\\/meydan-logo.svg\",\"contentUrl\":\"https:\\\/\\\/www.meydan.tv\\\/wp-content\\\/uploads\\\/2021\\\/07\\\/meydan-logo.svg\",\"width\":195,\"height\":46,\"caption\":\"Meydan TV\"},\"image\":{\"@id\":\"https:\\\/\\\/www.meydan.tv\\\/az\\\/#\\\/schema\\\/logo\\\/image\\\/\"}},{\"@type\":\"Person\",\"@id\":\"https:\\\/\\\/www.meydan.tv\\\/az\\\/#\\\/schema\\\/person\\\/10d11eccf6da3662cf5fdab9806ea91a\",\"name\":\"user-manager\"}]}<\/script>\n<!-- \/ Yoast SEO plugin. -->","yoast_head_json":{"title":"Qaraba\u011f \u0259lili: Birba\u015fa \u0130lham \u018fliyevd\u0259n k\u00f6m\u0259k ist\u0259yir\u0259m - MEYDAN.TV","robots":{"index":"index","follow":"follow","max-snippet":"max-snippet:-1","max-image-preview":"max-image-preview:large","max-video-preview":"max-video-preview:-1"},"canonical":"https:\/\/www.meydan.tv\/az\/article\/qarabag-elili-birbasa-ilham-eliyevden-komek-isteyirem\/","og_locale":"az_AZ","og_type":"article","og_title":"Qaraba\u011f \u0259lili: Birba\u015fa \u0130lham \u018fliyevd\u0259n k\u00f6m\u0259k ist\u0259yir\u0259m - MEYDAN.TV","og_description":"M\u0259n torpaq \u00fc\u00e7\u00fcn vuru\u015fub sa\u011flaml\u0131\u011f\u0131m\u0131 itirmi\u015f\u0259m, bu u\u015faqlarsa \u015f\u0259raitsizlikd\u0259n g\u00fcnb\u0259g\u00fcn sa\u011flaml\u0131qlar\u0131n\u0131 itirirl\u0259r","og_url":"https:\/\/www.meydan.tv\/az\/article\/qarabag-elili-birbasa-ilham-eliyevden-komek-isteyirem\/","og_site_name":"MEYDAN.TV","article_published_time":"2019-10-07T13:36:59+00:00","og_image":[{"width":1040,"height":780,"url":"https:\/\/www.meydan.tv\/wp-content\/uploads\/qaqa.jpg","type":"image\/jpeg"}],"author":"user-manager","twitter_card":"summary_large_image","schema":{"@context":"https:\/\/schema.org","@graph":[{"@type":"Article","@id":"https:\/\/www.meydan.tv\/az\/article\/qarabag-elili-birbasa-ilham-eliyevden-komek-isteyirem\/#article","isPartOf":{"@id":"https:\/\/www.meydan.tv\/az\/article\/qarabag-elili-birbasa-ilham-eliyevden-komek-isteyirem\/"},"author":{"name":"user-manager","@id":"https:\/\/www.meydan.tv\/az\/#\/schema\/person\/10d11eccf6da3662cf5fdab9806ea91a"},"headline":"Qaraba\u011f \u0259lili: Birba\u015fa \u0130lham \u018fliyevd\u0259n k\u00f6m\u0259k ist\u0259yir\u0259m","datePublished":"2019-10-07T13:36:59+00:00","mainEntityOfPage":{"@id":"https:\/\/www.meydan.tv\/az\/article\/qarabag-elili-birbasa-ilham-eliyevden-komek-isteyirem\/"},"wordCount":826,"publisher":{"@id":"https:\/\/www.meydan.tv\/az\/#organization"},"image":{"@id":"https:\/\/www.meydan.tv\/az\/article\/qarabag-elili-birbasa-ilham-eliyevden-komek-isteyirem\/#primaryimage"},"thumbnailUrl":"https:\/\/www.meydan.tv\/wp-content\/uploads\/qaqa.jpg","articleSection":["B\u00f6lg\u0259"],"inLanguage":"az"},{"@type":"WebPage","@id":"https:\/\/www.meydan.tv\/az\/article\/qarabag-elili-birbasa-ilham-eliyevden-komek-isteyirem\/","url":"https:\/\/www.meydan.tv\/az\/article\/qarabag-elili-birbasa-ilham-eliyevden-komek-isteyirem\/","name":"Qaraba\u011f \u0259lili: Birba\u015fa \u0130lham \u018fliyevd\u0259n k\u00f6m\u0259k ist\u0259yir\u0259m - MEYDAN.TV","isPartOf":{"@id":"https:\/\/www.meydan.tv\/az\/#website"},"primaryImageOfPage":{"@id":"https:\/\/www.meydan.tv\/az\/article\/qarabag-elili-birbasa-ilham-eliyevden-komek-isteyirem\/#primaryimage"},"image":{"@id":"https:\/\/www.meydan.tv\/az\/article\/qarabag-elili-birbasa-ilham-eliyevden-komek-isteyirem\/#primaryimage"},"thumbnailUrl":"https:\/\/www.meydan.tv\/wp-content\/uploads\/qaqa.jpg","datePublished":"2019-10-07T13:36:59+00:00","breadcrumb":{"@id":"https:\/\/www.meydan.tv\/az\/article\/qarabag-elili-birbasa-ilham-eliyevden-komek-isteyirem\/#breadcrumb"},"inLanguage":"az","potentialAction":[{"@type":"ReadAction","target":["https:\/\/www.meydan.tv\/az\/article\/qarabag-elili-birbasa-ilham-eliyevden-komek-isteyirem\/"]}]},{"@type":"ImageObject","inLanguage":"az","@id":"https:\/\/www.meydan.tv\/az\/article\/qarabag-elili-birbasa-ilham-eliyevden-komek-isteyirem\/#primaryimage","url":"https:\/\/www.meydan.tv\/wp-content\/uploads\/qaqa.jpg","contentUrl":"https:\/\/www.meydan.tv\/wp-content\/uploads\/qaqa.jpg","width":1040,"height":780,"caption":"Source: meydan.tv"},{"@type":"BreadcrumbList","@id":"https:\/\/www.meydan.tv\/az\/article\/qarabag-elili-birbasa-ilham-eliyevden-komek-isteyirem\/#breadcrumb","itemListElement":[{"@type":"ListItem","position":1,"name":"Ana s\u0259hif\u0259","item":"https:\/\/www.meydan.tv\/az\/"},{"@type":"ListItem","position":2,"name":"B\u00f6lg\u0259","item":"https:\/\/www.meydan.tv\/az\/section\/bolge\/"},{"@type":"ListItem","position":3,"name":"Qaraba\u011f \u0259lili: Birba\u015fa \u0130lham \u018fliyevd\u0259n k\u00f6m\u0259k ist\u0259yir\u0259m"}]},{"@type":"WebSite","@id":"https:\/\/www.meydan.tv\/az\/#website","url":"https:\/\/www.meydan.tv\/az\/","name":"MEYDAN.TV","description":"Meydan TV Az\u0259rbaycan\u0131n media m\u0259kan\u0131ndak\u0131 alternativ s\u0259sidir","publisher":{"@id":"https:\/\/www.meydan.tv\/az\/#organization"},"potentialAction":[{"@type":"SearchAction","target":{"@type":"EntryPoint","urlTemplate":"https:\/\/www.meydan.tv\/az\/?s={search_term_string}"},"query-input":{"@type":"PropertyValueSpecification","valueRequired":true,"valueName":"search_term_string"}}],"inLanguage":"az"},{"@type":"Organization","@id":"https:\/\/www.meydan.tv\/az\/#organization","name":"Meydan TV","url":"https:\/\/www.meydan.tv\/az\/","logo":{"@type":"ImageObject","inLanguage":"az","@id":"https:\/\/www.meydan.tv\/az\/#\/schema\/logo\/image\/","url":"https:\/\/www.meydan.tv\/wp-content\/uploads\/2021\/07\/meydan-logo.svg","contentUrl":"https:\/\/www.meydan.tv\/wp-content\/uploads\/2021\/07\/meydan-logo.svg","width":195,"height":46,"caption":"Meydan TV"},"image":{"@id":"https:\/\/www.meydan.tv\/az\/#\/schema\/logo\/image\/"}},{"@type":"Person","@id":"https:\/\/www.meydan.tv\/az\/#\/schema\/person\/10d11eccf6da3662cf5fdab9806ea91a","name":"user-manager"}]}},"_links":{"self":[{"href":"https:\/\/www.meydan.tv\/az\/wp-json\/wp\/v2\/posts\/197326","targetHints":{"allow":["GET"]}}],"collection":[{"href":"https:\/\/www.meydan.tv\/az\/wp-json\/wp\/v2\/posts"}],"about":[{"href":"https:\/\/www.meydan.tv\/az\/wp-json\/wp\/v2\/types\/post"}],"author":[{"embeddable":true,"href":"https:\/\/www.meydan.tv\/az\/wp-json\/wp\/v2\/users\/11"}],"replies":[{"embeddable":true,"href":"https:\/\/www.meydan.tv\/az\/wp-json\/wp\/v2\/comments?post=197326"}],"version-history":[{"count":0,"href":"https:\/\/www.meydan.tv\/az\/wp-json\/wp\/v2\/posts\/197326\/revisions"}],"wp:featuredmedia":[{"embeddable":true,"href":"https:\/\/www.meydan.tv\/az\/wp-json\/wp\/v2\/media\/130817"}],"wp:attachment":[{"href":"https:\/\/www.meydan.tv\/az\/wp-json\/wp\/v2\/media?parent=197326"}],"wp:term":[{"taxonomy":"category","embeddable":true,"href":"https:\/\/www.meydan.tv\/az\/wp-json\/wp\/v2\/categories?post=197326"},{"taxonomy":"post_tag","embeddable":true,"href":"https:\/\/www.meydan.tv\/az\/wp-json\/wp\/v2\/tags?post=197326"}],"curies":[{"name":"wp","href":"https:\/\/api.w.org\/{rel}","templated":true}]}}