{"id":197321,"date":"2019-10-07T08:27:15","date_gmt":"2019-10-07T08:27:15","guid":{"rendered":"https:\/\/www.meydan.tv\/article\/sahibkar-bir-carem-qalir-ailemle-prezident-administrasiyasinin-qarsisinda-ozumuzu-yandirmaq\/"},"modified":"2019-10-07T08:27:15","modified_gmt":"2019-10-07T08:27:15","slug":"sahibkar-bir-carem-qalir-ailemle-prezident-administrasiyasinin-qarsisinda-ozumuzu-yandirmaq","status":"publish","type":"post","link":"https:\/\/www.meydan.tv\/az\/article\/sahibkar-bir-carem-qalir-ailemle-prezident-administrasiyasinin-qarsisinda-ozumuzu-yandirmaq\/","title":{"rendered":"Sahibkar: Bir \u00e7ar\u0259m qal\u0131r, ail\u0259ml\u0259 Prezident Administrasiyas\u0131n\u0131n qar\u015f\u0131s\u0131nda  \u00f6z\u00fcm\u00fcz\u00fc yand\u0131rmaq"},"content":{"rendered":"<p>\n  <i><br \/>\n    Sabirabadl\u0131 i\u015f adam\u0131 ill\u0259rdir yerli m\u0259murlarla m\u00fcbariz\u0259 apard\u0131\u011f\u0131n\u0131 deyir<br \/>\n  <\/i>\n<\/p>\n<p>\n  <b><br \/>\n    B\u00f6lg\u0259l\u0259rd\u0259 sahibkarl\u0131q f\u0259aliyy\u0259ti il\u0259 m\u0259\u015f\u011ful olan \u015f\u0259xsl\u0259rin m\u0259mur \u00f6zba\u015f\u0131nal\u0131\u011f\u0131ndan \u015fikay\u0259tl\u0259ri h\u0259r h\u0259ft\u0259 m\u0259tbuat\u0131n s\u0259hif\u0259l\u0259rind\u0259 yer al\u0131r. Bu sahibkarlar deyir ki,<br \/>\n  <\/b><br \/>\n  <b><br \/>\n    \u015fikay\u0259tl\u0259rin \u0259ks\u0259ri m\u0259rk\u0259zi hakimiyy\u0259t\u0259 gec \u00e7at\u0131r, yaxud onlar m\u0259lumatland\u0131r\u0131lsa da, m\u0259ktublar yenid\u0259n qanunsuzlu\u011fu ed\u0259n yerli icra strukturlar\u0131na g\u00f6nd\u0259rilir. N\u0259tic\u0259d\u0259 probleml\u0259r h\u0259ll edilm\u0259mi\u015f qal\u0131r v\u0259 sahibkarlar\u0131n naraz\u0131l\u0131\u011f\u0131 etiraz dal\u011fas\u0131na \u00e7evrilir. Bu v\u0259ziyy\u0259td\u0259 b\u0259zi i\u015f adamlar\u0131 \u00f6lk\u0259ni t\u0259rk edir, dig\u0259rl\u0259ri taleyi il\u0259 bar\u0131\u015f\u0131b sahibkarl\u0131qdan uzaqla\u015f\u0131rlar.<br \/>\n  <\/b>\n<\/p>\n<p>\n  <b><br \/>\n    Sabirabad rayonundak\u0131 \u201c\u018fv\u0259zsiz Quran\u201d Kooperativinin s\u0259dri, birinci Qaraba\u011f m\u00fcharib\u0259si veteran\u0131, \u201cN\u201d sayl\u0131 h\u0259rbi hiss\u0259nin Q\u0259rargah r\u0259isi olmu\u015f Vidadi Abdullayev d\u0259 Meydan TV-y\u0259 ill\u0259rdir yerli icra strukturlar\u0131, polis, m\u0259hk\u0259m\u0259 t\u0259r\u0259find\u0259n qar\u015f\u0131la\u015fd\u0131\u011f\u0131 qanunsuzluqlardan dan\u0131\u015f\u0131b.<br \/>\n  <\/b>\n<\/p>\n<p>\n  &#8211;<br \/>\n  <i><br \/>\n    Vidadi m\u00fc\u0259llim, \u201c\u018fv\u0259zsiz Quran\u201d Kooperativini n\u0259 vaxt qurmusunuz?<br \/>\n  <\/i>\n<\/p>\n<p>\n  &#8211; Kooperativi 1989-cu ild\u0259 t\u0259sis etmi\u015f\u0259m, bu, el\u0259 bir d\u00f6vr idi ki, Erm\u0259nistan\u0131n Az\u0259rbaycana qar\u015f\u0131 \u0259razi iddialar\u0131 n\u0259tic\u0259sind\u0259 ictimai-siyasi durum g\u0259rgin m\u0259rh\u0259l\u0259y\u0259 q\u0259d\u0259m qoyurdu. M\u0259nim o zaman maliyy\u0259 imkanlar\u0131m pis deyildi. Sabirabad Rayon Partiya Komit\u0259sin\u0259 3 d\u0259f\u0259 m\u00fcraci\u0259timd\u0259n sonra G\u00fclabbas X\u0259lilov ad\u0131na kolxozdan 50 illiyin\u0259 20 hektar torpaq ayr\u0131ld\u0131, bu, rayon Xalq Deputatlar\u0131 Sovetinin q\u0259rar\u0131 il\u0259 verildi. 20 hektar\u0131n 5 hektar\u0131nda tikinti i\u015fl\u0259r apar\u0131ld\u0131, 2 hektar ba\u015f-su kanal\u0131, 13 hektar is\u0259 qar\u0131\u015f\u0131q oldu, tikinti v\u0259 \u0259kin \u00fc\u00e7\u00fcn ayr\u0131ld\u0131. T\u0259s\u0259vv\u00fcr edin ki, ilkin olaraq 26 milyon manatla \u0259rzaq v\u0259 tikinti istehsal m\u00fc\u0259ssis\u0259l\u0259ri yaratd\u0131m. \u00c7ox \u00e7\u0259tin vaxtlar idi, neft-yanacaq, tikinti materiallar\u0131 tapmaq m\u00fc\u015fkil m\u0259s\u0259l\u0259ydi, bir z\u0259ngiml\u0259 Rusiyan\u0131n ist\u0259nil\u0259n vilay\u0259tind\u0259n adlar\u0131n\u0131 \u00e7\u0259kdikl\u0259rimi g\u0259tir\u0259 bilirdim.\n<\/p>\n<p>\n  <i><br \/>\n    &#8211; Hans\u0131 imkanlar vasit\u0259sil\u0259 bu materiallar\u0131 g\u0259tir\u0259 bilirdiniz?<br \/>\n  <\/i>\n<\/p>\n<p>\n  &#8211; M\u0259nim SSR\u0130 D\u00f6vl\u0259t Aqropromda dostlar\u0131m vard\u0131, onlarla telefon \u0259laq\u0259si saxlay\u0131r v\u0259 sonra hesablar\u0131na pulu k\u00f6\u00e7\u00fcr\u00fcrd\u00fcm. Yaratd\u0131\u011f\u0131m istehsal m\u00fc\u0259ssis\u0259l\u0259ri i\u015f yeri idi, ilkin olaraq Erm\u0259nistandan k\u00f6\u00e7k\u00fcn d\u00fc\u015f\u0259nl\u0259rd\u0259n 18 n\u0259f\u0259r, \u00d6zb\u0259kistandan is\u0259 10 n\u0259f\u0259ri m\u00fc\u0259ssis\u0259l\u0259rd\u0259 i\u015f\u0259 g\u00f6t\u00fcrd\u00fcm.\n<\/p>\n<figure class=\"wp-block-image size-large\">\n  <img decoding=\"async\" src=\"https:\/\/www.meydan.tv\/az\/img-20191002-wa0001-jpg\/\" alt=\"IMG-20191002-WA0001.jpg\" class=\"wp-image-130788\"\/><figcaption>\n    Biznes-Plan<br \/>\n  <\/figcaption><\/figure>\n<p>\n  <b><br \/>\n    \u201c\u0130cra ba\u015f\u00e7\u0131s\u0131 m\u0259nd\u0259n 100 min dollar r\u00fc\u015fv\u0259t ist\u0259di\u201d<br \/>\n  <\/b>\n<\/p>\n<p>\n  &#8211;<br \/>\n  <i><br \/>\n    M\u00fc\u0259ssis\u0259l\u0259rin profili n\u0259d\u0259n ibar\u0259t idi?<br \/>\n  <\/i>\n<\/p>\n<p>\n  &#8211; M\u0259s\u0259l\u0259n, 20-30 n\u0259f\u0259rin \u00e7al\u0131\u015fd\u0131\u011f\u0131 istixanalar vard\u0131. Saratovdan 500 \u0259d\u0259d ana \u00f6rd\u0259k g\u0259tirdim v\u0259 fermalarda 10 min \u0259d\u0259d \u00f6rd\u0259k yeti\u015fdirdim, bax, orda adamlar i\u015fl\u0259yirdi. Xaricd\u0259n m\u00fcasir t\u0259l\u0259bl\u0259r\u0259 cavab ver\u0259n avadanl\u0131qlar g\u0259tirdib Asfalt Zavodu, montaj, qap\u0131-p\u0259nc\u0259r\u0259 sexl\u0259ri a\u00e7d\u0131q. Ayda 70 min k\u0259rpic, 25 min da\u015f istehsal edirdik, indi bunun d\u00f6vriyy\u0259sini n\u0259z\u0259r\u0259 al\u0131n da. T\u0259xmin\u0259n 400-d\u0259n \u00e7ox adam i\u015fl\u0259yirdi. S\u00f6hb\u0259t 1990-c\u0131 ild\u0259n gedir. Art\u0131q h\u0259min vaxt b\u00f6hran d\u00f6vr\u00fcn\u00fc ya\u015fayan SSR\u0130-d\u0259 istehsal m\u00fc\u0259ssis\u0259l\u0259ri aras\u0131nda \u0259laq\u0259l\u0259r z\u0259ifl\u0259yirdi. \u0130\u015f o q\u0259d\u0259r s\u00fcr\u0259tl\u0259 gedirdi ki, o zamank\u0131 Ba\u015f nazir H\u0259s\u0259n H\u0259s\u0259nov rayona g\u0259l\u0259nd\u0259, bizim kooperativ\u0259 d\u0259 ba\u015f \u00e7\u0259kmi\u015fdi. 1992-ci ild\u0259 zabit oldu\u011fum \u00fc\u00e7\u00fcn m\u0259ni m\u00fcharib\u0259y\u0259 \u00e7a\u011f\u0131rd\u0131lar, el\u0259 bir zaman idi ki, imtina ed\u0259 bilm\u0259zdim v\u0259 b\u00fct\u00fcn i\u015fl\u0259ri qarda\u015f\u0131ma tap\u015f\u0131r\u0131b c\u0259bh\u0259y\u0259 getdim. N sayl\u0131 h\u0259rbi hiss\u0259d\u0259 polk q\u0259rargah r\u0259isi t\u0259yin olundum v\u0259 sonradan Z\u0259ngilan, K\u0259lb\u0259c\u0259r, Qubadl\u0131 rayonlar\u0131ndak\u0131 d\u00f6y\u00fc\u015fl\u0259rd\u0259 i\u015ftirak etdim. K\u0259lb\u0259c\u0259rd\u0259 olanda qarda\u015f\u0131m z\u0259ng etdi ki, Z\u0259ngilan v\u0259 C\u0259bray\u0131ldan k\u00f6\u00e7k\u00fcnl\u0259ri \u0259razid\u0259 yerl\u0259\u015fdirilm\u0259si haqda rayon Xalq Deputatlar\u0131 Sovetinin xahi\u015fi var, n\u0259 deyirs\u0259n. Cavab verdim ki, n\u0259inki kooperativd\u0259, yeri g\u0259ls\u0259, evimd\u0259 d\u0259 yerl\u0259\u015fdir. 1999-cu il\u0259 q\u0259d\u0259r m\u0259cburi k\u00f6\u00e7k\u00fcnl\u0259rin h\u0259r c\u00fcr\u0259 qay\u011f\u0131lar\u0131na qald\u0131m, Nizami k\u0259ndind\u0259 torpaqlara 5 milyon manat icar\u0259 haqq\u0131 \u00f6d\u0259dim ki, istifad\u0259 etsinl\u0259r, 2 milyon manata yax\u0131n \u0259mlaklar\u0131na \u00f6d\u0259dim, \u00f6zl\u0259rinin d\u0259 d\u00f6vl\u0259t\u0259 \u00f6d\u0259diyim bu vergid\u0259n x\u0259b\u0259ri yox idi. Bunlar\u0131n qar\u015f\u0131l\u0131\u011f\u0131nda n\u0259 qazand\u0131m, rayon Aqrar \u0130slahat Komissiyas\u0131 17 oktyabr 1999-cu ild\u0259 5 hektarda olan tikilil\u0259rimi C\u0259bray\u0131l k\u00f6\u00e7k\u00fcnl\u0259rin\u0259 verm\u0259k ad\u0131yla zor g\u00fcc\u00fcn\u0259 \u0259limd\u0259n ald\u0131.\n<\/p>\n<p>\n  &#8211;<br \/>\n  <i><br \/>\n    O zaman icra ba\u015f\u00e7\u0131s\u0131 kim idi?<br \/>\n  <\/i>\n<\/p>\n<p>\n  &#8211; Deputat S\u0259may\u0259 Piriyeva, yeni icra ba\u015f\u00e7\u0131s\u0131 qoyulmu\u015fdu.\n<\/p>\n<p>\n  &#8211;<br \/>\n  <i><br \/>\n    N\u0259 \u00fc\u00e7\u00fcn tikilil\u0259ri ald\u0131lar?<br \/>\n  <\/i>\n<\/p>\n<p>\n  &#8211; 100 min dollar r\u00fc\u015fv\u0259t ist\u0259di, m\u0259n d\u0259 verm\u0259dim v\u0259 qar\u015f\u0131l\u0131\u011f\u0131nda t\u0259zyiq g\u00f6rd\u00fcm. Son \u00fcmid yerim m\u00f6ht\u0259r\u0259m ulu \u00f6nd\u0259rimiz Heyd\u0259r \u018fliyev\u0259 qald\u0131\u011f\u0131ndan 2000-ci ilin 12 yanvar\u0131nda ona m\u00fcraci\u0259t etdim. Bu m\u00fcraci\u0259t\u0259 q\u0259d\u0259r rayon prokuroruna, polis r\u0259isin\u0259 says\u0131z-hesabs\u0131z m\u00fcraci\u0259tl\u0259r ets\u0259m d\u0259, cavab verilm\u0259di. Prezident\u0259 m\u00fcraci\u0259timd\u0259n sonra D\u00f6vl\u0259t Torpaq Komit\u0259si 7 t\u0259\u015fkilat\u0131n i\u015ftirak\u0131yla 2001-ci ilin 7 yanvar tarixind\u0259 kooperativin \u0259razisind\u0259 ara\u015fd\u0131rmaya ba\u015flad\u0131. Aktda g\u00f6st\u0259rildiyi kimi 5 hektar\u0131n 2,65 sotu tikilil\u0259rin, 1.20 sotu meyv\u0259 a\u011faclar\u0131n\u0131n, 0.80 sotu prudlar\u0131n, yerd\u0259 qalan 40 sotu is\u0259 yaban\u0131 \u015fitillikl\u0259r \u00fc\u00e7\u00fcn idi. Yanvar\u0131n 20-d\u0259 rayon Aqrar \u0130slahat Komissiyas\u0131, icra ba\u015f\u00e7\u0131s\u0131 B\u0259yl\u0259r Xancanov v\u0259 Torpaq \u015e\u00f6b\u0259sinin m\u00fcdiri V\u0259li \u018fliyev ulu \u00f6nd\u0259r\u0259 m\u0259ktublar\u0131nda m\u0259ni fiziki \u015f\u0259xs kimi g\u00f6st\u0259rdi. Bununla da n\u00f6vb\u0259ti t\u0259zyiql\u0259r ba\u015flad\u0131, deyirdil\u0259r ki, u\u015faqlar\u0131n\u0131 m\u0259kt\u0259bd\u0259n qovaca\u011f\u0131q v\u0259 s. D\u0259rhal milli t\u0259hl\u00fck\u0259sizlik naziri Namiq Abbasova v\u0259 prezident Heyd\u0259r \u018fliyev\u0259 teleqram vurub ail\u0259m\u0259 t\u0259qyiql\u0259rin ba\u015fland\u0131\u011f\u0131n\u0131 bildirdim. Amma cavab olmad\u0131\u011f\u0131ndan ail\u0259mi rayondan \u00e7\u0131xartd\u0131m.\n<\/p>\n<p>\n  <i><br \/>\n    &#8211; Kim idi t\u0259zyiql\u0259r\u0259 g\u00f6st\u0259ri\u015f ver\u0259n?<br \/>\n  <\/i>\n<\/p>\n<p>\n  &#8211; \u0130cra ba\u015f\u00e7\u0131s\u0131 B\u0259yl\u0259r Xancanov.\n<\/p>\n<figure class=\"wp-block-image size-large\">\n  <img decoding=\"async\" src=\"https:\/\/www.meydan.tv\/az\/71494096_127738665289512_8713386980177608704_n-jpg\/\" alt=\"71494096_127738665289512_8713386980177608704_n.jpg\" class=\"wp-image-130802\"\/><figcaption>\n    &#8220;Aktda g\u00f6st\u0259rildiyi kimi 5 hektar\u0131n 2,65 sotu tikilil\u0259rin, 1.20 sotu meyv\u0259 a\u011faclar\u0131n\u0131n, 0.80 sotu prudlar\u0131n, yerd\u0259 qalan 40 sotu is\u0259 yaban\u0131 \u015fitillikl\u0259r \u00fc\u00e7\u00fcn idi&#8221;<br \/>\n  <\/figcaption><\/figure>\n<p>\n  <b><br \/>\n    \u201c\u018fmlak\u0131m\u0131 t\u0259hvil-t\u0259slim akt\u0131 olmadan m\u0259cburi k\u00f6\u00e7k\u00fcn\u00fcn ad\u0131na r\u0259smil\u0259\u015fdirdil\u0259r\u201d<br \/>\n  <\/b>\n<\/p>\n<p>\n  &#8211;<br \/>\n  <i><br \/>\n    O zaman bel\u0259 \u00e7\u0131x\u0131r ki, sabiq icra ba\u015f\u00e7\u0131s\u0131 S\u0259may\u0259 Piriyevan\u0131n vaxt\u0131nda ba\u015flayan t\u0259zyiq yeni icra ba\u015f\u00e7\u0131s\u0131 Xancanovun vaxt\u0131nda da davam edib?<br \/>\n  <\/i>\n<\/p>\n<p>\n  &#8211; Dayanmaq \u0259v\u0259zin\u0259 d\u0259h\u015f\u0259tli t\u0259zyiql\u0259r ba\u015flad\u0131. \u018fmlaklar\u0131m o q\u0259d\u0259r \u00e7ox v\u0259 geni\u015f \u0259razini tuturdu ki, onlar\u0131 m\u0259nd\u0259n almaq \u00fc\u00e7\u00fcn b\u00fct\u00fcn qanunsuz vasit\u0259l\u0259rd\u0259n istifad\u0259 etdil\u0259r. H\u0259r yeni icra ba\u015f\u00e7\u0131s\u0131na yalvar\u0131rd\u0131m ki, he\u00e7 olmasa tikilil\u0259ri qoruyun. Ancaq \u0259ksin\u0259 olurdu, h\u0259r yeni icra ba\u015f\u00e7\u0131s\u0131 yeni, a\u011f\u0131la g\u0259lm\u0259y\u0259n qanunsuzluqlara \u0259l at\u0131rd\u0131. 2005-ci il\u0259 q\u0259d\u0259r avadanl\u0131qlar\u0131n ehtiyat hiss\u0259l\u0259rini do\u011fray\u0131b satd\u0131lar, bu, art\u0131q \u018fb\u00fclf\u0259z A\u011fayevin v\u0259 dig\u0259rl\u0259rinin d\u00f6vr\u00fcnd\u0259 ba\u015f verdi. M\u0259n onlara deyirdim ki, h\u00f6kum\u0259t m\u0259cburi k\u00f6\u00e7k\u00fcnl\u0259r\u0259 q\u0259s\u0259b\u0259l\u0259r in\u015fa edir, onlar\u0131 \u00e7\u0131xard\u0131n, amma tikilil\u0259ri qoruyun, heyfdir. Rayon prokurlu\u011fu Qarag\u00fcney k\u0259nd Polis B\u00f6lm\u0259sind\u0259n \u00f6z qanunsuzluqlar\u0131 \u00fc\u00e7\u00fcn cinay\u0259t al\u0259ti kimi istifad\u0259 ed\u0259r\u0259k tikilil\u0259ri s\u00f6k\u00fcrd\u00fc. 2005-ci ild\u0259 Prezident \u0130lham \u018fliyev\u0259 v\u0259 Birinci xan\u0131m Mehriban \u018fliyevaya m\u00fcraci\u0259t edib k\u00f6m\u0259k ist\u0259dim. Bunun \u0259v\u0259zind\u0259 n\u0259 olsa yax\u015f\u0131d\u0131r, 5 hektarda olan 252 milyonluq manatl\u0131q \u0259mlak\u0131m\u0131 50 illiyin\u0259 C\u0259bray\u0131l rayonundan m\u0259cburi k\u00f6\u00e7k\u00fcn olan Surxay Alm\u0259mm\u0259dovun ad\u0131na t\u0259hvil-t\u0259slim akt\u0131yla s\u0259n\u0259dl\u0259\u015fdirdil\u0259r.\n<\/p>\n<p>\n  &#8211;<br \/>\n  <i><br \/>\n    Sizin imzan\u0131z olmad\u0131\u011f\u0131 halda bu nec\u0259 ger\u00e7\u0259kl\u0259\u015fdi?<br \/>\n  <\/i>\n<\/p>\n<p>\n  &#8211; Qarda\u015f, \u0259mlaklar\u0131m\u0131n \u00fcst\u00fcn\u0259 el\u0259 amans\u0131zl\u0131qla \u015f\u0131\u011f\u0131y\u0131rd\u0131lar ki, ba\u015f a\u00e7a bilmirdim. Bunlar \u00f6lk\u0259 prezidentin\u0259 yalan m\u0259lumatlar verirdil\u0259r v\u0259 m\u0259nim m\u00fcraci\u0259tl\u0259rimin d\u0259 \u00e7at\u0131b-\u00e7atmad\u0131\u011f\u0131 bilinmirdi. Ba\u015fqa bir misal, m\u0259nim imzam olmadan 13 hektar\u0131n 4 hektar\u0131n\u0131 15 illiyin\u0259 F\u00fczuli rayonundan olan k\u00f6\u00e7k\u00fcn F\u0259rahim \u018fliyev\u0259 verdil\u0259r. Bu \u0259razid\u0259 Asfalt Zavodu, 2 \u0259d\u0259d klassik, 3 d\u0259d\u0259 d\u0259miryolu s\u0259rni\u015fin vaqonlar\u0131, maldarl\u0131q fermas\u0131, 1700-d\u0259n art\u0131q peyv\u0259nd v\u0259 m\u00fcxt\u0259lif n\u00f6v a\u011faclar, da\u015f, d\u0259mir-montaj sexl\u0259ri, istixanalar, 1995-ci ild\u0259n tikintisi davam etdiril\u0259n 10 min \u0259d\u0259d ev qu\u015fu, \u00f6rd\u0259k \u00fc\u00e7\u00fcn t\u00f6vl\u0259. 2017-ci ild\u0259 Ali M\u0259hk\u0259m\u0259nin q\u0259rar\u0131ndan sonra sadalad\u0131qlar\u0131m\u0131 s\u00f6k\u00fcb satma\u011fa ba\u015flad\u0131lar. Hesablamalar\u0131ma g\u00f6r\u0259 70 milyon manatl\u0131q ziyan d\u0259yib. 8 hektar 80 sotu is\u0259 onlarla k\u00f6\u00e7k\u00fcn\u0259 \u00f6r\u00fc\u015f yeri kimi veribl\u0259r, halbuki, haz\u0131rda istifad\u0259sizdir. 300 milyon manatl\u0131q tikinti olan 5 hektarl\u0131q yeri 2000-ci ilin mart\u0131n 30-da \u00f6r\u00fc\u015f yeri ad\u0131yla yen\u0259 k\u00f6\u00e7k\u00fcnl\u0259r\u0259 veribl\u0259r, orda 4700 a\u011fac olub, t\u0259s\u0259vv\u00fcr edirsiniz bu m\u0259nz\u0259r\u0259ni?!\n<\/p>\n<p>\n  &#8211;<br \/>\n  <i><br \/>\n    Bu m\u00fcdd\u0259td\u0259 m\u0259hk\u0259m\u0259 d\u0259 daxil olmaqla hans\u0131 d\u00f6vl\u0259t orqanlar\u0131na m\u00fcraci\u0259t etdiniz?<br \/>\n  <\/i>\n<\/p>\n<figure class=\"wp-block-image size-large\">\n  <img decoding=\"async\" src=\"https:\/\/www.meydan.tv\/az\/aziz9834-jpg\/\" alt=\"AZIZ9834.JPG\" class=\"wp-image-130768\"\/><figcaption>\n    &#8220;2017-ci ild\u0259 Ali M\u0259hk\u0259m\u0259nin q\u0259rar\u0131ndan sonra sadalad\u0131qlar\u0131m\u0131 s\u00f6k\u00fcb satma\u011fa ba\u015flad\u0131lar&#8221;<br \/>\n  <\/figcaption><\/figure>\n<p>\n  &#8211; 2000-ci il, iyulun 10-da icra ba\u015f\u00e7\u0131s\u0131 Xancanovun g\u00f6st\u0259ri\u015fi il\u0259 m\u0259ni v\u0259 i\u015f\u00e7il\u0259ri kooperativd\u0259n qovub \u00e7\u0131xartd\u0131lar. Yaln\u0131z havadan helokopter yeri saxlad\u0131lar ki, tikilil\u0259rimiz\u0259 gir\u0259 bil\u0259k. \u0130yulun 20-d\u0259 rayon m\u0259hk\u0259m\u0259sinin s\u0259dri v\u0259 prokuror a\u00e7\u0131q \u015f\u0259kild\u0259 dedil\u0259r ki, icra ba\u015f\u00e7\u0131s\u0131na qar\u015f\u0131 \u00e7\u0131xa bilm\u0259zl\u0259r, ona g\u00f6r\u0259 \u015fikay\u0259timi q\u0259bul etm\u0259dil\u0259r. M\u0259cbur olub 3 sayl\u0131 \u015eirvan \u0130qtisad M\u0259hk\u0259m\u0259sin\u0259 iddia \u0259riz\u0259si verdim, amma bax\u0131lmad\u0131. Yaln\u0131z prezident\u0259 m\u00fcraci\u0259timd\u0259n 16 g\u00fcn sonra, 28 dekabrda \u0259riz\u0259l\u0259rim icraata q\u0259bul olundu. Ard\u0131nca m\u0259hk\u0259m\u0259y\u0259 70 milyon manat ziyan d\u0259ydiyi haqda iddia \u0259riz\u0259si t\u0259qdim ets\u0259m d\u0259, q\u0259bul etm\u0259dil\u0259r. 20 yanvar 2001-ci ild\u0259 3 sayl\u0131 \u015eirvan \u0130qtisad M\u0259hk\u0259m\u0259sin\u0259 Sabirabad Rayon Torpaq \u015e\u00f6b\u0259sinin m\u00fcdiri V\u0259li \u018fliyevin yazd\u0131\u011f\u0131 399 sayl\u0131 m\u0259ktubuna h\u00fcquqi qiym\u0259t verilm\u0259si bar\u0259d\u0259 m\u00fcraci\u0259t etdim, amma r\u0259dd olundu.\n<\/p>\n<p>\n  &#8211;<br \/>\n  <i><br \/>\n    N\u0259 \u00fc\u00e7\u00fcn, s\u0259b\u0259b n\u0259 idi?<br \/>\n  <\/i>\n<\/p>\n<p>\n  &#8211; 3 sayl\u0131 \u015eirvan \u0130qtisad M\u0259hk\u0259m\u0259sinin hakimi 20 min dollar r\u00fc\u015fv\u0259t ist\u0259di. Dedim ki, g\u0259l, s\u0259n\u0259 h\u0259y\u0259timd\u0259n meyv\u0259 verim, raz\u0131la\u015fmad\u0131. Dem\u0259k ist\u0259yir\u0259m ki, m\u0259n icra strukturlar\u0131 il\u0259 m\u00fcbariz\u0259 apara-apara sahibkarl\u0131q f\u0259aliyy\u0259timi dayand\u0131rm\u0131rd\u0131m. 2011-ci il\u0259 q\u0259d\u0259r kooperativimin \u0259razisind\u0259 3 mind\u0259n art\u0131q peyv\u0259nd olunmu\u015f meyv\u0259 a\u011faclar\u0131 vard\u0131. H\u0259min il\u0259 q\u0259d\u0259r Rusiya v\u0259 ba\u015fqa \u00f6lk\u0259l\u0259r\u0259 tonlarla m\u0259hsul ixrac edirdim.\n<\/p>\n<figure class=\"wp-block-image size-large\">\n  <img decoding=\"async\" src=\"https:\/\/www.meydan.tv\/az\/71373927_127738831956162_5696726037367357440_n-jpg\/\" alt=\"71373927_127738831956162_5696726037367357440_n.jpg\" class=\"wp-image-130796\"\/><figcaption>\n    &#8220;300 milyon manatl\u0131q tikinti olan 5 hektarl\u0131q yeri 2000-ci ilin mart\u0131n 30-da \u00f6r\u00fc\u015f yeri ad\u0131yla yen\u0259 k\u00f6\u00e7k\u00fcnl\u0259r\u0259 veribl\u0259r, orda 4700 a\u011fac olub, t\u0259s\u0259vv\u00fcr edirsiniz bu m\u0259nz\u0259r\u0259ni?!&#8221;<br \/>\n  <\/figcaption><\/figure>\n<p>\n  <b><br \/>\n    \u201c\u0130cra ba\u015f\u00e7\u0131s\u0131 dedi ki, bu boyda m\u00fc\u0259ssis\u0259l\u0259ri nec\u0259 da\u011f\u0131tmaq olar, bel\u0259 \u015f\u0259r\u0259fsizlik ola bilm\u0259z\u201d<br \/>\n  <\/b>\n<\/p>\n<p>\n  &#8211;<br \/>\n  <i><br \/>\n    Siz\u0259 el\u0259 g\u0259lmir ki, qanunsuzluqlar\u0131n arxas\u0131nda daha iri m\u0259murlar dayan\u0131rd\u0131, n\u0259inki rayon s\u0259viyy\u0259li?<br \/>\n  <\/i>\n<\/p>\n<p>\n  &#8211; M\u0259n d\u0259 inanm\u0131ram ki, b\u00fct\u00fcn prosesl\u0259r rayon m\u0259murlar\u0131 t\u0259r\u0259find\u0259n idar\u0259 olunurdu. M\u0259s\u0259l\u0259 ondayd\u0131 ki, b\u00fct\u00fcn \u00f6zba\u015f\u0131nal\u0131qlar m\u0259cburi k\u00f6\u00e7k\u00fcnl\u0259rin ad\u0131 alt\u0131nda t\u00f6r\u0259dilirdi. M\u0259n is\u0259 prezident \u0130lham \u018fliyevin m\u0259mur \u00f6zba\u015f\u0131nal\u0131qlar\u0131 haqda s\u0259r\u0259ncamlar\u0131ndan sonra ona v\u0259 birinci xan\u0131ma m\u00fcraci\u0259t etdim, teleqramlar g\u00f6nd\u0259rdim. Bundan sonra icra ba\u015f\u00e7\u0131s\u0131 Nazim \u0130smay\u0131lov 2016-c\u0131 ilin 8 yanvar tarixind\u0259 m\u0259ni q\u0259bul etdi. Ona kooperativin \u0259razisind\u0259 2005-ci ild\u0259n h\u0259yat\u0131m\u0131z bahas\u0131na qoruya bildiyimiz 144 milyon manatl\u0131q \u0259mlak\u0131n v\u0259 mind\u0259n art\u0131q a\u011faclar\u0131n siyah\u0131s\u0131n\u0131 t\u0259qdim etdim. \u0130cra ba\u015f\u00e7\u0131s\u0131 t\u0259\u0259cc\u00fcbl\u0259 dedi ki, niy\u0259 bu bar\u0259d\u0259 onu m\u0259lumatland\u0131rmam\u0131\u015fam. El\u0259 o anda birinci m\u00fcavin H\u0259s\u0259n H\u0259s\u0259nov 3-4 d\u0259f\u0259 q\u0259buluna d\u00fc\u015fm\u0259k ist\u0259diyimi, amma ba\u015f tutmad\u0131\u011f\u0131n\u0131 s\u00f6yl\u0259di. Dem\u0259li, h\u0259min g\u00f6r\u00fc\u015fd\u0259 ba\u015f m\u0259sl\u0259h\u0259t\u00e7i, H\u00fcquq \u015f\u00f6b\u0259sinin m\u00fcdiri v\u0259 kooperativin 2 \u00fczv\u00fc i\u015ftirak edirdi. H\u0259min vaxt s\u0259rni\u015fin vaqonlar\u0131 h\u0259l\u0259 yerind\u0259ydi, y\u0259ni da\u011f\u0131d\u0131lmam\u0131\u015fd\u0131, sad\u0259c\u0259, bizi ora buraxm\u0131rd\u0131lar. Nazim \u0130smay\u0131lovun dan\u0131\u015f\u0131\u011f\u0131ndan bel\u0259 ba\u015fa d\u00fc\u015fd\u00fcm ki, bu i\u015fd\u0259 k\u0259nar q\u00fcvv\u0259l\u0259r var. Ba\u015f\u00e7\u0131 \u00f6z\u00fcn\u00fc el\u0259 g\u00f6st\u0259rdi ki, sanki h\u0259qiq\u0259t\u0259n d\u0259 m\u0259n\u0259 yaz\u0131\u011f\u0131 g\u0259lir. A\u00e7\u0131q \u015f\u0259kild\u0259 dedi ki, bu boyda m\u00fc\u0259ssis\u0259l\u0259ri nec\u0259 da\u011f\u0131tmaq olar, bel\u0259 \u015f\u0259r\u0259fsizlik ola bilm\u0259z. El\u0259 h\u0259min ay ba\u015f\u00e7\u0131n\u0131n m\u00fcavini Vahid H\u0259s\u0259nov \u00f6lk\u0259 prezidentin\u0259, birinci xan\u0131ma, \u0259dliyy\u0259 nazirin\u0259, Ba\u015f prokurora 41 sayl\u0131 m\u0259ktub g\u00f6nd\u0259rdi. M\u0259ktubda yaz\u0131l\u0131b ki, kooperativ 1995-ci ild\u0259 f\u0259aliyy\u0259tini dayand\u0131r\u0131b, \u0259mlak da \u0259mlak pay\u0131 olan \u0259haliy\u0259 paylan\u0131l\u0131b, yeri is\u0259 \u015fumlanaraq \u0259kin alt\u0131ndad\u0131r. Halbuki, kooperativ bu g\u00fcn d\u0259 f\u0259aliyy\u0259td\u0259dir, bu bax\u0131mdan yaz\u0131lanlar yalan v\u0259 b\u00f6htand\u0131r, t\u0259s\u0259vv\u00fcr edirsiniz, bu adamlar prezidenti d\u0259 aldatmaqdan \u00e7\u0259kinm\u0259yibl\u0259r. Prezident d\u0259f\u0259l\u0259rl\u0259 bildirib ki, m\u0259murlar xalq\u0131n xidm\u0259t\u00e7il\u0259ridir, amma bu adamlar i\u015f yerl\u0259ri a\u00e7an sahibkar\u0131n \u0259mlak\u0131n\u0131n da\u011f\u0131d\u0131lmas\u0131na r\u0259vac verir, r\u00fc\u015fv\u0259t ist\u0259yir, ard\u0131nca da prezident\u0259 yalan m\u0259lumat verib onu aldad\u0131rlar.\n<\/p>\n<p>\n  &#8211;<br \/>\n  <i><br \/>\n    Vidadi m\u00fc\u0259llim, i\u015f\u0259 g\u00f6t\u00fcrd\u00fcy\u00fcn\u00fcz m\u0259cburi k\u00f6\u00e7k\u00fcnl\u0259rd\u0259n sizi m\u00fcdafi\u0259 ed\u0259n oldumu?<br \/>\n  <\/i>\n<\/p>\n<figure class=\"wp-block-image size-large\">\n  <img decoding=\"async\" src=\"https:\/\/www.meydan.tv\/az\/71230121_127739018622810_6437966697495265280_n-jpg\/\" alt=\"71230121_127739018622810_6437966697495265280_n.jpg\" class=\"wp-image-130792\"\/><figcaption>\n    &#8220;Ona kooperativin \u0259razisind\u0259 2005-ci ild\u0259n h\u0259yat\u0131m\u0131z bahas\u0131na qoruya bildiyimiz 144 milyon manatl\u0131q \u0259mlak\u0131n v\u0259 mind\u0259n art\u0131q a\u011faclar\u0131n siyah\u0131s\u0131n\u0131 t\u0259qdim etdim&#8221;<br \/>\n  <\/figcaption><\/figure>\n<p>\n  &#8211; Bu g\u00fcn d\u0259 gedib onlarla m\u0259nim bar\u0259md\u0259 dan\u0131\u015fsan\u0131z, a\u011flayacaqlar, \u00f6zl\u0259ri deyir ki, o ki\u015finin ba\u015f\u0131na bu oyunlar\u0131 a\u00e7d\u0131lar. Onlar ham\u0131s\u0131 ba\u015f ver\u0259n \u00f6zba\u015f\u0131nal\u0131qlar\u0131n \u015fahididirl\u0259r, bu adamlar\u0131n ad\u0131na \u00f6r\u00fc\u015f ad\u0131yla \u0259mlak\u0131m\u0131 ke\u00e7irib, \u00f6zl\u0259rin\u0259 g\u00f6t\u00fcr\u00fcbl\u0259r. 2017-ci ilin 14 aprelind\u0259 icra ba\u015f\u00e7\u0131s\u0131n\u0131n birinci m\u00fcavini H\u0259s\u0259n H\u0259s\u0259nov xahi\u015fimi n\u0259z\u0259r\u0259 alaraq m\u0259cburi k\u00f6\u00e7k\u00fcnl\u0259ri d\u00f6vl\u0259tin in\u015fa etdiyi q\u0259s\u0259b\u0259l\u0259r\u0259 k\u00f6\u00e7\u00fcrtd\u00fc. Bundan sonra n\u0259l\u0259r ba\u015flad\u0131, m\u0259nim prezident\u0259 v\u0259 birinci xan\u0131ma m\u00fcraci\u0259timin ard\u0131nca rayon polis idar\u0259sinin r\u0259isi M\u00fcbariz Quliyev k\u0259nd sah\u0259 m\u00fcv\u0259kkili il\u0259 birg\u0259 m\u0259ni v\u0259 kooperativin \u00fczvl\u0259rini q\u0259bul etdi. Saat yar\u0131ml\u0131q g\u00f6r\u00fc\u015f\u00fcm\u00fcz\u00fcn yar\u0131m saat\u0131n\u0131 M\u00fcbariz Quliyev telefonda rayon prokuroru P\u0259rvin Quliyevd\u0259n xahi\u015f etdi ki, Vidadi Abdullayevin m\u0259s\u0259l\u0259si h\u0259ll edilm\u0259lidir, deyirdi ki, ip ucu ver cinay\u0259t i\u015fi a\u00e7\u0131ls\u0131n. Biz ordan getdik rayon prokurorunun q\u0259buluna, P\u0259rvin Quliyev biz\u0259 n\u0259 des\u0259 yax\u015f\u0131d\u0131r, \u201cm\u0259n icra ba\u015f\u00e7\u0131lar\u0131n\u0131n t\u00f6r\u0259tdiyi cinay\u0259tl\u0259r\u0259 qar\u015f\u0131 cinay\u0259t i\u015fi a\u00e7mayacam\u201d. Halbuki, Daxili \u0130\u015fl\u0259r Nazirliyinin Ba\u015f \u0130ctimai T\u0259hl\u00fck\u0259sizlik \u0130dar\u0259si rayon prokurorundan ibtidai ara\u015fd\u0131rma aparmaq \u00fc\u00e7\u00fcn s\u0259n\u0259dl\u0259r ist\u0259mi\u015fdi. Ancaq bu m\u00fcraci\u0259t\u0259 d\u0259 bax\u0131lmad\u0131. Konstitusiya M\u0259hk\u0259m\u0259si m\u0259nim \u015fikay\u0259timin Avropa M\u0259hk\u0259m\u0259sin\u0259 getm\u0259m\u0259si \u00fc\u00e7\u00fcn Ali M\u0259hk\u0259m\u0259nin v\u0259 \u015eirvan \u0130qtisad M\u0259hk\u0259m\u0259sinin q\u0259rarlar\u0131n\u0131 l\u0259\u011fv ed\u0259r\u0259k i\u015fi yenid\u0259n geri qaytard\u0131, el\u0259 h\u0259min vaxt prezident\u0259 teleqram vurub ail\u0259ml\u0259 birg\u0259 ba\u015fqa \u00f6lk\u0259d\u0259n s\u0131\u011f\u0131nacaq ist\u0259diyimi bildirdim, \u00e7\u00fcnki \u0259lacs\u0131z v\u0259ziyy\u0259td\u0259ydim. Ondan sonra \u00f6t\u0259n ilin 12 may tarixind\u0259 Rayon Polis \u0130dar\u0259sinin t\u0259hqiqat\u00e7\u0131s\u0131 Mahir Nuriyev daxili i\u015fl\u0259r naziri Ramil Usubova v\u0259 Ba\u015f prokuror Zakir Qaralova yalandan yazd\u0131 ki, burda he\u00e7 n\u0259 yoxdur, bo\u015f \u0259razidir. Halbuki, m\u0259n ona m\u0259hk\u0259m\u0259 iddia \u0259riz\u0259si, s\u0259n\u0259dl\u0259r, \u015f\u0259kill\u0259r t\u0259qdim etmi\u015fdim. N\u0259hay\u0259t, 7 ay ara\u015fd\u0131rma apard\u0131qdan sonra bu il rayon m\u0259hk\u0259m\u0259sinin hakimi F\u00fczuli P\u0259nahov polis idar\u0259sinin q\u0259rar\u0131n\u0131 l\u0259\u011fv ed\u0259n h\u00f6km \u00e7\u0131xartd\u0131. Bunun \u0259snas\u0131nda yerli prokurorluq ara\u015fd\u0131rma aparmaq \u0259v\u0259zin\u0259 \u0259mlaklar\u0131m\u0131 s\u00f6k\u00fcb satma\u011fa ba\u015flad\u0131. Bundan sonra Respublika prokuroru c\u0259nab Zakir Qaralova m\u00fcraci\u0259t etdim ki, ona tabe olan Korrupsiya \u0130dar\u0259si ara\u015fd\u0131rma apars\u0131n. Korrupsiya \u0130dar\u0259si ara\u015fd\u0131rma aparm\u0131r, \u0259v\u0259zind\u0259 m\u0259nim o n\u0259h\u0259nglikd\u0259 istehsal m\u00fc\u0259ssis\u0259l\u0259rimi, 20-30 illik yeti\u015fdirdiyim a\u011faclar\u0131 Sabirabad Qu\u015f\u00e7uluq Fabrikinin sahibi Ad\u0131\u015firin Baba\u015fovun qarda\u015f\u0131 Vur\u011fun Baba\u015fova sat\u0131l\u0131r. Onlar\u0131n m\u0259niml\u0259 h\u0259d\u0259-qorxu il\u0259 olan telefon dan\u0131\u015f\u0131qlar\u0131 var. Bundan \u0259lav\u0259, RP-nin istintaq, t\u0259hqiqat v\u0259 \u0259m\u0259liyyat- axtar\u0131\u015f f\u0259aliyy\u0259tind\u0259 qanunlar\u0131n icras\u0131na n\u0259zar\u0259t idar\u0259sinin r\u0259is m\u00fcavini Nur\u0259li M\u0259mm\u0259dovun m\u0259hk\u0259m\u0259y\u0259 t\u0259zyiqini \u0259ks etdir\u0259n m\u0259ktublar\u0131 v\u0259 m\u0259niml\u0259 telefon dan\u0131\u015f\u0131\u011f\u0131 var, a\u00e7\u0131q t\u0259zyiq edir. Bunlar\u0131n ham\u0131s\u0131n\u0131 Ba\u015f prokuror Zakir Qaralova g\u00f6nd\u0259rs\u0259m d\u0259, he\u00e7 bir t\u0259dbir g\u00f6r\u00fclm\u0259yib. Oktyabr\u0131n 2-d\u0259 icra ba\u015f\u00e7\u0131s\u0131 Siraqq\u0259ddin Cabbarovla g\u00f6r\u00fc\u015fd\u00fcm. M\u0259nim yan\u0131mda icra ba\u015f\u00e7\u0131s\u0131 prokuror P\u0259rvin Quliyeva z\u0259ng edib deyir ki, bu ilin 11 yanvar\u0131nda ara\u015fd\u0131rma ba\u015flanmal\u0131yd\u0131, n\u0259tic\u0259si nec\u0259 oldu? P\u0259rvin Quliyevin 10 ayd\u0131r ara\u015fd\u0131rma apar\u0131ld\u0131\u011f\u0131n\u0131 s\u00f6yl\u0259m\u0259si m\u0259nd\u0259 ac\u0131 g\u00fcl\u00fc\u015f do\u011furdu. Halbuki, m\u0259hk\u0259m\u0259 ged\u0259nd\u0259, m\u0259nim \u0259mlak\u0131m haqda q\u0259rar verilib. Ona g\u00f6r\u0259 icra ba\u015f\u00e7\u0131s\u0131na rayon prokurorunun yox, Korrupsiya \u0130dar\u0259sinin ara\u015fd\u0131rma apar\u0131lmas\u0131n\u0131n vacibliyini qeyd etdim. \u00c7\u00fcnki P\u0259rvin Quliyev\u0259 i\u015f tap\u015f\u0131rmaq, quzunu qurda tap\u015f\u0131rmaq m\u0259s\u0259l\u0259ni xat\u0131rlad\u0131r. Siraqq\u0259ddin Cabbarov g\u00f6r\u00fc\u015fd\u0259 maraql\u0131 bir m\u0259lumat\u0131 a\u00e7\u0131qlad\u0131, dedi ki, guya \u0259razid\u0259 apar\u0131lan tikintinin qeyd-\u015f\u0259rtsiz dayand\u0131r\u0131lmas\u0131 g\u00f6st\u0259ri\u015fini verib, amma bunun ard\u0131nca Bak\u0131dan, \u0130qtisadiyyat Nazirliyind\u0259n g\u00f6st\u0259ri\u015f g\u0259lib ki, tikinti davam etdirilsin. \u00c7ox q\u0259rib\u0259 v\u0259ziyy\u0259t yaran\u0131b, adam bilmir hans\u0131 izah\u0131 versin.\n<\/p>\n<p>\n  &#8211;<br \/>\n  <i><br \/>\n    N\u0259hay\u0259t, son olaraq ritorik sual, bundan sonra n\u0259 etm\u0259k ist\u0259yirsiniz?<br \/>\n  <\/i>\n<\/p>\n<p>\n  &#8211; Bir \u00e7ar\u0259m qal\u0131r, ail\u0259ml\u0259 Prezident Administrasiyas\u0131n\u0131n qar\u015f\u0131s\u0131na gedib \u00f6z\u00fcm\u00fcz\u00fc yand\u0131rmaq, ba\u015fqa n\u0259 ola bil\u0259r?!\n<\/p>\n<p>\n  <b><br \/>\n    Qeyd:<br \/>\n  <\/b><br \/>\n  Meydan TV m\u00fcsahib\u0259d\u0259 ad\u0131 hallanan \u015f\u0259xsl\u0259rd\u0259n m\u00fcnasib\u0259t \u00f6yr\u0259n\u0259 bilm\u0259yib. Respublika Prokurorlu\u011funun m\u0259tbuat xidm\u0259tind\u0259n cavab verilm\u0259yib. Sabirabad Rayon \u0130cra Hakimiyy\u0259tind\u0259n bildirilib ki, Vidadi Abdullayevin i\u015fi h\u00fcquq-m\u00fchafiz\u0259 orqanlar\u0131 t\u0259r\u0259find\u0259n ara\u015fd\u0131r\u0131l\u0131r, ona g\u00f6r\u0259 d\u0259 h\u0259r hans\u0131 fikir bildir\u0259 bilm\u0259zl\u0259r.\n<\/p>\n<figure class=\"wp-block-image size-large\">\n  <img decoding=\"async\" src=\"https:\/\/www.meydan.tv\/az\/aziz9835-jpg\/\" alt=\"AZIZ9835.JPG\" class=\"wp-image-130753\"\/><figcaption>\n    &#8220;N\u0259hay\u0259t, 7 ay ara\u015fd\u0131rma apard\u0131qdan sonra bu il rayon m\u0259hk\u0259m\u0259sinin hakimi F\u00fczuli P\u0259nahov polis idar\u0259sinin q\u0259rar\u0131n\u0131 l\u0259\u011fv ed\u0259n h\u00f6km \u00e7\u0131xartd\u0131&#8221;.<br \/>\n  <\/figcaption><\/figure>\n<figure class=\"wp-block-image size-large\">\n  <img decoding=\"async\" src=\"https:\/\/www.meydan.tv\/az\/71118712_127739061956139_6021032820250509312_n-jpg\/\" alt=\"71118712_127739061956139_6021032820250509312_n.jpg\" class=\"wp-image-130786\"\/><figcaption>\n    &#8220;2011-ci il\u0259 q\u0259d\u0259r kooperativimin \u0259razisind\u0259 3 mind\u0259n art\u0131q peyv\u0259nd olunmu\u015f meyv\u0259 a\u011faclar\u0131 vard\u0131&#8221;<br \/>\n  <\/figcaption><\/figure>\n<figure class=\"wp-block-image size-large\">\n  <img decoding=\"async\" src=\"https:\/\/www.meydan.tv\/az\/72233370_127738955289483_7429884566963224576_n-jpg\/\" alt=\"72233370_127738955289483_7429884566963224576_n.jpg\" class=\"wp-image-130795\"\/><figcaption>\n    &#8220;A\u00e7\u0131q \u015f\u0259kild\u0259 dedi ki, bu boyda m\u00fc\u0259ssis\u0259l\u0259ri nec\u0259 da\u011f\u0131tmaq olar, bel\u0259 \u015f\u0259r\u0259fsizlik ola bilm\u0259z&#8221;.<br \/>\n  <\/figcaption><\/figure>\n<figure class=\"wp-block-image size-large\">\n  <img decoding=\"async\" src=\"https:\/\/www.meydan.tv\/az\/aziz9824-jpg\/\" alt=\"AZIZ9824.JPG\" class=\"wp-image-130762\"\/><figcaption>\n    &#8220;Korrupsiya \u0130dar\u0259si ara\u015fd\u0131rma aparm\u0131r, \u0259v\u0259zind\u0259 m\u0259nim o n\u0259h\u0259nglikd\u0259 istehsal m\u00fc\u0259ssis\u0259l\u0259rimi, 20-30 illik yeti\u015fdirdiyim a\u011faclar\u0131 Sabirabad Qu\u015f\u00e7uluq Fabrikinin sahibi Ad\u0131\u015firin Baba\u015fovun qarda\u015f\u0131 Vur\u011fun Baba\u015fova sat\u0131l\u0131r&#8221;<br \/>\n  <\/figcaption><\/figure>\n","protected":false},"excerpt":{"rendered":"<p>\u00c7ox q\u0259rib\u0259 v\u0259ziyy\u0259t yaran\u0131b, adam bilmir hans\u0131 izah\u0131 versin<\/p>\n","protected":false},"author":11,"featured_media":130750,"comment_status":"closed","ping_status":"open","sticky":false,"template":"","format":"standard","meta":{"_acf_changed":false,"_sitemap_exclude":false,"_sitemap_priority":"","_sitemap_frequency":"","footnotes":""},"categories":[60],"tags":[],"class_list":["post-197321","post","type-post","status-publish","format-standard","has-post-thumbnail","hentry","category-bolge","infinite-scroll-item","generate-columns","tablet-grid-50","mobile-grid-100","grid-parent","grid-33","no-featured-image-padding"],"acf":[],"yoast_head":"<!-- This site is optimized with the Yoast SEO plugin v27.5 - https:\/\/yoast.com\/product\/yoast-seo-wordpress\/ -->\n<title>Sahibkar: Bir \u00e7ar\u0259m qal\u0131r, ail\u0259ml\u0259 Prezident Administrasiyas\u0131n\u0131n qar\u015f\u0131s\u0131nda \u00f6z\u00fcm\u00fcz\u00fc yand\u0131rmaq - MEYDAN.TV<\/title>\n<meta name=\"robots\" content=\"index, follow, max-snippet:-1, max-image-preview:large, max-video-preview:-1\" \/>\n<link rel=\"canonical\" href=\"https:\/\/www.meydan.tv\/az\/article\/sahibkar-bir-carem-qalir-ailemle-prezident-administrasiyasinin-qarsisinda-ozumuzu-yandirmaq\/\" \/>\n<meta property=\"og:locale\" content=\"az_AZ\" \/>\n<meta property=\"og:type\" content=\"article\" \/>\n<meta property=\"og:title\" content=\"Sahibkar: Bir \u00e7ar\u0259m qal\u0131r, ail\u0259ml\u0259 Prezident Administrasiyas\u0131n\u0131n qar\u015f\u0131s\u0131nda \u00f6z\u00fcm\u00fcz\u00fc yand\u0131rmaq - MEYDAN.TV\" \/>\n<meta property=\"og:description\" content=\"\u00c7ox q\u0259rib\u0259 v\u0259ziyy\u0259t yaran\u0131b, adam bilmir hans\u0131 izah\u0131 versin\" \/>\n<meta property=\"og:url\" content=\"https:\/\/www.meydan.tv\/az\/article\/sahibkar-bir-carem-qalir-ailemle-prezident-administrasiyasinin-qarsisinda-ozumuzu-yandirmaq\/\" \/>\n<meta property=\"og:site_name\" content=\"MEYDAN.TV\" \/>\n<meta property=\"article:published_time\" content=\"2019-10-07T08:27:15+00:00\" \/>\n<meta property=\"og:image\" content=\"https:\/\/www.meydan.tv\/wp-content\/uploads\/aziz9830.jpg\" \/>\n\t<meta property=\"og:image:width\" content=\"1760\" \/>\n\t<meta property=\"og:image:height\" content=\"1173\" \/>\n\t<meta property=\"og:image:type\" content=\"image\/jpeg\" \/>\n<meta name=\"author\" content=\"user-manager\" \/>\n<meta name=\"twitter:card\" content=\"summary_large_image\" \/>\n<script type=\"application\/ld+json\" class=\"yoast-schema-graph\">{\"@context\":\"https:\\\/\\\/schema.org\",\"@graph\":[{\"@type\":\"Article\",\"@id\":\"https:\\\/\\\/www.meydan.tv\\\/az\\\/article\\\/sahibkar-bir-carem-qalir-ailemle-prezident-administrasiyasinin-qarsisinda-ozumuzu-yandirmaq\\\/#article\",\"isPartOf\":{\"@id\":\"https:\\\/\\\/www.meydan.tv\\\/az\\\/article\\\/sahibkar-bir-carem-qalir-ailemle-prezident-administrasiyasinin-qarsisinda-ozumuzu-yandirmaq\\\/\"},\"author\":{\"name\":\"user-manager\",\"@id\":\"https:\\\/\\\/www.meydan.tv\\\/az\\\/#\\\/schema\\\/person\\\/10d11eccf6da3662cf5fdab9806ea91a\"},\"headline\":\"Sahibkar: Bir \u00e7ar\u0259m qal\u0131r, ail\u0259ml\u0259 Prezident Administrasiyas\u0131n\u0131n qar\u015f\u0131s\u0131nda \u00f6z\u00fcm\u00fcz\u00fc yand\u0131rmaq\",\"datePublished\":\"2019-10-07T08:27:15+00:00\",\"mainEntityOfPage\":{\"@id\":\"https:\\\/\\\/www.meydan.tv\\\/az\\\/article\\\/sahibkar-bir-carem-qalir-ailemle-prezident-administrasiyasinin-qarsisinda-ozumuzu-yandirmaq\\\/\"},\"wordCount\":3530,\"publisher\":{\"@id\":\"https:\\\/\\\/www.meydan.tv\\\/az\\\/#organization\"},\"image\":{\"@id\":\"https:\\\/\\\/www.meydan.tv\\\/az\\\/article\\\/sahibkar-bir-carem-qalir-ailemle-prezident-administrasiyasinin-qarsisinda-ozumuzu-yandirmaq\\\/#primaryimage\"},\"thumbnailUrl\":\"https:\\\/\\\/www.meydan.tv\\\/wp-content\\\/uploads\\\/aziz9830.jpg\",\"articleSection\":[\"B\u00f6lg\u0259\"],\"inLanguage\":\"az\"},{\"@type\":\"WebPage\",\"@id\":\"https:\\\/\\\/www.meydan.tv\\\/az\\\/article\\\/sahibkar-bir-carem-qalir-ailemle-prezident-administrasiyasinin-qarsisinda-ozumuzu-yandirmaq\\\/\",\"url\":\"https:\\\/\\\/www.meydan.tv\\\/az\\\/article\\\/sahibkar-bir-carem-qalir-ailemle-prezident-administrasiyasinin-qarsisinda-ozumuzu-yandirmaq\\\/\",\"name\":\"Sahibkar: Bir \u00e7ar\u0259m qal\u0131r, ail\u0259ml\u0259 Prezident Administrasiyas\u0131n\u0131n qar\u015f\u0131s\u0131nda \u00f6z\u00fcm\u00fcz\u00fc yand\u0131rmaq - MEYDAN.TV\",\"isPartOf\":{\"@id\":\"https:\\\/\\\/www.meydan.tv\\\/az\\\/#website\"},\"primaryImageOfPage\":{\"@id\":\"https:\\\/\\\/www.meydan.tv\\\/az\\\/article\\\/sahibkar-bir-carem-qalir-ailemle-prezident-administrasiyasinin-qarsisinda-ozumuzu-yandirmaq\\\/#primaryimage\"},\"image\":{\"@id\":\"https:\\\/\\\/www.meydan.tv\\\/az\\\/article\\\/sahibkar-bir-carem-qalir-ailemle-prezident-administrasiyasinin-qarsisinda-ozumuzu-yandirmaq\\\/#primaryimage\"},\"thumbnailUrl\":\"https:\\\/\\\/www.meydan.tv\\\/wp-content\\\/uploads\\\/aziz9830.jpg\",\"datePublished\":\"2019-10-07T08:27:15+00:00\",\"breadcrumb\":{\"@id\":\"https:\\\/\\\/www.meydan.tv\\\/az\\\/article\\\/sahibkar-bir-carem-qalir-ailemle-prezident-administrasiyasinin-qarsisinda-ozumuzu-yandirmaq\\\/#breadcrumb\"},\"inLanguage\":\"az\",\"potentialAction\":[{\"@type\":\"ReadAction\",\"target\":[\"https:\\\/\\\/www.meydan.tv\\\/az\\\/article\\\/sahibkar-bir-carem-qalir-ailemle-prezident-administrasiyasinin-qarsisinda-ozumuzu-yandirmaq\\\/\"]}]},{\"@type\":\"ImageObject\",\"inLanguage\":\"az\",\"@id\":\"https:\\\/\\\/www.meydan.tv\\\/az\\\/article\\\/sahibkar-bir-carem-qalir-ailemle-prezident-administrasiyasinin-qarsisinda-ozumuzu-yandirmaq\\\/#primaryimage\",\"url\":\"https:\\\/\\\/www.meydan.tv\\\/wp-content\\\/uploads\\\/aziz9830.jpg\",\"contentUrl\":\"https:\\\/\\\/www.meydan.tv\\\/wp-content\\\/uploads\\\/aziz9830.jpg\",\"width\":1760,\"height\":1173,\"caption\":\"Source: Specify Source\"},{\"@type\":\"BreadcrumbList\",\"@id\":\"https:\\\/\\\/www.meydan.tv\\\/az\\\/article\\\/sahibkar-bir-carem-qalir-ailemle-prezident-administrasiyasinin-qarsisinda-ozumuzu-yandirmaq\\\/#breadcrumb\",\"itemListElement\":[{\"@type\":\"ListItem\",\"position\":1,\"name\":\"Ana s\u0259hif\u0259\",\"item\":\"https:\\\/\\\/www.meydan.tv\\\/az\\\/\"},{\"@type\":\"ListItem\",\"position\":2,\"name\":\"B\u00f6lg\u0259\",\"item\":\"https:\\\/\\\/www.meydan.tv\\\/az\\\/section\\\/bolge\\\/\"},{\"@type\":\"ListItem\",\"position\":3,\"name\":\"Sahibkar: Bir \u00e7ar\u0259m qal\u0131r, ail\u0259ml\u0259 Prezident Administrasiyas\u0131n\u0131n qar\u015f\u0131s\u0131nda \u00f6z\u00fcm\u00fcz\u00fc yand\u0131rmaq\"}]},{\"@type\":\"WebSite\",\"@id\":\"https:\\\/\\\/www.meydan.tv\\\/az\\\/#website\",\"url\":\"https:\\\/\\\/www.meydan.tv\\\/az\\\/\",\"name\":\"MEYDAN.TV\",\"description\":\"Meydan TV Az\u0259rbaycan\u0131n media m\u0259kan\u0131ndak\u0131 alternativ s\u0259sidir\",\"publisher\":{\"@id\":\"https:\\\/\\\/www.meydan.tv\\\/az\\\/#organization\"},\"potentialAction\":[{\"@type\":\"SearchAction\",\"target\":{\"@type\":\"EntryPoint\",\"urlTemplate\":\"https:\\\/\\\/www.meydan.tv\\\/az\\\/?s={search_term_string}\"},\"query-input\":{\"@type\":\"PropertyValueSpecification\",\"valueRequired\":true,\"valueName\":\"search_term_string\"}}],\"inLanguage\":\"az\"},{\"@type\":\"Organization\",\"@id\":\"https:\\\/\\\/www.meydan.tv\\\/az\\\/#organization\",\"name\":\"Meydan TV\",\"url\":\"https:\\\/\\\/www.meydan.tv\\\/az\\\/\",\"logo\":{\"@type\":\"ImageObject\",\"inLanguage\":\"az\",\"@id\":\"https:\\\/\\\/www.meydan.tv\\\/az\\\/#\\\/schema\\\/logo\\\/image\\\/\",\"url\":\"https:\\\/\\\/www.meydan.tv\\\/wp-content\\\/uploads\\\/2021\\\/07\\\/meydan-logo.svg\",\"contentUrl\":\"https:\\\/\\\/www.meydan.tv\\\/wp-content\\\/uploads\\\/2021\\\/07\\\/meydan-logo.svg\",\"width\":195,\"height\":46,\"caption\":\"Meydan TV\"},\"image\":{\"@id\":\"https:\\\/\\\/www.meydan.tv\\\/az\\\/#\\\/schema\\\/logo\\\/image\\\/\"}},{\"@type\":\"Person\",\"@id\":\"https:\\\/\\\/www.meydan.tv\\\/az\\\/#\\\/schema\\\/person\\\/10d11eccf6da3662cf5fdab9806ea91a\",\"name\":\"user-manager\"}]}<\/script>\n<!-- \/ Yoast SEO plugin. -->","yoast_head_json":{"title":"Sahibkar: Bir \u00e7ar\u0259m qal\u0131r, ail\u0259ml\u0259 Prezident Administrasiyas\u0131n\u0131n qar\u015f\u0131s\u0131nda \u00f6z\u00fcm\u00fcz\u00fc yand\u0131rmaq - MEYDAN.TV","robots":{"index":"index","follow":"follow","max-snippet":"max-snippet:-1","max-image-preview":"max-image-preview:large","max-video-preview":"max-video-preview:-1"},"canonical":"https:\/\/www.meydan.tv\/az\/article\/sahibkar-bir-carem-qalir-ailemle-prezident-administrasiyasinin-qarsisinda-ozumuzu-yandirmaq\/","og_locale":"az_AZ","og_type":"article","og_title":"Sahibkar: Bir \u00e7ar\u0259m qal\u0131r, ail\u0259ml\u0259 Prezident Administrasiyas\u0131n\u0131n qar\u015f\u0131s\u0131nda \u00f6z\u00fcm\u00fcz\u00fc yand\u0131rmaq - MEYDAN.TV","og_description":"\u00c7ox q\u0259rib\u0259 v\u0259ziyy\u0259t yaran\u0131b, adam bilmir hans\u0131 izah\u0131 versin","og_url":"https:\/\/www.meydan.tv\/az\/article\/sahibkar-bir-carem-qalir-ailemle-prezident-administrasiyasinin-qarsisinda-ozumuzu-yandirmaq\/","og_site_name":"MEYDAN.TV","article_published_time":"2019-10-07T08:27:15+00:00","og_image":[{"width":1760,"height":1173,"url":"https:\/\/www.meydan.tv\/wp-content\/uploads\/aziz9830.jpg","type":"image\/jpeg"}],"author":"user-manager","twitter_card":"summary_large_image","schema":{"@context":"https:\/\/schema.org","@graph":[{"@type":"Article","@id":"https:\/\/www.meydan.tv\/az\/article\/sahibkar-bir-carem-qalir-ailemle-prezident-administrasiyasinin-qarsisinda-ozumuzu-yandirmaq\/#article","isPartOf":{"@id":"https:\/\/www.meydan.tv\/az\/article\/sahibkar-bir-carem-qalir-ailemle-prezident-administrasiyasinin-qarsisinda-ozumuzu-yandirmaq\/"},"author":{"name":"user-manager","@id":"https:\/\/www.meydan.tv\/az\/#\/schema\/person\/10d11eccf6da3662cf5fdab9806ea91a"},"headline":"Sahibkar: Bir \u00e7ar\u0259m qal\u0131r, ail\u0259ml\u0259 Prezident Administrasiyas\u0131n\u0131n qar\u015f\u0131s\u0131nda \u00f6z\u00fcm\u00fcz\u00fc yand\u0131rmaq","datePublished":"2019-10-07T08:27:15+00:00","mainEntityOfPage":{"@id":"https:\/\/www.meydan.tv\/az\/article\/sahibkar-bir-carem-qalir-ailemle-prezident-administrasiyasinin-qarsisinda-ozumuzu-yandirmaq\/"},"wordCount":3530,"publisher":{"@id":"https:\/\/www.meydan.tv\/az\/#organization"},"image":{"@id":"https:\/\/www.meydan.tv\/az\/article\/sahibkar-bir-carem-qalir-ailemle-prezident-administrasiyasinin-qarsisinda-ozumuzu-yandirmaq\/#primaryimage"},"thumbnailUrl":"https:\/\/www.meydan.tv\/wp-content\/uploads\/aziz9830.jpg","articleSection":["B\u00f6lg\u0259"],"inLanguage":"az"},{"@type":"WebPage","@id":"https:\/\/www.meydan.tv\/az\/article\/sahibkar-bir-carem-qalir-ailemle-prezident-administrasiyasinin-qarsisinda-ozumuzu-yandirmaq\/","url":"https:\/\/www.meydan.tv\/az\/article\/sahibkar-bir-carem-qalir-ailemle-prezident-administrasiyasinin-qarsisinda-ozumuzu-yandirmaq\/","name":"Sahibkar: Bir \u00e7ar\u0259m qal\u0131r, ail\u0259ml\u0259 Prezident Administrasiyas\u0131n\u0131n qar\u015f\u0131s\u0131nda \u00f6z\u00fcm\u00fcz\u00fc yand\u0131rmaq - MEYDAN.TV","isPartOf":{"@id":"https:\/\/www.meydan.tv\/az\/#website"},"primaryImageOfPage":{"@id":"https:\/\/www.meydan.tv\/az\/article\/sahibkar-bir-carem-qalir-ailemle-prezident-administrasiyasinin-qarsisinda-ozumuzu-yandirmaq\/#primaryimage"},"image":{"@id":"https:\/\/www.meydan.tv\/az\/article\/sahibkar-bir-carem-qalir-ailemle-prezident-administrasiyasinin-qarsisinda-ozumuzu-yandirmaq\/#primaryimage"},"thumbnailUrl":"https:\/\/www.meydan.tv\/wp-content\/uploads\/aziz9830.jpg","datePublished":"2019-10-07T08:27:15+00:00","breadcrumb":{"@id":"https:\/\/www.meydan.tv\/az\/article\/sahibkar-bir-carem-qalir-ailemle-prezident-administrasiyasinin-qarsisinda-ozumuzu-yandirmaq\/#breadcrumb"},"inLanguage":"az","potentialAction":[{"@type":"ReadAction","target":["https:\/\/www.meydan.tv\/az\/article\/sahibkar-bir-carem-qalir-ailemle-prezident-administrasiyasinin-qarsisinda-ozumuzu-yandirmaq\/"]}]},{"@type":"ImageObject","inLanguage":"az","@id":"https:\/\/www.meydan.tv\/az\/article\/sahibkar-bir-carem-qalir-ailemle-prezident-administrasiyasinin-qarsisinda-ozumuzu-yandirmaq\/#primaryimage","url":"https:\/\/www.meydan.tv\/wp-content\/uploads\/aziz9830.jpg","contentUrl":"https:\/\/www.meydan.tv\/wp-content\/uploads\/aziz9830.jpg","width":1760,"height":1173,"caption":"Source: Specify Source"},{"@type":"BreadcrumbList","@id":"https:\/\/www.meydan.tv\/az\/article\/sahibkar-bir-carem-qalir-ailemle-prezident-administrasiyasinin-qarsisinda-ozumuzu-yandirmaq\/#breadcrumb","itemListElement":[{"@type":"ListItem","position":1,"name":"Ana s\u0259hif\u0259","item":"https:\/\/www.meydan.tv\/az\/"},{"@type":"ListItem","position":2,"name":"B\u00f6lg\u0259","item":"https:\/\/www.meydan.tv\/az\/section\/bolge\/"},{"@type":"ListItem","position":3,"name":"Sahibkar: Bir \u00e7ar\u0259m qal\u0131r, ail\u0259ml\u0259 Prezident Administrasiyas\u0131n\u0131n qar\u015f\u0131s\u0131nda \u00f6z\u00fcm\u00fcz\u00fc yand\u0131rmaq"}]},{"@type":"WebSite","@id":"https:\/\/www.meydan.tv\/az\/#website","url":"https:\/\/www.meydan.tv\/az\/","name":"MEYDAN.TV","description":"Meydan TV Az\u0259rbaycan\u0131n media m\u0259kan\u0131ndak\u0131 alternativ s\u0259sidir","publisher":{"@id":"https:\/\/www.meydan.tv\/az\/#organization"},"potentialAction":[{"@type":"SearchAction","target":{"@type":"EntryPoint","urlTemplate":"https:\/\/www.meydan.tv\/az\/?s={search_term_string}"},"query-input":{"@type":"PropertyValueSpecification","valueRequired":true,"valueName":"search_term_string"}}],"inLanguage":"az"},{"@type":"Organization","@id":"https:\/\/www.meydan.tv\/az\/#organization","name":"Meydan TV","url":"https:\/\/www.meydan.tv\/az\/","logo":{"@type":"ImageObject","inLanguage":"az","@id":"https:\/\/www.meydan.tv\/az\/#\/schema\/logo\/image\/","url":"https:\/\/www.meydan.tv\/wp-content\/uploads\/2021\/07\/meydan-logo.svg","contentUrl":"https:\/\/www.meydan.tv\/wp-content\/uploads\/2021\/07\/meydan-logo.svg","width":195,"height":46,"caption":"Meydan TV"},"image":{"@id":"https:\/\/www.meydan.tv\/az\/#\/schema\/logo\/image\/"}},{"@type":"Person","@id":"https:\/\/www.meydan.tv\/az\/#\/schema\/person\/10d11eccf6da3662cf5fdab9806ea91a","name":"user-manager"}]}},"_links":{"self":[{"href":"https:\/\/www.meydan.tv\/az\/wp-json\/wp\/v2\/posts\/197321","targetHints":{"allow":["GET"]}}],"collection":[{"href":"https:\/\/www.meydan.tv\/az\/wp-json\/wp\/v2\/posts"}],"about":[{"href":"https:\/\/www.meydan.tv\/az\/wp-json\/wp\/v2\/types\/post"}],"author":[{"embeddable":true,"href":"https:\/\/www.meydan.tv\/az\/wp-json\/wp\/v2\/users\/11"}],"replies":[{"embeddable":true,"href":"https:\/\/www.meydan.tv\/az\/wp-json\/wp\/v2\/comments?post=197321"}],"version-history":[{"count":0,"href":"https:\/\/www.meydan.tv\/az\/wp-json\/wp\/v2\/posts\/197321\/revisions"}],"wp:featuredmedia":[{"embeddable":true,"href":"https:\/\/www.meydan.tv\/az\/wp-json\/wp\/v2\/media\/130750"}],"wp:attachment":[{"href":"https:\/\/www.meydan.tv\/az\/wp-json\/wp\/v2\/media?parent=197321"}],"wp:term":[{"taxonomy":"category","embeddable":true,"href":"https:\/\/www.meydan.tv\/az\/wp-json\/wp\/v2\/categories?post=197321"},{"taxonomy":"post_tag","embeddable":true,"href":"https:\/\/www.meydan.tv\/az\/wp-json\/wp\/v2\/tags?post=197321"}],"curies":[{"name":"wp","href":"https:\/\/api.w.org\/{rel}","templated":true}]}}