{"id":197305,"date":"2019-10-04T16:16:07","date_gmt":"2019-10-04T16:16:07","guid":{"rendered":"https:\/\/www.meydan.tv\/article\/putini-qovmaq-ucun-moskvaya-yollanan-yakut-saman-anlaqsiz-hesab-edilib\/"},"modified":"2019-10-04T16:16:07","modified_gmt":"2019-10-04T16:16:07","slug":"putini-qovmaq-ucun-moskvaya-yollanan-yakut-saman-anlaqsiz-hesab-edilib","status":"publish","type":"post","link":"https:\/\/www.meydan.tv\/az\/article\/putini-qovmaq-ucun-moskvaya-yollanan-yakut-saman-anlaqsiz-hesab-edilib\/","title":{"rendered":"\u201cPutini qovmaq u\u0308c\u0327u\u0308n\u201d Moskvaya yollanan yakut s\u0327aman anlaqs\u0131z hesab edilib"},"content":{"rendered":"<p>\n  M\u0259qal\u0259<br \/>\n  <a href=\"https:\/\/www.novayagazeta.ru\/news\/2019\/10\/03\/155847-yakutskogo-shamana-kotoryy-shel-v-moskvu-izgonyat-putina-priznali-nevmenyaemym\"><br \/>\n    &quot;Novaya Qazeta&quot;<br \/>\n  <\/a><br \/>\n  sayt\u0131nda d\u0259rc olunub\n<\/p>\n<p>\n  Qab\u0131s\u0327ev Moskvadan olan mu\u0308st\u0259qil mu\u0308t\u0259x\u0259ssisl\u0259r vasit\u0259sil\u0259 o\u0308z ekspertizas\u0131n\u0131 h\u0259yata kec\u0327irm\u0259yi planlas\u0327d\u0131r\u0131r Ekspertiza Moskvaya \u201cPutini qovmaq\u201d u\u0308c\u0327u\u0308n yola du\u0308s\u0327\u0259n yakut s\u0327aman Aleksandr Qab\u0131s\u0327evi anlaqs\u0131z hesab edib. Bu bar\u0259d\u0259 \u201cPravozas\u0327it\u0131 Otkr\u0131tki\u201dnin v\u0259kili Olqa Timofeyevaya FTX-nin Yakutiya u\u0308zr\u0259 idar\u0259sind\u0259n m\u0259lumat veribl\u0259r.\n<\/p>\n<p>\n  Qab\u0131s\u0327ev Moskvadan olan mu\u0308st\u0259qil mu\u0308t\u0259x\u0259ssisl\u0259r vasit\u0259sil\u0259 o\u0308z ekspertizas\u0131n\u0131 h\u0259yata kec\u0327irm\u0259yi planlas\u0327d\u0131r\u0131r. V\u0259kill\u0259rin fikrinc\u0259, onun anlaql\u0131l\u0131q d\u0259r\u0259c\u0259sini ambulator ekspertiza c\u0327\u0259rc\u0327iv\u0259sind\u0259 v\u0259 bu cu\u0308r q\u0131sa mu\u0308dd\u0259td\u0259 mu\u0308\u0259yy\u0259nl\u0259s\u0327dirm\u0259k mu\u0308mku\u0308n deyil.\n<\/p>\n<p>\n  Qab\u0131s\u0327ev mart ay\u0131nda Moskvaya yola du\u0308s\u0327u\u0308b, sentyabrda Ulan-Udey\u0259 c\u0327at\u0131b. Sentyabr\u0131n sonunda s\u0327aman\u0131 Buryatiyada saxlayaraq Yakutiyada psixiatrik x\u0259st\u0259xanaya yerl\u0259s\u0327diribl\u0259r. Prezident Vladimir Putinl\u0259 bag\u0306l\u0131 so\u0308zl\u0259rin\u0259 go\u0308r\u0259 ona qars\u0327\u0131 Cinay\u0259t M\u0259c\u0259ll\u0259sinin 280-c\u0131 madd\u0259sinin 1-ci hiss\u0259si (ekstremizm\u0259 c\u0327ag\u0306\u0131r\u0131s\u0327) il\u0259 cinay\u0259t is\u0327i ac\u0327\u0131l\u0131b. Qab\u0131s\u0327evin t\u0259r\u0259fdarlar\u0131 s\u0327aman\u0131n anlaql\u0131 hesab edildiyini bildirirl\u0259r.<\/p>\n","protected":false},"excerpt":{"rendered":"<p>Qab\u0131s\u0327ev Moskvadan olan mu\u0308st\u0259qil mu\u0308t\u0259x\u0259ssisl\u0259r vasit\u0259sil\u0259 o\u0308z ekspertizas\u0131n\u0131 h\u0259yata kec\u0327irm\u0259yi planlas\u0327d\u0131r\u0131r. V\u0259kill\u0259rin fikrinc\u0259, onun anlaql\u0131l\u0131q d\u0259r\u0259c\u0259sini ambulator ekspertiza c\u0327\u0259rc\u0327iv\u0259sind\u0259 v\u0259 bu cu\u0308r q\u0131sa mu\u0308dd\u0259td\u0259 mu\u0308\u0259yy\u0259nl\u0259s\u0327dirm\u0259k mu\u0308mku\u0308n deyil.<\/p>\n","protected":false},"author":11,"featured_media":130126,"comment_status":"closed","ping_status":"open","sticky":false,"template":"","format":"standard","meta":{"_acf_changed":false,"_sitemap_exclude":false,"_sitemap_priority":"","_sitemap_frequency":"","footnotes":""},"categories":[64],"tags":[],"class_list":["post-197305","post","type-post","status-publish","format-standard","has-post-thumbnail","hentry","category-dunya","infinite-scroll-item","generate-columns","tablet-grid-50","mobile-grid-100","grid-parent","grid-33","no-featured-image-padding"],"acf":[],"yoast_head":"<!-- This site is optimized with the Yoast SEO plugin v27.5 - https:\/\/yoast.com\/product\/yoast-seo-wordpress\/ -->\n<title>\u201cPutini qovmaq u\u0308c\u0327u\u0308n\u201d Moskvaya yollanan yakut s\u0327aman anlaqs\u0131z hesab edilib - MEYDAN.TV<\/title>\n<meta name=\"robots\" content=\"index, follow, max-snippet:-1, max-image-preview:large, max-video-preview:-1\" \/>\n<link rel=\"canonical\" href=\"https:\/\/www.meydan.tv\/az\/article\/putini-qovmaq-ucun-moskvaya-yollanan-yakut-saman-anlaqsiz-hesab-edilib\/\" \/>\n<meta property=\"og:locale\" content=\"az_AZ\" \/>\n<meta property=\"og:type\" content=\"article\" \/>\n<meta property=\"og:title\" content=\"\u201cPutini qovmaq u\u0308c\u0327u\u0308n\u201d Moskvaya yollanan yakut s\u0327aman anlaqs\u0131z hesab edilib - MEYDAN.TV\" \/>\n<meta property=\"og:description\" content=\"Qab\u0131s\u0327ev Moskvadan olan mu\u0308st\u0259qil mu\u0308t\u0259x\u0259ssisl\u0259r vasit\u0259sil\u0259 o\u0308z ekspertizas\u0131n\u0131 h\u0259yata kec\u0327irm\u0259yi planlas\u0327d\u0131r\u0131r. V\u0259kill\u0259rin fikrinc\u0259, onun anlaql\u0131l\u0131q d\u0259r\u0259c\u0259sini ambulator ekspertiza c\u0327\u0259rc\u0327iv\u0259sind\u0259 v\u0259 bu cu\u0308r q\u0131sa mu\u0308dd\u0259td\u0259 mu\u0308\u0259yy\u0259nl\u0259s\u0327dirm\u0259k mu\u0308mku\u0308n deyil.\" \/>\n<meta property=\"og:url\" content=\"https:\/\/www.meydan.tv\/az\/article\/putini-qovmaq-ucun-moskvaya-yollanan-yakut-saman-anlaqsiz-hesab-edilib\/\" \/>\n<meta property=\"og:site_name\" content=\"MEYDAN.TV\" \/>\n<meta property=\"article:published_time\" content=\"2019-10-04T16:16:07+00:00\" \/>\n<meta property=\"og:image\" content=\"https:\/\/www.meydan.tv\/wp-content\/uploads\/thumb.jpg\" \/>\n\t<meta property=\"og:image:width\" content=\"720\" \/>\n\t<meta property=\"og:image:height\" content=\"480\" \/>\n\t<meta property=\"og:image:type\" content=\"image\/jpeg\" \/>\n<meta name=\"author\" content=\"user-manager\" \/>\n<meta name=\"twitter:card\" content=\"summary_large_image\" \/>\n<script type=\"application\/ld+json\" class=\"yoast-schema-graph\">{\"@context\":\"https:\\\/\\\/schema.org\",\"@graph\":[{\"@type\":\"Article\",\"@id\":\"https:\\\/\\\/www.meydan.tv\\\/az\\\/article\\\/putini-qovmaq-ucun-moskvaya-yollanan-yakut-saman-anlaqsiz-hesab-edilib\\\/#article\",\"isPartOf\":{\"@id\":\"https:\\\/\\\/www.meydan.tv\\\/az\\\/article\\\/putini-qovmaq-ucun-moskvaya-yollanan-yakut-saman-anlaqsiz-hesab-edilib\\\/\"},\"author\":{\"name\":\"user-manager\",\"@id\":\"https:\\\/\\\/www.meydan.tv\\\/az\\\/#\\\/schema\\\/person\\\/10d11eccf6da3662cf5fdab9806ea91a\"},\"headline\":\"\u201cPutini qovmaq u\u0308c\u0327u\u0308n\u201d Moskvaya yollanan yakut s\u0327aman anlaqs\u0131z hesab edilib\",\"datePublished\":\"2019-10-04T16:16:07+00:00\",\"mainEntityOfPage\":{\"@id\":\"https:\\\/\\\/www.meydan.tv\\\/az\\\/article\\\/putini-qovmaq-ucun-moskvaya-yollanan-yakut-saman-anlaqsiz-hesab-edilib\\\/\"},\"wordCount\":249,\"publisher\":{\"@id\":\"https:\\\/\\\/www.meydan.tv\\\/az\\\/#organization\"},\"image\":{\"@id\":\"https:\\\/\\\/www.meydan.tv\\\/az\\\/article\\\/putini-qovmaq-ucun-moskvaya-yollanan-yakut-saman-anlaqsiz-hesab-edilib\\\/#primaryimage\"},\"thumbnailUrl\":\"https:\\\/\\\/www.meydan.tv\\\/wp-content\\\/uploads\\\/thumb.jpg\",\"articleSection\":[\"D\u00fcnya\"],\"inLanguage\":\"az\"},{\"@type\":\"WebPage\",\"@id\":\"https:\\\/\\\/www.meydan.tv\\\/az\\\/article\\\/putini-qovmaq-ucun-moskvaya-yollanan-yakut-saman-anlaqsiz-hesab-edilib\\\/\",\"url\":\"https:\\\/\\\/www.meydan.tv\\\/az\\\/article\\\/putini-qovmaq-ucun-moskvaya-yollanan-yakut-saman-anlaqsiz-hesab-edilib\\\/\",\"name\":\"\u201cPutini qovmaq u\u0308c\u0327u\u0308n\u201d Moskvaya yollanan yakut s\u0327aman anlaqs\u0131z hesab edilib - MEYDAN.TV\",\"isPartOf\":{\"@id\":\"https:\\\/\\\/www.meydan.tv\\\/az\\\/#website\"},\"primaryImageOfPage\":{\"@id\":\"https:\\\/\\\/www.meydan.tv\\\/az\\\/article\\\/putini-qovmaq-ucun-moskvaya-yollanan-yakut-saman-anlaqsiz-hesab-edilib\\\/#primaryimage\"},\"image\":{\"@id\":\"https:\\\/\\\/www.meydan.tv\\\/az\\\/article\\\/putini-qovmaq-ucun-moskvaya-yollanan-yakut-saman-anlaqsiz-hesab-edilib\\\/#primaryimage\"},\"thumbnailUrl\":\"https:\\\/\\\/www.meydan.tv\\\/wp-content\\\/uploads\\\/thumb.jpg\",\"datePublished\":\"2019-10-04T16:16:07+00:00\",\"breadcrumb\":{\"@id\":\"https:\\\/\\\/www.meydan.tv\\\/az\\\/article\\\/putini-qovmaq-ucun-moskvaya-yollanan-yakut-saman-anlaqsiz-hesab-edilib\\\/#breadcrumb\"},\"inLanguage\":\"az\",\"potentialAction\":[{\"@type\":\"ReadAction\",\"target\":[\"https:\\\/\\\/www.meydan.tv\\\/az\\\/article\\\/putini-qovmaq-ucun-moskvaya-yollanan-yakut-saman-anlaqsiz-hesab-edilib\\\/\"]}]},{\"@type\":\"ImageObject\",\"inLanguage\":\"az\",\"@id\":\"https:\\\/\\\/www.meydan.tv\\\/az\\\/article\\\/putini-qovmaq-ucun-moskvaya-yollanan-yakut-saman-anlaqsiz-hesab-edilib\\\/#primaryimage\",\"url\":\"https:\\\/\\\/www.meydan.tv\\\/wp-content\\\/uploads\\\/thumb.jpg\",\"contentUrl\":\"https:\\\/\\\/www.meydan.tv\\\/wp-content\\\/uploads\\\/thumb.jpg\",\"width\":720,\"height\":480,\"caption\":\"Source: vk.com\\\/shamanidet\"},{\"@type\":\"BreadcrumbList\",\"@id\":\"https:\\\/\\\/www.meydan.tv\\\/az\\\/article\\\/putini-qovmaq-ucun-moskvaya-yollanan-yakut-saman-anlaqsiz-hesab-edilib\\\/#breadcrumb\",\"itemListElement\":[{\"@type\":\"ListItem\",\"position\":1,\"name\":\"Ana s\u0259hif\u0259\",\"item\":\"https:\\\/\\\/www.meydan.tv\\\/az\\\/\"},{\"@type\":\"ListItem\",\"position\":2,\"name\":\"D\u00fcnya\",\"item\":\"https:\\\/\\\/www.meydan.tv\\\/az\\\/section\\\/dunya\\\/\"},{\"@type\":\"ListItem\",\"position\":3,\"name\":\"\u201cPutini qovmaq u\u0308c\u0327u\u0308n\u201d Moskvaya yollanan yakut s\u0327aman anlaqs\u0131z hesab edilib\"}]},{\"@type\":\"WebSite\",\"@id\":\"https:\\\/\\\/www.meydan.tv\\\/az\\\/#website\",\"url\":\"https:\\\/\\\/www.meydan.tv\\\/az\\\/\",\"name\":\"MEYDAN.TV\",\"description\":\"Meydan TV Az\u0259rbaycan\u0131n media m\u0259kan\u0131ndak\u0131 alternativ s\u0259sidir\",\"publisher\":{\"@id\":\"https:\\\/\\\/www.meydan.tv\\\/az\\\/#organization\"},\"potentialAction\":[{\"@type\":\"SearchAction\",\"target\":{\"@type\":\"EntryPoint\",\"urlTemplate\":\"https:\\\/\\\/www.meydan.tv\\\/az\\\/?s={search_term_string}\"},\"query-input\":{\"@type\":\"PropertyValueSpecification\",\"valueRequired\":true,\"valueName\":\"search_term_string\"}}],\"inLanguage\":\"az\"},{\"@type\":\"Organization\",\"@id\":\"https:\\\/\\\/www.meydan.tv\\\/az\\\/#organization\",\"name\":\"Meydan TV\",\"url\":\"https:\\\/\\\/www.meydan.tv\\\/az\\\/\",\"logo\":{\"@type\":\"ImageObject\",\"inLanguage\":\"az\",\"@id\":\"https:\\\/\\\/www.meydan.tv\\\/az\\\/#\\\/schema\\\/logo\\\/image\\\/\",\"url\":\"https:\\\/\\\/www.meydan.tv\\\/wp-content\\\/uploads\\\/2021\\\/07\\\/meydan-logo.svg\",\"contentUrl\":\"https:\\\/\\\/www.meydan.tv\\\/wp-content\\\/uploads\\\/2021\\\/07\\\/meydan-logo.svg\",\"width\":195,\"height\":46,\"caption\":\"Meydan TV\"},\"image\":{\"@id\":\"https:\\\/\\\/www.meydan.tv\\\/az\\\/#\\\/schema\\\/logo\\\/image\\\/\"}},{\"@type\":\"Person\",\"@id\":\"https:\\\/\\\/www.meydan.tv\\\/az\\\/#\\\/schema\\\/person\\\/10d11eccf6da3662cf5fdab9806ea91a\",\"name\":\"user-manager\"}]}<\/script>\n<!-- \/ Yoast SEO plugin. -->","yoast_head_json":{"title":"\u201cPutini qovmaq u\u0308c\u0327u\u0308n\u201d Moskvaya yollanan yakut s\u0327aman anlaqs\u0131z hesab edilib - MEYDAN.TV","robots":{"index":"index","follow":"follow","max-snippet":"max-snippet:-1","max-image-preview":"max-image-preview:large","max-video-preview":"max-video-preview:-1"},"canonical":"https:\/\/www.meydan.tv\/az\/article\/putini-qovmaq-ucun-moskvaya-yollanan-yakut-saman-anlaqsiz-hesab-edilib\/","og_locale":"az_AZ","og_type":"article","og_title":"\u201cPutini qovmaq u\u0308c\u0327u\u0308n\u201d Moskvaya yollanan yakut s\u0327aman anlaqs\u0131z hesab edilib - MEYDAN.TV","og_description":"Qab\u0131s\u0327ev Moskvadan olan mu\u0308st\u0259qil mu\u0308t\u0259x\u0259ssisl\u0259r vasit\u0259sil\u0259 o\u0308z ekspertizas\u0131n\u0131 h\u0259yata kec\u0327irm\u0259yi planlas\u0327d\u0131r\u0131r. V\u0259kill\u0259rin fikrinc\u0259, onun anlaql\u0131l\u0131q d\u0259r\u0259c\u0259sini ambulator ekspertiza c\u0327\u0259rc\u0327iv\u0259sind\u0259 v\u0259 bu cu\u0308r q\u0131sa mu\u0308dd\u0259td\u0259 mu\u0308\u0259yy\u0259nl\u0259s\u0327dirm\u0259k mu\u0308mku\u0308n deyil.","og_url":"https:\/\/www.meydan.tv\/az\/article\/putini-qovmaq-ucun-moskvaya-yollanan-yakut-saman-anlaqsiz-hesab-edilib\/","og_site_name":"MEYDAN.TV","article_published_time":"2019-10-04T16:16:07+00:00","og_image":[{"width":720,"height":480,"url":"https:\/\/www.meydan.tv\/wp-content\/uploads\/thumb.jpg","type":"image\/jpeg"}],"author":"user-manager","twitter_card":"summary_large_image","schema":{"@context":"https:\/\/schema.org","@graph":[{"@type":"Article","@id":"https:\/\/www.meydan.tv\/az\/article\/putini-qovmaq-ucun-moskvaya-yollanan-yakut-saman-anlaqsiz-hesab-edilib\/#article","isPartOf":{"@id":"https:\/\/www.meydan.tv\/az\/article\/putini-qovmaq-ucun-moskvaya-yollanan-yakut-saman-anlaqsiz-hesab-edilib\/"},"author":{"name":"user-manager","@id":"https:\/\/www.meydan.tv\/az\/#\/schema\/person\/10d11eccf6da3662cf5fdab9806ea91a"},"headline":"\u201cPutini qovmaq u\u0308c\u0327u\u0308n\u201d Moskvaya yollanan yakut s\u0327aman anlaqs\u0131z hesab edilib","datePublished":"2019-10-04T16:16:07+00:00","mainEntityOfPage":{"@id":"https:\/\/www.meydan.tv\/az\/article\/putini-qovmaq-ucun-moskvaya-yollanan-yakut-saman-anlaqsiz-hesab-edilib\/"},"wordCount":249,"publisher":{"@id":"https:\/\/www.meydan.tv\/az\/#organization"},"image":{"@id":"https:\/\/www.meydan.tv\/az\/article\/putini-qovmaq-ucun-moskvaya-yollanan-yakut-saman-anlaqsiz-hesab-edilib\/#primaryimage"},"thumbnailUrl":"https:\/\/www.meydan.tv\/wp-content\/uploads\/thumb.jpg","articleSection":["D\u00fcnya"],"inLanguage":"az"},{"@type":"WebPage","@id":"https:\/\/www.meydan.tv\/az\/article\/putini-qovmaq-ucun-moskvaya-yollanan-yakut-saman-anlaqsiz-hesab-edilib\/","url":"https:\/\/www.meydan.tv\/az\/article\/putini-qovmaq-ucun-moskvaya-yollanan-yakut-saman-anlaqsiz-hesab-edilib\/","name":"\u201cPutini qovmaq u\u0308c\u0327u\u0308n\u201d Moskvaya yollanan yakut s\u0327aman anlaqs\u0131z hesab edilib - MEYDAN.TV","isPartOf":{"@id":"https:\/\/www.meydan.tv\/az\/#website"},"primaryImageOfPage":{"@id":"https:\/\/www.meydan.tv\/az\/article\/putini-qovmaq-ucun-moskvaya-yollanan-yakut-saman-anlaqsiz-hesab-edilib\/#primaryimage"},"image":{"@id":"https:\/\/www.meydan.tv\/az\/article\/putini-qovmaq-ucun-moskvaya-yollanan-yakut-saman-anlaqsiz-hesab-edilib\/#primaryimage"},"thumbnailUrl":"https:\/\/www.meydan.tv\/wp-content\/uploads\/thumb.jpg","datePublished":"2019-10-04T16:16:07+00:00","breadcrumb":{"@id":"https:\/\/www.meydan.tv\/az\/article\/putini-qovmaq-ucun-moskvaya-yollanan-yakut-saman-anlaqsiz-hesab-edilib\/#breadcrumb"},"inLanguage":"az","potentialAction":[{"@type":"ReadAction","target":["https:\/\/www.meydan.tv\/az\/article\/putini-qovmaq-ucun-moskvaya-yollanan-yakut-saman-anlaqsiz-hesab-edilib\/"]}]},{"@type":"ImageObject","inLanguage":"az","@id":"https:\/\/www.meydan.tv\/az\/article\/putini-qovmaq-ucun-moskvaya-yollanan-yakut-saman-anlaqsiz-hesab-edilib\/#primaryimage","url":"https:\/\/www.meydan.tv\/wp-content\/uploads\/thumb.jpg","contentUrl":"https:\/\/www.meydan.tv\/wp-content\/uploads\/thumb.jpg","width":720,"height":480,"caption":"Source: vk.com\/shamanidet"},{"@type":"BreadcrumbList","@id":"https:\/\/www.meydan.tv\/az\/article\/putini-qovmaq-ucun-moskvaya-yollanan-yakut-saman-anlaqsiz-hesab-edilib\/#breadcrumb","itemListElement":[{"@type":"ListItem","position":1,"name":"Ana s\u0259hif\u0259","item":"https:\/\/www.meydan.tv\/az\/"},{"@type":"ListItem","position":2,"name":"D\u00fcnya","item":"https:\/\/www.meydan.tv\/az\/section\/dunya\/"},{"@type":"ListItem","position":3,"name":"\u201cPutini qovmaq u\u0308c\u0327u\u0308n\u201d Moskvaya yollanan yakut s\u0327aman anlaqs\u0131z hesab edilib"}]},{"@type":"WebSite","@id":"https:\/\/www.meydan.tv\/az\/#website","url":"https:\/\/www.meydan.tv\/az\/","name":"MEYDAN.TV","description":"Meydan TV Az\u0259rbaycan\u0131n media m\u0259kan\u0131ndak\u0131 alternativ s\u0259sidir","publisher":{"@id":"https:\/\/www.meydan.tv\/az\/#organization"},"potentialAction":[{"@type":"SearchAction","target":{"@type":"EntryPoint","urlTemplate":"https:\/\/www.meydan.tv\/az\/?s={search_term_string}"},"query-input":{"@type":"PropertyValueSpecification","valueRequired":true,"valueName":"search_term_string"}}],"inLanguage":"az"},{"@type":"Organization","@id":"https:\/\/www.meydan.tv\/az\/#organization","name":"Meydan TV","url":"https:\/\/www.meydan.tv\/az\/","logo":{"@type":"ImageObject","inLanguage":"az","@id":"https:\/\/www.meydan.tv\/az\/#\/schema\/logo\/image\/","url":"https:\/\/www.meydan.tv\/wp-content\/uploads\/2021\/07\/meydan-logo.svg","contentUrl":"https:\/\/www.meydan.tv\/wp-content\/uploads\/2021\/07\/meydan-logo.svg","width":195,"height":46,"caption":"Meydan TV"},"image":{"@id":"https:\/\/www.meydan.tv\/az\/#\/schema\/logo\/image\/"}},{"@type":"Person","@id":"https:\/\/www.meydan.tv\/az\/#\/schema\/person\/10d11eccf6da3662cf5fdab9806ea91a","name":"user-manager"}]}},"_links":{"self":[{"href":"https:\/\/www.meydan.tv\/az\/wp-json\/wp\/v2\/posts\/197305","targetHints":{"allow":["GET"]}}],"collection":[{"href":"https:\/\/www.meydan.tv\/az\/wp-json\/wp\/v2\/posts"}],"about":[{"href":"https:\/\/www.meydan.tv\/az\/wp-json\/wp\/v2\/types\/post"}],"author":[{"embeddable":true,"href":"https:\/\/www.meydan.tv\/az\/wp-json\/wp\/v2\/users\/11"}],"replies":[{"embeddable":true,"href":"https:\/\/www.meydan.tv\/az\/wp-json\/wp\/v2\/comments?post=197305"}],"version-history":[{"count":0,"href":"https:\/\/www.meydan.tv\/az\/wp-json\/wp\/v2\/posts\/197305\/revisions"}],"wp:featuredmedia":[{"embeddable":true,"href":"https:\/\/www.meydan.tv\/az\/wp-json\/wp\/v2\/media\/130126"}],"wp:attachment":[{"href":"https:\/\/www.meydan.tv\/az\/wp-json\/wp\/v2\/media?parent=197305"}],"wp:term":[{"taxonomy":"category","embeddable":true,"href":"https:\/\/www.meydan.tv\/az\/wp-json\/wp\/v2\/categories?post=197305"},{"taxonomy":"post_tag","embeddable":true,"href":"https:\/\/www.meydan.tv\/az\/wp-json\/wp\/v2\/tags?post=197305"}],"curies":[{"name":"wp","href":"https:\/\/api.w.org\/{rel}","templated":true}]}}