{"id":197293,"date":"2019-10-04T12:52:48","date_gmt":"2019-10-04T12:52:48","guid":{"rendered":"https:\/\/www.meydan.tv\/article\/bmt-efqanistanda-son-dord-ilde-usaqlara-qarsi-14-min-zorakiliq-fakti-qeyde-alinib\/"},"modified":"2019-10-04T12:52:48","modified_gmt":"2019-10-04T12:52:48","slug":"bmt-efqanistanda-son-dord-ilde-usaqlara-qarsi-14-min-zorakiliq-fakti-qeyde-alinib","status":"publish","type":"post","link":"https:\/\/www.meydan.tv\/az\/article\/bmt-efqanistanda-son-dord-ilde-usaqlara-qarsi-14-min-zorakiliq-fakti-qeyde-alinib\/","title":{"rendered":"BMT:  \u018ffqan\u0131standa son d\u00f6rd ild\u0259 u\u015faqlara qar\u015f\u0131 14 min zorak\u0131l\u0131q fakt\u0131 qeyd\u0259 al\u0131n\u0131b"},"content":{"rendered":"<p>\n  <i><br \/>\n    Qurumun Ba\u015f katibi Antonio Guterres v\u0259ziyy\u0259ti \u015fidd\u0259tl\u0259 q\u0131nad\u0131\u011f\u0131n\u0131 deyib<br \/>\n  <\/i>\n<\/p>\n<p>\n  \u018ffqan\u0131standa son d\u00f6rd ild\u0259 t\u0259hl\u00fck\u0259sizlikl\u0259 ba\u011fl\u0131 v\u0259ziyy\u0259tin pisl\u0259\u015fm\u0259si 14 mind\u0259n \u00e7ox u\u015fa\u011f\u0131n zorak\u0131l\u0131qlarla qar\u015f\u0131la\u015fmas\u0131na s\u0259b\u0259b olub. BMT-nin hesabat\u0131nda qeyd edilir ki, bu ill\u0259r \u0259rzind\u0259 \u018ffqan\u0131standa 3500 u\u015faq \u00f6ld\u00fcr\u00fcl\u00fcb.\n<\/p>\n<p>\n  BMT-nin Ba\u015f katibi Antonio Guterres b\u00fct\u00fcn t\u0259r\u0259fl\u0259rin etdiyi kobud qanun pozuntular\u0131n\u0131n narahatl\u0131q s\u0259viyy\u0259sin\u0259 \u00e7atd\u0131\u011f\u0131n\u0131 v\u0259 b\u00fct\u00fcn bu zork\u0131l\u0131qlar\u0131n a\u011f\u0131r y\u00fck\u00fcn\u00fc u\u015faqlar\u0131n da\u015f\u0131d\u0131\u011f\u0131n\u0131 bildirib. O, yaranm\u0131\u015f v\u0259ziyy\u0259ti \u015fidd\u0259tl\u0259 q\u0131nay\u0131b.\n<\/p>\n<p>\n  Hesabatda deyilir ki, indiy\u0259d\u0259k 9 min\u0259 yax\u0131n u\u015faq silahl\u0131 qar\u015f\u0131durmada yaralan\u0131b.\n<\/p>\n<p>\n  Guterres h\u0259m\u00e7inin bildirib ki, 2015-18-ci ill\u0259rd\u0259 \u00f6ld\u00fcr\u00fcl\u0259n v\u0259 ya x\u0259sar\u0259t alan u\u015faqlar\u0131n say\u0131 b\u00fct\u00fcn m\u00fclki itkil\u0259rin \u00fc\u00e7d\u0259 birini t\u0259\u015fkil edib. \u201cBu, \u0259vv\u0259lki d\u00f6rd il\u0259 nisb\u0259t\u0259n u\u015faq itkisind\u0259 82 faiz art\u0131m dem\u0259kdir\u201d dey\u0259, o qeyd edib.\n<\/p>\n<p>\n  \u018ffqan\u0131standa u\u015faqlar v\u0259 silahl\u0131 qar\u015f\u0131durmalarla \u0259laq\u0259dar haz\u0131rlanm\u0131\u015f d\u00f6rd\u00fcnc\u00fc hesabatda bildirilir ki, u\u015faq \u00f6l\u00fcm\u00fc v\u0259 ya x\u0259sar\u0259tin artmas\u0131n\u0131n s\u0259b\u0259bi m\u00fcharib\u0259nin partlay\u0131c\u0131 qal\u0131qlar\u0131, hava h\u00fccumlar\u0131 olub.\n<\/p>\n<p>\n  Hesabatda bildirilir ki, bu r\u0259q\u0259m hava h\u00fccumlar\u0131 n\u0259tic\u0259sind\u0259 \u00f6ld\u00fcr\u00fclm\u00fc\u015f m\u00fclki \u015f\u0259xsl\u0259rin 40 faizini t\u0259\u015fkil edir.\n<\/p>\n<p>\n  Guterres h\u00f6kum\u0259t v\u0259 h\u00f6kum\u0259ty\u00f6nl\u00fc q\u00fcvv\u0259l\u0259r t\u0259r\u0259find\u0259n edil\u0259n hava \u0259m\u0259liyyatlar\u0131 n\u0259tic\u0259sind\u0259 \u00f6l\u0259n v\u0259 yaralanan u\u015faqlar\u0131n \u00e7oxlu\u011fundan son d\u0259r\u0259c\u0259 narahat oldu\u011funu bildirib.\n<\/p>\n<p>\n  BMT-nin Ba\u015f katibi x\u00fcsusil\u0259 vur\u011fulay\u0131b ki, silahl\u0131 qrupla\u015fmalar u\u015faq itkisinin 43 faizi (3450 n\u0259f\u0259r \u00f6ld\u00fcr\u00fclm\u00fc\u015f v\u0259 9.149 n\u0259f\u0259r yaralanm\u0131\u015f u\u015faq) \u00fc\u00e7\u00fcn m\u0259suliyy\u0259t da\u015f\u0131y\u0131r. \u201cH\u00f6kum\u0259t v\u0259 h\u00f6kum\u0259ty\u00f6nl\u00fc q\u00fcvv\u0259l\u0259r is\u0259 u\u015faq itkil\u0259rinin 30 faizin\u0259 cavabdehdir\u201d, &#8211; o bildirib.\n<\/p>\n<p>\n  Hesabatda bildirilir ki, BMT 274 u\u015fa\u011f\u0131n silahl\u0131 qruplar v\u0259 h\u00f6kum\u0259t q\u00fcvv\u0259l\u0259ri t\u0259r\u0259find\u0259n h\u00fccumlarda istifad\u0259 edildiyini t\u0259sdiql\u0259yib. \u018ffqan m\u00fcnaqi\u015f\u0259sind\u0259 i\u015f\u0259 c\u0259lb olunan v\u0259 istifad\u0259 olunan u\u015faqlar\u0131n h\u0259qiqi say\u0131n\u0131n daha \u00e7ox oldu\u011fu deyilir. 2016-c\u0131 ild\u0259 silahl\u0131 qruplar t\u0259r\u0259find\u0259n 3.000-d\u0259n \u00e7ox u\u015faq istifad\u0259 edilib.\n<\/p>\n<p>\n  Ayr\u0131ca 13 o\u011flan v\u0259 d\u00f6rd q\u0131za qar\u015f\u0131 cinsi zorak\u0131l\u0131\u011f\u0131n s\u0259n\u0259dl\u0259\u015fdirildiyini qeyd ed\u0259n Guterres \u0259sl say\u0131n daha y\u00fcks\u0259k oldu\u011funu bildirib.<\/p>\n","protected":false},"excerpt":{"rendered":"<p>Hesabatda deyilir ki, indiy\u0259d\u0259k 9 min\u0259 yax\u0131n u\u015faq silahl\u0131 qar\u015f\u0131durmada yaralan\u0131b.<\/p>\n","protected":false},"author":11,"featured_media":49253,"comment_status":"closed","ping_status":"open","sticky":false,"template":"","format":"standard","meta":{"_acf_changed":false,"_sitemap_exclude":false,"_sitemap_priority":"","_sitemap_frequency":"","footnotes":""},"categories":[64],"tags":[],"class_list":["post-197293","post","type-post","status-publish","format-standard","has-post-thumbnail","hentry","category-dunya","infinite-scroll-item","generate-columns","tablet-grid-50","mobile-grid-100","grid-parent","grid-33","no-featured-image-padding"],"acf":[],"yoast_head":"<!-- This site is optimized with the Yoast SEO plugin v27.5 - https:\/\/yoast.com\/product\/yoast-seo-wordpress\/ -->\n<title>BMT: \u018ffqan\u0131standa son d\u00f6rd ild\u0259 u\u015faqlara qar\u015f\u0131 14 min zorak\u0131l\u0131q fakt\u0131 qeyd\u0259 al\u0131n\u0131b - MEYDAN.TV<\/title>\n<meta name=\"robots\" content=\"index, follow, max-snippet:-1, max-image-preview:large, max-video-preview:-1\" \/>\n<link rel=\"canonical\" href=\"https:\/\/www.meydan.tv\/az\/article\/bmt-efqanistanda-son-dord-ilde-usaqlara-qarsi-14-min-zorakiliq-fakti-qeyde-alinib\/\" \/>\n<meta property=\"og:locale\" content=\"az_AZ\" \/>\n<meta property=\"og:type\" content=\"article\" \/>\n<meta property=\"og:title\" content=\"BMT: \u018ffqan\u0131standa son d\u00f6rd ild\u0259 u\u015faqlara qar\u015f\u0131 14 min zorak\u0131l\u0131q fakt\u0131 qeyd\u0259 al\u0131n\u0131b - MEYDAN.TV\" \/>\n<meta property=\"og:description\" content=\"Hesabatda deyilir ki, indiy\u0259d\u0259k 9 min\u0259 yax\u0131n u\u015faq silahl\u0131 qar\u015f\u0131durmada yaralan\u0131b.\" \/>\n<meta property=\"og:url\" content=\"https:\/\/www.meydan.tv\/az\/article\/bmt-efqanistanda-son-dord-ilde-usaqlara-qarsi-14-min-zorakiliq-fakti-qeyde-alinib\/\" \/>\n<meta property=\"og:site_name\" content=\"MEYDAN.TV\" \/>\n<meta property=\"article:published_time\" content=\"2019-10-04T12:52:48+00:00\" \/>\n<meta property=\"og:image\" content=\"https:\/\/www.meydan.tv\/wp-content\/uploads\/18513.jpg\" \/>\n\t<meta property=\"og:image:width\" content=\"700\" \/>\n\t<meta property=\"og:image:height\" content=\"467\" \/>\n\t<meta property=\"og:image:type\" content=\"image\/jpeg\" \/>\n<meta name=\"author\" content=\"user-manager\" \/>\n<meta name=\"twitter:card\" content=\"summary_large_image\" \/>\n<script type=\"application\/ld+json\" class=\"yoast-schema-graph\">{\"@context\":\"https:\\\/\\\/schema.org\",\"@graph\":[{\"@type\":\"Article\",\"@id\":\"https:\\\/\\\/www.meydan.tv\\\/az\\\/article\\\/bmt-efqanistanda-son-dord-ilde-usaqlara-qarsi-14-min-zorakiliq-fakti-qeyde-alinib\\\/#article\",\"isPartOf\":{\"@id\":\"https:\\\/\\\/www.meydan.tv\\\/az\\\/article\\\/bmt-efqanistanda-son-dord-ilde-usaqlara-qarsi-14-min-zorakiliq-fakti-qeyde-alinib\\\/\"},\"author\":{\"name\":\"user-manager\",\"@id\":\"https:\\\/\\\/www.meydan.tv\\\/az\\\/#\\\/schema\\\/person\\\/10d11eccf6da3662cf5fdab9806ea91a\"},\"headline\":\"BMT: \u018ffqan\u0131standa son d\u00f6rd ild\u0259 u\u015faqlara qar\u015f\u0131 14 min zorak\u0131l\u0131q fakt\u0131 qeyd\u0259 al\u0131n\u0131b\",\"datePublished\":\"2019-10-04T12:52:48+00:00\",\"mainEntityOfPage\":{\"@id\":\"https:\\\/\\\/www.meydan.tv\\\/az\\\/article\\\/bmt-efqanistanda-son-dord-ilde-usaqlara-qarsi-14-min-zorakiliq-fakti-qeyde-alinib\\\/\"},\"wordCount\":482,\"publisher\":{\"@id\":\"https:\\\/\\\/www.meydan.tv\\\/az\\\/#organization\"},\"image\":{\"@id\":\"https:\\\/\\\/www.meydan.tv\\\/az\\\/article\\\/bmt-efqanistanda-son-dord-ilde-usaqlara-qarsi-14-min-zorakiliq-fakti-qeyde-alinib\\\/#primaryimage\"},\"thumbnailUrl\":\"https:\\\/\\\/www.meydan.tv\\\/wp-content\\\/uploads\\\/18513.jpg\",\"articleSection\":[\"D\u00fcnya\"],\"inLanguage\":\"az\"},{\"@type\":\"WebPage\",\"@id\":\"https:\\\/\\\/www.meydan.tv\\\/az\\\/article\\\/bmt-efqanistanda-son-dord-ilde-usaqlara-qarsi-14-min-zorakiliq-fakti-qeyde-alinib\\\/\",\"url\":\"https:\\\/\\\/www.meydan.tv\\\/az\\\/article\\\/bmt-efqanistanda-son-dord-ilde-usaqlara-qarsi-14-min-zorakiliq-fakti-qeyde-alinib\\\/\",\"name\":\"BMT: \u018ffqan\u0131standa son d\u00f6rd ild\u0259 u\u015faqlara qar\u015f\u0131 14 min zorak\u0131l\u0131q fakt\u0131 qeyd\u0259 al\u0131n\u0131b - MEYDAN.TV\",\"isPartOf\":{\"@id\":\"https:\\\/\\\/www.meydan.tv\\\/az\\\/#website\"},\"primaryImageOfPage\":{\"@id\":\"https:\\\/\\\/www.meydan.tv\\\/az\\\/article\\\/bmt-efqanistanda-son-dord-ilde-usaqlara-qarsi-14-min-zorakiliq-fakti-qeyde-alinib\\\/#primaryimage\"},\"image\":{\"@id\":\"https:\\\/\\\/www.meydan.tv\\\/az\\\/article\\\/bmt-efqanistanda-son-dord-ilde-usaqlara-qarsi-14-min-zorakiliq-fakti-qeyde-alinib\\\/#primaryimage\"},\"thumbnailUrl\":\"https:\\\/\\\/www.meydan.tv\\\/wp-content\\\/uploads\\\/18513.jpg\",\"datePublished\":\"2019-10-04T12:52:48+00:00\",\"breadcrumb\":{\"@id\":\"https:\\\/\\\/www.meydan.tv\\\/az\\\/article\\\/bmt-efqanistanda-son-dord-ilde-usaqlara-qarsi-14-min-zorakiliq-fakti-qeyde-alinib\\\/#breadcrumb\"},\"inLanguage\":\"az\",\"potentialAction\":[{\"@type\":\"ReadAction\",\"target\":[\"https:\\\/\\\/www.meydan.tv\\\/az\\\/article\\\/bmt-efqanistanda-son-dord-ilde-usaqlara-qarsi-14-min-zorakiliq-fakti-qeyde-alinib\\\/\"]}]},{\"@type\":\"ImageObject\",\"inLanguage\":\"az\",\"@id\":\"https:\\\/\\\/www.meydan.tv\\\/az\\\/article\\\/bmt-efqanistanda-son-dord-ilde-usaqlara-qarsi-14-min-zorakiliq-fakti-qeyde-alinib\\\/#primaryimage\",\"url\":\"https:\\\/\\\/www.meydan.tv\\\/wp-content\\\/uploads\\\/18513.jpg\",\"contentUrl\":\"https:\\\/\\\/www.meydan.tv\\\/wp-content\\\/uploads\\\/18513.jpg\",\"width\":700,\"height\":467,\"caption\":\"Source: BMT\"},{\"@type\":\"BreadcrumbList\",\"@id\":\"https:\\\/\\\/www.meydan.tv\\\/az\\\/article\\\/bmt-efqanistanda-son-dord-ilde-usaqlara-qarsi-14-min-zorakiliq-fakti-qeyde-alinib\\\/#breadcrumb\",\"itemListElement\":[{\"@type\":\"ListItem\",\"position\":1,\"name\":\"Ana s\u0259hif\u0259\",\"item\":\"https:\\\/\\\/www.meydan.tv\\\/az\\\/\"},{\"@type\":\"ListItem\",\"position\":2,\"name\":\"D\u00fcnya\",\"item\":\"https:\\\/\\\/www.meydan.tv\\\/az\\\/section\\\/dunya\\\/\"},{\"@type\":\"ListItem\",\"position\":3,\"name\":\"BMT: \u018ffqan\u0131standa son d\u00f6rd ild\u0259 u\u015faqlara qar\u015f\u0131 14 min zorak\u0131l\u0131q fakt\u0131 qeyd\u0259 al\u0131n\u0131b\"}]},{\"@type\":\"WebSite\",\"@id\":\"https:\\\/\\\/www.meydan.tv\\\/az\\\/#website\",\"url\":\"https:\\\/\\\/www.meydan.tv\\\/az\\\/\",\"name\":\"MEYDAN.TV\",\"description\":\"Meydan TV Az\u0259rbaycan\u0131n media m\u0259kan\u0131ndak\u0131 alternativ s\u0259sidir\",\"publisher\":{\"@id\":\"https:\\\/\\\/www.meydan.tv\\\/az\\\/#organization\"},\"potentialAction\":[{\"@type\":\"SearchAction\",\"target\":{\"@type\":\"EntryPoint\",\"urlTemplate\":\"https:\\\/\\\/www.meydan.tv\\\/az\\\/?s={search_term_string}\"},\"query-input\":{\"@type\":\"PropertyValueSpecification\",\"valueRequired\":true,\"valueName\":\"search_term_string\"}}],\"inLanguage\":\"az\"},{\"@type\":\"Organization\",\"@id\":\"https:\\\/\\\/www.meydan.tv\\\/az\\\/#organization\",\"name\":\"Meydan TV\",\"url\":\"https:\\\/\\\/www.meydan.tv\\\/az\\\/\",\"logo\":{\"@type\":\"ImageObject\",\"inLanguage\":\"az\",\"@id\":\"https:\\\/\\\/www.meydan.tv\\\/az\\\/#\\\/schema\\\/logo\\\/image\\\/\",\"url\":\"https:\\\/\\\/www.meydan.tv\\\/wp-content\\\/uploads\\\/2021\\\/07\\\/meydan-logo.svg\",\"contentUrl\":\"https:\\\/\\\/www.meydan.tv\\\/wp-content\\\/uploads\\\/2021\\\/07\\\/meydan-logo.svg\",\"width\":195,\"height\":46,\"caption\":\"Meydan TV\"},\"image\":{\"@id\":\"https:\\\/\\\/www.meydan.tv\\\/az\\\/#\\\/schema\\\/logo\\\/image\\\/\"}},{\"@type\":\"Person\",\"@id\":\"https:\\\/\\\/www.meydan.tv\\\/az\\\/#\\\/schema\\\/person\\\/10d11eccf6da3662cf5fdab9806ea91a\",\"name\":\"user-manager\"}]}<\/script>\n<!-- \/ Yoast SEO plugin. -->","yoast_head_json":{"title":"BMT: \u018ffqan\u0131standa son d\u00f6rd ild\u0259 u\u015faqlara qar\u015f\u0131 14 min zorak\u0131l\u0131q fakt\u0131 qeyd\u0259 al\u0131n\u0131b - MEYDAN.TV","robots":{"index":"index","follow":"follow","max-snippet":"max-snippet:-1","max-image-preview":"max-image-preview:large","max-video-preview":"max-video-preview:-1"},"canonical":"https:\/\/www.meydan.tv\/az\/article\/bmt-efqanistanda-son-dord-ilde-usaqlara-qarsi-14-min-zorakiliq-fakti-qeyde-alinib\/","og_locale":"az_AZ","og_type":"article","og_title":"BMT: \u018ffqan\u0131standa son d\u00f6rd ild\u0259 u\u015faqlara qar\u015f\u0131 14 min zorak\u0131l\u0131q fakt\u0131 qeyd\u0259 al\u0131n\u0131b - MEYDAN.TV","og_description":"Hesabatda deyilir ki, indiy\u0259d\u0259k 9 min\u0259 yax\u0131n u\u015faq silahl\u0131 qar\u015f\u0131durmada yaralan\u0131b.","og_url":"https:\/\/www.meydan.tv\/az\/article\/bmt-efqanistanda-son-dord-ilde-usaqlara-qarsi-14-min-zorakiliq-fakti-qeyde-alinib\/","og_site_name":"MEYDAN.TV","article_published_time":"2019-10-04T12:52:48+00:00","og_image":[{"width":700,"height":467,"url":"https:\/\/www.meydan.tv\/wp-content\/uploads\/18513.jpg","type":"image\/jpeg"}],"author":"user-manager","twitter_card":"summary_large_image","schema":{"@context":"https:\/\/schema.org","@graph":[{"@type":"Article","@id":"https:\/\/www.meydan.tv\/az\/article\/bmt-efqanistanda-son-dord-ilde-usaqlara-qarsi-14-min-zorakiliq-fakti-qeyde-alinib\/#article","isPartOf":{"@id":"https:\/\/www.meydan.tv\/az\/article\/bmt-efqanistanda-son-dord-ilde-usaqlara-qarsi-14-min-zorakiliq-fakti-qeyde-alinib\/"},"author":{"name":"user-manager","@id":"https:\/\/www.meydan.tv\/az\/#\/schema\/person\/10d11eccf6da3662cf5fdab9806ea91a"},"headline":"BMT: \u018ffqan\u0131standa son d\u00f6rd ild\u0259 u\u015faqlara qar\u015f\u0131 14 min zorak\u0131l\u0131q fakt\u0131 qeyd\u0259 al\u0131n\u0131b","datePublished":"2019-10-04T12:52:48+00:00","mainEntityOfPage":{"@id":"https:\/\/www.meydan.tv\/az\/article\/bmt-efqanistanda-son-dord-ilde-usaqlara-qarsi-14-min-zorakiliq-fakti-qeyde-alinib\/"},"wordCount":482,"publisher":{"@id":"https:\/\/www.meydan.tv\/az\/#organization"},"image":{"@id":"https:\/\/www.meydan.tv\/az\/article\/bmt-efqanistanda-son-dord-ilde-usaqlara-qarsi-14-min-zorakiliq-fakti-qeyde-alinib\/#primaryimage"},"thumbnailUrl":"https:\/\/www.meydan.tv\/wp-content\/uploads\/18513.jpg","articleSection":["D\u00fcnya"],"inLanguage":"az"},{"@type":"WebPage","@id":"https:\/\/www.meydan.tv\/az\/article\/bmt-efqanistanda-son-dord-ilde-usaqlara-qarsi-14-min-zorakiliq-fakti-qeyde-alinib\/","url":"https:\/\/www.meydan.tv\/az\/article\/bmt-efqanistanda-son-dord-ilde-usaqlara-qarsi-14-min-zorakiliq-fakti-qeyde-alinib\/","name":"BMT: \u018ffqan\u0131standa son d\u00f6rd ild\u0259 u\u015faqlara qar\u015f\u0131 14 min zorak\u0131l\u0131q fakt\u0131 qeyd\u0259 al\u0131n\u0131b - MEYDAN.TV","isPartOf":{"@id":"https:\/\/www.meydan.tv\/az\/#website"},"primaryImageOfPage":{"@id":"https:\/\/www.meydan.tv\/az\/article\/bmt-efqanistanda-son-dord-ilde-usaqlara-qarsi-14-min-zorakiliq-fakti-qeyde-alinib\/#primaryimage"},"image":{"@id":"https:\/\/www.meydan.tv\/az\/article\/bmt-efqanistanda-son-dord-ilde-usaqlara-qarsi-14-min-zorakiliq-fakti-qeyde-alinib\/#primaryimage"},"thumbnailUrl":"https:\/\/www.meydan.tv\/wp-content\/uploads\/18513.jpg","datePublished":"2019-10-04T12:52:48+00:00","breadcrumb":{"@id":"https:\/\/www.meydan.tv\/az\/article\/bmt-efqanistanda-son-dord-ilde-usaqlara-qarsi-14-min-zorakiliq-fakti-qeyde-alinib\/#breadcrumb"},"inLanguage":"az","potentialAction":[{"@type":"ReadAction","target":["https:\/\/www.meydan.tv\/az\/article\/bmt-efqanistanda-son-dord-ilde-usaqlara-qarsi-14-min-zorakiliq-fakti-qeyde-alinib\/"]}]},{"@type":"ImageObject","inLanguage":"az","@id":"https:\/\/www.meydan.tv\/az\/article\/bmt-efqanistanda-son-dord-ilde-usaqlara-qarsi-14-min-zorakiliq-fakti-qeyde-alinib\/#primaryimage","url":"https:\/\/www.meydan.tv\/wp-content\/uploads\/18513.jpg","contentUrl":"https:\/\/www.meydan.tv\/wp-content\/uploads\/18513.jpg","width":700,"height":467,"caption":"Source: BMT"},{"@type":"BreadcrumbList","@id":"https:\/\/www.meydan.tv\/az\/article\/bmt-efqanistanda-son-dord-ilde-usaqlara-qarsi-14-min-zorakiliq-fakti-qeyde-alinib\/#breadcrumb","itemListElement":[{"@type":"ListItem","position":1,"name":"Ana s\u0259hif\u0259","item":"https:\/\/www.meydan.tv\/az\/"},{"@type":"ListItem","position":2,"name":"D\u00fcnya","item":"https:\/\/www.meydan.tv\/az\/section\/dunya\/"},{"@type":"ListItem","position":3,"name":"BMT: \u018ffqan\u0131standa son d\u00f6rd ild\u0259 u\u015faqlara qar\u015f\u0131 14 min zorak\u0131l\u0131q fakt\u0131 qeyd\u0259 al\u0131n\u0131b"}]},{"@type":"WebSite","@id":"https:\/\/www.meydan.tv\/az\/#website","url":"https:\/\/www.meydan.tv\/az\/","name":"MEYDAN.TV","description":"Meydan TV Az\u0259rbaycan\u0131n media m\u0259kan\u0131ndak\u0131 alternativ s\u0259sidir","publisher":{"@id":"https:\/\/www.meydan.tv\/az\/#organization"},"potentialAction":[{"@type":"SearchAction","target":{"@type":"EntryPoint","urlTemplate":"https:\/\/www.meydan.tv\/az\/?s={search_term_string}"},"query-input":{"@type":"PropertyValueSpecification","valueRequired":true,"valueName":"search_term_string"}}],"inLanguage":"az"},{"@type":"Organization","@id":"https:\/\/www.meydan.tv\/az\/#organization","name":"Meydan TV","url":"https:\/\/www.meydan.tv\/az\/","logo":{"@type":"ImageObject","inLanguage":"az","@id":"https:\/\/www.meydan.tv\/az\/#\/schema\/logo\/image\/","url":"https:\/\/www.meydan.tv\/wp-content\/uploads\/2021\/07\/meydan-logo.svg","contentUrl":"https:\/\/www.meydan.tv\/wp-content\/uploads\/2021\/07\/meydan-logo.svg","width":195,"height":46,"caption":"Meydan TV"},"image":{"@id":"https:\/\/www.meydan.tv\/az\/#\/schema\/logo\/image\/"}},{"@type":"Person","@id":"https:\/\/www.meydan.tv\/az\/#\/schema\/person\/10d11eccf6da3662cf5fdab9806ea91a","name":"user-manager"}]}},"_links":{"self":[{"href":"https:\/\/www.meydan.tv\/az\/wp-json\/wp\/v2\/posts\/197293","targetHints":{"allow":["GET"]}}],"collection":[{"href":"https:\/\/www.meydan.tv\/az\/wp-json\/wp\/v2\/posts"}],"about":[{"href":"https:\/\/www.meydan.tv\/az\/wp-json\/wp\/v2\/types\/post"}],"author":[{"embeddable":true,"href":"https:\/\/www.meydan.tv\/az\/wp-json\/wp\/v2\/users\/11"}],"replies":[{"embeddable":true,"href":"https:\/\/www.meydan.tv\/az\/wp-json\/wp\/v2\/comments?post=197293"}],"version-history":[{"count":0,"href":"https:\/\/www.meydan.tv\/az\/wp-json\/wp\/v2\/posts\/197293\/revisions"}],"wp:featuredmedia":[{"embeddable":true,"href":"https:\/\/www.meydan.tv\/az\/wp-json\/wp\/v2\/media\/49253"}],"wp:attachment":[{"href":"https:\/\/www.meydan.tv\/az\/wp-json\/wp\/v2\/media?parent=197293"}],"wp:term":[{"taxonomy":"category","embeddable":true,"href":"https:\/\/www.meydan.tv\/az\/wp-json\/wp\/v2\/categories?post=197293"},{"taxonomy":"post_tag","embeddable":true,"href":"https:\/\/www.meydan.tv\/az\/wp-json\/wp\/v2\/tags?post=197293"}],"curies":[{"name":"wp","href":"https:\/\/api.w.org\/{rel}","templated":true}]}}