{"id":197291,"date":"2019-10-04T11:58:46","date_gmt":"2019-10-04T11:58:46","guid":{"rendered":"https:\/\/www.meydan.tv\/article\/qarabag-elili-agsu-rayon-icra-hakimiyyetine-gedirsen-adama-mehel-qoymurlar\/"},"modified":"2019-10-04T11:58:46","modified_gmt":"2019-10-04T11:58:46","slug":"qarabag-elili-agsu-rayon-icra-hakimiyyetine-gedirsen-adama-mehel-qoymurlar","status":"publish","type":"post","link":"https:\/\/www.meydan.tv\/az\/article\/qarabag-elili-agsu-rayon-icra-hakimiyyetine-gedirsen-adama-mehel-qoymurlar\/","title":{"rendered":"Qaraba\u011f \u0259lili: A\u011fsu Rayon \u0130cra Hakimiyy\u0259tin\u0259 gedirs\u0259n, adama m\u0259h\u0259l qoymurlar"},"content":{"rendered":"<p>\n  <i><br \/>\n    \u201cEvim ba\u015f\u0131ma u\u00e7ur, \u015fikay\u0259tim\u0259 baxan yoxdur\u201d<br \/>\n  <\/i>\n<\/p>\n<p>\n  \u201cM\u00fcharib\u0259d\u0259 can qoymu\u015fam, iki d\u0259f\u0259 yaralanm\u0131\u015fam. \u0130st\u0259diyim odur ki, Qaraba\u011f qazisi olaraq m\u0259n\u0259 azac\u0131q da olsa qiym\u0259t verilsin. Evim ba\u015f\u0131ma u\u00e7ur, \u015fikay\u0259t etm\u0259diyim yer qalmay\u0131b, amma ev problemim\u0259 baxan yoxdur\u201d.\n<\/p>\n<p>\n  A\u011fsu rayonu, Bab\u0259k k\u00fc\u00e7\u0259si 7 \u00fcnvan\u0131nda ya\u015fayan El\u015f\u0259n Abdulla o\u011flu Na\u011f\u0131yev Meydan TV-y\u0259 bel\u0259 deyir.\n<\/p>\n<p>\n  1991-ci ild\u0259 h\u0259qiqi h\u0259rbi xidm\u0259t\u0259 yollanan El\u015f\u0259n Na\u011f\u0131yev bir il sonra d\u00f6y\u00fc\u015f b\u00f6lg\u0259l\u0259rind\u0259 olub, iki d\u0259f\u0259 yaralan\u0131b:\n<\/p>\n<p>\n  \u201c1992-ci ild\u0259 m\u00fcharib\u0259y\u0259 getmi\u015f\u0259m. \u0130ki d\u0259f\u0259 yaralanm\u0131\u015fam, q\u0259lp\u0259 v\u0259 g\u00fcll\u0259 yaras\u0131 alm\u0131\u015fam. Birinci d\u0259f\u0259 T\u0259rt\u0259rd\u0259 q\u0259lp\u0259d\u0259n yaraland\u0131m, x\u0259st\u0259xanada yatd\u0131m, sa\u011falandan sonra yenid\u0259n d\u00f6y\u00fc\u015f b\u00f6lg\u0259sin\u0259 getdim. \u0130kinci d\u0259f\u0259 A\u011fdam\u0131n S\u0131rxav\u0259nd k\u0259ndind\u0259 yaraland\u0131m. G\u00fcll\u0259 aya\u011f\u0131mda qalm\u0131\u015fd\u0131, bizi \u0259sir g\u00f6t\u00fcr\u0259c\u0259kdil\u0259r. Aya\u011f\u0131m\u0131 rezinl\u0259 s\u0131xd\u0131m, h\u0259min v\u0259ziyy\u0259td\u0259 erm\u0259nil\u0259rl\u0259 at\u0131\u015fa-at\u0131\u015fa d\u00f6y\u00fc\u015f b\u00f6lg\u0259sind\u0259n \u00e7\u0131xd\u0131m. 1992-ci ild\u0259 t\u0259xmin\u0259n be\u015f y\u00fcz, min n\u0259f\u0259r adam m\u00fcharib\u0259y\u0259 getmi\u015fdik. Orada iki-\u00fc\u00e7 n\u0259f\u0259r sa\u011f qalanlardan da biri m\u0259n\u0259m\u201d.\n<\/p>\n<p>\n  El\u015f\u0259n Na\u011f\u0131yev deyir ki, m\u00fcharib\u0259 olarsa, yen\u0259 d\u00f6y\u00fc\u015f\u0259 getm\u0259y\u0259 haz\u0131rd\u0131r:\n<\/p>\n<p>\n  \u201cM\u0259n yen\u0259 d\u0259 gedib, \u00f6z borcumu yerin\u0259 yetir\u0259c\u0259y\u0259m. V\u0259t\u0259n u\u011frunda yeri g\u0259ls\u0259, can\u0131m\u0131 da ver\u0259c\u0259y\u0259m. Amma d\u00f6vl\u0259t d\u0259 g\u0259r\u0259k m\u0259nim qay\u011f\u0131ma qals\u0131n. Q\u0131rx be\u015f ilin evidir, ba\u015f\u0131m\u0131za u\u00e7ur. A\u011fsu Rayon \u0130cra Hakimiyy\u0259tin\u0259 gedirs\u0259n, adama m\u0259h\u0259l qoymurlar. Prezident\u0259 v\u0259 Birinci vitse-prezident\u0259 m\u0259ktub yazd\u0131m, yollad\u0131lar icraya. M\u0259ktubuma cavab g\u0259ldi ki, siz qeydiyyata al\u0131nm\u0131s\u0131n\u0131z, amma tikinti i\u015fl\u0259rin\u0259 ba\u015flam\u0131rlar. M\u0259niml\u0259 eyni vaxtda m\u00fcraci\u0259t ed\u0259n adamlar\u0131n evi t\u0259mir olunub. N\u0259d\u0259ns\u0259 m\u0259nim evim\u0259 bax\u0131lm\u0131r\u201d.\n<\/p>\n<figure class=\"wp-block-image size-large\">\n  <img decoding=\"async\" src=\"https:\/\/www.meydan.tv\/az\/image_from_ios-9-jpg-18\/\" alt=\"image_from_ios (9).jpg\" class=\"wp-image-130663\"\/><figcaption>\n    &#8220;M\u0259niml\u0259 eyni vaxtda m\u00fcraci\u0259t ed\u0259n adamlar\u0131n evi t\u0259mir olunub&#8221;<br \/>\n  <\/figcaption><\/figure>\n<p>\n  \u015eikay\u0259t\u00e7i narahatd\u0131r, deyir ki, qorxuram, v\u0259d verils\u0259 d\u0259, evim t\u0259mir olunmas\u0131n:\n<\/p>\n<p>\n  \u201c\u0130cra hakimiyy\u0259tind\u0259n d\u00f6rd be\u015f d\u0259f\u0259 g\u0259lib bax\u0131blar, sonra da t\u0259mir yaz\u0131blar. \u0130cra Hakimiyy\u0259ti ba\u015f\u00e7\u0131s\u0131n\u0131n m\u00fcavini \u0130qbal Mikay\u0131lov qon\u015fumdur. \u018flli d\u0259f\u0259 icra hakimiyy\u0259tin\u0259 getmi\u015f\u0259m, m\u0259ni g\u00f6r\u00fcb, he\u00e7 maraqlanmay\u0131b ki, bura niy\u0259 g\u0259lmis\u0259n. Az qala, h\u0259r g\u00fcn ora gedir\u0259m, h\u0259r d\u0259f\u0259 deyirl\u0259r: \u201cg\u00f6zl\u0259\u201d. Fevraldan m\u00fcraci\u0259t etmi\u015f\u0259m, daha n\u0259 q\u0259d\u0259r g\u00f6zl\u0259yim? Q\u0131\u015f yax\u0131nla\u015f\u0131r, t\u0259mir\u0259 ba\u015flasalar, harda ya\u015fayaca\u011f\u0131q? Demir\u0259m ki, g\u0259l, m\u0259nim evimi s\u00f6k, yerind\u0259 malikan\u0259 tik. \u0130st\u0259yir\u0259m ki, ev\u0259 bax\u0131b, n\u0259 laz\u0131md\u0131rsa, h\u0259min k\u00f6m\u0259kliyi etsinl\u0259r. A\u011fsunun bir ne\u00e7\u0259 k\u0259ndini g\u0259zin, evl\u0259r\u0259 bax\u0131n, ham\u0131ya ev tikirl\u0259r. M\u0259n m\u00fcharib\u0259d\u0259 can\u0131m\u0131 qoymu\u015fam, amma evim\u0259, ya\u015fay\u0131\u015f\u0131ma baxan yoxdur. Anam ya\u015fl\u0131, x\u0259st\u0259 adamd\u0131r. Yoxsa, ail\u0259mi d\u0259 g\u00f6t\u00fcr\u00fcb Az\u0259rbaycandan \u00e7\u0131x\u0131b ged\u0259r\u0259m. Bilmirs\u0259n ki, d\u0259rdini kim\u0259 dey\u0259s\u0259n. Anam 190, m\u0259n 80 manat pensiya al\u0131ram, birt\u0259h\u0259t dolan\u0131r\u0131q. \u00d6vlad\u0131m\u0131 kreditl\u0259 g\u0259lin k\u00f6\u00e7\u00fcrd\u00fcm. O\u011flumun ya\u015f\u0131 \u00e7at\u0131b, bir-iki aya \u0259sg\u0259r ged\u0259c\u0259k. Evl\u0259n\u0259nd\u0259 nec\u0259 ya\u015fayaca\u011f\u0131 he\u00e7 kimi maraqland\u0131rm\u0131r\u201d.\n<\/p>\n<p>\n  A\u011fsu Rayon \u0130cra Hakimiyy\u0259tinin \u0130nformasiya t\u0259minat\u0131 v\u0259 t\u0259hlil sektorunun m\u00fcdiri Cavan\u015fir N\u0259sibov Meydan TV-y\u0259 bildirib ki, bu ilin fevral\u0131ndan ba\u015flanan t\u0259mir-tikinti prosesi n\u00f6vb\u0259lilik prinsipi il\u0259 apar\u0131l\u0131r:\n<\/p>\n<figure class=\"wp-block-image size-large\">\n  <img decoding=\"async\" src=\"https:\/\/www.meydan.tv\/az\/image_from_ios-8-jpg-20\/\" alt=\"image_from_ios (8).jpg\" class=\"wp-image-130660\"\/><figcaption>\n    1991-ci ild\u0259 h\u0259qiqi h\u0259rbi xidm\u0259t\u0259 yollanan El\u015f\u0259n Na\u011f\u0131yev bir il sonra d\u00f6y\u00fc\u015f b\u00f6lg\u0259l\u0259rind\u0259 olub, iki d\u0259f\u0259 yaralan\u0131b<br \/>\n  <\/figcaption><\/figure>\n<p>\n  \u201cF\u00f6vq\u0259lad\u0259 Hallar Nazirliyinin n\u00fcmay\u0259nd\u0259l\u0259ri aylard\u0131r buradad\u0131r. Onlar evl\u0259r\u0259 bax\u0131b r\u0259y verirl\u0259r. \u00d6nc\u0259 bax\u0131\u015f ke\u00e7irilir, q\u0259zal\u0131 evl\u0259r siyah\u0131ya al\u0131n\u0131r, sonra toplanan m\u0259lumatlar nazirliy\u0259 g\u00f6nd\u0259rilir. Minl\u0259rl\u0259rl\u0259 m\u00fcraci\u0259t var, proses n\u00f6vb\u0259li \u015f\u0259kild\u0259 apar\u0131l\u0131r. H\u0259min adam ola bilsin, n\u00f6vb\u0259d\u0259 be\u015f y\u00fcz\u00fcnc\u00fc olsun. Haz\u0131rda A\u011fsuda d\u00f6rd y\u00fcz\u0259 yax\u0131n evd\u0259 t\u0259mir-tikinti i\u015fl\u0259ri apar\u0131l\u0131r.\n<\/p>\n<p>\n  V\u0259t\u0259nda\u015f evinin tikinti n\u00f6vb\u0259sinin n\u0259 zaman olaca\u011f\u0131n\u0131 \u0130cra Hakimiyy\u0259tinin Memarl\u0131q v\u0259 tikinti \u015f\u00f6b\u0259sin\u0259 yax\u0131nla\u015f\u0131b, \u00f6yr\u0259n\u0259 bil\u0259r.\n<\/p>\n<p>\n  Ham\u0131 ist\u0259yir ki, s\u0259s-k\u00fcy sal\u0131b 40-50 min manatl\u0131q ev tikdirsin. Bak\u0131da evi olan da g\u0259lib, burada a\u011flay\u0131r ki, k\u00fc\u00e7\u0259d\u0259 qalm\u0131\u015fam. He\u00e7 bir \u015f\u0259raiti olmayan da g\u0259lib, a\u011flay\u0131r ki, ya\u011f\u0131\u015f \u00fcst\u00fcm\u0259 ya\u011f\u0131r. Anlam\u0131rlar ki, icra hakimiyy\u0259ti ev tik\u0259n qurum deyil\u201d.\n<\/p>\n<figure class=\"wp-block-image size-large\">\n  <img decoding=\"async\" src=\"https:\/\/www.meydan.tv\/az\/image_from_ios-11-jpg-12\/\" alt=\"image_from_ios (11).jpg\" class=\"wp-image-130669\"\/><figcaption>\n    &#8220;\u0130st\u0259diyim odur ki, Qaraba\u011f qazisi olaraq m\u0259n\u0259 azac\u0131q da olsa qiym\u0259t verilsin&#8221;<br \/>\n  <\/figcaption><\/figure>\n","protected":false},"excerpt":{"rendered":"<p>\u0130st\u0259diyim odur ki, Qaraba\u011f qazisi olaraq m\u0259n\u0259 azac\u0131q da olsa qiym\u0259t verilsin.<\/p>\n","protected":false},"author":11,"featured_media":130666,"comment_status":"closed","ping_status":"open","sticky":false,"template":"","format":"standard","meta":{"_acf_changed":false,"_sitemap_exclude":false,"_sitemap_priority":"","_sitemap_frequency":"","footnotes":""},"categories":[60],"tags":[],"class_list":["post-197291","post","type-post","status-publish","format-standard","has-post-thumbnail","hentry","category-bolge","infinite-scroll-item","generate-columns","tablet-grid-50","mobile-grid-100","grid-parent","grid-33","no-featured-image-padding"],"acf":[],"yoast_head":"<!-- This site is optimized with the Yoast SEO plugin v27.5 - https:\/\/yoast.com\/product\/yoast-seo-wordpress\/ -->\n<title>Qaraba\u011f \u0259lili: A\u011fsu Rayon \u0130cra Hakimiyy\u0259tin\u0259 gedirs\u0259n, adama m\u0259h\u0259l qoymurlar - MEYDAN.TV<\/title>\n<meta name=\"robots\" content=\"index, follow, max-snippet:-1, max-image-preview:large, max-video-preview:-1\" \/>\n<link rel=\"canonical\" href=\"https:\/\/www.meydan.tv\/az\/article\/qarabag-elili-agsu-rayon-icra-hakimiyyetine-gedirsen-adama-mehel-qoymurlar\/\" \/>\n<meta property=\"og:locale\" content=\"az_AZ\" \/>\n<meta property=\"og:type\" content=\"article\" \/>\n<meta property=\"og:title\" content=\"Qaraba\u011f \u0259lili: A\u011fsu Rayon \u0130cra Hakimiyy\u0259tin\u0259 gedirs\u0259n, adama m\u0259h\u0259l qoymurlar - MEYDAN.TV\" \/>\n<meta property=\"og:description\" content=\"\u0130st\u0259diyim odur ki, Qaraba\u011f qazisi olaraq m\u0259n\u0259 azac\u0131q da olsa qiym\u0259t verilsin.\" \/>\n<meta property=\"og:url\" content=\"https:\/\/www.meydan.tv\/az\/article\/qarabag-elili-agsu-rayon-icra-hakimiyyetine-gedirsen-adama-mehel-qoymurlar\/\" \/>\n<meta property=\"og:site_name\" content=\"MEYDAN.TV\" \/>\n<meta property=\"article:published_time\" content=\"2019-10-04T11:58:46+00:00\" \/>\n<meta property=\"og:image\" content=\"https:\/\/www.meydan.tv\/wp-content\/uploads\/image_from_ios_10_pq1mcpu.jpg\" \/>\n\t<meta property=\"og:image:width\" content=\"960\" \/>\n\t<meta property=\"og:image:height\" content=\"720\" \/>\n\t<meta property=\"og:image:type\" content=\"image\/jpeg\" \/>\n<meta name=\"author\" content=\"user-manager\" \/>\n<meta name=\"twitter:card\" content=\"summary_large_image\" \/>\n<script type=\"application\/ld+json\" class=\"yoast-schema-graph\">{\"@context\":\"https:\\\/\\\/schema.org\",\"@graph\":[{\"@type\":\"Article\",\"@id\":\"https:\\\/\\\/www.meydan.tv\\\/az\\\/article\\\/qarabag-elili-agsu-rayon-icra-hakimiyyetine-gedirsen-adama-mehel-qoymurlar\\\/#article\",\"isPartOf\":{\"@id\":\"https:\\\/\\\/www.meydan.tv\\\/az\\\/article\\\/qarabag-elili-agsu-rayon-icra-hakimiyyetine-gedirsen-adama-mehel-qoymurlar\\\/\"},\"author\":{\"name\":\"user-manager\",\"@id\":\"https:\\\/\\\/www.meydan.tv\\\/az\\\/#\\\/schema\\\/person\\\/10d11eccf6da3662cf5fdab9806ea91a\"},\"headline\":\"Qaraba\u011f \u0259lili: A\u011fsu Rayon \u0130cra Hakimiyy\u0259tin\u0259 gedirs\u0259n, adama m\u0259h\u0259l qoymurlar\",\"datePublished\":\"2019-10-04T11:58:46+00:00\",\"mainEntityOfPage\":{\"@id\":\"https:\\\/\\\/www.meydan.tv\\\/az\\\/article\\\/qarabag-elili-agsu-rayon-icra-hakimiyyetine-gedirsen-adama-mehel-qoymurlar\\\/\"},\"wordCount\":915,\"publisher\":{\"@id\":\"https:\\\/\\\/www.meydan.tv\\\/az\\\/#organization\"},\"image\":{\"@id\":\"https:\\\/\\\/www.meydan.tv\\\/az\\\/article\\\/qarabag-elili-agsu-rayon-icra-hakimiyyetine-gedirsen-adama-mehel-qoymurlar\\\/#primaryimage\"},\"thumbnailUrl\":\"https:\\\/\\\/www.meydan.tv\\\/wp-content\\\/uploads\\\/image_from_ios_10_pq1mcpu.jpg\",\"articleSection\":[\"B\u00f6lg\u0259\"],\"inLanguage\":\"az\"},{\"@type\":\"WebPage\",\"@id\":\"https:\\\/\\\/www.meydan.tv\\\/az\\\/article\\\/qarabag-elili-agsu-rayon-icra-hakimiyyetine-gedirsen-adama-mehel-qoymurlar\\\/\",\"url\":\"https:\\\/\\\/www.meydan.tv\\\/az\\\/article\\\/qarabag-elili-agsu-rayon-icra-hakimiyyetine-gedirsen-adama-mehel-qoymurlar\\\/\",\"name\":\"Qaraba\u011f \u0259lili: A\u011fsu Rayon \u0130cra Hakimiyy\u0259tin\u0259 gedirs\u0259n, adama m\u0259h\u0259l qoymurlar - MEYDAN.TV\",\"isPartOf\":{\"@id\":\"https:\\\/\\\/www.meydan.tv\\\/az\\\/#website\"},\"primaryImageOfPage\":{\"@id\":\"https:\\\/\\\/www.meydan.tv\\\/az\\\/article\\\/qarabag-elili-agsu-rayon-icra-hakimiyyetine-gedirsen-adama-mehel-qoymurlar\\\/#primaryimage\"},\"image\":{\"@id\":\"https:\\\/\\\/www.meydan.tv\\\/az\\\/article\\\/qarabag-elili-agsu-rayon-icra-hakimiyyetine-gedirsen-adama-mehel-qoymurlar\\\/#primaryimage\"},\"thumbnailUrl\":\"https:\\\/\\\/www.meydan.tv\\\/wp-content\\\/uploads\\\/image_from_ios_10_pq1mcpu.jpg\",\"datePublished\":\"2019-10-04T11:58:46+00:00\",\"breadcrumb\":{\"@id\":\"https:\\\/\\\/www.meydan.tv\\\/az\\\/article\\\/qarabag-elili-agsu-rayon-icra-hakimiyyetine-gedirsen-adama-mehel-qoymurlar\\\/#breadcrumb\"},\"inLanguage\":\"az\",\"potentialAction\":[{\"@type\":\"ReadAction\",\"target\":[\"https:\\\/\\\/www.meydan.tv\\\/az\\\/article\\\/qarabag-elili-agsu-rayon-icra-hakimiyyetine-gedirsen-adama-mehel-qoymurlar\\\/\"]}]},{\"@type\":\"ImageObject\",\"inLanguage\":\"az\",\"@id\":\"https:\\\/\\\/www.meydan.tv\\\/az\\\/article\\\/qarabag-elili-agsu-rayon-icra-hakimiyyetine-gedirsen-adama-mehel-qoymurlar\\\/#primaryimage\",\"url\":\"https:\\\/\\\/www.meydan.tv\\\/wp-content\\\/uploads\\\/image_from_ios_10_pq1mcpu.jpg\",\"contentUrl\":\"https:\\\/\\\/www.meydan.tv\\\/wp-content\\\/uploads\\\/image_from_ios_10_pq1mcpu.jpg\",\"width\":960,\"height\":720,\"caption\":\"Source: Specify Source\"},{\"@type\":\"BreadcrumbList\",\"@id\":\"https:\\\/\\\/www.meydan.tv\\\/az\\\/article\\\/qarabag-elili-agsu-rayon-icra-hakimiyyetine-gedirsen-adama-mehel-qoymurlar\\\/#breadcrumb\",\"itemListElement\":[{\"@type\":\"ListItem\",\"position\":1,\"name\":\"Ana s\u0259hif\u0259\",\"item\":\"https:\\\/\\\/www.meydan.tv\\\/az\\\/\"},{\"@type\":\"ListItem\",\"position\":2,\"name\":\"B\u00f6lg\u0259\",\"item\":\"https:\\\/\\\/www.meydan.tv\\\/az\\\/section\\\/bolge\\\/\"},{\"@type\":\"ListItem\",\"position\":3,\"name\":\"Qaraba\u011f \u0259lili: A\u011fsu Rayon \u0130cra Hakimiyy\u0259tin\u0259 gedirs\u0259n, adama m\u0259h\u0259l qoymurlar\"}]},{\"@type\":\"WebSite\",\"@id\":\"https:\\\/\\\/www.meydan.tv\\\/az\\\/#website\",\"url\":\"https:\\\/\\\/www.meydan.tv\\\/az\\\/\",\"name\":\"MEYDAN.TV\",\"description\":\"Meydan TV Az\u0259rbaycan\u0131n media m\u0259kan\u0131ndak\u0131 alternativ s\u0259sidir\",\"publisher\":{\"@id\":\"https:\\\/\\\/www.meydan.tv\\\/az\\\/#organization\"},\"potentialAction\":[{\"@type\":\"SearchAction\",\"target\":{\"@type\":\"EntryPoint\",\"urlTemplate\":\"https:\\\/\\\/www.meydan.tv\\\/az\\\/?s={search_term_string}\"},\"query-input\":{\"@type\":\"PropertyValueSpecification\",\"valueRequired\":true,\"valueName\":\"search_term_string\"}}],\"inLanguage\":\"az\"},{\"@type\":\"Organization\",\"@id\":\"https:\\\/\\\/www.meydan.tv\\\/az\\\/#organization\",\"name\":\"Meydan TV\",\"url\":\"https:\\\/\\\/www.meydan.tv\\\/az\\\/\",\"logo\":{\"@type\":\"ImageObject\",\"inLanguage\":\"az\",\"@id\":\"https:\\\/\\\/www.meydan.tv\\\/az\\\/#\\\/schema\\\/logo\\\/image\\\/\",\"url\":\"https:\\\/\\\/www.meydan.tv\\\/wp-content\\\/uploads\\\/2021\\\/07\\\/meydan-logo.svg\",\"contentUrl\":\"https:\\\/\\\/www.meydan.tv\\\/wp-content\\\/uploads\\\/2021\\\/07\\\/meydan-logo.svg\",\"width\":195,\"height\":46,\"caption\":\"Meydan TV\"},\"image\":{\"@id\":\"https:\\\/\\\/www.meydan.tv\\\/az\\\/#\\\/schema\\\/logo\\\/image\\\/\"}},{\"@type\":\"Person\",\"@id\":\"https:\\\/\\\/www.meydan.tv\\\/az\\\/#\\\/schema\\\/person\\\/10d11eccf6da3662cf5fdab9806ea91a\",\"name\":\"user-manager\"}]}<\/script>\n<!-- \/ Yoast SEO plugin. -->","yoast_head_json":{"title":"Qaraba\u011f \u0259lili: A\u011fsu Rayon \u0130cra Hakimiyy\u0259tin\u0259 gedirs\u0259n, adama m\u0259h\u0259l qoymurlar - MEYDAN.TV","robots":{"index":"index","follow":"follow","max-snippet":"max-snippet:-1","max-image-preview":"max-image-preview:large","max-video-preview":"max-video-preview:-1"},"canonical":"https:\/\/www.meydan.tv\/az\/article\/qarabag-elili-agsu-rayon-icra-hakimiyyetine-gedirsen-adama-mehel-qoymurlar\/","og_locale":"az_AZ","og_type":"article","og_title":"Qaraba\u011f \u0259lili: A\u011fsu Rayon \u0130cra Hakimiyy\u0259tin\u0259 gedirs\u0259n, adama m\u0259h\u0259l qoymurlar - MEYDAN.TV","og_description":"\u0130st\u0259diyim odur ki, Qaraba\u011f qazisi olaraq m\u0259n\u0259 azac\u0131q da olsa qiym\u0259t verilsin.","og_url":"https:\/\/www.meydan.tv\/az\/article\/qarabag-elili-agsu-rayon-icra-hakimiyyetine-gedirsen-adama-mehel-qoymurlar\/","og_site_name":"MEYDAN.TV","article_published_time":"2019-10-04T11:58:46+00:00","og_image":[{"width":960,"height":720,"url":"https:\/\/www.meydan.tv\/wp-content\/uploads\/image_from_ios_10_pq1mcpu.jpg","type":"image\/jpeg"}],"author":"user-manager","twitter_card":"summary_large_image","schema":{"@context":"https:\/\/schema.org","@graph":[{"@type":"Article","@id":"https:\/\/www.meydan.tv\/az\/article\/qarabag-elili-agsu-rayon-icra-hakimiyyetine-gedirsen-adama-mehel-qoymurlar\/#article","isPartOf":{"@id":"https:\/\/www.meydan.tv\/az\/article\/qarabag-elili-agsu-rayon-icra-hakimiyyetine-gedirsen-adama-mehel-qoymurlar\/"},"author":{"name":"user-manager","@id":"https:\/\/www.meydan.tv\/az\/#\/schema\/person\/10d11eccf6da3662cf5fdab9806ea91a"},"headline":"Qaraba\u011f \u0259lili: A\u011fsu Rayon \u0130cra Hakimiyy\u0259tin\u0259 gedirs\u0259n, adama m\u0259h\u0259l qoymurlar","datePublished":"2019-10-04T11:58:46+00:00","mainEntityOfPage":{"@id":"https:\/\/www.meydan.tv\/az\/article\/qarabag-elili-agsu-rayon-icra-hakimiyyetine-gedirsen-adama-mehel-qoymurlar\/"},"wordCount":915,"publisher":{"@id":"https:\/\/www.meydan.tv\/az\/#organization"},"image":{"@id":"https:\/\/www.meydan.tv\/az\/article\/qarabag-elili-agsu-rayon-icra-hakimiyyetine-gedirsen-adama-mehel-qoymurlar\/#primaryimage"},"thumbnailUrl":"https:\/\/www.meydan.tv\/wp-content\/uploads\/image_from_ios_10_pq1mcpu.jpg","articleSection":["B\u00f6lg\u0259"],"inLanguage":"az"},{"@type":"WebPage","@id":"https:\/\/www.meydan.tv\/az\/article\/qarabag-elili-agsu-rayon-icra-hakimiyyetine-gedirsen-adama-mehel-qoymurlar\/","url":"https:\/\/www.meydan.tv\/az\/article\/qarabag-elili-agsu-rayon-icra-hakimiyyetine-gedirsen-adama-mehel-qoymurlar\/","name":"Qaraba\u011f \u0259lili: A\u011fsu Rayon \u0130cra Hakimiyy\u0259tin\u0259 gedirs\u0259n, adama m\u0259h\u0259l qoymurlar - MEYDAN.TV","isPartOf":{"@id":"https:\/\/www.meydan.tv\/az\/#website"},"primaryImageOfPage":{"@id":"https:\/\/www.meydan.tv\/az\/article\/qarabag-elili-agsu-rayon-icra-hakimiyyetine-gedirsen-adama-mehel-qoymurlar\/#primaryimage"},"image":{"@id":"https:\/\/www.meydan.tv\/az\/article\/qarabag-elili-agsu-rayon-icra-hakimiyyetine-gedirsen-adama-mehel-qoymurlar\/#primaryimage"},"thumbnailUrl":"https:\/\/www.meydan.tv\/wp-content\/uploads\/image_from_ios_10_pq1mcpu.jpg","datePublished":"2019-10-04T11:58:46+00:00","breadcrumb":{"@id":"https:\/\/www.meydan.tv\/az\/article\/qarabag-elili-agsu-rayon-icra-hakimiyyetine-gedirsen-adama-mehel-qoymurlar\/#breadcrumb"},"inLanguage":"az","potentialAction":[{"@type":"ReadAction","target":["https:\/\/www.meydan.tv\/az\/article\/qarabag-elili-agsu-rayon-icra-hakimiyyetine-gedirsen-adama-mehel-qoymurlar\/"]}]},{"@type":"ImageObject","inLanguage":"az","@id":"https:\/\/www.meydan.tv\/az\/article\/qarabag-elili-agsu-rayon-icra-hakimiyyetine-gedirsen-adama-mehel-qoymurlar\/#primaryimage","url":"https:\/\/www.meydan.tv\/wp-content\/uploads\/image_from_ios_10_pq1mcpu.jpg","contentUrl":"https:\/\/www.meydan.tv\/wp-content\/uploads\/image_from_ios_10_pq1mcpu.jpg","width":960,"height":720,"caption":"Source: Specify Source"},{"@type":"BreadcrumbList","@id":"https:\/\/www.meydan.tv\/az\/article\/qarabag-elili-agsu-rayon-icra-hakimiyyetine-gedirsen-adama-mehel-qoymurlar\/#breadcrumb","itemListElement":[{"@type":"ListItem","position":1,"name":"Ana s\u0259hif\u0259","item":"https:\/\/www.meydan.tv\/az\/"},{"@type":"ListItem","position":2,"name":"B\u00f6lg\u0259","item":"https:\/\/www.meydan.tv\/az\/section\/bolge\/"},{"@type":"ListItem","position":3,"name":"Qaraba\u011f \u0259lili: A\u011fsu Rayon \u0130cra Hakimiyy\u0259tin\u0259 gedirs\u0259n, adama m\u0259h\u0259l qoymurlar"}]},{"@type":"WebSite","@id":"https:\/\/www.meydan.tv\/az\/#website","url":"https:\/\/www.meydan.tv\/az\/","name":"MEYDAN.TV","description":"Meydan TV Az\u0259rbaycan\u0131n media m\u0259kan\u0131ndak\u0131 alternativ s\u0259sidir","publisher":{"@id":"https:\/\/www.meydan.tv\/az\/#organization"},"potentialAction":[{"@type":"SearchAction","target":{"@type":"EntryPoint","urlTemplate":"https:\/\/www.meydan.tv\/az\/?s={search_term_string}"},"query-input":{"@type":"PropertyValueSpecification","valueRequired":true,"valueName":"search_term_string"}}],"inLanguage":"az"},{"@type":"Organization","@id":"https:\/\/www.meydan.tv\/az\/#organization","name":"Meydan TV","url":"https:\/\/www.meydan.tv\/az\/","logo":{"@type":"ImageObject","inLanguage":"az","@id":"https:\/\/www.meydan.tv\/az\/#\/schema\/logo\/image\/","url":"https:\/\/www.meydan.tv\/wp-content\/uploads\/2021\/07\/meydan-logo.svg","contentUrl":"https:\/\/www.meydan.tv\/wp-content\/uploads\/2021\/07\/meydan-logo.svg","width":195,"height":46,"caption":"Meydan TV"},"image":{"@id":"https:\/\/www.meydan.tv\/az\/#\/schema\/logo\/image\/"}},{"@type":"Person","@id":"https:\/\/www.meydan.tv\/az\/#\/schema\/person\/10d11eccf6da3662cf5fdab9806ea91a","name":"user-manager"}]}},"_links":{"self":[{"href":"https:\/\/www.meydan.tv\/az\/wp-json\/wp\/v2\/posts\/197291","targetHints":{"allow":["GET"]}}],"collection":[{"href":"https:\/\/www.meydan.tv\/az\/wp-json\/wp\/v2\/posts"}],"about":[{"href":"https:\/\/www.meydan.tv\/az\/wp-json\/wp\/v2\/types\/post"}],"author":[{"embeddable":true,"href":"https:\/\/www.meydan.tv\/az\/wp-json\/wp\/v2\/users\/11"}],"replies":[{"embeddable":true,"href":"https:\/\/www.meydan.tv\/az\/wp-json\/wp\/v2\/comments?post=197291"}],"version-history":[{"count":0,"href":"https:\/\/www.meydan.tv\/az\/wp-json\/wp\/v2\/posts\/197291\/revisions"}],"wp:featuredmedia":[{"embeddable":true,"href":"https:\/\/www.meydan.tv\/az\/wp-json\/wp\/v2\/media\/130666"}],"wp:attachment":[{"href":"https:\/\/www.meydan.tv\/az\/wp-json\/wp\/v2\/media?parent=197291"}],"wp:term":[{"taxonomy":"category","embeddable":true,"href":"https:\/\/www.meydan.tv\/az\/wp-json\/wp\/v2\/categories?post=197291"},{"taxonomy":"post_tag","embeddable":true,"href":"https:\/\/www.meydan.tv\/az\/wp-json\/wp\/v2\/tags?post=197291"}],"curies":[{"name":"wp","href":"https:\/\/api.w.org\/{rel}","templated":true}]}}