{"id":197283,"date":"2019-10-04T06:50:58","date_gmt":"2019-10-04T06:50:58","guid":{"rendered":"https:\/\/www.meydan.tv\/article\/digah-sakinleri-efire-cixib-yalandan-camaati-aldatmaqla-deyil\/"},"modified":"2019-10-04T06:50:58","modified_gmt":"2019-10-04T06:50:58","slug":"digah-sakinleri-efire-cixib-yalandan-camaati-aldatmaqla-deyil","status":"publish","type":"post","link":"https:\/\/www.meydan.tv\/az\/article\/digah-sakinleri-efire-cixib-yalandan-camaati-aldatmaqla-deyil\/","title":{"rendered":"Digah sakinl\u0259ri: Efir\u0259 \u00e7\u0131x\u0131b, yalandan camaat\u0131 aldatmaqla deyil"},"content":{"rendered":"<p>\n  <i><br \/>\n    Q\u0259s\u0259b\u0259 sakinl\u0259ri susuzluqdan, yolsuzluqdan cana doyduqlar\u0131n\u0131 deyir<br \/>\n  <\/i>\n<\/p>\n<p>\n  Ab\u015feron rayonu Digah q\u0259s\u0259b\u0259si, Bak\u0131xanov k\u00fc\u00e7\u0259sind\u0259 ya\u015fayan sakinl\u0259r \u015fikay\u0259t\u00e7idir.\n<\/p>\n<p>\n  Camaat art\u0131q 20 ildir ki, q\u0259s\u0259b\u0259daxili yol infrastrukturunun, h\u0259m\u00e7inin kanalizasiya v\u0259 su sisteminin olmamas\u0131ndan cana doyduqlar\u0131n\u0131 deyirl\u0259r. \u00c7\u0259tinlikl\u0259rd\u0259n zara g\u0259ldiyini s\u00f6yl\u0259y\u0259n sakinl\u0259r bununla ba\u011fl\u0131 d\u0259f\u0259l\u0259rl\u0259 Ab\u015feron Rayon \u0130cra Hakimiyy\u0259tin\u0259 m\u00fcraci\u0259t ets\u0259l\u0259r d\u0259, he\u00e7 bir n\u0259tic\u0259si olmay\u0131b:\n<\/p>\n<p>\n  \u201cYuxar\u0131 instansiyalara m\u0259ktub yaz\u0131ram, icra cavab yaz\u0131r ki, Digahdak\u0131 tikilil\u0259r qanunsuzdur. Nec\u0259 y\u0259ni qanunsuzdur? M\u0259nim bura qeydiyyat\u0131m var. Torpa\u011f\u0131m\u0131n, evimin \u00e7\u0131xar\u0131\u015f s\u0259n\u0259dl\u0259ri \u0259limd\u0259dir. Ay m\u00f6ht\u0259r\u0259ml\u0259r, camaat\u0131 uzun ill\u0259rdir aldad\u0131rs\u0131n\u0131z. He\u00e7 olmasa, el\u0259 bir yalan d\u00fc\u015f\u00fcn\u00fcn ki, inand\u0131r\u0131c\u0131 olsun. Bir g\u00fcn bu camaat \u00fcst\u00fcn\u00fcz\u0259 qalxacaq. Bax onda sizi xilas etm\u0259k m\u00fcmk\u00fcn olmayacaq\u201d, &#8211; Digah q\u0259s\u0259b\u0259 sakini \u0130lham \u018fl\u0259sg\u0259rov deyir:\n<\/p>\n<p>\n  \u201c2019-cu ilin \u0259vv\u0259lind\u0259 Meydan TV g\u0259lib burada \u00e7\u0259kili\u015f aparandan sonra \u0259l-aya\u011fa d\u00fc\u015fd\u00fcl\u0259r, g\u0259tirib yollara k\u0259rpic q\u0131r\u0131nt\u0131lar\u0131 t\u00f6kd\u00fcl\u0259r v\u0259 bununla da i\u015fl\u0259rini bitmi\u015f hesab etdil\u0259r. Camaat x\u00fcsusi m\u00fclkiyy\u0259tind\u0259 olan torpaq sah\u0259sind\u0259 ev tikm\u0259k m\u0259qs\u0259dil\u0259 Ab\u015feron Rayon \u0130cra Hakimiyy\u0259tin\u0259 m\u00fcraci\u0259t edir. Bu q\u0259s\u0259b\u0259d\u0259n bir n\u0259f\u0259r \u00e7\u0131xs\u0131n desin ki, ald\u0131\u011f\u0131m torpaqda ev tikdim v\u0259 buna g\u00f6r\u0259 \u0130cra Hakimiyy\u0259tin\u0259 pul verm\u0259dim. Ham\u0131dan r\u00fc\u015fv\u0259t al\u0131rlar. \u00c7\u0131xar\u0131\u015f\u0131 da ora verir. Lakin b\u00fct\u00fcn probleml\u0259ri b\u0259l\u0259diyy\u0259nin \u00fcst\u00fcn\u0259 at\u0131rlar ki, get h\u0259ll el\u0259. B\u0259l\u0259diyy\u0259 nec\u0259 h\u0259ll etsin? \u018flind\u0259 n\u0259yi var, ham\u0131s\u0131n qapazlay\u0131b alm\u0131s\u0131n\u0131z\u201d.\n<\/p>\n<p>\n  \u0130lham \u018fl\u0259sg\u0259rov bildirir ki, q\u0259s\u0259b\u0259d\u0259 ham\u0131 \u201c\u015fomba\u201d adland\u0131r\u0131lan, bir metr d\u0259rinliyind\u0259 qaz\u0131lan f\u0259rdi kanalizasiya quyular\u0131ndan istifad\u0259 edir. Bu da yerli sakinl\u0259rin cibin\u0259 uy\u011fun deyil:\n<\/p>\n<figure class=\"wp-block-image size-large\">\n  <img decoding=\"async\" src=\"https:\/\/www.meydan.tv\/az\/ilham-elesgerov\/\" alt=\"\u0130lham \u018fl\u0259sg\u0259rov\" class=\"wp-image-129384\"\/><figcaption>\n    \u0130lham \u018fl\u0259sg\u0259rov<br \/>\n  <\/figcaption><\/figure>\n<p>\n  \u201c\u00c7\u00fcnki on g\u00fcnd\u0259n bir qazd\u0131\u011f\u0131m\u0131z quyu dolur, kanalizasiya sular\u0131n\u0131 t\u0259mizl\u0259m\u0259k \u00fc\u00e7\u00fcn h\u0259r d\u0259f\u0259 iyirmi manat x\u0259rcl\u0259yirik. M\u0259n alt\u0131 ildir ki, burada ya\u015fay\u0131ram. Bu ill\u0259r \u0259rzind\u0259 464 ton su istifad\u0259 etmi\u015f\u0259m. M\u0259nim kimi bu \u0259razid\u0259 iyirmi min \u0259hali ya\u015fay\u0131r. Bu, el\u0259-bel\u0259 r\u0259q\u0259m deyil. \u018fvv\u0259ll\u0259r b\u00f6y\u00fck bir rayonun he\u00e7 bu q\u0259d\u0259r \u0259halisi olmazd\u0131. M\u0259n vergi \u00f6d\u0259yicisiy\u0259m. \u018fmlak vergisi d\u0259 \u00f6d\u0259yir\u0259m, torpaq vergisi d\u0259. Demi\u015f\u0259m, bu ild\u0259n vergi \u00f6d\u0259m\u0259y\u0259c\u0259y\u0259m. \u00c7\u00fcnki \u0259mlak\u0131mdan istifad\u0259 ed\u0259 bilmir\u0259m. 6 sot h\u0259y\u0259timd\u0259 a\u011faclar\u0131n ham\u0131s\u0131 qurunt sular\u0131n\u0131n \u00e7oxlu\u011fundan quruyub.\n<\/p>\n<p>\n  Bu yax\u0131nlarda icra ba\u015f\u00e7\u0131s\u0131 \u0130rad\u0259 G\u00fclm\u0259mm\u0259dovan\u0131 televizorda g\u00f6st\u0259rdil\u0259r, Digah sakinl\u0259ri il\u0259 s\u0259yyar q\u0259bul-g\u00f6r\u00fc\u015f\u00fc olub. Televiziya g\u00f6st\u0259rdi ki, ay camaat, bax\u0131n, \u0130rad\u0259 xan\u0131m gedib, Digah \u0259halisi il\u0259 g\u00f6r\u00fc\u015fd\u00fc v\u0259 probleml\u0259rini h\u0259ll el\u0259di. Orada olanlardan he\u00e7 biri bu b\u00f6y\u00fckl\u00fckd\u0259 q\u0259s\u0259b\u0259nin m\u0259kt\u0259b, ba\u011f\u00e7a, su v\u0259 kanalizasiya x\u0259tti, yolu, mar\u015frut avtobusunun olmama\u011f\u0131 bar\u0259d\u0259 dan\u0131\u015fmay\u0131b. Efir\u0259 \u00e7\u0131x\u0131b, yalandan camaat\u0131 aldatmaqla deyil. G\u0259lsinl\u0259r, buradak\u0131 \u015f\u0259raiti \u00e7\u0259ksinl\u0259r.\n<\/p>\n<p>\n  Hasarlara diqq\u0259t yetirs\u0259niz, g\u00f6r\u0259rsiniz ki, ham\u0131s\u0131nda \u00f6l\u00e7\u00fcl\u0259r yaz\u0131l\u0131b. \u00d6l\u00e7\u00fcl\u0259r o vaxt divara k\u00f6\u00e7\u00fcr\u00fcl\u00fcr ki, kanalizasiya v\u0259 su sisteminin t\u0259\u015fkil olunmas\u0131 \u00fc\u00e7\u00fcn sifari\u015f\u00e7i olur. Dem\u0259li, &quot;Sukanal&quot; Elmi-T\u0259dqiqat v\u0259 Layih\u0259 \u0130nstitutuna sifari\u015f veribl\u0259r. Layih\u0259l\u0259\u015fdirilib v\u0259 \u00f6l\u00e7\u00fcl\u0259r ora k\u00f6\u00e7\u00fcr\u00fcl\u00fcb. B\u0259s yax\u015f\u0131, bunlar n\u0259 zaman h\u0259r\u0259k\u0259t\u0259 ke\u00e7\u0259c\u0259kl\u0259r?\u201d\n<\/p>\n<p>\n  \u201cPrezident \u0130lham \u018fliyevl\u0259 Birinci vitse-prezident Mehriban \u018fliyeva efir\u0259 \u00e7\u0131x\u0131b, deyirl\u0259r ki, xalqa bel\u0259 \u015f\u0259rait yaratd\u0131q, el\u0259 \u015f\u0259rait yaratd\u0131q. Buna \u015f\u0259rait deyirsiniz? \u0130yirmi min \u0259halisi olan b\u00f6y\u00fck bir q\u0259s\u0259b\u0259nin m\u0259kt\u0259bi, poliklinikas\u0131, ba\u011f\u00e7as\u0131 yoxdur\u201d, &#8211; Faiq Bayramov Meydan TV-y\u0259 deyir:\n<\/p>\n<figure class=\"wp-block-image size-large\">\n  <img decoding=\"async\" src=\"https:\/\/www.meydan.tv\/az\/faiq-bayramov-ve-seyfeddin-heyderov\/\" alt=\"Faiq Bayramov v\u0259 Seyf\u0259ddin Heyd\u0259rov\" class=\"wp-image-129381\"\/><figcaption>\n    Faiq Bayramov v\u0259 Seyf\u0259ddin Heyd\u0259rov<br \/>\n  <\/figcaption><\/figure>\n<p>\n  \u201cKanalizasiyam\u0131z yoxdur, su \u00e7\u0259kilm\u0259yib, yollar\u0131m\u0131z b\u0259rbadd\u0131r. T\u0259s\u0259vv\u00fcr edin, poliklinika yoxdur. H\u0259r\u0259 x\u0259st\u0259si d\u00fc\u015f\u0259nd\u0259 bir t\u0259r\u0259f\u0259 apar\u0131r. M\u0259n n\u0259v\u0259l\u0259rimi Mehdiabaddak\u0131 ba\u011f\u00e7aya apar\u0131ram. Dig\u0259r n\u0259v\u0259l\u0259rim orta m\u0259kt\u0259b\u0259 \u015f\u0259h\u0259rd\u0259 gedirl\u0259r. Yaratd\u0131qlar\u0131 \u015f\u0259rait budur? Yeri g\u0259l\u0259nd\u0259, qap\u0131n\u0131 d\u00f6y\u00fcb, \u201ci\u015f\u0131qpulu verin, qaz pulu verin\u201d, &#8211; deyirl\u0259r. Avtobus dayanaca\u011f\u0131na 900 metr m\u0259saf\u0259 var. Bir azdan adamlar pal\u00e7\u0131\u011f\u0131 ayaqlaya-ayaqlaya bu m\u0259saf\u0259ni q\u0259t ed\u0259c\u0259kl\u0259r ki, u\u015faqlar\u0131n\u0131 m\u0259kt\u0259b\u0259 apars\u0131nlar. T\u0259s\u0259vv\u00fcr edin, u\u015faq m\u0259kt\u0259b\u0259 ged\u0259nd\u0259, hans\u0131 v\u0259ziyy\u0259td\u0259 olacaq. H\u0259dd\u0259n art\u0131q laz\u0131ms\u0131z yerl\u0259r\u0259 x\u0259rc qoyurlar. \u0130nsafa g\u0259lib, Digah\u0131n da yol, su, kanalizasiya probleml\u0259rin\u0259 baxsalar yax\u015f\u0131 olar\u201d.\n<\/p>\n<p>\n  Seyf\u0259ddin Heyd\u0259rovun s\u00f6zl\u0259rin\u0259 g\u00f6r\u0259, \u0130cra Hakimiyy\u0259ti t\u0259r\u0259find\u0259n onlara 2012-ci ild\u0259n kanalizasiya probleminin h\u0259ll olunaca\u011f\u0131na dair v\u0259d verilib:\n<\/p>\n<p>\n  \u201cBizim \u00fc\u00e7\u00fcn vacib olan \u0259sas kanalizasiya x\u0259ttinin \u00e7\u0259kilm\u0259sidir. Qurunt sular\u0131 q\u0131\u015fda evl\u0259rin alt\u0131na dolur. K\u00fc\u00e7\u0259l\u0259rd\u0259 h\u0259r\u0259k\u0259t etm\u0259k olmur, u\u015faqlar m\u0259kt\u0259b\u0259 ged\u0259 bilmir. Avtobus m\u0259s\u0259l\u0259sin\u0259 g\u0259linc\u0259, b\u0259l\u0259diyy\u0259 bu i\u015fi qald\u0131raca\u011f\u0131na dair s\u00f6z vermi\u015fdi. Prezident \u0130lham \u018fliyev pul ay\u0131r\u0131b ki, b\u00fct\u00fcn Bak\u0131 k\u0259ndl\u0259ri kanalizasiyas\u0131z qalmayacaq. Xahi\u015f edir\u0259m ki, aidiyyat\u0131 qurumlar onun \u0259mrini yerin\u0259 yetirsinl\u0259r. \u015e\u0259rait yarats\u0131nlar, camaat insan kimi ya\u015fas\u0131n\u201d.\n<\/p>\n<p>\n  \u201cQ\u0131\u015f olur, iki u\u015fa\u011f\u0131 m\u0259kt\u0259b\u0259 aparana q\u0259d\u0259r z\u00fclm \u00e7\u0259kir\u0259m. A\u011flay\u0131rlar ki, bu yolu gedib-g\u0259l\u0259 bilmirik. Bir evd\u0259n iki d\u0259f\u0259 ayaqqab\u0131 almaq olar? \u00c7atd\u0131rmaq olmur, ayaqqab\u0131n\u0131n biri 30-40 manatd\u0131r. Ona verdiyimi u\u015fa\u011f\u0131m\u0131n ba\u015fqa problemin\u0259 x\u0259rcl\u0259y\u0259r\u0259m. \u0130dmana h\u0259v\u0259slidir. Pul ver\u0259r\u0259m, idmanla m\u0259\u015f\u011ful olar. Universitet\u0259 girm\u0259k ist\u0259yirl\u0259r, bu yollara bax\u0131b, h\u0259v\u0259sd\u0259n d\u00fc\u015f\u00fcrl\u0259r,\u201d- G\u00fclnar \u015eeydayeva s\u00f6yl\u0259yir.\n<\/p>\n<figure class=\"wp-block-image size-large\">\n  <img decoding=\"async\" src=\"https:\/\/www.meydan.tv\/az\/senem-hesenova\/\" alt=\"S\u0259n\u0259m H\u0259s\u0259nova\" class=\"wp-image-129387\"\/><figcaption>\n    S\u0259n\u0259m H\u0259s\u0259nova<br \/>\n  <\/figcaption><\/figure>\n<p>\n  S\u0259n\u0259m H\u0259s\u0259nova is\u0259 deyir ki, ya\u015fl\u0131 adamd\u0131r, bu q\u0259d\u0259r m\u0259saf\u0259ni q\u0259t el\u0259m\u0259k olmur:\n<\/p>\n<p>\n  \u201cN\u0259v\u0259l\u0259rim h\u0259l\u0259 balacad\u0131r, \u00f6z\u00fcm\u00fcz apar\u0131b-g\u0259tiririk. Qar\u015f\u0131dan q\u0131\u015f g\u0259lir, u\u015faqlar m\u0259kt\u0259b\u0259 ged\u0259nd\u0259 diz\u0259 kimi pal\u00e7\u0131\u011fa batacaqlar. G\u00fcnd\u0259 iki d\u0259f\u0259 gedib-g\u0259l\u0259nd\u0259 pal\u00e7\u0131q i\u00e7ind\u0259 oluruq\u201d.\n<\/p>\n<p>\n  Ab\u015feron Rayon \u0130cra Hakimiyy\u0259tind\u0259n m\u00fcnasib\u0259t \u00f6yr\u0259nm\u0259k m\u00fcmk\u00fcn olmay\u0131b.\n<\/p>\n<p>\n  Digah b\u0259l\u0259diyy\u0259sinin s\u0259dri V\u00fcqar \u018fl\u0259kb\u0259rov Meydan TV-y\u0259 bildirib ki, Bak\u0131 \u015f\u0259h\u0259ri v\u0259 \u0259traf k\u0259ndl\u0259rd\u0259 kanalizasiya sisteminin t\u0259kmill\u0259\u015fdirilm\u0259si il\u0259 ba\u011fl\u0131 layih\u0259d\u0259 Digah q\u0259s\u0259b\u0259si d\u0259 var:\n<\/p>\n<p>\n  \u201cYollar d\u00fcz\u0259lir, lakin kanalizasiya olmad\u0131\u011f\u0131na g\u00f6r\u0259 da\u011f\u0131l\u0131r. V\u0259t\u0259nda\u015flar\u0131n gedi\u015f-g\u0259li\u015fi \u00fc\u00e7\u00fcn biz yollara m\u00fctl\u0259q \u0259ncam \u00e7\u0259k\u0259c\u0259yik. C\u0259nab ba\u015f\u00e7\u0131m\u0131z bu yax\u0131nlarda tap\u015f\u0131r\u0131q verdi, m\u0259ktub g\u00f6nd\u0259rildi. Y\u0259qin ki, bu yax\u0131nlarda h\u0259ll olunacaq. H\u0259l\u0259lik, Bak\u0131xanov k\u00fc\u00e7\u0259sind\u0259ki m\u0259h\u0259ll\u0259daxili yollara da\u015f t\u00f6k\u00fcl\u0259r\u0259k, hamarla\u015fd\u0131r\u0131l\u0131b. \u018fraziy\u0259 kanalizasiya x\u0259tti \u00e7\u0259kildikd\u0259n sonra \u0259sasl\u0131 \u015f\u0259kild\u0259 i\u015f g\u00f6r\u00fcl\u0259c\u0259k, asfalt yol \u00e7\u0259kil\u0259c\u0259k, dig\u0259r probleml\u0259r d\u0259 h\u0259ll olunacaq. Sonra \u0259raziy\u0259 mar\u015frut x\u0259tti \u00fczr\u0259 avtobuslar t\u0259yin olunacaq. Bunu m\u00fcvafiq qurumlar\u0131n i\u015fi bitdikd\u0259n sonra h\u0259yata ke\u00e7ir\u0259c\u0259yik\u201d.<\/p>\n","protected":false},"excerpt":{"rendered":"<p>Q\u0259s\u0259b\u0259 sakinl\u0259ri susuzluqdan, yolsuzluqdan cana doyduqlar\u0131n\u0131 deyir<\/p>\n","protected":false},"author":11,"featured_media":129377,"comment_status":"closed","ping_status":"open","sticky":false,"template":"","format":"standard","meta":{"_acf_changed":false,"_sitemap_exclude":false,"_sitemap_priority":"","_sitemap_frequency":"","footnotes":""},"categories":[60],"tags":[],"class_list":["post-197283","post","type-post","status-publish","format-standard","has-post-thumbnail","hentry","category-bolge","infinite-scroll-item","generate-columns","tablet-grid-50","mobile-grid-100","grid-parent","grid-33","no-featured-image-padding"],"acf":[],"yoast_head":"<!-- This site is optimized with the Yoast SEO plugin v27.5 - https:\/\/yoast.com\/product\/yoast-seo-wordpress\/ -->\n<title>Digah sakinl\u0259ri: Efir\u0259 \u00e7\u0131x\u0131b, yalandan camaat\u0131 aldatmaqla deyil - MEYDAN.TV<\/title>\n<meta name=\"robots\" content=\"index, follow, max-snippet:-1, max-image-preview:large, max-video-preview:-1\" \/>\n<link rel=\"canonical\" href=\"https:\/\/www.meydan.tv\/az\/article\/digah-sakinleri-efire-cixib-yalandan-camaati-aldatmaqla-deyil\/\" \/>\n<meta property=\"og:locale\" content=\"az_AZ\" \/>\n<meta property=\"og:type\" content=\"article\" \/>\n<meta property=\"og:title\" content=\"Digah sakinl\u0259ri: Efir\u0259 \u00e7\u0131x\u0131b, yalandan camaat\u0131 aldatmaqla deyil - MEYDAN.TV\" \/>\n<meta property=\"og:description\" content=\"Q\u0259s\u0259b\u0259 sakinl\u0259ri susuzluqdan, yolsuzluqdan cana doyduqlar\u0131n\u0131 deyir\" \/>\n<meta property=\"og:url\" content=\"https:\/\/www.meydan.tv\/az\/article\/digah-sakinleri-efire-cixib-yalandan-camaati-aldatmaqla-deyil\/\" \/>\n<meta property=\"og:site_name\" content=\"MEYDAN.TV\" \/>\n<meta property=\"article:published_time\" content=\"2019-10-04T06:50:58+00:00\" \/>\n<meta property=\"og:image\" content=\"https:\/\/www.meydan.tv\/wp-content\/uploads\/65210598-f65d-4678-ab6f-ab3377f3358b.jpeg\" \/>\n\t<meta property=\"og:image:width\" content=\"960\" \/>\n\t<meta property=\"og:image:height\" content=\"720\" \/>\n\t<meta property=\"og:image:type\" content=\"image\/jpeg\" \/>\n<meta name=\"author\" content=\"user-manager\" \/>\n<meta name=\"twitter:card\" content=\"summary_large_image\" \/>\n<script type=\"application\/ld+json\" class=\"yoast-schema-graph\">{\"@context\":\"https:\\\/\\\/schema.org\",\"@graph\":[{\"@type\":\"Article\",\"@id\":\"https:\\\/\\\/www.meydan.tv\\\/az\\\/article\\\/digah-sakinleri-efire-cixib-yalandan-camaati-aldatmaqla-deyil\\\/#article\",\"isPartOf\":{\"@id\":\"https:\\\/\\\/www.meydan.tv\\\/az\\\/article\\\/digah-sakinleri-efire-cixib-yalandan-camaati-aldatmaqla-deyil\\\/\"},\"author\":{\"name\":\"user-manager\",\"@id\":\"https:\\\/\\\/www.meydan.tv\\\/az\\\/#\\\/schema\\\/person\\\/10d11eccf6da3662cf5fdab9806ea91a\"},\"headline\":\"Digah sakinl\u0259ri: Efir\u0259 \u00e7\u0131x\u0131b, yalandan camaat\u0131 aldatmaqla deyil\",\"datePublished\":\"2019-10-04T06:50:58+00:00\",\"mainEntityOfPage\":{\"@id\":\"https:\\\/\\\/www.meydan.tv\\\/az\\\/article\\\/digah-sakinleri-efire-cixib-yalandan-camaati-aldatmaqla-deyil\\\/\"},\"wordCount\":1394,\"publisher\":{\"@id\":\"https:\\\/\\\/www.meydan.tv\\\/az\\\/#organization\"},\"image\":{\"@id\":\"https:\\\/\\\/www.meydan.tv\\\/az\\\/article\\\/digah-sakinleri-efire-cixib-yalandan-camaati-aldatmaqla-deyil\\\/#primaryimage\"},\"thumbnailUrl\":\"https:\\\/\\\/www.meydan.tv\\\/wp-content\\\/uploads\\\/65210598-f65d-4678-ab6f-ab3377f3358b.jpeg\",\"articleSection\":[\"B\u00f6lg\u0259\"],\"inLanguage\":\"az\"},{\"@type\":\"WebPage\",\"@id\":\"https:\\\/\\\/www.meydan.tv\\\/az\\\/article\\\/digah-sakinleri-efire-cixib-yalandan-camaati-aldatmaqla-deyil\\\/\",\"url\":\"https:\\\/\\\/www.meydan.tv\\\/az\\\/article\\\/digah-sakinleri-efire-cixib-yalandan-camaati-aldatmaqla-deyil\\\/\",\"name\":\"Digah sakinl\u0259ri: Efir\u0259 \u00e7\u0131x\u0131b, yalandan camaat\u0131 aldatmaqla deyil - MEYDAN.TV\",\"isPartOf\":{\"@id\":\"https:\\\/\\\/www.meydan.tv\\\/az\\\/#website\"},\"primaryImageOfPage\":{\"@id\":\"https:\\\/\\\/www.meydan.tv\\\/az\\\/article\\\/digah-sakinleri-efire-cixib-yalandan-camaati-aldatmaqla-deyil\\\/#primaryimage\"},\"image\":{\"@id\":\"https:\\\/\\\/www.meydan.tv\\\/az\\\/article\\\/digah-sakinleri-efire-cixib-yalandan-camaati-aldatmaqla-deyil\\\/#primaryimage\"},\"thumbnailUrl\":\"https:\\\/\\\/www.meydan.tv\\\/wp-content\\\/uploads\\\/65210598-f65d-4678-ab6f-ab3377f3358b.jpeg\",\"datePublished\":\"2019-10-04T06:50:58+00:00\",\"breadcrumb\":{\"@id\":\"https:\\\/\\\/www.meydan.tv\\\/az\\\/article\\\/digah-sakinleri-efire-cixib-yalandan-camaati-aldatmaqla-deyil\\\/#breadcrumb\"},\"inLanguage\":\"az\",\"potentialAction\":[{\"@type\":\"ReadAction\",\"target\":[\"https:\\\/\\\/www.meydan.tv\\\/az\\\/article\\\/digah-sakinleri-efire-cixib-yalandan-camaati-aldatmaqla-deyil\\\/\"]}]},{\"@type\":\"ImageObject\",\"inLanguage\":\"az\",\"@id\":\"https:\\\/\\\/www.meydan.tv\\\/az\\\/article\\\/digah-sakinleri-efire-cixib-yalandan-camaati-aldatmaqla-deyil\\\/#primaryimage\",\"url\":\"https:\\\/\\\/www.meydan.tv\\\/wp-content\\\/uploads\\\/65210598-f65d-4678-ab6f-ab3377f3358b.jpeg\",\"contentUrl\":\"https:\\\/\\\/www.meydan.tv\\\/wp-content\\\/uploads\\\/65210598-f65d-4678-ab6f-ab3377f3358b.jpeg\",\"width\":960,\"height\":720,\"caption\":\"Source: Meydan Tv\"},{\"@type\":\"BreadcrumbList\",\"@id\":\"https:\\\/\\\/www.meydan.tv\\\/az\\\/article\\\/digah-sakinleri-efire-cixib-yalandan-camaati-aldatmaqla-deyil\\\/#breadcrumb\",\"itemListElement\":[{\"@type\":\"ListItem\",\"position\":1,\"name\":\"Ana s\u0259hif\u0259\",\"item\":\"https:\\\/\\\/www.meydan.tv\\\/az\\\/\"},{\"@type\":\"ListItem\",\"position\":2,\"name\":\"B\u00f6lg\u0259\",\"item\":\"https:\\\/\\\/www.meydan.tv\\\/az\\\/section\\\/bolge\\\/\"},{\"@type\":\"ListItem\",\"position\":3,\"name\":\"Digah sakinl\u0259ri: Efir\u0259 \u00e7\u0131x\u0131b, yalandan camaat\u0131 aldatmaqla deyil\"}]},{\"@type\":\"WebSite\",\"@id\":\"https:\\\/\\\/www.meydan.tv\\\/az\\\/#website\",\"url\":\"https:\\\/\\\/www.meydan.tv\\\/az\\\/\",\"name\":\"MEYDAN.TV\",\"description\":\"Meydan TV Az\u0259rbaycan\u0131n media m\u0259kan\u0131ndak\u0131 alternativ s\u0259sidir\",\"publisher\":{\"@id\":\"https:\\\/\\\/www.meydan.tv\\\/az\\\/#organization\"},\"potentialAction\":[{\"@type\":\"SearchAction\",\"target\":{\"@type\":\"EntryPoint\",\"urlTemplate\":\"https:\\\/\\\/www.meydan.tv\\\/az\\\/?s={search_term_string}\"},\"query-input\":{\"@type\":\"PropertyValueSpecification\",\"valueRequired\":true,\"valueName\":\"search_term_string\"}}],\"inLanguage\":\"az\"},{\"@type\":\"Organization\",\"@id\":\"https:\\\/\\\/www.meydan.tv\\\/az\\\/#organization\",\"name\":\"Meydan TV\",\"url\":\"https:\\\/\\\/www.meydan.tv\\\/az\\\/\",\"logo\":{\"@type\":\"ImageObject\",\"inLanguage\":\"az\",\"@id\":\"https:\\\/\\\/www.meydan.tv\\\/az\\\/#\\\/schema\\\/logo\\\/image\\\/\",\"url\":\"https:\\\/\\\/www.meydan.tv\\\/wp-content\\\/uploads\\\/2021\\\/07\\\/meydan-logo.svg\",\"contentUrl\":\"https:\\\/\\\/www.meydan.tv\\\/wp-content\\\/uploads\\\/2021\\\/07\\\/meydan-logo.svg\",\"width\":195,\"height\":46,\"caption\":\"Meydan TV\"},\"image\":{\"@id\":\"https:\\\/\\\/www.meydan.tv\\\/az\\\/#\\\/schema\\\/logo\\\/image\\\/\"}},{\"@type\":\"Person\",\"@id\":\"https:\\\/\\\/www.meydan.tv\\\/az\\\/#\\\/schema\\\/person\\\/10d11eccf6da3662cf5fdab9806ea91a\",\"name\":\"user-manager\"}]}<\/script>\n<!-- \/ Yoast SEO plugin. -->","yoast_head_json":{"title":"Digah sakinl\u0259ri: Efir\u0259 \u00e7\u0131x\u0131b, yalandan camaat\u0131 aldatmaqla deyil - MEYDAN.TV","robots":{"index":"index","follow":"follow","max-snippet":"max-snippet:-1","max-image-preview":"max-image-preview:large","max-video-preview":"max-video-preview:-1"},"canonical":"https:\/\/www.meydan.tv\/az\/article\/digah-sakinleri-efire-cixib-yalandan-camaati-aldatmaqla-deyil\/","og_locale":"az_AZ","og_type":"article","og_title":"Digah sakinl\u0259ri: Efir\u0259 \u00e7\u0131x\u0131b, yalandan camaat\u0131 aldatmaqla deyil - MEYDAN.TV","og_description":"Q\u0259s\u0259b\u0259 sakinl\u0259ri susuzluqdan, yolsuzluqdan cana doyduqlar\u0131n\u0131 deyir","og_url":"https:\/\/www.meydan.tv\/az\/article\/digah-sakinleri-efire-cixib-yalandan-camaati-aldatmaqla-deyil\/","og_site_name":"MEYDAN.TV","article_published_time":"2019-10-04T06:50:58+00:00","og_image":[{"width":960,"height":720,"url":"https:\/\/www.meydan.tv\/wp-content\/uploads\/65210598-f65d-4678-ab6f-ab3377f3358b.jpeg","type":"image\/jpeg"}],"author":"user-manager","twitter_card":"summary_large_image","schema":{"@context":"https:\/\/schema.org","@graph":[{"@type":"Article","@id":"https:\/\/www.meydan.tv\/az\/article\/digah-sakinleri-efire-cixib-yalandan-camaati-aldatmaqla-deyil\/#article","isPartOf":{"@id":"https:\/\/www.meydan.tv\/az\/article\/digah-sakinleri-efire-cixib-yalandan-camaati-aldatmaqla-deyil\/"},"author":{"name":"user-manager","@id":"https:\/\/www.meydan.tv\/az\/#\/schema\/person\/10d11eccf6da3662cf5fdab9806ea91a"},"headline":"Digah sakinl\u0259ri: Efir\u0259 \u00e7\u0131x\u0131b, yalandan camaat\u0131 aldatmaqla deyil","datePublished":"2019-10-04T06:50:58+00:00","mainEntityOfPage":{"@id":"https:\/\/www.meydan.tv\/az\/article\/digah-sakinleri-efire-cixib-yalandan-camaati-aldatmaqla-deyil\/"},"wordCount":1394,"publisher":{"@id":"https:\/\/www.meydan.tv\/az\/#organization"},"image":{"@id":"https:\/\/www.meydan.tv\/az\/article\/digah-sakinleri-efire-cixib-yalandan-camaati-aldatmaqla-deyil\/#primaryimage"},"thumbnailUrl":"https:\/\/www.meydan.tv\/wp-content\/uploads\/65210598-f65d-4678-ab6f-ab3377f3358b.jpeg","articleSection":["B\u00f6lg\u0259"],"inLanguage":"az"},{"@type":"WebPage","@id":"https:\/\/www.meydan.tv\/az\/article\/digah-sakinleri-efire-cixib-yalandan-camaati-aldatmaqla-deyil\/","url":"https:\/\/www.meydan.tv\/az\/article\/digah-sakinleri-efire-cixib-yalandan-camaati-aldatmaqla-deyil\/","name":"Digah sakinl\u0259ri: Efir\u0259 \u00e7\u0131x\u0131b, yalandan camaat\u0131 aldatmaqla deyil - MEYDAN.TV","isPartOf":{"@id":"https:\/\/www.meydan.tv\/az\/#website"},"primaryImageOfPage":{"@id":"https:\/\/www.meydan.tv\/az\/article\/digah-sakinleri-efire-cixib-yalandan-camaati-aldatmaqla-deyil\/#primaryimage"},"image":{"@id":"https:\/\/www.meydan.tv\/az\/article\/digah-sakinleri-efire-cixib-yalandan-camaati-aldatmaqla-deyil\/#primaryimage"},"thumbnailUrl":"https:\/\/www.meydan.tv\/wp-content\/uploads\/65210598-f65d-4678-ab6f-ab3377f3358b.jpeg","datePublished":"2019-10-04T06:50:58+00:00","breadcrumb":{"@id":"https:\/\/www.meydan.tv\/az\/article\/digah-sakinleri-efire-cixib-yalandan-camaati-aldatmaqla-deyil\/#breadcrumb"},"inLanguage":"az","potentialAction":[{"@type":"ReadAction","target":["https:\/\/www.meydan.tv\/az\/article\/digah-sakinleri-efire-cixib-yalandan-camaati-aldatmaqla-deyil\/"]}]},{"@type":"ImageObject","inLanguage":"az","@id":"https:\/\/www.meydan.tv\/az\/article\/digah-sakinleri-efire-cixib-yalandan-camaati-aldatmaqla-deyil\/#primaryimage","url":"https:\/\/www.meydan.tv\/wp-content\/uploads\/65210598-f65d-4678-ab6f-ab3377f3358b.jpeg","contentUrl":"https:\/\/www.meydan.tv\/wp-content\/uploads\/65210598-f65d-4678-ab6f-ab3377f3358b.jpeg","width":960,"height":720,"caption":"Source: Meydan Tv"},{"@type":"BreadcrumbList","@id":"https:\/\/www.meydan.tv\/az\/article\/digah-sakinleri-efire-cixib-yalandan-camaati-aldatmaqla-deyil\/#breadcrumb","itemListElement":[{"@type":"ListItem","position":1,"name":"Ana s\u0259hif\u0259","item":"https:\/\/www.meydan.tv\/az\/"},{"@type":"ListItem","position":2,"name":"B\u00f6lg\u0259","item":"https:\/\/www.meydan.tv\/az\/section\/bolge\/"},{"@type":"ListItem","position":3,"name":"Digah sakinl\u0259ri: Efir\u0259 \u00e7\u0131x\u0131b, yalandan camaat\u0131 aldatmaqla deyil"}]},{"@type":"WebSite","@id":"https:\/\/www.meydan.tv\/az\/#website","url":"https:\/\/www.meydan.tv\/az\/","name":"MEYDAN.TV","description":"Meydan TV Az\u0259rbaycan\u0131n media m\u0259kan\u0131ndak\u0131 alternativ s\u0259sidir","publisher":{"@id":"https:\/\/www.meydan.tv\/az\/#organization"},"potentialAction":[{"@type":"SearchAction","target":{"@type":"EntryPoint","urlTemplate":"https:\/\/www.meydan.tv\/az\/?s={search_term_string}"},"query-input":{"@type":"PropertyValueSpecification","valueRequired":true,"valueName":"search_term_string"}}],"inLanguage":"az"},{"@type":"Organization","@id":"https:\/\/www.meydan.tv\/az\/#organization","name":"Meydan TV","url":"https:\/\/www.meydan.tv\/az\/","logo":{"@type":"ImageObject","inLanguage":"az","@id":"https:\/\/www.meydan.tv\/az\/#\/schema\/logo\/image\/","url":"https:\/\/www.meydan.tv\/wp-content\/uploads\/2021\/07\/meydan-logo.svg","contentUrl":"https:\/\/www.meydan.tv\/wp-content\/uploads\/2021\/07\/meydan-logo.svg","width":195,"height":46,"caption":"Meydan TV"},"image":{"@id":"https:\/\/www.meydan.tv\/az\/#\/schema\/logo\/image\/"}},{"@type":"Person","@id":"https:\/\/www.meydan.tv\/az\/#\/schema\/person\/10d11eccf6da3662cf5fdab9806ea91a","name":"user-manager"}]}},"_links":{"self":[{"href":"https:\/\/www.meydan.tv\/az\/wp-json\/wp\/v2\/posts\/197283","targetHints":{"allow":["GET"]}}],"collection":[{"href":"https:\/\/www.meydan.tv\/az\/wp-json\/wp\/v2\/posts"}],"about":[{"href":"https:\/\/www.meydan.tv\/az\/wp-json\/wp\/v2\/types\/post"}],"author":[{"embeddable":true,"href":"https:\/\/www.meydan.tv\/az\/wp-json\/wp\/v2\/users\/11"}],"replies":[{"embeddable":true,"href":"https:\/\/www.meydan.tv\/az\/wp-json\/wp\/v2\/comments?post=197283"}],"version-history":[{"count":0,"href":"https:\/\/www.meydan.tv\/az\/wp-json\/wp\/v2\/posts\/197283\/revisions"}],"wp:featuredmedia":[{"embeddable":true,"href":"https:\/\/www.meydan.tv\/az\/wp-json\/wp\/v2\/media\/129377"}],"wp:attachment":[{"href":"https:\/\/www.meydan.tv\/az\/wp-json\/wp\/v2\/media?parent=197283"}],"wp:term":[{"taxonomy":"category","embeddable":true,"href":"https:\/\/www.meydan.tv\/az\/wp-json\/wp\/v2\/categories?post=197283"},{"taxonomy":"post_tag","embeddable":true,"href":"https:\/\/www.meydan.tv\/az\/wp-json\/wp\/v2\/tags?post=197283"}],"curies":[{"name":"wp","href":"https:\/\/api.w.org\/{rel}","templated":true}]}}