{"id":197280,"date":"2019-10-04T06:17:41","date_gmt":"2019-10-04T06:17:41","guid":{"rendered":"https:\/\/www.meydan.tv\/article\/parisde-polis-qerargahinda-4-nefer-oldurulub\/"},"modified":"2019-10-04T06:17:41","modified_gmt":"2019-10-04T06:17:41","slug":"parisde-polis-qerargahinda-4-nefer-oldurulub","status":"publish","type":"post","link":"https:\/\/www.meydan.tv\/az\/article\/parisde-polis-qerargahinda-4-nefer-oldurulub\/","title":{"rendered":"Parisd\u0259 polis q\u0259rargah\u0131nda 4 n\u0259f\u0259r \u00f6ld\u00fcr\u00fcl\u00fcb"},"content":{"rendered":"<p>\n  <i><br \/>\n    Hadis\u0259ni t\u00f6r\u0259d\u0259n \u015f\u0259xsin \u00f6z\u00fc d\u0259 ba\u015fqa bir polis t\u0259r\u0259find\u0259n \u00f6ld\u00fcr\u00fcl\u00fcb<br \/>\n  <\/i>\n<\/p>\n<p>\n  Parisin m\u0259rk\u0259zind\u0259 yerl\u0259\u015f\u0259n polis q\u0259rargah\u0131nda \u00e7al\u0131\u015fan 45 ya\u015fl\u0131 \u0130T m\u00fct\u0259x\u0259ssisi c\u00fcm\u0259 ax\u015fam\u0131 \u00fc\u00e7 polis m\u0259murunu v\u0259 bir administrativ i\u015f\u00e7ini b\u0131\u00e7aqlayaraq \u00f6ld\u00fcr\u00fcb. \u201cReuters\u201d x\u0259b\u0259r verir ki, hadis\u0259d\u0259n zaman\u0131 o, binadak\u0131 dig\u0259r bir polis m\u0259muru t\u0259r\u0259find\u0259n vurularaq \u00f6ld\u00fcr\u00fcl\u00fcb.\n<\/p>\n<p>\n  Frans\u0131z s\u0259lahiyy\u0259tlil\u0259ri nahar vaxt\u0131 ba\u015f ver\u0259n h\u00fccumun s\u0259b\u0259binin n\u0259 oldu\u011funu s\u00f6yl\u0259m\u0259kd\u0259n imtina edibl\u0259r v\u0259 \u0259lav\u0259 edibl\u0259r ki, hadis\u0259nin terrorla \u0259laq\u0259li olub-olmad\u0131\u011f\u0131n\u0131 h\u0259l\u0259 d\u0259 anlama\u011fa \u00e7al\u0131\u015f\u0131rlar.\n<\/p>\n<p>\n  Lakin polis\u0259 yax\u0131n m\u0259nb\u0259l\u0259r Fransa medias\u0131na bildiribl\u0259r ki, hadis\u0259 h\u00fccum ed\u0259n \u015f\u0259xsin menecerl\u0259ri il\u0259 naraz\u0131l\u0131\u011f\u0131 z\u0259minind\u0259 ba\u015f verib.\n<\/p>\n<p>\n  Polis birliyinin lideri Jeann-Mark Bailleul hadis\u0259ni terror akt\u0131 deyil, cinay\u0259t kimi xarakteriz\u0259 edib.\n<\/p>\n<p>\n  &quot;D\u0259lilik an\u0131 olub&quot;,- Bailleul BFM TV-y\u0259 a\u00e7\u0131qlamas\u0131nda deyib.\n<\/p>\n<p>\n  Notre-Dame Katedralina yax\u0131n olan polis q\u0259rargah\u0131n\u0131n \u0259traf\u0131 m\u00fchasir\u0259y\u0259 al\u0131n\u0131b v\u0259 t\u0259hl\u00fck\u0259sizlik s\u0259b\u0259biyl\u0259 bir metrostansiya da ba\u011flan\u0131b.\n<\/p>\n<p>\n  Paris prokuroru Remy Heitz\u0259 g\u00f6r\u0259 \u00f6ld\u00fcr\u00fcl\u0259nl\u0259r \u00fc\u00e7 ki\u015fi v\u0259 bir qad\u0131nd\u0131r. Yaral\u0131 dig\u0259r bir n\u0259f\u0259r is\u0259 \u0259m\u0259liyyata g\u00f6nd\u0259rilib.\n<\/p>\n<p>\n  Heitz deyib ki, polisl\u0259r h\u00fccum ed\u0259n \u015f\u0259xsin evini axtar\u0131blar v\u0259 anti-terror m\u00fct\u0259x\u0259ssisl\u0259r hadis\u0259ni d\u0259y\u0259rl\u0259ndir\u0259r\u0259k, terrorizml\u0259 \u0259laq\u0259li olub-olmad\u0131\u011f\u0131n\u0131 ara\u015fd\u0131rma\u011fa \u00e7al\u0131\u015f\u0131rlar.\n<\/p>\n<p>\n  Fransan\u0131n daxili i\u015fl\u0259r naziri Kristof Kastaner deyib ki, h\u00fccum ed\u0259n \u015f\u0259xs onun h\u0259mkarlar\u0131na tan\u0131\u015fd\u0131r v\u0259 o, bir m\u00fcdd\u0259t \u0130T departmanetind\u0259 \u00e7al\u0131\u015f\u0131b.\n<\/p>\n<p>\n  &quot;O, he\u00e7 vaxt davran\u0131\u015f q\u00fcsurlar\u0131 n\u00fcmayi\u015f etdirm\u0259yib v\u0259 he\u00e7 vaxt bug\u00fcnk\u00fc hadis\u0259y\u0259 q\u0259d\u0259r h\u0259y\u0259can t\u0259bili \u00fc\u00e7\u00fcn z\u0259rr\u0259 q\u0259d\u0259r d\u0259 s\u0259b\u0259b verm\u0259yib\u201d,- Kastaner deyib.\n<\/p>\n<p>\n  \u00c7\u0259r\u015f\u0259nb\u0259 g\u00fcn\u00fc minl\u0259rl\u0259 polis bu il s\u0131ralar\u0131nda olan onlarla insan\u0131n intihar\u0131na s\u0259b\u0259b olan pis i\u015f \u015f\u0259raitin\u0259 etiraz olaraq Paris k\u00fc\u00e7\u0259l\u0259rin\u0259 \u00e7\u0131x\u0131blar.\n<\/p>\n<p>\n  Polis birlikl\u0259rinin verdiyi son m\u0259lumata g\u00f6r\u0259, 2019-cu ild\u0259 52 polis \u0259m\u0259kda\u015f\u0131 intihar edib.<\/p>\n","protected":false},"excerpt":{"rendered":"<p>Heitz deyib ki, polisl\u0259r h\u00fccum ed\u0259n \u015f\u0259xsin evini axtar\u0131blar v\u0259 anti-terror m\u00fct\u0259x\u0259ssisl\u0259r hadis\u0259ni d\u0259y\u0259rl\u0259ndir\u0259r\u0259k, terrorizml\u0259 \u0259laq\u0259li olub-olmad\u0131\u011f\u0131n\u0131 ara\u015fd\u0131rma\u011fa \u00e7al\u0131\u015f\u0131rlar.<\/p>\n","protected":false},"author":11,"featured_media":130639,"comment_status":"closed","ping_status":"open","sticky":false,"template":"","format":"standard","meta":{"_acf_changed":false,"_sitemap_exclude":false,"_sitemap_priority":"","_sitemap_frequency":"","footnotes":""},"categories":[64],"tags":[],"class_list":["post-197280","post","type-post","status-publish","format-standard","has-post-thumbnail","hentry","category-dunya","infinite-scroll-item","generate-columns","tablet-grid-50","mobile-grid-100","grid-parent","grid-33","no-featured-image-padding"],"acf":[],"yoast_head":"<!-- This site is optimized with the Yoast SEO plugin v27.5 - https:\/\/yoast.com\/product\/yoast-seo-wordpress\/ -->\n<title>Parisd\u0259 polis q\u0259rargah\u0131nda 4 n\u0259f\u0259r \u00f6ld\u00fcr\u00fcl\u00fcb - MEYDAN.TV<\/title>\n<meta name=\"robots\" content=\"index, follow, max-snippet:-1, max-image-preview:large, max-video-preview:-1\" \/>\n<link rel=\"canonical\" href=\"https:\/\/www.meydan.tv\/az\/article\/parisde-polis-qerargahinda-4-nefer-oldurulub\/\" \/>\n<meta property=\"og:locale\" content=\"az_AZ\" \/>\n<meta property=\"og:type\" content=\"article\" \/>\n<meta property=\"og:title\" content=\"Parisd\u0259 polis q\u0259rargah\u0131nda 4 n\u0259f\u0259r \u00f6ld\u00fcr\u00fcl\u00fcb - MEYDAN.TV\" \/>\n<meta property=\"og:description\" content=\"Heitz deyib ki, polisl\u0259r h\u00fccum ed\u0259n \u015f\u0259xsin evini axtar\u0131blar v\u0259 anti-terror m\u00fct\u0259x\u0259ssisl\u0259r hadis\u0259ni d\u0259y\u0259rl\u0259ndir\u0259r\u0259k, terrorizml\u0259 \u0259laq\u0259li olub-olmad\u0131\u011f\u0131n\u0131 ara\u015fd\u0131rma\u011fa \u00e7al\u0131\u015f\u0131rlar.\" \/>\n<meta property=\"og:url\" content=\"https:\/\/www.meydan.tv\/az\/article\/parisde-polis-qerargahinda-4-nefer-oldurulub\/\" \/>\n<meta property=\"og:site_name\" content=\"MEYDAN.TV\" \/>\n<meta property=\"article:published_time\" content=\"2019-10-04T06:17:41+00:00\" \/>\n<meta property=\"og:image\" content=\"https:\/\/www.meydan.tv\/wp-content\/uploads\/88f687fb-c39e-485e-be31-832ac65b99fb_cx0_cy8_cw0_w1200_r1_s.jpg\" \/>\n\t<meta property=\"og:image:width\" content=\"1200\" \/>\n\t<meta property=\"og:image:height\" content=\"675\" \/>\n\t<meta property=\"og:image:type\" content=\"image\/jpeg\" \/>\n<meta name=\"author\" content=\"user-manager\" \/>\n<meta name=\"twitter:card\" content=\"summary_large_image\" \/>\n<script type=\"application\/ld+json\" class=\"yoast-schema-graph\">{\"@context\":\"https:\\\/\\\/schema.org\",\"@graph\":[{\"@type\":\"Article\",\"@id\":\"https:\\\/\\\/www.meydan.tv\\\/az\\\/article\\\/parisde-polis-qerargahinda-4-nefer-oldurulub\\\/#article\",\"isPartOf\":{\"@id\":\"https:\\\/\\\/www.meydan.tv\\\/az\\\/article\\\/parisde-polis-qerargahinda-4-nefer-oldurulub\\\/\"},\"author\":{\"name\":\"user-manager\",\"@id\":\"https:\\\/\\\/www.meydan.tv\\\/az\\\/#\\\/schema\\\/person\\\/10d11eccf6da3662cf5fdab9806ea91a\"},\"headline\":\"Parisd\u0259 polis q\u0259rargah\u0131nda 4 n\u0259f\u0259r \u00f6ld\u00fcr\u00fcl\u00fcb\",\"datePublished\":\"2019-10-04T06:17:41+00:00\",\"mainEntityOfPage\":{\"@id\":\"https:\\\/\\\/www.meydan.tv\\\/az\\\/article\\\/parisde-polis-qerargahinda-4-nefer-oldurulub\\\/\"},\"wordCount\":424,\"publisher\":{\"@id\":\"https:\\\/\\\/www.meydan.tv\\\/az\\\/#organization\"},\"image\":{\"@id\":\"https:\\\/\\\/www.meydan.tv\\\/az\\\/article\\\/parisde-polis-qerargahinda-4-nefer-oldurulub\\\/#primaryimage\"},\"thumbnailUrl\":\"https:\\\/\\\/www.meydan.tv\\\/wp-content\\\/uploads\\\/88f687fb-c39e-485e-be31-832ac65b99fb_cx0_cy8_cw0_w1200_r1_s.jpg\",\"articleSection\":[\"D\u00fcnya\"],\"inLanguage\":\"az\"},{\"@type\":\"WebPage\",\"@id\":\"https:\\\/\\\/www.meydan.tv\\\/az\\\/article\\\/parisde-polis-qerargahinda-4-nefer-oldurulub\\\/\",\"url\":\"https:\\\/\\\/www.meydan.tv\\\/az\\\/article\\\/parisde-polis-qerargahinda-4-nefer-oldurulub\\\/\",\"name\":\"Parisd\u0259 polis q\u0259rargah\u0131nda 4 n\u0259f\u0259r \u00f6ld\u00fcr\u00fcl\u00fcb - MEYDAN.TV\",\"isPartOf\":{\"@id\":\"https:\\\/\\\/www.meydan.tv\\\/az\\\/#website\"},\"primaryImageOfPage\":{\"@id\":\"https:\\\/\\\/www.meydan.tv\\\/az\\\/article\\\/parisde-polis-qerargahinda-4-nefer-oldurulub\\\/#primaryimage\"},\"image\":{\"@id\":\"https:\\\/\\\/www.meydan.tv\\\/az\\\/article\\\/parisde-polis-qerargahinda-4-nefer-oldurulub\\\/#primaryimage\"},\"thumbnailUrl\":\"https:\\\/\\\/www.meydan.tv\\\/wp-content\\\/uploads\\\/88f687fb-c39e-485e-be31-832ac65b99fb_cx0_cy8_cw0_w1200_r1_s.jpg\",\"datePublished\":\"2019-10-04T06:17:41+00:00\",\"breadcrumb\":{\"@id\":\"https:\\\/\\\/www.meydan.tv\\\/az\\\/article\\\/parisde-polis-qerargahinda-4-nefer-oldurulub\\\/#breadcrumb\"},\"inLanguage\":\"az\",\"potentialAction\":[{\"@type\":\"ReadAction\",\"target\":[\"https:\\\/\\\/www.meydan.tv\\\/az\\\/article\\\/parisde-polis-qerargahinda-4-nefer-oldurulub\\\/\"]}]},{\"@type\":\"ImageObject\",\"inLanguage\":\"az\",\"@id\":\"https:\\\/\\\/www.meydan.tv\\\/az\\\/article\\\/parisde-polis-qerargahinda-4-nefer-oldurulub\\\/#primaryimage\",\"url\":\"https:\\\/\\\/www.meydan.tv\\\/wp-content\\\/uploads\\\/88f687fb-c39e-485e-be31-832ac65b99fb_cx0_cy8_cw0_w1200_r1_s.jpg\",\"contentUrl\":\"https:\\\/\\\/www.meydan.tv\\\/wp-content\\\/uploads\\\/88f687fb-c39e-485e-be31-832ac65b99fb_cx0_cy8_cw0_w1200_r1_s.jpg\",\"width\":1200,\"height\":675,\"caption\":\"Source: google.az\"},{\"@type\":\"BreadcrumbList\",\"@id\":\"https:\\\/\\\/www.meydan.tv\\\/az\\\/article\\\/parisde-polis-qerargahinda-4-nefer-oldurulub\\\/#breadcrumb\",\"itemListElement\":[{\"@type\":\"ListItem\",\"position\":1,\"name\":\"Ana s\u0259hif\u0259\",\"item\":\"https:\\\/\\\/www.meydan.tv\\\/az\\\/\"},{\"@type\":\"ListItem\",\"position\":2,\"name\":\"D\u00fcnya\",\"item\":\"https:\\\/\\\/www.meydan.tv\\\/az\\\/section\\\/dunya\\\/\"},{\"@type\":\"ListItem\",\"position\":3,\"name\":\"Parisd\u0259 polis q\u0259rargah\u0131nda 4 n\u0259f\u0259r \u00f6ld\u00fcr\u00fcl\u00fcb\"}]},{\"@type\":\"WebSite\",\"@id\":\"https:\\\/\\\/www.meydan.tv\\\/az\\\/#website\",\"url\":\"https:\\\/\\\/www.meydan.tv\\\/az\\\/\",\"name\":\"MEYDAN.TV\",\"description\":\"Meydan TV Az\u0259rbaycan\u0131n media m\u0259kan\u0131ndak\u0131 alternativ s\u0259sidir\",\"publisher\":{\"@id\":\"https:\\\/\\\/www.meydan.tv\\\/az\\\/#organization\"},\"potentialAction\":[{\"@type\":\"SearchAction\",\"target\":{\"@type\":\"EntryPoint\",\"urlTemplate\":\"https:\\\/\\\/www.meydan.tv\\\/az\\\/?s={search_term_string}\"},\"query-input\":{\"@type\":\"PropertyValueSpecification\",\"valueRequired\":true,\"valueName\":\"search_term_string\"}}],\"inLanguage\":\"az\"},{\"@type\":\"Organization\",\"@id\":\"https:\\\/\\\/www.meydan.tv\\\/az\\\/#organization\",\"name\":\"Meydan TV\",\"url\":\"https:\\\/\\\/www.meydan.tv\\\/az\\\/\",\"logo\":{\"@type\":\"ImageObject\",\"inLanguage\":\"az\",\"@id\":\"https:\\\/\\\/www.meydan.tv\\\/az\\\/#\\\/schema\\\/logo\\\/image\\\/\",\"url\":\"https:\\\/\\\/www.meydan.tv\\\/wp-content\\\/uploads\\\/2021\\\/07\\\/meydan-logo.svg\",\"contentUrl\":\"https:\\\/\\\/www.meydan.tv\\\/wp-content\\\/uploads\\\/2021\\\/07\\\/meydan-logo.svg\",\"width\":195,\"height\":46,\"caption\":\"Meydan TV\"},\"image\":{\"@id\":\"https:\\\/\\\/www.meydan.tv\\\/az\\\/#\\\/schema\\\/logo\\\/image\\\/\"}},{\"@type\":\"Person\",\"@id\":\"https:\\\/\\\/www.meydan.tv\\\/az\\\/#\\\/schema\\\/person\\\/10d11eccf6da3662cf5fdab9806ea91a\",\"name\":\"user-manager\"}]}<\/script>\n<!-- \/ Yoast SEO plugin. -->","yoast_head_json":{"title":"Parisd\u0259 polis q\u0259rargah\u0131nda 4 n\u0259f\u0259r \u00f6ld\u00fcr\u00fcl\u00fcb - MEYDAN.TV","robots":{"index":"index","follow":"follow","max-snippet":"max-snippet:-1","max-image-preview":"max-image-preview:large","max-video-preview":"max-video-preview:-1"},"canonical":"https:\/\/www.meydan.tv\/az\/article\/parisde-polis-qerargahinda-4-nefer-oldurulub\/","og_locale":"az_AZ","og_type":"article","og_title":"Parisd\u0259 polis q\u0259rargah\u0131nda 4 n\u0259f\u0259r \u00f6ld\u00fcr\u00fcl\u00fcb - MEYDAN.TV","og_description":"Heitz deyib ki, polisl\u0259r h\u00fccum ed\u0259n \u015f\u0259xsin evini axtar\u0131blar v\u0259 anti-terror m\u00fct\u0259x\u0259ssisl\u0259r hadis\u0259ni d\u0259y\u0259rl\u0259ndir\u0259r\u0259k, terrorizml\u0259 \u0259laq\u0259li olub-olmad\u0131\u011f\u0131n\u0131 ara\u015fd\u0131rma\u011fa \u00e7al\u0131\u015f\u0131rlar.","og_url":"https:\/\/www.meydan.tv\/az\/article\/parisde-polis-qerargahinda-4-nefer-oldurulub\/","og_site_name":"MEYDAN.TV","article_published_time":"2019-10-04T06:17:41+00:00","og_image":[{"width":1200,"height":675,"url":"https:\/\/www.meydan.tv\/wp-content\/uploads\/88f687fb-c39e-485e-be31-832ac65b99fb_cx0_cy8_cw0_w1200_r1_s.jpg","type":"image\/jpeg"}],"author":"user-manager","twitter_card":"summary_large_image","schema":{"@context":"https:\/\/schema.org","@graph":[{"@type":"Article","@id":"https:\/\/www.meydan.tv\/az\/article\/parisde-polis-qerargahinda-4-nefer-oldurulub\/#article","isPartOf":{"@id":"https:\/\/www.meydan.tv\/az\/article\/parisde-polis-qerargahinda-4-nefer-oldurulub\/"},"author":{"name":"user-manager","@id":"https:\/\/www.meydan.tv\/az\/#\/schema\/person\/10d11eccf6da3662cf5fdab9806ea91a"},"headline":"Parisd\u0259 polis q\u0259rargah\u0131nda 4 n\u0259f\u0259r \u00f6ld\u00fcr\u00fcl\u00fcb","datePublished":"2019-10-04T06:17:41+00:00","mainEntityOfPage":{"@id":"https:\/\/www.meydan.tv\/az\/article\/parisde-polis-qerargahinda-4-nefer-oldurulub\/"},"wordCount":424,"publisher":{"@id":"https:\/\/www.meydan.tv\/az\/#organization"},"image":{"@id":"https:\/\/www.meydan.tv\/az\/article\/parisde-polis-qerargahinda-4-nefer-oldurulub\/#primaryimage"},"thumbnailUrl":"https:\/\/www.meydan.tv\/wp-content\/uploads\/88f687fb-c39e-485e-be31-832ac65b99fb_cx0_cy8_cw0_w1200_r1_s.jpg","articleSection":["D\u00fcnya"],"inLanguage":"az"},{"@type":"WebPage","@id":"https:\/\/www.meydan.tv\/az\/article\/parisde-polis-qerargahinda-4-nefer-oldurulub\/","url":"https:\/\/www.meydan.tv\/az\/article\/parisde-polis-qerargahinda-4-nefer-oldurulub\/","name":"Parisd\u0259 polis q\u0259rargah\u0131nda 4 n\u0259f\u0259r \u00f6ld\u00fcr\u00fcl\u00fcb - MEYDAN.TV","isPartOf":{"@id":"https:\/\/www.meydan.tv\/az\/#website"},"primaryImageOfPage":{"@id":"https:\/\/www.meydan.tv\/az\/article\/parisde-polis-qerargahinda-4-nefer-oldurulub\/#primaryimage"},"image":{"@id":"https:\/\/www.meydan.tv\/az\/article\/parisde-polis-qerargahinda-4-nefer-oldurulub\/#primaryimage"},"thumbnailUrl":"https:\/\/www.meydan.tv\/wp-content\/uploads\/88f687fb-c39e-485e-be31-832ac65b99fb_cx0_cy8_cw0_w1200_r1_s.jpg","datePublished":"2019-10-04T06:17:41+00:00","breadcrumb":{"@id":"https:\/\/www.meydan.tv\/az\/article\/parisde-polis-qerargahinda-4-nefer-oldurulub\/#breadcrumb"},"inLanguage":"az","potentialAction":[{"@type":"ReadAction","target":["https:\/\/www.meydan.tv\/az\/article\/parisde-polis-qerargahinda-4-nefer-oldurulub\/"]}]},{"@type":"ImageObject","inLanguage":"az","@id":"https:\/\/www.meydan.tv\/az\/article\/parisde-polis-qerargahinda-4-nefer-oldurulub\/#primaryimage","url":"https:\/\/www.meydan.tv\/wp-content\/uploads\/88f687fb-c39e-485e-be31-832ac65b99fb_cx0_cy8_cw0_w1200_r1_s.jpg","contentUrl":"https:\/\/www.meydan.tv\/wp-content\/uploads\/88f687fb-c39e-485e-be31-832ac65b99fb_cx0_cy8_cw0_w1200_r1_s.jpg","width":1200,"height":675,"caption":"Source: google.az"},{"@type":"BreadcrumbList","@id":"https:\/\/www.meydan.tv\/az\/article\/parisde-polis-qerargahinda-4-nefer-oldurulub\/#breadcrumb","itemListElement":[{"@type":"ListItem","position":1,"name":"Ana s\u0259hif\u0259","item":"https:\/\/www.meydan.tv\/az\/"},{"@type":"ListItem","position":2,"name":"D\u00fcnya","item":"https:\/\/www.meydan.tv\/az\/section\/dunya\/"},{"@type":"ListItem","position":3,"name":"Parisd\u0259 polis q\u0259rargah\u0131nda 4 n\u0259f\u0259r \u00f6ld\u00fcr\u00fcl\u00fcb"}]},{"@type":"WebSite","@id":"https:\/\/www.meydan.tv\/az\/#website","url":"https:\/\/www.meydan.tv\/az\/","name":"MEYDAN.TV","description":"Meydan TV Az\u0259rbaycan\u0131n media m\u0259kan\u0131ndak\u0131 alternativ s\u0259sidir","publisher":{"@id":"https:\/\/www.meydan.tv\/az\/#organization"},"potentialAction":[{"@type":"SearchAction","target":{"@type":"EntryPoint","urlTemplate":"https:\/\/www.meydan.tv\/az\/?s={search_term_string}"},"query-input":{"@type":"PropertyValueSpecification","valueRequired":true,"valueName":"search_term_string"}}],"inLanguage":"az"},{"@type":"Organization","@id":"https:\/\/www.meydan.tv\/az\/#organization","name":"Meydan TV","url":"https:\/\/www.meydan.tv\/az\/","logo":{"@type":"ImageObject","inLanguage":"az","@id":"https:\/\/www.meydan.tv\/az\/#\/schema\/logo\/image\/","url":"https:\/\/www.meydan.tv\/wp-content\/uploads\/2021\/07\/meydan-logo.svg","contentUrl":"https:\/\/www.meydan.tv\/wp-content\/uploads\/2021\/07\/meydan-logo.svg","width":195,"height":46,"caption":"Meydan TV"},"image":{"@id":"https:\/\/www.meydan.tv\/az\/#\/schema\/logo\/image\/"}},{"@type":"Person","@id":"https:\/\/www.meydan.tv\/az\/#\/schema\/person\/10d11eccf6da3662cf5fdab9806ea91a","name":"user-manager"}]}},"_links":{"self":[{"href":"https:\/\/www.meydan.tv\/az\/wp-json\/wp\/v2\/posts\/197280","targetHints":{"allow":["GET"]}}],"collection":[{"href":"https:\/\/www.meydan.tv\/az\/wp-json\/wp\/v2\/posts"}],"about":[{"href":"https:\/\/www.meydan.tv\/az\/wp-json\/wp\/v2\/types\/post"}],"author":[{"embeddable":true,"href":"https:\/\/www.meydan.tv\/az\/wp-json\/wp\/v2\/users\/11"}],"replies":[{"embeddable":true,"href":"https:\/\/www.meydan.tv\/az\/wp-json\/wp\/v2\/comments?post=197280"}],"version-history":[{"count":0,"href":"https:\/\/www.meydan.tv\/az\/wp-json\/wp\/v2\/posts\/197280\/revisions"}],"wp:featuredmedia":[{"embeddable":true,"href":"https:\/\/www.meydan.tv\/az\/wp-json\/wp\/v2\/media\/130639"}],"wp:attachment":[{"href":"https:\/\/www.meydan.tv\/az\/wp-json\/wp\/v2\/media?parent=197280"}],"wp:term":[{"taxonomy":"category","embeddable":true,"href":"https:\/\/www.meydan.tv\/az\/wp-json\/wp\/v2\/categories?post=197280"},{"taxonomy":"post_tag","embeddable":true,"href":"https:\/\/www.meydan.tv\/az\/wp-json\/wp\/v2\/tags?post=197280"}],"curies":[{"name":"wp","href":"https:\/\/api.w.org\/{rel}","templated":true}]}}