{"id":197273,"date":"2019-10-03T15:00:34","date_gmt":"2019-10-03T15:00:34","guid":{"rendered":"https:\/\/www.meydan.tv\/article\/paytaxt-teatrlarinda-bu-ay-hansi-tamasalar-olacaq\/"},"modified":"2019-10-03T15:00:34","modified_gmt":"2019-10-03T15:00:34","slug":"paytaxt-teatrlarinda-bu-ay-hansi-tamasalar-olacaq","status":"publish","type":"post","link":"https:\/\/www.meydan.tv\/az\/article\/paytaxt-teatrlarinda-bu-ay-hansi-tamasalar-olacaq\/","title":{"rendered":"Paytaxt teatrlar\u0131nda bu ay hans\u0131 tama\u015falar olacaq?"},"content":{"rendered":"<p>\n  <i><br \/>\n    Teatr repertuarlar\u0131<br \/>\n  <\/i>\n<\/p>\n<p>\n  Bu ay Bak\u0131 teatrlar\u0131nda bir s\u0131ra maraql\u0131 tama\u015falar\u0131 izl\u0259m\u0259k m\u00fcmk\u00fcn olacaq.\n<\/p>\n<p>\n  Teatra maraq g\u00f6st\u0259r\u0259nl\u0259r oktyabr\u0131n 5-d\u0259 G\u0259nc Tama\u015fa\u00e7\u0131lar Teatr\u0131nda M\u0259h\u0259mm\u0259d F\u00fczulinin \u201cLeyli v\u0259 M\u0259cnun\u201d poemas\u0131 \u0259sas\u0131nda haz\u0131rlanm\u0131\u015f eyniadl\u0131 tama\u015faya baxa bil\u0259rl\u0259r.\n<\/p>\n<p>\n  Akademik Opera v\u0259 Balet Tear\u0131nda is\u0259 oktyabr\u0131n 8-d\u0259 Fikr\u0259t \u018fmirovun \u201cMin bir gec\u0259\u201d balet-tama\u015fas\u0131 t\u0259qdim olunacaq.\n<\/p>\n<p>\n  Nikolay Qoqolun \u201cM\u00fcf\u0259tti\u015f\u201di bu g\u00fcn d\u0259 aktual oldu\u011fu \u00fc\u00e7\u00fcn Akademik Milli Dram Teatr\u0131 \u0259s\u0259r\u0259 t\u0259krar m\u00fcraci\u0259t edib. Tama\u015fan\u0131n n\u00fcmayi\u015fi oktyabr\u0131n 10-dad\u0131r.\n<\/p>\n<p>\n  Oktyabr\u0131n 15-d\u0259 Akademik Opera v\u0259 Balet Tear\u0131nda \u0130mad\u0259ddin N\u0259siminin h\u0259yat\u0131ndan b\u0259hs ed\u0259n \u201cN\u0259simi\u201d balet-tama\u015fas\u0131 t\u0259qdim olunacaq. Baletd\u0259 Fikr\u0259t \u018fmirovun musiqil\u0259rind\u0259n istifad\u0259 olunub.\n<\/p>\n<p>\n  G\u0259nc Tama\u015fa\u00e7\u0131lar Teatr\u0131nda H\u00fcseyn Cavidin \u201c\u015eeyx S\u0259nan\u201d pyesi \u0259sas\u0131nda haz\u0131rlanan eyniadl\u0131 tama\u015fa t\u0259qdim olunacaq. Pyesd\u0259 iki mill\u0259tin n\u00fcmay\u0259nd\u0259l\u0259ri aras\u0131nda ba\u015f ver\u0259n hadis\u0259l\u0259r yer al\u0131r. Tama\u015fa oktyabr\u0131n 19-da n\u00fcmayi\u015f olunacaq.\n<\/p>\n<p>\n  El\u0259 h\u0259min g\u00fcn YU\u011e Teatr\u0131nda Nobel m\u00fckafat\u0131 laureat\u0131 Orxan Pamukun m\u0259\u015fhur \u201cM\u0259nim ad\u0131m q\u0131rm\u0131z\u0131\u201d roman\u0131n\u0131n motivl\u0259ri \u0259sas\u0131nda haz\u0131rlanan \u201cM\u0259n a\u011facam\u201d tama\u015fas\u0131 n\u00fcmayi\u015f olunacaq.\n<\/p>\n<p>\n  Oktyabr\u0131n 26-da teatrda c\u0259mi d\u00f6rd n\u0259f\u0259r aktyorun i\u015ftirak etdiyi \u201cL\u0259n\u0259t\u201d tama\u015fas\u0131 t\u0259qdim edil\u0259c\u0259k.\n<\/p>\n<p>\n  Oktyabr\u0131n 31-d\u0259 tama\u015fa\u00e7\u0131lar\u0131n \u201cAzdrama\u201dn\u0131n s\u0259hn\u0259sind\u0259 \u201cOn ikinci gec\u0259 v\u0259 yaxud h\u0259r n\u0259 ist\u0259s\u0259niz\u201d tama\u015fas\u0131n\u0131 izl\u0259m\u0259k \u015fans\u0131 olacaq.\n<\/p>\n<p>\n  Teatrlar\u0131n \u00fcmumi repertuar\u0131n\u0131 t\u0259qdim edirik:\n<\/p>\n<p>\n  <b><br \/>\n    Akademik Rus Dram Teatr\u0131<br \/>\n  <\/b>\n<\/p>\n<p>\n  <i><br \/>\n    4 oktyabr \u2013 \u201cYeddi g\u00f6z\u0259l\u201d<br \/>\n  <\/i>\n<\/p>\n<p>\n  <i><br \/>\n    5 oktyabr \u2013 \u201c\u018fli v\u0259 Nino\u201d<br \/>\n  <\/i>\n<\/p>\n<p>\n  <i><br \/>\n    6 oktyabr \u2013 \u201cEvl\u0259nm\u0259\u201d<br \/>\n  <\/i>\n<\/p>\n<p>\n  <i><br \/>\n    13 oktyabr \u2013 \u201cVanya day\u0131\u201d<br \/>\n  <\/i>\n<\/p>\n<p>\n  <i><br \/>\n    18 oktyabr \u2013 \u201cMaqbet\u201d;<br \/>\n  <\/i>\n<\/p>\n<p>\n  <i><br \/>\n    20 oktyabr \u2013 \u201cKi\u015fi, qad\u0131n, p\u0259nc\u0259r\u0259\u2026 m\u0259\u015fuq\u201d<br \/>\n  <\/i>\n<\/p>\n<p>\n  <i><br \/>\n    25 oktyabr \u2013 \u201cQ\u00fcrur v\u0259 q\u0259r\u0259z\u201d<br \/>\n  <\/i>\n<\/p>\n<p>\n  <i><br \/>\n    26 oktyabr \u2013 \u201cM\u00fcsy\u00f6 Jordan h\u0259kimi-n\u0259batat v\u0259 d\u0259rvi\u015f M\u0259st\u0259li \u015fah cadukuni-m\u0259\u015fhur\u201d<br \/>\n  <\/i>\n<\/p>\n<p>\n  <i><br \/>\n    27 oktyabr \u2013 \u201cYuxular\u0131mdan k\u0259nar ol\u201d<br \/>\n  <\/i>\n<\/p>\n<p>\n  <b><br \/>\n    YUG Teatr\u0131<br \/>\n  <\/b>\n<\/p>\n<p>\n  <i><br \/>\n    5 oktyabr &#8211; A.Klim \u201cMedeya Sekvensiya-001\u201d<br \/>\n  <\/i>\n<\/p>\n<p>\n  <i><br \/>\n    6 oktyabr &#8211; H.\u0130bsen \u201cV\u0259sv\u0259s\u0259\u201d<br \/>\n  <\/i>\n<\/p>\n<p>\n  <i><br \/>\n    19 oktyabr &#8211; O.Pamukun \u0259s\u0259rl\u0259ri \u0259sas\u0131nda \u201cM\u0259n a\u011facam\u201d<br \/>\n  <\/i>\n<\/p>\n<p>\n  <i><br \/>\n    20 oktyabr- R.Akutaqava \u201cM\u00fc\u0259mmal\u0131 bir q\u0259tlin \u00fc\u00e7 versiyas\u0131\u201d<br \/>\n  <\/i>\n<\/p>\n<p>\n  <i><br \/>\n    26 oktyabr &#8211; V.\u015eekspir \u201cL\u0259n\u0259t\u201d<br \/>\n  <\/i>\n<\/p>\n<p>\n  <i><br \/>\n    27 oktyabr- T.Vahid \u201cQu\u015f dili\u201d<br \/>\n  <\/i>\n<\/p>\n<p>\n  <i><br \/>\n    Tama\u015falar\u0131n n\u00fcmayi\u015f saat\u0131 19:00-d\u0131r.<br \/>\n  <\/i>\n<\/p>\n<p>\n  <b><br \/>\n    G\u0259nc Tama\u015fa\u00e7\u0131lar Teatr\u0131<br \/>\n  <\/b>\n<\/p>\n<p>\n  <i><br \/>\n    4 oktyabr -P.Z\u00fcskind \u201cKontrabas\u201d (ki\u00e7ik s\u0259hn\u0259)<br \/>\n  <\/i>\n<\/p>\n<p>\n  <i><br \/>\n    5 oktyabr- A.S.Pu\u015fkin \u201cQ\u0131z\u0131l bal\u0131q\u201d (ilk tama\u015fa)<br \/>\n  <\/i>\n<\/p>\n<p>\n  <i><br \/>\n    5 oktyabr &#8211; M.F\u00fczuli \u201cLeyli v\u0259 M\u0259cnun\u201d<br \/>\n  <\/i>\n<\/p>\n<p>\n  <i><br \/>\n    19 oktyabr &#8211; \u201c\u015eeyx S\u0259nan\u201d<br \/>\n  <\/i>\n<\/p>\n<p>\n  <b><br \/>\n    Akademik Milli Dram Teatr\u0131<br \/>\n  <\/b>\n<\/p>\n<p>\n  <i><br \/>\n    5 oktyabr -Y.Polyakov \u201cSinif yolda\u015flar\u0131\u201d<br \/>\n  <\/i>\n<\/p>\n<p>\n  <i><br \/>\n    10 oktyabr-N.Qoqol \u201cM\u00fcf\u0259tti\u015f\u201d<br \/>\n  <\/i>\n<\/p>\n<p>\n  <i><br \/>\n    11 oktyabr- C.M\u0259mm\u0259dquluzad\u0259 \u201c\u00d6l\u00fcl\u0259r\u201d<br \/>\n  <\/i>\n<\/p>\n<p>\n  <i><br \/>\n    12 oktyabr &#8211; \u018f.\u018fmirli \u201cAh bu uzun sevda yolu\u201d<br \/>\n  <\/i>\n<\/p>\n<p>\n  <i><br \/>\n    13 oktyabr -C.M\u0259mm\u0259dquluzad\u0259 \u201cAnam\u0131n kitab\u0131\u201d<br \/>\n  <\/i>\n<\/p>\n<p>\n  <i><br \/>\n    13 oktyabr -C.Cabbarl\u0131 \u201cAlmaz\u201d<br \/>\n  <\/i>\n<\/p>\n<p>\n  <i><br \/>\n    18 oktyabr- \u00c7.Aytmatov \u201cManqurt\u201d (ki\u00e7ik s\u0259hn\u0259)<br \/>\n  <\/i>\n<\/p>\n<p>\n  <i><br \/>\n    20 oktyabr-A.Tolstoy \u201cBuratino axmaqlar \u00f6lk\u0259sind\u0259\u201d<br \/>\n  <\/i>\n<\/p>\n<p>\n  <i><br \/>\n    20 oktyabr -\u0130.\u018ff\u0259ndiyev \u201cM\u0259nim g\u00fcnah\u0131m\u201d<br \/>\n  <\/i>\n<\/p>\n<p>\n  <i><br \/>\n    25 oktyabr -\u0130.\u018ff\u0259ndiyev \u201cBoy \u00e7i\u00e7\u0259yi\u201d<br \/>\n  <\/i>\n<\/p>\n<p>\n  <i><br \/>\n    31 oktyabr \u2013V.\u015eekspir \u201cOn ikinci gec\u0259 v\u0259 yaxud h\u0259r n\u0259 ist\u0259s\u0259niz\u201d<br \/>\n  <\/i>\n<\/p>\n<p>\n  <b><br \/>\n    Akademik Opera v\u0259 Balet Teatr\u0131<br \/>\n  <\/b>\n<\/p>\n<p>\n  <i><br \/>\n    6 oktyabr -M\u00fcsl\u00fcm Maqomayev \u201c\u015eAH \u0130smay\u0131l\u201d (3 p\u0259rd\u0259li opera)<br \/>\n  <\/i>\n<\/p>\n<p>\n  <i><br \/>\n    8 oktyabr &#8211; Fikr\u0259t \u018fmirov \u201cMin bir gec\u0259\u201d (2 p\u0259rd\u0259li balet)<br \/>\n  <\/i>\n<\/p>\n<p>\n  <i><br \/>\n    12 oktyabr- Nikolay Rimski-Korsakov \u201c\u015e\u0259hrizad\u201d(1 p\u0259rd\u0259li balet)<br \/>\n  <\/i>\n<\/p>\n<p>\n  <i><br \/>\n    12 oktyabr -Moris Ravel \u201cBolero\u201d (1 p\u0259rd\u0259li balet)<br \/>\n  <\/i>\n<\/p>\n<p>\n  <i><br \/>\n    13 oktyabr -\u00dczeyir Hac\u0131b\u0259yli \u201cAr\u015f\u0131n mal alan\u201d<br \/>\n  <\/i>\n<\/p>\n<p>\n  <i><br \/>\n    15 oktyabr- Fikr\u0259t \u018fmirov \u201cN\u0259simi\u201d (1 p\u0259rd\u0259li balet)<br \/>\n  <\/i>\n<\/p>\n<p>\n  <i><br \/>\n    16 oktyabr- Z\u00fclf\u00fcqar Hac\u0131b\u0259yov \u201cA\u015f\u0131q Q\u0259rib\u201d (3 p\u0259rd\u0259li opera)<br \/>\n  <\/i>\n<\/p>\n<p>\n  <i><br \/>\n    19 oktyabr &#8211; Cakomo Pu\u00e7\u00e7ini \u201c\u0130l Tabarro\u201d (1 p\u0259rd\u0259li opera)<br \/>\n  <\/i>\n<\/p>\n<p>\n  <i><br \/>\n    20 oktyabr &#8211; Astor Pyatsolla \u201cM\u0259h\u0259bb\u0259t tanqosu\u201d (1 p\u0259rd\u0259li balet)<br \/>\n  <\/i>\n<\/p>\n<p>\n  <i><br \/>\n    23 oktyabr &#8211; C\u00fczeppe Verdi \u201cTrubadur\u201d (4 p\u0259rd\u0259li opera)<br \/>\n  <\/i>\n<\/p>\n<p>\n  <i><br \/>\n    27 oktyabr &#8211; Fikr\u0259t \u018fmirov \u00abSevil\u201d (3 p\u0259rd\u0259li opera)<br \/>\n  <\/i>\n<\/p>\n<p>\n  <i><br \/>\n    30 oktyabr -Pyotr \u00c7aykovski \u201cRomeo v\u0259 C\u00fclyetta\u201d (1 p\u0259rd\u0259li balet)<br \/>\n  <\/i>\n<\/p>\n<p>\n  <i><br \/>\n    30 oktyabr &#8211; Jorj Bize-Rodion \u015eedrin \u201cKarmen-s\u00fcita\u201d (1 p\u0259rd\u0259li balet)<br \/>\n  <\/i><\/p>\n","protected":false},"excerpt":{"rendered":"<p>Oktyabr\u0131n 15-d\u0259 Akademik Opera v\u0259 Balet Tear\u0131nda \u0130mad\u0259ddin N\u0259siminin h\u0259yat\u0131ndan b\u0259hs ed\u0259n \u201cN\u0259simi\u201d balet-tama\u015fas\u0131 t\u0259qdim olunacaq. Baletd\u0259 Fikr\u0259t \u018fmirovun musiqil\u0259rind\u0259n istifad\u0259 olunub<\/p>\n","protected":false},"author":11,"featured_media":95244,"comment_status":"closed","ping_status":"open","sticky":false,"template":"","format":"standard","meta":{"_acf_changed":false,"_sitemap_exclude":false,"_sitemap_priority":"","_sitemap_frequency":"","footnotes":""},"categories":[52],"tags":[],"class_list":["post-197273","post","type-post","status-publish","format-standard","has-post-thumbnail","hentry","category-medeniyyet","infinite-scroll-item","generate-columns","tablet-grid-50","mobile-grid-100","grid-parent","grid-33","no-featured-image-padding"],"acf":[],"yoast_head":"<!-- This site is optimized with the Yoast SEO plugin v27.4 - https:\/\/yoast.com\/product\/yoast-seo-wordpress\/ -->\n<title>Paytaxt teatrlar\u0131nda bu ay hans\u0131 tama\u015falar olacaq? - MEYDAN.TV<\/title>\n<meta name=\"robots\" content=\"index, follow, max-snippet:-1, max-image-preview:large, max-video-preview:-1\" \/>\n<link rel=\"canonical\" href=\"https:\/\/www.meydan.tv\/az\/article\/paytaxt-teatrlarinda-bu-ay-hansi-tamasalar-olacaq\/\" \/>\n<meta property=\"og:locale\" content=\"az_AZ\" \/>\n<meta property=\"og:type\" content=\"article\" \/>\n<meta property=\"og:title\" content=\"Paytaxt teatrlar\u0131nda bu ay hans\u0131 tama\u015falar olacaq? - MEYDAN.TV\" \/>\n<meta property=\"og:description\" content=\"Oktyabr\u0131n 15-d\u0259 Akademik Opera v\u0259 Balet Tear\u0131nda \u0130mad\u0259ddin N\u0259siminin h\u0259yat\u0131ndan b\u0259hs ed\u0259n \u201cN\u0259simi\u201d balet-tama\u015fas\u0131 t\u0259qdim olunacaq. Baletd\u0259 Fikr\u0259t \u018fmirovun musiqil\u0259rind\u0259n istifad\u0259 olunub\" \/>\n<meta property=\"og:url\" content=\"https:\/\/www.meydan.tv\/az\/article\/paytaxt-teatrlarinda-bu-ay-hansi-tamasalar-olacaq\/\" \/>\n<meta property=\"og:site_name\" content=\"MEYDAN.TV\" \/>\n<meta property=\"article:published_time\" content=\"2019-10-03T15:00:34+00:00\" \/>\n<meta property=\"og:image\" content=\"https:\/\/www.meydan.tv\/wp-content\/uploads\/37635.png\" \/>\n\t<meta property=\"og:image:width\" content=\"1228\" \/>\n\t<meta property=\"og:image:height\" content=\"652\" \/>\n\t<meta property=\"og:image:type\" content=\"image\/png\" \/>\n<meta name=\"author\" content=\"user-manager\" \/>\n<meta name=\"twitter:card\" content=\"summary_large_image\" \/>\n<script type=\"application\/ld+json\" class=\"yoast-schema-graph\">{\"@context\":\"https:\\\/\\\/schema.org\",\"@graph\":[{\"@type\":\"Article\",\"@id\":\"https:\\\/\\\/www.meydan.tv\\\/az\\\/article\\\/paytaxt-teatrlarinda-bu-ay-hansi-tamasalar-olacaq\\\/#article\",\"isPartOf\":{\"@id\":\"https:\\\/\\\/www.meydan.tv\\\/az\\\/article\\\/paytaxt-teatrlarinda-bu-ay-hansi-tamasalar-olacaq\\\/\"},\"author\":{\"name\":\"user-manager\",\"@id\":\"https:\\\/\\\/www.meydan.tv\\\/az\\\/#\\\/schema\\\/person\\\/10d11eccf6da3662cf5fdab9806ea91a\"},\"headline\":\"Paytaxt teatrlar\u0131nda bu ay hans\u0131 tama\u015falar olacaq?\",\"datePublished\":\"2019-10-03T15:00:34+00:00\",\"mainEntityOfPage\":{\"@id\":\"https:\\\/\\\/www.meydan.tv\\\/az\\\/article\\\/paytaxt-teatrlarinda-bu-ay-hansi-tamasalar-olacaq\\\/\"},\"wordCount\":710,\"publisher\":{\"@id\":\"https:\\\/\\\/www.meydan.tv\\\/az\\\/#organization\"},\"image\":{\"@id\":\"https:\\\/\\\/www.meydan.tv\\\/az\\\/article\\\/paytaxt-teatrlarinda-bu-ay-hansi-tamasalar-olacaq\\\/#primaryimage\"},\"thumbnailUrl\":\"https:\\\/\\\/www.meydan.tv\\\/wp-content\\\/uploads\\\/37635.png\",\"articleSection\":[\"M\u0259d\u0259niyy\u0259t\"],\"inLanguage\":\"az\"},{\"@type\":\"WebPage\",\"@id\":\"https:\\\/\\\/www.meydan.tv\\\/az\\\/article\\\/paytaxt-teatrlarinda-bu-ay-hansi-tamasalar-olacaq\\\/\",\"url\":\"https:\\\/\\\/www.meydan.tv\\\/az\\\/article\\\/paytaxt-teatrlarinda-bu-ay-hansi-tamasalar-olacaq\\\/\",\"name\":\"Paytaxt teatrlar\u0131nda bu ay hans\u0131 tama\u015falar olacaq? - MEYDAN.TV\",\"isPartOf\":{\"@id\":\"https:\\\/\\\/www.meydan.tv\\\/az\\\/#website\"},\"primaryImageOfPage\":{\"@id\":\"https:\\\/\\\/www.meydan.tv\\\/az\\\/article\\\/paytaxt-teatrlarinda-bu-ay-hansi-tamasalar-olacaq\\\/#primaryimage\"},\"image\":{\"@id\":\"https:\\\/\\\/www.meydan.tv\\\/az\\\/article\\\/paytaxt-teatrlarinda-bu-ay-hansi-tamasalar-olacaq\\\/#primaryimage\"},\"thumbnailUrl\":\"https:\\\/\\\/www.meydan.tv\\\/wp-content\\\/uploads\\\/37635.png\",\"datePublished\":\"2019-10-03T15:00:34+00:00\",\"breadcrumb\":{\"@id\":\"https:\\\/\\\/www.meydan.tv\\\/az\\\/article\\\/paytaxt-teatrlarinda-bu-ay-hansi-tamasalar-olacaq\\\/#breadcrumb\"},\"inLanguage\":\"az\",\"potentialAction\":[{\"@type\":\"ReadAction\",\"target\":[\"https:\\\/\\\/www.meydan.tv\\\/az\\\/article\\\/paytaxt-teatrlarinda-bu-ay-hansi-tamasalar-olacaq\\\/\"]}]},{\"@type\":\"ImageObject\",\"inLanguage\":\"az\",\"@id\":\"https:\\\/\\\/www.meydan.tv\\\/az\\\/article\\\/paytaxt-teatrlarinda-bu-ay-hansi-tamasalar-olacaq\\\/#primaryimage\",\"url\":\"https:\\\/\\\/www.meydan.tv\\\/wp-content\\\/uploads\\\/37635.png\",\"contentUrl\":\"https:\\\/\\\/www.meydan.tv\\\/wp-content\\\/uploads\\\/37635.png\",\"width\":1228,\"height\":652,\"caption\":\"Source:\"},{\"@type\":\"BreadcrumbList\",\"@id\":\"https:\\\/\\\/www.meydan.tv\\\/az\\\/article\\\/paytaxt-teatrlarinda-bu-ay-hansi-tamasalar-olacaq\\\/#breadcrumb\",\"itemListElement\":[{\"@type\":\"ListItem\",\"position\":1,\"name\":\"Ana s\u0259hif\u0259\",\"item\":\"https:\\\/\\\/www.meydan.tv\\\/az\\\/\"},{\"@type\":\"ListItem\",\"position\":2,\"name\":\"M\u0259d\u0259niyy\u0259t\",\"item\":\"https:\\\/\\\/www.meydan.tv\\\/az\\\/section\\\/medeniyyet\\\/\"},{\"@type\":\"ListItem\",\"position\":3,\"name\":\"Paytaxt teatrlar\u0131nda bu ay hans\u0131 tama\u015falar olacaq?\"}]},{\"@type\":\"WebSite\",\"@id\":\"https:\\\/\\\/www.meydan.tv\\\/az\\\/#website\",\"url\":\"https:\\\/\\\/www.meydan.tv\\\/az\\\/\",\"name\":\"MEYDAN.TV\",\"description\":\"Meydan TV Az\u0259rbaycan\u0131n media m\u0259kan\u0131ndak\u0131 alternativ s\u0259sidir\",\"publisher\":{\"@id\":\"https:\\\/\\\/www.meydan.tv\\\/az\\\/#organization\"},\"potentialAction\":[{\"@type\":\"SearchAction\",\"target\":{\"@type\":\"EntryPoint\",\"urlTemplate\":\"https:\\\/\\\/www.meydan.tv\\\/az\\\/?s={search_term_string}\"},\"query-input\":{\"@type\":\"PropertyValueSpecification\",\"valueRequired\":true,\"valueName\":\"search_term_string\"}}],\"inLanguage\":\"az\"},{\"@type\":\"Organization\",\"@id\":\"https:\\\/\\\/www.meydan.tv\\\/az\\\/#organization\",\"name\":\"Meydan TV\",\"url\":\"https:\\\/\\\/www.meydan.tv\\\/az\\\/\",\"logo\":{\"@type\":\"ImageObject\",\"inLanguage\":\"az\",\"@id\":\"https:\\\/\\\/www.meydan.tv\\\/az\\\/#\\\/schema\\\/logo\\\/image\\\/\",\"url\":\"https:\\\/\\\/www.meydan.tv\\\/wp-content\\\/uploads\\\/2021\\\/07\\\/meydan-logo.svg\",\"contentUrl\":\"https:\\\/\\\/www.meydan.tv\\\/wp-content\\\/uploads\\\/2021\\\/07\\\/meydan-logo.svg\",\"width\":195,\"height\":46,\"caption\":\"Meydan TV\"},\"image\":{\"@id\":\"https:\\\/\\\/www.meydan.tv\\\/az\\\/#\\\/schema\\\/logo\\\/image\\\/\"}},{\"@type\":\"Person\",\"@id\":\"https:\\\/\\\/www.meydan.tv\\\/az\\\/#\\\/schema\\\/person\\\/10d11eccf6da3662cf5fdab9806ea91a\",\"name\":\"user-manager\"}]}<\/script>\n<!-- \/ Yoast SEO plugin. -->","yoast_head_json":{"title":"Paytaxt teatrlar\u0131nda bu ay hans\u0131 tama\u015falar olacaq? - MEYDAN.TV","robots":{"index":"index","follow":"follow","max-snippet":"max-snippet:-1","max-image-preview":"max-image-preview:large","max-video-preview":"max-video-preview:-1"},"canonical":"https:\/\/www.meydan.tv\/az\/article\/paytaxt-teatrlarinda-bu-ay-hansi-tamasalar-olacaq\/","og_locale":"az_AZ","og_type":"article","og_title":"Paytaxt teatrlar\u0131nda bu ay hans\u0131 tama\u015falar olacaq? - MEYDAN.TV","og_description":"Oktyabr\u0131n 15-d\u0259 Akademik Opera v\u0259 Balet Tear\u0131nda \u0130mad\u0259ddin N\u0259siminin h\u0259yat\u0131ndan b\u0259hs ed\u0259n \u201cN\u0259simi\u201d balet-tama\u015fas\u0131 t\u0259qdim olunacaq. Baletd\u0259 Fikr\u0259t \u018fmirovun musiqil\u0259rind\u0259n istifad\u0259 olunub","og_url":"https:\/\/www.meydan.tv\/az\/article\/paytaxt-teatrlarinda-bu-ay-hansi-tamasalar-olacaq\/","og_site_name":"MEYDAN.TV","article_published_time":"2019-10-03T15:00:34+00:00","og_image":[{"width":1228,"height":652,"url":"https:\/\/www.meydan.tv\/wp-content\/uploads\/37635.png","type":"image\/png"}],"author":"user-manager","twitter_card":"summary_large_image","schema":{"@context":"https:\/\/schema.org","@graph":[{"@type":"Article","@id":"https:\/\/www.meydan.tv\/az\/article\/paytaxt-teatrlarinda-bu-ay-hansi-tamasalar-olacaq\/#article","isPartOf":{"@id":"https:\/\/www.meydan.tv\/az\/article\/paytaxt-teatrlarinda-bu-ay-hansi-tamasalar-olacaq\/"},"author":{"name":"user-manager","@id":"https:\/\/www.meydan.tv\/az\/#\/schema\/person\/10d11eccf6da3662cf5fdab9806ea91a"},"headline":"Paytaxt teatrlar\u0131nda bu ay hans\u0131 tama\u015falar olacaq?","datePublished":"2019-10-03T15:00:34+00:00","mainEntityOfPage":{"@id":"https:\/\/www.meydan.tv\/az\/article\/paytaxt-teatrlarinda-bu-ay-hansi-tamasalar-olacaq\/"},"wordCount":710,"publisher":{"@id":"https:\/\/www.meydan.tv\/az\/#organization"},"image":{"@id":"https:\/\/www.meydan.tv\/az\/article\/paytaxt-teatrlarinda-bu-ay-hansi-tamasalar-olacaq\/#primaryimage"},"thumbnailUrl":"https:\/\/www.meydan.tv\/wp-content\/uploads\/37635.png","articleSection":["M\u0259d\u0259niyy\u0259t"],"inLanguage":"az"},{"@type":"WebPage","@id":"https:\/\/www.meydan.tv\/az\/article\/paytaxt-teatrlarinda-bu-ay-hansi-tamasalar-olacaq\/","url":"https:\/\/www.meydan.tv\/az\/article\/paytaxt-teatrlarinda-bu-ay-hansi-tamasalar-olacaq\/","name":"Paytaxt teatrlar\u0131nda bu ay hans\u0131 tama\u015falar olacaq? - MEYDAN.TV","isPartOf":{"@id":"https:\/\/www.meydan.tv\/az\/#website"},"primaryImageOfPage":{"@id":"https:\/\/www.meydan.tv\/az\/article\/paytaxt-teatrlarinda-bu-ay-hansi-tamasalar-olacaq\/#primaryimage"},"image":{"@id":"https:\/\/www.meydan.tv\/az\/article\/paytaxt-teatrlarinda-bu-ay-hansi-tamasalar-olacaq\/#primaryimage"},"thumbnailUrl":"https:\/\/www.meydan.tv\/wp-content\/uploads\/37635.png","datePublished":"2019-10-03T15:00:34+00:00","breadcrumb":{"@id":"https:\/\/www.meydan.tv\/az\/article\/paytaxt-teatrlarinda-bu-ay-hansi-tamasalar-olacaq\/#breadcrumb"},"inLanguage":"az","potentialAction":[{"@type":"ReadAction","target":["https:\/\/www.meydan.tv\/az\/article\/paytaxt-teatrlarinda-bu-ay-hansi-tamasalar-olacaq\/"]}]},{"@type":"ImageObject","inLanguage":"az","@id":"https:\/\/www.meydan.tv\/az\/article\/paytaxt-teatrlarinda-bu-ay-hansi-tamasalar-olacaq\/#primaryimage","url":"https:\/\/www.meydan.tv\/wp-content\/uploads\/37635.png","contentUrl":"https:\/\/www.meydan.tv\/wp-content\/uploads\/37635.png","width":1228,"height":652,"caption":"Source:"},{"@type":"BreadcrumbList","@id":"https:\/\/www.meydan.tv\/az\/article\/paytaxt-teatrlarinda-bu-ay-hansi-tamasalar-olacaq\/#breadcrumb","itemListElement":[{"@type":"ListItem","position":1,"name":"Ana s\u0259hif\u0259","item":"https:\/\/www.meydan.tv\/az\/"},{"@type":"ListItem","position":2,"name":"M\u0259d\u0259niyy\u0259t","item":"https:\/\/www.meydan.tv\/az\/section\/medeniyyet\/"},{"@type":"ListItem","position":3,"name":"Paytaxt teatrlar\u0131nda bu ay hans\u0131 tama\u015falar olacaq?"}]},{"@type":"WebSite","@id":"https:\/\/www.meydan.tv\/az\/#website","url":"https:\/\/www.meydan.tv\/az\/","name":"MEYDAN.TV","description":"Meydan TV Az\u0259rbaycan\u0131n media m\u0259kan\u0131ndak\u0131 alternativ s\u0259sidir","publisher":{"@id":"https:\/\/www.meydan.tv\/az\/#organization"},"potentialAction":[{"@type":"SearchAction","target":{"@type":"EntryPoint","urlTemplate":"https:\/\/www.meydan.tv\/az\/?s={search_term_string}"},"query-input":{"@type":"PropertyValueSpecification","valueRequired":true,"valueName":"search_term_string"}}],"inLanguage":"az"},{"@type":"Organization","@id":"https:\/\/www.meydan.tv\/az\/#organization","name":"Meydan TV","url":"https:\/\/www.meydan.tv\/az\/","logo":{"@type":"ImageObject","inLanguage":"az","@id":"https:\/\/www.meydan.tv\/az\/#\/schema\/logo\/image\/","url":"https:\/\/www.meydan.tv\/wp-content\/uploads\/2021\/07\/meydan-logo.svg","contentUrl":"https:\/\/www.meydan.tv\/wp-content\/uploads\/2021\/07\/meydan-logo.svg","width":195,"height":46,"caption":"Meydan TV"},"image":{"@id":"https:\/\/www.meydan.tv\/az\/#\/schema\/logo\/image\/"}},{"@type":"Person","@id":"https:\/\/www.meydan.tv\/az\/#\/schema\/person\/10d11eccf6da3662cf5fdab9806ea91a","name":"user-manager"}]}},"_links":{"self":[{"href":"https:\/\/www.meydan.tv\/az\/wp-json\/wp\/v2\/posts\/197273","targetHints":{"allow":["GET"]}}],"collection":[{"href":"https:\/\/www.meydan.tv\/az\/wp-json\/wp\/v2\/posts"}],"about":[{"href":"https:\/\/www.meydan.tv\/az\/wp-json\/wp\/v2\/types\/post"}],"author":[{"embeddable":true,"href":"https:\/\/www.meydan.tv\/az\/wp-json\/wp\/v2\/users\/11"}],"replies":[{"embeddable":true,"href":"https:\/\/www.meydan.tv\/az\/wp-json\/wp\/v2\/comments?post=197273"}],"version-history":[{"count":0,"href":"https:\/\/www.meydan.tv\/az\/wp-json\/wp\/v2\/posts\/197273\/revisions"}],"wp:featuredmedia":[{"embeddable":true,"href":"https:\/\/www.meydan.tv\/az\/wp-json\/wp\/v2\/media\/95244"}],"wp:attachment":[{"href":"https:\/\/www.meydan.tv\/az\/wp-json\/wp\/v2\/media?parent=197273"}],"wp:term":[{"taxonomy":"category","embeddable":true,"href":"https:\/\/www.meydan.tv\/az\/wp-json\/wp\/v2\/categories?post=197273"},{"taxonomy":"post_tag","embeddable":true,"href":"https:\/\/www.meydan.tv\/az\/wp-json\/wp\/v2\/tags?post=197273"}],"curies":[{"name":"wp","href":"https:\/\/api.w.org\/{rel}","templated":true}]}}