{"id":197253,"date":"2019-10-02T13:48:36","date_gmt":"2019-10-02T13:48:36","guid":{"rendered":"https:\/\/www.meydan.tv\/article\/iran-prezidenti-ermenistana-yaxin-elaqelerin-inkisafini-teklif-edib\/"},"modified":"2019-10-02T13:48:36","modified_gmt":"2019-10-02T13:48:36","slug":"iran-prezidenti-ermenistana-yaxin-elaqelerin-inkisafini-teklif-edib","status":"publish","type":"post","link":"https:\/\/www.meydan.tv\/az\/article\/iran-prezidenti-ermenistana-yaxin-elaqelerin-inkisafini-teklif-edib\/","title":{"rendered":"\u0130ran prezidenti Erm\u0259nistana yax\u0131n \u0259laq\u0259l\u0259rin inki\u015faf\u0131n\u0131 t\u0259klif edib"},"content":{"rendered":"<p>\n  <i><br \/>\n    Pa\u015finyan: \u201cBizim m\u00f6vqeyimiz budur ki, \u0130ranla m\u00fcnasib\u0259tl\u0259rimiz m\u00fcmk\u00fcn q\u0259d\u0259r geosiyasi t\u0259sirl\u0259rd\u0259n k\u0259narda inki\u015faf etm\u0259lidir\u201d<br \/>\n  <\/i>\n<\/p>\n<p>\n  \u0130ran prezidenti H\u0259s\u0259n Ruhani \u00f6lk\u0259sinin qon\u015fu Erm\u0259nistan\u0131 daha art\u0131q t\u0259bii qazla t\u0259min etm\u0259y\u0259 v\u0259 Erm\u0259nistan-\u0130ran m\u00fcnasib\u0259tl\u0259rini daha da d\u0259rinl\u0259\u015fdirm\u0259y\u0259 maraql\u0131 oldu\u011funu qeyd edib, &#8211; Azadl\u0131q radiosunun erm\u0259ni xidm\u0259ti x\u0259b\u0259r verir.\n<\/p>\n<p>\n  \u00c7\u0259r\u015f\u0259nb\u0259 ax\u015fam\u0131 Ruhani \u0130r\u0259vana s\u0259f\u0259r edib. Erm\u0259nistan\u0131n Ba\u015f naziri Nikol Pa\u015finyan AB\u015e-\u0131n Tehrana qar\u015f\u0131 sanksiyalar\u0131na baxmayaraq, Erm\u0259nistan\u0131n \u0130ranla s\u0131x \u0259laq\u0259l\u0259r\u0259 sadiq qald\u0131\u011f\u0131n\u0131 vur\u011fulay\u0131b.\n<\/p>\n<p>\n  &quot;Bizim m\u00f6vqeyimiz budur ki, \u0130ranla m\u00fcnasib\u0259tl\u0259rimiz m\u00fcmk\u00fcn q\u0259d\u0259r geosiyasi t\u0259sirl\u0259rd\u0259n k\u0259narda inki\u015faf etm\u0259lidir, \u00e7\u00fcnk\u00fc biz qon\u015fuyuq v\u0259 bir \u00e7ox ortaq maraqlar\u0131m\u0131z var v\u0259 biz \u00f6n\u00fcm\u00fczd\u0259ki minillikl\u0259r boyu \u0259m\u0259kda\u015fl\u0131q etm\u0259liyik,&quot;- Pa\u015finyan deyib.\n<\/p>\n<p>\n  Ruhani Rusiyan\u0131n r\u0259hb\u0259rlik etdiyi v\u0259 ke\u00e7mi\u015f Sovet respublikalar\u0131ndan ibar\u0259t ticar\u0259t bloku olan Avrasiya \u0130qtisadi Birliyi (EEU) zirv\u0259sind\u0259 i\u015ftirak etm\u0259k \u00fc\u00e7\u00fcn d\u00fcn\u0259n gec\u0259 Erm\u0259nistan paytaxt\u0131na g\u0259lib. O, Pa\u015finyan il\u0259 Rusiya prezidenti Vladimir Putinin d\u0259 qat\u0131ld\u0131\u011f\u0131 zirv\u0259 toplant\u0131s\u0131 ba\u015flamazdan bir ne\u00e7\u0259 saat \u0259vv\u0259l g\u00f6r\u00fc\u015f\u00fcb.\n<\/p>\n<p>\n  &quot;Biz dost v\u0259 qon\u015fu Erm\u0259nistanla b\u00fct\u00fcn sah\u0259l\u0259rd\u0259 \u0259laq\u0259l\u0259rin inki\u015faf\u0131na v\u0259 geni\u015fl\u0259nm\u0259sin\u0259 b\u00f6y\u00fck \u0259h\u0259miyy\u0259t veririk,&quot;- Ruhani Pa\u015finyanla g\u00f6r\u00fc\u015f\u00fcnd\u0259 qeyd edib.\n<\/p>\n<p>\n  &quot;Biz yeni layih\u0259l\u0259r haz\u0131rlamaq v\u0259 h\u0259yata ke\u00e7irm\u0259k, o c\u00fcml\u0259d\u0259n elektrik enerjisi \u00fc\u00e7\u00fcn qaz proqram\u0131n\u0131n h\u0259cmini geni\u015fl\u0259ndirm\u0259k \u00fc\u00e7\u00fcn h\u00f6kum\u0259tinizl\u0259 i\u015fl\u0259m\u0259y\u0259 davam etm\u0259y\u0259 haz\u0131r\u0131q,&quot; &#8211; o deyib.\n<\/p>\n<p>\n  Erm\u0259nistan haz\u0131rda h\u0259r il 500 milyon kubmetr\u0259d\u0259k \u0130ran qaz\u0131 al\u0131r v\u0259 bunun qar\u015f\u0131l\u0131\u011f\u0131n\u0131 \u0130rana veril\u0259n elektrik enerjisi il\u0259 \u00f6d\u0259yir. Ruhaninin qeyd etdiyi bu m\u00fcbadil\u0259 plan\u0131n\u0131n Erm\u0259nistan v\u0259 \u0130ran elektrik \u015f\u0259b\u0259k\u0259l\u0259rini birl\u0259\u015fdir\u0259n \u00fc\u00e7\u00fcnc\u00fc elektrik verili\u015fi x\u0259ttinin \u00e7\u0259kilm\u0259sind\u0259n sonra \u0259h\u0259miyy\u0259tli d\u0259r\u0259c\u0259d\u0259 geni\u015fl\u0259ndiril\u0259c\u0259yi bildirilir.\n<\/p>\n<p>\n  Ruhani fevral ay\u0131nda Tehranda Pa\u015finyan\u0131 q\u0259bul ed\u0259rk\u0259n Erm\u0259nistana \u0130ran qaz\u0131n\u0131n t\u0259dar\u00fck\u00fcn\u00fc art\u0131rma\u011f\u0131 t\u0259klif etmi\u015fdi. Erm\u0259nistan\u0131n illik qaz idxal\u0131 t\u0259xmin\u0259n 2 milyard kubmetr t\u0259\u015fkil edir v\u0259 \u0259sas\u0259n Rusiyadan g\u0259lir. M\u00f6vcud v\u0259 ke\u00e7mi\u015f Erm\u0259nistan h\u00f6kum\u0259tinin fikrinc\u0259, Rusiya qaz\u0131 \u0130ran qaz\u0131ndan daha ucuzdur.<\/p>\n","protected":false},"excerpt":{"rendered":"<p>Ruhani Rusiyan\u0131n r\u0259hb\u0259rlik etdiyi v\u0259 ke\u00e7mi\u015f Sovet respublikalar\u0131ndan ibar\u0259t ticar\u0259t bloku olan Avrasiya \u0130qtisadi Birliyi (EEU) zirv\u0259sind\u0259 i\u015ftirak etm\u0259k \u00fc\u00e7\u00fcn d\u00fcn\u0259n gec\u0259 Erm\u0259nistan paytaxt\u0131na g\u0259lib<\/p>\n","protected":false},"author":11,"featured_media":130564,"comment_status":"closed","ping_status":"open","sticky":false,"template":"","format":"standard","meta":{"_acf_changed":false,"_sitemap_exclude":false,"_sitemap_priority":"","_sitemap_frequency":"","footnotes":""},"categories":[64],"tags":[],"class_list":["post-197253","post","type-post","status-publish","format-standard","has-post-thumbnail","hentry","category-dunya","infinite-scroll-item","generate-columns","tablet-grid-50","mobile-grid-100","grid-parent","grid-33","no-featured-image-padding"],"acf":[],"yoast_head":"<!-- This site is optimized with the Yoast SEO plugin v27.5 - https:\/\/yoast.com\/product\/yoast-seo-wordpress\/ -->\n<title>\u0130ran prezidenti Erm\u0259nistana yax\u0131n \u0259laq\u0259l\u0259rin inki\u015faf\u0131n\u0131 t\u0259klif edib - MEYDAN.TV<\/title>\n<meta name=\"robots\" content=\"index, follow, max-snippet:-1, max-image-preview:large, max-video-preview:-1\" \/>\n<link rel=\"canonical\" href=\"https:\/\/www.meydan.tv\/az\/article\/iran-prezidenti-ermenistana-yaxin-elaqelerin-inkisafini-teklif-edib\/\" \/>\n<meta property=\"og:locale\" content=\"az_AZ\" \/>\n<meta property=\"og:type\" content=\"article\" \/>\n<meta property=\"og:title\" content=\"\u0130ran prezidenti Erm\u0259nistana yax\u0131n \u0259laq\u0259l\u0259rin inki\u015faf\u0131n\u0131 t\u0259klif edib - MEYDAN.TV\" \/>\n<meta property=\"og:description\" content=\"Ruhani Rusiyan\u0131n r\u0259hb\u0259rlik etdiyi v\u0259 ke\u00e7mi\u015f Sovet respublikalar\u0131ndan ibar\u0259t ticar\u0259t bloku olan Avrasiya \u0130qtisadi Birliyi (EEU) zirv\u0259sind\u0259 i\u015ftirak etm\u0259k \u00fc\u00e7\u00fcn d\u00fcn\u0259n gec\u0259 Erm\u0259nistan paytaxt\u0131na g\u0259lib\" \/>\n<meta property=\"og:url\" content=\"https:\/\/www.meydan.tv\/az\/article\/iran-prezidenti-ermenistana-yaxin-elaqelerin-inkisafini-teklif-edib\/\" \/>\n<meta property=\"og:site_name\" content=\"MEYDAN.TV\" \/>\n<meta property=\"article:published_time\" content=\"2019-10-02T13:48:36+00:00\" \/>\n<meta property=\"og:image\" content=\"https:\/\/www.meydan.tv\/wp-content\/uploads\/ruhani_ermeni_aciqlamasi.jpg\" \/>\n\t<meta property=\"og:image:width\" content=\"1670\" \/>\n\t<meta property=\"og:image:height\" content=\"1113\" \/>\n\t<meta property=\"og:image:type\" content=\"image\/jpeg\" \/>\n<meta name=\"author\" content=\"user-manager\" \/>\n<meta name=\"twitter:card\" content=\"summary_large_image\" \/>\n<script type=\"application\/ld+json\" class=\"yoast-schema-graph\">{\"@context\":\"https:\\\/\\\/schema.org\",\"@graph\":[{\"@type\":\"Article\",\"@id\":\"https:\\\/\\\/www.meydan.tv\\\/az\\\/article\\\/iran-prezidenti-ermenistana-yaxin-elaqelerin-inkisafini-teklif-edib\\\/#article\",\"isPartOf\":{\"@id\":\"https:\\\/\\\/www.meydan.tv\\\/az\\\/article\\\/iran-prezidenti-ermenistana-yaxin-elaqelerin-inkisafini-teklif-edib\\\/\"},\"author\":{\"name\":\"user-manager\",\"@id\":\"https:\\\/\\\/www.meydan.tv\\\/az\\\/#\\\/schema\\\/person\\\/10d11eccf6da3662cf5fdab9806ea91a\"},\"headline\":\"\u0130ran prezidenti Erm\u0259nistana yax\u0131n \u0259laq\u0259l\u0259rin inki\u015faf\u0131n\u0131 t\u0259klif edib\",\"datePublished\":\"2019-10-02T13:48:36+00:00\",\"mainEntityOfPage\":{\"@id\":\"https:\\\/\\\/www.meydan.tv\\\/az\\\/article\\\/iran-prezidenti-ermenistana-yaxin-elaqelerin-inkisafini-teklif-edib\\\/\"},\"wordCount\":493,\"publisher\":{\"@id\":\"https:\\\/\\\/www.meydan.tv\\\/az\\\/#organization\"},\"image\":{\"@id\":\"https:\\\/\\\/www.meydan.tv\\\/az\\\/article\\\/iran-prezidenti-ermenistana-yaxin-elaqelerin-inkisafini-teklif-edib\\\/#primaryimage\"},\"thumbnailUrl\":\"https:\\\/\\\/www.meydan.tv\\\/wp-content\\\/uploads\\\/ruhani_ermeni_aciqlamasi.jpg\",\"articleSection\":[\"D\u00fcnya\"],\"inLanguage\":\"az\"},{\"@type\":\"WebPage\",\"@id\":\"https:\\\/\\\/www.meydan.tv\\\/az\\\/article\\\/iran-prezidenti-ermenistana-yaxin-elaqelerin-inkisafini-teklif-edib\\\/\",\"url\":\"https:\\\/\\\/www.meydan.tv\\\/az\\\/article\\\/iran-prezidenti-ermenistana-yaxin-elaqelerin-inkisafini-teklif-edib\\\/\",\"name\":\"\u0130ran prezidenti Erm\u0259nistana yax\u0131n \u0259laq\u0259l\u0259rin inki\u015faf\u0131n\u0131 t\u0259klif edib - MEYDAN.TV\",\"isPartOf\":{\"@id\":\"https:\\\/\\\/www.meydan.tv\\\/az\\\/#website\"},\"primaryImageOfPage\":{\"@id\":\"https:\\\/\\\/www.meydan.tv\\\/az\\\/article\\\/iran-prezidenti-ermenistana-yaxin-elaqelerin-inkisafini-teklif-edib\\\/#primaryimage\"},\"image\":{\"@id\":\"https:\\\/\\\/www.meydan.tv\\\/az\\\/article\\\/iran-prezidenti-ermenistana-yaxin-elaqelerin-inkisafini-teklif-edib\\\/#primaryimage\"},\"thumbnailUrl\":\"https:\\\/\\\/www.meydan.tv\\\/wp-content\\\/uploads\\\/ruhani_ermeni_aciqlamasi.jpg\",\"datePublished\":\"2019-10-02T13:48:36+00:00\",\"breadcrumb\":{\"@id\":\"https:\\\/\\\/www.meydan.tv\\\/az\\\/article\\\/iran-prezidenti-ermenistana-yaxin-elaqelerin-inkisafini-teklif-edib\\\/#breadcrumb\"},\"inLanguage\":\"az\",\"potentialAction\":[{\"@type\":\"ReadAction\",\"target\":[\"https:\\\/\\\/www.meydan.tv\\\/az\\\/article\\\/iran-prezidenti-ermenistana-yaxin-elaqelerin-inkisafini-teklif-edib\\\/\"]}]},{\"@type\":\"ImageObject\",\"inLanguage\":\"az\",\"@id\":\"https:\\\/\\\/www.meydan.tv\\\/az\\\/article\\\/iran-prezidenti-ermenistana-yaxin-elaqelerin-inkisafini-teklif-edib\\\/#primaryimage\",\"url\":\"https:\\\/\\\/www.meydan.tv\\\/wp-content\\\/uploads\\\/ruhani_ermeni_aciqlamasi.jpg\",\"contentUrl\":\"https:\\\/\\\/www.meydan.tv\\\/wp-content\\\/uploads\\\/ruhani_ermeni_aciqlamasi.jpg\",\"width\":1670,\"height\":1113,\"caption\":\"Source: google.az\"},{\"@type\":\"BreadcrumbList\",\"@id\":\"https:\\\/\\\/www.meydan.tv\\\/az\\\/article\\\/iran-prezidenti-ermenistana-yaxin-elaqelerin-inkisafini-teklif-edib\\\/#breadcrumb\",\"itemListElement\":[{\"@type\":\"ListItem\",\"position\":1,\"name\":\"Ana s\u0259hif\u0259\",\"item\":\"https:\\\/\\\/www.meydan.tv\\\/az\\\/\"},{\"@type\":\"ListItem\",\"position\":2,\"name\":\"D\u00fcnya\",\"item\":\"https:\\\/\\\/www.meydan.tv\\\/az\\\/section\\\/dunya\\\/\"},{\"@type\":\"ListItem\",\"position\":3,\"name\":\"\u0130ran prezidenti Erm\u0259nistana yax\u0131n \u0259laq\u0259l\u0259rin inki\u015faf\u0131n\u0131 t\u0259klif edib\"}]},{\"@type\":\"WebSite\",\"@id\":\"https:\\\/\\\/www.meydan.tv\\\/az\\\/#website\",\"url\":\"https:\\\/\\\/www.meydan.tv\\\/az\\\/\",\"name\":\"MEYDAN.TV\",\"description\":\"Meydan TV Az\u0259rbaycan\u0131n media m\u0259kan\u0131ndak\u0131 alternativ s\u0259sidir\",\"publisher\":{\"@id\":\"https:\\\/\\\/www.meydan.tv\\\/az\\\/#organization\"},\"potentialAction\":[{\"@type\":\"SearchAction\",\"target\":{\"@type\":\"EntryPoint\",\"urlTemplate\":\"https:\\\/\\\/www.meydan.tv\\\/az\\\/?s={search_term_string}\"},\"query-input\":{\"@type\":\"PropertyValueSpecification\",\"valueRequired\":true,\"valueName\":\"search_term_string\"}}],\"inLanguage\":\"az\"},{\"@type\":\"Organization\",\"@id\":\"https:\\\/\\\/www.meydan.tv\\\/az\\\/#organization\",\"name\":\"Meydan TV\",\"url\":\"https:\\\/\\\/www.meydan.tv\\\/az\\\/\",\"logo\":{\"@type\":\"ImageObject\",\"inLanguage\":\"az\",\"@id\":\"https:\\\/\\\/www.meydan.tv\\\/az\\\/#\\\/schema\\\/logo\\\/image\\\/\",\"url\":\"https:\\\/\\\/www.meydan.tv\\\/wp-content\\\/uploads\\\/2021\\\/07\\\/meydan-logo.svg\",\"contentUrl\":\"https:\\\/\\\/www.meydan.tv\\\/wp-content\\\/uploads\\\/2021\\\/07\\\/meydan-logo.svg\",\"width\":195,\"height\":46,\"caption\":\"Meydan TV\"},\"image\":{\"@id\":\"https:\\\/\\\/www.meydan.tv\\\/az\\\/#\\\/schema\\\/logo\\\/image\\\/\"}},{\"@type\":\"Person\",\"@id\":\"https:\\\/\\\/www.meydan.tv\\\/az\\\/#\\\/schema\\\/person\\\/10d11eccf6da3662cf5fdab9806ea91a\",\"name\":\"user-manager\"}]}<\/script>\n<!-- \/ Yoast SEO plugin. -->","yoast_head_json":{"title":"\u0130ran prezidenti Erm\u0259nistana yax\u0131n \u0259laq\u0259l\u0259rin inki\u015faf\u0131n\u0131 t\u0259klif edib - MEYDAN.TV","robots":{"index":"index","follow":"follow","max-snippet":"max-snippet:-1","max-image-preview":"max-image-preview:large","max-video-preview":"max-video-preview:-1"},"canonical":"https:\/\/www.meydan.tv\/az\/article\/iran-prezidenti-ermenistana-yaxin-elaqelerin-inkisafini-teklif-edib\/","og_locale":"az_AZ","og_type":"article","og_title":"\u0130ran prezidenti Erm\u0259nistana yax\u0131n \u0259laq\u0259l\u0259rin inki\u015faf\u0131n\u0131 t\u0259klif edib - MEYDAN.TV","og_description":"Ruhani Rusiyan\u0131n r\u0259hb\u0259rlik etdiyi v\u0259 ke\u00e7mi\u015f Sovet respublikalar\u0131ndan ibar\u0259t ticar\u0259t bloku olan Avrasiya \u0130qtisadi Birliyi (EEU) zirv\u0259sind\u0259 i\u015ftirak etm\u0259k \u00fc\u00e7\u00fcn d\u00fcn\u0259n gec\u0259 Erm\u0259nistan paytaxt\u0131na g\u0259lib","og_url":"https:\/\/www.meydan.tv\/az\/article\/iran-prezidenti-ermenistana-yaxin-elaqelerin-inkisafini-teklif-edib\/","og_site_name":"MEYDAN.TV","article_published_time":"2019-10-02T13:48:36+00:00","og_image":[{"width":1670,"height":1113,"url":"https:\/\/www.meydan.tv\/wp-content\/uploads\/ruhani_ermeni_aciqlamasi.jpg","type":"image\/jpeg"}],"author":"user-manager","twitter_card":"summary_large_image","schema":{"@context":"https:\/\/schema.org","@graph":[{"@type":"Article","@id":"https:\/\/www.meydan.tv\/az\/article\/iran-prezidenti-ermenistana-yaxin-elaqelerin-inkisafini-teklif-edib\/#article","isPartOf":{"@id":"https:\/\/www.meydan.tv\/az\/article\/iran-prezidenti-ermenistana-yaxin-elaqelerin-inkisafini-teklif-edib\/"},"author":{"name":"user-manager","@id":"https:\/\/www.meydan.tv\/az\/#\/schema\/person\/10d11eccf6da3662cf5fdab9806ea91a"},"headline":"\u0130ran prezidenti Erm\u0259nistana yax\u0131n \u0259laq\u0259l\u0259rin inki\u015faf\u0131n\u0131 t\u0259klif edib","datePublished":"2019-10-02T13:48:36+00:00","mainEntityOfPage":{"@id":"https:\/\/www.meydan.tv\/az\/article\/iran-prezidenti-ermenistana-yaxin-elaqelerin-inkisafini-teklif-edib\/"},"wordCount":493,"publisher":{"@id":"https:\/\/www.meydan.tv\/az\/#organization"},"image":{"@id":"https:\/\/www.meydan.tv\/az\/article\/iran-prezidenti-ermenistana-yaxin-elaqelerin-inkisafini-teklif-edib\/#primaryimage"},"thumbnailUrl":"https:\/\/www.meydan.tv\/wp-content\/uploads\/ruhani_ermeni_aciqlamasi.jpg","articleSection":["D\u00fcnya"],"inLanguage":"az"},{"@type":"WebPage","@id":"https:\/\/www.meydan.tv\/az\/article\/iran-prezidenti-ermenistana-yaxin-elaqelerin-inkisafini-teklif-edib\/","url":"https:\/\/www.meydan.tv\/az\/article\/iran-prezidenti-ermenistana-yaxin-elaqelerin-inkisafini-teklif-edib\/","name":"\u0130ran prezidenti Erm\u0259nistana yax\u0131n \u0259laq\u0259l\u0259rin inki\u015faf\u0131n\u0131 t\u0259klif edib - MEYDAN.TV","isPartOf":{"@id":"https:\/\/www.meydan.tv\/az\/#website"},"primaryImageOfPage":{"@id":"https:\/\/www.meydan.tv\/az\/article\/iran-prezidenti-ermenistana-yaxin-elaqelerin-inkisafini-teklif-edib\/#primaryimage"},"image":{"@id":"https:\/\/www.meydan.tv\/az\/article\/iran-prezidenti-ermenistana-yaxin-elaqelerin-inkisafini-teklif-edib\/#primaryimage"},"thumbnailUrl":"https:\/\/www.meydan.tv\/wp-content\/uploads\/ruhani_ermeni_aciqlamasi.jpg","datePublished":"2019-10-02T13:48:36+00:00","breadcrumb":{"@id":"https:\/\/www.meydan.tv\/az\/article\/iran-prezidenti-ermenistana-yaxin-elaqelerin-inkisafini-teklif-edib\/#breadcrumb"},"inLanguage":"az","potentialAction":[{"@type":"ReadAction","target":["https:\/\/www.meydan.tv\/az\/article\/iran-prezidenti-ermenistana-yaxin-elaqelerin-inkisafini-teklif-edib\/"]}]},{"@type":"ImageObject","inLanguage":"az","@id":"https:\/\/www.meydan.tv\/az\/article\/iran-prezidenti-ermenistana-yaxin-elaqelerin-inkisafini-teklif-edib\/#primaryimage","url":"https:\/\/www.meydan.tv\/wp-content\/uploads\/ruhani_ermeni_aciqlamasi.jpg","contentUrl":"https:\/\/www.meydan.tv\/wp-content\/uploads\/ruhani_ermeni_aciqlamasi.jpg","width":1670,"height":1113,"caption":"Source: google.az"},{"@type":"BreadcrumbList","@id":"https:\/\/www.meydan.tv\/az\/article\/iran-prezidenti-ermenistana-yaxin-elaqelerin-inkisafini-teklif-edib\/#breadcrumb","itemListElement":[{"@type":"ListItem","position":1,"name":"Ana s\u0259hif\u0259","item":"https:\/\/www.meydan.tv\/az\/"},{"@type":"ListItem","position":2,"name":"D\u00fcnya","item":"https:\/\/www.meydan.tv\/az\/section\/dunya\/"},{"@type":"ListItem","position":3,"name":"\u0130ran prezidenti Erm\u0259nistana yax\u0131n \u0259laq\u0259l\u0259rin inki\u015faf\u0131n\u0131 t\u0259klif edib"}]},{"@type":"WebSite","@id":"https:\/\/www.meydan.tv\/az\/#website","url":"https:\/\/www.meydan.tv\/az\/","name":"MEYDAN.TV","description":"Meydan TV Az\u0259rbaycan\u0131n media m\u0259kan\u0131ndak\u0131 alternativ s\u0259sidir","publisher":{"@id":"https:\/\/www.meydan.tv\/az\/#organization"},"potentialAction":[{"@type":"SearchAction","target":{"@type":"EntryPoint","urlTemplate":"https:\/\/www.meydan.tv\/az\/?s={search_term_string}"},"query-input":{"@type":"PropertyValueSpecification","valueRequired":true,"valueName":"search_term_string"}}],"inLanguage":"az"},{"@type":"Organization","@id":"https:\/\/www.meydan.tv\/az\/#organization","name":"Meydan TV","url":"https:\/\/www.meydan.tv\/az\/","logo":{"@type":"ImageObject","inLanguage":"az","@id":"https:\/\/www.meydan.tv\/az\/#\/schema\/logo\/image\/","url":"https:\/\/www.meydan.tv\/wp-content\/uploads\/2021\/07\/meydan-logo.svg","contentUrl":"https:\/\/www.meydan.tv\/wp-content\/uploads\/2021\/07\/meydan-logo.svg","width":195,"height":46,"caption":"Meydan TV"},"image":{"@id":"https:\/\/www.meydan.tv\/az\/#\/schema\/logo\/image\/"}},{"@type":"Person","@id":"https:\/\/www.meydan.tv\/az\/#\/schema\/person\/10d11eccf6da3662cf5fdab9806ea91a","name":"user-manager"}]}},"_links":{"self":[{"href":"https:\/\/www.meydan.tv\/az\/wp-json\/wp\/v2\/posts\/197253","targetHints":{"allow":["GET"]}}],"collection":[{"href":"https:\/\/www.meydan.tv\/az\/wp-json\/wp\/v2\/posts"}],"about":[{"href":"https:\/\/www.meydan.tv\/az\/wp-json\/wp\/v2\/types\/post"}],"author":[{"embeddable":true,"href":"https:\/\/www.meydan.tv\/az\/wp-json\/wp\/v2\/users\/11"}],"replies":[{"embeddable":true,"href":"https:\/\/www.meydan.tv\/az\/wp-json\/wp\/v2\/comments?post=197253"}],"version-history":[{"count":0,"href":"https:\/\/www.meydan.tv\/az\/wp-json\/wp\/v2\/posts\/197253\/revisions"}],"wp:featuredmedia":[{"embeddable":true,"href":"https:\/\/www.meydan.tv\/az\/wp-json\/wp\/v2\/media\/130564"}],"wp:attachment":[{"href":"https:\/\/www.meydan.tv\/az\/wp-json\/wp\/v2\/media?parent=197253"}],"wp:term":[{"taxonomy":"category","embeddable":true,"href":"https:\/\/www.meydan.tv\/az\/wp-json\/wp\/v2\/categories?post=197253"},{"taxonomy":"post_tag","embeddable":true,"href":"https:\/\/www.meydan.tv\/az\/wp-json\/wp\/v2\/tags?post=197253"}],"curies":[{"name":"wp","href":"https:\/\/api.w.org\/{rel}","templated":true}]}}