{"id":197225,"date":"2019-10-01T10:26:25","date_gmt":"2019-10-01T10:26:25","guid":{"rendered":"https:\/\/www.meydan.tv\/article\/bosniya-jurnalistleri-daha-yaxsi-qoruma-teleb-edir\/"},"modified":"2019-10-01T10:26:25","modified_gmt":"2019-10-01T10:26:25","slug":"bosniya-jurnalistleri-daha-yaxsi-qoruma-teleb-edir","status":"publish","type":"post","link":"https:\/\/www.meydan.tv\/az\/article\/bosniya-jurnalistleri-daha-yaxsi-qoruma-teleb-edir\/","title":{"rendered":"Bosniya jurnalistl\u0259ri daha yax\u015f\u0131 qoruma t\u0259l\u0259b edir"},"content":{"rendered":"<p>\n  <i><br \/>\n    Media n\u00fcmay\u0259nd\u0259l\u0259ri zorak\u0131l\u0131\u011fa qar\u015f\u0131 etiraz y\u00fcr\u00fc\u015f\u00fc ke\u00e7iribl\u0259r<br \/>\n  <\/i>\n<\/p>\n<p>\n  Jurnalistl\u0259r Bosniya-Herseqovina paytaxt\u0131nda media i\u015f\u00e7il\u0259rin\u0259 qar\u015f\u0131 zorak\u0131l\u0131\u011fa etiraz etm\u0259k \u00fc\u00e7\u00fcn y\u00fcr\u00fc\u015f edibl\u0259r. Hadis\u0259 futbol azarke\u015fl\u0259rinin Sarayevoda bir radio stansiyas\u0131na gir\u0259r\u0259k media orqan\u0131ndan bir x\u0259b\u0259ri veb saytdan \u00e7\u0131xarma\u011fa m\u0259cbur etm\u0259sind\u0259n sonra ba\u015f verib, &#8211; RFE\/RL x\u0259b\u0259r verir.\n<\/p>\n<p>\n  Sentyabr\u0131n 30-da 100-\u0259 yax\u0131n n\u00fcmayi\u015f\u00e7i \u201cFK Sarayevo\u201d futbol klubunun qar\u015f\u0131s\u0131nda toplanaraq daha yax\u015f\u0131 qorunma v\u0259 m\u0259tbuata edil\u0259n h\u00fccumlara g\u00f6r\u0259 daha s\u0259rt c\u0259za t\u0259l\u0259b ed\u0259r\u0259k, \u015f\u0259h\u0259r m\u0259rk\u0259zin\u0259 do\u011fru y\u00fcr\u00fc\u015f edibl\u0259r.\n<\/p>\n<p>\n  \u201cBosniyada jurnalist olmaq \u00e7ox \u00e7\u0259tindir v\u0259 h\u0259r il daha da \u00e7\u0259tinl\u0259\u015fir\u201d, &#8211; \u201cRadiosarajevo.ba\u201d x\u0259b\u0259r portal\u0131n\u0131n redaksiya hey\u0259tinin \u00fczv\u00fc Faruk Vele deyib.\n<\/p>\n<p>\n  Vele h\u0259m\u00e7inin deyib ki, \u00f6lk\u0259 qurumlar\u0131 jurnalistl\u0259ri h\u00fccumlardan z\u0259if qoruyur.\n<\/p>\n<p>\n  Sentyabr\u0131n 27-d\u0259 ba\u015f vermi\u015f hadis\u0259 il\u0259 \u0259laq\u0259dar polis iki n\u0259f\u0259ri n\u0259zar\u0259t\u0259 g\u00f6t\u00fcr\u00fcb.\n<\/p>\n<p>\n  Hadis\u0259ni \u201c\u0259sl girov v\u0259ziyy\u0259ti\u201d olaraq xarakteriz\u0259 ed\u0259n \u201cRadio Sarayevo\u201d deyib ki, \u00f6l\u00fcm t\u0259hdidl\u0259ri il\u0259 qar\u015f\u0131-qar\u015f\u0131ya qalan redaktor x\u0259b\u0259ri saytdan \u00e7\u0131xarmaq m\u0259cburiyy\u0259tind\u0259 qal\u0131b.\n<\/p>\n<p>\n  \u201cFK Sarayevo\u201d hadis\u0259ni q\u0131nay\u0131b.\n<\/p>\n<p>\n  Sentyabr\u0131n 30-da birg\u0259 b\u0259yanatda AT\u018fT-in media azadl\u0131\u011f\u0131 \u00fczr\u0259 n\u00fcmay\u0259nd\u0259si Harlem Desir v\u0259 AT\u018fT-in Bosniyadak\u0131 missiyas\u0131n\u0131n r\u0259hb\u0259ri Kathleen Kavalec hakimiyy\u0259ti jurnalistl\u0259ri daha yax\u015f\u0131 qoruma\u011fa \u00e7a\u011f\u0131r\u0131b.\n<\/p>\n<p>\n  \u201cJurnalistl\u0259rin t\u0259hl\u00fck\u0259sizliyi, demokratik sisteml\u0259rimizin \u0259sas s\u00fctunu olan media azadl\u0131\u011f\u0131n\u0131n \u0259n vacib \u015f\u0259rtl\u0259rind\u0259n biridir,\u201d- Desir qeyd edib.\n<\/p>\n<p>\n  Kavalec h\u0259m\u00e7inin \u0259lav\u0259 edib ki, bu g\u00fcn\u0259 q\u0259d\u0259r jurnalistl\u0259r\u0259 edil\u0259n h\u00fccumlar\u0131n say\u0131 bu il h\u0259y\u0259canverici s\u0259viyy\u0259y\u0259 \u00e7at\u0131b.\n<\/p>\n<p>\n  AB\u015e-\u0131n Sarayevodak\u0131 s\u0259firliyi Radio Sarayevoya edil\u0259n \u201c\u00e7irkin h\u00fccumun\u201d q\u0259buledilm\u0259z oldu\u011funu deyib.\n<\/p>\n<p>\n  \u201cBiz jurnalistl\u0259rin repressiya qorxusu olmadan x\u0259b\u0259r yayma h\u00fcququnu m\u00fcdafi\u0259 edirik. Jurnalistl\u0259r susdurulduqda c\u0259miyy\u0259t \u0259ziyy\u0259t \u00e7\u0259kir,\u201d &#8211; s\u0259firlik \u201cTwitter\u201d hesab\u0131nda qeyd edib.\n<\/p>\n<p>\n  Bosniya S\u0259rh\u0259dsiz Reportyorlar\u0131n \u201c2019 D\u00fcnya M\u0259tbuat Azadl\u0131\u011f\u0131 \u0130ndeksind\u0259\u201d 180 \u00f6lk\u0259 aras\u0131nda 63-c\u00fc s\u0131rada yer al\u0131r.<\/p>\n","protected":false},"excerpt":{"rendered":"<p>Vele h\u0259m\u00e7inin deyib ki, \u00f6lk\u0259 qurumlar\u0131 jurnalistl\u0259ri h\u00fccumlardan z\u0259if qoruyur<\/p>\n","protected":false},"author":11,"featured_media":130501,"comment_status":"closed","ping_status":"open","sticky":false,"template":"","format":"standard","meta":{"_acf_changed":false,"_sitemap_exclude":false,"_sitemap_priority":"","_sitemap_frequency":"","footnotes":""},"categories":[64],"tags":[],"class_list":["post-197225","post","type-post","status-publish","format-standard","has-post-thumbnail","hentry","category-dunya","infinite-scroll-item","generate-columns","tablet-grid-50","mobile-grid-100","grid-parent","grid-33","no-featured-image-padding"],"acf":[],"yoast_head":"<!-- This site is optimized with the Yoast SEO plugin v27.5 - https:\/\/yoast.com\/product\/yoast-seo-wordpress\/ -->\n<title>Bosniya jurnalistl\u0259ri daha yax\u015f\u0131 qoruma t\u0259l\u0259b edir - MEYDAN.TV<\/title>\n<meta name=\"robots\" content=\"index, follow, max-snippet:-1, max-image-preview:large, max-video-preview:-1\" \/>\n<link rel=\"canonical\" href=\"https:\/\/www.meydan.tv\/az\/article\/bosniya-jurnalistleri-daha-yaxsi-qoruma-teleb-edir\/\" \/>\n<meta property=\"og:locale\" content=\"az_AZ\" \/>\n<meta property=\"og:type\" content=\"article\" \/>\n<meta property=\"og:title\" content=\"Bosniya jurnalistl\u0259ri daha yax\u015f\u0131 qoruma t\u0259l\u0259b edir - MEYDAN.TV\" \/>\n<meta property=\"og:description\" content=\"Vele h\u0259m\u00e7inin deyib ki, \u00f6lk\u0259 qurumlar\u0131 jurnalistl\u0259ri h\u00fccumlardan z\u0259if qoruyur\" \/>\n<meta property=\"og:url\" content=\"https:\/\/www.meydan.tv\/az\/article\/bosniya-jurnalistleri-daha-yaxsi-qoruma-teleb-edir\/\" \/>\n<meta property=\"og:site_name\" content=\"MEYDAN.TV\" \/>\n<meta property=\"article:published_time\" content=\"2019-10-01T10:26:25+00:00\" \/>\n<meta property=\"og:image\" content=\"https:\/\/www.meydan.tv\/wp-content\/uploads\/faruk-vele-ddbih-1-hayat.jpg\" \/>\n\t<meta property=\"og:image:width\" content=\"1920\" \/>\n\t<meta property=\"og:image:height\" content=\"1080\" \/>\n\t<meta property=\"og:image:type\" content=\"image\/jpeg\" \/>\n<meta name=\"author\" content=\"user-manager\" \/>\n<meta name=\"twitter:card\" content=\"summary_large_image\" \/>\n<script type=\"application\/ld+json\" class=\"yoast-schema-graph\">{\"@context\":\"https:\\\/\\\/schema.org\",\"@graph\":[{\"@type\":\"Article\",\"@id\":\"https:\\\/\\\/www.meydan.tv\\\/az\\\/article\\\/bosniya-jurnalistleri-daha-yaxsi-qoruma-teleb-edir\\\/#article\",\"isPartOf\":{\"@id\":\"https:\\\/\\\/www.meydan.tv\\\/az\\\/article\\\/bosniya-jurnalistleri-daha-yaxsi-qoruma-teleb-edir\\\/\"},\"author\":{\"name\":\"user-manager\",\"@id\":\"https:\\\/\\\/www.meydan.tv\\\/az\\\/#\\\/schema\\\/person\\\/10d11eccf6da3662cf5fdab9806ea91a\"},\"headline\":\"Bosniya jurnalistl\u0259ri daha yax\u015f\u0131 qoruma t\u0259l\u0259b edir\",\"datePublished\":\"2019-10-01T10:26:25+00:00\",\"mainEntityOfPage\":{\"@id\":\"https:\\\/\\\/www.meydan.tv\\\/az\\\/article\\\/bosniya-jurnalistleri-daha-yaxsi-qoruma-teleb-edir\\\/\"},\"wordCount\":415,\"publisher\":{\"@id\":\"https:\\\/\\\/www.meydan.tv\\\/az\\\/#organization\"},\"image\":{\"@id\":\"https:\\\/\\\/www.meydan.tv\\\/az\\\/article\\\/bosniya-jurnalistleri-daha-yaxsi-qoruma-teleb-edir\\\/#primaryimage\"},\"thumbnailUrl\":\"https:\\\/\\\/www.meydan.tv\\\/wp-content\\\/uploads\\\/faruk-vele-ddbih-1-hayat.jpg\",\"articleSection\":[\"D\u00fcnya\"],\"inLanguage\":\"az\"},{\"@type\":\"WebPage\",\"@id\":\"https:\\\/\\\/www.meydan.tv\\\/az\\\/article\\\/bosniya-jurnalistleri-daha-yaxsi-qoruma-teleb-edir\\\/\",\"url\":\"https:\\\/\\\/www.meydan.tv\\\/az\\\/article\\\/bosniya-jurnalistleri-daha-yaxsi-qoruma-teleb-edir\\\/\",\"name\":\"Bosniya jurnalistl\u0259ri daha yax\u015f\u0131 qoruma t\u0259l\u0259b edir - MEYDAN.TV\",\"isPartOf\":{\"@id\":\"https:\\\/\\\/www.meydan.tv\\\/az\\\/#website\"},\"primaryImageOfPage\":{\"@id\":\"https:\\\/\\\/www.meydan.tv\\\/az\\\/article\\\/bosniya-jurnalistleri-daha-yaxsi-qoruma-teleb-edir\\\/#primaryimage\"},\"image\":{\"@id\":\"https:\\\/\\\/www.meydan.tv\\\/az\\\/article\\\/bosniya-jurnalistleri-daha-yaxsi-qoruma-teleb-edir\\\/#primaryimage\"},\"thumbnailUrl\":\"https:\\\/\\\/www.meydan.tv\\\/wp-content\\\/uploads\\\/faruk-vele-ddbih-1-hayat.jpg\",\"datePublished\":\"2019-10-01T10:26:25+00:00\",\"breadcrumb\":{\"@id\":\"https:\\\/\\\/www.meydan.tv\\\/az\\\/article\\\/bosniya-jurnalistleri-daha-yaxsi-qoruma-teleb-edir\\\/#breadcrumb\"},\"inLanguage\":\"az\",\"potentialAction\":[{\"@type\":\"ReadAction\",\"target\":[\"https:\\\/\\\/www.meydan.tv\\\/az\\\/article\\\/bosniya-jurnalistleri-daha-yaxsi-qoruma-teleb-edir\\\/\"]}]},{\"@type\":\"ImageObject\",\"inLanguage\":\"az\",\"@id\":\"https:\\\/\\\/www.meydan.tv\\\/az\\\/article\\\/bosniya-jurnalistleri-daha-yaxsi-qoruma-teleb-edir\\\/#primaryimage\",\"url\":\"https:\\\/\\\/www.meydan.tv\\\/wp-content\\\/uploads\\\/faruk-vele-ddbih-1-hayat.jpg\",\"contentUrl\":\"https:\\\/\\\/www.meydan.tv\\\/wp-content\\\/uploads\\\/faruk-vele-ddbih-1-hayat.jpg\",\"width\":1920,\"height\":1080,\"caption\":\"Source: google.az\"},{\"@type\":\"BreadcrumbList\",\"@id\":\"https:\\\/\\\/www.meydan.tv\\\/az\\\/article\\\/bosniya-jurnalistleri-daha-yaxsi-qoruma-teleb-edir\\\/#breadcrumb\",\"itemListElement\":[{\"@type\":\"ListItem\",\"position\":1,\"name\":\"Ana s\u0259hif\u0259\",\"item\":\"https:\\\/\\\/www.meydan.tv\\\/az\\\/\"},{\"@type\":\"ListItem\",\"position\":2,\"name\":\"D\u00fcnya\",\"item\":\"https:\\\/\\\/www.meydan.tv\\\/az\\\/section\\\/dunya\\\/\"},{\"@type\":\"ListItem\",\"position\":3,\"name\":\"Bosniya jurnalistl\u0259ri daha yax\u015f\u0131 qoruma t\u0259l\u0259b edir\"}]},{\"@type\":\"WebSite\",\"@id\":\"https:\\\/\\\/www.meydan.tv\\\/az\\\/#website\",\"url\":\"https:\\\/\\\/www.meydan.tv\\\/az\\\/\",\"name\":\"MEYDAN.TV\",\"description\":\"Meydan TV Az\u0259rbaycan\u0131n media m\u0259kan\u0131ndak\u0131 alternativ s\u0259sidir\",\"publisher\":{\"@id\":\"https:\\\/\\\/www.meydan.tv\\\/az\\\/#organization\"},\"potentialAction\":[{\"@type\":\"SearchAction\",\"target\":{\"@type\":\"EntryPoint\",\"urlTemplate\":\"https:\\\/\\\/www.meydan.tv\\\/az\\\/?s={search_term_string}\"},\"query-input\":{\"@type\":\"PropertyValueSpecification\",\"valueRequired\":true,\"valueName\":\"search_term_string\"}}],\"inLanguage\":\"az\"},{\"@type\":\"Organization\",\"@id\":\"https:\\\/\\\/www.meydan.tv\\\/az\\\/#organization\",\"name\":\"Meydan TV\",\"url\":\"https:\\\/\\\/www.meydan.tv\\\/az\\\/\",\"logo\":{\"@type\":\"ImageObject\",\"inLanguage\":\"az\",\"@id\":\"https:\\\/\\\/www.meydan.tv\\\/az\\\/#\\\/schema\\\/logo\\\/image\\\/\",\"url\":\"https:\\\/\\\/www.meydan.tv\\\/wp-content\\\/uploads\\\/2021\\\/07\\\/meydan-logo.svg\",\"contentUrl\":\"https:\\\/\\\/www.meydan.tv\\\/wp-content\\\/uploads\\\/2021\\\/07\\\/meydan-logo.svg\",\"width\":195,\"height\":46,\"caption\":\"Meydan TV\"},\"image\":{\"@id\":\"https:\\\/\\\/www.meydan.tv\\\/az\\\/#\\\/schema\\\/logo\\\/image\\\/\"}},{\"@type\":\"Person\",\"@id\":\"https:\\\/\\\/www.meydan.tv\\\/az\\\/#\\\/schema\\\/person\\\/10d11eccf6da3662cf5fdab9806ea91a\",\"name\":\"user-manager\"}]}<\/script>\n<!-- \/ Yoast SEO plugin. -->","yoast_head_json":{"title":"Bosniya jurnalistl\u0259ri daha yax\u015f\u0131 qoruma t\u0259l\u0259b edir - MEYDAN.TV","robots":{"index":"index","follow":"follow","max-snippet":"max-snippet:-1","max-image-preview":"max-image-preview:large","max-video-preview":"max-video-preview:-1"},"canonical":"https:\/\/www.meydan.tv\/az\/article\/bosniya-jurnalistleri-daha-yaxsi-qoruma-teleb-edir\/","og_locale":"az_AZ","og_type":"article","og_title":"Bosniya jurnalistl\u0259ri daha yax\u015f\u0131 qoruma t\u0259l\u0259b edir - MEYDAN.TV","og_description":"Vele h\u0259m\u00e7inin deyib ki, \u00f6lk\u0259 qurumlar\u0131 jurnalistl\u0259ri h\u00fccumlardan z\u0259if qoruyur","og_url":"https:\/\/www.meydan.tv\/az\/article\/bosniya-jurnalistleri-daha-yaxsi-qoruma-teleb-edir\/","og_site_name":"MEYDAN.TV","article_published_time":"2019-10-01T10:26:25+00:00","og_image":[{"width":1920,"height":1080,"url":"https:\/\/www.meydan.tv\/wp-content\/uploads\/faruk-vele-ddbih-1-hayat.jpg","type":"image\/jpeg"}],"author":"user-manager","twitter_card":"summary_large_image","schema":{"@context":"https:\/\/schema.org","@graph":[{"@type":"Article","@id":"https:\/\/www.meydan.tv\/az\/article\/bosniya-jurnalistleri-daha-yaxsi-qoruma-teleb-edir\/#article","isPartOf":{"@id":"https:\/\/www.meydan.tv\/az\/article\/bosniya-jurnalistleri-daha-yaxsi-qoruma-teleb-edir\/"},"author":{"name":"user-manager","@id":"https:\/\/www.meydan.tv\/az\/#\/schema\/person\/10d11eccf6da3662cf5fdab9806ea91a"},"headline":"Bosniya jurnalistl\u0259ri daha yax\u015f\u0131 qoruma t\u0259l\u0259b edir","datePublished":"2019-10-01T10:26:25+00:00","mainEntityOfPage":{"@id":"https:\/\/www.meydan.tv\/az\/article\/bosniya-jurnalistleri-daha-yaxsi-qoruma-teleb-edir\/"},"wordCount":415,"publisher":{"@id":"https:\/\/www.meydan.tv\/az\/#organization"},"image":{"@id":"https:\/\/www.meydan.tv\/az\/article\/bosniya-jurnalistleri-daha-yaxsi-qoruma-teleb-edir\/#primaryimage"},"thumbnailUrl":"https:\/\/www.meydan.tv\/wp-content\/uploads\/faruk-vele-ddbih-1-hayat.jpg","articleSection":["D\u00fcnya"],"inLanguage":"az"},{"@type":"WebPage","@id":"https:\/\/www.meydan.tv\/az\/article\/bosniya-jurnalistleri-daha-yaxsi-qoruma-teleb-edir\/","url":"https:\/\/www.meydan.tv\/az\/article\/bosniya-jurnalistleri-daha-yaxsi-qoruma-teleb-edir\/","name":"Bosniya jurnalistl\u0259ri daha yax\u015f\u0131 qoruma t\u0259l\u0259b edir - MEYDAN.TV","isPartOf":{"@id":"https:\/\/www.meydan.tv\/az\/#website"},"primaryImageOfPage":{"@id":"https:\/\/www.meydan.tv\/az\/article\/bosniya-jurnalistleri-daha-yaxsi-qoruma-teleb-edir\/#primaryimage"},"image":{"@id":"https:\/\/www.meydan.tv\/az\/article\/bosniya-jurnalistleri-daha-yaxsi-qoruma-teleb-edir\/#primaryimage"},"thumbnailUrl":"https:\/\/www.meydan.tv\/wp-content\/uploads\/faruk-vele-ddbih-1-hayat.jpg","datePublished":"2019-10-01T10:26:25+00:00","breadcrumb":{"@id":"https:\/\/www.meydan.tv\/az\/article\/bosniya-jurnalistleri-daha-yaxsi-qoruma-teleb-edir\/#breadcrumb"},"inLanguage":"az","potentialAction":[{"@type":"ReadAction","target":["https:\/\/www.meydan.tv\/az\/article\/bosniya-jurnalistleri-daha-yaxsi-qoruma-teleb-edir\/"]}]},{"@type":"ImageObject","inLanguage":"az","@id":"https:\/\/www.meydan.tv\/az\/article\/bosniya-jurnalistleri-daha-yaxsi-qoruma-teleb-edir\/#primaryimage","url":"https:\/\/www.meydan.tv\/wp-content\/uploads\/faruk-vele-ddbih-1-hayat.jpg","contentUrl":"https:\/\/www.meydan.tv\/wp-content\/uploads\/faruk-vele-ddbih-1-hayat.jpg","width":1920,"height":1080,"caption":"Source: google.az"},{"@type":"BreadcrumbList","@id":"https:\/\/www.meydan.tv\/az\/article\/bosniya-jurnalistleri-daha-yaxsi-qoruma-teleb-edir\/#breadcrumb","itemListElement":[{"@type":"ListItem","position":1,"name":"Ana s\u0259hif\u0259","item":"https:\/\/www.meydan.tv\/az\/"},{"@type":"ListItem","position":2,"name":"D\u00fcnya","item":"https:\/\/www.meydan.tv\/az\/section\/dunya\/"},{"@type":"ListItem","position":3,"name":"Bosniya jurnalistl\u0259ri daha yax\u015f\u0131 qoruma t\u0259l\u0259b edir"}]},{"@type":"WebSite","@id":"https:\/\/www.meydan.tv\/az\/#website","url":"https:\/\/www.meydan.tv\/az\/","name":"MEYDAN.TV","description":"Meydan TV Az\u0259rbaycan\u0131n media m\u0259kan\u0131ndak\u0131 alternativ s\u0259sidir","publisher":{"@id":"https:\/\/www.meydan.tv\/az\/#organization"},"potentialAction":[{"@type":"SearchAction","target":{"@type":"EntryPoint","urlTemplate":"https:\/\/www.meydan.tv\/az\/?s={search_term_string}"},"query-input":{"@type":"PropertyValueSpecification","valueRequired":true,"valueName":"search_term_string"}}],"inLanguage":"az"},{"@type":"Organization","@id":"https:\/\/www.meydan.tv\/az\/#organization","name":"Meydan TV","url":"https:\/\/www.meydan.tv\/az\/","logo":{"@type":"ImageObject","inLanguage":"az","@id":"https:\/\/www.meydan.tv\/az\/#\/schema\/logo\/image\/","url":"https:\/\/www.meydan.tv\/wp-content\/uploads\/2021\/07\/meydan-logo.svg","contentUrl":"https:\/\/www.meydan.tv\/wp-content\/uploads\/2021\/07\/meydan-logo.svg","width":195,"height":46,"caption":"Meydan TV"},"image":{"@id":"https:\/\/www.meydan.tv\/az\/#\/schema\/logo\/image\/"}},{"@type":"Person","@id":"https:\/\/www.meydan.tv\/az\/#\/schema\/person\/10d11eccf6da3662cf5fdab9806ea91a","name":"user-manager"}]}},"_links":{"self":[{"href":"https:\/\/www.meydan.tv\/az\/wp-json\/wp\/v2\/posts\/197225","targetHints":{"allow":["GET"]}}],"collection":[{"href":"https:\/\/www.meydan.tv\/az\/wp-json\/wp\/v2\/posts"}],"about":[{"href":"https:\/\/www.meydan.tv\/az\/wp-json\/wp\/v2\/types\/post"}],"author":[{"embeddable":true,"href":"https:\/\/www.meydan.tv\/az\/wp-json\/wp\/v2\/users\/11"}],"replies":[{"embeddable":true,"href":"https:\/\/www.meydan.tv\/az\/wp-json\/wp\/v2\/comments?post=197225"}],"version-history":[{"count":0,"href":"https:\/\/www.meydan.tv\/az\/wp-json\/wp\/v2\/posts\/197225\/revisions"}],"wp:featuredmedia":[{"embeddable":true,"href":"https:\/\/www.meydan.tv\/az\/wp-json\/wp\/v2\/media\/130501"}],"wp:attachment":[{"href":"https:\/\/www.meydan.tv\/az\/wp-json\/wp\/v2\/media?parent=197225"}],"wp:term":[{"taxonomy":"category","embeddable":true,"href":"https:\/\/www.meydan.tv\/az\/wp-json\/wp\/v2\/categories?post=197225"},{"taxonomy":"post_tag","embeddable":true,"href":"https:\/\/www.meydan.tv\/az\/wp-json\/wp\/v2\/tags?post=197225"}],"curies":[{"name":"wp","href":"https:\/\/api.w.org\/{rel}","templated":true}]}}