{"id":197221,"date":"2019-10-01T09:34:59","date_gmt":"2019-10-01T09:34:59","guid":{"rendered":"https:\/\/www.meydan.tv\/article\/haluk-levent-azerbaycanli-usaga-destek-ucun-konsert-planlasdirir\/"},"modified":"2019-10-01T09:34:59","modified_gmt":"2019-10-01T09:34:59","slug":"haluk-levent-azerbaycanli-usaga-destek-ucun-konsert-planlasdirir","status":"publish","type":"post","link":"https:\/\/www.meydan.tv\/az\/article\/haluk-levent-azerbaycanli-usaga-destek-ucun-konsert-planlasdirir\/","title":{"rendered":"Haluk Levent az\u0259rbaycanl\u0131 u\u015fa\u011fa d\u0259st\u0259k \u00fc\u00e7\u00fcn konsert planla\u015fd\u0131r\u0131r"},"content":{"rendered":"<p>\n  <i><br \/>\n    Rok ifa\u00e7\u0131s\u0131 aidiyyat\u0131 qurumlara m\u00fcraci\u0259t \u00fcnvanlay\u0131b<br \/>\n  <\/i>\n<\/p>\n<p>\n  T\u00fcrkiy\u0259nin tan\u0131nm\u0131\u015f rok ifa\u00e7\u0131s\u0131 Haluk Levent Az\u0259rbaycan\u0131n aidiyyat\u0131 d\u00f6vl\u0259t qurumlar\u0131na m\u00fcraci\u0259t edib.\n<\/p>\n<p>\n  O, \u201cTwitter\u201d vasit\u0259sil\u0259 limfoma (qan x\u0259r\u00e7\u0259nginin bir n\u00f6v\u00fc-red) x\u0259st\u0259liyind\u0259n \u0259ziyy\u0259t \u00e7\u0259k\u0259n 22 ya\u015fl\u0131 Sura Nadirovaya k\u00f6m\u0259k m\u0259qs\u0259dil\u0259 kampaniya ke\u00e7irilm\u0259sin\u0259 t\u0259\u015f\u0259bb\u00fcs g\u00f6st\u0259rib.\n<\/p>\n<p>\n  \u0130fa\u00e7\u0131 Az\u0259rbaycan\u0131n aidiyyat\u0131 m\u0259sul \u015f\u0259xsl\u0259rin\u0259 \u00fcnvanlanan m\u00fcraci\u0259tind\u0259 bildirib ki, Sura Nadirovaya T\u00fcrkiy\u0259 v\u0259t\u0259nda\u015f\u0131 olmad\u0131\u011f\u0131 \u00fc\u00e7\u00fcn valilik izni verilm\u0259yib (v\u0259t\u0259nda\u015fl\u0131\u011f\u0131n olmamas\u0131ndan dolay\u0131 oturum izni, i\u015f izni, vergi \u00f6d\u0259yicisi olmamas\u0131 kimi m\u0259s\u0259l\u0259l\u0259r\u0259 g\u00f6r\u0259 qeydiyyatda olmamaqd\u0131r-red).\n<\/p>\n<p>\n  \u018fm\u0259liyyat \u00fc\u00e7\u00fcn is\u0259 400 min lir\u0259 (120 min manat) t\u0259l\u0259b olunur.\n<\/p>\n<p>\n  M\u00fc\u011f\u0259nni bildirib ki, Bak\u0131da izl\u0259yicil\u0259ri \u00e7oxdur, konsert t\u0259\u015fkil olunsun, \u0259ld\u0259 edil\u0259n v\u0259sait Sura Nadirovan\u0131n m\u00fcalic\u0259sin\u0259 x\u0259rcl\u0259nilsin.\n<\/p>\n<p>\n  Haluk Levent Bak\u0131da m\u00fcxt\u0259lif ill\u0259rd\u0259 iki d\u0259f\u0259 konsert proqram\u0131 il\u0259 \u00e7\u0131x\u0131\u015f edib.\n<\/p>\n<p>\n  X\u0259st\u0259likd\u0259n \u0259ziyy\u0259t \u00e7\u0259k\u0259n u\u015faqlara maddi yard\u0131m g\u00f6st\u0259rm\u0259k \u00fc\u00e7\u00fcn t\u00fcrk m\u00fc\u011f\u0259nnil\u0259ri tez-tez bel\u0259 kampaniyalar ke\u00e7irir.\n<\/p>\n<p>\n  H\u0259l\u0259lik Az\u0259rbaycan t\u0259r\u0259fd\u0259n rok ifa\u00e7\u0131s\u0131n\u0131n t\u0259\u015f\u0259bb\u00fcs\u00fcn\u0259 d\u0259st\u0259k ver\u0259n yoxdur.<\/p>\n","protected":false},"excerpt":{"rendered":"<p>Rok ifa\u00e7\u0131s\u0131 aidiyyat\u0131 qurumlara m\u00fcraci\u0259t \u00fcnvanlay\u0131b<\/p>\n","protected":false},"author":11,"featured_media":130492,"comment_status":"closed","ping_status":"open","sticky":false,"template":"","format":"standard","meta":{"_acf_changed":false,"_sitemap_exclude":false,"_sitemap_priority":"","_sitemap_frequency":"","footnotes":""},"categories":[56],"tags":[],"class_list":["post-197221","post","type-post","status-publish","format-standard","has-post-thumbnail","hentry","category-xeberler","infinite-scroll-item","generate-columns","tablet-grid-50","mobile-grid-100","grid-parent","grid-33","no-featured-image-padding"],"acf":[],"yoast_head":"<!-- This site is optimized with the Yoast SEO plugin v28.3 - https:\/\/yoast.com\/product\/yoast-seo-wordpress\/ -->\n<title>Haluk Levent az\u0259rbaycanl\u0131 u\u015fa\u011fa d\u0259st\u0259k \u00fc\u00e7\u00fcn konsert planla\u015fd\u0131r\u0131r - MEYDAN.TV<\/title>\n<meta name=\"robots\" content=\"index, follow, max-snippet:-1, max-image-preview:large, max-video-preview:-1\" \/>\n<link rel=\"canonical\" href=\"https:\/\/www.meydan.tv\/az\/article\/haluk-levent-azerbaycanli-usaga-destek-ucun-konsert-planlasdirir\/\" \/>\n<meta property=\"og:locale\" content=\"az_AZ\" \/>\n<meta property=\"og:type\" content=\"article\" \/>\n<meta property=\"og:title\" content=\"Haluk Levent az\u0259rbaycanl\u0131 u\u015fa\u011fa d\u0259st\u0259k \u00fc\u00e7\u00fcn konsert planla\u015fd\u0131r\u0131r - MEYDAN.TV\" \/>\n<meta property=\"og:description\" content=\"Rok ifa\u00e7\u0131s\u0131 aidiyyat\u0131 qurumlara m\u00fcraci\u0259t \u00fcnvanlay\u0131b\" \/>\n<meta property=\"og:url\" content=\"https:\/\/www.meydan.tv\/az\/article\/haluk-levent-azerbaycanli-usaga-destek-ucun-konsert-planlasdirir\/\" \/>\n<meta property=\"og:site_name\" content=\"MEYDAN.TV\" \/>\n<meta property=\"article:published_time\" content=\"2019-10-01T09:34:59+00:00\" \/>\n<meta property=\"og:image\" content=\"https:\/\/www.meydan.tv\/wp-content\/uploads\/d07bf090-805c-47c0-9eb0-e8bf58e97a01.jpeg\" \/>\n\t<meta property=\"og:image:width\" content=\"1200\" \/>\n\t<meta property=\"og:image:height\" content=\"673\" \/>\n\t<meta property=\"og:image:type\" content=\"image\/jpeg\" \/>\n<meta name=\"twitter:card\" content=\"summary_large_image\" \/>\n<!-- \/ Yoast SEO plugin. -->","yoast_head_json":{"title":"Haluk Levent az\u0259rbaycanl\u0131 u\u015fa\u011fa d\u0259st\u0259k \u00fc\u00e7\u00fcn konsert planla\u015fd\u0131r\u0131r - MEYDAN.TV","robots":{"index":"index","follow":"follow","max-snippet":"max-snippet:-1","max-image-preview":"max-image-preview:large","max-video-preview":"max-video-preview:-1"},"canonical":"https:\/\/www.meydan.tv\/az\/article\/haluk-levent-azerbaycanli-usaga-destek-ucun-konsert-planlasdirir\/","og_locale":"az_AZ","og_type":"article","og_title":"Haluk Levent az\u0259rbaycanl\u0131 u\u015fa\u011fa d\u0259st\u0259k \u00fc\u00e7\u00fcn konsert planla\u015fd\u0131r\u0131r - MEYDAN.TV","og_description":"Rok ifa\u00e7\u0131s\u0131 aidiyyat\u0131 qurumlara m\u00fcraci\u0259t \u00fcnvanlay\u0131b","og_url":"https:\/\/www.meydan.tv\/az\/article\/haluk-levent-azerbaycanli-usaga-destek-ucun-konsert-planlasdirir\/","og_site_name":"MEYDAN.TV","article_published_time":"2019-10-01T09:34:59+00:00","og_image":[{"width":1200,"height":673,"url":"https:\/\/www.meydan.tv\/wp-content\/uploads\/d07bf090-805c-47c0-9eb0-e8bf58e97a01.jpeg","type":"image\/jpeg"}],"twitter_card":"summary_large_image","schema":{"@context":"https:\/\/schema.org","@graph":[{"@type":"Article","@id":"https:\/\/www.meydan.tv\/az\/article\/haluk-levent-azerbaycanli-usaga-destek-ucun-konsert-planlasdirir\/#article","isPartOf":{"@id":"https:\/\/www.meydan.tv\/az\/article\/haluk-levent-azerbaycanli-usaga-destek-ucun-konsert-planlasdirir\/"},"author":{"name":"user-manager","@id":"https:\/\/www.meydan.tv\/az\/#\/schema\/person\/10d11eccf6da3662cf5fdab9806ea91a"},"headline":"Haluk Levent az\u0259rbaycanl\u0131 u\u015fa\u011fa d\u0259st\u0259k \u00fc\u00e7\u00fcn konsert planla\u015fd\u0131r\u0131r","datePublished":"2019-10-01T09:34:59+00:00","mainEntityOfPage":{"@id":"https:\/\/www.meydan.tv\/az\/article\/haluk-levent-azerbaycanli-usaga-destek-ucun-konsert-planlasdirir\/"},"wordCount":254,"publisher":{"@id":"https:\/\/www.meydan.tv\/az\/#organization"},"image":{"@id":"https:\/\/www.meydan.tv\/az\/article\/haluk-levent-azerbaycanli-usaga-destek-ucun-konsert-planlasdirir\/#primaryimage"},"thumbnailUrl":"https:\/\/www.meydan.tv\/wp-content\/uploads\/d07bf090-805c-47c0-9eb0-e8bf58e97a01.jpeg","articleSection":["X\u0259b\u0259rl\u0259r"],"inLanguage":"az"},{"@type":"WebPage","@id":"https:\/\/www.meydan.tv\/az\/article\/haluk-levent-azerbaycanli-usaga-destek-ucun-konsert-planlasdirir\/","url":"https:\/\/www.meydan.tv\/az\/article\/haluk-levent-azerbaycanli-usaga-destek-ucun-konsert-planlasdirir\/","name":"Haluk Levent az\u0259rbaycanl\u0131 u\u015fa\u011fa d\u0259st\u0259k \u00fc\u00e7\u00fcn konsert planla\u015fd\u0131r\u0131r - MEYDAN.TV","isPartOf":{"@id":"https:\/\/www.meydan.tv\/az\/#website"},"primaryImageOfPage":{"@id":"https:\/\/www.meydan.tv\/az\/article\/haluk-levent-azerbaycanli-usaga-destek-ucun-konsert-planlasdirir\/#primaryimage"},"image":{"@id":"https:\/\/www.meydan.tv\/az\/article\/haluk-levent-azerbaycanli-usaga-destek-ucun-konsert-planlasdirir\/#primaryimage"},"thumbnailUrl":"https:\/\/www.meydan.tv\/wp-content\/uploads\/d07bf090-805c-47c0-9eb0-e8bf58e97a01.jpeg","datePublished":"2019-10-01T09:34:59+00:00","breadcrumb":{"@id":"https:\/\/www.meydan.tv\/az\/article\/haluk-levent-azerbaycanli-usaga-destek-ucun-konsert-planlasdirir\/#breadcrumb"},"inLanguage":"az","potentialAction":[{"@type":"ReadAction","target":["https:\/\/www.meydan.tv\/az\/article\/haluk-levent-azerbaycanli-usaga-destek-ucun-konsert-planlasdirir\/"]}]},{"@type":"ImageObject","inLanguage":"az","@id":"https:\/\/www.meydan.tv\/az\/article\/haluk-levent-azerbaycanli-usaga-destek-ucun-konsert-planlasdirir\/#primaryimage","url":"https:\/\/www.meydan.tv\/wp-content\/uploads\/d07bf090-805c-47c0-9eb0-e8bf58e97a01.jpeg","contentUrl":"https:\/\/www.meydan.tv\/wp-content\/uploads\/d07bf090-805c-47c0-9eb0-e8bf58e97a01.jpeg","width":1200,"height":673,"caption":"Source: Google"},{"@type":"BreadcrumbList","@id":"https:\/\/www.meydan.tv\/az\/article\/haluk-levent-azerbaycanli-usaga-destek-ucun-konsert-planlasdirir\/#breadcrumb","itemListElement":[{"@type":"ListItem","position":1,"name":"Ana s\u0259hif\u0259","item":"https:\/\/www.meydan.tv\/az\/"},{"@type":"ListItem","position":2,"name":"X\u0259b\u0259rl\u0259r","item":"https:\/\/www.meydan.tv\/az\/section\/xeberler\/"},{"@type":"ListItem","position":3,"name":"Haluk Levent az\u0259rbaycanl\u0131 u\u015fa\u011fa d\u0259st\u0259k \u00fc\u00e7\u00fcn konsert planla\u015fd\u0131r\u0131r"}]},{"@type":"WebSite","@id":"https:\/\/www.meydan.tv\/az\/#website","url":"https:\/\/www.meydan.tv\/az\/","name":"MEYDAN.TV","description":"Meydan TV Az\u0259rbaycan\u0131n media m\u0259kan\u0131ndak\u0131 alternativ s\u0259sidir","publisher":{"@id":"https:\/\/www.meydan.tv\/az\/#organization"},"potentialAction":[{"@type":"SearchAction","target":{"@type":"EntryPoint","urlTemplate":"https:\/\/www.meydan.tv\/az\/?s={search_term_string}"},"query-input":{"@type":"PropertyValueSpecification","valueRequired":true,"valueName":"search_term_string"}}],"inLanguage":"az"},{"@type":"Organization","@id":"https:\/\/www.meydan.tv\/az\/#organization","name":"Meydan TV","url":"https:\/\/www.meydan.tv\/az\/","logo":{"@type":"ImageObject","inLanguage":"az","@id":"https:\/\/www.meydan.tv\/az\/#\/schema\/logo\/image\/","url":"https:\/\/www.meydan.tv\/wp-content\/uploads\/2021\/07\/meydan-logo.svg","contentUrl":"https:\/\/www.meydan.tv\/wp-content\/uploads\/2021\/07\/meydan-logo.svg","width":195,"height":46,"caption":"Meydan TV"},"image":{"@id":"https:\/\/www.meydan.tv\/az\/#\/schema\/logo\/image\/"}},{"@type":"Person","@id":"https:\/\/www.meydan.tv\/az\/#\/schema\/person\/10d11eccf6da3662cf5fdab9806ea91a","name":"user-manager"}]}},"_links":{"self":[{"href":"https:\/\/www.meydan.tv\/az\/wp-json\/wp\/v2\/posts\/197221","targetHints":{"allow":["GET"]}}],"collection":[{"href":"https:\/\/www.meydan.tv\/az\/wp-json\/wp\/v2\/posts"}],"about":[{"href":"https:\/\/www.meydan.tv\/az\/wp-json\/wp\/v2\/types\/post"}],"author":[{"embeddable":true,"href":"https:\/\/www.meydan.tv\/az\/wp-json\/wp\/v2\/users\/11"}],"replies":[{"embeddable":true,"href":"https:\/\/www.meydan.tv\/az\/wp-json\/wp\/v2\/comments?post=197221"}],"version-history":[{"count":0,"href":"https:\/\/www.meydan.tv\/az\/wp-json\/wp\/v2\/posts\/197221\/revisions"}],"wp:featuredmedia":[{"embeddable":true,"href":"https:\/\/www.meydan.tv\/az\/wp-json\/wp\/v2\/media\/130492"}],"wp:attachment":[{"href":"https:\/\/www.meydan.tv\/az\/wp-json\/wp\/v2\/media?parent=197221"}],"wp:term":[{"taxonomy":"category","embeddable":true,"href":"https:\/\/www.meydan.tv\/az\/wp-json\/wp\/v2\/categories?post=197221"},{"taxonomy":"post_tag","embeddable":true,"href":"https:\/\/www.meydan.tv\/az\/wp-json\/wp\/v2\/tags?post=197221"}],"curies":[{"name":"wp","href":"https:\/\/api.w.org\/{rel}","templated":true}]}}