{"id":197216,"date":"2019-09-30T19:37:06","date_gmt":"2019-09-30T19:37:06","guid":{"rendered":"https:\/\/www.meydan.tv\/article\/samaxinin-90-yasli-sakini-zelzeleden-dagilmis-evinin-berpasini-teleb-edir\/"},"modified":"2019-09-30T19:37:06","modified_gmt":"2019-09-30T19:37:06","slug":"samaxinin-90-yasli-sakini-zelzeleden-dagilmis-evinin-berpasini-teleb-edir","status":"publish","type":"post","link":"https:\/\/www.meydan.tv\/az\/article\/samaxinin-90-yasli-sakini-zelzeleden-dagilmis-evinin-berpasini-teleb-edir\/","title":{"rendered":"\u015eamax\u0131n\u0131n 90 ya\u015fl\u0131 sakini z\u0259lz\u0259l\u0259d\u0259n da\u011f\u0131lm\u0131\u015f evinin b\u0259rpas\u0131n\u0131 t\u0259l\u0259b edir"},"content":{"rendered":"<p>\n  <i><br \/>\n    C\u0259mil\u0259 Heyd\u0259rova deyir, evl\u0259r\u0259 bax\u0131\u015f ke\u00e7irib siyah\u0131ya alan Komissiyan\u0131n \u00fczvl\u0259ri onun evini q\u0259sd\u0259n siyah\u0131ya daxil etm\u0259yib<br \/>\n  <\/i>\n<\/p>\n<p>\n  \u201cK\u0259ndd\u0259 evi da\u011f\u0131lanlara yenisini tikdil\u0259r, birc\u0259 m\u0259nim evim tikilm\u0259di. Ad\u0131n\u0131 da bel\u0259 qoydular ki, guya o evd\u0259 ya\u015fay\u0131\u015f yoxdur\u201d.\n<\/p>\n<p>\n  \u015eamax\u0131n\u0131n Qonaqk\u0259nd k\u0259ndind\u0259 ya\u015fayan 90 ya\u015fl\u0131 C\u0259mil\u0259 Heyd\u0259rova dan\u0131\u015f\u0131r ki, fevral\u0131n 5-d\u0259n 6-na ke\u00e7\u0259n gec\u0259 ba\u015f ver\u0259n z\u0259lz\u0259l\u0259 n\u0259tic\u0259sind\u0259 onun da evi q\u0259zal\u0131 v\u0259ziyy\u0259t\u0259 d\u00fc\u015f\u00fcb. Hadis\u0259d\u0259n sonra k\u0259nd\u0259 g\u0259l\u0259n komissiya \u00fczvl\u0259ri onlar\u0131n g\u0259li\u015fi zaman\u0131 evd\u0259 kims\u0259 olmad\u0131\u011f\u0131na g\u00f6r\u0259 \u201cevd\u0259 he\u00e7 k\u0259s ya\u015fam\u0131r\u201d m\u0259zmunlu r\u0259y verib. Bununla da h\u0259min ev t\u0259mir-b\u0259rpa siyah\u0131s\u0131na sal\u0131nmay\u0131b. C\u0259mil\u0259 Heyd\u0259rova is\u0259 deyir ki, el\u0259 z\u0259lz\u0259l\u0259 ba\u015f ver\u0259rk\u0259n d\u0259 evd\u0259 olub.\n<\/p>\n<p>\n  <b><br \/>\n    \u201cHam\u0131n\u0131n evi tikildi, m\u0259nim evimd\u0259n ba\u015fqa\u201d<br \/>\n  <\/b>\n<\/p>\n<p>\n  \u201cH\u0259yat yolda\u015f\u0131m d\u00fcnyas\u0131n\u0131 d\u0259yi\u015f\u0259nd\u0259n sonra o evd\u0259 t\u0259k ya\u015fama\u011fa davam etmi\u015f\u0259m. Qay\u0131nlar\u0131m da qon\u015fuluqda ya\u015fay\u0131r. Dem\u0259k olar ki, qohumlar\u0131m b\u00fct\u00fcn g\u00fcn\u00fc evimin i\u00e7ind\u0259ydil\u0259r. H\u0259tta z\u0259lz\u0259l\u0259 vaxt\u0131 da evd\u0259ydim. Sad\u0259c\u0259 ev da\u011f\u0131nt\u0131ya m\u0259ruz qalandan sonra t\u0259bii ki, da\u011f\u0131nt\u0131lar\u0131n aras\u0131nda qalmal\u0131 deyildim. O\u011flum g\u0259lib m\u0259ni Bak\u0131ya g\u00f6t\u00fcrd\u00fc. Dedil\u0259r, ev tikilsin, ya t\u0259mir-b\u0259rpa olunsun, qay\u0131darsan. H\u0259l\u0259 d\u0259 onun evind\u0259 qal\u0131ram. Ancaq baxd\u0131m ki, ham\u0131n\u0131n evi tikilir, birc\u0259 m\u0259nim evimd\u0259n ba\u015fqa&#8230;\u201d- C\u0259mil\u0259 Heyd\u0259rova dan\u0131\u015f\u0131r.\n<\/p>\n<p>\n  C\u0259mil\u0259 Heyd\u0259rova ona m\u0259xsus evin hans\u0131 s\u0259b\u0259bd\u0259n t\u0259mir-b\u0259rpa olunmad\u0131\u011f\u0131n\u0131 \u00f6yr\u0259nm\u0259k \u00fc\u00e7\u00fcn \u015eamax\u0131 Rayon \u0130cra Hakimiyy\u0259tind\u0259 d\u0259 olub:\n<\/p>\n<p>\n  \u201cX\u0259b\u0259r tutdum ki, komissiya \u00fczvl\u0259ri ev\u0259 bax\u0131\u015f ke\u00e7ir\u0259nd\u0259n sonra \u201cburda he\u00e7 k\u0259s ya\u015fam\u0131r\u201d r\u0259yi verib v\u0259 komissiya m\u0259nim evimi siyah\u0131ya salmay\u0131b. O\u011flumla b\u0259rab\u0259r icra hakimiyy\u0259tin\u0259 getdim, dedil\u0259r ki, bizlik deyil, bu i\u015fl\u0259 F\u00f6vq\u0259lad\u0259 Hallar Komissiyas\u0131 m\u0259\u015f\u011ful olur. \u0130ndiy\u0259d\u0259k d\u0259 Komissiya icra hakimiyy\u0259tinin \u00fcst\u00fcn\u0259 y\u0131x\u0131r, icra hakimiyy\u0259ti Komissiyan\u0131n&#8230; Qalm\u0131\u015fam Komissiya il\u0259 icra hakimiyy\u0259tinin aras\u0131nda&#8230;\u201d\n<\/p>\n<p>\n  <b><br \/>\n    \u201cPrezident g\u00f6st\u0259ri\u015f verir, m\u0259murlar yerin\u0259 yetirmir\u201d<br \/>\n  <\/b>\n<\/p>\n<p>\n  C\u0259mil\u0259 Heyd\u0259rova deyir, evl\u0259r\u0259 bax\u0131\u015f ke\u00e7irib siyah\u0131ya alan Komissiyan\u0131n \u00fczvl\u0259ri onun evini q\u0259sd\u0259n siyah\u0131ya daxil etm\u0259yib:\n<\/p>\n<p>\n  \u201cD\u00fc\u015f\u00fcn\u00fcbl\u0259r ki, qoca arvadd\u0131r, bu g\u00fcn-sabah \u00f6l\u00fcb gec\u0259c\u0259k, \u00f6mr\u00fcn\u00fcn qalan hiss\u0259sini d\u0259 o\u011flunun yan\u0131nda ke\u00e7ir\u0259r. Burdan komissiya \u00fczvl\u0259rin\u0259 dem\u0259k ist\u0259yir\u0259m ki, can\u0131m salamatd\u0131r, \u00f6lm\u0259y\u0259 d\u0259 haz\u0131rla\u015fm\u0131ram. Prezident g\u00f6st\u0259ri\u015f verir ki, z\u0259lz\u0259l\u0259d\u0259n z\u0259r\u0259r \u00e7\u0259kmi\u015f evl\u0259r q\u0131sa m\u00fcdd\u0259td\u0259 b\u0259rpa olunsun, m\u0259murlar g\u00f6st\u0259ri\u015f\u0259 \u0259m\u0259l el\u0259mir, v\u0259t\u0259nda\u015f\u0131 naraz\u0131 sal\u0131r. M\u0259nim k\u0259ndd\u0259 evim ola-ola niy\u0259 Bak\u0131da o\u011flumun evind\u0259 qalmal\u0131yam?\u201d\n<\/p>\n<figure class=\"wp-block-image size-large\">\n  <img decoding=\"async\" src=\"https:\/\/www.meydan.tv\/az\/image_from_ios-jpg-92\/\" alt=\"image_from_ios.jpg\" class=\"wp-image-130483\"\/><figcaption>\n    \u015eamax\u0131 z\u0259lz\u0259l\u0259sind\u0259 z\u0259r\u0259r \u00e7\u0259k\u0259n ev<br \/>\n  <\/figcaption><\/figure>\n<p>\n  <b><br \/>\n    \u201cV\u0259t\u0259nda\u015f Komissiyaya \u0259riz\u0259yl\u0259 m\u00fcraci\u0259t etsin\u201d<br \/>\n  <\/b>\n<\/p>\n<p>\n  H\u00fcquq\u015f\u00fcnas Namiz\u0259d S\u0259f\u0259rov deyir, C\u0259mil\u0259 Heyd\u0259rova F\u00f6vq\u0259lad\u0259 Hallar Komissiyas\u0131na h\u0259min evd\u0259 ya\u015famas\u0131 il\u0259 ba\u011fl\u0131 bir ne\u00e7\u0259 qon\u015funun imzas\u0131yla akt t\u0259qdim ets\u0259, problem h\u0259llini tapar: \u201c\u018fg\u0259r Komissiya \u00fczvl\u0259rind\u0259 h\u0259r hans\u0131 \u015f\u00fcbh\u0259l\u0259r varsa, qon\u015fular akta imza atmaqla h\u0259min \u00fcnvanda ya\u015fay\u0131\u015f oldu\u011funu t\u0259sdiql\u0259m\u0259lidil\u0259r. C\u0259mil\u0259 Heyd\u0259rova h\u0259min akt\u0131 \u00f6z \u0259riz\u0259sinin \u00fcz\u0259rin\u0259 \u0259lav\u0259 ed\u0259r\u0259k komissiyaya po\u00e7t vasit\u0259sil\u0259, x\u0259b\u0259rnam\u0259li g\u00f6nd\u0259rm\u0259lidir. \u018fg\u0259r komissiya akt\u0131 da n\u0259z\u0259r\u0259 almasa, o zaman v\u0259t\u0259nda\u015f m\u0259hk\u0259m\u0259y\u0259 m\u00fcraci\u0259t ed\u0259 bil\u0259r\u201d.\n<\/p>\n<p>\n  \u015eamax\u0131 Rayon \u0130cra Hakimiyy\u0259tind\u0259n bildirilib ki, komissiya \u00fczvl\u0259ri aras\u0131nda qurumun i\u015f\u00e7il\u0259ri d\u0259 var. V\u0259t\u0259nda\u015f C\u0259mil\u0259 Heyd\u0259rova komissiyaya r\u0259smi \u0259riz\u0259 il\u0259 m\u00fcraci\u0259t ed\u0259 bil\u0259r: \u201cDa\u011f\u0131nt\u0131ya m\u0259ruz qalm\u0131\u015f evl\u0259r b\u0259rpa olunub. Bu yax\u0131nlarda Birinci vitse-prezident d\u0259 g\u0259ldi, h\u0259min evl\u0259rd\u0259 oldu, v\u0259t\u0259nda\u015flar t\u0259\u015f\u0259kk\u00fcrl\u0259rini bildirdil\u0259r. Bu m\u0259s\u0259l\u0259 x\u00fcsusil\u0259 diqq\u0259timizd\u0259dir, g\u00f6r\u00fcn\u00fcr, n\u0259 is\u0259 anla\u015f\u0131lmazl\u0131q var, C\u0259mil\u0259 Heyd\u0259rova \u0259riz\u0259yl\u0259 m\u00fcraci\u0259t etsin, komissiya \u0259riz\u0259y\u0259 baxs\u0131n, q\u0259rar versin\u201d.\n<\/p>\n<p>\n  Fevral\u0131n 5-d\u0259n 6-na ke\u00e7\u0259n gec\u0259 \u015eamax\u0131da ba\u015f vermi\u015f z\u0259lz\u0259l\u0259 da\u011f\u0131nt\u0131lara s\u0259b\u0259b olub. 6 n\u0259f\u0259r yaralan\u0131b. T\u0259cili yard\u0131m stansiyas\u0131na az\u0131 20 n\u0259f\u0259r m\u00fcraci\u0259t edib. Daha \u00e7ox da\u011f\u0131nt\u0131 rayonun Q\u0259leybu\u011furd, Q\u0131zmeydan v\u0259 Na\u011faraxana k\u0259ndl\u0259rind\u0259 qeyd\u0259 al\u0131n\u0131b. Fevral\u0131n 7-d\u0259 prezident \u0130lham \u018fliyev \u015eamax\u0131da z\u0259lz\u0259l\u0259nin ba\u015f verdiyi \u0259razil\u0259rd\u0259 olub, v\u0259t\u0259nda\u015flarla g\u00f6r\u00fc\u015f\u00fcb, m\u0259murlara tap\u015f\u0131r\u0131qlar\u0131n\u0131 verib. Mart\u0131n 7-d\u0259 o, t\u0259krar \u015eamax\u0131ya gedib, z\u0259lz\u0259l\u0259d\u0259n da\u011f\u0131lm\u0131\u015f evl\u0259rin t\u0259mir-b\u0259rpas\u0131 il\u0259 tan\u0131\u015f olub. Sentyabr\u0131n 14-d\u0259 is\u0259 Birinci virse-prezident Mehriban \u018fliyeva \u015eamax\u0131ya gedib, z\u0259lz\u0259l\u0259d\u0259n sonra tikil\u0259n evl\u0259r\u0259 bax\u0131\u015f ke\u00e7irib, v\u0259t\u0259nda\u015flarla g\u00f6r\u00fc\u015f\u00fcb.<\/p>\n","protected":false},"excerpt":{"rendered":"<p>H\u00fcquq\u015f\u00fcnas Namiz\u0259d S\u0259f\u0259rov deyir, C\u0259mil\u0259 Heyd\u0259rova F\u00f6vq\u0259lad\u0259 Hallar Komissiyas\u0131na h\u0259min evd\u0259 ya\u015famas\u0131 il\u0259 ba\u011fl\u0131 bir ne\u00e7\u0259 qon\u015funun imzas\u0131yla akt t\u0259qdim ets\u0259, problem h\u0259llini tapar<\/p>\n","protected":false},"author":11,"featured_media":130474,"comment_status":"closed","ping_status":"open","sticky":false,"template":"","format":"standard","meta":{"_acf_changed":false,"_sitemap_exclude":false,"_sitemap_priority":"","_sitemap_frequency":"","footnotes":""},"categories":[60],"tags":[],"class_list":["post-197216","post","type-post","status-publish","format-standard","has-post-thumbnail","hentry","category-bolge","infinite-scroll-item","generate-columns","tablet-grid-50","mobile-grid-100","grid-parent","grid-33","no-featured-image-padding"],"acf":[],"yoast_head":"<!-- This site is optimized with the Yoast SEO plugin v27.5 - https:\/\/yoast.com\/product\/yoast-seo-wordpress\/ -->\n<title>\u015eamax\u0131n\u0131n 90 ya\u015fl\u0131 sakini z\u0259lz\u0259l\u0259d\u0259n da\u011f\u0131lm\u0131\u015f evinin b\u0259rpas\u0131n\u0131 t\u0259l\u0259b edir - MEYDAN.TV<\/title>\n<meta name=\"robots\" content=\"index, follow, max-snippet:-1, max-image-preview:large, max-video-preview:-1\" \/>\n<link rel=\"canonical\" href=\"https:\/\/www.meydan.tv\/az\/article\/samaxinin-90-yasli-sakini-zelzeleden-dagilmis-evinin-berpasini-teleb-edir\/\" \/>\n<meta property=\"og:locale\" content=\"az_AZ\" \/>\n<meta property=\"og:type\" content=\"article\" \/>\n<meta property=\"og:title\" content=\"\u015eamax\u0131n\u0131n 90 ya\u015fl\u0131 sakini z\u0259lz\u0259l\u0259d\u0259n da\u011f\u0131lm\u0131\u015f evinin b\u0259rpas\u0131n\u0131 t\u0259l\u0259b edir - MEYDAN.TV\" \/>\n<meta property=\"og:description\" content=\"H\u00fcquq\u015f\u00fcnas Namiz\u0259d S\u0259f\u0259rov deyir, C\u0259mil\u0259 Heyd\u0259rova F\u00f6vq\u0259lad\u0259 Hallar Komissiyas\u0131na h\u0259min evd\u0259 ya\u015famas\u0131 il\u0259 ba\u011fl\u0131 bir ne\u00e7\u0259 qon\u015funun imzas\u0131yla akt t\u0259qdim ets\u0259, problem h\u0259llini tapar\" \/>\n<meta property=\"og:url\" content=\"https:\/\/www.meydan.tv\/az\/article\/samaxinin-90-yasli-sakini-zelzeleden-dagilmis-evinin-berpasini-teleb-edir\/\" \/>\n<meta property=\"og:site_name\" content=\"MEYDAN.TV\" \/>\n<meta property=\"article:published_time\" content=\"2019-09-30T19:37:06+00:00\" \/>\n<meta property=\"og:image\" content=\"https:\/\/www.meydan.tv\/wp-content\/uploads\/fhn_zelzele_060219_01.jpg\" \/>\n\t<meta property=\"og:image:width\" content=\"1280\" \/>\n\t<meta property=\"og:image:height\" content=\"960\" \/>\n\t<meta property=\"og:image:type\" content=\"image\/jpeg\" \/>\n<meta name=\"author\" content=\"user-manager\" \/>\n<meta name=\"twitter:card\" content=\"summary_large_image\" \/>\n<script type=\"application\/ld+json\" class=\"yoast-schema-graph\">{\"@context\":\"https:\\\/\\\/schema.org\",\"@graph\":[{\"@type\":\"Article\",\"@id\":\"https:\\\/\\\/www.meydan.tv\\\/az\\\/article\\\/samaxinin-90-yasli-sakini-zelzeleden-dagilmis-evinin-berpasini-teleb-edir\\\/#article\",\"isPartOf\":{\"@id\":\"https:\\\/\\\/www.meydan.tv\\\/az\\\/article\\\/samaxinin-90-yasli-sakini-zelzeleden-dagilmis-evinin-berpasini-teleb-edir\\\/\"},\"author\":{\"name\":\"user-manager\",\"@id\":\"https:\\\/\\\/www.meydan.tv\\\/az\\\/#\\\/schema\\\/person\\\/10d11eccf6da3662cf5fdab9806ea91a\"},\"headline\":\"\u015eamax\u0131n\u0131n 90 ya\u015fl\u0131 sakini z\u0259lz\u0259l\u0259d\u0259n da\u011f\u0131lm\u0131\u015f evinin b\u0259rpas\u0131n\u0131 t\u0259l\u0259b edir\",\"datePublished\":\"2019-09-30T19:37:06+00:00\",\"mainEntityOfPage\":{\"@id\":\"https:\\\/\\\/www.meydan.tv\\\/az\\\/article\\\/samaxinin-90-yasli-sakini-zelzeleden-dagilmis-evinin-berpasini-teleb-edir\\\/\"},\"wordCount\":982,\"publisher\":{\"@id\":\"https:\\\/\\\/www.meydan.tv\\\/az\\\/#organization\"},\"image\":{\"@id\":\"https:\\\/\\\/www.meydan.tv\\\/az\\\/article\\\/samaxinin-90-yasli-sakini-zelzeleden-dagilmis-evinin-berpasini-teleb-edir\\\/#primaryimage\"},\"thumbnailUrl\":\"https:\\\/\\\/www.meydan.tv\\\/wp-content\\\/uploads\\\/fhn_zelzele_060219_01.jpg\",\"articleSection\":[\"B\u00f6lg\u0259\"],\"inLanguage\":\"az\"},{\"@type\":\"WebPage\",\"@id\":\"https:\\\/\\\/www.meydan.tv\\\/az\\\/article\\\/samaxinin-90-yasli-sakini-zelzeleden-dagilmis-evinin-berpasini-teleb-edir\\\/\",\"url\":\"https:\\\/\\\/www.meydan.tv\\\/az\\\/article\\\/samaxinin-90-yasli-sakini-zelzeleden-dagilmis-evinin-berpasini-teleb-edir\\\/\",\"name\":\"\u015eamax\u0131n\u0131n 90 ya\u015fl\u0131 sakini z\u0259lz\u0259l\u0259d\u0259n da\u011f\u0131lm\u0131\u015f evinin b\u0259rpas\u0131n\u0131 t\u0259l\u0259b edir - MEYDAN.TV\",\"isPartOf\":{\"@id\":\"https:\\\/\\\/www.meydan.tv\\\/az\\\/#website\"},\"primaryImageOfPage\":{\"@id\":\"https:\\\/\\\/www.meydan.tv\\\/az\\\/article\\\/samaxinin-90-yasli-sakini-zelzeleden-dagilmis-evinin-berpasini-teleb-edir\\\/#primaryimage\"},\"image\":{\"@id\":\"https:\\\/\\\/www.meydan.tv\\\/az\\\/article\\\/samaxinin-90-yasli-sakini-zelzeleden-dagilmis-evinin-berpasini-teleb-edir\\\/#primaryimage\"},\"thumbnailUrl\":\"https:\\\/\\\/www.meydan.tv\\\/wp-content\\\/uploads\\\/fhn_zelzele_060219_01.jpg\",\"datePublished\":\"2019-09-30T19:37:06+00:00\",\"breadcrumb\":{\"@id\":\"https:\\\/\\\/www.meydan.tv\\\/az\\\/article\\\/samaxinin-90-yasli-sakini-zelzeleden-dagilmis-evinin-berpasini-teleb-edir\\\/#breadcrumb\"},\"inLanguage\":\"az\",\"potentialAction\":[{\"@type\":\"ReadAction\",\"target\":[\"https:\\\/\\\/www.meydan.tv\\\/az\\\/article\\\/samaxinin-90-yasli-sakini-zelzeleden-dagilmis-evinin-berpasini-teleb-edir\\\/\"]}]},{\"@type\":\"ImageObject\",\"inLanguage\":\"az\",\"@id\":\"https:\\\/\\\/www.meydan.tv\\\/az\\\/article\\\/samaxinin-90-yasli-sakini-zelzeleden-dagilmis-evinin-berpasini-teleb-edir\\\/#primaryimage\",\"url\":\"https:\\\/\\\/www.meydan.tv\\\/wp-content\\\/uploads\\\/fhn_zelzele_060219_01.jpg\",\"contentUrl\":\"https:\\\/\\\/www.meydan.tv\\\/wp-content\\\/uploads\\\/fhn_zelzele_060219_01.jpg\",\"width\":1280,\"height\":960,\"caption\":\"Source: Specify Source\"},{\"@type\":\"BreadcrumbList\",\"@id\":\"https:\\\/\\\/www.meydan.tv\\\/az\\\/article\\\/samaxinin-90-yasli-sakini-zelzeleden-dagilmis-evinin-berpasini-teleb-edir\\\/#breadcrumb\",\"itemListElement\":[{\"@type\":\"ListItem\",\"position\":1,\"name\":\"Ana s\u0259hif\u0259\",\"item\":\"https:\\\/\\\/www.meydan.tv\\\/az\\\/\"},{\"@type\":\"ListItem\",\"position\":2,\"name\":\"B\u00f6lg\u0259\",\"item\":\"https:\\\/\\\/www.meydan.tv\\\/az\\\/section\\\/bolge\\\/\"},{\"@type\":\"ListItem\",\"position\":3,\"name\":\"\u015eamax\u0131n\u0131n 90 ya\u015fl\u0131 sakini z\u0259lz\u0259l\u0259d\u0259n da\u011f\u0131lm\u0131\u015f evinin b\u0259rpas\u0131n\u0131 t\u0259l\u0259b edir\"}]},{\"@type\":\"WebSite\",\"@id\":\"https:\\\/\\\/www.meydan.tv\\\/az\\\/#website\",\"url\":\"https:\\\/\\\/www.meydan.tv\\\/az\\\/\",\"name\":\"MEYDAN.TV\",\"description\":\"Meydan TV Az\u0259rbaycan\u0131n media m\u0259kan\u0131ndak\u0131 alternativ s\u0259sidir\",\"publisher\":{\"@id\":\"https:\\\/\\\/www.meydan.tv\\\/az\\\/#organization\"},\"potentialAction\":[{\"@type\":\"SearchAction\",\"target\":{\"@type\":\"EntryPoint\",\"urlTemplate\":\"https:\\\/\\\/www.meydan.tv\\\/az\\\/?s={search_term_string}\"},\"query-input\":{\"@type\":\"PropertyValueSpecification\",\"valueRequired\":true,\"valueName\":\"search_term_string\"}}],\"inLanguage\":\"az\"},{\"@type\":\"Organization\",\"@id\":\"https:\\\/\\\/www.meydan.tv\\\/az\\\/#organization\",\"name\":\"Meydan TV\",\"url\":\"https:\\\/\\\/www.meydan.tv\\\/az\\\/\",\"logo\":{\"@type\":\"ImageObject\",\"inLanguage\":\"az\",\"@id\":\"https:\\\/\\\/www.meydan.tv\\\/az\\\/#\\\/schema\\\/logo\\\/image\\\/\",\"url\":\"https:\\\/\\\/www.meydan.tv\\\/wp-content\\\/uploads\\\/2021\\\/07\\\/meydan-logo.svg\",\"contentUrl\":\"https:\\\/\\\/www.meydan.tv\\\/wp-content\\\/uploads\\\/2021\\\/07\\\/meydan-logo.svg\",\"width\":195,\"height\":46,\"caption\":\"Meydan TV\"},\"image\":{\"@id\":\"https:\\\/\\\/www.meydan.tv\\\/az\\\/#\\\/schema\\\/logo\\\/image\\\/\"}},{\"@type\":\"Person\",\"@id\":\"https:\\\/\\\/www.meydan.tv\\\/az\\\/#\\\/schema\\\/person\\\/10d11eccf6da3662cf5fdab9806ea91a\",\"name\":\"user-manager\"}]}<\/script>\n<!-- \/ Yoast SEO plugin. -->","yoast_head_json":{"title":"\u015eamax\u0131n\u0131n 90 ya\u015fl\u0131 sakini z\u0259lz\u0259l\u0259d\u0259n da\u011f\u0131lm\u0131\u015f evinin b\u0259rpas\u0131n\u0131 t\u0259l\u0259b edir - MEYDAN.TV","robots":{"index":"index","follow":"follow","max-snippet":"max-snippet:-1","max-image-preview":"max-image-preview:large","max-video-preview":"max-video-preview:-1"},"canonical":"https:\/\/www.meydan.tv\/az\/article\/samaxinin-90-yasli-sakini-zelzeleden-dagilmis-evinin-berpasini-teleb-edir\/","og_locale":"az_AZ","og_type":"article","og_title":"\u015eamax\u0131n\u0131n 90 ya\u015fl\u0131 sakini z\u0259lz\u0259l\u0259d\u0259n da\u011f\u0131lm\u0131\u015f evinin b\u0259rpas\u0131n\u0131 t\u0259l\u0259b edir - MEYDAN.TV","og_description":"H\u00fcquq\u015f\u00fcnas Namiz\u0259d S\u0259f\u0259rov deyir, C\u0259mil\u0259 Heyd\u0259rova F\u00f6vq\u0259lad\u0259 Hallar Komissiyas\u0131na h\u0259min evd\u0259 ya\u015famas\u0131 il\u0259 ba\u011fl\u0131 bir ne\u00e7\u0259 qon\u015funun imzas\u0131yla akt t\u0259qdim ets\u0259, problem h\u0259llini tapar","og_url":"https:\/\/www.meydan.tv\/az\/article\/samaxinin-90-yasli-sakini-zelzeleden-dagilmis-evinin-berpasini-teleb-edir\/","og_site_name":"MEYDAN.TV","article_published_time":"2019-09-30T19:37:06+00:00","og_image":[{"width":1280,"height":960,"url":"https:\/\/www.meydan.tv\/wp-content\/uploads\/fhn_zelzele_060219_01.jpg","type":"image\/jpeg"}],"author":"user-manager","twitter_card":"summary_large_image","schema":{"@context":"https:\/\/schema.org","@graph":[{"@type":"Article","@id":"https:\/\/www.meydan.tv\/az\/article\/samaxinin-90-yasli-sakini-zelzeleden-dagilmis-evinin-berpasini-teleb-edir\/#article","isPartOf":{"@id":"https:\/\/www.meydan.tv\/az\/article\/samaxinin-90-yasli-sakini-zelzeleden-dagilmis-evinin-berpasini-teleb-edir\/"},"author":{"name":"user-manager","@id":"https:\/\/www.meydan.tv\/az\/#\/schema\/person\/10d11eccf6da3662cf5fdab9806ea91a"},"headline":"\u015eamax\u0131n\u0131n 90 ya\u015fl\u0131 sakini z\u0259lz\u0259l\u0259d\u0259n da\u011f\u0131lm\u0131\u015f evinin b\u0259rpas\u0131n\u0131 t\u0259l\u0259b edir","datePublished":"2019-09-30T19:37:06+00:00","mainEntityOfPage":{"@id":"https:\/\/www.meydan.tv\/az\/article\/samaxinin-90-yasli-sakini-zelzeleden-dagilmis-evinin-berpasini-teleb-edir\/"},"wordCount":982,"publisher":{"@id":"https:\/\/www.meydan.tv\/az\/#organization"},"image":{"@id":"https:\/\/www.meydan.tv\/az\/article\/samaxinin-90-yasli-sakini-zelzeleden-dagilmis-evinin-berpasini-teleb-edir\/#primaryimage"},"thumbnailUrl":"https:\/\/www.meydan.tv\/wp-content\/uploads\/fhn_zelzele_060219_01.jpg","articleSection":["B\u00f6lg\u0259"],"inLanguage":"az"},{"@type":"WebPage","@id":"https:\/\/www.meydan.tv\/az\/article\/samaxinin-90-yasli-sakini-zelzeleden-dagilmis-evinin-berpasini-teleb-edir\/","url":"https:\/\/www.meydan.tv\/az\/article\/samaxinin-90-yasli-sakini-zelzeleden-dagilmis-evinin-berpasini-teleb-edir\/","name":"\u015eamax\u0131n\u0131n 90 ya\u015fl\u0131 sakini z\u0259lz\u0259l\u0259d\u0259n da\u011f\u0131lm\u0131\u015f evinin b\u0259rpas\u0131n\u0131 t\u0259l\u0259b edir - MEYDAN.TV","isPartOf":{"@id":"https:\/\/www.meydan.tv\/az\/#website"},"primaryImageOfPage":{"@id":"https:\/\/www.meydan.tv\/az\/article\/samaxinin-90-yasli-sakini-zelzeleden-dagilmis-evinin-berpasini-teleb-edir\/#primaryimage"},"image":{"@id":"https:\/\/www.meydan.tv\/az\/article\/samaxinin-90-yasli-sakini-zelzeleden-dagilmis-evinin-berpasini-teleb-edir\/#primaryimage"},"thumbnailUrl":"https:\/\/www.meydan.tv\/wp-content\/uploads\/fhn_zelzele_060219_01.jpg","datePublished":"2019-09-30T19:37:06+00:00","breadcrumb":{"@id":"https:\/\/www.meydan.tv\/az\/article\/samaxinin-90-yasli-sakini-zelzeleden-dagilmis-evinin-berpasini-teleb-edir\/#breadcrumb"},"inLanguage":"az","potentialAction":[{"@type":"ReadAction","target":["https:\/\/www.meydan.tv\/az\/article\/samaxinin-90-yasli-sakini-zelzeleden-dagilmis-evinin-berpasini-teleb-edir\/"]}]},{"@type":"ImageObject","inLanguage":"az","@id":"https:\/\/www.meydan.tv\/az\/article\/samaxinin-90-yasli-sakini-zelzeleden-dagilmis-evinin-berpasini-teleb-edir\/#primaryimage","url":"https:\/\/www.meydan.tv\/wp-content\/uploads\/fhn_zelzele_060219_01.jpg","contentUrl":"https:\/\/www.meydan.tv\/wp-content\/uploads\/fhn_zelzele_060219_01.jpg","width":1280,"height":960,"caption":"Source: Specify Source"},{"@type":"BreadcrumbList","@id":"https:\/\/www.meydan.tv\/az\/article\/samaxinin-90-yasli-sakini-zelzeleden-dagilmis-evinin-berpasini-teleb-edir\/#breadcrumb","itemListElement":[{"@type":"ListItem","position":1,"name":"Ana s\u0259hif\u0259","item":"https:\/\/www.meydan.tv\/az\/"},{"@type":"ListItem","position":2,"name":"B\u00f6lg\u0259","item":"https:\/\/www.meydan.tv\/az\/section\/bolge\/"},{"@type":"ListItem","position":3,"name":"\u015eamax\u0131n\u0131n 90 ya\u015fl\u0131 sakini z\u0259lz\u0259l\u0259d\u0259n da\u011f\u0131lm\u0131\u015f evinin b\u0259rpas\u0131n\u0131 t\u0259l\u0259b edir"}]},{"@type":"WebSite","@id":"https:\/\/www.meydan.tv\/az\/#website","url":"https:\/\/www.meydan.tv\/az\/","name":"MEYDAN.TV","description":"Meydan TV Az\u0259rbaycan\u0131n media m\u0259kan\u0131ndak\u0131 alternativ s\u0259sidir","publisher":{"@id":"https:\/\/www.meydan.tv\/az\/#organization"},"potentialAction":[{"@type":"SearchAction","target":{"@type":"EntryPoint","urlTemplate":"https:\/\/www.meydan.tv\/az\/?s={search_term_string}"},"query-input":{"@type":"PropertyValueSpecification","valueRequired":true,"valueName":"search_term_string"}}],"inLanguage":"az"},{"@type":"Organization","@id":"https:\/\/www.meydan.tv\/az\/#organization","name":"Meydan TV","url":"https:\/\/www.meydan.tv\/az\/","logo":{"@type":"ImageObject","inLanguage":"az","@id":"https:\/\/www.meydan.tv\/az\/#\/schema\/logo\/image\/","url":"https:\/\/www.meydan.tv\/wp-content\/uploads\/2021\/07\/meydan-logo.svg","contentUrl":"https:\/\/www.meydan.tv\/wp-content\/uploads\/2021\/07\/meydan-logo.svg","width":195,"height":46,"caption":"Meydan TV"},"image":{"@id":"https:\/\/www.meydan.tv\/az\/#\/schema\/logo\/image\/"}},{"@type":"Person","@id":"https:\/\/www.meydan.tv\/az\/#\/schema\/person\/10d11eccf6da3662cf5fdab9806ea91a","name":"user-manager"}]}},"_links":{"self":[{"href":"https:\/\/www.meydan.tv\/az\/wp-json\/wp\/v2\/posts\/197216","targetHints":{"allow":["GET"]}}],"collection":[{"href":"https:\/\/www.meydan.tv\/az\/wp-json\/wp\/v2\/posts"}],"about":[{"href":"https:\/\/www.meydan.tv\/az\/wp-json\/wp\/v2\/types\/post"}],"author":[{"embeddable":true,"href":"https:\/\/www.meydan.tv\/az\/wp-json\/wp\/v2\/users\/11"}],"replies":[{"embeddable":true,"href":"https:\/\/www.meydan.tv\/az\/wp-json\/wp\/v2\/comments?post=197216"}],"version-history":[{"count":0,"href":"https:\/\/www.meydan.tv\/az\/wp-json\/wp\/v2\/posts\/197216\/revisions"}],"wp:featuredmedia":[{"embeddable":true,"href":"https:\/\/www.meydan.tv\/az\/wp-json\/wp\/v2\/media\/130474"}],"wp:attachment":[{"href":"https:\/\/www.meydan.tv\/az\/wp-json\/wp\/v2\/media?parent=197216"}],"wp:term":[{"taxonomy":"category","embeddable":true,"href":"https:\/\/www.meydan.tv\/az\/wp-json\/wp\/v2\/categories?post=197216"},{"taxonomy":"post_tag","embeddable":true,"href":"https:\/\/www.meydan.tv\/az\/wp-json\/wp\/v2\/tags?post=197216"}],"curies":[{"name":"wp","href":"https:\/\/api.w.org\/{rel}","templated":true}]}}