{"id":197212,"date":"2019-09-30T17:17:47","date_gmt":"2019-09-30T17:17:47","guid":{"rendered":"https:\/\/www.meydan.tv\/article\/seudi-sehzadesi-iran-munaqisesi-bitmezse-neft-qiymetleri-qefil-yukselecek\/"},"modified":"2019-09-30T17:17:47","modified_gmt":"2019-09-30T17:17:47","slug":"seudi-sehzadesi-iran-munaqisesi-bitmezse-neft-qiymetleri-qefil-yukselecek","status":"publish","type":"post","link":"https:\/\/www.meydan.tv\/az\/article\/seudi-sehzadesi-iran-munaqisesi-bitmezse-neft-qiymetleri-qefil-yukselecek\/","title":{"rendered":"S\u0259udi \u015f\u0259hzad\u0259si: \u0130ran m\u00fcnaqi\u015f\u0259si bitm\u0259zs\u0259, neft qiym\u0259tl\u0259ri q\u0259fil y\u00fcks\u0259l\u0259c\u0259k"},"content":{"rendered":"<p>\n  <i><br \/>\n    M\u0259h\u0259mm\u0259d bin Salman AB\u015e-\u0131n x\u0259b\u0259r proqram\u0131nda \u00e7\u0131x\u0131\u015f edib<br \/>\n  <\/i>\n<\/p>\n<p>\n  S\u0259udiyy\u0259 \u018fr\u0259bistan\u0131n\u0131n v\u0259li\u0259hd \u015fahzad\u0259si M\u0259h\u0259mm\u0259d bin Salman x\u0259b\u0259rdarl\u0131q edib ki, beyn\u0259lxalq birlik \u0130rana qar\u015f\u0131 \u201cg\u00fccl\u00fc v\u0259 m\u00f6hk\u0259m\u201d m\u00f6vqe s\u0259rgil\u0259m\u0259zs\u0259, d\u00fcnya neft qiym\u0259tl\u0259ri t\u0259s\u0259vv\u00fcr edilm\u0259y\u0259c\u0259k q\u0259d\u0259r y\u00fcks\u0259k s\u0259viyy\u0259y\u0259 y\u00fcks\u0259l\u0259 bil\u0259r.\n<\/p>\n<p>\n  \u201cD\u00fcnya \u0130rana qar\u015f\u0131 g\u00fccl\u00fc v\u0259 q\u0259tiyy\u0259tli t\u0259dbirl\u0259r g\u00f6rm\u0259zs\u0259, biz d\u00fcnya maraqlar\u0131n\u0131 t\u0259hdid ed\u0259c\u0259k daha bir eskalasiya il\u0259 qar\u015f\u0131la\u015faca\u011f\u0131q,\u201c- \u015fahzad\u0259 h\u0259ft\u0259lik AB\u015e x\u0259b\u0259r proqram\u0131 \u201c60 d\u0259qiq\u0259\u201c-y\u0259 bildirib.\n<\/p>\n<p>\n  Sentyabr\u0131n 29-da yay\u0131mlanan m\u00fcsahib\u0259 S\u0259udiyy\u0259 \u018fr\u0259bistan\u0131n\u0131n neft qur\u011fular\u0131na edilmi\u015f h\u00fccumdan 15 g\u00fcn sonraya t\u0259sad\u00fcf edir. H\u00fccum \u00f6lk\u0259nin xam neft hasilat\u0131n\u0131n 50 faizini v\u0259 qlobal neft t\u0259dar\u00fck\u00fcn\u00fcn 5 faizini iflic etmi\u015fdi.\n<\/p>\n<p>\n  S\u0259udiyy\u0259 \u018fr\u0259bistan\u0131 \u015fahzad\u0259si AB\u015e D\u00f6vl\u0259t Katibi Mayk Pompeo il\u0259 birlikd\u0259 14 sentyabr h\u00fccumunu m\u00fcharib\u0259 akt\u0131 adland\u0131raraq, S\u0259udiyy\u0259 \u018fr\u0259bistan\u0131n\u0131n b\u00f6lg\u0259d\u0259ki d\u00fc\u015fm\u0259ninin \u0130ran\u0131n oldu\u011funu qeyd edibl\u0259r.\n<\/p>\n<p>\n  Fransa, Almaniya v\u0259 \u0130ngilt\u0259r\u0259 d\u0259 h\u00fccumda Tehran\u0131 g\u00fcnahland\u0131r\u0131b.\n<\/p>\n<p>\n  \u0130ran h\u00fccumla he\u00e7 bir \u0259laq\u0259sinin olmad\u0131\u011f\u0131n\u0131 qeyd edib. Y\u0259m\u0259nli Huthi \u00fcsyan\u00e7\u0131lar\u0131 hadis\u0259nin m\u0259suliyy\u0259tini \u00f6z \u00fcz\u0259rin\u0259 g\u00f6t\u00fcr\u00fcbl\u0259r.\n<\/p>\n<p>\n  \u015eahzad\u0259 m\u0259s\u0259l\u0259nin h\u0259rbi yolla deyil, siyasi yolla h\u0259llinin t\u0259r\u0259fdar\u0131 oldu\u011funu qeyd edib. O bildirib ki, m\u00fcharib\u0259 yoluna \u00fcst\u00fcnl\u00fck verilm\u0259si d\u00fcnya iqtisadiyyat\u0131na b\u00f6y\u00fck z\u0259rb\u0259 ola bil\u0259r.\n<\/p>\n<p>\n  \u201cSiyasi v\u0259 s\u00fclh yolu il\u0259 h\u0259ll h\u0259rbi m\u0259s\u0259l\u0259d\u0259n daha yax\u015f\u0131d\u0131r,\u201c- dey\u0259 o bildirib.<\/p>\n","protected":false},"excerpt":{"rendered":"<p>M\u0259h\u0259mm\u0259d bin Salman AB\u015e-\u0131n x\u0259b\u0259r proqram\u0131nda \u00e7\u0131x\u0131\u015f edib<\/p>\n","protected":false},"author":11,"featured_media":130468,"comment_status":"closed","ping_status":"open","sticky":false,"template":"","format":"standard","meta":{"_acf_changed":false,"_sitemap_exclude":false,"_sitemap_priority":"","_sitemap_frequency":"","footnotes":""},"categories":[64],"tags":[],"class_list":["post-197212","post","type-post","status-publish","format-standard","has-post-thumbnail","hentry","category-dunya","infinite-scroll-item","generate-columns","tablet-grid-50","mobile-grid-100","grid-parent","grid-33","no-featured-image-padding"],"acf":[],"yoast_head":"<!-- This site is optimized with the Yoast SEO plugin v27.5 - https:\/\/yoast.com\/product\/yoast-seo-wordpress\/ -->\n<title>S\u0259udi \u015f\u0259hzad\u0259si: \u0130ran m\u00fcnaqi\u015f\u0259si bitm\u0259zs\u0259, neft qiym\u0259tl\u0259ri q\u0259fil y\u00fcks\u0259l\u0259c\u0259k - MEYDAN.TV<\/title>\n<meta name=\"robots\" content=\"index, follow, max-snippet:-1, max-image-preview:large, max-video-preview:-1\" \/>\n<link rel=\"canonical\" href=\"https:\/\/www.meydan.tv\/az\/article\/seudi-sehzadesi-iran-munaqisesi-bitmezse-neft-qiymetleri-qefil-yukselecek\/\" \/>\n<meta property=\"og:locale\" content=\"az_AZ\" \/>\n<meta property=\"og:type\" content=\"article\" \/>\n<meta property=\"og:title\" content=\"S\u0259udi \u015f\u0259hzad\u0259si: \u0130ran m\u00fcnaqi\u015f\u0259si bitm\u0259zs\u0259, neft qiym\u0259tl\u0259ri q\u0259fil y\u00fcks\u0259l\u0259c\u0259k - MEYDAN.TV\" \/>\n<meta property=\"og:description\" content=\"M\u0259h\u0259mm\u0259d bin Salman AB\u015e-\u0131n x\u0259b\u0259r proqram\u0131nda \u00e7\u0131x\u0131\u015f edib\" \/>\n<meta property=\"og:url\" content=\"https:\/\/www.meydan.tv\/az\/article\/seudi-sehzadesi-iran-munaqisesi-bitmezse-neft-qiymetleri-qefil-yukselecek\/\" \/>\n<meta property=\"og:site_name\" content=\"MEYDAN.TV\" \/>\n<meta property=\"article:published_time\" content=\"2019-09-30T17:17:47+00:00\" \/>\n<meta property=\"og:image\" content=\"https:\/\/www.meydan.tv\/wp-content\/uploads\/saudi-crown-prince-mohammed-bin-salman-1024x683-1.jpg\" \/>\n\t<meta property=\"og:image:width\" content=\"1024\" \/>\n\t<meta property=\"og:image:height\" content=\"683\" \/>\n\t<meta property=\"og:image:type\" content=\"image\/jpeg\" \/>\n<meta name=\"author\" content=\"user-manager\" \/>\n<meta name=\"twitter:card\" content=\"summary_large_image\" \/>\n<script type=\"application\/ld+json\" class=\"yoast-schema-graph\">{\"@context\":\"https:\\\/\\\/schema.org\",\"@graph\":[{\"@type\":\"Article\",\"@id\":\"https:\\\/\\\/www.meydan.tv\\\/az\\\/article\\\/seudi-sehzadesi-iran-munaqisesi-bitmezse-neft-qiymetleri-qefil-yukselecek\\\/#article\",\"isPartOf\":{\"@id\":\"https:\\\/\\\/www.meydan.tv\\\/az\\\/article\\\/seudi-sehzadesi-iran-munaqisesi-bitmezse-neft-qiymetleri-qefil-yukselecek\\\/\"},\"author\":{\"name\":\"user-manager\",\"@id\":\"https:\\\/\\\/www.meydan.tv\\\/az\\\/#\\\/schema\\\/person\\\/10d11eccf6da3662cf5fdab9806ea91a\"},\"headline\":\"S\u0259udi \u015f\u0259hzad\u0259si: \u0130ran m\u00fcnaqi\u015f\u0259si bitm\u0259zs\u0259, neft qiym\u0259tl\u0259ri q\u0259fil y\u00fcks\u0259l\u0259c\u0259k\",\"datePublished\":\"2019-09-30T17:17:47+00:00\",\"mainEntityOfPage\":{\"@id\":\"https:\\\/\\\/www.meydan.tv\\\/az\\\/article\\\/seudi-sehzadesi-iran-munaqisesi-bitmezse-neft-qiymetleri-qefil-yukselecek\\\/\"},\"wordCount\":354,\"publisher\":{\"@id\":\"https:\\\/\\\/www.meydan.tv\\\/az\\\/#organization\"},\"image\":{\"@id\":\"https:\\\/\\\/www.meydan.tv\\\/az\\\/article\\\/seudi-sehzadesi-iran-munaqisesi-bitmezse-neft-qiymetleri-qefil-yukselecek\\\/#primaryimage\"},\"thumbnailUrl\":\"https:\\\/\\\/www.meydan.tv\\\/wp-content\\\/uploads\\\/saudi-crown-prince-mohammed-bin-salman-1024x683-1.jpg\",\"articleSection\":[\"D\u00fcnya\"],\"inLanguage\":\"az\"},{\"@type\":\"WebPage\",\"@id\":\"https:\\\/\\\/www.meydan.tv\\\/az\\\/article\\\/seudi-sehzadesi-iran-munaqisesi-bitmezse-neft-qiymetleri-qefil-yukselecek\\\/\",\"url\":\"https:\\\/\\\/www.meydan.tv\\\/az\\\/article\\\/seudi-sehzadesi-iran-munaqisesi-bitmezse-neft-qiymetleri-qefil-yukselecek\\\/\",\"name\":\"S\u0259udi \u015f\u0259hzad\u0259si: \u0130ran m\u00fcnaqi\u015f\u0259si bitm\u0259zs\u0259, neft qiym\u0259tl\u0259ri q\u0259fil y\u00fcks\u0259l\u0259c\u0259k - MEYDAN.TV\",\"isPartOf\":{\"@id\":\"https:\\\/\\\/www.meydan.tv\\\/az\\\/#website\"},\"primaryImageOfPage\":{\"@id\":\"https:\\\/\\\/www.meydan.tv\\\/az\\\/article\\\/seudi-sehzadesi-iran-munaqisesi-bitmezse-neft-qiymetleri-qefil-yukselecek\\\/#primaryimage\"},\"image\":{\"@id\":\"https:\\\/\\\/www.meydan.tv\\\/az\\\/article\\\/seudi-sehzadesi-iran-munaqisesi-bitmezse-neft-qiymetleri-qefil-yukselecek\\\/#primaryimage\"},\"thumbnailUrl\":\"https:\\\/\\\/www.meydan.tv\\\/wp-content\\\/uploads\\\/saudi-crown-prince-mohammed-bin-salman-1024x683-1.jpg\",\"datePublished\":\"2019-09-30T17:17:47+00:00\",\"breadcrumb\":{\"@id\":\"https:\\\/\\\/www.meydan.tv\\\/az\\\/article\\\/seudi-sehzadesi-iran-munaqisesi-bitmezse-neft-qiymetleri-qefil-yukselecek\\\/#breadcrumb\"},\"inLanguage\":\"az\",\"potentialAction\":[{\"@type\":\"ReadAction\",\"target\":[\"https:\\\/\\\/www.meydan.tv\\\/az\\\/article\\\/seudi-sehzadesi-iran-munaqisesi-bitmezse-neft-qiymetleri-qefil-yukselecek\\\/\"]}]},{\"@type\":\"ImageObject\",\"inLanguage\":\"az\",\"@id\":\"https:\\\/\\\/www.meydan.tv\\\/az\\\/article\\\/seudi-sehzadesi-iran-munaqisesi-bitmezse-neft-qiymetleri-qefil-yukselecek\\\/#primaryimage\",\"url\":\"https:\\\/\\\/www.meydan.tv\\\/wp-content\\\/uploads\\\/saudi-crown-prince-mohammed-bin-salman-1024x683-1.jpg\",\"contentUrl\":\"https:\\\/\\\/www.meydan.tv\\\/wp-content\\\/uploads\\\/saudi-crown-prince-mohammed-bin-salman-1024x683-1.jpg\",\"width\":1024,\"height\":683,\"caption\":\"Source: a\"},{\"@type\":\"BreadcrumbList\",\"@id\":\"https:\\\/\\\/www.meydan.tv\\\/az\\\/article\\\/seudi-sehzadesi-iran-munaqisesi-bitmezse-neft-qiymetleri-qefil-yukselecek\\\/#breadcrumb\",\"itemListElement\":[{\"@type\":\"ListItem\",\"position\":1,\"name\":\"Ana s\u0259hif\u0259\",\"item\":\"https:\\\/\\\/www.meydan.tv\\\/az\\\/\"},{\"@type\":\"ListItem\",\"position\":2,\"name\":\"D\u00fcnya\",\"item\":\"https:\\\/\\\/www.meydan.tv\\\/az\\\/section\\\/dunya\\\/\"},{\"@type\":\"ListItem\",\"position\":3,\"name\":\"S\u0259udi \u015f\u0259hzad\u0259si: \u0130ran m\u00fcnaqi\u015f\u0259si bitm\u0259zs\u0259, neft qiym\u0259tl\u0259ri q\u0259fil y\u00fcks\u0259l\u0259c\u0259k\"}]},{\"@type\":\"WebSite\",\"@id\":\"https:\\\/\\\/www.meydan.tv\\\/az\\\/#website\",\"url\":\"https:\\\/\\\/www.meydan.tv\\\/az\\\/\",\"name\":\"MEYDAN.TV\",\"description\":\"Meydan TV Az\u0259rbaycan\u0131n media m\u0259kan\u0131ndak\u0131 alternativ s\u0259sidir\",\"publisher\":{\"@id\":\"https:\\\/\\\/www.meydan.tv\\\/az\\\/#organization\"},\"potentialAction\":[{\"@type\":\"SearchAction\",\"target\":{\"@type\":\"EntryPoint\",\"urlTemplate\":\"https:\\\/\\\/www.meydan.tv\\\/az\\\/?s={search_term_string}\"},\"query-input\":{\"@type\":\"PropertyValueSpecification\",\"valueRequired\":true,\"valueName\":\"search_term_string\"}}],\"inLanguage\":\"az\"},{\"@type\":\"Organization\",\"@id\":\"https:\\\/\\\/www.meydan.tv\\\/az\\\/#organization\",\"name\":\"Meydan TV\",\"url\":\"https:\\\/\\\/www.meydan.tv\\\/az\\\/\",\"logo\":{\"@type\":\"ImageObject\",\"inLanguage\":\"az\",\"@id\":\"https:\\\/\\\/www.meydan.tv\\\/az\\\/#\\\/schema\\\/logo\\\/image\\\/\",\"url\":\"https:\\\/\\\/www.meydan.tv\\\/wp-content\\\/uploads\\\/2021\\\/07\\\/meydan-logo.svg\",\"contentUrl\":\"https:\\\/\\\/www.meydan.tv\\\/wp-content\\\/uploads\\\/2021\\\/07\\\/meydan-logo.svg\",\"width\":195,\"height\":46,\"caption\":\"Meydan TV\"},\"image\":{\"@id\":\"https:\\\/\\\/www.meydan.tv\\\/az\\\/#\\\/schema\\\/logo\\\/image\\\/\"}},{\"@type\":\"Person\",\"@id\":\"https:\\\/\\\/www.meydan.tv\\\/az\\\/#\\\/schema\\\/person\\\/10d11eccf6da3662cf5fdab9806ea91a\",\"name\":\"user-manager\"}]}<\/script>\n<!-- \/ Yoast SEO plugin. -->","yoast_head_json":{"title":"S\u0259udi \u015f\u0259hzad\u0259si: \u0130ran m\u00fcnaqi\u015f\u0259si bitm\u0259zs\u0259, neft qiym\u0259tl\u0259ri q\u0259fil y\u00fcks\u0259l\u0259c\u0259k - MEYDAN.TV","robots":{"index":"index","follow":"follow","max-snippet":"max-snippet:-1","max-image-preview":"max-image-preview:large","max-video-preview":"max-video-preview:-1"},"canonical":"https:\/\/www.meydan.tv\/az\/article\/seudi-sehzadesi-iran-munaqisesi-bitmezse-neft-qiymetleri-qefil-yukselecek\/","og_locale":"az_AZ","og_type":"article","og_title":"S\u0259udi \u015f\u0259hzad\u0259si: \u0130ran m\u00fcnaqi\u015f\u0259si bitm\u0259zs\u0259, neft qiym\u0259tl\u0259ri q\u0259fil y\u00fcks\u0259l\u0259c\u0259k - MEYDAN.TV","og_description":"M\u0259h\u0259mm\u0259d bin Salman AB\u015e-\u0131n x\u0259b\u0259r proqram\u0131nda \u00e7\u0131x\u0131\u015f edib","og_url":"https:\/\/www.meydan.tv\/az\/article\/seudi-sehzadesi-iran-munaqisesi-bitmezse-neft-qiymetleri-qefil-yukselecek\/","og_site_name":"MEYDAN.TV","article_published_time":"2019-09-30T17:17:47+00:00","og_image":[{"width":1024,"height":683,"url":"https:\/\/www.meydan.tv\/wp-content\/uploads\/saudi-crown-prince-mohammed-bin-salman-1024x683-1.jpg","type":"image\/jpeg"}],"author":"user-manager","twitter_card":"summary_large_image","schema":{"@context":"https:\/\/schema.org","@graph":[{"@type":"Article","@id":"https:\/\/www.meydan.tv\/az\/article\/seudi-sehzadesi-iran-munaqisesi-bitmezse-neft-qiymetleri-qefil-yukselecek\/#article","isPartOf":{"@id":"https:\/\/www.meydan.tv\/az\/article\/seudi-sehzadesi-iran-munaqisesi-bitmezse-neft-qiymetleri-qefil-yukselecek\/"},"author":{"name":"user-manager","@id":"https:\/\/www.meydan.tv\/az\/#\/schema\/person\/10d11eccf6da3662cf5fdab9806ea91a"},"headline":"S\u0259udi \u015f\u0259hzad\u0259si: \u0130ran m\u00fcnaqi\u015f\u0259si bitm\u0259zs\u0259, neft qiym\u0259tl\u0259ri q\u0259fil y\u00fcks\u0259l\u0259c\u0259k","datePublished":"2019-09-30T17:17:47+00:00","mainEntityOfPage":{"@id":"https:\/\/www.meydan.tv\/az\/article\/seudi-sehzadesi-iran-munaqisesi-bitmezse-neft-qiymetleri-qefil-yukselecek\/"},"wordCount":354,"publisher":{"@id":"https:\/\/www.meydan.tv\/az\/#organization"},"image":{"@id":"https:\/\/www.meydan.tv\/az\/article\/seudi-sehzadesi-iran-munaqisesi-bitmezse-neft-qiymetleri-qefil-yukselecek\/#primaryimage"},"thumbnailUrl":"https:\/\/www.meydan.tv\/wp-content\/uploads\/saudi-crown-prince-mohammed-bin-salman-1024x683-1.jpg","articleSection":["D\u00fcnya"],"inLanguage":"az"},{"@type":"WebPage","@id":"https:\/\/www.meydan.tv\/az\/article\/seudi-sehzadesi-iran-munaqisesi-bitmezse-neft-qiymetleri-qefil-yukselecek\/","url":"https:\/\/www.meydan.tv\/az\/article\/seudi-sehzadesi-iran-munaqisesi-bitmezse-neft-qiymetleri-qefil-yukselecek\/","name":"S\u0259udi \u015f\u0259hzad\u0259si: \u0130ran m\u00fcnaqi\u015f\u0259si bitm\u0259zs\u0259, neft qiym\u0259tl\u0259ri q\u0259fil y\u00fcks\u0259l\u0259c\u0259k - MEYDAN.TV","isPartOf":{"@id":"https:\/\/www.meydan.tv\/az\/#website"},"primaryImageOfPage":{"@id":"https:\/\/www.meydan.tv\/az\/article\/seudi-sehzadesi-iran-munaqisesi-bitmezse-neft-qiymetleri-qefil-yukselecek\/#primaryimage"},"image":{"@id":"https:\/\/www.meydan.tv\/az\/article\/seudi-sehzadesi-iran-munaqisesi-bitmezse-neft-qiymetleri-qefil-yukselecek\/#primaryimage"},"thumbnailUrl":"https:\/\/www.meydan.tv\/wp-content\/uploads\/saudi-crown-prince-mohammed-bin-salman-1024x683-1.jpg","datePublished":"2019-09-30T17:17:47+00:00","breadcrumb":{"@id":"https:\/\/www.meydan.tv\/az\/article\/seudi-sehzadesi-iran-munaqisesi-bitmezse-neft-qiymetleri-qefil-yukselecek\/#breadcrumb"},"inLanguage":"az","potentialAction":[{"@type":"ReadAction","target":["https:\/\/www.meydan.tv\/az\/article\/seudi-sehzadesi-iran-munaqisesi-bitmezse-neft-qiymetleri-qefil-yukselecek\/"]}]},{"@type":"ImageObject","inLanguage":"az","@id":"https:\/\/www.meydan.tv\/az\/article\/seudi-sehzadesi-iran-munaqisesi-bitmezse-neft-qiymetleri-qefil-yukselecek\/#primaryimage","url":"https:\/\/www.meydan.tv\/wp-content\/uploads\/saudi-crown-prince-mohammed-bin-salman-1024x683-1.jpg","contentUrl":"https:\/\/www.meydan.tv\/wp-content\/uploads\/saudi-crown-prince-mohammed-bin-salman-1024x683-1.jpg","width":1024,"height":683,"caption":"Source: a"},{"@type":"BreadcrumbList","@id":"https:\/\/www.meydan.tv\/az\/article\/seudi-sehzadesi-iran-munaqisesi-bitmezse-neft-qiymetleri-qefil-yukselecek\/#breadcrumb","itemListElement":[{"@type":"ListItem","position":1,"name":"Ana s\u0259hif\u0259","item":"https:\/\/www.meydan.tv\/az\/"},{"@type":"ListItem","position":2,"name":"D\u00fcnya","item":"https:\/\/www.meydan.tv\/az\/section\/dunya\/"},{"@type":"ListItem","position":3,"name":"S\u0259udi \u015f\u0259hzad\u0259si: \u0130ran m\u00fcnaqi\u015f\u0259si bitm\u0259zs\u0259, neft qiym\u0259tl\u0259ri q\u0259fil y\u00fcks\u0259l\u0259c\u0259k"}]},{"@type":"WebSite","@id":"https:\/\/www.meydan.tv\/az\/#website","url":"https:\/\/www.meydan.tv\/az\/","name":"MEYDAN.TV","description":"Meydan TV Az\u0259rbaycan\u0131n media m\u0259kan\u0131ndak\u0131 alternativ s\u0259sidir","publisher":{"@id":"https:\/\/www.meydan.tv\/az\/#organization"},"potentialAction":[{"@type":"SearchAction","target":{"@type":"EntryPoint","urlTemplate":"https:\/\/www.meydan.tv\/az\/?s={search_term_string}"},"query-input":{"@type":"PropertyValueSpecification","valueRequired":true,"valueName":"search_term_string"}}],"inLanguage":"az"},{"@type":"Organization","@id":"https:\/\/www.meydan.tv\/az\/#organization","name":"Meydan TV","url":"https:\/\/www.meydan.tv\/az\/","logo":{"@type":"ImageObject","inLanguage":"az","@id":"https:\/\/www.meydan.tv\/az\/#\/schema\/logo\/image\/","url":"https:\/\/www.meydan.tv\/wp-content\/uploads\/2021\/07\/meydan-logo.svg","contentUrl":"https:\/\/www.meydan.tv\/wp-content\/uploads\/2021\/07\/meydan-logo.svg","width":195,"height":46,"caption":"Meydan TV"},"image":{"@id":"https:\/\/www.meydan.tv\/az\/#\/schema\/logo\/image\/"}},{"@type":"Person","@id":"https:\/\/www.meydan.tv\/az\/#\/schema\/person\/10d11eccf6da3662cf5fdab9806ea91a","name":"user-manager"}]}},"_links":{"self":[{"href":"https:\/\/www.meydan.tv\/az\/wp-json\/wp\/v2\/posts\/197212","targetHints":{"allow":["GET"]}}],"collection":[{"href":"https:\/\/www.meydan.tv\/az\/wp-json\/wp\/v2\/posts"}],"about":[{"href":"https:\/\/www.meydan.tv\/az\/wp-json\/wp\/v2\/types\/post"}],"author":[{"embeddable":true,"href":"https:\/\/www.meydan.tv\/az\/wp-json\/wp\/v2\/users\/11"}],"replies":[{"embeddable":true,"href":"https:\/\/www.meydan.tv\/az\/wp-json\/wp\/v2\/comments?post=197212"}],"version-history":[{"count":0,"href":"https:\/\/www.meydan.tv\/az\/wp-json\/wp\/v2\/posts\/197212\/revisions"}],"wp:featuredmedia":[{"embeddable":true,"href":"https:\/\/www.meydan.tv\/az\/wp-json\/wp\/v2\/media\/130468"}],"wp:attachment":[{"href":"https:\/\/www.meydan.tv\/az\/wp-json\/wp\/v2\/media?parent=197212"}],"wp:term":[{"taxonomy":"category","embeddable":true,"href":"https:\/\/www.meydan.tv\/az\/wp-json\/wp\/v2\/categories?post=197212"},{"taxonomy":"post_tag","embeddable":true,"href":"https:\/\/www.meydan.tv\/az\/wp-json\/wp\/v2\/tags?post=197212"}],"curies":[{"name":"wp","href":"https:\/\/api.w.org\/{rel}","templated":true}]}}