{"id":197209,"date":"2019-09-30T16:42:48","date_gmt":"2019-09-30T16:42:48","guid":{"rendered":"https:\/\/www.meydan.tv\/article\/putin-separatci-abxaziyaya-desteyin-davam-etdirileceyini-ved-edib\/"},"modified":"2019-09-30T16:42:48","modified_gmt":"2019-09-30T16:42:48","slug":"putin-separatci-abxaziyaya-desteyin-davam-etdirileceyini-ved-edib","status":"publish","type":"post","link":"https:\/\/www.meydan.tv\/az\/article\/putin-separatci-abxaziyaya-desteyin-davam-etdirileceyini-ved-edib\/","title":{"rendered":"Putin separat\u00e7\u0131 Abxaziyaya d\u0259st\u0259yin davam etdiril\u0259c\u0259yini v\u0259d edib"},"content":{"rendered":"<p>\n  Prezident Vladimir Putin Rusiyan\u0131n G\u00fcrc\u00fcstan\u0131n Abxaziya b\u00f6lg\u0259sinin separat\u00e7\u0131 h\u00f6kum\u0259tin\u0259 d\u0259st\u0259yini davam etdir\u0259c\u0259yini v\u0259d edib, &#8211; RFE\/RL x\u0259b\u0259r verir.\n<\/p>\n<p>\n  Kremlin m\u0259tbuat xidm\u0259ti qeyd edib ki, Putin G\u00fcrc\u00fcstandan par\u00e7alanm\u0131\u015f b\u00f6lg\u0259nin de-fakto h\u00f6kum\u0259tin\u0259 d\u0259st\u0259yini Abxaziyan\u0131n separat\u00e7\u0131 lideri Raul Xajimbaya 30 sentyabr tarixind\u0259 teleqram vasit\u0259siyl\u0259 bildirib. Sentyabr\u0131n 30-u b\u00f6lg\u0259nin m\u00fcst\u0259qilliyinin qeyd edildiyi tarixdir.\n<\/p>\n<p>\n  &quot;Rusiya Abxaziyaya milli t\u0259hl\u00fck\u0259sizliyini d\u0259st\u0259kl\u0259m\u0259k, el\u0259c\u0259 d\u0259 sosial v\u0259 iqtisadi inki\u015faf sah\u0259sind\u0259ki aktual probleml\u0259rin h\u0259lli \u00fc\u00e7\u00fcn yard\u0131m g\u00f6st\u0259rm\u0259y\u0259 davam ed\u0259c\u0259k,&quot; &#8211; Kremld\u0259n bildirilib.\n<\/p>\n<p>\n  Sentyabr\u0131n 23-d\u0259 Putin Rusiya h\u00f6kum\u0259tin\u0259 Abxaziya il\u0259 silahl\u0131 q\u00fcvv\u0259l\u0259rin modernl\u0259\u015fdirilm\u0259sini t\u0259min etm\u0259k \u00fc\u00e7\u00fcn maliyy\u0259 ay\u0131r\u0131m\u0131 haqq\u0131nda sazi\u015f imzalama\u011f\u0131 tap\u015f\u0131r\u0131b.\n<\/p>\n<p>\n  Rusiya t\u0259r\u0259find\u0259n d\u0259st\u0259kl\u0259n\u0259n separat\u00e7\u0131 Abxaziya 1990-c\u0131 ill\u0259rin \u0259vv\u0259ll\u0259rind\u0259 G\u00fcrc\u00fcstan h\u00f6kum\u0259t q\u00fcvv\u0259l\u0259ri il\u0259 m\u00fcnaqi\u015f\u0259 z\u0259minind\u0259 m\u00fcst\u0259qilliyini elan edib.\n<\/p>\n<p>\n  2008-ci ilin avqustunda be\u015f g\u00fcnl\u00fck G\u00fcrc\u00fcstan-Rusiya m\u00fcharib\u0259sind\u0259n sonra Moskva Abxaziyan\u0131n v\u0259 G\u00fcrc\u00fcstan\u0131n dig\u0259r separat\u00e7\u0131 b\u00f6lg\u0259si olan C\u0259nubi Osetiyan\u0131n m\u00fcst\u0259qilliyini tan\u0131y\u0131b.\n<\/p>\n<p>\n  G\u00fcrc\u00fcstan v\u0259 beyn\u0259lxalq ictimaiyy\u0259tin b\u00f6y\u00fck \u0259ks\u0259riyy\u0259ti hesab edir ki, h\u0259r iki b\u00f6lg\u0259 Rusiya t\u0259r\u0259find\u0259n i\u015f\u011fal edilib.<\/p>\n","protected":false},"excerpt":{"rendered":"<p>Putin bununla ba\u011fl\u0131 Abxaziyan\u0131n liderin\u0259 teleqram vurub<\/p>\n","protected":false},"author":11,"featured_media":64931,"comment_status":"closed","ping_status":"open","sticky":false,"template":"","format":"standard","meta":{"_acf_changed":false,"_sitemap_exclude":false,"_sitemap_priority":"","_sitemap_frequency":"","footnotes":""},"categories":[64],"tags":[],"class_list":["post-197209","post","type-post","status-publish","format-standard","has-post-thumbnail","hentry","category-dunya","infinite-scroll-item","generate-columns","tablet-grid-50","mobile-grid-100","grid-parent","grid-33","no-featured-image-padding"],"acf":[],"yoast_head":"<!-- This site is optimized with the Yoast SEO plugin v27.5 - https:\/\/yoast.com\/product\/yoast-seo-wordpress\/ -->\n<title>Putin separat\u00e7\u0131 Abxaziyaya d\u0259st\u0259yin davam etdiril\u0259c\u0259yini v\u0259d edib - MEYDAN.TV<\/title>\n<meta name=\"robots\" content=\"index, follow, max-snippet:-1, max-image-preview:large, max-video-preview:-1\" \/>\n<link rel=\"canonical\" href=\"https:\/\/www.meydan.tv\/az\/article\/putin-separatci-abxaziyaya-desteyin-davam-etdirileceyini-ved-edib\/\" \/>\n<meta property=\"og:locale\" content=\"az_AZ\" \/>\n<meta property=\"og:type\" content=\"article\" \/>\n<meta property=\"og:title\" content=\"Putin separat\u00e7\u0131 Abxaziyaya d\u0259st\u0259yin davam etdiril\u0259c\u0259yini v\u0259d edib - MEYDAN.TV\" \/>\n<meta property=\"og:description\" content=\"Putin bununla ba\u011fl\u0131 Abxaziyan\u0131n liderin\u0259 teleqram vurub\" \/>\n<meta property=\"og:url\" content=\"https:\/\/www.meydan.tv\/az\/article\/putin-separatci-abxaziyaya-desteyin-davam-etdirileceyini-ved-edib\/\" \/>\n<meta property=\"og:site_name\" content=\"MEYDAN.TV\" \/>\n<meta property=\"article:published_time\" content=\"2019-09-30T16:42:48+00:00\" \/>\n<meta property=\"og:image\" content=\"https:\/\/www.meydan.tv\/wp-content\/uploads\/24778.jpg\" \/>\n\t<meta property=\"og:image:width\" content=\"757\" \/>\n\t<meta property=\"og:image:height\" content=\"500\" \/>\n\t<meta property=\"og:image:type\" content=\"image\/jpeg\" \/>\n<meta name=\"author\" content=\"user-manager\" \/>\n<meta name=\"twitter:card\" content=\"summary_large_image\" \/>\n<script type=\"application\/ld+json\" class=\"yoast-schema-graph\">{\"@context\":\"https:\\\/\\\/schema.org\",\"@graph\":[{\"@type\":\"Article\",\"@id\":\"https:\\\/\\\/www.meydan.tv\\\/az\\\/article\\\/putin-separatci-abxaziyaya-desteyin-davam-etdirileceyini-ved-edib\\\/#article\",\"isPartOf\":{\"@id\":\"https:\\\/\\\/www.meydan.tv\\\/az\\\/article\\\/putin-separatci-abxaziyaya-desteyin-davam-etdirileceyini-ved-edib\\\/\"},\"author\":{\"name\":\"user-manager\",\"@id\":\"https:\\\/\\\/www.meydan.tv\\\/az\\\/#\\\/schema\\\/person\\\/10d11eccf6da3662cf5fdab9806ea91a\"},\"headline\":\"Putin separat\u00e7\u0131 Abxaziyaya d\u0259st\u0259yin davam etdiril\u0259c\u0259yini v\u0259d edib\",\"datePublished\":\"2019-09-30T16:42:48+00:00\",\"mainEntityOfPage\":{\"@id\":\"https:\\\/\\\/www.meydan.tv\\\/az\\\/article\\\/putin-separatci-abxaziyaya-desteyin-davam-etdirileceyini-ved-edib\\\/\"},\"wordCount\":282,\"publisher\":{\"@id\":\"https:\\\/\\\/www.meydan.tv\\\/az\\\/#organization\"},\"image\":{\"@id\":\"https:\\\/\\\/www.meydan.tv\\\/az\\\/article\\\/putin-separatci-abxaziyaya-desteyin-davam-etdirileceyini-ved-edib\\\/#primaryimage\"},\"thumbnailUrl\":\"https:\\\/\\\/www.meydan.tv\\\/wp-content\\\/uploads\\\/24778.jpg\",\"articleSection\":[\"D\u00fcnya\"],\"inLanguage\":\"az\"},{\"@type\":\"WebPage\",\"@id\":\"https:\\\/\\\/www.meydan.tv\\\/az\\\/article\\\/putin-separatci-abxaziyaya-desteyin-davam-etdirileceyini-ved-edib\\\/\",\"url\":\"https:\\\/\\\/www.meydan.tv\\\/az\\\/article\\\/putin-separatci-abxaziyaya-desteyin-davam-etdirileceyini-ved-edib\\\/\",\"name\":\"Putin separat\u00e7\u0131 Abxaziyaya d\u0259st\u0259yin davam etdiril\u0259c\u0259yini v\u0259d edib - MEYDAN.TV\",\"isPartOf\":{\"@id\":\"https:\\\/\\\/www.meydan.tv\\\/az\\\/#website\"},\"primaryImageOfPage\":{\"@id\":\"https:\\\/\\\/www.meydan.tv\\\/az\\\/article\\\/putin-separatci-abxaziyaya-desteyin-davam-etdirileceyini-ved-edib\\\/#primaryimage\"},\"image\":{\"@id\":\"https:\\\/\\\/www.meydan.tv\\\/az\\\/article\\\/putin-separatci-abxaziyaya-desteyin-davam-etdirileceyini-ved-edib\\\/#primaryimage\"},\"thumbnailUrl\":\"https:\\\/\\\/www.meydan.tv\\\/wp-content\\\/uploads\\\/24778.jpg\",\"datePublished\":\"2019-09-30T16:42:48+00:00\",\"breadcrumb\":{\"@id\":\"https:\\\/\\\/www.meydan.tv\\\/az\\\/article\\\/putin-separatci-abxaziyaya-desteyin-davam-etdirileceyini-ved-edib\\\/#breadcrumb\"},\"inLanguage\":\"az\",\"potentialAction\":[{\"@type\":\"ReadAction\",\"target\":[\"https:\\\/\\\/www.meydan.tv\\\/az\\\/article\\\/putin-separatci-abxaziyaya-desteyin-davam-etdirileceyini-ved-edib\\\/\"]}]},{\"@type\":\"ImageObject\",\"inLanguage\":\"az\",\"@id\":\"https:\\\/\\\/www.meydan.tv\\\/az\\\/article\\\/putin-separatci-abxaziyaya-desteyin-davam-etdirileceyini-ved-edib\\\/#primaryimage\",\"url\":\"https:\\\/\\\/www.meydan.tv\\\/wp-content\\\/uploads\\\/24778.jpg\",\"contentUrl\":\"https:\\\/\\\/www.meydan.tv\\\/wp-content\\\/uploads\\\/24778.jpg\",\"width\":757,\"height\":500,\"caption\":\"Source:\"},{\"@type\":\"BreadcrumbList\",\"@id\":\"https:\\\/\\\/www.meydan.tv\\\/az\\\/article\\\/putin-separatci-abxaziyaya-desteyin-davam-etdirileceyini-ved-edib\\\/#breadcrumb\",\"itemListElement\":[{\"@type\":\"ListItem\",\"position\":1,\"name\":\"Ana s\u0259hif\u0259\",\"item\":\"https:\\\/\\\/www.meydan.tv\\\/az\\\/\"},{\"@type\":\"ListItem\",\"position\":2,\"name\":\"D\u00fcnya\",\"item\":\"https:\\\/\\\/www.meydan.tv\\\/az\\\/section\\\/dunya\\\/\"},{\"@type\":\"ListItem\",\"position\":3,\"name\":\"Putin separat\u00e7\u0131 Abxaziyaya d\u0259st\u0259yin davam etdiril\u0259c\u0259yini v\u0259d edib\"}]},{\"@type\":\"WebSite\",\"@id\":\"https:\\\/\\\/www.meydan.tv\\\/az\\\/#website\",\"url\":\"https:\\\/\\\/www.meydan.tv\\\/az\\\/\",\"name\":\"MEYDAN.TV\",\"description\":\"Meydan TV Az\u0259rbaycan\u0131n media m\u0259kan\u0131ndak\u0131 alternativ s\u0259sidir\",\"publisher\":{\"@id\":\"https:\\\/\\\/www.meydan.tv\\\/az\\\/#organization\"},\"potentialAction\":[{\"@type\":\"SearchAction\",\"target\":{\"@type\":\"EntryPoint\",\"urlTemplate\":\"https:\\\/\\\/www.meydan.tv\\\/az\\\/?s={search_term_string}\"},\"query-input\":{\"@type\":\"PropertyValueSpecification\",\"valueRequired\":true,\"valueName\":\"search_term_string\"}}],\"inLanguage\":\"az\"},{\"@type\":\"Organization\",\"@id\":\"https:\\\/\\\/www.meydan.tv\\\/az\\\/#organization\",\"name\":\"Meydan TV\",\"url\":\"https:\\\/\\\/www.meydan.tv\\\/az\\\/\",\"logo\":{\"@type\":\"ImageObject\",\"inLanguage\":\"az\",\"@id\":\"https:\\\/\\\/www.meydan.tv\\\/az\\\/#\\\/schema\\\/logo\\\/image\\\/\",\"url\":\"https:\\\/\\\/www.meydan.tv\\\/wp-content\\\/uploads\\\/2021\\\/07\\\/meydan-logo.svg\",\"contentUrl\":\"https:\\\/\\\/www.meydan.tv\\\/wp-content\\\/uploads\\\/2021\\\/07\\\/meydan-logo.svg\",\"width\":195,\"height\":46,\"caption\":\"Meydan TV\"},\"image\":{\"@id\":\"https:\\\/\\\/www.meydan.tv\\\/az\\\/#\\\/schema\\\/logo\\\/image\\\/\"}},{\"@type\":\"Person\",\"@id\":\"https:\\\/\\\/www.meydan.tv\\\/az\\\/#\\\/schema\\\/person\\\/10d11eccf6da3662cf5fdab9806ea91a\",\"name\":\"user-manager\"}]}<\/script>\n<!-- \/ Yoast SEO plugin. -->","yoast_head_json":{"title":"Putin separat\u00e7\u0131 Abxaziyaya d\u0259st\u0259yin davam etdiril\u0259c\u0259yini v\u0259d edib - MEYDAN.TV","robots":{"index":"index","follow":"follow","max-snippet":"max-snippet:-1","max-image-preview":"max-image-preview:large","max-video-preview":"max-video-preview:-1"},"canonical":"https:\/\/www.meydan.tv\/az\/article\/putin-separatci-abxaziyaya-desteyin-davam-etdirileceyini-ved-edib\/","og_locale":"az_AZ","og_type":"article","og_title":"Putin separat\u00e7\u0131 Abxaziyaya d\u0259st\u0259yin davam etdiril\u0259c\u0259yini v\u0259d edib - MEYDAN.TV","og_description":"Putin bununla ba\u011fl\u0131 Abxaziyan\u0131n liderin\u0259 teleqram vurub","og_url":"https:\/\/www.meydan.tv\/az\/article\/putin-separatci-abxaziyaya-desteyin-davam-etdirileceyini-ved-edib\/","og_site_name":"MEYDAN.TV","article_published_time":"2019-09-30T16:42:48+00:00","og_image":[{"width":757,"height":500,"url":"https:\/\/www.meydan.tv\/wp-content\/uploads\/24778.jpg","type":"image\/jpeg"}],"author":"user-manager","twitter_card":"summary_large_image","schema":{"@context":"https:\/\/schema.org","@graph":[{"@type":"Article","@id":"https:\/\/www.meydan.tv\/az\/article\/putin-separatci-abxaziyaya-desteyin-davam-etdirileceyini-ved-edib\/#article","isPartOf":{"@id":"https:\/\/www.meydan.tv\/az\/article\/putin-separatci-abxaziyaya-desteyin-davam-etdirileceyini-ved-edib\/"},"author":{"name":"user-manager","@id":"https:\/\/www.meydan.tv\/az\/#\/schema\/person\/10d11eccf6da3662cf5fdab9806ea91a"},"headline":"Putin separat\u00e7\u0131 Abxaziyaya d\u0259st\u0259yin davam etdiril\u0259c\u0259yini v\u0259d edib","datePublished":"2019-09-30T16:42:48+00:00","mainEntityOfPage":{"@id":"https:\/\/www.meydan.tv\/az\/article\/putin-separatci-abxaziyaya-desteyin-davam-etdirileceyini-ved-edib\/"},"wordCount":282,"publisher":{"@id":"https:\/\/www.meydan.tv\/az\/#organization"},"image":{"@id":"https:\/\/www.meydan.tv\/az\/article\/putin-separatci-abxaziyaya-desteyin-davam-etdirileceyini-ved-edib\/#primaryimage"},"thumbnailUrl":"https:\/\/www.meydan.tv\/wp-content\/uploads\/24778.jpg","articleSection":["D\u00fcnya"],"inLanguage":"az"},{"@type":"WebPage","@id":"https:\/\/www.meydan.tv\/az\/article\/putin-separatci-abxaziyaya-desteyin-davam-etdirileceyini-ved-edib\/","url":"https:\/\/www.meydan.tv\/az\/article\/putin-separatci-abxaziyaya-desteyin-davam-etdirileceyini-ved-edib\/","name":"Putin separat\u00e7\u0131 Abxaziyaya d\u0259st\u0259yin davam etdiril\u0259c\u0259yini v\u0259d edib - MEYDAN.TV","isPartOf":{"@id":"https:\/\/www.meydan.tv\/az\/#website"},"primaryImageOfPage":{"@id":"https:\/\/www.meydan.tv\/az\/article\/putin-separatci-abxaziyaya-desteyin-davam-etdirileceyini-ved-edib\/#primaryimage"},"image":{"@id":"https:\/\/www.meydan.tv\/az\/article\/putin-separatci-abxaziyaya-desteyin-davam-etdirileceyini-ved-edib\/#primaryimage"},"thumbnailUrl":"https:\/\/www.meydan.tv\/wp-content\/uploads\/24778.jpg","datePublished":"2019-09-30T16:42:48+00:00","breadcrumb":{"@id":"https:\/\/www.meydan.tv\/az\/article\/putin-separatci-abxaziyaya-desteyin-davam-etdirileceyini-ved-edib\/#breadcrumb"},"inLanguage":"az","potentialAction":[{"@type":"ReadAction","target":["https:\/\/www.meydan.tv\/az\/article\/putin-separatci-abxaziyaya-desteyin-davam-etdirileceyini-ved-edib\/"]}]},{"@type":"ImageObject","inLanguage":"az","@id":"https:\/\/www.meydan.tv\/az\/article\/putin-separatci-abxaziyaya-desteyin-davam-etdirileceyini-ved-edib\/#primaryimage","url":"https:\/\/www.meydan.tv\/wp-content\/uploads\/24778.jpg","contentUrl":"https:\/\/www.meydan.tv\/wp-content\/uploads\/24778.jpg","width":757,"height":500,"caption":"Source:"},{"@type":"BreadcrumbList","@id":"https:\/\/www.meydan.tv\/az\/article\/putin-separatci-abxaziyaya-desteyin-davam-etdirileceyini-ved-edib\/#breadcrumb","itemListElement":[{"@type":"ListItem","position":1,"name":"Ana s\u0259hif\u0259","item":"https:\/\/www.meydan.tv\/az\/"},{"@type":"ListItem","position":2,"name":"D\u00fcnya","item":"https:\/\/www.meydan.tv\/az\/section\/dunya\/"},{"@type":"ListItem","position":3,"name":"Putin separat\u00e7\u0131 Abxaziyaya d\u0259st\u0259yin davam etdiril\u0259c\u0259yini v\u0259d edib"}]},{"@type":"WebSite","@id":"https:\/\/www.meydan.tv\/az\/#website","url":"https:\/\/www.meydan.tv\/az\/","name":"MEYDAN.TV","description":"Meydan TV Az\u0259rbaycan\u0131n media m\u0259kan\u0131ndak\u0131 alternativ s\u0259sidir","publisher":{"@id":"https:\/\/www.meydan.tv\/az\/#organization"},"potentialAction":[{"@type":"SearchAction","target":{"@type":"EntryPoint","urlTemplate":"https:\/\/www.meydan.tv\/az\/?s={search_term_string}"},"query-input":{"@type":"PropertyValueSpecification","valueRequired":true,"valueName":"search_term_string"}}],"inLanguage":"az"},{"@type":"Organization","@id":"https:\/\/www.meydan.tv\/az\/#organization","name":"Meydan TV","url":"https:\/\/www.meydan.tv\/az\/","logo":{"@type":"ImageObject","inLanguage":"az","@id":"https:\/\/www.meydan.tv\/az\/#\/schema\/logo\/image\/","url":"https:\/\/www.meydan.tv\/wp-content\/uploads\/2021\/07\/meydan-logo.svg","contentUrl":"https:\/\/www.meydan.tv\/wp-content\/uploads\/2021\/07\/meydan-logo.svg","width":195,"height":46,"caption":"Meydan TV"},"image":{"@id":"https:\/\/www.meydan.tv\/az\/#\/schema\/logo\/image\/"}},{"@type":"Person","@id":"https:\/\/www.meydan.tv\/az\/#\/schema\/person\/10d11eccf6da3662cf5fdab9806ea91a","name":"user-manager"}]}},"_links":{"self":[{"href":"https:\/\/www.meydan.tv\/az\/wp-json\/wp\/v2\/posts\/197209","targetHints":{"allow":["GET"]}}],"collection":[{"href":"https:\/\/www.meydan.tv\/az\/wp-json\/wp\/v2\/posts"}],"about":[{"href":"https:\/\/www.meydan.tv\/az\/wp-json\/wp\/v2\/types\/post"}],"author":[{"embeddable":true,"href":"https:\/\/www.meydan.tv\/az\/wp-json\/wp\/v2\/users\/11"}],"replies":[{"embeddable":true,"href":"https:\/\/www.meydan.tv\/az\/wp-json\/wp\/v2\/comments?post=197209"}],"version-history":[{"count":0,"href":"https:\/\/www.meydan.tv\/az\/wp-json\/wp\/v2\/posts\/197209\/revisions"}],"wp:featuredmedia":[{"embeddable":true,"href":"https:\/\/www.meydan.tv\/az\/wp-json\/wp\/v2\/media\/64931"}],"wp:attachment":[{"href":"https:\/\/www.meydan.tv\/az\/wp-json\/wp\/v2\/media?parent=197209"}],"wp:term":[{"taxonomy":"category","embeddable":true,"href":"https:\/\/www.meydan.tv\/az\/wp-json\/wp\/v2\/categories?post=197209"},{"taxonomy":"post_tag","embeddable":true,"href":"https:\/\/www.meydan.tv\/az\/wp-json\/wp\/v2\/tags?post=197209"}],"curies":[{"name":"wp","href":"https:\/\/api.w.org\/{rel}","templated":true}]}}