{"id":197207,"date":"2019-09-30T13:24:36","date_gmt":"2019-09-30T13:24:36","guid":{"rendered":"https:\/\/www.meydan.tv\/article\/az-qala-otuz-ildir-yatmiriq\/"},"modified":"2019-09-30T13:24:36","modified_gmt":"2019-09-30T13:24:36","slug":"az-qala-otuz-ildir-yatmiriq","status":"publish","type":"post","link":"https:\/\/www.meydan.tv\/az\/article\/az-qala-otuz-ildir-yatmiriq\/","title":{"rendered":"\u201cAz qala otuz ildir yatm\u0131r\u0131q\u201d"},"content":{"rendered":"<p>\n  <i><br \/>\n    A\u011fda\u015f sakini: \u201cHeyd\u0259r \u018fliyev Fonduna yazandan sonra d\u0259rmanlar\u0131 pulsuz verdil\u0259r\u201d<br \/>\n  <\/i>\n<\/p>\n<p>\n  A\u011fda\u015f\u0131n M\u00fcrs\u0259l k\u0259ndinin 28 ya\u015fl\u0131 sakini Tural Ataki\u015fiyev n\u0259 g\u0259z\u0259, n\u0259 d\u0259 dan\u0131\u015fa bilir. Hidrosefal x\u0259st\u0259liyi (beyin\u0259 h\u0259dd\u0259n art\u0131q maye y\u0131\u011f\u0131lmas\u0131) onu yax\u0131nlar\u0131na m\u00f6htac qoyub.\n<\/p>\n<p>\n  Tural bu x\u0259st\u0259liy\u0259 \u00fc\u00e7 ya\u015f\u0131 olanda tutulub. X\u0259st\u0259lik orqanizmini yava\u015f-yava\u015f s\u0131radan \u00e7\u0131xar\u0131b. \u018fvv\u0259lc\u0259 m\u0259lum olub ki, m\u0259kt\u0259b\u0259 ged\u0259 bilm\u0259y\u0259c\u0259k. 10 ya\u015f\u0131ndan sonra nitq qabiliyy\u0259tini itirib. Ard\u0131nca tamamil\u0259 yata\u011fa m\u0259hkum olub. 19 il s\u0259rb\u0259st h\u0259r\u0259k\u0259t etm\u0259m\u0259k onu \u00e7ox a\u011f\u0131rla\u015fd\u0131r\u0131b, \u00e7\u0259kisi 120 kiloqram\u0131 ke\u00e7ib. Evd\u0259 valideynl\u0259ri, bac\u0131s\u0131 onu h\u0259yatda saxlamaq \u00fc\u00e7\u00fcn m\u00fcbariz\u0259 apar\u0131r.\n<\/p>\n<p>\n  \u201cNormal do\u011fulmu\u015fdu. \u018fvv\u0259lc\u0259 \u00f6z\u00fcn\u00fc \u00e7ox yax\u015f\u0131 idar\u0259 el\u0259yirdi. H\u0259tta \u00e7ox inki\u015faf etmi\u015f u\u015faq saymaq olard\u0131. X\u0259st\u0259lik onu zamanla m\u0259hv el\u0259di. Az\u0259rbaycanda he\u00e7 bir h\u0259kim tam m\u00fcalic\u0259 etm\u0259y\u0259 boyun olmad\u0131. He\u00e7 kim m\u0259suliyy\u0259ti \u00fcz\u0259rin\u0259 g\u00f6t\u00fcrm\u0259di. H\u0259l\u0259 o vaxt m\u0259sl\u0259h\u0259t g\u00f6rd\u00fcl\u0259r ki, Sankt-Peterburqa aparaq. \u0130mkan olmad\u0131, apara bilm\u0259dik. \u0130ndi onu yaln\u0131z sakitl\u0259\u015fdirm\u0259y\u0259 \u00e7al\u0131\u015f\u0131r\u0131q. \u018flimizd\u0259n ba\u015fqa he\u00e7 n\u0259 g\u0259lmir\u201d, &#8211; Tural\u0131n atas\u0131 Boris Ataki\u015fiyev dan\u0131\u015f\u0131r.\n<\/p>\n<p>\n  Sakitl\u0259\u015fdirm\u0259k h\u0259mi\u015f\u0259 m\u00fcmk\u00fcn olmur. Boris deyir ki, o\u011flunun g\u00fcnl\u0259rl\u0259 sakitl\u0259\u015fm\u0259diyi, h\u0259r \u015feyi vurub da\u011f\u0131td\u0131\u011f\u0131 vaxtlar olub: \u201c\u0130ll\u0259rdi bu \u0259ziyy\u0259ti \u00e7\u0259kirik. B\u00fct\u00fcn \u0259s\u0259bl\u0259rimiz korlan\u0131b. Az qala otuz ildir yatm\u0131r\u0131q\u201d.\n<\/p>\n<p>\n  <b><br \/>\n    \u201cT\u0259qa\u00fcd\u00fcn\u00fc pampers\u0259 v\u0259 d\u0259rmanlara x\u0259rcl\u0259yirik\u201d<br \/>\n  <\/b>\n<\/p>\n<p>\n  Boris Ataki\u015fiyev deyir ki, bir ne\u00e7\u0259 il \u0259vv\u0259l\u0259 q\u0259d\u0259r d\u0259rmanlara b\u00f6y\u00fck pullar x\u0259rcl\u0259yibl\u0259r. Sonra Heyd\u0259r \u018fliyev Fonduna yaz\u0131blar. M\u0259ktubun xeyri o olub ki, Ucar Rayon M\u0259rk\u0259zi X\u0259st\u0259xanas\u0131nda bir \u00e7ox d\u0259rman\u0131 pulsuz verm\u0259y\u0259 ba\u015flay\u0131blar. Amma yen\u0259 yetmir, ail\u0259 x\u0259rcl\u0259ri \u00f6d\u0259m\u0259k g\u00fcc\u00fcnd\u0259 deyil.\n<\/p>\n<p>\n  \u201cBirinci qrup \u0259lil kimi 250 manat al\u0131r. T\u0259qa\u00fcd\u00fcn\u00fc pampers\u0259 v\u0259 d\u0259rmanlara x\u0259rcl\u0259yirik. Pampersin biri 1 manatd\u0131. Sa\u011f olsun h\u00f6kum\u0259t, bir s\u00f6z demir\u0259m. He\u00e7 verm\u0259s\u0259, neyl\u0259y\u0259rik?! Amma ona veril\u0259n pul \u00f6z\u00fcn\u0259 \u00e7atm\u0131r\u201d, &#8211; Tural\u0131n anas\u0131 N\u00fcbar Ataki\u015fiyeva bunlar\u0131 deyir.\n<\/p>\n<figure class=\"wp-block-image size-large\">\n  <img decoding=\"async\" src=\"https:\/\/www.meydan.tv\/az\/image_from_ios-10-jpg-11\/\" alt=\"image_from_ios (10).jpg\" class=\"wp-image-130456\"\/><figcaption>\n    N\u00fcbar Ataki\u015fiyeva v\u0259 Boris Ataki\u015fiyev<br \/>\n  <\/figcaption><\/figure>\n<p>\n  Boris dan\u0131\u015f\u0131r ki, o\u011flunun v\u0259ziyy\u0259ti a\u011f\u0131rla\u015fandan sonra uzun ill\u0259r i\u015fl\u0259m\u0259yib. \u0130ndi d\u0259 daim i\u015fl\u0259y\u0259 bilmir. \u00c7\u00fcnki Tural\u0131n h\u0259mi\u015f\u0259 qay\u011f\u0131ya ehtiyac\u0131 var. Boris h\u0259yat yolda\u015f\u0131 v\u0259 q\u0131z\u0131 il\u0259 birlikd\u0259 o\u011flunu \u00e7ox \u00e7\u0259tinlikd\u0259 qald\u0131ra bilir. Bu yerd\u0259 N\u00fcbar deyir ki, q\u0131z\u0131n\u0131n \u00f6z qarda\u015f\u0131na g\u00f6m\u0259k etm\u0259kd\u0259n \u0259linin s\u00fcm\u00fckl\u0259ri yerind\u0259n oynay\u0131b: \u201c\u00c7ox a\u011f\u0131rla\u015f\u0131b. He\u00e7 qald\u0131ra bilmirik. Bizim d\u0259 g\u00fcc\u00fcm\u00fcz qalmay\u0131b. \u0130kimiz d\u0259 x\u0259st\u0259yik. A\u011fz\u0131nda di\u015fi yoxdu, d\u00fcz \u0259m\u0259lli yemir. Amma h\u0259r\u0259k\u0259tsizlikd\u0259n dayanmadan k\u00f6k\u0259lir. Bir d\u0259f\u0259 saxlaya bilm\u0259dim, \u00fcst\u00fcm\u0259 d\u00fc\u015fd\u00fc, aya\u011f\u0131m s\u0131nd\u0131\u201d.\n<\/p>\n<p>\n  <b><br \/>\n    \u201cYan\u0131mda kims\u0259 ba\u015fqa x\u0259st\u0259y\u0259 g\u00fcl\u0259nd\u0259 \u00e7ox sars\u0131l\u0131ram\u201d<br \/>\n  <\/b>\n<\/p>\n<p>\n  Valideynl\u0259ri Tural\u0131n x\u0259st\u0259liyinin m\u00fcalic\u0259si oldu\u011funa inan\u0131r. N\u00fcbar deyir ki, o\u011flu anadang\u0259lm\u0259 bu v\u0259ziyy\u0259td\u0259 olmay\u0131b dey\u0259, sa\u011fala bil\u0259c\u0259yin\u0259 \u015f\u00fcbh\u0259si yoxdur. Amma ail\u0259 b\u00f6y\u00fck \u0259m\u0259liyyat x\u0259rcl\u0259rinin \u00f6hd\u0259sind\u0259n g\u0259lm\u0259k g\u00fcc\u00fcnd\u0259 deyil. Ana \u0259lav\u0259 edir ki, h\u0259mi\u015f\u0259 o\u011fluna baxma\u011fa haz\u0131rd\u0131r: \u201cHe\u00e7 olmasa, aya\u011fa qalxs\u0131n, \u00f6z\u00fcn\u00fc idar\u0259 el\u0259sin\u201d.\n<\/p>\n<p>\n  Boris k\u0259d\u0259rli halda deyir ki, u\u015fa\u011f\u0131n di\u015fl\u0259ri \u00e7\u00fcr\u00fcy\u00fcb. Amma \u00e7\u0259kdirm\u0259k m\u00fcmk\u00fcn deyil. \u00c7\u00fcnki Tural h\u0259kiml\u0259ri yax\u0131na buraxm\u0131r: \u201c\u018fvv\u0259ll\u0259r o q\u0259d\u0259r vurub da\u011f\u0131d\u0131rd\u0131 ki, \u00e7arpay\u0131ya ba\u011flamal\u0131 olurduq. Televizorda bax\u0131ram ki, x\u0259st\u0259 u\u015fa\u011f\u0131n\u0131 \u00e7arpay\u0131ya ba\u011flayan anan\u0131 m\u0259suliyy\u0259t\u0259 c\u0259lb el\u0259yirl\u0259r. B\u0259s neyl\u0259sin?! T\u0259k aqressiv u\u015faqla bacarmaq olmur\u201d.\n<\/p>\n<p>\n  Boris d\u00fc\u015f\u00fcn\u00fcr ki, b\u0259lk\u0259 d\u0259, o\u011fluna bu v\u0259ziyy\u0259tin\u0259 g\u00f6r\u0259 la\u011f ed\u0259nl\u0259r var: \u201cYan\u0131mda kims\u0259 ba\u015fqa x\u0259st\u0259y\u0259 g\u00fcl\u0259nd\u0259 m\u0259n \u00e7ox sars\u0131l\u0131ram. Saxlaya bilmir\u0259m \u00f6z\u00fcm\u00fc, deyir\u0259m, o \u00f6z\u00fc Allaha m\u00fcraci\u0259t el\u0259m\u0259yib ki, m\u0259n\u0259 bu d\u0259rdi ver\u201d.\n<\/p>\n<p>\n  N\u00fcbar ana-bala aras\u0131ndak\u0131 m\u0259n\u0259vi ba\u011fdan dan\u0131\u015f\u0131r. D\u00fc\u015f\u00fcn\u00fcr ki, o\u011flunun ona ayr\u0131 m\u00fcnasib\u0259ti var: \u201cH\u0259rd\u0259n sanki \u201cana\u201d deyir. El\u0259 bil k\u00f6m\u0259y\u0259 \u00e7a\u011f\u0131r\u0131r\u201d.\n<\/p>\n<p>\n  Boris o\u011flunun b\u0259z\u0259n g\u00fcl\u00fcms\u0259diyini fikirl\u0259\u015fir. B\u0259lk\u0259 d\u0259, he\u00e7 kim g\u00f6rm\u00fcr, amma ata hiss el\u0259yir&#8230;<\/p>\n","protected":false},"excerpt":{"rendered":"<p>Valideynl\u0259ri Tural\u0131n x\u0259st\u0259liyinin m\u00fcalic\u0259si oldu\u011funa inan\u0131r<\/p>\n","protected":false},"author":11,"featured_media":130450,"comment_status":"closed","ping_status":"open","sticky":false,"template":"","format":"standard","meta":{"_acf_changed":false,"_sitemap_exclude":false,"_sitemap_priority":"","_sitemap_frequency":"","footnotes":""},"categories":[60],"tags":[],"class_list":["post-197207","post","type-post","status-publish","format-standard","has-post-thumbnail","hentry","category-bolge","infinite-scroll-item","generate-columns","tablet-grid-50","mobile-grid-100","grid-parent","grid-33","no-featured-image-padding"],"acf":[],"yoast_head":"<!-- This site is optimized with the Yoast SEO plugin v27.5 - https:\/\/yoast.com\/product\/yoast-seo-wordpress\/ -->\n<title>\u201cAz qala otuz ildir yatm\u0131r\u0131q\u201d - MEYDAN.TV<\/title>\n<meta name=\"robots\" content=\"index, follow, max-snippet:-1, max-image-preview:large, max-video-preview:-1\" \/>\n<link rel=\"canonical\" href=\"https:\/\/www.meydan.tv\/az\/article\/az-qala-otuz-ildir-yatmiriq\/\" \/>\n<meta property=\"og:locale\" content=\"az_AZ\" \/>\n<meta property=\"og:type\" content=\"article\" \/>\n<meta property=\"og:title\" content=\"\u201cAz qala otuz ildir yatm\u0131r\u0131q\u201d - MEYDAN.TV\" \/>\n<meta property=\"og:description\" content=\"Valideynl\u0259ri Tural\u0131n x\u0259st\u0259liyinin m\u00fcalic\u0259si oldu\u011funa inan\u0131r\" \/>\n<meta property=\"og:url\" content=\"https:\/\/www.meydan.tv\/az\/article\/az-qala-otuz-ildir-yatmiriq\/\" \/>\n<meta property=\"og:site_name\" content=\"MEYDAN.TV\" \/>\n<meta property=\"article:published_time\" content=\"2019-09-30T13:24:36+00:00\" \/>\n<meta property=\"og:image\" content=\"https:\/\/www.meydan.tv\/wp-content\/uploads\/image_from_ios_8_1m1xdyy.jpg\" \/>\n\t<meta property=\"og:image:width\" content=\"1024\" \/>\n\t<meta property=\"og:image:height\" content=\"764\" \/>\n\t<meta property=\"og:image:type\" content=\"image\/jpeg\" \/>\n<meta name=\"author\" content=\"user-manager\" \/>\n<meta name=\"twitter:card\" content=\"summary_large_image\" \/>\n<script type=\"application\/ld+json\" class=\"yoast-schema-graph\">{\"@context\":\"https:\\\/\\\/schema.org\",\"@graph\":[{\"@type\":\"Article\",\"@id\":\"https:\\\/\\\/www.meydan.tv\\\/az\\\/article\\\/az-qala-otuz-ildir-yatmiriq\\\/#article\",\"isPartOf\":{\"@id\":\"https:\\\/\\\/www.meydan.tv\\\/az\\\/article\\\/az-qala-otuz-ildir-yatmiriq\\\/\"},\"author\":{\"name\":\"user-manager\",\"@id\":\"https:\\\/\\\/www.meydan.tv\\\/az\\\/#\\\/schema\\\/person\\\/10d11eccf6da3662cf5fdab9806ea91a\"},\"headline\":\"\u201cAz qala otuz ildir yatm\u0131r\u0131q\u201d\",\"datePublished\":\"2019-09-30T13:24:36+00:00\",\"mainEntityOfPage\":{\"@id\":\"https:\\\/\\\/www.meydan.tv\\\/az\\\/article\\\/az-qala-otuz-ildir-yatmiriq\\\/\"},\"wordCount\":880,\"publisher\":{\"@id\":\"https:\\\/\\\/www.meydan.tv\\\/az\\\/#organization\"},\"image\":{\"@id\":\"https:\\\/\\\/www.meydan.tv\\\/az\\\/article\\\/az-qala-otuz-ildir-yatmiriq\\\/#primaryimage\"},\"thumbnailUrl\":\"https:\\\/\\\/www.meydan.tv\\\/wp-content\\\/uploads\\\/image_from_ios_8_1m1xdyy.jpg\",\"articleSection\":[\"B\u00f6lg\u0259\"],\"inLanguage\":\"az\"},{\"@type\":\"WebPage\",\"@id\":\"https:\\\/\\\/www.meydan.tv\\\/az\\\/article\\\/az-qala-otuz-ildir-yatmiriq\\\/\",\"url\":\"https:\\\/\\\/www.meydan.tv\\\/az\\\/article\\\/az-qala-otuz-ildir-yatmiriq\\\/\",\"name\":\"\u201cAz qala otuz ildir yatm\u0131r\u0131q\u201d - MEYDAN.TV\",\"isPartOf\":{\"@id\":\"https:\\\/\\\/www.meydan.tv\\\/az\\\/#website\"},\"primaryImageOfPage\":{\"@id\":\"https:\\\/\\\/www.meydan.tv\\\/az\\\/article\\\/az-qala-otuz-ildir-yatmiriq\\\/#primaryimage\"},\"image\":{\"@id\":\"https:\\\/\\\/www.meydan.tv\\\/az\\\/article\\\/az-qala-otuz-ildir-yatmiriq\\\/#primaryimage\"},\"thumbnailUrl\":\"https:\\\/\\\/www.meydan.tv\\\/wp-content\\\/uploads\\\/image_from_ios_8_1m1xdyy.jpg\",\"datePublished\":\"2019-09-30T13:24:36+00:00\",\"breadcrumb\":{\"@id\":\"https:\\\/\\\/www.meydan.tv\\\/az\\\/article\\\/az-qala-otuz-ildir-yatmiriq\\\/#breadcrumb\"},\"inLanguage\":\"az\",\"potentialAction\":[{\"@type\":\"ReadAction\",\"target\":[\"https:\\\/\\\/www.meydan.tv\\\/az\\\/article\\\/az-qala-otuz-ildir-yatmiriq\\\/\"]}]},{\"@type\":\"ImageObject\",\"inLanguage\":\"az\",\"@id\":\"https:\\\/\\\/www.meydan.tv\\\/az\\\/article\\\/az-qala-otuz-ildir-yatmiriq\\\/#primaryimage\",\"url\":\"https:\\\/\\\/www.meydan.tv\\\/wp-content\\\/uploads\\\/image_from_ios_8_1m1xdyy.jpg\",\"contentUrl\":\"https:\\\/\\\/www.meydan.tv\\\/wp-content\\\/uploads\\\/image_from_ios_8_1m1xdyy.jpg\",\"width\":1024,\"height\":764,\"caption\":\"Source: Specify Source\"},{\"@type\":\"BreadcrumbList\",\"@id\":\"https:\\\/\\\/www.meydan.tv\\\/az\\\/article\\\/az-qala-otuz-ildir-yatmiriq\\\/#breadcrumb\",\"itemListElement\":[{\"@type\":\"ListItem\",\"position\":1,\"name\":\"Ana s\u0259hif\u0259\",\"item\":\"https:\\\/\\\/www.meydan.tv\\\/az\\\/\"},{\"@type\":\"ListItem\",\"position\":2,\"name\":\"B\u00f6lg\u0259\",\"item\":\"https:\\\/\\\/www.meydan.tv\\\/az\\\/section\\\/bolge\\\/\"},{\"@type\":\"ListItem\",\"position\":3,\"name\":\"\u201cAz qala otuz ildir yatm\u0131r\u0131q\u201d\"}]},{\"@type\":\"WebSite\",\"@id\":\"https:\\\/\\\/www.meydan.tv\\\/az\\\/#website\",\"url\":\"https:\\\/\\\/www.meydan.tv\\\/az\\\/\",\"name\":\"MEYDAN.TV\",\"description\":\"Meydan TV Az\u0259rbaycan\u0131n media m\u0259kan\u0131ndak\u0131 alternativ s\u0259sidir\",\"publisher\":{\"@id\":\"https:\\\/\\\/www.meydan.tv\\\/az\\\/#organization\"},\"potentialAction\":[{\"@type\":\"SearchAction\",\"target\":{\"@type\":\"EntryPoint\",\"urlTemplate\":\"https:\\\/\\\/www.meydan.tv\\\/az\\\/?s={search_term_string}\"},\"query-input\":{\"@type\":\"PropertyValueSpecification\",\"valueRequired\":true,\"valueName\":\"search_term_string\"}}],\"inLanguage\":\"az\"},{\"@type\":\"Organization\",\"@id\":\"https:\\\/\\\/www.meydan.tv\\\/az\\\/#organization\",\"name\":\"Meydan TV\",\"url\":\"https:\\\/\\\/www.meydan.tv\\\/az\\\/\",\"logo\":{\"@type\":\"ImageObject\",\"inLanguage\":\"az\",\"@id\":\"https:\\\/\\\/www.meydan.tv\\\/az\\\/#\\\/schema\\\/logo\\\/image\\\/\",\"url\":\"https:\\\/\\\/www.meydan.tv\\\/wp-content\\\/uploads\\\/2021\\\/07\\\/meydan-logo.svg\",\"contentUrl\":\"https:\\\/\\\/www.meydan.tv\\\/wp-content\\\/uploads\\\/2021\\\/07\\\/meydan-logo.svg\",\"width\":195,\"height\":46,\"caption\":\"Meydan TV\"},\"image\":{\"@id\":\"https:\\\/\\\/www.meydan.tv\\\/az\\\/#\\\/schema\\\/logo\\\/image\\\/\"}},{\"@type\":\"Person\",\"@id\":\"https:\\\/\\\/www.meydan.tv\\\/az\\\/#\\\/schema\\\/person\\\/10d11eccf6da3662cf5fdab9806ea91a\",\"name\":\"user-manager\"}]}<\/script>\n<!-- \/ Yoast SEO plugin. -->","yoast_head_json":{"title":"\u201cAz qala otuz ildir yatm\u0131r\u0131q\u201d - MEYDAN.TV","robots":{"index":"index","follow":"follow","max-snippet":"max-snippet:-1","max-image-preview":"max-image-preview:large","max-video-preview":"max-video-preview:-1"},"canonical":"https:\/\/www.meydan.tv\/az\/article\/az-qala-otuz-ildir-yatmiriq\/","og_locale":"az_AZ","og_type":"article","og_title":"\u201cAz qala otuz ildir yatm\u0131r\u0131q\u201d - MEYDAN.TV","og_description":"Valideynl\u0259ri Tural\u0131n x\u0259st\u0259liyinin m\u00fcalic\u0259si oldu\u011funa inan\u0131r","og_url":"https:\/\/www.meydan.tv\/az\/article\/az-qala-otuz-ildir-yatmiriq\/","og_site_name":"MEYDAN.TV","article_published_time":"2019-09-30T13:24:36+00:00","og_image":[{"width":1024,"height":764,"url":"https:\/\/www.meydan.tv\/wp-content\/uploads\/image_from_ios_8_1m1xdyy.jpg","type":"image\/jpeg"}],"author":"user-manager","twitter_card":"summary_large_image","schema":{"@context":"https:\/\/schema.org","@graph":[{"@type":"Article","@id":"https:\/\/www.meydan.tv\/az\/article\/az-qala-otuz-ildir-yatmiriq\/#article","isPartOf":{"@id":"https:\/\/www.meydan.tv\/az\/article\/az-qala-otuz-ildir-yatmiriq\/"},"author":{"name":"user-manager","@id":"https:\/\/www.meydan.tv\/az\/#\/schema\/person\/10d11eccf6da3662cf5fdab9806ea91a"},"headline":"\u201cAz qala otuz ildir yatm\u0131r\u0131q\u201d","datePublished":"2019-09-30T13:24:36+00:00","mainEntityOfPage":{"@id":"https:\/\/www.meydan.tv\/az\/article\/az-qala-otuz-ildir-yatmiriq\/"},"wordCount":880,"publisher":{"@id":"https:\/\/www.meydan.tv\/az\/#organization"},"image":{"@id":"https:\/\/www.meydan.tv\/az\/article\/az-qala-otuz-ildir-yatmiriq\/#primaryimage"},"thumbnailUrl":"https:\/\/www.meydan.tv\/wp-content\/uploads\/image_from_ios_8_1m1xdyy.jpg","articleSection":["B\u00f6lg\u0259"],"inLanguage":"az"},{"@type":"WebPage","@id":"https:\/\/www.meydan.tv\/az\/article\/az-qala-otuz-ildir-yatmiriq\/","url":"https:\/\/www.meydan.tv\/az\/article\/az-qala-otuz-ildir-yatmiriq\/","name":"\u201cAz qala otuz ildir yatm\u0131r\u0131q\u201d - MEYDAN.TV","isPartOf":{"@id":"https:\/\/www.meydan.tv\/az\/#website"},"primaryImageOfPage":{"@id":"https:\/\/www.meydan.tv\/az\/article\/az-qala-otuz-ildir-yatmiriq\/#primaryimage"},"image":{"@id":"https:\/\/www.meydan.tv\/az\/article\/az-qala-otuz-ildir-yatmiriq\/#primaryimage"},"thumbnailUrl":"https:\/\/www.meydan.tv\/wp-content\/uploads\/image_from_ios_8_1m1xdyy.jpg","datePublished":"2019-09-30T13:24:36+00:00","breadcrumb":{"@id":"https:\/\/www.meydan.tv\/az\/article\/az-qala-otuz-ildir-yatmiriq\/#breadcrumb"},"inLanguage":"az","potentialAction":[{"@type":"ReadAction","target":["https:\/\/www.meydan.tv\/az\/article\/az-qala-otuz-ildir-yatmiriq\/"]}]},{"@type":"ImageObject","inLanguage":"az","@id":"https:\/\/www.meydan.tv\/az\/article\/az-qala-otuz-ildir-yatmiriq\/#primaryimage","url":"https:\/\/www.meydan.tv\/wp-content\/uploads\/image_from_ios_8_1m1xdyy.jpg","contentUrl":"https:\/\/www.meydan.tv\/wp-content\/uploads\/image_from_ios_8_1m1xdyy.jpg","width":1024,"height":764,"caption":"Source: Specify Source"},{"@type":"BreadcrumbList","@id":"https:\/\/www.meydan.tv\/az\/article\/az-qala-otuz-ildir-yatmiriq\/#breadcrumb","itemListElement":[{"@type":"ListItem","position":1,"name":"Ana s\u0259hif\u0259","item":"https:\/\/www.meydan.tv\/az\/"},{"@type":"ListItem","position":2,"name":"B\u00f6lg\u0259","item":"https:\/\/www.meydan.tv\/az\/section\/bolge\/"},{"@type":"ListItem","position":3,"name":"\u201cAz qala otuz ildir yatm\u0131r\u0131q\u201d"}]},{"@type":"WebSite","@id":"https:\/\/www.meydan.tv\/az\/#website","url":"https:\/\/www.meydan.tv\/az\/","name":"MEYDAN.TV","description":"Meydan TV Az\u0259rbaycan\u0131n media m\u0259kan\u0131ndak\u0131 alternativ s\u0259sidir","publisher":{"@id":"https:\/\/www.meydan.tv\/az\/#organization"},"potentialAction":[{"@type":"SearchAction","target":{"@type":"EntryPoint","urlTemplate":"https:\/\/www.meydan.tv\/az\/?s={search_term_string}"},"query-input":{"@type":"PropertyValueSpecification","valueRequired":true,"valueName":"search_term_string"}}],"inLanguage":"az"},{"@type":"Organization","@id":"https:\/\/www.meydan.tv\/az\/#organization","name":"Meydan TV","url":"https:\/\/www.meydan.tv\/az\/","logo":{"@type":"ImageObject","inLanguage":"az","@id":"https:\/\/www.meydan.tv\/az\/#\/schema\/logo\/image\/","url":"https:\/\/www.meydan.tv\/wp-content\/uploads\/2021\/07\/meydan-logo.svg","contentUrl":"https:\/\/www.meydan.tv\/wp-content\/uploads\/2021\/07\/meydan-logo.svg","width":195,"height":46,"caption":"Meydan TV"},"image":{"@id":"https:\/\/www.meydan.tv\/az\/#\/schema\/logo\/image\/"}},{"@type":"Person","@id":"https:\/\/www.meydan.tv\/az\/#\/schema\/person\/10d11eccf6da3662cf5fdab9806ea91a","name":"user-manager"}]}},"_links":{"self":[{"href":"https:\/\/www.meydan.tv\/az\/wp-json\/wp\/v2\/posts\/197207","targetHints":{"allow":["GET"]}}],"collection":[{"href":"https:\/\/www.meydan.tv\/az\/wp-json\/wp\/v2\/posts"}],"about":[{"href":"https:\/\/www.meydan.tv\/az\/wp-json\/wp\/v2\/types\/post"}],"author":[{"embeddable":true,"href":"https:\/\/www.meydan.tv\/az\/wp-json\/wp\/v2\/users\/11"}],"replies":[{"embeddable":true,"href":"https:\/\/www.meydan.tv\/az\/wp-json\/wp\/v2\/comments?post=197207"}],"version-history":[{"count":0,"href":"https:\/\/www.meydan.tv\/az\/wp-json\/wp\/v2\/posts\/197207\/revisions"}],"wp:featuredmedia":[{"embeddable":true,"href":"https:\/\/www.meydan.tv\/az\/wp-json\/wp\/v2\/media\/130450"}],"wp:attachment":[{"href":"https:\/\/www.meydan.tv\/az\/wp-json\/wp\/v2\/media?parent=197207"}],"wp:term":[{"taxonomy":"category","embeddable":true,"href":"https:\/\/www.meydan.tv\/az\/wp-json\/wp\/v2\/categories?post=197207"},{"taxonomy":"post_tag","embeddable":true,"href":"https:\/\/www.meydan.tv\/az\/wp-json\/wp\/v2\/tags?post=197207"}],"curies":[{"name":"wp","href":"https:\/\/api.w.org\/{rel}","templated":true}]}}