{"id":197193,"date":"2019-09-29T14:30:10","date_gmt":"2019-09-29T14:30:10","guid":{"rendered":"https:\/\/www.meydan.tv\/article\/qacqinkom-menzil-verdi-sabahi-gun-elimden-aldi\/"},"modified":"2019-09-29T14:30:10","modified_gmt":"2019-09-29T14:30:10","slug":"qacqinkom-menzil-verdi-sabahi-gun-elimden-aldi","status":"publish","type":"post","link":"https:\/\/www.meydan.tv\/az\/article\/qacqinkom-menzil-verdi-sabahi-gun-elimden-aldi\/","title":{"rendered":"\u201cQa\u00e7q\u0131nkom\u201d m\u0259nzil verdi, sabah\u0131 g\u00fcn \u0259limd\u0259n ald\u0131\u201d"},"content":{"rendered":"<p>\n  <i><br \/>\n    F\u00fczuli k\u00f6\u00e7k\u00fcn\u00fc deyir, ona veril\u0259n m\u0259nzilin kilidi d\u0259yi\u015fdirilib, sonra da bildirilib ki, m\u0259nzil ona s\u0259hv\u0259n verilib<br \/>\n  <\/i>\n<\/p>\n<p>\n  \u201cM\u0259ni \u201cQa\u00e7q\u0131nkom\u201da \u00e7a\u011f\u0131rd\u0131lar, evin a\u00e7arlar\u0131n\u0131 verdil\u0259r, dedil\u0259r, bu da s\u0259nin evinin a\u00e7ar\u0131, get, i\u00e7\u0259risind\u0259 sa\u011fl\u0131qla ya\u015fa&#8230; M\u0259n d\u0259 apar\u0131b \u0259\u015fyalar\u0131m\u0131 h\u0259min ev\u0259 y\u0131\u011fd\u0131m. Sabah\u0131 g\u00fcn ev\u0259 qay\u0131danda g\u00f6rd\u00fcm ki, qap\u0131n\u0131n kilidi d\u0259yi\u015fdirilib\u201d.\n<\/p>\n<p>\n  \u0130lah\u0259 S\u0259f\u0259rovan\u0131n 32 ya\u015f\u0131 var. F\u00fczulinin \u015e\u00fck\u00fcrb\u0259yli k\u0259ndind\u0259n k\u00f6\u00e7k\u00fcn d\u00fc\u015f\u0259nd\u0259 azya\u015fl\u0131 olub. Valideynl\u0259ri il\u0259 Bak\u0131da k\u00f6\u00e7k\u00fcn h\u0259yat\u0131 ya\u015fay\u0131b. Bir ne\u00e7\u0259 il \u0259vv\u0259l Bay\u0131lda ev al\u0131blar, ancaq o ev d\u0259 sonradan Bay\u0131ldak\u0131 s\u00f6k\u00fcnt\u00fc bumunun qurban\u0131 olub. H\u00f6kum\u0259t ail\u0259y\u0259 Bak\u0131 \u0259razisind\u0259 k\u00f6\u00e7k\u00fcnl\u0259r \u00fc\u00e7\u00fcn sal\u0131nm\u0131\u015f \u015f\u0259h\u0259rcikd\u0259n ikiotaql\u0131 m\u0259nzil verib. \u0130lah\u0259 S\u0259f\u0259rova is\u0259 ail\u0259 qurdu\u011funa g\u00f6r\u0259 valideynl\u0259rind\u0259n ayr\u0131l\u0131b. Ancaq bu yax\u0131nlarda h\u0259yat yolda\u015f\u0131ndan da bo\u015fan\u0131b. Deyir, getm\u0259y\u0259 yeri olmad\u0131\u011f\u0131na g\u00f6r\u0259, azya\u015fl\u0131 \u00f6vlad\u0131 atas\u0131yla qal\u0131b. \u00d6z\u00fc is\u0259 m\u0259nzil \u00fc\u00e7\u00fcn Qa\u00e7q\u0131n v\u0259 M\u0259cburi K\u00f6\u00e7k\u00fcnl\u0259rin \u0130\u015fi \u00fczr\u0259 D\u00f6vl\u0259t Komit\u0259sin\u0259 m\u00fcraci\u0259t edib.\n<\/p>\n<p>\n  <b><br \/>\n    \u201c\u00d6zl\u0259ri \u0259\u015fyalar\u0131m\u0131 ma\u015f\u0131na y\u0131\u011f\u0131b h\u0259min ev\u0259 apard\u0131lar\u201d<br \/>\n  <\/b>\n<\/p>\n<p>\n  \u201c1 il \u201cQa\u00e7q\u0131nkom\u201da ayq d\u00f6yd\u00fcm, yalvard\u0131m, yaxard\u0131m, dedim, k\u00fc\u00e7\u0259l\u0259rd\u0259 qalm\u0131\u015fam. Davaml\u0131 \u0259riz\u0259l\u0259r yazd\u0131m. N\u0259hay\u0259t, \u201cQa\u00e7q\u0131nkom\u201dun Aparat r\u0259hb\u0259ri Eldar Zeynalovun tap\u015f\u0131r\u0131yla m\u0259n\u0259 sentyabr\u0131n 3-d\u0259 Pirallah\u0131 rayonu, yeni ya\u015fay\u0131\u015f kompleksi-300, bina 3, m\u0259nzil 16-dak\u0131 1 otaql\u0131 m\u0259nzil verildi. \u201cQa\u00e7q\u0131nkom\u201d ma\u015f\u0131n ay\u0131rd\u0131, \u0259\u015fyalar\u0131m\u0131 \u00f6zl\u0259ri h\u0259min ma\u015f\u0131na y\u0131\u011f\u0131b, apar\u0131b h\u0259min m\u0259nzil\u0259 yerl\u0259\u015fdirdil\u0259r. S\u0259n\u0259dl\u0259\u015fm\u0259 oldu, evin orderini d\u0259 m\u0259n\u0259 verdil\u0259r. Binan\u0131n \u0259razisin\u0259 baxan M\u0130S-d\u0259n m\u0259n\u0259 s\u0259n\u0259d verildi, dedil\u0259r, apar t\u0259qdim el\u0259 ASAN Kommunal Xidm\u0259t\u0259, qaz\u0131n kart\u0131n\u0131 h\u0259ll el\u0259. M\u0259n d\u0259 dedikl\u0259ri kimi etdim, qaz\u0131n kart\u0131n\u0131 ald\u0131m, g\u00f6t\u00fcr\u00fcb sentyabr\u0131n 6-da g\u0259ldim ev\u0259 ki, y\u0131r-y\u0131\u011f\u0131\u015f edim. A\u00e7ar\u0131 kilid\u0259 sald\u0131m, n\u0259 q\u0259d\u0259r \u00e7al\u0131\u015fd\u0131m, a\u00e7ar qap\u0131n\u0131 a\u00e7mad\u0131. Ba\u015fa d\u00fc\u015fd\u00fcm ki, kilid d\u0259yi\u015fdirilib. M\u0130S-\u0259 m\u00fcraci\u0259t etdim,\u201d \u2013 \u0130lah\u0259 S\u0259f\u0259rova deyir.\n<\/p>\n<figure class=\"wp-block-image size-large\">\n  <img decoding=\"async\" src=\"https:\/\/www.meydan.tv\/az\/image_from_ios-jpg-90\/\" alt=\"image_from_ios.jpg\" class=\"wp-image-130399\"\/><figcaption>\n    1 il \u201cQa\u00e7q\u0131nkom\u201da ayq d\u00f6yd\u00fcm, yalvard\u0131m, yaxard\u0131m, dedim, k\u00fc\u00e7\u0259l\u0259rd\u0259 qalm\u0131\u015fam<br \/>\n  <\/figcaption><\/figure>\n<p>\n  <b><br \/>\n    \u201cKilidi d\u0259yi\u015fdil\u0259r, dedil\u0259r, m\u0259nzil s\u0259n\u0259 s\u0259hv\u0259n verilib\u201d<br \/>\n  <\/b>\n<\/p>\n<p>\n  \u0130lah\u0259 S\u0259f\u0259rovan\u0131n s\u00f6zl\u0259rin\u0259 g\u00f6r\u0259, ona m\u0259nzilin s\u0259hv\u0259n verildiyi bildirilib:\n<\/p>\n<p>\n  \u201cDedil\u0259r, \u201cQa\u00e7q\u0131nkom\u201d s\u0259n\u0259 bu m\u0259nzili verm\u0259yib, s\u0259n\u0259dl\u0259\u015fm\u0259 d\u00fcz apar\u0131lmay\u0131b, s\u0259n\u0259 Qobudan m\u0259nzil veril\u0259c\u0259k. O evs\u0259 h\u0259l\u0259 tikilm\u0259yib. O g\u00fcn-bu g\u00fcn m\u0259n k\u00fc\u00e7\u0259kl\u0259rd\u0259 qalm\u0131\u015fam, h\u0259tta parkda gec\u0259l\u0259mi\u015f\u0259m. M\u0259nim \u0259\u015fyalar\u0131m, h\u0259tta geyiml\u0259rim d\u0259 h\u0259l\u0259 o evd\u0259 qal\u0131b. Qap\u0131n\u0131 da a\u00e7m\u0131rlar ki, \u0259\u015fyalar\u0131m\u0131 g\u00f6t\u00fcr\u00fcm. \u201cQa\u00e7q\u0131nklom\u201da getmi\u015f\u0259m, deyirl\u0259r, s\u0259n\u0259 ev d\u00fc\u015fm\u00fcr. F\u00fczulinin h\u0259min k\u0259ndi \u00e7oxdan i\u015f\u011faldan azad olunub. Deyir\u0259m, \u0259g\u0259r bel\u0259 idis\u0259, niy\u0259 m\u0259n\u0259 o evi vermi\u015fdiniz? Nec\u0259 olur ki, valideynl\u0259rim\u0259 ev verilir, m\u0259n\u0259 yox? H\u0259min k\u0259nd i\u015f\u011faldan azad olunsa da, orda ya\u015famaq \u00fc\u00e7\u00fcn \u015f\u0259rait yoxdur v\u0259 o k\u0259ndd\u0259n k\u00f6\u00e7k\u00fcn d\u00fc\u015f\u0259nl\u0259rin k\u00f6\u00e7k\u00fcn statusu l\u0259\u011fv edilm\u0259yib. Y\u00fczl\u0259rl\u0259 insan var ki, h\u0259min k\u0259ndd\u0259n k\u00f6\u00e7k\u00fcn d\u00fc\u015f\u00fcb v\u0259 haz\u0131rda k\u00f6\u00e7k\u00fcn \u015f\u0259h\u0259rcikl\u0259rind\u0259, d\u00f6vl\u0259tin verdiyi evl\u0259rd\u0259 ya\u015fay\u0131rlar\u201d.\n<\/p>\n<figure class=\"wp-block-image size-large\">\n  <img decoding=\"async\" src=\"https:\/\/www.meydan.tv\/az\/image_from_ios-5-jpg-50\/\" alt=\"image_from_ios (5).jpg\" class=\"wp-image-130408\"\/><figcaption>\n    Deyir\u0259m, \u0259g\u0259r bel\u0259 idis\u0259, niy\u0259 m\u0259n\u0259 o evi vermi\u015fdiniz?<br \/>\n  <\/figcaption><\/figure>\n<p>\n  <i><br \/>\n    \u201cDeyir, get, atanla, ananla ya\u015fa&#8230;\u201d<br \/>\n  <\/i>\n<\/p>\n<p>\n  \u0130lah\u0259 S\u0259f\u0259rovan\u0131n s\u00f6zl\u0259rin\u0259 g\u00f6r\u0259, \u0259vv\u0259ll\u0259r ucuz qiym\u0259t\u0259 tap\u0131b ya\u015fad\u0131\u011f\u0131 kiray\u0259 ev d\u0259 \u0259lind\u0259n \u00e7\u0131x\u0131b. \u0130ndi qalma\u011fa yeri yoxdur:\n<\/p>\n<p>\n  \u201cK\u00fc\u00e7\u0259l\u0259rd\u0259 qalm\u0131\u015fam, \u201cQa\u00e7q\u0131nkom\u201d m\u0259ni k\u00fc\u00e7\u0259l\u0259r\u0259 sal\u0131b&#8230; U\u015fa\u011f\u0131m\u0131n \u00fcz\u00fcn\u0259 d\u0259 h\u0259sr\u0259t\u0259m, qay\u011f\u0131s\u0131n\u0131 \u00e7\u0259k\u0259 bilmir\u0259m. Deyir\u0259m, imkan verin, u\u015fa\u011f\u0131m\u0131 yan\u0131ma al\u0131m, m\u00fcv\u0259qq\u0259ti olaraq Pirallah\u0131dak\u0131 h\u0259min evd\u0259 qal\u0131m, onsuz da \u0259\u015fyalar\u0131m ordad\u0131r, Qobudak\u0131 ev n\u0259 vaxt haz\u0131r olar, k\u00f6\u00e7\u0259r\u0259m Qobuya&#8230; Deyirl\u0259r, yox, olmaz, sonra s\u0259ni h\u0259min evd\u0259n \u00e7\u0131xara bilm\u0259rik. 1 otaql\u0131 ev\u0259 g\u00f6r\u0259 m\u0259n\u0259 \u201ci\u00e7\u0259risind\u0259 rahat ya\u015fayasan, xeyirli olsun\u201d dey\u0259n Eldar Zeynalov indi d\u00f6n\u00fcb ba\u015fqa adam olub, m\u0259n\u0259 deyir, bo\u015fanm\u0131san, m\u0259n\u0259 n\u0259, get, atan, anan yer versin, yanlar\u0131nda qal&#8230; M\u0259nim 32 ya\u015f\u0131m var, \u00f6vlad\u0131m var, ayr\u0131ca ail\u0259 t\u0259s\u0259rr\u00fcfat\u0131yam, niy\u0259 atam\u0131n, anam\u0131n qoltu\u011funda ya\u015famal\u0131yam? X\u0259st\u0259 adamlard\u0131r, \u00f6zl\u0259ri k\u00f6\u00e7k\u00fcn \u015f\u0259h\u0259rciyind\u0259 ya\u015fay\u0131rlar, n\u0259y\u0259 g\u00f6r\u0259 \u00f6vlad\u0131mla onlara s\u0131\u011f\u0131n\u0131b rahatl\u0131qlar\u0131n\u0131 pozmal\u0131yam?\u201d\n<\/p>\n<p>\n  Qa\u00e7q\u0131nlar\u0131n v\u0259 M\u0259cburi K\u00f6\u00e7k\u00fcnl\u0259rin \u0130\u015fl\u0259ri \u00dczr\u0259 D\u00f6vl\u0259t Komit\u0259sind\u0259n Meydan TV-y\u0259 bildirlib ki, \u0130lah\u0259 S\u0259f\u0259rovan\u0131n m\u0259nzil m\u0259s\u0259l\u0259sind\u0259 yaranm\u0131\u015f anla\u015f\u0131lmazl\u0131q ara\u015fd\u0131r\u0131l\u0131r. Ara\u015fd\u0131rmalardan sonra \u0130lah\u0259 S\u0259f\u0259rovaya \u0259trafl\u0131 m\u0259lumat veril\u0259c\u0259k.\n<\/p>\n<figure class=\"wp-block-image size-large\">\n  <img decoding=\"async\" src=\"https:\/\/www.meydan.tv\/az\/image_from_ios-4-jpg-67\/\" alt=\"image_from_ios (4).jpg\" class=\"wp-image-130405\"\/><figcaption>\n    M\u0259nim 32 ya\u015f\u0131m var, \u00f6vlad\u0131m var, ayr\u0131ca ail\u0259 t\u0259s\u0259rr\u00fcfat\u0131yam, niy\u0259 atam\u0131n, anam\u0131n qoltu\u011funda ya\u015famal\u0131yam?<br \/>\n  <\/figcaption><\/figure>\n","protected":false},"excerpt":{"rendered":"<p>Nec\u0259 olur ki, valideynl\u0259rim\u0259 ev verilir, m\u0259n\u0259 yox?<\/p>\n","protected":false},"author":11,"featured_media":130411,"comment_status":"closed","ping_status":"open","sticky":false,"template":"","format":"standard","meta":{"_acf_changed":false,"_sitemap_exclude":false,"_sitemap_priority":"","_sitemap_frequency":"","footnotes":""},"categories":[60],"tags":[],"class_list":["post-197193","post","type-post","status-publish","format-standard","has-post-thumbnail","hentry","category-bolge","infinite-scroll-item","generate-columns","tablet-grid-50","mobile-grid-100","grid-parent","grid-33","no-featured-image-padding"],"acf":[],"yoast_head":"<!-- This site is optimized with the Yoast SEO plugin v27.5 - https:\/\/yoast.com\/product\/yoast-seo-wordpress\/ -->\n<title>\u201cQa\u00e7q\u0131nkom\u201d m\u0259nzil verdi, sabah\u0131 g\u00fcn \u0259limd\u0259n ald\u0131\u201d - MEYDAN.TV<\/title>\n<meta name=\"robots\" content=\"index, follow, max-snippet:-1, max-image-preview:large, max-video-preview:-1\" \/>\n<link rel=\"canonical\" href=\"https:\/\/www.meydan.tv\/az\/article\/qacqinkom-menzil-verdi-sabahi-gun-elimden-aldi\/\" \/>\n<meta property=\"og:locale\" content=\"az_AZ\" \/>\n<meta property=\"og:type\" content=\"article\" \/>\n<meta property=\"og:title\" content=\"\u201cQa\u00e7q\u0131nkom\u201d m\u0259nzil verdi, sabah\u0131 g\u00fcn \u0259limd\u0259n ald\u0131\u201d - MEYDAN.TV\" \/>\n<meta property=\"og:description\" content=\"Nec\u0259 olur ki, valideynl\u0259rim\u0259 ev verilir, m\u0259n\u0259 yox?\" \/>\n<meta property=\"og:url\" content=\"https:\/\/www.meydan.tv\/az\/article\/qacqinkom-menzil-verdi-sabahi-gun-elimden-aldi\/\" \/>\n<meta property=\"og:site_name\" content=\"MEYDAN.TV\" \/>\n<meta property=\"article:published_time\" content=\"2019-09-29T14:30:10+00:00\" \/>\n<meta property=\"og:image\" content=\"https:\/\/www.meydan.tv\/wp-content\/uploads\/qacqin-mecburikovkun-suraxani-azeuro-1.jpg\" \/>\n\t<meta property=\"og:image:width\" content=\"2000\" \/>\n\t<meta property=\"og:image:height\" content=\"1335\" \/>\n\t<meta property=\"og:image:type\" content=\"image\/jpeg\" \/>\n<meta name=\"author\" content=\"user-manager\" \/>\n<meta name=\"twitter:card\" content=\"summary_large_image\" \/>\n<script type=\"application\/ld+json\" class=\"yoast-schema-graph\">{\"@context\":\"https:\\\/\\\/schema.org\",\"@graph\":[{\"@type\":\"Article\",\"@id\":\"https:\\\/\\\/www.meydan.tv\\\/az\\\/article\\\/qacqinkom-menzil-verdi-sabahi-gun-elimden-aldi\\\/#article\",\"isPartOf\":{\"@id\":\"https:\\\/\\\/www.meydan.tv\\\/az\\\/article\\\/qacqinkom-menzil-verdi-sabahi-gun-elimden-aldi\\\/\"},\"author\":{\"name\":\"user-manager\",\"@id\":\"https:\\\/\\\/www.meydan.tv\\\/az\\\/#\\\/schema\\\/person\\\/10d11eccf6da3662cf5fdab9806ea91a\"},\"headline\":\"\u201cQa\u00e7q\u0131nkom\u201d m\u0259nzil verdi, sabah\u0131 g\u00fcn \u0259limd\u0259n ald\u0131\u201d\",\"datePublished\":\"2019-09-29T14:30:10+00:00\",\"mainEntityOfPage\":{\"@id\":\"https:\\\/\\\/www.meydan.tv\\\/az\\\/article\\\/qacqinkom-menzil-verdi-sabahi-gun-elimden-aldi\\\/\"},\"wordCount\":1024,\"publisher\":{\"@id\":\"https:\\\/\\\/www.meydan.tv\\\/az\\\/#organization\"},\"image\":{\"@id\":\"https:\\\/\\\/www.meydan.tv\\\/az\\\/article\\\/qacqinkom-menzil-verdi-sabahi-gun-elimden-aldi\\\/#primaryimage\"},\"thumbnailUrl\":\"https:\\\/\\\/www.meydan.tv\\\/wp-content\\\/uploads\\\/qacqin-mecburikovkun-suraxani-azeuro-1-e1673443882829.jpg\",\"articleSection\":[\"B\u00f6lg\u0259\"],\"inLanguage\":\"az\"},{\"@type\":\"WebPage\",\"@id\":\"https:\\\/\\\/www.meydan.tv\\\/az\\\/article\\\/qacqinkom-menzil-verdi-sabahi-gun-elimden-aldi\\\/\",\"url\":\"https:\\\/\\\/www.meydan.tv\\\/az\\\/article\\\/qacqinkom-menzil-verdi-sabahi-gun-elimden-aldi\\\/\",\"name\":\"\u201cQa\u00e7q\u0131nkom\u201d m\u0259nzil verdi, sabah\u0131 g\u00fcn \u0259limd\u0259n ald\u0131\u201d - MEYDAN.TV\",\"isPartOf\":{\"@id\":\"https:\\\/\\\/www.meydan.tv\\\/az\\\/#website\"},\"primaryImageOfPage\":{\"@id\":\"https:\\\/\\\/www.meydan.tv\\\/az\\\/article\\\/qacqinkom-menzil-verdi-sabahi-gun-elimden-aldi\\\/#primaryimage\"},\"image\":{\"@id\":\"https:\\\/\\\/www.meydan.tv\\\/az\\\/article\\\/qacqinkom-menzil-verdi-sabahi-gun-elimden-aldi\\\/#primaryimage\"},\"thumbnailUrl\":\"https:\\\/\\\/www.meydan.tv\\\/wp-content\\\/uploads\\\/qacqin-mecburikovkun-suraxani-azeuro-1-e1673443882829.jpg\",\"datePublished\":\"2019-09-29T14:30:10+00:00\",\"breadcrumb\":{\"@id\":\"https:\\\/\\\/www.meydan.tv\\\/az\\\/article\\\/qacqinkom-menzil-verdi-sabahi-gun-elimden-aldi\\\/#breadcrumb\"},\"inLanguage\":\"az\",\"potentialAction\":[{\"@type\":\"ReadAction\",\"target\":[\"https:\\\/\\\/www.meydan.tv\\\/az\\\/article\\\/qacqinkom-menzil-verdi-sabahi-gun-elimden-aldi\\\/\"]}]},{\"@type\":\"ImageObject\",\"inLanguage\":\"az\",\"@id\":\"https:\\\/\\\/www.meydan.tv\\\/az\\\/article\\\/qacqinkom-menzil-verdi-sabahi-gun-elimden-aldi\\\/#primaryimage\",\"url\":\"https:\\\/\\\/www.meydan.tv\\\/wp-content\\\/uploads\\\/qacqin-mecburikovkun-suraxani-azeuro-1-e1673443882829.jpg\",\"contentUrl\":\"https:\\\/\\\/www.meydan.tv\\\/wp-content\\\/uploads\\\/qacqin-mecburikovkun-suraxani-azeuro-1-e1673443882829.jpg\",\"width\":2000,\"height\":910,\"caption\":\"Foto: arxiv\"},{\"@type\":\"BreadcrumbList\",\"@id\":\"https:\\\/\\\/www.meydan.tv\\\/az\\\/article\\\/qacqinkom-menzil-verdi-sabahi-gun-elimden-aldi\\\/#breadcrumb\",\"itemListElement\":[{\"@type\":\"ListItem\",\"position\":1,\"name\":\"Ana s\u0259hif\u0259\",\"item\":\"https:\\\/\\\/www.meydan.tv\\\/az\\\/\"},{\"@type\":\"ListItem\",\"position\":2,\"name\":\"B\u00f6lg\u0259\",\"item\":\"https:\\\/\\\/www.meydan.tv\\\/az\\\/section\\\/bolge\\\/\"},{\"@type\":\"ListItem\",\"position\":3,\"name\":\"\u201cQa\u00e7q\u0131nkom\u201d m\u0259nzil verdi, sabah\u0131 g\u00fcn \u0259limd\u0259n ald\u0131\u201d\"}]},{\"@type\":\"WebSite\",\"@id\":\"https:\\\/\\\/www.meydan.tv\\\/az\\\/#website\",\"url\":\"https:\\\/\\\/www.meydan.tv\\\/az\\\/\",\"name\":\"MEYDAN.TV\",\"description\":\"Meydan TV Az\u0259rbaycan\u0131n media m\u0259kan\u0131ndak\u0131 alternativ s\u0259sidir\",\"publisher\":{\"@id\":\"https:\\\/\\\/www.meydan.tv\\\/az\\\/#organization\"},\"potentialAction\":[{\"@type\":\"SearchAction\",\"target\":{\"@type\":\"EntryPoint\",\"urlTemplate\":\"https:\\\/\\\/www.meydan.tv\\\/az\\\/?s={search_term_string}\"},\"query-input\":{\"@type\":\"PropertyValueSpecification\",\"valueRequired\":true,\"valueName\":\"search_term_string\"}}],\"inLanguage\":\"az\"},{\"@type\":\"Organization\",\"@id\":\"https:\\\/\\\/www.meydan.tv\\\/az\\\/#organization\",\"name\":\"Meydan TV\",\"url\":\"https:\\\/\\\/www.meydan.tv\\\/az\\\/\",\"logo\":{\"@type\":\"ImageObject\",\"inLanguage\":\"az\",\"@id\":\"https:\\\/\\\/www.meydan.tv\\\/az\\\/#\\\/schema\\\/logo\\\/image\\\/\",\"url\":\"https:\\\/\\\/www.meydan.tv\\\/wp-content\\\/uploads\\\/2021\\\/07\\\/meydan-logo.svg\",\"contentUrl\":\"https:\\\/\\\/www.meydan.tv\\\/wp-content\\\/uploads\\\/2021\\\/07\\\/meydan-logo.svg\",\"width\":195,\"height\":46,\"caption\":\"Meydan TV\"},\"image\":{\"@id\":\"https:\\\/\\\/www.meydan.tv\\\/az\\\/#\\\/schema\\\/logo\\\/image\\\/\"}},{\"@type\":\"Person\",\"@id\":\"https:\\\/\\\/www.meydan.tv\\\/az\\\/#\\\/schema\\\/person\\\/10d11eccf6da3662cf5fdab9806ea91a\",\"name\":\"user-manager\"}]}<\/script>\n<!-- \/ Yoast SEO plugin. -->","yoast_head_json":{"title":"\u201cQa\u00e7q\u0131nkom\u201d m\u0259nzil verdi, sabah\u0131 g\u00fcn \u0259limd\u0259n ald\u0131\u201d - MEYDAN.TV","robots":{"index":"index","follow":"follow","max-snippet":"max-snippet:-1","max-image-preview":"max-image-preview:large","max-video-preview":"max-video-preview:-1"},"canonical":"https:\/\/www.meydan.tv\/az\/article\/qacqinkom-menzil-verdi-sabahi-gun-elimden-aldi\/","og_locale":"az_AZ","og_type":"article","og_title":"\u201cQa\u00e7q\u0131nkom\u201d m\u0259nzil verdi, sabah\u0131 g\u00fcn \u0259limd\u0259n ald\u0131\u201d - MEYDAN.TV","og_description":"Nec\u0259 olur ki, valideynl\u0259rim\u0259 ev verilir, m\u0259n\u0259 yox?","og_url":"https:\/\/www.meydan.tv\/az\/article\/qacqinkom-menzil-verdi-sabahi-gun-elimden-aldi\/","og_site_name":"MEYDAN.TV","article_published_time":"2019-09-29T14:30:10+00:00","og_image":[{"width":2000,"height":1335,"url":"https:\/\/www.meydan.tv\/wp-content\/uploads\/qacqin-mecburikovkun-suraxani-azeuro-1.jpg","type":"image\/jpeg"}],"author":"user-manager","twitter_card":"summary_large_image","schema":{"@context":"https:\/\/schema.org","@graph":[{"@type":"Article","@id":"https:\/\/www.meydan.tv\/az\/article\/qacqinkom-menzil-verdi-sabahi-gun-elimden-aldi\/#article","isPartOf":{"@id":"https:\/\/www.meydan.tv\/az\/article\/qacqinkom-menzil-verdi-sabahi-gun-elimden-aldi\/"},"author":{"name":"user-manager","@id":"https:\/\/www.meydan.tv\/az\/#\/schema\/person\/10d11eccf6da3662cf5fdab9806ea91a"},"headline":"\u201cQa\u00e7q\u0131nkom\u201d m\u0259nzil verdi, sabah\u0131 g\u00fcn \u0259limd\u0259n ald\u0131\u201d","datePublished":"2019-09-29T14:30:10+00:00","mainEntityOfPage":{"@id":"https:\/\/www.meydan.tv\/az\/article\/qacqinkom-menzil-verdi-sabahi-gun-elimden-aldi\/"},"wordCount":1024,"publisher":{"@id":"https:\/\/www.meydan.tv\/az\/#organization"},"image":{"@id":"https:\/\/www.meydan.tv\/az\/article\/qacqinkom-menzil-verdi-sabahi-gun-elimden-aldi\/#primaryimage"},"thumbnailUrl":"https:\/\/www.meydan.tv\/wp-content\/uploads\/qacqin-mecburikovkun-suraxani-azeuro-1-e1673443882829.jpg","articleSection":["B\u00f6lg\u0259"],"inLanguage":"az"},{"@type":"WebPage","@id":"https:\/\/www.meydan.tv\/az\/article\/qacqinkom-menzil-verdi-sabahi-gun-elimden-aldi\/","url":"https:\/\/www.meydan.tv\/az\/article\/qacqinkom-menzil-verdi-sabahi-gun-elimden-aldi\/","name":"\u201cQa\u00e7q\u0131nkom\u201d m\u0259nzil verdi, sabah\u0131 g\u00fcn \u0259limd\u0259n ald\u0131\u201d - MEYDAN.TV","isPartOf":{"@id":"https:\/\/www.meydan.tv\/az\/#website"},"primaryImageOfPage":{"@id":"https:\/\/www.meydan.tv\/az\/article\/qacqinkom-menzil-verdi-sabahi-gun-elimden-aldi\/#primaryimage"},"image":{"@id":"https:\/\/www.meydan.tv\/az\/article\/qacqinkom-menzil-verdi-sabahi-gun-elimden-aldi\/#primaryimage"},"thumbnailUrl":"https:\/\/www.meydan.tv\/wp-content\/uploads\/qacqin-mecburikovkun-suraxani-azeuro-1-e1673443882829.jpg","datePublished":"2019-09-29T14:30:10+00:00","breadcrumb":{"@id":"https:\/\/www.meydan.tv\/az\/article\/qacqinkom-menzil-verdi-sabahi-gun-elimden-aldi\/#breadcrumb"},"inLanguage":"az","potentialAction":[{"@type":"ReadAction","target":["https:\/\/www.meydan.tv\/az\/article\/qacqinkom-menzil-verdi-sabahi-gun-elimden-aldi\/"]}]},{"@type":"ImageObject","inLanguage":"az","@id":"https:\/\/www.meydan.tv\/az\/article\/qacqinkom-menzil-verdi-sabahi-gun-elimden-aldi\/#primaryimage","url":"https:\/\/www.meydan.tv\/wp-content\/uploads\/qacqin-mecburikovkun-suraxani-azeuro-1-e1673443882829.jpg","contentUrl":"https:\/\/www.meydan.tv\/wp-content\/uploads\/qacqin-mecburikovkun-suraxani-azeuro-1-e1673443882829.jpg","width":2000,"height":910,"caption":"Foto: arxiv"},{"@type":"BreadcrumbList","@id":"https:\/\/www.meydan.tv\/az\/article\/qacqinkom-menzil-verdi-sabahi-gun-elimden-aldi\/#breadcrumb","itemListElement":[{"@type":"ListItem","position":1,"name":"Ana s\u0259hif\u0259","item":"https:\/\/www.meydan.tv\/az\/"},{"@type":"ListItem","position":2,"name":"B\u00f6lg\u0259","item":"https:\/\/www.meydan.tv\/az\/section\/bolge\/"},{"@type":"ListItem","position":3,"name":"\u201cQa\u00e7q\u0131nkom\u201d m\u0259nzil verdi, sabah\u0131 g\u00fcn \u0259limd\u0259n ald\u0131\u201d"}]},{"@type":"WebSite","@id":"https:\/\/www.meydan.tv\/az\/#website","url":"https:\/\/www.meydan.tv\/az\/","name":"MEYDAN.TV","description":"Meydan TV Az\u0259rbaycan\u0131n media m\u0259kan\u0131ndak\u0131 alternativ s\u0259sidir","publisher":{"@id":"https:\/\/www.meydan.tv\/az\/#organization"},"potentialAction":[{"@type":"SearchAction","target":{"@type":"EntryPoint","urlTemplate":"https:\/\/www.meydan.tv\/az\/?s={search_term_string}"},"query-input":{"@type":"PropertyValueSpecification","valueRequired":true,"valueName":"search_term_string"}}],"inLanguage":"az"},{"@type":"Organization","@id":"https:\/\/www.meydan.tv\/az\/#organization","name":"Meydan TV","url":"https:\/\/www.meydan.tv\/az\/","logo":{"@type":"ImageObject","inLanguage":"az","@id":"https:\/\/www.meydan.tv\/az\/#\/schema\/logo\/image\/","url":"https:\/\/www.meydan.tv\/wp-content\/uploads\/2021\/07\/meydan-logo.svg","contentUrl":"https:\/\/www.meydan.tv\/wp-content\/uploads\/2021\/07\/meydan-logo.svg","width":195,"height":46,"caption":"Meydan TV"},"image":{"@id":"https:\/\/www.meydan.tv\/az\/#\/schema\/logo\/image\/"}},{"@type":"Person","@id":"https:\/\/www.meydan.tv\/az\/#\/schema\/person\/10d11eccf6da3662cf5fdab9806ea91a","name":"user-manager"}]}},"_links":{"self":[{"href":"https:\/\/www.meydan.tv\/az\/wp-json\/wp\/v2\/posts\/197193","targetHints":{"allow":["GET"]}}],"collection":[{"href":"https:\/\/www.meydan.tv\/az\/wp-json\/wp\/v2\/posts"}],"about":[{"href":"https:\/\/www.meydan.tv\/az\/wp-json\/wp\/v2\/types\/post"}],"author":[{"embeddable":true,"href":"https:\/\/www.meydan.tv\/az\/wp-json\/wp\/v2\/users\/11"}],"replies":[{"embeddable":true,"href":"https:\/\/www.meydan.tv\/az\/wp-json\/wp\/v2\/comments?post=197193"}],"version-history":[{"count":0,"href":"https:\/\/www.meydan.tv\/az\/wp-json\/wp\/v2\/posts\/197193\/revisions"}],"wp:featuredmedia":[{"embeddable":true,"href":"https:\/\/www.meydan.tv\/az\/wp-json\/wp\/v2\/media\/130411"}],"wp:attachment":[{"href":"https:\/\/www.meydan.tv\/az\/wp-json\/wp\/v2\/media?parent=197193"}],"wp:term":[{"taxonomy":"category","embeddable":true,"href":"https:\/\/www.meydan.tv\/az\/wp-json\/wp\/v2\/categories?post=197193"},{"taxonomy":"post_tag","embeddable":true,"href":"https:\/\/www.meydan.tv\/az\/wp-json\/wp\/v2\/tags?post=197193"}],"curies":[{"name":"wp","href":"https:\/\/api.w.org\/{rel}","templated":true}]}}