{"id":197190,"date":"2019-09-29T12:57:42","date_gmt":"2019-09-29T12:57:42","guid":{"rendered":"https:\/\/www.meydan.tv\/article\/ucar-sakini-corek-nedir-ki-menim-usaqlarim-ondan-otru-aglayirlar\/"},"modified":"2019-09-29T12:57:42","modified_gmt":"2019-09-29T12:57:42","slug":"ucar-sakini-corek-nedir-ki-menim-usaqlarim-ondan-otru-aglayirlar","status":"publish","type":"post","link":"https:\/\/www.meydan.tv\/az\/article\/ucar-sakini-corek-nedir-ki-menim-usaqlarim-ondan-otru-aglayirlar\/","title":{"rendered":"Ucar sakini: \u00c7\u00f6r\u0259k n\u0259dir ki, m\u0259nim u\u015faqlar\u0131m ondan \u00f6tr\u00fc a\u011flay\u0131rlar?!"},"content":{"rendered":"<p>\n  <i><br \/>\n    4 u\u015faq atas\u0131 i\u015fsizlikd\u0259n \u0259ziyy\u0259t \u00e7\u0259kdiyini deyir<br \/>\n  <\/i>\n<\/p>\n<p>\n  &quot;\u0130\u015f yerind\u0259n ixtisara d\u00fc\u015fd\u00fcm. \u0130ndi i\u015f tapa bilmir\u0259m. Yolda\u015f\u0131m da g\u00fcnd\u0259lik 3 manata i\u015fl\u0259yir. Kiray\u0259 pulumuz aya 70 manatd\u0131r. O 70 manat\u0131 d\u00fcz\u0259ldib, k\u0259nara atmayanad\u0259k g\u00f6z\u00fcm\u00fcz\u0259 yuxu getmir\u201d.\n<\/p>\n<p>\n  Ucar\u0131n R\u0259st\u0259c\u0259 k\u0259ndinin sakini Ayb\u0259niz Cahangirova bel\u0259 deyir. Xan\u0131m ail\u0259sinin \u00e7ox a\u011f\u0131r \u015f\u0259raitd\u0259 ya\u015fad\u0131\u011f\u0131n\u0131 s\u00f6yl\u0259yir:\n<\/p>\n<p>\n  \u201cKiray\u0259 pulunu ki, d\u00fcz\u0259ldib k\u0259nara atm\u0131ram ha, bax\u0131n, onda u\u015faqlar yem\u0259k, \u00e7ay ist\u0259y\u0259nd\u0259 d\u0259 \u0259s\u0259bi oluram. 4 u\u015faqd\u0131, yem\u0259k ist\u0259yirl\u0259r. O g\u00fcn babalar\u0131na z\u0259ng etdim ki, daha d\u00f6z\u0259 bilmir\u0259m. Biz\u0259 2 \u00e7\u00f6r\u0259k g\u00f6nd\u0259rin. Valideynl\u0259rimin pensiyas\u0131na g\u00f6z dikmi\u015f\u0259m, h\u0259m \u00f6vlad, h\u0259m d\u0259 valideyn kimi utan\u0131ram\u201d.\n<\/p>\n<p>\n  Ayb\u0259niz Cahangirova deyir ki, bir m\u00fcdd\u0259t \u00f6nc\u0259y\u0259d\u0259k R\u0259sd\u0259c\u0259 k\u0259ndind\u0259 h\u0259yat yolda\u015f\u0131n\u0131n valideynl\u0259rinin evind\u0259 ya\u015fay\u0131rm\u0131\u015flar. Sonra qay\u0131n\u0131 evl\u0259nib, evin sakini art\u0131b, onlara yer qalmay\u0131b:\n<\/p>\n<p>\n  \u201cEvin ki\u00e7ik o\u011fludur, atan\u0131n, anan\u0131n yan\u0131nda o qalmal\u0131d\u0131r, biz yox. Odur ki, biz\u0259 yol g\u00f6r\u00fcnd\u00fc. Y\u0131\u011f\u0131\u015f\u0131b Ucara g\u0259ldik. Burada kiray\u0259y\u0259 ev tutduq. \u0130ndi d\u0259 \u00e7atd\u0131ra bilmirik. 4 u\u015faqla kiray\u0259d\u0259 qalmaq z\u00fclmd\u00fcr. \u0130\u015f yox, g\u00fcc yox, \u00e7atd\u0131rmaq da olmur\u201d.\n<\/p>\n<p>\n  Ail\u0259 ba\u015f\u00e7\u0131s\u0131 Eltun Cahangirovun da bir i\u015fi yoxdur. Qon\u015fuda, rayonda i\u015f ver\u0259n olsa, g\u00fcn\u0259muzd i\u015fl\u0259yir, olmayanda da g\u00fcnl\u0259rl\u0259 i\u015fsiz qal\u0131r. Deyir, d\u0259f\u0259l\u0259rl\u0259 m\u0259\u015f\u011fulluq m\u0259rk\u0259zin\u0259 gedib, i\u015f axtard\u0131\u011f\u0131n\u0131 s\u00f6yl\u0259yib, bir n\u0259tic\u0259si yoxdur:\n<\/p>\n<p>\n  \u201cN\u0259 axtaran var, n\u0259 d\u0259 i\u015f tapan. Yolda\u015f\u0131m ali t\u0259hsillidir, i\u015fl\u0259yirdi, ixtisara d\u00fc\u015fd\u00fc, o da i\u015f tapa bilmir. \u0130kimiz d\u0259 i\u015fsizik, u\u015faqlar da b\u00f6y\u00fcy\u00fcr. He\u00e7 bilmirik n\u0259 ed\u0259k. Pul, imkan d\u0259rdind\u0259n m\u0259kt\u0259b\u0259 d\u0259 g\u00f6nd\u0259r\u0259 bilmirik. Geyim, yem\u0259k \u00e7atd\u0131rm\u0131r\u0131q, n\u0259 ed\u0259k\u201d.\n<\/p>\n<p>\n  E.Cahangirov deyir ki, d\u0259f\u0259l\u0259rl\u0259 sosial yard\u0131m \u00fc\u00e7\u00fcn d\u0259 m\u00fcraci\u0259t edibl\u0259r. Ancaq ala bilm\u0259yibl\u0259r. \u015eikay\u0259t\u00e7i deyir ki, rayonda sosial yard\u0131m ala bilm\u0259k \u00fc\u00e7\u00fcn g\u0259r\u0259k h\u00f6rm\u0259t ed\u0259s\u0259n. H\u00f6rm\u0259t etm\u0259k \u00fc\u00e7\u00fcn d\u0259 onun imkan\u0131 yoxdur:\n<\/p>\n<p>\n  \u201cDeyir\u0259m, 150 manatl\u0131q kiray\u0259 haqq\u0131n\u0131 toplaya bilmir\u0259m. B\u0259zi aylar yar\u0131m\u00e7\u0131q veririk. Bel\u0259-bel\u0259 xeyli borc toplan\u0131b onsuz da. R\u00fc\u015fv\u0259t \u00fc\u00e7\u00fcn pulu hardan tapaq? H\u0259m d\u0259 ki, faktiki i\u015fsiz, evsizik. Biz\u0259 yard\u0131m d\u00fc\u015fm\u0259lidir. Buna g\u00f6r\u0259 niy\u0259 n\u0259 q\u0259d\u0259rs\u0259 pul \u00f6d\u0259m\u0259liyik? Amma yox, bu \u00f6lk\u0259d\u0259 qayda-qanun yoxdur ax\u0131. Bunu unuduruq. H\u0259r \u015fey puldan ke\u00e7ir. Ac\u0131ndan \u00f6l\u0259ni d\u00fc\u015f\u00fcn\u0259n yoxdur\u201d.\n<\/p>\n<p>\n  Ail\u0259nin he\u00e7 yerd\u0259n g\u0259liri yoxdur. \u0130\u015f, sosial yard\u0131m \u00fc\u00e7\u00fcn etdikl\u0259ri m\u00fcraci\u0259tl\u0259r\u0259 d\u0259 baxan olmay\u0131b. Son \u00e7ar\u0259 olaraq Prezident \u0130lham \u018fliyev v\u0259 onun xan\u0131m\u0131, Birinci vitse-prezident Mehriban \u018fliyevaya m\u0259ktub yaz\u0131blar. Ail\u0259nin t\u0259k \u00fcmidi h\u0259min m\u0259ktublara g\u0259l\u0259c\u0259k cavabad\u0131r.\n<\/p>\n<p>\n  \u201cBu g\u00fcn d\u0259mir yolunun o tay\u0131ndak\u0131 bir h\u0259y\u0259td\u0259 f\u0259hl\u0259lik edirdim. G\u00fcn\u00fcm\u0259 bilmir\u0259m 5, ya10 manat ver\u0259c\u0259kl\u0259r. \u0130\u015f olanda s\u0259h\u0259rl\u0259r ba\u015f\u0131m\u0131 g\u00f6t\u00fcr\u00fcb qa\u00e7\u0131ram ki, u\u015faqlar\u0131n yuxudan durub \u00e7\u00f6r\u0259k davas\u0131na \u015fahid olmay\u0131m. Utan\u0131ram, m\u0259nim \u00fc\u00e7\u00fcn \u00e7\u0259tindir, a\u011f\u0131rd\u0131r. Vallah, m\u0259n ist\u0259m\u0259zdim bel\u0259 olsun. \u0130\u015fdir d\u0259, oldu. \u00c7\u00f6r\u0259k n\u0259dir ki, m\u0259nim u\u015faqlar\u0131m ondan \u00f6tr\u00fc z\u00fcl\u00fcm-z\u00fcl\u00fcm a\u011flay\u0131rlar. M\u0259n is\u0259 ala bilmir\u0259m, utan\u0131ram\u201d.\n<\/p>\n<p>\n  Eltun Cahangirov deyir ki, imkan\u0131, ail\u0259sini saxlama g\u00fcc\u00fc olsa, he\u00e7 vaxt, he\u00e7 kim\u0259 a\u011f\u0131z a\u00e7mazd\u0131:\n<\/p>\n<p>\n  \u201cKim ist\u0259y\u0259r e a\u011f\u0131z a\u00e7a, z\u0259if g\u00f6r\u00fcn\u0259? M\u0259cburuq. Ya normal i\u015fl\u0259 t\u0259min etsinl\u0259r, \u00f6z\u00fcm\u00fcz\u00fc doland\u0131raq, ya da yard\u0131m etsinl\u0259r. Rayonda i\u015f tapmaq m\u00fc\u015fk\u00fcld\u00fcr. \u0130cra Hakimiyy\u0259tin\u0259 gedirs\u0259n, deyirl\u0259r, o boyda b\u00fcdc\u0259miz yoxdur. Ona g\u00f6r\u0259 d\u0259 biz Mehriban \u018fliyevaya, Prezident \u0130lham \u018fliyev\u0259 m\u00fcraci\u0259t etmi\u015fik\u201d.\n<\/p>\n<p>\n  Ayb\u0259niz Cahangirova deyir ki, daim e\u015fidir, prezident deyir, m\u0259murlar v\u0259t\u0259nda\u015flara xidm\u0259t etm\u0259k \u00fc\u00e7\u00fcnd\u00fcr. V\u0259t\u0259nda\u015fa yuxar\u0131dan a\u015fa\u011f\u0131 baxmaq olmaz, d\u0259st\u0259k olunmal\u0131d\u0131r v\u0259 s.\n<\/p>\n<p>\n  \u201cBir prezident bundan art\u0131q n\u0259 dem\u0259lidir? Onlar iki n\u0259f\u0259rdil\u0259r, m\u0259murlar \u00e7ox. N\u0259zar\u0259t ed\u0259 bilmirl\u0259r. \u0130ndi m\u0259nim o\u011flum b\u00f6y\u00fcy\u00fcb 18 ya\u015f\u0131na \u00e7atanda, dey\u0259c\u0259kl\u0259r ki, g\u0259l, v\u0259t\u0259ni qoru. Amma indi 4 n\u0259f\u0259rdil\u0259r, m\u0259kt\u0259b a\u00e7\u0131l\u0131b, pul yoxdu, biz onlara n\u0259s\u0259 al\u0131b m\u0259kt\u0259b\u0259 g\u00f6nd\u0259r\u0259k\u201d.\n<\/p>\n<figure class=\"wp-block-image size-large\">\n  <img decoding=\"async\" src=\"https:\/\/www.meydan.tv\/az\/image_from_ios-7-jpg-25\/\" alt=\"image_from_ios (7).jpg\" class=\"wp-image-130393\"\/><figcaption>\n    Eltun Cahangirov<br \/>\n  <\/figcaption><\/figure>\n<p>\n  Ayb\u0259niz Cahangirova deyir ki, valideynl\u0259ri pensiya al\u0131r. Ancaq bilmirl\u0259r, h\u0259min pulu d\u0259rmanlar\u0131na, h\u0259kiml\u0259rin\u0259 versinl\u0259r, ya yem\u0259kl\u0259rin\u0259 x\u0259rcl\u0259sinl\u0259r, yoxsa onlara k\u00f6m\u0259k etsinl\u0259r:\n<\/p>\n<p>\n  \u201c\u00dcnvanl\u0131 sosial yard\u0131m\u0131 da ancaq imkanl\u0131 adamlara verirl\u0259r. Evi-e\u015fiyi, ma\u015f\u0131n\u0131, h\u0259r \u015feyi olan adamlar al\u0131r. Biz ham\u0131m\u0131z bunu bilirik. Nec\u0259 olur ki, c\u0259mi 2 n\u0259f\u0259rin x\u0259b\u0259ri yoxdur bundan? 15 il u\u015faq yarad\u0131c\u0131l\u0131\u011f\u0131 m\u0259rk\u0259zind\u0259 i\u015fl\u0259mi\u015f\u0259m. 3 ildir h\u0259r il gedir\u0259m ba\u015f\u00e7\u0131n\u0131n q\u0259buluna ki, m\u0259n\u0259 i\u015f verin, i\u015fl\u0259yim. H\u0259r d\u0259f\u0259 ged\u0259nd\u0259 d\u0259 ordak\u0131 insanlar n\u0259y\u0259 g\u0259lmis\u0259n, n\u0259 m\u0259qs\u0259d\u0259 g\u0259lmis\u0259n deyibl\u0259r. M\u0259kt\u0259bl\u0259rin birind\u0259 bir i\u015f versinl\u0259r. Pul ist\u0259mir\u0259m, sad\u0259c\u0259 i\u015f ist\u0259yir\u0259m. Biz inan\u0131r\u0131q, prezident\u0259 d\u0259, xan\u0131m\u0131na da. \u0130nan\u0131r\u0131q ki, biziml\u0259 ba\u011fl\u0131 n\u0259s\u0259 i\u015f g\u00f6r\u0259c\u0259k, k\u00f6m\u0259k ed\u0259c\u0259kl\u0259r\u201d.\n<\/p>\n<p>\n  Meydan TV m\u0259s\u0259l\u0259y\u0259 m\u00fcnasib\u0259t \u00f6yr\u0259nm\u0259k \u00fc\u00e7\u00fcn Ucar Rayon M\u0259\u015f\u011fulluq M\u0259rk\u0259zi il\u0259 \u0259laq\u0259 saxlay\u0131b. M\u0259rk\u0259zin \u0259m\u0259kda\u015f\u0131 N\u0259c\u0259f M\u0259mm\u0259dov bildirib ki, ail\u0259 \u00fczvl\u0259ri, i\u015f\u0259 ehtiyac\u0131 olan \u015f\u0259xsl\u0259r 1-ci g\u00fcn m\u0259rk\u0259z\u0259 g\u0259lsinl\u0259r. Onlara i\u015fl\u0259r t\u0259klif ed\u0259c\u0259kl\u0259r:\n<\/p>\n<p>\n  \u201cBizd\u0259 b\u0259zi i\u015fl\u0259r var. M\u0259s\u0259l\u0259n, Ucar F\u0259r\u0259yeti\u015fdirm\u0259 M\u0259rk\u0259zi a\u00e7\u0131l\u0131b. Orada i\u015f\u00e7il\u0259r\u0259 ehtiyac var. Biz onlara orada i\u015f t\u0259klif ed\u0259 bil\u0259rik. \u0130st\u0259s\u0259l\u0259r, q\u0259bul edib, i\u015f\u0259 ba\u015flayarlar. B\u0259z\u0259n olur ki, adamlar g\u0259lirl\u0259r, i\u015f t\u0259klif edirik, b\u0259y\u0259nmirl\u0259r. \u00dcmid edir\u0259m, bel\u0259 hal olmaz. \u0130\u015fi b\u0259y\u0259n\u0259r, i\u015fl\u0259y\u0259rl\u0259r\u201d.\n<\/p>\n<p>\n  Az\u0259rbaycan Respublikas\u0131 D\u00f6vl\u0259t Sosial M\u00fcdafi\u0259 Fondunun Ucar rayon \u015f\u00f6b\u0259sinin r\u0259hb\u0259ri F\u0259rhad G\u00fcl\u00fc\u015fov is\u0259 bildirdi ki, \u0259g\u0259r ail\u0259y\u0259 \u201csiz\u0259 yard\u0131m d\u00fc\u015fm\u00fcr\u201d, &#8211; deyilibs\u0259, g\u00f6r\u00fcn\u00fcr, sistemd\u0259n imtina g\u0259lib. Bunu he\u00e7 kim \u00f6zba\u015f\u0131na dey\u0259 bilm\u0259z:\n<\/p>\n<p>\n  \u201cAd\u0259t\u0259n ail\u0259 t\u0259rkibind\u0259 olan \u0259m\u0259k qabiliyy\u0259tli \u015f\u0259xsl\u0259rin m\u0259\u015f\u011fullu\u011funa bax\u0131l\u0131r. Deyir, u\u015faqlar\u0131 var, i\u015f tapm\u0131r. U\u015faqlar\u0131n ya\u015f\u0131 v\u0259 say\u0131 da \u0259sas rol oynay\u0131r. U\u015faqlardan hans\u0131sa birinin \u0259lilliyi v\u0259 s. varsa, bu da n\u0259z\u0259r\u0259 al\u0131n\u0131r. Ail\u0259y\u0259 deyin, bizim yan\u0131m\u0131za g\u0259lsinl\u0259r, biz onlara \u0259limizd\u0259n g\u0259l\u0259n k\u00f6m\u0259yi g\u00f6st\u0259r\u0259rik. H\u0259qiq\u0259t\u0259n ail\u0259y\u0259 sosial yard\u0131m d\u00fc\u015f\u00fcrs\u0259, m\u00fctl\u0259q alacaqlar. G\u0259lsinl\u0259r, s\u0259n\u0259dl\u0259\u015fdir\u0259k, protokolla\u015fd\u0131raq. \u018flimizd\u0259n n\u0259 g\u0259lir ed\u0259k\u201d.<\/p>\n","protected":false},"excerpt":{"rendered":"<p>3 ildir h\u0259r il gedir\u0259m ba\u015f\u00e7\u0131n\u0131n q\u0259buluna ki, m\u0259n\u0259 i\u015f verin, i\u015fl\u0259yim<\/p>\n","protected":false},"author":11,"featured_media":130390,"comment_status":"closed","ping_status":"open","sticky":false,"template":"","format":"standard","meta":{"_acf_changed":false,"_sitemap_exclude":false,"_sitemap_priority":"","_sitemap_frequency":"","footnotes":""},"categories":[60],"tags":[],"class_list":["post-197190","post","type-post","status-publish","format-standard","has-post-thumbnail","hentry","category-bolge","infinite-scroll-item","generate-columns","tablet-grid-50","mobile-grid-100","grid-parent","grid-33","no-featured-image-padding"],"acf":[],"yoast_head":"<!-- This site is optimized with the Yoast SEO plugin v27.4 - https:\/\/yoast.com\/product\/yoast-seo-wordpress\/ -->\n<title>Ucar sakini: \u00c7\u00f6r\u0259k n\u0259dir ki, m\u0259nim u\u015faqlar\u0131m ondan \u00f6tr\u00fc a\u011flay\u0131rlar?! - MEYDAN.TV<\/title>\n<meta name=\"robots\" content=\"index, follow, max-snippet:-1, max-image-preview:large, max-video-preview:-1\" \/>\n<link rel=\"canonical\" href=\"https:\/\/www.meydan.tv\/az\/article\/ucar-sakini-corek-nedir-ki-menim-usaqlarim-ondan-otru-aglayirlar\/\" \/>\n<meta property=\"og:locale\" content=\"az_AZ\" \/>\n<meta property=\"og:type\" content=\"article\" \/>\n<meta property=\"og:title\" content=\"Ucar sakini: \u00c7\u00f6r\u0259k n\u0259dir ki, m\u0259nim u\u015faqlar\u0131m ondan \u00f6tr\u00fc a\u011flay\u0131rlar?! - MEYDAN.TV\" \/>\n<meta property=\"og:description\" content=\"3 ildir h\u0259r il gedir\u0259m ba\u015f\u00e7\u0131n\u0131n q\u0259buluna ki, m\u0259n\u0259 i\u015f verin, i\u015fl\u0259yim\" \/>\n<meta property=\"og:url\" content=\"https:\/\/www.meydan.tv\/az\/article\/ucar-sakini-corek-nedir-ki-menim-usaqlarim-ondan-otru-aglayirlar\/\" \/>\n<meta property=\"og:site_name\" content=\"MEYDAN.TV\" \/>\n<meta property=\"article:published_time\" content=\"2019-09-29T12:57:42+00:00\" \/>\n<meta property=\"og:image\" content=\"https:\/\/www.meydan.tv\/wp-content\/uploads\/image_from_ios_6_bdia8wq-scaled.jpg\" \/>\n\t<meta property=\"og:image:width\" content=\"2560\" \/>\n\t<meta property=\"og:image:height\" content=\"1920\" \/>\n\t<meta property=\"og:image:type\" content=\"image\/jpeg\" \/>\n<meta name=\"author\" content=\"user-manager\" \/>\n<meta name=\"twitter:card\" content=\"summary_large_image\" \/>\n<script type=\"application\/ld+json\" class=\"yoast-schema-graph\">{\"@context\":\"https:\\\/\\\/schema.org\",\"@graph\":[{\"@type\":\"Article\",\"@id\":\"https:\\\/\\\/www.meydan.tv\\\/az\\\/article\\\/ucar-sakini-corek-nedir-ki-menim-usaqlarim-ondan-otru-aglayirlar\\\/#article\",\"isPartOf\":{\"@id\":\"https:\\\/\\\/www.meydan.tv\\\/az\\\/article\\\/ucar-sakini-corek-nedir-ki-menim-usaqlarim-ondan-otru-aglayirlar\\\/\"},\"author\":{\"name\":\"user-manager\",\"@id\":\"https:\\\/\\\/www.meydan.tv\\\/az\\\/#\\\/schema\\\/person\\\/10d11eccf6da3662cf5fdab9806ea91a\"},\"headline\":\"Ucar sakini: \u00c7\u00f6r\u0259k n\u0259dir ki, m\u0259nim u\u015faqlar\u0131m ondan \u00f6tr\u00fc a\u011flay\u0131rlar?!\",\"datePublished\":\"2019-09-29T12:57:42+00:00\",\"mainEntityOfPage\":{\"@id\":\"https:\\\/\\\/www.meydan.tv\\\/az\\\/article\\\/ucar-sakini-corek-nedir-ki-menim-usaqlarim-ondan-otru-aglayirlar\\\/\"},\"wordCount\":1372,\"publisher\":{\"@id\":\"https:\\\/\\\/www.meydan.tv\\\/az\\\/#organization\"},\"image\":{\"@id\":\"https:\\\/\\\/www.meydan.tv\\\/az\\\/article\\\/ucar-sakini-corek-nedir-ki-menim-usaqlarim-ondan-otru-aglayirlar\\\/#primaryimage\"},\"thumbnailUrl\":\"https:\\\/\\\/www.meydan.tv\\\/wp-content\\\/uploads\\\/image_from_ios_6_bdia8wq-scaled.jpg\",\"articleSection\":[\"B\u00f6lg\u0259\"],\"inLanguage\":\"az\"},{\"@type\":\"WebPage\",\"@id\":\"https:\\\/\\\/www.meydan.tv\\\/az\\\/article\\\/ucar-sakini-corek-nedir-ki-menim-usaqlarim-ondan-otru-aglayirlar\\\/\",\"url\":\"https:\\\/\\\/www.meydan.tv\\\/az\\\/article\\\/ucar-sakini-corek-nedir-ki-menim-usaqlarim-ondan-otru-aglayirlar\\\/\",\"name\":\"Ucar sakini: \u00c7\u00f6r\u0259k n\u0259dir ki, m\u0259nim u\u015faqlar\u0131m ondan \u00f6tr\u00fc a\u011flay\u0131rlar?! - MEYDAN.TV\",\"isPartOf\":{\"@id\":\"https:\\\/\\\/www.meydan.tv\\\/az\\\/#website\"},\"primaryImageOfPage\":{\"@id\":\"https:\\\/\\\/www.meydan.tv\\\/az\\\/article\\\/ucar-sakini-corek-nedir-ki-menim-usaqlarim-ondan-otru-aglayirlar\\\/#primaryimage\"},\"image\":{\"@id\":\"https:\\\/\\\/www.meydan.tv\\\/az\\\/article\\\/ucar-sakini-corek-nedir-ki-menim-usaqlarim-ondan-otru-aglayirlar\\\/#primaryimage\"},\"thumbnailUrl\":\"https:\\\/\\\/www.meydan.tv\\\/wp-content\\\/uploads\\\/image_from_ios_6_bdia8wq-scaled.jpg\",\"datePublished\":\"2019-09-29T12:57:42+00:00\",\"breadcrumb\":{\"@id\":\"https:\\\/\\\/www.meydan.tv\\\/az\\\/article\\\/ucar-sakini-corek-nedir-ki-menim-usaqlarim-ondan-otru-aglayirlar\\\/#breadcrumb\"},\"inLanguage\":\"az\",\"potentialAction\":[{\"@type\":\"ReadAction\",\"target\":[\"https:\\\/\\\/www.meydan.tv\\\/az\\\/article\\\/ucar-sakini-corek-nedir-ki-menim-usaqlarim-ondan-otru-aglayirlar\\\/\"]}]},{\"@type\":\"ImageObject\",\"inLanguage\":\"az\",\"@id\":\"https:\\\/\\\/www.meydan.tv\\\/az\\\/article\\\/ucar-sakini-corek-nedir-ki-menim-usaqlarim-ondan-otru-aglayirlar\\\/#primaryimage\",\"url\":\"https:\\\/\\\/www.meydan.tv\\\/wp-content\\\/uploads\\\/image_from_ios_6_bdia8wq-scaled.jpg\",\"contentUrl\":\"https:\\\/\\\/www.meydan.tv\\\/wp-content\\\/uploads\\\/image_from_ios_6_bdia8wq-scaled.jpg\",\"width\":2560,\"height\":1920,\"caption\":\"Source: Specify Source\"},{\"@type\":\"BreadcrumbList\",\"@id\":\"https:\\\/\\\/www.meydan.tv\\\/az\\\/article\\\/ucar-sakini-corek-nedir-ki-menim-usaqlarim-ondan-otru-aglayirlar\\\/#breadcrumb\",\"itemListElement\":[{\"@type\":\"ListItem\",\"position\":1,\"name\":\"Ana s\u0259hif\u0259\",\"item\":\"https:\\\/\\\/www.meydan.tv\\\/az\\\/\"},{\"@type\":\"ListItem\",\"position\":2,\"name\":\"B\u00f6lg\u0259\",\"item\":\"https:\\\/\\\/www.meydan.tv\\\/az\\\/section\\\/bolge\\\/\"},{\"@type\":\"ListItem\",\"position\":3,\"name\":\"Ucar sakini: \u00c7\u00f6r\u0259k n\u0259dir ki, m\u0259nim u\u015faqlar\u0131m ondan \u00f6tr\u00fc a\u011flay\u0131rlar?!\"}]},{\"@type\":\"WebSite\",\"@id\":\"https:\\\/\\\/www.meydan.tv\\\/az\\\/#website\",\"url\":\"https:\\\/\\\/www.meydan.tv\\\/az\\\/\",\"name\":\"MEYDAN.TV\",\"description\":\"Meydan TV Az\u0259rbaycan\u0131n media m\u0259kan\u0131ndak\u0131 alternativ s\u0259sidir\",\"publisher\":{\"@id\":\"https:\\\/\\\/www.meydan.tv\\\/az\\\/#organization\"},\"potentialAction\":[{\"@type\":\"SearchAction\",\"target\":{\"@type\":\"EntryPoint\",\"urlTemplate\":\"https:\\\/\\\/www.meydan.tv\\\/az\\\/?s={search_term_string}\"},\"query-input\":{\"@type\":\"PropertyValueSpecification\",\"valueRequired\":true,\"valueName\":\"search_term_string\"}}],\"inLanguage\":\"az\"},{\"@type\":\"Organization\",\"@id\":\"https:\\\/\\\/www.meydan.tv\\\/az\\\/#organization\",\"name\":\"Meydan TV\",\"url\":\"https:\\\/\\\/www.meydan.tv\\\/az\\\/\",\"logo\":{\"@type\":\"ImageObject\",\"inLanguage\":\"az\",\"@id\":\"https:\\\/\\\/www.meydan.tv\\\/az\\\/#\\\/schema\\\/logo\\\/image\\\/\",\"url\":\"https:\\\/\\\/www.meydan.tv\\\/wp-content\\\/uploads\\\/2021\\\/07\\\/meydan-logo.svg\",\"contentUrl\":\"https:\\\/\\\/www.meydan.tv\\\/wp-content\\\/uploads\\\/2021\\\/07\\\/meydan-logo.svg\",\"width\":195,\"height\":46,\"caption\":\"Meydan TV\"},\"image\":{\"@id\":\"https:\\\/\\\/www.meydan.tv\\\/az\\\/#\\\/schema\\\/logo\\\/image\\\/\"}},{\"@type\":\"Person\",\"@id\":\"https:\\\/\\\/www.meydan.tv\\\/az\\\/#\\\/schema\\\/person\\\/10d11eccf6da3662cf5fdab9806ea91a\",\"name\":\"user-manager\"}]}<\/script>\n<!-- \/ Yoast SEO plugin. -->","yoast_head_json":{"title":"Ucar sakini: \u00c7\u00f6r\u0259k n\u0259dir ki, m\u0259nim u\u015faqlar\u0131m ondan \u00f6tr\u00fc a\u011flay\u0131rlar?! - MEYDAN.TV","robots":{"index":"index","follow":"follow","max-snippet":"max-snippet:-1","max-image-preview":"max-image-preview:large","max-video-preview":"max-video-preview:-1"},"canonical":"https:\/\/www.meydan.tv\/az\/article\/ucar-sakini-corek-nedir-ki-menim-usaqlarim-ondan-otru-aglayirlar\/","og_locale":"az_AZ","og_type":"article","og_title":"Ucar sakini: \u00c7\u00f6r\u0259k n\u0259dir ki, m\u0259nim u\u015faqlar\u0131m ondan \u00f6tr\u00fc a\u011flay\u0131rlar?! - MEYDAN.TV","og_description":"3 ildir h\u0259r il gedir\u0259m ba\u015f\u00e7\u0131n\u0131n q\u0259buluna ki, m\u0259n\u0259 i\u015f verin, i\u015fl\u0259yim","og_url":"https:\/\/www.meydan.tv\/az\/article\/ucar-sakini-corek-nedir-ki-menim-usaqlarim-ondan-otru-aglayirlar\/","og_site_name":"MEYDAN.TV","article_published_time":"2019-09-29T12:57:42+00:00","og_image":[{"width":2560,"height":1920,"url":"https:\/\/www.meydan.tv\/wp-content\/uploads\/image_from_ios_6_bdia8wq-scaled.jpg","type":"image\/jpeg"}],"author":"user-manager","twitter_card":"summary_large_image","schema":{"@context":"https:\/\/schema.org","@graph":[{"@type":"Article","@id":"https:\/\/www.meydan.tv\/az\/article\/ucar-sakini-corek-nedir-ki-menim-usaqlarim-ondan-otru-aglayirlar\/#article","isPartOf":{"@id":"https:\/\/www.meydan.tv\/az\/article\/ucar-sakini-corek-nedir-ki-menim-usaqlarim-ondan-otru-aglayirlar\/"},"author":{"name":"user-manager","@id":"https:\/\/www.meydan.tv\/az\/#\/schema\/person\/10d11eccf6da3662cf5fdab9806ea91a"},"headline":"Ucar sakini: \u00c7\u00f6r\u0259k n\u0259dir ki, m\u0259nim u\u015faqlar\u0131m ondan \u00f6tr\u00fc a\u011flay\u0131rlar?!","datePublished":"2019-09-29T12:57:42+00:00","mainEntityOfPage":{"@id":"https:\/\/www.meydan.tv\/az\/article\/ucar-sakini-corek-nedir-ki-menim-usaqlarim-ondan-otru-aglayirlar\/"},"wordCount":1372,"publisher":{"@id":"https:\/\/www.meydan.tv\/az\/#organization"},"image":{"@id":"https:\/\/www.meydan.tv\/az\/article\/ucar-sakini-corek-nedir-ki-menim-usaqlarim-ondan-otru-aglayirlar\/#primaryimage"},"thumbnailUrl":"https:\/\/www.meydan.tv\/wp-content\/uploads\/image_from_ios_6_bdia8wq-scaled.jpg","articleSection":["B\u00f6lg\u0259"],"inLanguage":"az"},{"@type":"WebPage","@id":"https:\/\/www.meydan.tv\/az\/article\/ucar-sakini-corek-nedir-ki-menim-usaqlarim-ondan-otru-aglayirlar\/","url":"https:\/\/www.meydan.tv\/az\/article\/ucar-sakini-corek-nedir-ki-menim-usaqlarim-ondan-otru-aglayirlar\/","name":"Ucar sakini: \u00c7\u00f6r\u0259k n\u0259dir ki, m\u0259nim u\u015faqlar\u0131m ondan \u00f6tr\u00fc a\u011flay\u0131rlar?! - MEYDAN.TV","isPartOf":{"@id":"https:\/\/www.meydan.tv\/az\/#website"},"primaryImageOfPage":{"@id":"https:\/\/www.meydan.tv\/az\/article\/ucar-sakini-corek-nedir-ki-menim-usaqlarim-ondan-otru-aglayirlar\/#primaryimage"},"image":{"@id":"https:\/\/www.meydan.tv\/az\/article\/ucar-sakini-corek-nedir-ki-menim-usaqlarim-ondan-otru-aglayirlar\/#primaryimage"},"thumbnailUrl":"https:\/\/www.meydan.tv\/wp-content\/uploads\/image_from_ios_6_bdia8wq-scaled.jpg","datePublished":"2019-09-29T12:57:42+00:00","breadcrumb":{"@id":"https:\/\/www.meydan.tv\/az\/article\/ucar-sakini-corek-nedir-ki-menim-usaqlarim-ondan-otru-aglayirlar\/#breadcrumb"},"inLanguage":"az","potentialAction":[{"@type":"ReadAction","target":["https:\/\/www.meydan.tv\/az\/article\/ucar-sakini-corek-nedir-ki-menim-usaqlarim-ondan-otru-aglayirlar\/"]}]},{"@type":"ImageObject","inLanguage":"az","@id":"https:\/\/www.meydan.tv\/az\/article\/ucar-sakini-corek-nedir-ki-menim-usaqlarim-ondan-otru-aglayirlar\/#primaryimage","url":"https:\/\/www.meydan.tv\/wp-content\/uploads\/image_from_ios_6_bdia8wq-scaled.jpg","contentUrl":"https:\/\/www.meydan.tv\/wp-content\/uploads\/image_from_ios_6_bdia8wq-scaled.jpg","width":2560,"height":1920,"caption":"Source: Specify Source"},{"@type":"BreadcrumbList","@id":"https:\/\/www.meydan.tv\/az\/article\/ucar-sakini-corek-nedir-ki-menim-usaqlarim-ondan-otru-aglayirlar\/#breadcrumb","itemListElement":[{"@type":"ListItem","position":1,"name":"Ana s\u0259hif\u0259","item":"https:\/\/www.meydan.tv\/az\/"},{"@type":"ListItem","position":2,"name":"B\u00f6lg\u0259","item":"https:\/\/www.meydan.tv\/az\/section\/bolge\/"},{"@type":"ListItem","position":3,"name":"Ucar sakini: \u00c7\u00f6r\u0259k n\u0259dir ki, m\u0259nim u\u015faqlar\u0131m ondan \u00f6tr\u00fc a\u011flay\u0131rlar?!"}]},{"@type":"WebSite","@id":"https:\/\/www.meydan.tv\/az\/#website","url":"https:\/\/www.meydan.tv\/az\/","name":"MEYDAN.TV","description":"Meydan TV Az\u0259rbaycan\u0131n media m\u0259kan\u0131ndak\u0131 alternativ s\u0259sidir","publisher":{"@id":"https:\/\/www.meydan.tv\/az\/#organization"},"potentialAction":[{"@type":"SearchAction","target":{"@type":"EntryPoint","urlTemplate":"https:\/\/www.meydan.tv\/az\/?s={search_term_string}"},"query-input":{"@type":"PropertyValueSpecification","valueRequired":true,"valueName":"search_term_string"}}],"inLanguage":"az"},{"@type":"Organization","@id":"https:\/\/www.meydan.tv\/az\/#organization","name":"Meydan TV","url":"https:\/\/www.meydan.tv\/az\/","logo":{"@type":"ImageObject","inLanguage":"az","@id":"https:\/\/www.meydan.tv\/az\/#\/schema\/logo\/image\/","url":"https:\/\/www.meydan.tv\/wp-content\/uploads\/2021\/07\/meydan-logo.svg","contentUrl":"https:\/\/www.meydan.tv\/wp-content\/uploads\/2021\/07\/meydan-logo.svg","width":195,"height":46,"caption":"Meydan TV"},"image":{"@id":"https:\/\/www.meydan.tv\/az\/#\/schema\/logo\/image\/"}},{"@type":"Person","@id":"https:\/\/www.meydan.tv\/az\/#\/schema\/person\/10d11eccf6da3662cf5fdab9806ea91a","name":"user-manager"}]}},"_links":{"self":[{"href":"https:\/\/www.meydan.tv\/az\/wp-json\/wp\/v2\/posts\/197190","targetHints":{"allow":["GET"]}}],"collection":[{"href":"https:\/\/www.meydan.tv\/az\/wp-json\/wp\/v2\/posts"}],"about":[{"href":"https:\/\/www.meydan.tv\/az\/wp-json\/wp\/v2\/types\/post"}],"author":[{"embeddable":true,"href":"https:\/\/www.meydan.tv\/az\/wp-json\/wp\/v2\/users\/11"}],"replies":[{"embeddable":true,"href":"https:\/\/www.meydan.tv\/az\/wp-json\/wp\/v2\/comments?post=197190"}],"version-history":[{"count":0,"href":"https:\/\/www.meydan.tv\/az\/wp-json\/wp\/v2\/posts\/197190\/revisions"}],"wp:featuredmedia":[{"embeddable":true,"href":"https:\/\/www.meydan.tv\/az\/wp-json\/wp\/v2\/media\/130390"}],"wp:attachment":[{"href":"https:\/\/www.meydan.tv\/az\/wp-json\/wp\/v2\/media?parent=197190"}],"wp:term":[{"taxonomy":"category","embeddable":true,"href":"https:\/\/www.meydan.tv\/az\/wp-json\/wp\/v2\/categories?post=197190"},{"taxonomy":"post_tag","embeddable":true,"href":"https:\/\/www.meydan.tv\/az\/wp-json\/wp\/v2\/tags?post=197190"}],"curies":[{"name":"wp","href":"https:\/\/api.w.org\/{rel}","templated":true}]}}