{"id":197189,"date":"2019-09-29T12:49:42","date_gmt":"2019-09-29T12:49:42","guid":{"rendered":"https:\/\/www.meydan.tv\/article\/gozleri-tutulan-ucar-sakini-uc-ildir-qizlarimi-gormurem\/"},"modified":"2019-09-29T12:49:42","modified_gmt":"2019-09-29T12:49:42","slug":"gozleri-tutulan-ucar-sakini-uc-ildir-qizlarimi-gormurem","status":"publish","type":"post","link":"https:\/\/www.meydan.tv\/az\/article\/gozleri-tutulan-ucar-sakini-uc-ildir-qizlarimi-gormurem\/","title":{"rendered":"G\u00f6zl\u0259ri tutulan Ucar sakini: \u00dc\u00e7 ildir q\u0131zlar\u0131m\u0131 g\u00f6rm\u00fcr\u0259m"},"content":{"rendered":"<p>\n  <i><br \/>\n    Ucar\u0131n B\u0259rg\u00fc\u015fad k\u0259nd sakini Aqil Bax\u0131\u015fov h\u0259m \u015f\u0259k\u0259r, h\u0259m d\u0259 dializ x\u0259st\u0259liyindn \u0259ziyy\u0259t \u00e7\u0259kir<br \/>\n  <\/i>\n<\/p>\n<p>\n  <b><br \/>\n    \u201cB\u0259d\u0259nim\u0259 29 litr su y\u0131\u011f\u0131lm\u0131\u015fd\u0131\u201d<br \/>\n  <\/b>\n<\/p>\n<p>\n  Yata\u011f\u0131nda \u00e7\u0259tinlikl\u0259 \u0259yl\u0259\u015f\u0259n Aqil \u0259lini uzad\u0131b g\u00f6r\u00fc\u015f\u00fcr, amma ev\u0259 kimin g\u0259ldiyini g\u00f6rm\u00fcr. Sakit dan\u0131\u015f\u0131r, h\u0259r\u00e7\u0259nd, \u00e7ox \u0259ziyy\u0259t \u00e7\u0259kdiyi hiss olunur. Deyir ki, 2009-cu ild\u0259 Rusiyadan v\u0259t\u0259n\u0259 qay\u0131dandan sonra qara g\u00fcnl\u0259ri ba\u015flay\u0131b. \u018fvv\u0259lc\u0259 \u015f\u0259k\u0259r\u0259 tutulub, sonra dializ\u0259. D\u00f6rd il \u0259vv\u0259l g\u00f6z\u00fcn\u00fcn nurunu itirm\u0259y\u0259 ba\u015flay\u0131b. Bir il \u0259rzind\u0259 d\u00fcnya onun \u00fc\u00e7\u00fcn tam qaranl\u0131\u011fa b\u00fcr\u00fcn\u00fcb.\n<\/p>\n<p>\n  \u201cAtam r\u0259hm\u0259t\u0259 getdi. Evin t\u0259k u\u015fa\u011f\u0131yam. Ev\u0259 he\u00e7 pul g\u0259lm\u0259di, m\u00fcalic\u0259 oluna bilm\u0259dim. D\u0259rd d\u0259rd \u00fcst\u00fcn\u0259 g\u0259ldi. B\u00f6yr\u0259kl\u0259rimin he\u00e7 biri i\u015fl\u0259mir. Aparatla ya\u015fay\u0131ram. Dializ\u0259 g\u00f6r\u0259 g\u00fcna\u015f\u0131r\u0131 K\u00fcrd\u0259mir\u0259 gedir\u0259m. Ged\u0259nd\u0259 d\u0259, g\u0259l\u0259nd\u0259 d\u0259 \u00fc\u00e7 taksi d\u0259yi\u015fir\u0259m. H\u0259r d\u0259f\u0259 yola 15-20 manat\u0131m \u00e7\u0131x\u0131r. H\u0259l\u0259 d\u0259rmanlar\u0131 saym\u0131ram. Yolpuluna qohum-\u0259qr\u0259ba k\u00f6m\u0259k el\u0259yir, yoxsa he\u00e7 ged\u0259 bilm\u0259r\u0259m. Aparat tutulur. \u0130\u015fl\u0259mir, t\u0259z\u0259si d\u0259 \u00e7ox bahad\u0131. Bunun \u00fc\u00e7\u00fcn tez-tez \u015eirvana gedir\u0259m. Bu ay \u00fc\u00e7 d\u0259f\u0259 getmi\u015f\u0259m. Ora h\u0259r s\u0259f\u0259rd\u0259 az\u0131 150 manat x\u0259rcim \u00e7\u0131x\u0131r. Getm\u0259s\u0259m d\u0259 olmur. Yoxsa b\u0259d\u0259nim\u0259 su y\u0131\u011f\u0131l\u0131r. Bir d\u0259f\u0259 29 litr su y\u0131\u011f\u0131lm\u0131\u015fd\u0131\u201d, &#8211; Aqil dan\u0131\u015f\u0131b bir az susur.\n<\/p>\n<p>\n  Aqil birinci qrup \u0259lil kimi 150 manat pensiya al\u0131r, 100 manat da prezident t\u0259qa\u00fcd\u00fc. Anas\u0131 X\u0259z\u0259ng\u00fcl Bax\u0131\u015fova b\u00fct\u00fcn pullar\u0131n yola, dava-d\u0259rmana getdiyini deyir: \u201cT\u0259kc\u0259 sistemin birini 24-25 manata al\u0131r\u0131q\u201d.\n<\/p>\n<p>\n  <b><br \/>\n    \u201cHe\u00e7 n\u0259d\u0259 g\u00f6z\u00fcm yoxdu, g\u00f6z\u00fcmd\u0259n ba\u015fqa&#8230;\u201d<br \/>\n  <\/b>\n<\/p>\n<p>\n  Aqil deyir ki, b\u00f6yr\u0259kl\u0259rinin, \u015f\u0259k\u0259r x\u0259st\u0259liyinin verdiyi \u0259ziyy\u0259tin d\u0259rdini \u00e7\u0259kmir. \u018fn b\u00f6y\u00fck arzusu g\u00f6zl\u0259rinin a\u00e7\u0131lmas\u0131d\u0131r. Yox, Aqil bir az f\u0259rqli dedi: \u201cHe\u00e7 n\u0259d\u0259 g\u00f6z\u00fcm yoxdu, g\u00f6z\u00fcmd\u0259n ba\u015fqa&#8230;\u201d\n<\/p>\n<p>\n  G\u00f6z\u00fcn\u00fc \u0259m\u0259liyyat etdirm\u0259k ist\u0259yib. B\u00f6y\u00fck qiym\u0259tl\u0259r deyibl\u0259r. G\u00fcrc\u00fcstanda tapd\u0131\u011f\u0131 h\u0259kim 8500 dollara \u0259m\u0259liyyata raz\u0131l\u0131q verib. Sonradan yolu \u0130rana d\u00fc\u015f\u00fcb, orada daha ucuz qiym\u0259t\u0259 raz\u0131la\u015f\u0131blar. \u00dcst\u0259lik, g\u00f6zl\u0259rinin a\u00e7\u0131lmas\u0131na z\u0259man\u0259t d\u0259 verirl\u0259r. Bu i\u015fd\u0259 yegan\u0259 \u0259ng\u0259l pulun olmamas\u0131d\u0131r.\n<\/p>\n<figure class=\"wp-block-image size-large\">\n  <img decoding=\"async\" src=\"https:\/\/www.meydan.tv\/az\/image_from_ios-4-jpg-66\/\" alt=\"image_from_ios (4).jpg\" class=\"wp-image-130381\"\/><figcaption>\n    X\u0259z\u0259ng\u00fcl Bax\u0131\u015fova<br \/>\n  <\/figcaption><\/figure>\n<p>\n  \u201cXo\u015fq\u0259d\u0259min verili\u015fin\u0259 \u00e7\u0131xm\u0131\u015fd\u0131m, ordak\u0131 h\u0259kiml\u0259rd\u0259n birinin q\u0259bulunda da oldum. Pul olmasa, m\u00fcmk\u00fcn deyil. H\u0259min h\u0259kiml\u0259r d\u0259 m\u00fc\u015ft\u0259ri y\u0131\u011fmaq \u00fc\u00e7\u00fcn ordad\u0131. Anam\u0131n pensiyas\u0131 il\u0259 h\u0259yatda qalma\u011fa \u00e7al\u0131\u015f\u0131r\u0131q. Anam da, h\u0259yat yolda\u015f\u0131m da x\u0259st\u0259di. Sad\u0259c\u0259, m\u0259n\u0259 g\u00f6r\u0259 \u00e7ox s\u0259sl\u0259rini \u00e7\u0131xarm\u0131rlar. \u0130ki q\u0131z\u0131m m\u0259kt\u0259b\u0259 gedir. \u00dc\u00e7 ildi q\u0131zlar\u0131m\u0131 g\u00f6rm\u00fcr\u0259m, nec\u0259 g\u00f6r\u00fcnd\u00fckl\u0259rini t\u0259s\u0259vv\u00fcr el\u0259m\u0259y\u0259 \u00e7al\u0131\u015f\u0131ram. He\u00e7 olmasa, g\u00f6z\u00fcm\u00fcn biri a\u00e7\u0131lsayd\u0131&#8230; \u00d6z\u00fcm\u00fc idar\u0259 el\u0259y\u0259rdim h\u0259m d\u0259. Qolumdan tutmasalar, he\u00e7 g\u0259z\u0259 bilmir\u0259m. Adic\u0259 h\u0259y\u0259t\u0259 d\u0259 d\u00fc\u015fm\u00fcr\u0259m\u201d, &#8211; bunlar\u0131 dey\u0259n Aqil bir az da susur&#8230;\n<\/p>\n<p>\n  <i><br \/>\n    \u201cHeyd\u0259r \u018fliyev Fonduna m\u00fcraci\u0259t el\u0259mi\u015fik, cavab g\u0259lm\u0259yib\u201d<br \/>\n  <\/i>\n<\/p>\n<p>\n  X\u0259z\u0259ng\u00fcl Bax\u0131\u015fova nec\u0259 \u00e7\u0259tin \u015f\u0259rtl\u0259r alt\u0131nda ya\u015fad\u0131qlar\u0131ndan dan\u0131\u015f\u0131r. Deyir ki, bir adam\u0131n pensiyas\u0131 il\u0259 ail\u0259 dolanmaz. Aqilin h\u0259yat yolda\u015f\u0131 i\u015fl\u0259mir. Onsuz da k\u0259ndd\u0259 d\u0259 i\u015fsizlikdir: \u201cHeyd\u0259r \u018fliyev Fonduna m\u00fcraci\u0259t el\u0259mi\u015fik, cavab g\u0259lm\u0259yib. \u00dcmumiyy\u0259tl\u0259, d\u00f6vl\u0259t qurumlar\u0131ndan he\u00e7 kim maraqlanm\u0131r. N\u0259 el\u0259yirs\u0259, yax\u0131nlar, qohum-\u0259qr\u0259ba el\u0259yir\u201d.\n<\/p>\n<p>\n  N\u0259 Aqilgilin i\u00e7m\u0259li suyu var, n\u0259 d\u0259 k\u0259nd camaat\u0131n\u0131n. Sonradan bizi k\u0259ndin d\u0259rinliyind\u0259n \u0259sas yola k\u00f6hn\u0259 \u201cJiquli\u201dsind\u0259 \u00e7\u0131xarma\u011fa raz\u0131la\u015fan Xanki\u015fi S\u0259bz\u0259liyev dan\u0131\u015facaqd\u0131 ki, \u00fcmumiyy\u0259tl\u0259, B\u0259rg\u00fc\u015fadda arx suyu i\u00e7irl\u0259r.\n<\/p>\n<p>\n  \u201c\u0130ki-\u00fc\u00e7 d\u0259f\u0259 su idar\u0259sin\u0259 getmi\u015fik. Yerli icra n\u00fcmay\u0259nd\u0259sin\u0259 d\u0259 demi\u015fik. Arx suyunu duruldub i\u00e7irik. \u0130ndi o da yoxdu. Arx\u0131n qaz\u0131lmas\u0131na k\u00f6m\u0259k el\u0259mirl\u0259r. Camaat\u0131n \u00f6z g\u00fcc\u00fc \u00e7atm\u0131r. Kas\u0131bl\u0131qd\u0131, adamlar he\u00e7 bir yerd\u0259 i\u015fl\u0259mir. Onsuz da keyfiyy\u0259tsiz sudu. He\u00e7 olmasa, bunu versinl\u0259r. Ne\u00e7\u0259 ilin a\u011faclar\u0131 quruyub gedir. He\u00e7 s\u00f6z d\u0259 vermirl\u0259r ki, el\u0259y\u0259c\u0259yik\u201d, &#8211; Xanki\u015fi deyir.\n<\/p>\n<figure class=\"wp-block-image size-large\">\n  <img decoding=\"async\" src=\"https:\/\/www.meydan.tv\/az\/image_from_ios-5-jpg-49\/\" alt=\"image_from_ios (5).jpg\" class=\"wp-image-130387\"\/><figcaption>\n    Xanki\u015fi S\u0259bz\u0259liyev<br \/>\n  <\/figcaption><\/figure>\n<p>\n  Xanki\u015fi Aqil\u0259 \u00e7ox \u00fcr\u0259yi yand\u0131\u011f\u0131n\u0131 bildirir. Deyir, mal-qara saxlamaqla birt\u0259h\u0259r dolanma\u011fa \u00e7al\u0131\u015f\u0131rlar, d\u00f6vl\u0259t qurumlar\u0131, he\u00e7 olmasa, bel\u0259 x\u0259st\u0259l\u0259r\u0259 k\u00f6m\u0259k etsin: \u201cBir d\u0259f\u0259 adamlar yolu k\u0259sm\u0259k ist\u0259yirdi. Tez icra hakimiyy\u0259tind\u0259n g\u0259lib camaat\u0131 geri qaytard\u0131lar. Dedil\u0259r, bizi \u00e7\u0259kib internet\u0259 qoyacaqlar, el\u0259m\u0259yin\u201d.\n<\/p>\n<p>\n  <b><br \/>\n    Ma\u015f\u0131ndan d\u00fc\u015f\u0259nd\u0259 Xanki\u015fiy\u0259 s\u00f6z veririk ki, n\u0259 dan\u015f\u0131bsa, ham\u0131s\u0131n\u0131 yazaca\u011f\u0131q&#8230;<br \/>\n  <\/b>\n<\/p>\n<p>\n  Aqil Bax\u0131\u015fovun \u00fcmidi indi ancaq xeyirxah insanlara qal\u0131b. Buna g\u00f6r\u0259 bankda ad\u0131na hesab da a\u00e7\u0131l\u0131b.\n<\/p>\n<p>\n  \u201cBeyn\u0259lxalq Bank\u201d, hesab n\u00f6mr\u0259si: 5490263362664914<\/p>\n","protected":false},"excerpt":{"rendered":"<p>Deyir, mal-qara saxlamaqla birt\u0259h\u0259r dolanma\u011fa \u00e7al\u0131\u015f\u0131rlar, d\u00f6vl\u0259t qurumlar\u0131, he\u00e7 olmasa, bel\u0259 x\u0259st\u0259l\u0259r\u0259 k\u00f6m\u0259k etsin<\/p>\n","protected":false},"author":11,"featured_media":130384,"comment_status":"closed","ping_status":"open","sticky":false,"template":"","format":"standard","meta":{"_acf_changed":false,"_sitemap_exclude":false,"_sitemap_priority":"","_sitemap_frequency":"","footnotes":""},"categories":[60],"tags":[],"class_list":["post-197189","post","type-post","status-publish","format-standard","has-post-thumbnail","hentry","category-bolge","infinite-scroll-item","generate-columns","tablet-grid-50","mobile-grid-100","grid-parent","grid-33","no-featured-image-padding"],"acf":[],"yoast_head":"<!-- This site is optimized with the Yoast SEO plugin v27.5 - https:\/\/yoast.com\/product\/yoast-seo-wordpress\/ -->\n<title>G\u00f6zl\u0259ri tutulan Ucar sakini: \u00dc\u00e7 ildir q\u0131zlar\u0131m\u0131 g\u00f6rm\u00fcr\u0259m - MEYDAN.TV<\/title>\n<meta name=\"robots\" content=\"index, follow, max-snippet:-1, max-image-preview:large, max-video-preview:-1\" \/>\n<link rel=\"canonical\" href=\"https:\/\/www.meydan.tv\/az\/article\/gozleri-tutulan-ucar-sakini-uc-ildir-qizlarimi-gormurem\/\" \/>\n<meta property=\"og:locale\" content=\"az_AZ\" \/>\n<meta property=\"og:type\" content=\"article\" \/>\n<meta property=\"og:title\" content=\"G\u00f6zl\u0259ri tutulan Ucar sakini: \u00dc\u00e7 ildir q\u0131zlar\u0131m\u0131 g\u00f6rm\u00fcr\u0259m - MEYDAN.TV\" \/>\n<meta property=\"og:description\" content=\"Deyir, mal-qara saxlamaqla birt\u0259h\u0259r dolanma\u011fa \u00e7al\u0131\u015f\u0131rlar, d\u00f6vl\u0259t qurumlar\u0131, he\u00e7 olmasa, bel\u0259 x\u0259st\u0259l\u0259r\u0259 k\u00f6m\u0259k etsin\" \/>\n<meta property=\"og:url\" content=\"https:\/\/www.meydan.tv\/az\/article\/gozleri-tutulan-ucar-sakini-uc-ildir-qizlarimi-gormurem\/\" \/>\n<meta property=\"og:site_name\" content=\"MEYDAN.TV\" \/>\n<meta property=\"article:published_time\" content=\"2019-09-29T12:49:42+00:00\" \/>\n<meta property=\"og:image\" content=\"https:\/\/www.meydan.tv\/wp-content\/uploads\/image_from_ios_nxn2yvd.jpg\" \/>\n\t<meta property=\"og:image:width\" content=\"1024\" \/>\n\t<meta property=\"og:image:height\" content=\"764\" \/>\n\t<meta property=\"og:image:type\" content=\"image\/jpeg\" \/>\n<meta name=\"author\" content=\"user-manager\" \/>\n<meta name=\"twitter:card\" content=\"summary_large_image\" \/>\n<script type=\"application\/ld+json\" class=\"yoast-schema-graph\">{\"@context\":\"https:\\\/\\\/schema.org\",\"@graph\":[{\"@type\":\"Article\",\"@id\":\"https:\\\/\\\/www.meydan.tv\\\/az\\\/article\\\/gozleri-tutulan-ucar-sakini-uc-ildir-qizlarimi-gormurem\\\/#article\",\"isPartOf\":{\"@id\":\"https:\\\/\\\/www.meydan.tv\\\/az\\\/article\\\/gozleri-tutulan-ucar-sakini-uc-ildir-qizlarimi-gormurem\\\/\"},\"author\":{\"name\":\"user-manager\",\"@id\":\"https:\\\/\\\/www.meydan.tv\\\/az\\\/#\\\/schema\\\/person\\\/10d11eccf6da3662cf5fdab9806ea91a\"},\"headline\":\"G\u00f6zl\u0259ri tutulan Ucar sakini: \u00dc\u00e7 ildir q\u0131zlar\u0131m\u0131 g\u00f6rm\u00fcr\u0259m\",\"datePublished\":\"2019-09-29T12:49:42+00:00\",\"mainEntityOfPage\":{\"@id\":\"https:\\\/\\\/www.meydan.tv\\\/az\\\/article\\\/gozleri-tutulan-ucar-sakini-uc-ildir-qizlarimi-gormurem\\\/\"},\"wordCount\":954,\"publisher\":{\"@id\":\"https:\\\/\\\/www.meydan.tv\\\/az\\\/#organization\"},\"image\":{\"@id\":\"https:\\\/\\\/www.meydan.tv\\\/az\\\/article\\\/gozleri-tutulan-ucar-sakini-uc-ildir-qizlarimi-gormurem\\\/#primaryimage\"},\"thumbnailUrl\":\"https:\\\/\\\/www.meydan.tv\\\/wp-content\\\/uploads\\\/image_from_ios_nxn2yvd.jpg\",\"articleSection\":[\"B\u00f6lg\u0259\"],\"inLanguage\":\"az\"},{\"@type\":\"WebPage\",\"@id\":\"https:\\\/\\\/www.meydan.tv\\\/az\\\/article\\\/gozleri-tutulan-ucar-sakini-uc-ildir-qizlarimi-gormurem\\\/\",\"url\":\"https:\\\/\\\/www.meydan.tv\\\/az\\\/article\\\/gozleri-tutulan-ucar-sakini-uc-ildir-qizlarimi-gormurem\\\/\",\"name\":\"G\u00f6zl\u0259ri tutulan Ucar sakini: \u00dc\u00e7 ildir q\u0131zlar\u0131m\u0131 g\u00f6rm\u00fcr\u0259m - MEYDAN.TV\",\"isPartOf\":{\"@id\":\"https:\\\/\\\/www.meydan.tv\\\/az\\\/#website\"},\"primaryImageOfPage\":{\"@id\":\"https:\\\/\\\/www.meydan.tv\\\/az\\\/article\\\/gozleri-tutulan-ucar-sakini-uc-ildir-qizlarimi-gormurem\\\/#primaryimage\"},\"image\":{\"@id\":\"https:\\\/\\\/www.meydan.tv\\\/az\\\/article\\\/gozleri-tutulan-ucar-sakini-uc-ildir-qizlarimi-gormurem\\\/#primaryimage\"},\"thumbnailUrl\":\"https:\\\/\\\/www.meydan.tv\\\/wp-content\\\/uploads\\\/image_from_ios_nxn2yvd.jpg\",\"datePublished\":\"2019-09-29T12:49:42+00:00\",\"breadcrumb\":{\"@id\":\"https:\\\/\\\/www.meydan.tv\\\/az\\\/article\\\/gozleri-tutulan-ucar-sakini-uc-ildir-qizlarimi-gormurem\\\/#breadcrumb\"},\"inLanguage\":\"az\",\"potentialAction\":[{\"@type\":\"ReadAction\",\"target\":[\"https:\\\/\\\/www.meydan.tv\\\/az\\\/article\\\/gozleri-tutulan-ucar-sakini-uc-ildir-qizlarimi-gormurem\\\/\"]}]},{\"@type\":\"ImageObject\",\"inLanguage\":\"az\",\"@id\":\"https:\\\/\\\/www.meydan.tv\\\/az\\\/article\\\/gozleri-tutulan-ucar-sakini-uc-ildir-qizlarimi-gormurem\\\/#primaryimage\",\"url\":\"https:\\\/\\\/www.meydan.tv\\\/wp-content\\\/uploads\\\/image_from_ios_nxn2yvd.jpg\",\"contentUrl\":\"https:\\\/\\\/www.meydan.tv\\\/wp-content\\\/uploads\\\/image_from_ios_nxn2yvd.jpg\",\"width\":1024,\"height\":764,\"caption\":\"Source: Specify Source\"},{\"@type\":\"BreadcrumbList\",\"@id\":\"https:\\\/\\\/www.meydan.tv\\\/az\\\/article\\\/gozleri-tutulan-ucar-sakini-uc-ildir-qizlarimi-gormurem\\\/#breadcrumb\",\"itemListElement\":[{\"@type\":\"ListItem\",\"position\":1,\"name\":\"Ana s\u0259hif\u0259\",\"item\":\"https:\\\/\\\/www.meydan.tv\\\/az\\\/\"},{\"@type\":\"ListItem\",\"position\":2,\"name\":\"B\u00f6lg\u0259\",\"item\":\"https:\\\/\\\/www.meydan.tv\\\/az\\\/section\\\/bolge\\\/\"},{\"@type\":\"ListItem\",\"position\":3,\"name\":\"G\u00f6zl\u0259ri tutulan Ucar sakini: \u00dc\u00e7 ildir q\u0131zlar\u0131m\u0131 g\u00f6rm\u00fcr\u0259m\"}]},{\"@type\":\"WebSite\",\"@id\":\"https:\\\/\\\/www.meydan.tv\\\/az\\\/#website\",\"url\":\"https:\\\/\\\/www.meydan.tv\\\/az\\\/\",\"name\":\"MEYDAN.TV\",\"description\":\"Meydan TV Az\u0259rbaycan\u0131n media m\u0259kan\u0131ndak\u0131 alternativ s\u0259sidir\",\"publisher\":{\"@id\":\"https:\\\/\\\/www.meydan.tv\\\/az\\\/#organization\"},\"potentialAction\":[{\"@type\":\"SearchAction\",\"target\":{\"@type\":\"EntryPoint\",\"urlTemplate\":\"https:\\\/\\\/www.meydan.tv\\\/az\\\/?s={search_term_string}\"},\"query-input\":{\"@type\":\"PropertyValueSpecification\",\"valueRequired\":true,\"valueName\":\"search_term_string\"}}],\"inLanguage\":\"az\"},{\"@type\":\"Organization\",\"@id\":\"https:\\\/\\\/www.meydan.tv\\\/az\\\/#organization\",\"name\":\"Meydan TV\",\"url\":\"https:\\\/\\\/www.meydan.tv\\\/az\\\/\",\"logo\":{\"@type\":\"ImageObject\",\"inLanguage\":\"az\",\"@id\":\"https:\\\/\\\/www.meydan.tv\\\/az\\\/#\\\/schema\\\/logo\\\/image\\\/\",\"url\":\"https:\\\/\\\/www.meydan.tv\\\/wp-content\\\/uploads\\\/2021\\\/07\\\/meydan-logo.svg\",\"contentUrl\":\"https:\\\/\\\/www.meydan.tv\\\/wp-content\\\/uploads\\\/2021\\\/07\\\/meydan-logo.svg\",\"width\":195,\"height\":46,\"caption\":\"Meydan TV\"},\"image\":{\"@id\":\"https:\\\/\\\/www.meydan.tv\\\/az\\\/#\\\/schema\\\/logo\\\/image\\\/\"}},{\"@type\":\"Person\",\"@id\":\"https:\\\/\\\/www.meydan.tv\\\/az\\\/#\\\/schema\\\/person\\\/10d11eccf6da3662cf5fdab9806ea91a\",\"name\":\"user-manager\"}]}<\/script>\n<!-- \/ Yoast SEO plugin. -->","yoast_head_json":{"title":"G\u00f6zl\u0259ri tutulan Ucar sakini: \u00dc\u00e7 ildir q\u0131zlar\u0131m\u0131 g\u00f6rm\u00fcr\u0259m - MEYDAN.TV","robots":{"index":"index","follow":"follow","max-snippet":"max-snippet:-1","max-image-preview":"max-image-preview:large","max-video-preview":"max-video-preview:-1"},"canonical":"https:\/\/www.meydan.tv\/az\/article\/gozleri-tutulan-ucar-sakini-uc-ildir-qizlarimi-gormurem\/","og_locale":"az_AZ","og_type":"article","og_title":"G\u00f6zl\u0259ri tutulan Ucar sakini: \u00dc\u00e7 ildir q\u0131zlar\u0131m\u0131 g\u00f6rm\u00fcr\u0259m - MEYDAN.TV","og_description":"Deyir, mal-qara saxlamaqla birt\u0259h\u0259r dolanma\u011fa \u00e7al\u0131\u015f\u0131rlar, d\u00f6vl\u0259t qurumlar\u0131, he\u00e7 olmasa, bel\u0259 x\u0259st\u0259l\u0259r\u0259 k\u00f6m\u0259k etsin","og_url":"https:\/\/www.meydan.tv\/az\/article\/gozleri-tutulan-ucar-sakini-uc-ildir-qizlarimi-gormurem\/","og_site_name":"MEYDAN.TV","article_published_time":"2019-09-29T12:49:42+00:00","og_image":[{"width":1024,"height":764,"url":"https:\/\/www.meydan.tv\/wp-content\/uploads\/image_from_ios_nxn2yvd.jpg","type":"image\/jpeg"}],"author":"user-manager","twitter_card":"summary_large_image","schema":{"@context":"https:\/\/schema.org","@graph":[{"@type":"Article","@id":"https:\/\/www.meydan.tv\/az\/article\/gozleri-tutulan-ucar-sakini-uc-ildir-qizlarimi-gormurem\/#article","isPartOf":{"@id":"https:\/\/www.meydan.tv\/az\/article\/gozleri-tutulan-ucar-sakini-uc-ildir-qizlarimi-gormurem\/"},"author":{"name":"user-manager","@id":"https:\/\/www.meydan.tv\/az\/#\/schema\/person\/10d11eccf6da3662cf5fdab9806ea91a"},"headline":"G\u00f6zl\u0259ri tutulan Ucar sakini: \u00dc\u00e7 ildir q\u0131zlar\u0131m\u0131 g\u00f6rm\u00fcr\u0259m","datePublished":"2019-09-29T12:49:42+00:00","mainEntityOfPage":{"@id":"https:\/\/www.meydan.tv\/az\/article\/gozleri-tutulan-ucar-sakini-uc-ildir-qizlarimi-gormurem\/"},"wordCount":954,"publisher":{"@id":"https:\/\/www.meydan.tv\/az\/#organization"},"image":{"@id":"https:\/\/www.meydan.tv\/az\/article\/gozleri-tutulan-ucar-sakini-uc-ildir-qizlarimi-gormurem\/#primaryimage"},"thumbnailUrl":"https:\/\/www.meydan.tv\/wp-content\/uploads\/image_from_ios_nxn2yvd.jpg","articleSection":["B\u00f6lg\u0259"],"inLanguage":"az"},{"@type":"WebPage","@id":"https:\/\/www.meydan.tv\/az\/article\/gozleri-tutulan-ucar-sakini-uc-ildir-qizlarimi-gormurem\/","url":"https:\/\/www.meydan.tv\/az\/article\/gozleri-tutulan-ucar-sakini-uc-ildir-qizlarimi-gormurem\/","name":"G\u00f6zl\u0259ri tutulan Ucar sakini: \u00dc\u00e7 ildir q\u0131zlar\u0131m\u0131 g\u00f6rm\u00fcr\u0259m - MEYDAN.TV","isPartOf":{"@id":"https:\/\/www.meydan.tv\/az\/#website"},"primaryImageOfPage":{"@id":"https:\/\/www.meydan.tv\/az\/article\/gozleri-tutulan-ucar-sakini-uc-ildir-qizlarimi-gormurem\/#primaryimage"},"image":{"@id":"https:\/\/www.meydan.tv\/az\/article\/gozleri-tutulan-ucar-sakini-uc-ildir-qizlarimi-gormurem\/#primaryimage"},"thumbnailUrl":"https:\/\/www.meydan.tv\/wp-content\/uploads\/image_from_ios_nxn2yvd.jpg","datePublished":"2019-09-29T12:49:42+00:00","breadcrumb":{"@id":"https:\/\/www.meydan.tv\/az\/article\/gozleri-tutulan-ucar-sakini-uc-ildir-qizlarimi-gormurem\/#breadcrumb"},"inLanguage":"az","potentialAction":[{"@type":"ReadAction","target":["https:\/\/www.meydan.tv\/az\/article\/gozleri-tutulan-ucar-sakini-uc-ildir-qizlarimi-gormurem\/"]}]},{"@type":"ImageObject","inLanguage":"az","@id":"https:\/\/www.meydan.tv\/az\/article\/gozleri-tutulan-ucar-sakini-uc-ildir-qizlarimi-gormurem\/#primaryimage","url":"https:\/\/www.meydan.tv\/wp-content\/uploads\/image_from_ios_nxn2yvd.jpg","contentUrl":"https:\/\/www.meydan.tv\/wp-content\/uploads\/image_from_ios_nxn2yvd.jpg","width":1024,"height":764,"caption":"Source: Specify Source"},{"@type":"BreadcrumbList","@id":"https:\/\/www.meydan.tv\/az\/article\/gozleri-tutulan-ucar-sakini-uc-ildir-qizlarimi-gormurem\/#breadcrumb","itemListElement":[{"@type":"ListItem","position":1,"name":"Ana s\u0259hif\u0259","item":"https:\/\/www.meydan.tv\/az\/"},{"@type":"ListItem","position":2,"name":"B\u00f6lg\u0259","item":"https:\/\/www.meydan.tv\/az\/section\/bolge\/"},{"@type":"ListItem","position":3,"name":"G\u00f6zl\u0259ri tutulan Ucar sakini: \u00dc\u00e7 ildir q\u0131zlar\u0131m\u0131 g\u00f6rm\u00fcr\u0259m"}]},{"@type":"WebSite","@id":"https:\/\/www.meydan.tv\/az\/#website","url":"https:\/\/www.meydan.tv\/az\/","name":"MEYDAN.TV","description":"Meydan TV Az\u0259rbaycan\u0131n media m\u0259kan\u0131ndak\u0131 alternativ s\u0259sidir","publisher":{"@id":"https:\/\/www.meydan.tv\/az\/#organization"},"potentialAction":[{"@type":"SearchAction","target":{"@type":"EntryPoint","urlTemplate":"https:\/\/www.meydan.tv\/az\/?s={search_term_string}"},"query-input":{"@type":"PropertyValueSpecification","valueRequired":true,"valueName":"search_term_string"}}],"inLanguage":"az"},{"@type":"Organization","@id":"https:\/\/www.meydan.tv\/az\/#organization","name":"Meydan TV","url":"https:\/\/www.meydan.tv\/az\/","logo":{"@type":"ImageObject","inLanguage":"az","@id":"https:\/\/www.meydan.tv\/az\/#\/schema\/logo\/image\/","url":"https:\/\/www.meydan.tv\/wp-content\/uploads\/2021\/07\/meydan-logo.svg","contentUrl":"https:\/\/www.meydan.tv\/wp-content\/uploads\/2021\/07\/meydan-logo.svg","width":195,"height":46,"caption":"Meydan TV"},"image":{"@id":"https:\/\/www.meydan.tv\/az\/#\/schema\/logo\/image\/"}},{"@type":"Person","@id":"https:\/\/www.meydan.tv\/az\/#\/schema\/person\/10d11eccf6da3662cf5fdab9806ea91a","name":"user-manager"}]}},"_links":{"self":[{"href":"https:\/\/www.meydan.tv\/az\/wp-json\/wp\/v2\/posts\/197189","targetHints":{"allow":["GET"]}}],"collection":[{"href":"https:\/\/www.meydan.tv\/az\/wp-json\/wp\/v2\/posts"}],"about":[{"href":"https:\/\/www.meydan.tv\/az\/wp-json\/wp\/v2\/types\/post"}],"author":[{"embeddable":true,"href":"https:\/\/www.meydan.tv\/az\/wp-json\/wp\/v2\/users\/11"}],"replies":[{"embeddable":true,"href":"https:\/\/www.meydan.tv\/az\/wp-json\/wp\/v2\/comments?post=197189"}],"version-history":[{"count":0,"href":"https:\/\/www.meydan.tv\/az\/wp-json\/wp\/v2\/posts\/197189\/revisions"}],"wp:featuredmedia":[{"embeddable":true,"href":"https:\/\/www.meydan.tv\/az\/wp-json\/wp\/v2\/media\/130384"}],"wp:attachment":[{"href":"https:\/\/www.meydan.tv\/az\/wp-json\/wp\/v2\/media?parent=197189"}],"wp:term":[{"taxonomy":"category","embeddable":true,"href":"https:\/\/www.meydan.tv\/az\/wp-json\/wp\/v2\/categories?post=197189"},{"taxonomy":"post_tag","embeddable":true,"href":"https:\/\/www.meydan.tv\/az\/wp-json\/wp\/v2\/tags?post=197189"}],"curies":[{"name":"wp","href":"https:\/\/api.w.org\/{rel}","templated":true}]}}