{"id":197188,"date":"2019-09-28T14:08:22","date_gmt":"2019-09-28T14:08:22","guid":{"rendered":"https:\/\/www.meydan.tv\/article\/kendli-icra-hakimiyyeti-deyir-ki-hara-isteyirsen-sikayet-ele\/"},"modified":"2019-09-28T14:08:22","modified_gmt":"2019-09-28T14:08:22","slug":"kendli-icra-hakimiyyeti-deyir-ki-hara-isteyirsen-sikayet-ele","status":"publish","type":"post","link":"https:\/\/www.meydan.tv\/az\/article\/kendli-icra-hakimiyyeti-deyir-ki-hara-isteyirsen-sikayet-ele\/","title":{"rendered":"K\u0259ndli: \u0130cra hakimiyy\u0259ti deyir ki, hara ist\u0259yirs\u0259n \u015fikay\u0259t el\u0259"},"content":{"rendered":"<p>\n  <i><br \/>\n    \u201cRayondak\u0131 m\u0259murlar niy\u0259 bel\u0259 arxay\u0131nd\u0131rlar?\u201d<br \/>\n  <\/i>\n<\/p>\n<p>\n  \u201c\u0130ll\u0259rdir icar\u0259y\u0259 g\u00f6t\u00fcr\u00fcb istifad\u0259 etdiyim torpaqlar\u0131 k\u0259nd b\u0259l\u0259diyy\u0259sinin s\u0259dri \u00f6z ad\u0131na ke\u00e7irib. \u0130ndi m\u0259n\u0259 h\u0259min torpaqdan istifad\u0259 etm\u0259y\u0259 izin vermir. Heyvanlar\u0131m \u00f6r\u00fc\u015fs\u00fcz qal\u0131b. Torpa\u011f\u0131mda \u0259kdiyim yoncan\u0131n, o q\u0259d\u0259r meyv\u0259 a\u011faclar\u0131n\u0131n da arxas\u0131na ke\u00e7ibl\u0259r\u201d.\n<\/p>\n<p>\n  Tovuzun Abulb\u0259yli k\u0259ndinin sakini Ziyaf\u0259t N\u0259c\u0259fova bel\u0259 deyir. \u015eikay\u0259t\u00e7i bildirir ki, b\u00f6y\u00fck ail\u0259sini bu torpaq sah\u0259si il\u0259 doland\u0131r\u0131rm\u0131\u015f. \u0130ndi 10-dan \u00e7ox insan\u0131n h\u0259m i\u015f yeri, h\u0259m d\u0259 dolan\u0131\u015f\u0131\u011f\u0131 \u0259lind\u0259n al\u0131n\u0131b.\n<\/p>\n<p>\n  \u201cK\u0259ndliyik, \u0259kib-bec\u0259rir, mal-heyvan saxlay\u0131r, dolan\u0131rd\u0131q. \u018flimizd\u0259n ba\u015fqa he\u00e7 n\u0259 g\u0259lmir. Bu il T\u00fcrkiy\u0259d\u0259n qoz, f\u0131nd\u0131q v\u0259 m\u00fcxt\u0259lif a\u011fac \u015fitill\u0259ri g\u0259tirmi\u015fdik. Ham\u0131s\u0131 qal\u0131b \u0259limizd\u0259, \u0259k\u0259 bilmirik. Sah\u0259mizd\u0259 yonca \u0259kmi\u015fdik, qal\u0131b. Heyvanlar\u0131m\u0131z\u0131 doyura bilmirik\u201d.\n<\/p>\n<p>\n  Ziyaf\u0259t N\u0259c\u0259fova deyir ki, d\u00fczd\u00fcr, torpa\u011f\u0131 ona icar\u0259y\u0259 vermi\u015fdil\u0259r, onun deyil. Ancaq sat\u0131lmas\u0131 il\u0259 ba\u011fl\u0131 da h\u0259r hans\u0131 m\u0259lumat verm\u0259yibl\u0259r ki, ba\u015flar\u0131na bir \u00e7ar\u0259 taps\u0131nlar:\n<\/p>\n<p>\n  \u201c7 il bundan \u0259vv\u0259l idi. Dolana bilmirdim. O vaxtk\u0131 icra ba\u015f\u00e7\u0131s\u0131 Tofiq Zeynalovun yan\u0131na getdim. Dedim ki, b\u0259s \u00e7\u0259tindir ya\u015famaq, \u00f6z\u00fcm d\u0259 \u015f\u0259hid bac\u0131s\u0131yam, vallah, dolana bilmir\u0259m. \u0130cra ba\u015f\u00e7\u0131s\u0131 da m\u0259n\u0259 \u00f6r\u00fc\u015f v\u0259 \u0259kin sah\u0259si kimi bu torpaq sah\u0259l\u0259rini verdi. \u0130car\u0259 pulunu da vaxtl\u0131-vaxt\u0131nda \u00f6d\u0259yirdim. Soru\u015fdum ki, b\u0259s bunun ax\u0131r\u0131 nec\u0259 olacaq? Dedil\u0259r ki, narahat olma, n\u0259 zamansa bu torpaq h\u0259rraca \u00e7\u0131xar\u0131l\u0131b, sat\u0131lsa, o zaman birinci siz\u0259 m\u0259lumat veril\u0259c\u0259k. H\u0259tta birinci siz\u0259 t\u0259klif edil\u0259c\u0259k. Siz almasan\u0131z, sonra ba\u015fqas\u0131na veril\u0259 bil\u0259r\u201d.\n<\/p>\n<figure class=\"wp-block-image size-large\">\n  <img decoding=\"async\" src=\"https:\/\/www.meydan.tv\/az\/image_from_ios-png-7\/\" alt=\"image_from_ios.png\" class=\"wp-image-130366\"\/><figcaption>\n    &#8220;\u0130ll\u0259rdir icar\u0259y\u0259 g\u00f6t\u00fcr\u00fcb istifad\u0259 etdiyim torpaqlar\u0131 k\u0259nd b\u0259l\u0259diyy\u0259sinin s\u0259dri \u00f6z ad\u0131na ke\u00e7irib&#8221;<br \/>\n  <\/figcaption><\/figure>\n<p>\n  \u015eikay\u0259t\u00e7i deyir ki, buna g\u00f6r\u0259 ill\u0259rdir arxay\u0131nd\u0131r. Bu torpaqlarda \u00f6z\u00fcn\u0259 \u015f\u0259rait yarad\u0131b, \u0259kin-bi\u00e7in i\u015fl\u0259ri g\u00f6r\u00fcb, a\u011fac \u0259kib v\u0259 s. T\u0259z\u0259likc\u0259 g\u0259libl\u0259r ki, \u00e7\u0131x\u0131n, torpaq Abulb\u0259yli k\u0259ndinin b\u0259l\u0259diyy\u0259 s\u0259dri \u0130xtiyar Namazovun ad\u0131nad\u0131r, onundur:\n<\/p>\n<p>\n  \u201cBiz\u0259 niy\u0259 m\u0259lumat verilm\u0259diyini soru\u015fanda da bildirdil\u0259r ki, yox bir, s\u0259dr \u00f6z\u00fcn\u0259 torpaq alanda sizd\u0259n icaz\u0259 almal\u0131d\u0131r? M\u0259n demir\u0259m, m\u0259nd\u0259n izin als\u0131nlar. Bu torpa\u011f\u0131 g\u00f6t\u00fcr\u0259nd\u0259 d\u0259 deyilmi\u015fdi ki, siz\u0259 m\u0259lumat veril\u0259c\u0259k. N\u0259 olsun icar\u0259y\u0259 g\u00f6t\u00fcrm\u00fc\u015f\u00fck? Bel\u0259 olanda adam\u0131 saym\u0131rlar? Biz\u0259 t\u0259klif edils\u0259ydi, b\u0259lk\u0259 alacaqd\u0131q? Olmaz ax\u0131. Birt\u0259h\u0259r borc-x\u0259rc edib, alard\u0131q. \u00c7\u00fcnki ill\u0259rdir al\u0131\u015fm\u0131\u015f\u0131q, g\u0259lib-gedir, o q\u0259d\u0259r i\u015f g\u00f6rm\u00fc\u015f\u00fck\u201d.\n<\/p>\n<p>\n  Ziyaf\u0259t N\u0259c\u0259fova bildirir ki, \u0259kin-bi\u00e7in bir yana, 32 ba\u015f iribuynuzlu heyvan\u0131 da ac qal\u0131b. Onlar\u0131 otarma\u011fa yeri yoxdur:\n<\/p>\n<p>\n  \u201cB\u0259s m\u0259n d\u0259rdimi hara deyim? B\u0259l\u0259diyy\u0259y\u0259 getdim, dedil\u0259r ki, g\u0259l bu \u0259razini s\u0259n\u0259 icar\u0259y\u0259 ver\u0259k. Sotuna 5 manatdan haqq ver. Deyir\u0259m, \u00e7oxdu, g\u00fcc\u00fcm \u00e7atm\u0131r. Cavab verir ki, o zaman get, heyvan\u0131na t\u00f6vl\u0259d\u0259 bax. M\u0259nd\u0259 harda idi, o imkan? M\u0259n\u0259 qar\u015f\u0131 zorak\u0131l\u0131q edirl\u0259r. \u0130cra hakimiyy\u0259tin\u0259 m\u00fcraci\u0259t edir\u0259m, deyirl\u0259r, \u201cget hara ist\u0259yirs\u0259n \u015fikay\u0259t et\u201d. Bu \u00f6lk\u0259nin yiy\u0259si yoxdur? Rayondak\u0131 m\u0259murlar niy\u0259 bel\u0259 arxay\u0131nd\u0131rlar?\u201d.\n<\/p>\n<figure class=\"wp-block-image size-large\">\n  <img decoding=\"async\" src=\"https:\/\/www.meydan.tv\/az\/image_from_ios-2-png\/\" alt=\"image_from_ios (2).png\" class=\"wp-image-130372\"\/><figcaption>\n    &#8220;Sah\u0259mizd\u0259 yonca \u0259kmi\u015fdik, qal\u0131b&#8221;<br \/>\n  <\/figcaption><\/figure>\n<p>\n  Z.N\u0259c\u0259fova Prezident \u0130lham \u018fliyev\u0259 m\u00fcraci\u0259t edir. Xahi\u015f edir ki, onun torpa\u011f\u0131n\u0131n geri qaytar\u0131lmas\u0131 \u00fc\u00e7\u00fcn g\u00f6st\u0259ri\u015f versin:\n<\/p>\n<p>\n  \u201cXahi\u015f edir\u0259m, m\u0259n\u0259 k\u00f6m\u0259k edilsin. \u0130cra hakimiyy\u0259tin\u0259 d\u0259 gedir\u0259m, deyirl\u0259r, hara ist\u0259yirs\u0259n \u015fikay\u0259t et, onsuz da h\u00f6kum\u0259t yoxdur. Lap ist\u0259yirs\u0259n \u0130lham \u018fliyev\u0259 den\u0259n. M\u0259n d\u0259 qalm\u0131\u015fam pis v\u0259ziyy\u0259td\u0259 bilmir\u0259m d\u0259rdimi kim\u0259 deyim. Rayonlarda bir qram qorxu qalmay\u0131b, insanlar\u0131 incidir, vecl\u0259rin\u0259 d\u0259 alm\u0131rlar. Deyirl\u0259r, pul verib alm\u0131\u015f\u0131q buralar\u0131. M\u0259n t\u0259kc\u0259 \u015fitill\u0259r\u0259 1000 manatdan art\u0131q pul vermi\u015f\u0259m. Ham\u0131s\u0131 evd\u0259 \u00e7\u00fcr\u00fcy\u00fcr. Vaxt\u0131 da ke\u00e7ir, \u0259k\u0259 bilmir\u0259m\u201d.\n<\/p>\n<p>\n  Meydan TV m\u0259s\u0259l\u0259y\u0259 m\u00fcnasib\u0259t \u00f6yr\u0259nm\u0259k \u00fc\u00e7\u00fcn Tovuz Rayon \u0130cra Hakimiyy\u0259ti il\u0259 \u0259laq\u0259 saxlay\u0131b. \u0130cra hakimiyy\u0259tind\u0259n m\u0259s\u0259l\u0259ni ara\u015fd\u0131racaqlar\u0131n\u0131 bildiribl\u0259r.\n<\/p>\n<p>\n  Tovuzun Abulb\u0259yli k\u0259ndinin b\u0259l\u0259diyy\u0259 s\u0259dri \u0130xtiyar Namazov Meydan TV-nin z\u0259ngl\u0259rin\u0259 cavab verm\u0259yib. B\u0259l\u0259diyy\u0259d\u0259n is\u0259 bu bar\u0259d\u0259 m\u0259lumats\u0131z olduqlar\u0131n\u0131 s\u00f6yl\u0259yibl\u0259r.\n<\/p>\n<figure class=\"wp-block-image size-large\">\n  <img decoding=\"async\" src=\"https:\/\/www.meydan.tv\/az\/image_from_ios-jpg-88\/\" alt=\"image_from_ios.jpg\" class=\"wp-image-130369\"\/><figcaption>\n    &#8220;M\u0259n t\u0259kc\u0259 \u015fitill\u0259r\u0259 1000 manatdan art\u0131q pul vermi\u015f\u0259m&#8221;.<br \/>\n  <\/figcaption><\/figure>\n","protected":false},"excerpt":{"rendered":"<p>\u201cXahi\u015f edir\u0259m, m\u0259n\u0259 k\u00f6m\u0259k edilsin. \u0130cra hakimiyy\u0259tin\u0259 d\u0259 gedir\u0259m, deyirl\u0259r, hara ist\u0259yirs\u0259n \u015fikay\u0259t et, onsuz da h\u00f6kum\u0259t yoxdur&#8221;.<\/p>\n","protected":false},"author":11,"featured_media":130363,"comment_status":"closed","ping_status":"open","sticky":false,"template":"","format":"standard","meta":{"_acf_changed":false,"_sitemap_exclude":false,"_sitemap_priority":"","_sitemap_frequency":"","footnotes":""},"categories":[60],"tags":[],"class_list":["post-197188","post","type-post","status-publish","format-standard","has-post-thumbnail","hentry","category-bolge","infinite-scroll-item","generate-columns","tablet-grid-50","mobile-grid-100","grid-parent","grid-33","no-featured-image-padding"],"acf":[],"yoast_head":"<!-- This site is optimized with the Yoast SEO plugin v27.5 - https:\/\/yoast.com\/product\/yoast-seo-wordpress\/ -->\n<title>K\u0259ndli: \u0130cra hakimiyy\u0259ti deyir ki, hara ist\u0259yirs\u0259n \u015fikay\u0259t el\u0259 - MEYDAN.TV<\/title>\n<meta name=\"robots\" content=\"index, follow, max-snippet:-1, max-image-preview:large, max-video-preview:-1\" \/>\n<link rel=\"canonical\" href=\"https:\/\/www.meydan.tv\/az\/article\/kendli-icra-hakimiyyeti-deyir-ki-hara-isteyirsen-sikayet-ele\/\" \/>\n<meta property=\"og:locale\" content=\"az_AZ\" \/>\n<meta property=\"og:type\" content=\"article\" \/>\n<meta property=\"og:title\" content=\"K\u0259ndli: \u0130cra hakimiyy\u0259ti deyir ki, hara ist\u0259yirs\u0259n \u015fikay\u0259t el\u0259 - MEYDAN.TV\" \/>\n<meta property=\"og:description\" content=\"\u201cXahi\u015f edir\u0259m, m\u0259n\u0259 k\u00f6m\u0259k edilsin. \u0130cra hakimiyy\u0259tin\u0259 d\u0259 gedir\u0259m, deyirl\u0259r, hara ist\u0259yirs\u0259n \u015fikay\u0259t et, onsuz da h\u00f6kum\u0259t yoxdur&quot;.\" \/>\n<meta property=\"og:url\" content=\"https:\/\/www.meydan.tv\/az\/article\/kendli-icra-hakimiyyeti-deyir-ki-hara-isteyirsen-sikayet-ele\/\" \/>\n<meta property=\"og:site_name\" content=\"MEYDAN.TV\" \/>\n<meta property=\"article:published_time\" content=\"2019-09-28T14:08:22+00:00\" \/>\n<meta property=\"og:image\" content=\"https:\/\/www.meydan.tv\/wp-content\/uploads\/image_from_ios_1_t1bodew.png\" \/>\n\t<meta property=\"og:image:width\" content=\"1048\" \/>\n\t<meta property=\"og:image:height\" content=\"786\" \/>\n\t<meta property=\"og:image:type\" content=\"image\/png\" \/>\n<meta name=\"author\" content=\"user-manager\" \/>\n<meta name=\"twitter:card\" content=\"summary_large_image\" \/>\n<script type=\"application\/ld+json\" class=\"yoast-schema-graph\">{\"@context\":\"https:\\\/\\\/schema.org\",\"@graph\":[{\"@type\":\"Article\",\"@id\":\"https:\\\/\\\/www.meydan.tv\\\/az\\\/article\\\/kendli-icra-hakimiyyeti-deyir-ki-hara-isteyirsen-sikayet-ele\\\/#article\",\"isPartOf\":{\"@id\":\"https:\\\/\\\/www.meydan.tv\\\/az\\\/article\\\/kendli-icra-hakimiyyeti-deyir-ki-hara-isteyirsen-sikayet-ele\\\/\"},\"author\":{\"name\":\"user-manager\",\"@id\":\"https:\\\/\\\/www.meydan.tv\\\/az\\\/#\\\/schema\\\/person\\\/10d11eccf6da3662cf5fdab9806ea91a\"},\"headline\":\"K\u0259ndli: \u0130cra hakimiyy\u0259ti deyir ki, hara ist\u0259yirs\u0259n \u015fikay\u0259t el\u0259\",\"datePublished\":\"2019-09-28T14:08:22+00:00\",\"mainEntityOfPage\":{\"@id\":\"https:\\\/\\\/www.meydan.tv\\\/az\\\/article\\\/kendli-icra-hakimiyyeti-deyir-ki-hara-isteyirsen-sikayet-ele\\\/\"},\"wordCount\":866,\"publisher\":{\"@id\":\"https:\\\/\\\/www.meydan.tv\\\/az\\\/#organization\"},\"image\":{\"@id\":\"https:\\\/\\\/www.meydan.tv\\\/az\\\/article\\\/kendli-icra-hakimiyyeti-deyir-ki-hara-isteyirsen-sikayet-ele\\\/#primaryimage\"},\"thumbnailUrl\":\"https:\\\/\\\/www.meydan.tv\\\/wp-content\\\/uploads\\\/image_from_ios_1_t1bodew.png\",\"articleSection\":[\"B\u00f6lg\u0259\"],\"inLanguage\":\"az\"},{\"@type\":\"WebPage\",\"@id\":\"https:\\\/\\\/www.meydan.tv\\\/az\\\/article\\\/kendli-icra-hakimiyyeti-deyir-ki-hara-isteyirsen-sikayet-ele\\\/\",\"url\":\"https:\\\/\\\/www.meydan.tv\\\/az\\\/article\\\/kendli-icra-hakimiyyeti-deyir-ki-hara-isteyirsen-sikayet-ele\\\/\",\"name\":\"K\u0259ndli: \u0130cra hakimiyy\u0259ti deyir ki, hara ist\u0259yirs\u0259n \u015fikay\u0259t el\u0259 - MEYDAN.TV\",\"isPartOf\":{\"@id\":\"https:\\\/\\\/www.meydan.tv\\\/az\\\/#website\"},\"primaryImageOfPage\":{\"@id\":\"https:\\\/\\\/www.meydan.tv\\\/az\\\/article\\\/kendli-icra-hakimiyyeti-deyir-ki-hara-isteyirsen-sikayet-ele\\\/#primaryimage\"},\"image\":{\"@id\":\"https:\\\/\\\/www.meydan.tv\\\/az\\\/article\\\/kendli-icra-hakimiyyeti-deyir-ki-hara-isteyirsen-sikayet-ele\\\/#primaryimage\"},\"thumbnailUrl\":\"https:\\\/\\\/www.meydan.tv\\\/wp-content\\\/uploads\\\/image_from_ios_1_t1bodew.png\",\"datePublished\":\"2019-09-28T14:08:22+00:00\",\"breadcrumb\":{\"@id\":\"https:\\\/\\\/www.meydan.tv\\\/az\\\/article\\\/kendli-icra-hakimiyyeti-deyir-ki-hara-isteyirsen-sikayet-ele\\\/#breadcrumb\"},\"inLanguage\":\"az\",\"potentialAction\":[{\"@type\":\"ReadAction\",\"target\":[\"https:\\\/\\\/www.meydan.tv\\\/az\\\/article\\\/kendli-icra-hakimiyyeti-deyir-ki-hara-isteyirsen-sikayet-ele\\\/\"]}]},{\"@type\":\"ImageObject\",\"inLanguage\":\"az\",\"@id\":\"https:\\\/\\\/www.meydan.tv\\\/az\\\/article\\\/kendli-icra-hakimiyyeti-deyir-ki-hara-isteyirsen-sikayet-ele\\\/#primaryimage\",\"url\":\"https:\\\/\\\/www.meydan.tv\\\/wp-content\\\/uploads\\\/image_from_ios_1_t1bodew.png\",\"contentUrl\":\"https:\\\/\\\/www.meydan.tv\\\/wp-content\\\/uploads\\\/image_from_ios_1_t1bodew.png\",\"width\":1048,\"height\":786,\"caption\":\"Source: Meydan TV\"},{\"@type\":\"BreadcrumbList\",\"@id\":\"https:\\\/\\\/www.meydan.tv\\\/az\\\/article\\\/kendli-icra-hakimiyyeti-deyir-ki-hara-isteyirsen-sikayet-ele\\\/#breadcrumb\",\"itemListElement\":[{\"@type\":\"ListItem\",\"position\":1,\"name\":\"Ana s\u0259hif\u0259\",\"item\":\"https:\\\/\\\/www.meydan.tv\\\/az\\\/\"},{\"@type\":\"ListItem\",\"position\":2,\"name\":\"B\u00f6lg\u0259\",\"item\":\"https:\\\/\\\/www.meydan.tv\\\/az\\\/section\\\/bolge\\\/\"},{\"@type\":\"ListItem\",\"position\":3,\"name\":\"K\u0259ndli: \u0130cra hakimiyy\u0259ti deyir ki, hara ist\u0259yirs\u0259n \u015fikay\u0259t el\u0259\"}]},{\"@type\":\"WebSite\",\"@id\":\"https:\\\/\\\/www.meydan.tv\\\/az\\\/#website\",\"url\":\"https:\\\/\\\/www.meydan.tv\\\/az\\\/\",\"name\":\"MEYDAN.TV\",\"description\":\"Meydan TV Az\u0259rbaycan\u0131n media m\u0259kan\u0131ndak\u0131 alternativ s\u0259sidir\",\"publisher\":{\"@id\":\"https:\\\/\\\/www.meydan.tv\\\/az\\\/#organization\"},\"potentialAction\":[{\"@type\":\"SearchAction\",\"target\":{\"@type\":\"EntryPoint\",\"urlTemplate\":\"https:\\\/\\\/www.meydan.tv\\\/az\\\/?s={search_term_string}\"},\"query-input\":{\"@type\":\"PropertyValueSpecification\",\"valueRequired\":true,\"valueName\":\"search_term_string\"}}],\"inLanguage\":\"az\"},{\"@type\":\"Organization\",\"@id\":\"https:\\\/\\\/www.meydan.tv\\\/az\\\/#organization\",\"name\":\"Meydan TV\",\"url\":\"https:\\\/\\\/www.meydan.tv\\\/az\\\/\",\"logo\":{\"@type\":\"ImageObject\",\"inLanguage\":\"az\",\"@id\":\"https:\\\/\\\/www.meydan.tv\\\/az\\\/#\\\/schema\\\/logo\\\/image\\\/\",\"url\":\"https:\\\/\\\/www.meydan.tv\\\/wp-content\\\/uploads\\\/2021\\\/07\\\/meydan-logo.svg\",\"contentUrl\":\"https:\\\/\\\/www.meydan.tv\\\/wp-content\\\/uploads\\\/2021\\\/07\\\/meydan-logo.svg\",\"width\":195,\"height\":46,\"caption\":\"Meydan TV\"},\"image\":{\"@id\":\"https:\\\/\\\/www.meydan.tv\\\/az\\\/#\\\/schema\\\/logo\\\/image\\\/\"}},{\"@type\":\"Person\",\"@id\":\"https:\\\/\\\/www.meydan.tv\\\/az\\\/#\\\/schema\\\/person\\\/10d11eccf6da3662cf5fdab9806ea91a\",\"name\":\"user-manager\"}]}<\/script>\n<!-- \/ Yoast SEO plugin. -->","yoast_head_json":{"title":"K\u0259ndli: \u0130cra hakimiyy\u0259ti deyir ki, hara ist\u0259yirs\u0259n \u015fikay\u0259t el\u0259 - MEYDAN.TV","robots":{"index":"index","follow":"follow","max-snippet":"max-snippet:-1","max-image-preview":"max-image-preview:large","max-video-preview":"max-video-preview:-1"},"canonical":"https:\/\/www.meydan.tv\/az\/article\/kendli-icra-hakimiyyeti-deyir-ki-hara-isteyirsen-sikayet-ele\/","og_locale":"az_AZ","og_type":"article","og_title":"K\u0259ndli: \u0130cra hakimiyy\u0259ti deyir ki, hara ist\u0259yirs\u0259n \u015fikay\u0259t el\u0259 - MEYDAN.TV","og_description":"\u201cXahi\u015f edir\u0259m, m\u0259n\u0259 k\u00f6m\u0259k edilsin. \u0130cra hakimiyy\u0259tin\u0259 d\u0259 gedir\u0259m, deyirl\u0259r, hara ist\u0259yirs\u0259n \u015fikay\u0259t et, onsuz da h\u00f6kum\u0259t yoxdur\".","og_url":"https:\/\/www.meydan.tv\/az\/article\/kendli-icra-hakimiyyeti-deyir-ki-hara-isteyirsen-sikayet-ele\/","og_site_name":"MEYDAN.TV","article_published_time":"2019-09-28T14:08:22+00:00","og_image":[{"width":1048,"height":786,"url":"https:\/\/www.meydan.tv\/wp-content\/uploads\/image_from_ios_1_t1bodew.png","type":"image\/png"}],"author":"user-manager","twitter_card":"summary_large_image","schema":{"@context":"https:\/\/schema.org","@graph":[{"@type":"Article","@id":"https:\/\/www.meydan.tv\/az\/article\/kendli-icra-hakimiyyeti-deyir-ki-hara-isteyirsen-sikayet-ele\/#article","isPartOf":{"@id":"https:\/\/www.meydan.tv\/az\/article\/kendli-icra-hakimiyyeti-deyir-ki-hara-isteyirsen-sikayet-ele\/"},"author":{"name":"user-manager","@id":"https:\/\/www.meydan.tv\/az\/#\/schema\/person\/10d11eccf6da3662cf5fdab9806ea91a"},"headline":"K\u0259ndli: \u0130cra hakimiyy\u0259ti deyir ki, hara ist\u0259yirs\u0259n \u015fikay\u0259t el\u0259","datePublished":"2019-09-28T14:08:22+00:00","mainEntityOfPage":{"@id":"https:\/\/www.meydan.tv\/az\/article\/kendli-icra-hakimiyyeti-deyir-ki-hara-isteyirsen-sikayet-ele\/"},"wordCount":866,"publisher":{"@id":"https:\/\/www.meydan.tv\/az\/#organization"},"image":{"@id":"https:\/\/www.meydan.tv\/az\/article\/kendli-icra-hakimiyyeti-deyir-ki-hara-isteyirsen-sikayet-ele\/#primaryimage"},"thumbnailUrl":"https:\/\/www.meydan.tv\/wp-content\/uploads\/image_from_ios_1_t1bodew.png","articleSection":["B\u00f6lg\u0259"],"inLanguage":"az"},{"@type":"WebPage","@id":"https:\/\/www.meydan.tv\/az\/article\/kendli-icra-hakimiyyeti-deyir-ki-hara-isteyirsen-sikayet-ele\/","url":"https:\/\/www.meydan.tv\/az\/article\/kendli-icra-hakimiyyeti-deyir-ki-hara-isteyirsen-sikayet-ele\/","name":"K\u0259ndli: \u0130cra hakimiyy\u0259ti deyir ki, hara ist\u0259yirs\u0259n \u015fikay\u0259t el\u0259 - MEYDAN.TV","isPartOf":{"@id":"https:\/\/www.meydan.tv\/az\/#website"},"primaryImageOfPage":{"@id":"https:\/\/www.meydan.tv\/az\/article\/kendli-icra-hakimiyyeti-deyir-ki-hara-isteyirsen-sikayet-ele\/#primaryimage"},"image":{"@id":"https:\/\/www.meydan.tv\/az\/article\/kendli-icra-hakimiyyeti-deyir-ki-hara-isteyirsen-sikayet-ele\/#primaryimage"},"thumbnailUrl":"https:\/\/www.meydan.tv\/wp-content\/uploads\/image_from_ios_1_t1bodew.png","datePublished":"2019-09-28T14:08:22+00:00","breadcrumb":{"@id":"https:\/\/www.meydan.tv\/az\/article\/kendli-icra-hakimiyyeti-deyir-ki-hara-isteyirsen-sikayet-ele\/#breadcrumb"},"inLanguage":"az","potentialAction":[{"@type":"ReadAction","target":["https:\/\/www.meydan.tv\/az\/article\/kendli-icra-hakimiyyeti-deyir-ki-hara-isteyirsen-sikayet-ele\/"]}]},{"@type":"ImageObject","inLanguage":"az","@id":"https:\/\/www.meydan.tv\/az\/article\/kendli-icra-hakimiyyeti-deyir-ki-hara-isteyirsen-sikayet-ele\/#primaryimage","url":"https:\/\/www.meydan.tv\/wp-content\/uploads\/image_from_ios_1_t1bodew.png","contentUrl":"https:\/\/www.meydan.tv\/wp-content\/uploads\/image_from_ios_1_t1bodew.png","width":1048,"height":786,"caption":"Source: Meydan TV"},{"@type":"BreadcrumbList","@id":"https:\/\/www.meydan.tv\/az\/article\/kendli-icra-hakimiyyeti-deyir-ki-hara-isteyirsen-sikayet-ele\/#breadcrumb","itemListElement":[{"@type":"ListItem","position":1,"name":"Ana s\u0259hif\u0259","item":"https:\/\/www.meydan.tv\/az\/"},{"@type":"ListItem","position":2,"name":"B\u00f6lg\u0259","item":"https:\/\/www.meydan.tv\/az\/section\/bolge\/"},{"@type":"ListItem","position":3,"name":"K\u0259ndli: \u0130cra hakimiyy\u0259ti deyir ki, hara ist\u0259yirs\u0259n \u015fikay\u0259t el\u0259"}]},{"@type":"WebSite","@id":"https:\/\/www.meydan.tv\/az\/#website","url":"https:\/\/www.meydan.tv\/az\/","name":"MEYDAN.TV","description":"Meydan TV Az\u0259rbaycan\u0131n media m\u0259kan\u0131ndak\u0131 alternativ s\u0259sidir","publisher":{"@id":"https:\/\/www.meydan.tv\/az\/#organization"},"potentialAction":[{"@type":"SearchAction","target":{"@type":"EntryPoint","urlTemplate":"https:\/\/www.meydan.tv\/az\/?s={search_term_string}"},"query-input":{"@type":"PropertyValueSpecification","valueRequired":true,"valueName":"search_term_string"}}],"inLanguage":"az"},{"@type":"Organization","@id":"https:\/\/www.meydan.tv\/az\/#organization","name":"Meydan TV","url":"https:\/\/www.meydan.tv\/az\/","logo":{"@type":"ImageObject","inLanguage":"az","@id":"https:\/\/www.meydan.tv\/az\/#\/schema\/logo\/image\/","url":"https:\/\/www.meydan.tv\/wp-content\/uploads\/2021\/07\/meydan-logo.svg","contentUrl":"https:\/\/www.meydan.tv\/wp-content\/uploads\/2021\/07\/meydan-logo.svg","width":195,"height":46,"caption":"Meydan TV"},"image":{"@id":"https:\/\/www.meydan.tv\/az\/#\/schema\/logo\/image\/"}},{"@type":"Person","@id":"https:\/\/www.meydan.tv\/az\/#\/schema\/person\/10d11eccf6da3662cf5fdab9806ea91a","name":"user-manager"}]}},"_links":{"self":[{"href":"https:\/\/www.meydan.tv\/az\/wp-json\/wp\/v2\/posts\/197188","targetHints":{"allow":["GET"]}}],"collection":[{"href":"https:\/\/www.meydan.tv\/az\/wp-json\/wp\/v2\/posts"}],"about":[{"href":"https:\/\/www.meydan.tv\/az\/wp-json\/wp\/v2\/types\/post"}],"author":[{"embeddable":true,"href":"https:\/\/www.meydan.tv\/az\/wp-json\/wp\/v2\/users\/11"}],"replies":[{"embeddable":true,"href":"https:\/\/www.meydan.tv\/az\/wp-json\/wp\/v2\/comments?post=197188"}],"version-history":[{"count":0,"href":"https:\/\/www.meydan.tv\/az\/wp-json\/wp\/v2\/posts\/197188\/revisions"}],"wp:featuredmedia":[{"embeddable":true,"href":"https:\/\/www.meydan.tv\/az\/wp-json\/wp\/v2\/media\/130363"}],"wp:attachment":[{"href":"https:\/\/www.meydan.tv\/az\/wp-json\/wp\/v2\/media?parent=197188"}],"wp:term":[{"taxonomy":"category","embeddable":true,"href":"https:\/\/www.meydan.tv\/az\/wp-json\/wp\/v2\/categories?post=197188"},{"taxonomy":"post_tag","embeddable":true,"href":"https:\/\/www.meydan.tv\/az\/wp-json\/wp\/v2\/tags?post=197188"}],"curies":[{"name":"wp","href":"https:\/\/api.w.org\/{rel}","templated":true}]}}