{"id":197184,"date":"2019-09-28T05:43:20","date_gmt":"2019-09-28T05:43:20","guid":{"rendered":"https:\/\/www.meydan.tv\/article\/taleh-bagirzadenin-xanimina-ittiham-ireli-surulub\/"},"modified":"2019-09-28T05:43:20","modified_gmt":"2019-09-28T05:43:20","slug":"taleh-bagirzadenin-xanimina-ittiham-ireli-surulub","status":"publish","type":"post","link":"https:\/\/www.meydan.tv\/az\/article\/taleh-bagirzadenin-xanimina-ittiham-ireli-surulub\/","title":{"rendered":"Taleh Ba\u011f\u0131rzad\u0259nin xan\u0131m\u0131na ittiham ir\u0259li s\u00fcr\u00fcl\u00fcb"},"content":{"rendered":"<p>\n  <i><br \/>\n    Onun bar\u0259sind\u0259 ba\u015fqa yer\u0259 getm\u0259m\u0259y\u0259 dair iltizam q\u0259timkan t\u0259dbiri se\u00e7ilib<br \/>\n  <\/i>\n<\/p>\n<p>\n  \u201cM\u00fcs\u0259lman Birliyi\u201d H\u0259r\u0259kat\u0131n\u0131n s\u0259dri, h\u0259bsd\u0259 olan ilahiyyat\u00e7\u0131 Taleh Ba\u011f\u0131rzad\u0259nin h\u0259yat yolda\u015f\u0131 Leyla \u0130smay\u0131lzad\u0259 sentyabr\u0131n 27-d\u0259 \u018fdliyy\u0259 Nazirliyinin \u0130stintaq \u0130dar\u0259sind\u0259 dindirilib. L.\u0130smay\u0131lzad\u0259nin Meydan TV-y\u0259 bildirdiyin\u0259 g\u00f6r\u0259, idar\u0259d\u0259 ona qar\u015f\u0131 ittiham ir\u0259li s\u00fcr\u00fcl\u00fcb, t\u0259qsirl\u0259ndiril\u0259n \u015f\u0259xs qismind\u0259 dindirilib.\n<\/p>\n<p>\n  &quot;Cinay\u0259t M\u0259c\u0259ll\u0259sinin 317-1.1 madd\u0259sil\u0259 ittiham ir\u0259li s\u00fcr\u00fcld\u00fc. T\u0259qsirl\u0259ndiril\u0259n \u015f\u0259xs kimi ifad\u0259 verdim. M\u0259n\u0259 iltizama imza atd\u0131rd\u0131lar\u201d, &#8211; dey\u0259 L.\u0130smay\u0131lzad\u0259 bildirib.\n<\/p>\n<p>\n  Onun bar\u0259sind\u0259 ba\u015fqa yer\u0259 getm\u0259m\u0259y\u0259 dair iltizam q\u0259timkan t\u0259dbiri se\u00e7ilib.\n<\/p>\n<p>\n  L.\u0130smay\u0131lzad\u0259 deyir ki, ifad\u0259sind\u0259 \u00f6z\u00fcn\u00fc t\u0259qsirli bilm\u0259yib: &quot;Q\u0259r\u0259zsiz yana\u015fan ist\u0259nil\u0259n adam g\u00f6r\u00fcr ki, cinay\u0259t yoxdur. M\u0259n telefonu gizl\u0259tm\u0259mi\u015f\u0259m. Ham\u0131 bilir ki, Hac\u0131 (Taleh Ba\u011f\u0131rzad\u0259ni n\u0259z\u0259rd\u0259 tutur) h\u0259bsxanada t\u0259zyiq alt\u0131nda olub, onun yan\u0131na ged\u0259nl\u0259r nec\u0259 yoxlan\u0131l\u0131r. Birincisi, m\u0259n gizli telefon ke\u00e7irm\u0259yi \u00f6z\u00fcm\u0259 s\u0131\u011f\u0131\u015fd\u0131rmaram. \u0130kincisi, insan n\u0259 q\u0259d\u0259r a\u011fl\u0131n\u0131 itirm\u0259lidir ki, bel\u0259 yoxlaman\u0131 bil\u0259-bil\u0259 telefon ke\u00e7irm\u0259y\u0259 c\u0259hd el\u0259sin? U\u015faq ondan oyuncaq kimi istifad\u0259 edib. \u00d6zl\u0259ri d\u0259 ara\u015fd\u0131r\u0131b g\u00f6rd\u00fcl\u0259r ki, i\u015fl\u0259k telefon deyil. Telefonun enerji dolduran qur\u011fusu, i\u015fl\u0259k n\u00f6mr\u0259si yoxdursa, n\u0259y\u0259 laz\u0131md\u0131r o?&quot;\n<\/p>\n<p>\n  L.\u0130smay\u0131lzad\u0259 bu ilin mart\u0131nda \u00fc\u00e7 azya\u015fl\u0131 \u00f6vlad\u0131 il\u0259 birlikd\u0259 Novruz bayram\u0131 \u0259r\u0259f\u0259sind\u0259 Qobustan h\u0259bsxanas\u0131nda saxlan\u0131lan h\u0259yat yolda\u015f\u0131yla uzunm\u00fcdd\u0259tli (\u00fc\u00e7 g\u00fcnl\u00fck) g\u00f6r\u00fc\u015f\u0259 ged\u0259rk\u0259n ona telefon ke\u00e7irm\u0259y\u0259 c\u0259hdd\u0259 g\u00fcnahland\u0131r\u0131l\u0131rd\u0131. Bununla \u0259laq\u0259dar Penitensiar Xidm\u0259t d\u0259 r\u0259smi a\u00e7\u0131qlama yayaraq, L.\u0130smay\u0131lzad\u0259nin \u0259\u015fyalar\u0131na v\u0259 g\u0259tirdiyi sovqata bax\u0131\u015f ke\u00e7iril\u0259rk\u0259n u\u015faq \u00e7antas\u0131ndan oyuncaqlar\u0131n aras\u0131ndan \u201cSamsung\u201d markal\u0131 telefon tap\u0131ld\u0131\u011f\u0131n\u0131 bildirmi\u015fdi.\n<\/p>\n<p>\n  L.\u0130smay\u0131lzad\u0259 is\u0259 s\u00f6z\u00fcged\u0259n telefonun i\u015fl\u0259k v\u0259ziyy\u0259td\u0259 olmad\u0131\u011f\u0131n\u0131, \u00fc\u00e7 ya\u015fl\u0131 \u00f6vlad\u0131 Abbas\u0131n babas\u0131na m\u0259xsus h\u0259min telefondan oyuncaq kimi istifad\u0259 etdiyini, h\u0259bsxanaya ged\u0259rk\u0259n yaddan \u00e7\u0131x\u0131b oyuncaqlar\u0131n aras\u0131nda qald\u0131\u011f\u0131n\u0131 demi\u015fdi.\n<\/p>\n<p>\n  Buna baxmayaraq, \u018fdliyy\u0259 Nazirliyinin \u0130stintaq \u0130dar\u0259sind\u0259 ara\u015fd\u0131rmalar ba\u015fland\u0131. L.\u0130smay\u0131lzad\u0259nin s\u00f6zl\u0259rin\u0259 g\u00f6r\u0259, bundan \u00f6nc\u0259 iki d\u0259f\u0259 \u00f6z\u00fc, bir d\u0259f\u0259 d\u0259 qay\u0131natas\u0131 Kamil Ba\u011f\u0131rov idar\u0259d\u0259 dindirilib. \u00c7\u00fcnki telefon vaxtil\u0259 K.Ba\u011f\u0131rovun istifad\u0259sind\u0259 olub.\n<\/p>\n<p>\n  \u201cDaha sonra ekspertiza t\u0259yin edildi. Ekspert telefonun i\u015fl\u0259k olub-olmamas\u0131 haqda r\u0259y verm\u0259liydi. G\u00f6r\u00fcn\u00fcr, \u00f6zl\u0259rin\u0259 s\u0259rf el\u0259y\u0259n r\u0259yi al\u0131blar. M\u00fcst\u0259ntiq bir ay \u0259vv\u0259l d\u0259 m\u0259niml\u0259 \u0259laq\u0259 saxlam\u0131\u015fd\u0131. O zaman u\u015faqlarla rayonda idim\u201d, &#8211; dey\u0259 L.\u0130smay\u0131lzad\u0259 bildirib.\n<\/p>\n<p>\n  Onun fikrinc\u0259, m\u0259s\u0259l\u0259nin b\u00f6y\u00fcd\u00fclm\u0259si v\u0259 bar\u0259sind\u0259 cinay\u0259t i\u015fi ba\u015flanmas\u0131, m\u0259hk\u0259m\u0259 qar\u015f\u0131s\u0131na \u00e7\u0131xar\u0131lmas\u0131 h\u0259yat yolda\u015f\u0131n\u0131n prinsipial m\u00f6vqeyin\u0259 g\u00f6r\u0259 ona t\u0259zyiq g\u00f6st\u0259rm\u0259k m\u0259qs\u0259di g\u00fcd\u00fcr.\n<\/p>\n<p>\n  T.Ba\u011f\u0131rzad\u0259 2015-ci il noyabr\u0131n 26-da Nardaranda ke\u00e7iril\u0259n \u0259m\u0259liyyat zaman\u0131 h\u0259bs edilib. O, Bak\u0131 A\u011f\u0131r Cinay\u0259tl\u0259r M\u0259hk\u0259m\u0259sinin h\u00f6km\u00fcyl\u0259 20 il azadl\u0131qdan m\u0259hrum edilib.\n<\/p>\n<p>\n  T.Ba\u011f\u0131rzad\u0259 ona qar\u015f\u0131 ir\u0259li s\u00fcr\u00fclm\u00fc\u015f d\u00f6vl\u0259t \u00e7evrili\u015fin\u0259 c\u0259hd, terror\u00e7uluq v\u0259 s. ittihamlar\u0131n\u0131 q\u0259bul etmir, t\u0259qsirsiz oldu\u011funu deyir.<\/p>\n","protected":false},"excerpt":{"rendered":"<p>L.\u0130smay\u0131lzad\u0259 bu ilin mart\u0131nda \u00fc\u00e7 azya\u015fl\u0131 \u00f6vlad\u0131 il\u0259 birlikd\u0259 Novruz bayram\u0131 \u0259r\u0259f\u0259sind\u0259 Qobustan h\u0259bsxanas\u0131nda saxlan\u0131lan h\u0259yat yolda\u015f\u0131yla uzunm\u00fcdd\u0259tli (\u00fc\u00e7 g\u00fcnl\u00fck) g\u00f6r\u00fc\u015f\u0259 ged\u0259rk\u0259n ona telefon ke\u00e7irm\u0259y\u0259 c\u0259hdd\u0259 g\u00fcnahland\u0131r\u0131l\u0131rd\u0131.<\/p>\n","protected":false},"author":11,"featured_media":130300,"comment_status":"closed","ping_status":"open","sticky":false,"template":"","format":"standard","meta":{"_acf_changed":false,"_sitemap_exclude":false,"_sitemap_priority":"","_sitemap_frequency":"","footnotes":""},"categories":[59],"tags":[],"class_list":["post-197184","post","type-post","status-publish","format-standard","has-post-thumbnail","hentry","category-siyaset","infinite-scroll-item","generate-columns","tablet-grid-50","mobile-grid-100","grid-parent","grid-33","no-featured-image-padding"],"acf":[],"yoast_head":"<!-- This site is optimized with the Yoast SEO plugin v27.5 - https:\/\/yoast.com\/product\/yoast-seo-wordpress\/ -->\n<title>Taleh Ba\u011f\u0131rzad\u0259nin xan\u0131m\u0131na ittiham ir\u0259li s\u00fcr\u00fcl\u00fcb - MEYDAN.TV<\/title>\n<meta name=\"robots\" content=\"index, follow, max-snippet:-1, max-image-preview:large, max-video-preview:-1\" \/>\n<link rel=\"canonical\" href=\"https:\/\/www.meydan.tv\/az\/article\/taleh-bagirzadenin-xanimina-ittiham-ireli-surulub\/\" \/>\n<meta property=\"og:locale\" content=\"az_AZ\" \/>\n<meta property=\"og:type\" content=\"article\" \/>\n<meta property=\"og:title\" content=\"Taleh Ba\u011f\u0131rzad\u0259nin xan\u0131m\u0131na ittiham ir\u0259li s\u00fcr\u00fcl\u00fcb - MEYDAN.TV\" \/>\n<meta property=\"og:description\" content=\"L.\u0130smay\u0131lzad\u0259 bu ilin mart\u0131nda \u00fc\u00e7 azya\u015fl\u0131 \u00f6vlad\u0131 il\u0259 birlikd\u0259 Novruz bayram\u0131 \u0259r\u0259f\u0259sind\u0259 Qobustan h\u0259bsxanas\u0131nda saxlan\u0131lan h\u0259yat yolda\u015f\u0131yla uzunm\u00fcdd\u0259tli (\u00fc\u00e7 g\u00fcnl\u00fck) g\u00f6r\u00fc\u015f\u0259 ged\u0259rk\u0259n ona telefon ke\u00e7irm\u0259y\u0259 c\u0259hdd\u0259 g\u00fcnahland\u0131r\u0131l\u0131rd\u0131.\" \/>\n<meta property=\"og:url\" content=\"https:\/\/www.meydan.tv\/az\/article\/taleh-bagirzadenin-xanimina-ittiham-ireli-surulub\/\" \/>\n<meta property=\"og:site_name\" content=\"MEYDAN.TV\" \/>\n<meta property=\"article:published_time\" content=\"2019-09-28T05:43:20+00:00\" \/>\n<meta property=\"og:image\" content=\"https:\/\/www.meydan.tv\/wp-content\/uploads\/sayt-coveri_sxvleey.original.png\" \/>\n\t<meta property=\"og:image:width\" content=\"1000\" \/>\n\t<meta property=\"og:image:height\" content=\"555\" \/>\n\t<meta property=\"og:image:type\" content=\"image\/png\" \/>\n<meta name=\"author\" content=\"user-manager\" \/>\n<meta name=\"twitter:card\" content=\"summary_large_image\" \/>\n<script type=\"application\/ld+json\" class=\"yoast-schema-graph\">{\"@context\":\"https:\\\/\\\/schema.org\",\"@graph\":[{\"@type\":\"Article\",\"@id\":\"https:\\\/\\\/www.meydan.tv\\\/az\\\/article\\\/taleh-bagirzadenin-xanimina-ittiham-ireli-surulub\\\/#article\",\"isPartOf\":{\"@id\":\"https:\\\/\\\/www.meydan.tv\\\/az\\\/article\\\/taleh-bagirzadenin-xanimina-ittiham-ireli-surulub\\\/\"},\"author\":{\"name\":\"user-manager\",\"@id\":\"https:\\\/\\\/www.meydan.tv\\\/az\\\/#\\\/schema\\\/person\\\/10d11eccf6da3662cf5fdab9806ea91a\"},\"headline\":\"Taleh Ba\u011f\u0131rzad\u0259nin xan\u0131m\u0131na ittiham ir\u0259li s\u00fcr\u00fcl\u00fcb\",\"datePublished\":\"2019-09-28T05:43:20+00:00\",\"mainEntityOfPage\":{\"@id\":\"https:\\\/\\\/www.meydan.tv\\\/az\\\/article\\\/taleh-bagirzadenin-xanimina-ittiham-ireli-surulub\\\/\"},\"wordCount\":659,\"publisher\":{\"@id\":\"https:\\\/\\\/www.meydan.tv\\\/az\\\/#organization\"},\"image\":{\"@id\":\"https:\\\/\\\/www.meydan.tv\\\/az\\\/article\\\/taleh-bagirzadenin-xanimina-ittiham-ireli-surulub\\\/#primaryimage\"},\"thumbnailUrl\":\"https:\\\/\\\/www.meydan.tv\\\/wp-content\\\/uploads\\\/sayt-coveri_sxvleey.original.png\",\"articleSection\":[\"Siyas\u0259t\"],\"inLanguage\":\"az\"},{\"@type\":\"WebPage\",\"@id\":\"https:\\\/\\\/www.meydan.tv\\\/az\\\/article\\\/taleh-bagirzadenin-xanimina-ittiham-ireli-surulub\\\/\",\"url\":\"https:\\\/\\\/www.meydan.tv\\\/az\\\/article\\\/taleh-bagirzadenin-xanimina-ittiham-ireli-surulub\\\/\",\"name\":\"Taleh Ba\u011f\u0131rzad\u0259nin xan\u0131m\u0131na ittiham ir\u0259li s\u00fcr\u00fcl\u00fcb - MEYDAN.TV\",\"isPartOf\":{\"@id\":\"https:\\\/\\\/www.meydan.tv\\\/az\\\/#website\"},\"primaryImageOfPage\":{\"@id\":\"https:\\\/\\\/www.meydan.tv\\\/az\\\/article\\\/taleh-bagirzadenin-xanimina-ittiham-ireli-surulub\\\/#primaryimage\"},\"image\":{\"@id\":\"https:\\\/\\\/www.meydan.tv\\\/az\\\/article\\\/taleh-bagirzadenin-xanimina-ittiham-ireli-surulub\\\/#primaryimage\"},\"thumbnailUrl\":\"https:\\\/\\\/www.meydan.tv\\\/wp-content\\\/uploads\\\/sayt-coveri_sxvleey.original.png\",\"datePublished\":\"2019-09-28T05:43:20+00:00\",\"breadcrumb\":{\"@id\":\"https:\\\/\\\/www.meydan.tv\\\/az\\\/article\\\/taleh-bagirzadenin-xanimina-ittiham-ireli-surulub\\\/#breadcrumb\"},\"inLanguage\":\"az\",\"potentialAction\":[{\"@type\":\"ReadAction\",\"target\":[\"https:\\\/\\\/www.meydan.tv\\\/az\\\/article\\\/taleh-bagirzadenin-xanimina-ittiham-ireli-surulub\\\/\"]}]},{\"@type\":\"ImageObject\",\"inLanguage\":\"az\",\"@id\":\"https:\\\/\\\/www.meydan.tv\\\/az\\\/article\\\/taleh-bagirzadenin-xanimina-ittiham-ireli-surulub\\\/#primaryimage\",\"url\":\"https:\\\/\\\/www.meydan.tv\\\/wp-content\\\/uploads\\\/sayt-coveri_sxvleey.original.png\",\"contentUrl\":\"https:\\\/\\\/www.meydan.tv\\\/wp-content\\\/uploads\\\/sayt-coveri_sxvleey.original.png\",\"width\":1000,\"height\":555,\"caption\":\"Source: Meydan TV\"},{\"@type\":\"BreadcrumbList\",\"@id\":\"https:\\\/\\\/www.meydan.tv\\\/az\\\/article\\\/taleh-bagirzadenin-xanimina-ittiham-ireli-surulub\\\/#breadcrumb\",\"itemListElement\":[{\"@type\":\"ListItem\",\"position\":1,\"name\":\"Ana s\u0259hif\u0259\",\"item\":\"https:\\\/\\\/www.meydan.tv\\\/az\\\/\"},{\"@type\":\"ListItem\",\"position\":2,\"name\":\"Siyas\u0259t\",\"item\":\"https:\\\/\\\/www.meydan.tv\\\/az\\\/section\\\/siyaset\\\/\"},{\"@type\":\"ListItem\",\"position\":3,\"name\":\"Taleh Ba\u011f\u0131rzad\u0259nin xan\u0131m\u0131na ittiham ir\u0259li s\u00fcr\u00fcl\u00fcb\"}]},{\"@type\":\"WebSite\",\"@id\":\"https:\\\/\\\/www.meydan.tv\\\/az\\\/#website\",\"url\":\"https:\\\/\\\/www.meydan.tv\\\/az\\\/\",\"name\":\"MEYDAN.TV\",\"description\":\"Meydan TV Az\u0259rbaycan\u0131n media m\u0259kan\u0131ndak\u0131 alternativ s\u0259sidir\",\"publisher\":{\"@id\":\"https:\\\/\\\/www.meydan.tv\\\/az\\\/#organization\"},\"potentialAction\":[{\"@type\":\"SearchAction\",\"target\":{\"@type\":\"EntryPoint\",\"urlTemplate\":\"https:\\\/\\\/www.meydan.tv\\\/az\\\/?s={search_term_string}\"},\"query-input\":{\"@type\":\"PropertyValueSpecification\",\"valueRequired\":true,\"valueName\":\"search_term_string\"}}],\"inLanguage\":\"az\"},{\"@type\":\"Organization\",\"@id\":\"https:\\\/\\\/www.meydan.tv\\\/az\\\/#organization\",\"name\":\"Meydan TV\",\"url\":\"https:\\\/\\\/www.meydan.tv\\\/az\\\/\",\"logo\":{\"@type\":\"ImageObject\",\"inLanguage\":\"az\",\"@id\":\"https:\\\/\\\/www.meydan.tv\\\/az\\\/#\\\/schema\\\/logo\\\/image\\\/\",\"url\":\"https:\\\/\\\/www.meydan.tv\\\/wp-content\\\/uploads\\\/2021\\\/07\\\/meydan-logo.svg\",\"contentUrl\":\"https:\\\/\\\/www.meydan.tv\\\/wp-content\\\/uploads\\\/2021\\\/07\\\/meydan-logo.svg\",\"width\":195,\"height\":46,\"caption\":\"Meydan TV\"},\"image\":{\"@id\":\"https:\\\/\\\/www.meydan.tv\\\/az\\\/#\\\/schema\\\/logo\\\/image\\\/\"}},{\"@type\":\"Person\",\"@id\":\"https:\\\/\\\/www.meydan.tv\\\/az\\\/#\\\/schema\\\/person\\\/10d11eccf6da3662cf5fdab9806ea91a\",\"name\":\"user-manager\"}]}<\/script>\n<!-- \/ Yoast SEO plugin. -->","yoast_head_json":{"title":"Taleh Ba\u011f\u0131rzad\u0259nin xan\u0131m\u0131na ittiham ir\u0259li s\u00fcr\u00fcl\u00fcb - MEYDAN.TV","robots":{"index":"index","follow":"follow","max-snippet":"max-snippet:-1","max-image-preview":"max-image-preview:large","max-video-preview":"max-video-preview:-1"},"canonical":"https:\/\/www.meydan.tv\/az\/article\/taleh-bagirzadenin-xanimina-ittiham-ireli-surulub\/","og_locale":"az_AZ","og_type":"article","og_title":"Taleh Ba\u011f\u0131rzad\u0259nin xan\u0131m\u0131na ittiham ir\u0259li s\u00fcr\u00fcl\u00fcb - MEYDAN.TV","og_description":"L.\u0130smay\u0131lzad\u0259 bu ilin mart\u0131nda \u00fc\u00e7 azya\u015fl\u0131 \u00f6vlad\u0131 il\u0259 birlikd\u0259 Novruz bayram\u0131 \u0259r\u0259f\u0259sind\u0259 Qobustan h\u0259bsxanas\u0131nda saxlan\u0131lan h\u0259yat yolda\u015f\u0131yla uzunm\u00fcdd\u0259tli (\u00fc\u00e7 g\u00fcnl\u00fck) g\u00f6r\u00fc\u015f\u0259 ged\u0259rk\u0259n ona telefon ke\u00e7irm\u0259y\u0259 c\u0259hdd\u0259 g\u00fcnahland\u0131r\u0131l\u0131rd\u0131.","og_url":"https:\/\/www.meydan.tv\/az\/article\/taleh-bagirzadenin-xanimina-ittiham-ireli-surulub\/","og_site_name":"MEYDAN.TV","article_published_time":"2019-09-28T05:43:20+00:00","og_image":[{"width":1000,"height":555,"url":"https:\/\/www.meydan.tv\/wp-content\/uploads\/sayt-coveri_sxvleey.original.png","type":"image\/png"}],"author":"user-manager","twitter_card":"summary_large_image","schema":{"@context":"https:\/\/schema.org","@graph":[{"@type":"Article","@id":"https:\/\/www.meydan.tv\/az\/article\/taleh-bagirzadenin-xanimina-ittiham-ireli-surulub\/#article","isPartOf":{"@id":"https:\/\/www.meydan.tv\/az\/article\/taleh-bagirzadenin-xanimina-ittiham-ireli-surulub\/"},"author":{"name":"user-manager","@id":"https:\/\/www.meydan.tv\/az\/#\/schema\/person\/10d11eccf6da3662cf5fdab9806ea91a"},"headline":"Taleh Ba\u011f\u0131rzad\u0259nin xan\u0131m\u0131na ittiham ir\u0259li s\u00fcr\u00fcl\u00fcb","datePublished":"2019-09-28T05:43:20+00:00","mainEntityOfPage":{"@id":"https:\/\/www.meydan.tv\/az\/article\/taleh-bagirzadenin-xanimina-ittiham-ireli-surulub\/"},"wordCount":659,"publisher":{"@id":"https:\/\/www.meydan.tv\/az\/#organization"},"image":{"@id":"https:\/\/www.meydan.tv\/az\/article\/taleh-bagirzadenin-xanimina-ittiham-ireli-surulub\/#primaryimage"},"thumbnailUrl":"https:\/\/www.meydan.tv\/wp-content\/uploads\/sayt-coveri_sxvleey.original.png","articleSection":["Siyas\u0259t"],"inLanguage":"az"},{"@type":"WebPage","@id":"https:\/\/www.meydan.tv\/az\/article\/taleh-bagirzadenin-xanimina-ittiham-ireli-surulub\/","url":"https:\/\/www.meydan.tv\/az\/article\/taleh-bagirzadenin-xanimina-ittiham-ireli-surulub\/","name":"Taleh Ba\u011f\u0131rzad\u0259nin xan\u0131m\u0131na ittiham ir\u0259li s\u00fcr\u00fcl\u00fcb - MEYDAN.TV","isPartOf":{"@id":"https:\/\/www.meydan.tv\/az\/#website"},"primaryImageOfPage":{"@id":"https:\/\/www.meydan.tv\/az\/article\/taleh-bagirzadenin-xanimina-ittiham-ireli-surulub\/#primaryimage"},"image":{"@id":"https:\/\/www.meydan.tv\/az\/article\/taleh-bagirzadenin-xanimina-ittiham-ireli-surulub\/#primaryimage"},"thumbnailUrl":"https:\/\/www.meydan.tv\/wp-content\/uploads\/sayt-coveri_sxvleey.original.png","datePublished":"2019-09-28T05:43:20+00:00","breadcrumb":{"@id":"https:\/\/www.meydan.tv\/az\/article\/taleh-bagirzadenin-xanimina-ittiham-ireli-surulub\/#breadcrumb"},"inLanguage":"az","potentialAction":[{"@type":"ReadAction","target":["https:\/\/www.meydan.tv\/az\/article\/taleh-bagirzadenin-xanimina-ittiham-ireli-surulub\/"]}]},{"@type":"ImageObject","inLanguage":"az","@id":"https:\/\/www.meydan.tv\/az\/article\/taleh-bagirzadenin-xanimina-ittiham-ireli-surulub\/#primaryimage","url":"https:\/\/www.meydan.tv\/wp-content\/uploads\/sayt-coveri_sxvleey.original.png","contentUrl":"https:\/\/www.meydan.tv\/wp-content\/uploads\/sayt-coveri_sxvleey.original.png","width":1000,"height":555,"caption":"Source: Meydan TV"},{"@type":"BreadcrumbList","@id":"https:\/\/www.meydan.tv\/az\/article\/taleh-bagirzadenin-xanimina-ittiham-ireli-surulub\/#breadcrumb","itemListElement":[{"@type":"ListItem","position":1,"name":"Ana s\u0259hif\u0259","item":"https:\/\/www.meydan.tv\/az\/"},{"@type":"ListItem","position":2,"name":"Siyas\u0259t","item":"https:\/\/www.meydan.tv\/az\/section\/siyaset\/"},{"@type":"ListItem","position":3,"name":"Taleh Ba\u011f\u0131rzad\u0259nin xan\u0131m\u0131na ittiham ir\u0259li s\u00fcr\u00fcl\u00fcb"}]},{"@type":"WebSite","@id":"https:\/\/www.meydan.tv\/az\/#website","url":"https:\/\/www.meydan.tv\/az\/","name":"MEYDAN.TV","description":"Meydan TV Az\u0259rbaycan\u0131n media m\u0259kan\u0131ndak\u0131 alternativ s\u0259sidir","publisher":{"@id":"https:\/\/www.meydan.tv\/az\/#organization"},"potentialAction":[{"@type":"SearchAction","target":{"@type":"EntryPoint","urlTemplate":"https:\/\/www.meydan.tv\/az\/?s={search_term_string}"},"query-input":{"@type":"PropertyValueSpecification","valueRequired":true,"valueName":"search_term_string"}}],"inLanguage":"az"},{"@type":"Organization","@id":"https:\/\/www.meydan.tv\/az\/#organization","name":"Meydan TV","url":"https:\/\/www.meydan.tv\/az\/","logo":{"@type":"ImageObject","inLanguage":"az","@id":"https:\/\/www.meydan.tv\/az\/#\/schema\/logo\/image\/","url":"https:\/\/www.meydan.tv\/wp-content\/uploads\/2021\/07\/meydan-logo.svg","contentUrl":"https:\/\/www.meydan.tv\/wp-content\/uploads\/2021\/07\/meydan-logo.svg","width":195,"height":46,"caption":"Meydan TV"},"image":{"@id":"https:\/\/www.meydan.tv\/az\/#\/schema\/logo\/image\/"}},{"@type":"Person","@id":"https:\/\/www.meydan.tv\/az\/#\/schema\/person\/10d11eccf6da3662cf5fdab9806ea91a","name":"user-manager"}]}},"_links":{"self":[{"href":"https:\/\/www.meydan.tv\/az\/wp-json\/wp\/v2\/posts\/197184","targetHints":{"allow":["GET"]}}],"collection":[{"href":"https:\/\/www.meydan.tv\/az\/wp-json\/wp\/v2\/posts"}],"about":[{"href":"https:\/\/www.meydan.tv\/az\/wp-json\/wp\/v2\/types\/post"}],"author":[{"embeddable":true,"href":"https:\/\/www.meydan.tv\/az\/wp-json\/wp\/v2\/users\/11"}],"replies":[{"embeddable":true,"href":"https:\/\/www.meydan.tv\/az\/wp-json\/wp\/v2\/comments?post=197184"}],"version-history":[{"count":0,"href":"https:\/\/www.meydan.tv\/az\/wp-json\/wp\/v2\/posts\/197184\/revisions"}],"wp:featuredmedia":[{"embeddable":true,"href":"https:\/\/www.meydan.tv\/az\/wp-json\/wp\/v2\/media\/130300"}],"wp:attachment":[{"href":"https:\/\/www.meydan.tv\/az\/wp-json\/wp\/v2\/media?parent=197184"}],"wp:term":[{"taxonomy":"category","embeddable":true,"href":"https:\/\/www.meydan.tv\/az\/wp-json\/wp\/v2\/categories?post=197184"},{"taxonomy":"post_tag","embeddable":true,"href":"https:\/\/www.meydan.tv\/az\/wp-json\/wp\/v2\/tags?post=197184"}],"curies":[{"name":"wp","href":"https:\/\/api.w.org\/{rel}","templated":true}]}}