{"id":197182,"date":"2019-09-27T20:24:16","date_gmt":"2019-09-27T20:24:16","guid":{"rendered":"https:\/\/www.meydan.tv\/article\/cinin-uygurlara-qarsi-repressiya-kampaniyasi-qinanilib\/"},"modified":"2019-09-27T20:24:16","modified_gmt":"2019-09-27T20:24:16","slug":"cinin-uygurlara-qarsi-repressiya-kampaniyasi-qinanilib","status":"publish","type":"post","link":"https:\/\/www.meydan.tv\/az\/article\/cinin-uygurlara-qarsi-repressiya-kampaniyasi-qinanilib\/","title":{"rendered":"\u00c7inin uy\u011furlara qar\u015f\u0131 repressiya kampaniyas\u0131 q\u0131nan\u0131l\u0131b"},"content":{"rendered":"<p>\n  AB\u015e v\u0259 30-dan \u00e7ox \u00f6lk\u0259 \u00c7inin \u00f6lk\u0259nin Sincan b\u00f6lg\u0259sind\u0259 m\u0259skunla\u015fm\u0131\u015f uy\u011fur m\u00fcs\u0259lman azl\u0131\u011f\u0131na qar\u015f\u0131 davam etdirdiyi repressiya kampaniyas\u0131n\u0131 q\u0131nay\u0131b.\n<\/p>\n<p>\n  D\u00fcnya liderl\u0259ri \u00e7\u0259r\u015f\u0259nb\u0259 ax\u015fam\u0131 Birl\u0259\u015fmi\u015f Mill\u0259tl\u0259r T\u0259\u015fkilat\u0131n\u0131n Ba\u015f Assambleyas\u0131n\u0131n (UNGA) illik toplant\u0131s\u0131nda bir araya g\u0259libl\u0259r v\u0259 uy\u011fur m\u00fcs\u0259lmanlar\u0131n\u0131n v\u0259ziyy\u0259tini m\u00fczakir\u0259 edibl\u0259r.\n<\/p>\n<p>\n  D\u00f6vl\u0259t katibinin m\u00fcavini Con Sullivan deyib ki, BMT v\u0259 onun \u00fczv d\u00f6vl\u0259tl\u0259ri d\u00f6vl\u0259t repressiyalar\u0131n\u0131n qurbanlar\u0131n\u0131n m\u00fcdafi\u0259sin\u0259 qalxmaq \u00fc\u00e7\u00fcn m\u0259suliyy\u0259t da\u015f\u0131y\u0131r.\n<\/p>\n<p>\n  Sullivan h\u0259m\u00e7inin deyib ki, \u00fczv d\u00f6vl\u0259tl\u0259r d\u00fcnya birliyinin \u00c7in t\u0259r\u0259find\u0259n insan haqlar\u0131 pozuntular\u0131n\u0131 yax\u0131ndan izl\u0259m\u0259sin\u0259 v\u0259 BMT-nin \u0130nsan H\u00fcquqlar\u0131 \u00fczr\u0259 Ali Komissarl\u0131\u011f\u0131n\u0131n Sincan \u015f\u0259h\u0259rin\u0259 &quot;t\u0259cili, mane\u0259siz v\u0259 monitorsuz&quot; daxil olmas\u0131na t\u0259minat verm\u0259lidir.\n<\/p>\n<p>\n  O\u00a0\u00a0\u0259lav\u0259 edib ki, BMT-nin toplant\u0131s\u0131 Kanada, Almaniya, Hollandiya v\u0259 \u0130ngilt\u0259r\u0259 t\u0259r\u0259find\u0259n d\u0259st\u0259kl\u0259nib v\u0259 toplant\u0131ya BMT-nin 30-dan \u00e7ox d\u00f6vl\u0259ti, Avropa Birliyinin n\u00fcmay\u0259nd\u0259l\u0259ri v\u0259 20-d\u0259n \u00e7ox qeyri-h\u00f6kum\u0259t t\u0259\u015fkilat\u0131, el\u0259c\u0259 d\u0259 uy\u011fur qurbanlar\u0131n\u0131n \u00fczvl\u0259ri qat\u0131l\u0131blar.\n<\/p>\n<p>\n  \u201cBiz ba\u015fqalar\u0131n\u0131 da \u00c7inin bu d\u0259h\u015f\u0259tli repressiya kampaniyas\u0131na d\u0259rhal son qoyma\u011f\u0131 t\u0259l\u0259b etm\u0259k \u00fc\u00e7\u00fcn beyn\u0259lxalq s\u0259yl\u0259r\u0259 qo\u015fulma\u011fa d\u0259v\u0259t edirik,\u201d &#8211; o deyib.\n<\/p>\n<p>\n  BMT-nin insan haqlar\u0131 \u00fczr\u0259 r\u0259hb\u0259ri Mi\u015fel Ba\u00e7elet (Michelle Bachelet) \u00c7ini d\u0259f\u0259l\u0259rl\u0259 \u00e7a\u011f\u0131r\u0131b ki, d\u00fcnya birliyinin itkin d\u00fc\u015fm\u00fc\u015f insanlar, \u00f6zba\u015f\u0131na h\u0259bsl\u0259rl\u0259 ba\u011fl\u0131 m\u0259lumatlar\u0131 yerind\u0259 ara\u015fd\u0131rmas\u0131 \u00fc\u00e7\u00fcn qurumun Sincana daxil olmas\u0131na icaz\u0259 versin.\n<\/p>\n<p>\n  AB\u015e-\u0131n BMT-nin Ba\u015f Assambleyas\u0131ndak\u0131 s\u0259yl\u0259ri il\u0259 ba\u011fl\u0131 Pekind\u0259 jurnalistl\u0259rin suallar\u0131n\u0131 cavablayan \u00c7in Xarici \u0130\u015fl\u0259r Nazirliyinin s\u00f6zc\u00fcs\u00fc Geng Shuang deyib ki, Va\u015finqton insan h\u00fcquqlar\u0131 ad\u0131 alt\u0131nda ba\u015fqalar\u0131n\u0131n daxili i\u015fl\u0259rin\u0259 m\u00fcdaxil\u0259 etm\u0259yi dayand\u0131rmal\u0131d\u0131r.<\/p>\n","protected":false},"excerpt":{"rendered":"<p>Kampaniyaya 30-dan art\u0131q \u00f6lk\u0259 qo\u015fulub<\/p>\n","protected":false},"author":11,"featured_media":130348,"comment_status":"closed","ping_status":"open","sticky":false,"template":"","format":"standard","meta":{"_acf_changed":false,"_sitemap_exclude":false,"_sitemap_priority":"","_sitemap_frequency":"","footnotes":""},"categories":[64],"tags":[],"class_list":["post-197182","post","type-post","status-publish","format-standard","has-post-thumbnail","hentry","category-dunya","infinite-scroll-item","generate-columns","tablet-grid-50","mobile-grid-100","grid-parent","grid-33","no-featured-image-padding"],"acf":[],"yoast_head":"<!-- This site is optimized with the Yoast SEO plugin v27.5 - https:\/\/yoast.com\/product\/yoast-seo-wordpress\/ -->\n<title>\u00c7inin uy\u011furlara qar\u015f\u0131 repressiya kampaniyas\u0131 q\u0131nan\u0131l\u0131b - MEYDAN.TV<\/title>\n<meta name=\"robots\" content=\"index, follow, max-snippet:-1, max-image-preview:large, max-video-preview:-1\" \/>\n<link rel=\"canonical\" href=\"https:\/\/www.meydan.tv\/az\/article\/cinin-uygurlara-qarsi-repressiya-kampaniyasi-qinanilib\/\" \/>\n<meta property=\"og:locale\" content=\"az_AZ\" \/>\n<meta property=\"og:type\" content=\"article\" \/>\n<meta property=\"og:title\" content=\"\u00c7inin uy\u011furlara qar\u015f\u0131 repressiya kampaniyas\u0131 q\u0131nan\u0131l\u0131b - MEYDAN.TV\" \/>\n<meta property=\"og:description\" content=\"Kampaniyaya 30-dan art\u0131q \u00f6lk\u0259 qo\u015fulub\" \/>\n<meta property=\"og:url\" content=\"https:\/\/www.meydan.tv\/az\/article\/cinin-uygurlara-qarsi-repressiya-kampaniyasi-qinanilib\/\" \/>\n<meta property=\"og:site_name\" content=\"MEYDAN.TV\" \/>\n<meta property=\"article:published_time\" content=\"2019-09-27T20:24:16+00:00\" \/>\n<meta property=\"og:image\" content=\"https:\/\/www.meydan.tv\/wp-content\/uploads\/1-7c-g3qky4iug9nv7buxivq.jpg\" \/>\n\t<meta property=\"og:image:width\" content=\"1200\" \/>\n\t<meta property=\"og:image:height\" content=\"807\" \/>\n\t<meta property=\"og:image:type\" content=\"image\/jpeg\" \/>\n<meta name=\"author\" content=\"user-manager\" \/>\n<meta name=\"twitter:card\" content=\"summary_large_image\" \/>\n<script type=\"application\/ld+json\" class=\"yoast-schema-graph\">{\"@context\":\"https:\\\/\\\/schema.org\",\"@graph\":[{\"@type\":\"Article\",\"@id\":\"https:\\\/\\\/www.meydan.tv\\\/az\\\/article\\\/cinin-uygurlara-qarsi-repressiya-kampaniyasi-qinanilib\\\/#article\",\"isPartOf\":{\"@id\":\"https:\\\/\\\/www.meydan.tv\\\/az\\\/article\\\/cinin-uygurlara-qarsi-repressiya-kampaniyasi-qinanilib\\\/\"},\"author\":{\"name\":\"user-manager\",\"@id\":\"https:\\\/\\\/www.meydan.tv\\\/az\\\/#\\\/schema\\\/person\\\/10d11eccf6da3662cf5fdab9806ea91a\"},\"headline\":\"\u00c7inin uy\u011furlara qar\u015f\u0131 repressiya kampaniyas\u0131 q\u0131nan\u0131l\u0131b\",\"datePublished\":\"2019-09-27T20:24:16+00:00\",\"mainEntityOfPage\":{\"@id\":\"https:\\\/\\\/www.meydan.tv\\\/az\\\/article\\\/cinin-uygurlara-qarsi-repressiya-kampaniyasi-qinanilib\\\/\"},\"wordCount\":383,\"publisher\":{\"@id\":\"https:\\\/\\\/www.meydan.tv\\\/az\\\/#organization\"},\"image\":{\"@id\":\"https:\\\/\\\/www.meydan.tv\\\/az\\\/article\\\/cinin-uygurlara-qarsi-repressiya-kampaniyasi-qinanilib\\\/#primaryimage\"},\"thumbnailUrl\":\"https:\\\/\\\/www.meydan.tv\\\/wp-content\\\/uploads\\\/1-7c-g3qky4iug9nv7buxivq.jpg\",\"articleSection\":[\"D\u00fcnya\"],\"inLanguage\":\"az\"},{\"@type\":\"WebPage\",\"@id\":\"https:\\\/\\\/www.meydan.tv\\\/az\\\/article\\\/cinin-uygurlara-qarsi-repressiya-kampaniyasi-qinanilib\\\/\",\"url\":\"https:\\\/\\\/www.meydan.tv\\\/az\\\/article\\\/cinin-uygurlara-qarsi-repressiya-kampaniyasi-qinanilib\\\/\",\"name\":\"\u00c7inin uy\u011furlara qar\u015f\u0131 repressiya kampaniyas\u0131 q\u0131nan\u0131l\u0131b - MEYDAN.TV\",\"isPartOf\":{\"@id\":\"https:\\\/\\\/www.meydan.tv\\\/az\\\/#website\"},\"primaryImageOfPage\":{\"@id\":\"https:\\\/\\\/www.meydan.tv\\\/az\\\/article\\\/cinin-uygurlara-qarsi-repressiya-kampaniyasi-qinanilib\\\/#primaryimage\"},\"image\":{\"@id\":\"https:\\\/\\\/www.meydan.tv\\\/az\\\/article\\\/cinin-uygurlara-qarsi-repressiya-kampaniyasi-qinanilib\\\/#primaryimage\"},\"thumbnailUrl\":\"https:\\\/\\\/www.meydan.tv\\\/wp-content\\\/uploads\\\/1-7c-g3qky4iug9nv7buxivq.jpg\",\"datePublished\":\"2019-09-27T20:24:16+00:00\",\"breadcrumb\":{\"@id\":\"https:\\\/\\\/www.meydan.tv\\\/az\\\/article\\\/cinin-uygurlara-qarsi-repressiya-kampaniyasi-qinanilib\\\/#breadcrumb\"},\"inLanguage\":\"az\",\"potentialAction\":[{\"@type\":\"ReadAction\",\"target\":[\"https:\\\/\\\/www.meydan.tv\\\/az\\\/article\\\/cinin-uygurlara-qarsi-repressiya-kampaniyasi-qinanilib\\\/\"]}]},{\"@type\":\"ImageObject\",\"inLanguage\":\"az\",\"@id\":\"https:\\\/\\\/www.meydan.tv\\\/az\\\/article\\\/cinin-uygurlara-qarsi-repressiya-kampaniyasi-qinanilib\\\/#primaryimage\",\"url\":\"https:\\\/\\\/www.meydan.tv\\\/wp-content\\\/uploads\\\/1-7c-g3qky4iug9nv7buxivq.jpg\",\"contentUrl\":\"https:\\\/\\\/www.meydan.tv\\\/wp-content\\\/uploads\\\/1-7c-g3qky4iug9nv7buxivq.jpg\",\"width\":1200,\"height\":807,\"caption\":\"Source: Google\"},{\"@type\":\"BreadcrumbList\",\"@id\":\"https:\\\/\\\/www.meydan.tv\\\/az\\\/article\\\/cinin-uygurlara-qarsi-repressiya-kampaniyasi-qinanilib\\\/#breadcrumb\",\"itemListElement\":[{\"@type\":\"ListItem\",\"position\":1,\"name\":\"Ana s\u0259hif\u0259\",\"item\":\"https:\\\/\\\/www.meydan.tv\\\/az\\\/\"},{\"@type\":\"ListItem\",\"position\":2,\"name\":\"D\u00fcnya\",\"item\":\"https:\\\/\\\/www.meydan.tv\\\/az\\\/section\\\/dunya\\\/\"},{\"@type\":\"ListItem\",\"position\":3,\"name\":\"\u00c7inin uy\u011furlara qar\u015f\u0131 repressiya kampaniyas\u0131 q\u0131nan\u0131l\u0131b\"}]},{\"@type\":\"WebSite\",\"@id\":\"https:\\\/\\\/www.meydan.tv\\\/az\\\/#website\",\"url\":\"https:\\\/\\\/www.meydan.tv\\\/az\\\/\",\"name\":\"MEYDAN.TV\",\"description\":\"Meydan TV Az\u0259rbaycan\u0131n media m\u0259kan\u0131ndak\u0131 alternativ s\u0259sidir\",\"publisher\":{\"@id\":\"https:\\\/\\\/www.meydan.tv\\\/az\\\/#organization\"},\"potentialAction\":[{\"@type\":\"SearchAction\",\"target\":{\"@type\":\"EntryPoint\",\"urlTemplate\":\"https:\\\/\\\/www.meydan.tv\\\/az\\\/?s={search_term_string}\"},\"query-input\":{\"@type\":\"PropertyValueSpecification\",\"valueRequired\":true,\"valueName\":\"search_term_string\"}}],\"inLanguage\":\"az\"},{\"@type\":\"Organization\",\"@id\":\"https:\\\/\\\/www.meydan.tv\\\/az\\\/#organization\",\"name\":\"Meydan TV\",\"url\":\"https:\\\/\\\/www.meydan.tv\\\/az\\\/\",\"logo\":{\"@type\":\"ImageObject\",\"inLanguage\":\"az\",\"@id\":\"https:\\\/\\\/www.meydan.tv\\\/az\\\/#\\\/schema\\\/logo\\\/image\\\/\",\"url\":\"https:\\\/\\\/www.meydan.tv\\\/wp-content\\\/uploads\\\/2021\\\/07\\\/meydan-logo.svg\",\"contentUrl\":\"https:\\\/\\\/www.meydan.tv\\\/wp-content\\\/uploads\\\/2021\\\/07\\\/meydan-logo.svg\",\"width\":195,\"height\":46,\"caption\":\"Meydan TV\"},\"image\":{\"@id\":\"https:\\\/\\\/www.meydan.tv\\\/az\\\/#\\\/schema\\\/logo\\\/image\\\/\"}},{\"@type\":\"Person\",\"@id\":\"https:\\\/\\\/www.meydan.tv\\\/az\\\/#\\\/schema\\\/person\\\/10d11eccf6da3662cf5fdab9806ea91a\",\"name\":\"user-manager\"}]}<\/script>\n<!-- \/ Yoast SEO plugin. -->","yoast_head_json":{"title":"\u00c7inin uy\u011furlara qar\u015f\u0131 repressiya kampaniyas\u0131 q\u0131nan\u0131l\u0131b - MEYDAN.TV","robots":{"index":"index","follow":"follow","max-snippet":"max-snippet:-1","max-image-preview":"max-image-preview:large","max-video-preview":"max-video-preview:-1"},"canonical":"https:\/\/www.meydan.tv\/az\/article\/cinin-uygurlara-qarsi-repressiya-kampaniyasi-qinanilib\/","og_locale":"az_AZ","og_type":"article","og_title":"\u00c7inin uy\u011furlara qar\u015f\u0131 repressiya kampaniyas\u0131 q\u0131nan\u0131l\u0131b - MEYDAN.TV","og_description":"Kampaniyaya 30-dan art\u0131q \u00f6lk\u0259 qo\u015fulub","og_url":"https:\/\/www.meydan.tv\/az\/article\/cinin-uygurlara-qarsi-repressiya-kampaniyasi-qinanilib\/","og_site_name":"MEYDAN.TV","article_published_time":"2019-09-27T20:24:16+00:00","og_image":[{"width":1200,"height":807,"url":"https:\/\/www.meydan.tv\/wp-content\/uploads\/1-7c-g3qky4iug9nv7buxivq.jpg","type":"image\/jpeg"}],"author":"user-manager","twitter_card":"summary_large_image","schema":{"@context":"https:\/\/schema.org","@graph":[{"@type":"Article","@id":"https:\/\/www.meydan.tv\/az\/article\/cinin-uygurlara-qarsi-repressiya-kampaniyasi-qinanilib\/#article","isPartOf":{"@id":"https:\/\/www.meydan.tv\/az\/article\/cinin-uygurlara-qarsi-repressiya-kampaniyasi-qinanilib\/"},"author":{"name":"user-manager","@id":"https:\/\/www.meydan.tv\/az\/#\/schema\/person\/10d11eccf6da3662cf5fdab9806ea91a"},"headline":"\u00c7inin uy\u011furlara qar\u015f\u0131 repressiya kampaniyas\u0131 q\u0131nan\u0131l\u0131b","datePublished":"2019-09-27T20:24:16+00:00","mainEntityOfPage":{"@id":"https:\/\/www.meydan.tv\/az\/article\/cinin-uygurlara-qarsi-repressiya-kampaniyasi-qinanilib\/"},"wordCount":383,"publisher":{"@id":"https:\/\/www.meydan.tv\/az\/#organization"},"image":{"@id":"https:\/\/www.meydan.tv\/az\/article\/cinin-uygurlara-qarsi-repressiya-kampaniyasi-qinanilib\/#primaryimage"},"thumbnailUrl":"https:\/\/www.meydan.tv\/wp-content\/uploads\/1-7c-g3qky4iug9nv7buxivq.jpg","articleSection":["D\u00fcnya"],"inLanguage":"az"},{"@type":"WebPage","@id":"https:\/\/www.meydan.tv\/az\/article\/cinin-uygurlara-qarsi-repressiya-kampaniyasi-qinanilib\/","url":"https:\/\/www.meydan.tv\/az\/article\/cinin-uygurlara-qarsi-repressiya-kampaniyasi-qinanilib\/","name":"\u00c7inin uy\u011furlara qar\u015f\u0131 repressiya kampaniyas\u0131 q\u0131nan\u0131l\u0131b - MEYDAN.TV","isPartOf":{"@id":"https:\/\/www.meydan.tv\/az\/#website"},"primaryImageOfPage":{"@id":"https:\/\/www.meydan.tv\/az\/article\/cinin-uygurlara-qarsi-repressiya-kampaniyasi-qinanilib\/#primaryimage"},"image":{"@id":"https:\/\/www.meydan.tv\/az\/article\/cinin-uygurlara-qarsi-repressiya-kampaniyasi-qinanilib\/#primaryimage"},"thumbnailUrl":"https:\/\/www.meydan.tv\/wp-content\/uploads\/1-7c-g3qky4iug9nv7buxivq.jpg","datePublished":"2019-09-27T20:24:16+00:00","breadcrumb":{"@id":"https:\/\/www.meydan.tv\/az\/article\/cinin-uygurlara-qarsi-repressiya-kampaniyasi-qinanilib\/#breadcrumb"},"inLanguage":"az","potentialAction":[{"@type":"ReadAction","target":["https:\/\/www.meydan.tv\/az\/article\/cinin-uygurlara-qarsi-repressiya-kampaniyasi-qinanilib\/"]}]},{"@type":"ImageObject","inLanguage":"az","@id":"https:\/\/www.meydan.tv\/az\/article\/cinin-uygurlara-qarsi-repressiya-kampaniyasi-qinanilib\/#primaryimage","url":"https:\/\/www.meydan.tv\/wp-content\/uploads\/1-7c-g3qky4iug9nv7buxivq.jpg","contentUrl":"https:\/\/www.meydan.tv\/wp-content\/uploads\/1-7c-g3qky4iug9nv7buxivq.jpg","width":1200,"height":807,"caption":"Source: Google"},{"@type":"BreadcrumbList","@id":"https:\/\/www.meydan.tv\/az\/article\/cinin-uygurlara-qarsi-repressiya-kampaniyasi-qinanilib\/#breadcrumb","itemListElement":[{"@type":"ListItem","position":1,"name":"Ana s\u0259hif\u0259","item":"https:\/\/www.meydan.tv\/az\/"},{"@type":"ListItem","position":2,"name":"D\u00fcnya","item":"https:\/\/www.meydan.tv\/az\/section\/dunya\/"},{"@type":"ListItem","position":3,"name":"\u00c7inin uy\u011furlara qar\u015f\u0131 repressiya kampaniyas\u0131 q\u0131nan\u0131l\u0131b"}]},{"@type":"WebSite","@id":"https:\/\/www.meydan.tv\/az\/#website","url":"https:\/\/www.meydan.tv\/az\/","name":"MEYDAN.TV","description":"Meydan TV Az\u0259rbaycan\u0131n media m\u0259kan\u0131ndak\u0131 alternativ s\u0259sidir","publisher":{"@id":"https:\/\/www.meydan.tv\/az\/#organization"},"potentialAction":[{"@type":"SearchAction","target":{"@type":"EntryPoint","urlTemplate":"https:\/\/www.meydan.tv\/az\/?s={search_term_string}"},"query-input":{"@type":"PropertyValueSpecification","valueRequired":true,"valueName":"search_term_string"}}],"inLanguage":"az"},{"@type":"Organization","@id":"https:\/\/www.meydan.tv\/az\/#organization","name":"Meydan TV","url":"https:\/\/www.meydan.tv\/az\/","logo":{"@type":"ImageObject","inLanguage":"az","@id":"https:\/\/www.meydan.tv\/az\/#\/schema\/logo\/image\/","url":"https:\/\/www.meydan.tv\/wp-content\/uploads\/2021\/07\/meydan-logo.svg","contentUrl":"https:\/\/www.meydan.tv\/wp-content\/uploads\/2021\/07\/meydan-logo.svg","width":195,"height":46,"caption":"Meydan TV"},"image":{"@id":"https:\/\/www.meydan.tv\/az\/#\/schema\/logo\/image\/"}},{"@type":"Person","@id":"https:\/\/www.meydan.tv\/az\/#\/schema\/person\/10d11eccf6da3662cf5fdab9806ea91a","name":"user-manager"}]}},"_links":{"self":[{"href":"https:\/\/www.meydan.tv\/az\/wp-json\/wp\/v2\/posts\/197182","targetHints":{"allow":["GET"]}}],"collection":[{"href":"https:\/\/www.meydan.tv\/az\/wp-json\/wp\/v2\/posts"}],"about":[{"href":"https:\/\/www.meydan.tv\/az\/wp-json\/wp\/v2\/types\/post"}],"author":[{"embeddable":true,"href":"https:\/\/www.meydan.tv\/az\/wp-json\/wp\/v2\/users\/11"}],"replies":[{"embeddable":true,"href":"https:\/\/www.meydan.tv\/az\/wp-json\/wp\/v2\/comments?post=197182"}],"version-history":[{"count":0,"href":"https:\/\/www.meydan.tv\/az\/wp-json\/wp\/v2\/posts\/197182\/revisions"}],"wp:featuredmedia":[{"embeddable":true,"href":"https:\/\/www.meydan.tv\/az\/wp-json\/wp\/v2\/media\/130348"}],"wp:attachment":[{"href":"https:\/\/www.meydan.tv\/az\/wp-json\/wp\/v2\/media?parent=197182"}],"wp:term":[{"taxonomy":"category","embeddable":true,"href":"https:\/\/www.meydan.tv\/az\/wp-json\/wp\/v2\/categories?post=197182"},{"taxonomy":"post_tag","embeddable":true,"href":"https:\/\/www.meydan.tv\/az\/wp-json\/wp\/v2\/tags?post=197182"}],"curies":[{"name":"wp","href":"https:\/\/api.w.org\/{rel}","templated":true}]}}