{"id":197181,"date":"2019-09-27T20:15:29","date_gmt":"2019-09-27T20:15:29","guid":{"rendered":"https:\/\/www.meydan.tv\/article\/britaniya-mehkemesi-zamira-haciyevanin-deportasiyasini-durdurub\/"},"modified":"2019-09-27T20:15:29","modified_gmt":"2019-09-27T20:15:29","slug":"britaniya-mehkemesi-zamira-haciyevanin-deportasiyasini-durdurub","status":"publish","type":"post","link":"https:\/\/www.meydan.tv\/az\/article\/britaniya-mehkemesi-zamira-haciyevanin-deportasiyasini-durdurub\/","title":{"rendered":"Britaniya m\u0259hk\u0259m\u0259si Zamira Hac\u0131yevan\u0131n deportasiyas\u0131n\u0131 durdurub"},"content":{"rendered":"<p>\n  \u201cHarrods\u201dda silsil\u0259 al\u0131\u015f-veri\u015f zaman\u0131 16 milyon funt sterlinq x\u0259rcl\u0259y\u0259n bankir arvad\u0131 saxtakarl\u0131q ittiham\u0131 il\u0259 Az\u0259rbaycana qaytar\u0131lmaqdan qurtulub, &#8211; \u201cTelegraph\u201d x\u0259b\u0259r verir.\n<\/p>\n<p>\n  55 ya\u015fl\u0131 Zamira Hac\u0131yeva \u0259rinin 14 il i\u015fl\u0259diyi d\u00f6vl\u0259t bank\u0131ndan milyonlarla manat m\u0259nims\u0259m\u0259kd\u0259 ittiham olunur.\n<\/p>\n<p>\n  Lakin Westminster Magistrates M\u0259hk\u0259m\u0259sinin hakimi c\u00fcm\u0259 ax\u015fam\u0131 onun Az\u0259rbaycanda \u0259dal\u0259tli m\u00fchakim\u0259 olunmayaca\u011f\u0131 q\u0259rar\u0131n\u0131 ver\u0259r\u0259k, Hac\u0131yevan\u0131n \u00f6lk\u0259sin\u0259 qaytar\u0131lmamas\u0131 h\u00f6km\u00fcn\u00fc \u00e7\u0131xar\u0131b.\n<\/p>\n<p>\n  Zamir\u0259 Hac\u0131yeva Britaniyada ilk d\u0259f\u0259 t\u0259tbiq edil\u0259n &quot;\u0130zahedilm\u0259z S\u0259rv\u0259t S\u0259r\u0259ncam\u0131&quot; (Unexplained wealth orders,UWO) \u00e7\u0259r\u00e7iv\u0259sind\u0259 m\u0259hk\u0259m\u0259 qar\u015f\u0131s\u0131na \u00e7\u0131x\u0131b. Bu s\u0259r\u0259ncama \u0259sas\u0259n, o, var-d\u00f6vl\u0259tini hans\u0131 m\u0259nb\u0259d\u0259n \u0259ld\u0259 etdiyini a\u00e7\u0131qlamal\u0131 idi.\n<\/p>\n<p>\n  Milli Cinay\u0259t Agentliyi (NCA) \u0259rinin korrupsiya ittiham\u0131 il\u0259 m\u00fchakim\u0259 olunmas\u0131ndan sonra onun maliyy\u0259 durumunu ara\u015fd\u0131rma\u011fa ba\u015flay\u0131b.\n<\/p>\n<p>\n  C\u00fctl\u00fck Naytsbrijd\u0259 (Knightsbridge) 11.5 milyon funt sterlinqlik bir ev v\u0259 Berk\u015fayrin Ascot \u015f\u0259h\u0259rind\u0259 10.5 milyon funt sterlinqlik bir qolf klubu sat\u0131n al\u0131b.\n<\/p>\n<p>\n  M\u0259hk\u0259m\u0259 s\u0259n\u0259dl\u0259rind\u0259 qeyd olunur ki, Hac\u0131yeva 2006-c\u0131 ild\u0259n b\u0259ri \u201cHarrods\u201dda etdiyi al\u0131\u015f-veri\u015f zaman\u0131 16 milyon funt sterlinq x\u0259rcl\u0259yib. Bu m\u0259bl\u0259\u011fin 1 milyon funt sterlinqini Hac\u0131yevan\u0131n oyuncaq \u015f\u00f6b\u0259sind\u0259 v\u0259 5.75 milyon funt sterlinqini is\u0259 z\u0259rg\u0259rlik dizaynerl\u0259ri olan \u201cBoucheron\u201d v\u0259 \u201cCartier\u201d-\u0259 x\u0259rcl\u0259diyi bildirilir.\n<\/p>\n<p>\n  O, \u201cNaytsbric\u201d ma\u011fazas\u0131n\u0131n Bel\u00e7ikadak\u0131 \u015fokolad autleti olan \u201cGodiva\u201d-da bir g\u00fcnd\u0259 30.000 funt sterlinq v\u0259 \u201cLa Perla\u201d v\u0259 \u201cAgent Provocateur\u201d alt paltar\u0131 ma\u011fazas\u0131nda is\u0259 bir g\u00fcnd\u0259 minl\u0259rl\u0259 funt sterlinq x\u0259rcl\u0259yib.\n<\/p>\n<p>\n  Hac\u0131yevan\u0131n \u0259ri 57 ya\u015fl\u0131 Cahangir Hac\u0131yev 2001-ci ild\u0259n 2015-ci ild\u0259 istefaya getm\u0259sin\u0259 q\u0259d\u0259r Az\u0259rbaycan Beyn\u0259lxalq Bank\u0131n\u0131n (\u0130BA) s\u0259dri olub v\u0259 sonradan d\u0259l\u0259duzluq v\u0259 m\u0259nims\u0259m\u0259 ittiham\u0131 il\u0259 15 il h\u0259bs c\u0259zas\u0131na m\u0259hkum edilib.\n<\/p>\n<p>\n  M\u0259hk\u0259m\u0259 qeyd edir ki, o, r\u0259hb\u0259r v\u0259zif\u0259d\u0259yk\u0259n ild\u0259 55.000 funt sterlinq maa\u015f al\u0131b. Lakin arvad\u0131n\u0131n s\u0259rv\u0259ti il\u0259 ba\u011fl\u0131 he\u00e7 bir qanuni m\u0259nb\u0259y\u0259 rast g\u0259linm\u0259yib.\n<\/p>\n<p>\n  Hac\u0131yevan\u0131n h\u00fcquq\u015f\u00fcnaslar\u0131 iddia edirl\u0259r ki, o, siyasi inanc\u0131na g\u00f6r\u0259 t\u0259qib edilib v\u0259 bu s\u0259b\u0259bd\u0259n deportasiya edils\u0259, o, ke\u00e7mi\u015f Sovet respublikas\u0131 olan Az\u0259rbaycanda \u0259dal\u0259tli m\u00fchakim\u0259 edilm\u0259y\u0259c\u0259k.\n<\/p>\n<p>\n  V\u0259kill\u0259ri qeyd edirl\u0259r ki, pul x\u0259rcl\u0259m\u0259k cinay\u0259t deyil.<\/p>\n","protected":false},"excerpt":{"rendered":"<p>M\u0259hk\u0259m\u0259 hesab edib ki, ba\u015f bankirin xanm\u0131 Az\u0259rbaycanda \u0259dal\u0259tli m\u00fchakim\u0259 olunmayacaq<\/p>\n","protected":false},"author":11,"featured_media":130351,"comment_status":"closed","ping_status":"open","sticky":false,"template":"","format":"standard","meta":{"_acf_changed":false,"_sitemap_exclude":false,"_sitemap_priority":"","_sitemap_frequency":"","footnotes":""},"categories":[64],"tags":[],"class_list":["post-197181","post","type-post","status-publish","format-standard","has-post-thumbnail","hentry","category-dunya","infinite-scroll-item","generate-columns","tablet-grid-50","mobile-grid-100","grid-parent","grid-33","no-featured-image-padding"],"acf":[],"yoast_head":"<!-- This site is optimized with the Yoast SEO plugin v27.5 - https:\/\/yoast.com\/product\/yoast-seo-wordpress\/ -->\n<title>Britaniya m\u0259hk\u0259m\u0259si Zamira Hac\u0131yevan\u0131n deportasiyas\u0131n\u0131 durdurub - MEYDAN.TV<\/title>\n<meta name=\"robots\" content=\"index, follow, max-snippet:-1, max-image-preview:large, max-video-preview:-1\" \/>\n<link rel=\"canonical\" href=\"https:\/\/www.meydan.tv\/az\/article\/britaniya-mehkemesi-zamira-haciyevanin-deportasiyasini-durdurub\/\" \/>\n<meta property=\"og:locale\" content=\"az_AZ\" \/>\n<meta property=\"og:type\" content=\"article\" \/>\n<meta property=\"og:title\" content=\"Britaniya m\u0259hk\u0259m\u0259si Zamira Hac\u0131yevan\u0131n deportasiyas\u0131n\u0131 durdurub - MEYDAN.TV\" \/>\n<meta property=\"og:description\" content=\"M\u0259hk\u0259m\u0259 hesab edib ki, ba\u015f bankirin xanm\u0131 Az\u0259rbaycanda \u0259dal\u0259tli m\u00fchakim\u0259 olunmayacaq\" \/>\n<meta property=\"og:url\" content=\"https:\/\/www.meydan.tv\/az\/article\/britaniya-mehkemesi-zamira-haciyevanin-deportasiyasini-durdurub\/\" \/>\n<meta property=\"og:site_name\" content=\"MEYDAN.TV\" \/>\n<meta property=\"article:published_time\" content=\"2019-09-27T20:15:29+00:00\" \/>\n<meta property=\"og:image\" content=\"https:\/\/www.meydan.tv\/wp-content\/uploads\/zamira_arested-scaled.jpg\" \/>\n\t<meta property=\"og:image:width\" content=\"2560\" \/>\n\t<meta property=\"og:image:height\" content=\"1440\" \/>\n\t<meta property=\"og:image:type\" content=\"image\/jpeg\" \/>\n<meta name=\"author\" content=\"user-manager\" \/>\n<meta name=\"twitter:card\" content=\"summary_large_image\" \/>\n<script type=\"application\/ld+json\" class=\"yoast-schema-graph\">{\"@context\":\"https:\\\/\\\/schema.org\",\"@graph\":[{\"@type\":\"Article\",\"@id\":\"https:\\\/\\\/www.meydan.tv\\\/az\\\/article\\\/britaniya-mehkemesi-zamira-haciyevanin-deportasiyasini-durdurub\\\/#article\",\"isPartOf\":{\"@id\":\"https:\\\/\\\/www.meydan.tv\\\/az\\\/article\\\/britaniya-mehkemesi-zamira-haciyevanin-deportasiyasini-durdurub\\\/\"},\"author\":{\"name\":\"user-manager\",\"@id\":\"https:\\\/\\\/www.meydan.tv\\\/az\\\/#\\\/schema\\\/person\\\/10d11eccf6da3662cf5fdab9806ea91a\"},\"headline\":\"Britaniya m\u0259hk\u0259m\u0259si Zamira Hac\u0131yevan\u0131n deportasiyas\u0131n\u0131 durdurub\",\"datePublished\":\"2019-09-27T20:15:29+00:00\",\"mainEntityOfPage\":{\"@id\":\"https:\\\/\\\/www.meydan.tv\\\/az\\\/article\\\/britaniya-mehkemesi-zamira-haciyevanin-deportasiyasini-durdurub\\\/\"},\"wordCount\":460,\"publisher\":{\"@id\":\"https:\\\/\\\/www.meydan.tv\\\/az\\\/#organization\"},\"image\":{\"@id\":\"https:\\\/\\\/www.meydan.tv\\\/az\\\/article\\\/britaniya-mehkemesi-zamira-haciyevanin-deportasiyasini-durdurub\\\/#primaryimage\"},\"thumbnailUrl\":\"https:\\\/\\\/www.meydan.tv\\\/wp-content\\\/uploads\\\/zamira_arested-scaled.jpg\",\"articleSection\":[\"D\u00fcnya\"],\"inLanguage\":\"az\"},{\"@type\":\"WebPage\",\"@id\":\"https:\\\/\\\/www.meydan.tv\\\/az\\\/article\\\/britaniya-mehkemesi-zamira-haciyevanin-deportasiyasini-durdurub\\\/\",\"url\":\"https:\\\/\\\/www.meydan.tv\\\/az\\\/article\\\/britaniya-mehkemesi-zamira-haciyevanin-deportasiyasini-durdurub\\\/\",\"name\":\"Britaniya m\u0259hk\u0259m\u0259si Zamira Hac\u0131yevan\u0131n deportasiyas\u0131n\u0131 durdurub - MEYDAN.TV\",\"isPartOf\":{\"@id\":\"https:\\\/\\\/www.meydan.tv\\\/az\\\/#website\"},\"primaryImageOfPage\":{\"@id\":\"https:\\\/\\\/www.meydan.tv\\\/az\\\/article\\\/britaniya-mehkemesi-zamira-haciyevanin-deportasiyasini-durdurub\\\/#primaryimage\"},\"image\":{\"@id\":\"https:\\\/\\\/www.meydan.tv\\\/az\\\/article\\\/britaniya-mehkemesi-zamira-haciyevanin-deportasiyasini-durdurub\\\/#primaryimage\"},\"thumbnailUrl\":\"https:\\\/\\\/www.meydan.tv\\\/wp-content\\\/uploads\\\/zamira_arested-scaled.jpg\",\"datePublished\":\"2019-09-27T20:15:29+00:00\",\"breadcrumb\":{\"@id\":\"https:\\\/\\\/www.meydan.tv\\\/az\\\/article\\\/britaniya-mehkemesi-zamira-haciyevanin-deportasiyasini-durdurub\\\/#breadcrumb\"},\"inLanguage\":\"az\",\"potentialAction\":[{\"@type\":\"ReadAction\",\"target\":[\"https:\\\/\\\/www.meydan.tv\\\/az\\\/article\\\/britaniya-mehkemesi-zamira-haciyevanin-deportasiyasini-durdurub\\\/\"]}]},{\"@type\":\"ImageObject\",\"inLanguage\":\"az\",\"@id\":\"https:\\\/\\\/www.meydan.tv\\\/az\\\/article\\\/britaniya-mehkemesi-zamira-haciyevanin-deportasiyasini-durdurub\\\/#primaryimage\",\"url\":\"https:\\\/\\\/www.meydan.tv\\\/wp-content\\\/uploads\\\/zamira_arested-scaled.jpg\",\"contentUrl\":\"https:\\\/\\\/www.meydan.tv\\\/wp-content\\\/uploads\\\/zamira_arested-scaled.jpg\",\"width\":2560,\"height\":1440,\"caption\":\"Source: Meydan TV\"},{\"@type\":\"BreadcrumbList\",\"@id\":\"https:\\\/\\\/www.meydan.tv\\\/az\\\/article\\\/britaniya-mehkemesi-zamira-haciyevanin-deportasiyasini-durdurub\\\/#breadcrumb\",\"itemListElement\":[{\"@type\":\"ListItem\",\"position\":1,\"name\":\"Ana s\u0259hif\u0259\",\"item\":\"https:\\\/\\\/www.meydan.tv\\\/az\\\/\"},{\"@type\":\"ListItem\",\"position\":2,\"name\":\"D\u00fcnya\",\"item\":\"https:\\\/\\\/www.meydan.tv\\\/az\\\/section\\\/dunya\\\/\"},{\"@type\":\"ListItem\",\"position\":3,\"name\":\"Britaniya m\u0259hk\u0259m\u0259si Zamira Hac\u0131yevan\u0131n deportasiyas\u0131n\u0131 durdurub\"}]},{\"@type\":\"WebSite\",\"@id\":\"https:\\\/\\\/www.meydan.tv\\\/az\\\/#website\",\"url\":\"https:\\\/\\\/www.meydan.tv\\\/az\\\/\",\"name\":\"MEYDAN.TV\",\"description\":\"Meydan TV Az\u0259rbaycan\u0131n media m\u0259kan\u0131ndak\u0131 alternativ s\u0259sidir\",\"publisher\":{\"@id\":\"https:\\\/\\\/www.meydan.tv\\\/az\\\/#organization\"},\"potentialAction\":[{\"@type\":\"SearchAction\",\"target\":{\"@type\":\"EntryPoint\",\"urlTemplate\":\"https:\\\/\\\/www.meydan.tv\\\/az\\\/?s={search_term_string}\"},\"query-input\":{\"@type\":\"PropertyValueSpecification\",\"valueRequired\":true,\"valueName\":\"search_term_string\"}}],\"inLanguage\":\"az\"},{\"@type\":\"Organization\",\"@id\":\"https:\\\/\\\/www.meydan.tv\\\/az\\\/#organization\",\"name\":\"Meydan TV\",\"url\":\"https:\\\/\\\/www.meydan.tv\\\/az\\\/\",\"logo\":{\"@type\":\"ImageObject\",\"inLanguage\":\"az\",\"@id\":\"https:\\\/\\\/www.meydan.tv\\\/az\\\/#\\\/schema\\\/logo\\\/image\\\/\",\"url\":\"https:\\\/\\\/www.meydan.tv\\\/wp-content\\\/uploads\\\/2021\\\/07\\\/meydan-logo.svg\",\"contentUrl\":\"https:\\\/\\\/www.meydan.tv\\\/wp-content\\\/uploads\\\/2021\\\/07\\\/meydan-logo.svg\",\"width\":195,\"height\":46,\"caption\":\"Meydan TV\"},\"image\":{\"@id\":\"https:\\\/\\\/www.meydan.tv\\\/az\\\/#\\\/schema\\\/logo\\\/image\\\/\"}},{\"@type\":\"Person\",\"@id\":\"https:\\\/\\\/www.meydan.tv\\\/az\\\/#\\\/schema\\\/person\\\/10d11eccf6da3662cf5fdab9806ea91a\",\"name\":\"user-manager\"}]}<\/script>\n<!-- \/ Yoast SEO plugin. -->","yoast_head_json":{"title":"Britaniya m\u0259hk\u0259m\u0259si Zamira Hac\u0131yevan\u0131n deportasiyas\u0131n\u0131 durdurub - MEYDAN.TV","robots":{"index":"index","follow":"follow","max-snippet":"max-snippet:-1","max-image-preview":"max-image-preview:large","max-video-preview":"max-video-preview:-1"},"canonical":"https:\/\/www.meydan.tv\/az\/article\/britaniya-mehkemesi-zamira-haciyevanin-deportasiyasini-durdurub\/","og_locale":"az_AZ","og_type":"article","og_title":"Britaniya m\u0259hk\u0259m\u0259si Zamira Hac\u0131yevan\u0131n deportasiyas\u0131n\u0131 durdurub - MEYDAN.TV","og_description":"M\u0259hk\u0259m\u0259 hesab edib ki, ba\u015f bankirin xanm\u0131 Az\u0259rbaycanda \u0259dal\u0259tli m\u00fchakim\u0259 olunmayacaq","og_url":"https:\/\/www.meydan.tv\/az\/article\/britaniya-mehkemesi-zamira-haciyevanin-deportasiyasini-durdurub\/","og_site_name":"MEYDAN.TV","article_published_time":"2019-09-27T20:15:29+00:00","og_image":[{"width":2560,"height":1440,"url":"https:\/\/www.meydan.tv\/wp-content\/uploads\/zamira_arested-scaled.jpg","type":"image\/jpeg"}],"author":"user-manager","twitter_card":"summary_large_image","schema":{"@context":"https:\/\/schema.org","@graph":[{"@type":"Article","@id":"https:\/\/www.meydan.tv\/az\/article\/britaniya-mehkemesi-zamira-haciyevanin-deportasiyasini-durdurub\/#article","isPartOf":{"@id":"https:\/\/www.meydan.tv\/az\/article\/britaniya-mehkemesi-zamira-haciyevanin-deportasiyasini-durdurub\/"},"author":{"name":"user-manager","@id":"https:\/\/www.meydan.tv\/az\/#\/schema\/person\/10d11eccf6da3662cf5fdab9806ea91a"},"headline":"Britaniya m\u0259hk\u0259m\u0259si Zamira Hac\u0131yevan\u0131n deportasiyas\u0131n\u0131 durdurub","datePublished":"2019-09-27T20:15:29+00:00","mainEntityOfPage":{"@id":"https:\/\/www.meydan.tv\/az\/article\/britaniya-mehkemesi-zamira-haciyevanin-deportasiyasini-durdurub\/"},"wordCount":460,"publisher":{"@id":"https:\/\/www.meydan.tv\/az\/#organization"},"image":{"@id":"https:\/\/www.meydan.tv\/az\/article\/britaniya-mehkemesi-zamira-haciyevanin-deportasiyasini-durdurub\/#primaryimage"},"thumbnailUrl":"https:\/\/www.meydan.tv\/wp-content\/uploads\/zamira_arested-scaled.jpg","articleSection":["D\u00fcnya"],"inLanguage":"az"},{"@type":"WebPage","@id":"https:\/\/www.meydan.tv\/az\/article\/britaniya-mehkemesi-zamira-haciyevanin-deportasiyasini-durdurub\/","url":"https:\/\/www.meydan.tv\/az\/article\/britaniya-mehkemesi-zamira-haciyevanin-deportasiyasini-durdurub\/","name":"Britaniya m\u0259hk\u0259m\u0259si Zamira Hac\u0131yevan\u0131n deportasiyas\u0131n\u0131 durdurub - MEYDAN.TV","isPartOf":{"@id":"https:\/\/www.meydan.tv\/az\/#website"},"primaryImageOfPage":{"@id":"https:\/\/www.meydan.tv\/az\/article\/britaniya-mehkemesi-zamira-haciyevanin-deportasiyasini-durdurub\/#primaryimage"},"image":{"@id":"https:\/\/www.meydan.tv\/az\/article\/britaniya-mehkemesi-zamira-haciyevanin-deportasiyasini-durdurub\/#primaryimage"},"thumbnailUrl":"https:\/\/www.meydan.tv\/wp-content\/uploads\/zamira_arested-scaled.jpg","datePublished":"2019-09-27T20:15:29+00:00","breadcrumb":{"@id":"https:\/\/www.meydan.tv\/az\/article\/britaniya-mehkemesi-zamira-haciyevanin-deportasiyasini-durdurub\/#breadcrumb"},"inLanguage":"az","potentialAction":[{"@type":"ReadAction","target":["https:\/\/www.meydan.tv\/az\/article\/britaniya-mehkemesi-zamira-haciyevanin-deportasiyasini-durdurub\/"]}]},{"@type":"ImageObject","inLanguage":"az","@id":"https:\/\/www.meydan.tv\/az\/article\/britaniya-mehkemesi-zamira-haciyevanin-deportasiyasini-durdurub\/#primaryimage","url":"https:\/\/www.meydan.tv\/wp-content\/uploads\/zamira_arested-scaled.jpg","contentUrl":"https:\/\/www.meydan.tv\/wp-content\/uploads\/zamira_arested-scaled.jpg","width":2560,"height":1440,"caption":"Source: Meydan TV"},{"@type":"BreadcrumbList","@id":"https:\/\/www.meydan.tv\/az\/article\/britaniya-mehkemesi-zamira-haciyevanin-deportasiyasini-durdurub\/#breadcrumb","itemListElement":[{"@type":"ListItem","position":1,"name":"Ana s\u0259hif\u0259","item":"https:\/\/www.meydan.tv\/az\/"},{"@type":"ListItem","position":2,"name":"D\u00fcnya","item":"https:\/\/www.meydan.tv\/az\/section\/dunya\/"},{"@type":"ListItem","position":3,"name":"Britaniya m\u0259hk\u0259m\u0259si Zamira Hac\u0131yevan\u0131n deportasiyas\u0131n\u0131 durdurub"}]},{"@type":"WebSite","@id":"https:\/\/www.meydan.tv\/az\/#website","url":"https:\/\/www.meydan.tv\/az\/","name":"MEYDAN.TV","description":"Meydan TV Az\u0259rbaycan\u0131n media m\u0259kan\u0131ndak\u0131 alternativ s\u0259sidir","publisher":{"@id":"https:\/\/www.meydan.tv\/az\/#organization"},"potentialAction":[{"@type":"SearchAction","target":{"@type":"EntryPoint","urlTemplate":"https:\/\/www.meydan.tv\/az\/?s={search_term_string}"},"query-input":{"@type":"PropertyValueSpecification","valueRequired":true,"valueName":"search_term_string"}}],"inLanguage":"az"},{"@type":"Organization","@id":"https:\/\/www.meydan.tv\/az\/#organization","name":"Meydan TV","url":"https:\/\/www.meydan.tv\/az\/","logo":{"@type":"ImageObject","inLanguage":"az","@id":"https:\/\/www.meydan.tv\/az\/#\/schema\/logo\/image\/","url":"https:\/\/www.meydan.tv\/wp-content\/uploads\/2021\/07\/meydan-logo.svg","contentUrl":"https:\/\/www.meydan.tv\/wp-content\/uploads\/2021\/07\/meydan-logo.svg","width":195,"height":46,"caption":"Meydan TV"},"image":{"@id":"https:\/\/www.meydan.tv\/az\/#\/schema\/logo\/image\/"}},{"@type":"Person","@id":"https:\/\/www.meydan.tv\/az\/#\/schema\/person\/10d11eccf6da3662cf5fdab9806ea91a","name":"user-manager"}]}},"_links":{"self":[{"href":"https:\/\/www.meydan.tv\/az\/wp-json\/wp\/v2\/posts\/197181","targetHints":{"allow":["GET"]}}],"collection":[{"href":"https:\/\/www.meydan.tv\/az\/wp-json\/wp\/v2\/posts"}],"about":[{"href":"https:\/\/www.meydan.tv\/az\/wp-json\/wp\/v2\/types\/post"}],"author":[{"embeddable":true,"href":"https:\/\/www.meydan.tv\/az\/wp-json\/wp\/v2\/users\/11"}],"replies":[{"embeddable":true,"href":"https:\/\/www.meydan.tv\/az\/wp-json\/wp\/v2\/comments?post=197181"}],"version-history":[{"count":0,"href":"https:\/\/www.meydan.tv\/az\/wp-json\/wp\/v2\/posts\/197181\/revisions"}],"wp:featuredmedia":[{"embeddable":true,"href":"https:\/\/www.meydan.tv\/az\/wp-json\/wp\/v2\/media\/130351"}],"wp:attachment":[{"href":"https:\/\/www.meydan.tv\/az\/wp-json\/wp\/v2\/media?parent=197181"}],"wp:term":[{"taxonomy":"category","embeddable":true,"href":"https:\/\/www.meydan.tv\/az\/wp-json\/wp\/v2\/categories?post=197181"},{"taxonomy":"post_tag","embeddable":true,"href":"https:\/\/www.meydan.tv\/az\/wp-json\/wp\/v2\/tags?post=197181"}],"curies":[{"name":"wp","href":"https:\/\/api.w.org\/{rel}","templated":true}]}}