{"id":197178,"date":"2019-09-27T19:14:08","date_gmt":"2019-09-27T19:14:08","guid":{"rendered":"https:\/\/www.meydan.tv\/article\/musavatci-gencler-celilabadda-polis-tezyiqi-ile-uzlesdiklerini-deyir\/"},"modified":"2019-09-27T19:14:08","modified_gmt":"2019-09-27T19:14:08","slug":"musavatci-gencler-celilabadda-polis-tezyiqi-ile-uzlesdiklerini-deyir","status":"publish","type":"post","link":"https:\/\/www.meydan.tv\/az\/article\/musavatci-gencler-celilabadda-polis-tezyiqi-ile-uzlesdiklerini-deyir\/","title":{"rendered":"M\u00fcsavat\u00e7\u0131 g\u0259ncl\u0259r C\u0259lilabadda polis t\u0259zyiqi il\u0259 \u00fczl\u0259\u015fdikl\u0259rini deyir"},"content":{"rendered":"<p>\n  <i><br \/>\n    Elman Quliyev: \u201cHaz\u0131rda polis t\u0259r\u0259find\u0259n t\u0259qib olunuruq\u201d<br \/>\n  <\/i>\n<\/p>\n<p>\n  M\u00fcsavat Partiyas\u0131n\u0131n g\u0259ncl\u0259r t\u0259\u015fkilat\u0131 C\u0259lilabadda t\u0259dbir ke\u00e7irm\u0259k ist\u0259y\u0259rk\u0259n yerli polisin t\u0259zyiqi il\u0259 \u00fczl\u0259\u015fib.\n<\/p>\n<p>\n  Bu bar\u0259d\u0259 partiyan\u0131n g\u0259ncl\u0259r t\u0259\u015fkilat\u0131n\u0131n s\u0259dri Elman Quliyev m\u0259lumat yay\u0131b. Bildirib ki, onlar C\u0259lilabadda \u015e\u0259hidl\u0259r Xiyaban\u0131n\u0131 ziyar\u0259t ed\u0259rk\u0259n t\u0259zyiql\u0259 \u00fczl\u0259\u015fibl\u0259r:\n<\/p>\n<p>\n  \u201cBiz, M\u00fcsavat Partiyas\u0131 G\u0259ncl\u0259r T\u0259\u015fkilat\u0131n\u0131n r\u0259hb\u0259rliyi c\u0259lilabadl\u0131 g\u0259ncl\u0259rl\u0259 birlikd\u0259 rayondak\u0131 \u015e\u0259hidl\u0259r Xiyaban\u0131n\u0131 ziyar\u0259t etm\u0259k ist\u0259yirdik. Bu zaman m\u00fclki geyimli polisl\u0259r biz\u0259 t\u0259zyiq g\u00f6st\u0259rdil\u0259r. \u0130\u015fimiz\u0259 m\u00fcdaxil\u0259 etdil\u0259r. Haz\u0131rda polis t\u0259r\u0259find\u0259n t\u0259qib olunuruq\u201d.\n<\/p>\n<p>\n  Bir ne\u00e7\u0259 g\u00fcn \u00f6nc\u0259, sentyabr\u0131n 22-d\u0259 polis<br \/>\n  <a href=\"https:\/\/d9mc3ts4czbpr.cloudfront.net\/az\/article\/lenkeranda-polis-musavatcilarin-toplantisina-mane-olub\/?ref=list-news\"><br \/>\n    M\u00fcsavat Partiyas\u0131<br \/>\n  <\/a><br \/>\n  n\u0131n L\u0259nk\u0259ran t\u0259\u015fkilat\u0131n\u0131n \u00fcmumi y\u0131\u011f\u0131nca\u011f\u0131n\u0131 ke\u00e7irm\u0259y\u0259 mane olmu\u015fdu.\n<\/p>\n<p>\n  Bu bar\u0259d\u0259 m\u0259lumat\u0131 partiyan\u0131n Divan \u00fczv\u00fc Yadigar Sad\u0131ql\u0131 yaym\u0131\u015fd\u0131. Bildirmi\u015fdi ki, polis onun ya\u015fad\u0131\u011f\u0131 m\u0259nzili m\u00fchasir\u0259y\u0259 al\u0131b. Mayor r\u00fctb\u0259li birisi onlara y\u0131\u011f\u0131ncaq ke\u00e7irm\u0259k \u00fc\u00e7\u00fcn icaz\u0259 almaq laz\u0131m g\u0259ldiyini bildirib.\n<\/p>\n<p>\n  \u201cToplant\u0131n\u0131n ke\u00e7irilm\u0259si \u00fc\u00e7\u00fcn Bak\u0131dan L\u0259nk\u0259rana ged\u0259n ba\u015fqan m\u00fcavini G\u00fcla\u011fa Aslanl\u0131, MNTK \u00fczv\u00fc \u00c7ingiz \u018fli, M\u0259clis \u00fczv\u00fc Q\u0259z\u0259nf\u0259r Bax\u0131\u015fov v\u0259 jurnalist \u015e\u0259m\u015fad A\u011fa h\u0259y\u0259t\u0259 \u00e7\u0131x\u0131b xudahafizl\u0259\u015f\u0259rk\u0259n polis r\u0259isinin m\u00fcavini Faiq \u0130lyasovun v\u0259 dig\u0259r polisl\u0259rin h\u00fccumuna m\u0259ruz qald\u0131lar, zor v\u0259 kobudluqla \u00fczl\u0259\u015fdil\u0259r\u201d &#8211; dey\u0259, Yadigar Sad\u0131ql\u0131 qeyd edib.\n<\/p>\n<p>\n  M\u0259s\u0259l\u0259y\u0259 C\u0259lilabad Rayon Polis \u015e\u00f6b\u0259sind\u0259n m\u00fcnasib\u0259t \u00f6yr\u0259nm\u0259k m\u00fcmk\u00fc olmay\u0131b.<\/p>\n","protected":false},"excerpt":{"rendered":"<p>Haz\u0131rda polis t\u0259r\u0259find\u0259n t\u0259qib olunuruq<\/p>\n","protected":false},"author":11,"featured_media":130306,"comment_status":"closed","ping_status":"open","sticky":false,"template":"","format":"standard","meta":{"_acf_changed":false,"_sitemap_exclude":false,"_sitemap_priority":"","_sitemap_frequency":"","footnotes":""},"categories":[59],"tags":[],"class_list":["post-197178","post","type-post","status-publish","format-standard","has-post-thumbnail","hentry","category-siyaset","infinite-scroll-item","generate-columns","tablet-grid-50","mobile-grid-100","grid-parent","grid-33","no-featured-image-padding"],"acf":[],"yoast_head":"<!-- This site is optimized with the Yoast SEO plugin v27.5 - https:\/\/yoast.com\/product\/yoast-seo-wordpress\/ -->\n<title>M\u00fcsavat\u00e7\u0131 g\u0259ncl\u0259r C\u0259lilabadda polis t\u0259zyiqi il\u0259 \u00fczl\u0259\u015fdikl\u0259rini deyir - MEYDAN.TV<\/title>\n<meta name=\"robots\" content=\"index, follow, max-snippet:-1, max-image-preview:large, max-video-preview:-1\" \/>\n<link rel=\"canonical\" href=\"https:\/\/www.meydan.tv\/az\/article\/musavatci-gencler-celilabadda-polis-tezyiqi-ile-uzlesdiklerini-deyir\/\" \/>\n<meta property=\"og:locale\" content=\"az_AZ\" \/>\n<meta property=\"og:type\" content=\"article\" \/>\n<meta property=\"og:title\" content=\"M\u00fcsavat\u00e7\u0131 g\u0259ncl\u0259r C\u0259lilabadda polis t\u0259zyiqi il\u0259 \u00fczl\u0259\u015fdikl\u0259rini deyir - MEYDAN.TV\" \/>\n<meta property=\"og:description\" content=\"Haz\u0131rda polis t\u0259r\u0259find\u0259n t\u0259qib olunuruq\" \/>\n<meta property=\"og:url\" content=\"https:\/\/www.meydan.tv\/az\/article\/musavatci-gencler-celilabadda-polis-tezyiqi-ile-uzlesdiklerini-deyir\/\" \/>\n<meta property=\"og:site_name\" content=\"MEYDAN.TV\" \/>\n<meta property=\"article:published_time\" content=\"2019-09-27T19:14:08+00:00\" \/>\n<meta property=\"og:image\" content=\"https:\/\/www.meydan.tv\/wp-content\/uploads\/71373328_2367962040118927_7746115166357422080_n.jpg\" \/>\n\t<meta property=\"og:image:width\" content=\"960\" \/>\n\t<meta property=\"og:image:height\" content=\"720\" \/>\n\t<meta property=\"og:image:type\" content=\"image\/jpeg\" \/>\n<meta name=\"author\" content=\"user-manager\" \/>\n<meta name=\"twitter:card\" content=\"summary_large_image\" \/>\n<script type=\"application\/ld+json\" class=\"yoast-schema-graph\">{\"@context\":\"https:\\\/\\\/schema.org\",\"@graph\":[{\"@type\":\"Article\",\"@id\":\"https:\\\/\\\/www.meydan.tv\\\/az\\\/article\\\/musavatci-gencler-celilabadda-polis-tezyiqi-ile-uzlesdiklerini-deyir\\\/#article\",\"isPartOf\":{\"@id\":\"https:\\\/\\\/www.meydan.tv\\\/az\\\/article\\\/musavatci-gencler-celilabadda-polis-tezyiqi-ile-uzlesdiklerini-deyir\\\/\"},\"author\":{\"name\":\"user-manager\",\"@id\":\"https:\\\/\\\/www.meydan.tv\\\/az\\\/#\\\/schema\\\/person\\\/10d11eccf6da3662cf5fdab9806ea91a\"},\"headline\":\"M\u00fcsavat\u00e7\u0131 g\u0259ncl\u0259r C\u0259lilabadda polis t\u0259zyiqi il\u0259 \u00fczl\u0259\u015fdikl\u0259rini deyir\",\"datePublished\":\"2019-09-27T19:14:08+00:00\",\"mainEntityOfPage\":{\"@id\":\"https:\\\/\\\/www.meydan.tv\\\/az\\\/article\\\/musavatci-gencler-celilabadda-polis-tezyiqi-ile-uzlesdiklerini-deyir\\\/\"},\"wordCount\":333,\"publisher\":{\"@id\":\"https:\\\/\\\/www.meydan.tv\\\/az\\\/#organization\"},\"image\":{\"@id\":\"https:\\\/\\\/www.meydan.tv\\\/az\\\/article\\\/musavatci-gencler-celilabadda-polis-tezyiqi-ile-uzlesdiklerini-deyir\\\/#primaryimage\"},\"thumbnailUrl\":\"https:\\\/\\\/www.meydan.tv\\\/wp-content\\\/uploads\\\/71373328_2367962040118927_7746115166357422080_n.jpg\",\"articleSection\":[\"Siyas\u0259t\"],\"inLanguage\":\"az\"},{\"@type\":\"WebPage\",\"@id\":\"https:\\\/\\\/www.meydan.tv\\\/az\\\/article\\\/musavatci-gencler-celilabadda-polis-tezyiqi-ile-uzlesdiklerini-deyir\\\/\",\"url\":\"https:\\\/\\\/www.meydan.tv\\\/az\\\/article\\\/musavatci-gencler-celilabadda-polis-tezyiqi-ile-uzlesdiklerini-deyir\\\/\",\"name\":\"M\u00fcsavat\u00e7\u0131 g\u0259ncl\u0259r C\u0259lilabadda polis t\u0259zyiqi il\u0259 \u00fczl\u0259\u015fdikl\u0259rini deyir - MEYDAN.TV\",\"isPartOf\":{\"@id\":\"https:\\\/\\\/www.meydan.tv\\\/az\\\/#website\"},\"primaryImageOfPage\":{\"@id\":\"https:\\\/\\\/www.meydan.tv\\\/az\\\/article\\\/musavatci-gencler-celilabadda-polis-tezyiqi-ile-uzlesdiklerini-deyir\\\/#primaryimage\"},\"image\":{\"@id\":\"https:\\\/\\\/www.meydan.tv\\\/az\\\/article\\\/musavatci-gencler-celilabadda-polis-tezyiqi-ile-uzlesdiklerini-deyir\\\/#primaryimage\"},\"thumbnailUrl\":\"https:\\\/\\\/www.meydan.tv\\\/wp-content\\\/uploads\\\/71373328_2367962040118927_7746115166357422080_n.jpg\",\"datePublished\":\"2019-09-27T19:14:08+00:00\",\"breadcrumb\":{\"@id\":\"https:\\\/\\\/www.meydan.tv\\\/az\\\/article\\\/musavatci-gencler-celilabadda-polis-tezyiqi-ile-uzlesdiklerini-deyir\\\/#breadcrumb\"},\"inLanguage\":\"az\",\"potentialAction\":[{\"@type\":\"ReadAction\",\"target\":[\"https:\\\/\\\/www.meydan.tv\\\/az\\\/article\\\/musavatci-gencler-celilabadda-polis-tezyiqi-ile-uzlesdiklerini-deyir\\\/\"]}]},{\"@type\":\"ImageObject\",\"inLanguage\":\"az\",\"@id\":\"https:\\\/\\\/www.meydan.tv\\\/az\\\/article\\\/musavatci-gencler-celilabadda-polis-tezyiqi-ile-uzlesdiklerini-deyir\\\/#primaryimage\",\"url\":\"https:\\\/\\\/www.meydan.tv\\\/wp-content\\\/uploads\\\/71373328_2367962040118927_7746115166357422080_n.jpg\",\"contentUrl\":\"https:\\\/\\\/www.meydan.tv\\\/wp-content\\\/uploads\\\/71373328_2367962040118927_7746115166357422080_n.jpg\",\"width\":960,\"height\":720,\"caption\":\"Source: Foto: sosial \u015f\u0259b\u0259k\u0259\"},{\"@type\":\"BreadcrumbList\",\"@id\":\"https:\\\/\\\/www.meydan.tv\\\/az\\\/article\\\/musavatci-gencler-celilabadda-polis-tezyiqi-ile-uzlesdiklerini-deyir\\\/#breadcrumb\",\"itemListElement\":[{\"@type\":\"ListItem\",\"position\":1,\"name\":\"Ana s\u0259hif\u0259\",\"item\":\"https:\\\/\\\/www.meydan.tv\\\/az\\\/\"},{\"@type\":\"ListItem\",\"position\":2,\"name\":\"Siyas\u0259t\",\"item\":\"https:\\\/\\\/www.meydan.tv\\\/az\\\/section\\\/siyaset\\\/\"},{\"@type\":\"ListItem\",\"position\":3,\"name\":\"M\u00fcsavat\u00e7\u0131 g\u0259ncl\u0259r C\u0259lilabadda polis t\u0259zyiqi il\u0259 \u00fczl\u0259\u015fdikl\u0259rini deyir\"}]},{\"@type\":\"WebSite\",\"@id\":\"https:\\\/\\\/www.meydan.tv\\\/az\\\/#website\",\"url\":\"https:\\\/\\\/www.meydan.tv\\\/az\\\/\",\"name\":\"MEYDAN.TV\",\"description\":\"Meydan TV Az\u0259rbaycan\u0131n media m\u0259kan\u0131ndak\u0131 alternativ s\u0259sidir\",\"publisher\":{\"@id\":\"https:\\\/\\\/www.meydan.tv\\\/az\\\/#organization\"},\"potentialAction\":[{\"@type\":\"SearchAction\",\"target\":{\"@type\":\"EntryPoint\",\"urlTemplate\":\"https:\\\/\\\/www.meydan.tv\\\/az\\\/?s={search_term_string}\"},\"query-input\":{\"@type\":\"PropertyValueSpecification\",\"valueRequired\":true,\"valueName\":\"search_term_string\"}}],\"inLanguage\":\"az\"},{\"@type\":\"Organization\",\"@id\":\"https:\\\/\\\/www.meydan.tv\\\/az\\\/#organization\",\"name\":\"Meydan TV\",\"url\":\"https:\\\/\\\/www.meydan.tv\\\/az\\\/\",\"logo\":{\"@type\":\"ImageObject\",\"inLanguage\":\"az\",\"@id\":\"https:\\\/\\\/www.meydan.tv\\\/az\\\/#\\\/schema\\\/logo\\\/image\\\/\",\"url\":\"https:\\\/\\\/www.meydan.tv\\\/wp-content\\\/uploads\\\/2021\\\/07\\\/meydan-logo.svg\",\"contentUrl\":\"https:\\\/\\\/www.meydan.tv\\\/wp-content\\\/uploads\\\/2021\\\/07\\\/meydan-logo.svg\",\"width\":195,\"height\":46,\"caption\":\"Meydan TV\"},\"image\":{\"@id\":\"https:\\\/\\\/www.meydan.tv\\\/az\\\/#\\\/schema\\\/logo\\\/image\\\/\"}},{\"@type\":\"Person\",\"@id\":\"https:\\\/\\\/www.meydan.tv\\\/az\\\/#\\\/schema\\\/person\\\/10d11eccf6da3662cf5fdab9806ea91a\",\"name\":\"user-manager\"}]}<\/script>\n<!-- \/ Yoast SEO plugin. -->","yoast_head_json":{"title":"M\u00fcsavat\u00e7\u0131 g\u0259ncl\u0259r C\u0259lilabadda polis t\u0259zyiqi il\u0259 \u00fczl\u0259\u015fdikl\u0259rini deyir - MEYDAN.TV","robots":{"index":"index","follow":"follow","max-snippet":"max-snippet:-1","max-image-preview":"max-image-preview:large","max-video-preview":"max-video-preview:-1"},"canonical":"https:\/\/www.meydan.tv\/az\/article\/musavatci-gencler-celilabadda-polis-tezyiqi-ile-uzlesdiklerini-deyir\/","og_locale":"az_AZ","og_type":"article","og_title":"M\u00fcsavat\u00e7\u0131 g\u0259ncl\u0259r C\u0259lilabadda polis t\u0259zyiqi il\u0259 \u00fczl\u0259\u015fdikl\u0259rini deyir - MEYDAN.TV","og_description":"Haz\u0131rda polis t\u0259r\u0259find\u0259n t\u0259qib olunuruq","og_url":"https:\/\/www.meydan.tv\/az\/article\/musavatci-gencler-celilabadda-polis-tezyiqi-ile-uzlesdiklerini-deyir\/","og_site_name":"MEYDAN.TV","article_published_time":"2019-09-27T19:14:08+00:00","og_image":[{"width":960,"height":720,"url":"https:\/\/www.meydan.tv\/wp-content\/uploads\/71373328_2367962040118927_7746115166357422080_n.jpg","type":"image\/jpeg"}],"author":"user-manager","twitter_card":"summary_large_image","schema":{"@context":"https:\/\/schema.org","@graph":[{"@type":"Article","@id":"https:\/\/www.meydan.tv\/az\/article\/musavatci-gencler-celilabadda-polis-tezyiqi-ile-uzlesdiklerini-deyir\/#article","isPartOf":{"@id":"https:\/\/www.meydan.tv\/az\/article\/musavatci-gencler-celilabadda-polis-tezyiqi-ile-uzlesdiklerini-deyir\/"},"author":{"name":"user-manager","@id":"https:\/\/www.meydan.tv\/az\/#\/schema\/person\/10d11eccf6da3662cf5fdab9806ea91a"},"headline":"M\u00fcsavat\u00e7\u0131 g\u0259ncl\u0259r C\u0259lilabadda polis t\u0259zyiqi il\u0259 \u00fczl\u0259\u015fdikl\u0259rini deyir","datePublished":"2019-09-27T19:14:08+00:00","mainEntityOfPage":{"@id":"https:\/\/www.meydan.tv\/az\/article\/musavatci-gencler-celilabadda-polis-tezyiqi-ile-uzlesdiklerini-deyir\/"},"wordCount":333,"publisher":{"@id":"https:\/\/www.meydan.tv\/az\/#organization"},"image":{"@id":"https:\/\/www.meydan.tv\/az\/article\/musavatci-gencler-celilabadda-polis-tezyiqi-ile-uzlesdiklerini-deyir\/#primaryimage"},"thumbnailUrl":"https:\/\/www.meydan.tv\/wp-content\/uploads\/71373328_2367962040118927_7746115166357422080_n.jpg","articleSection":["Siyas\u0259t"],"inLanguage":"az"},{"@type":"WebPage","@id":"https:\/\/www.meydan.tv\/az\/article\/musavatci-gencler-celilabadda-polis-tezyiqi-ile-uzlesdiklerini-deyir\/","url":"https:\/\/www.meydan.tv\/az\/article\/musavatci-gencler-celilabadda-polis-tezyiqi-ile-uzlesdiklerini-deyir\/","name":"M\u00fcsavat\u00e7\u0131 g\u0259ncl\u0259r C\u0259lilabadda polis t\u0259zyiqi il\u0259 \u00fczl\u0259\u015fdikl\u0259rini deyir - MEYDAN.TV","isPartOf":{"@id":"https:\/\/www.meydan.tv\/az\/#website"},"primaryImageOfPage":{"@id":"https:\/\/www.meydan.tv\/az\/article\/musavatci-gencler-celilabadda-polis-tezyiqi-ile-uzlesdiklerini-deyir\/#primaryimage"},"image":{"@id":"https:\/\/www.meydan.tv\/az\/article\/musavatci-gencler-celilabadda-polis-tezyiqi-ile-uzlesdiklerini-deyir\/#primaryimage"},"thumbnailUrl":"https:\/\/www.meydan.tv\/wp-content\/uploads\/71373328_2367962040118927_7746115166357422080_n.jpg","datePublished":"2019-09-27T19:14:08+00:00","breadcrumb":{"@id":"https:\/\/www.meydan.tv\/az\/article\/musavatci-gencler-celilabadda-polis-tezyiqi-ile-uzlesdiklerini-deyir\/#breadcrumb"},"inLanguage":"az","potentialAction":[{"@type":"ReadAction","target":["https:\/\/www.meydan.tv\/az\/article\/musavatci-gencler-celilabadda-polis-tezyiqi-ile-uzlesdiklerini-deyir\/"]}]},{"@type":"ImageObject","inLanguage":"az","@id":"https:\/\/www.meydan.tv\/az\/article\/musavatci-gencler-celilabadda-polis-tezyiqi-ile-uzlesdiklerini-deyir\/#primaryimage","url":"https:\/\/www.meydan.tv\/wp-content\/uploads\/71373328_2367962040118927_7746115166357422080_n.jpg","contentUrl":"https:\/\/www.meydan.tv\/wp-content\/uploads\/71373328_2367962040118927_7746115166357422080_n.jpg","width":960,"height":720,"caption":"Source: Foto: sosial \u015f\u0259b\u0259k\u0259"},{"@type":"BreadcrumbList","@id":"https:\/\/www.meydan.tv\/az\/article\/musavatci-gencler-celilabadda-polis-tezyiqi-ile-uzlesdiklerini-deyir\/#breadcrumb","itemListElement":[{"@type":"ListItem","position":1,"name":"Ana s\u0259hif\u0259","item":"https:\/\/www.meydan.tv\/az\/"},{"@type":"ListItem","position":2,"name":"Siyas\u0259t","item":"https:\/\/www.meydan.tv\/az\/section\/siyaset\/"},{"@type":"ListItem","position":3,"name":"M\u00fcsavat\u00e7\u0131 g\u0259ncl\u0259r C\u0259lilabadda polis t\u0259zyiqi il\u0259 \u00fczl\u0259\u015fdikl\u0259rini deyir"}]},{"@type":"WebSite","@id":"https:\/\/www.meydan.tv\/az\/#website","url":"https:\/\/www.meydan.tv\/az\/","name":"MEYDAN.TV","description":"Meydan TV Az\u0259rbaycan\u0131n media m\u0259kan\u0131ndak\u0131 alternativ s\u0259sidir","publisher":{"@id":"https:\/\/www.meydan.tv\/az\/#organization"},"potentialAction":[{"@type":"SearchAction","target":{"@type":"EntryPoint","urlTemplate":"https:\/\/www.meydan.tv\/az\/?s={search_term_string}"},"query-input":{"@type":"PropertyValueSpecification","valueRequired":true,"valueName":"search_term_string"}}],"inLanguage":"az"},{"@type":"Organization","@id":"https:\/\/www.meydan.tv\/az\/#organization","name":"Meydan TV","url":"https:\/\/www.meydan.tv\/az\/","logo":{"@type":"ImageObject","inLanguage":"az","@id":"https:\/\/www.meydan.tv\/az\/#\/schema\/logo\/image\/","url":"https:\/\/www.meydan.tv\/wp-content\/uploads\/2021\/07\/meydan-logo.svg","contentUrl":"https:\/\/www.meydan.tv\/wp-content\/uploads\/2021\/07\/meydan-logo.svg","width":195,"height":46,"caption":"Meydan TV"},"image":{"@id":"https:\/\/www.meydan.tv\/az\/#\/schema\/logo\/image\/"}},{"@type":"Person","@id":"https:\/\/www.meydan.tv\/az\/#\/schema\/person\/10d11eccf6da3662cf5fdab9806ea91a","name":"user-manager"}]}},"_links":{"self":[{"href":"https:\/\/www.meydan.tv\/az\/wp-json\/wp\/v2\/posts\/197178","targetHints":{"allow":["GET"]}}],"collection":[{"href":"https:\/\/www.meydan.tv\/az\/wp-json\/wp\/v2\/posts"}],"about":[{"href":"https:\/\/www.meydan.tv\/az\/wp-json\/wp\/v2\/types\/post"}],"author":[{"embeddable":true,"href":"https:\/\/www.meydan.tv\/az\/wp-json\/wp\/v2\/users\/11"}],"replies":[{"embeddable":true,"href":"https:\/\/www.meydan.tv\/az\/wp-json\/wp\/v2\/comments?post=197178"}],"version-history":[{"count":0,"href":"https:\/\/www.meydan.tv\/az\/wp-json\/wp\/v2\/posts\/197178\/revisions"}],"wp:featuredmedia":[{"embeddable":true,"href":"https:\/\/www.meydan.tv\/az\/wp-json\/wp\/v2\/media\/130306"}],"wp:attachment":[{"href":"https:\/\/www.meydan.tv\/az\/wp-json\/wp\/v2\/media?parent=197178"}],"wp:term":[{"taxonomy":"category","embeddable":true,"href":"https:\/\/www.meydan.tv\/az\/wp-json\/wp\/v2\/categories?post=197178"},{"taxonomy":"post_tag","embeddable":true,"href":"https:\/\/www.meydan.tv\/az\/wp-json\/wp\/v2\/tags?post=197178"}],"curies":[{"name":"wp","href":"https:\/\/api.w.org\/{rel}","templated":true}]}}