{"id":197174,"date":"2019-09-27T15:23:51","date_gmt":"2019-09-27T15:23:51","guid":{"rendered":"https:\/\/www.meydan.tv\/article\/fransa-xin-azerbaycan-hakimiyyetini-efqan-muxtarlinin-huquqlarina-hormet-etmeye-cagiririq\/"},"modified":"2019-09-27T15:23:51","modified_gmt":"2019-09-27T15:23:51","slug":"fransa-xin-azerbaycan-hakimiyyetini-efqan-muxtarlinin-huquqlarina-hormet-etmeye-cagiririq","status":"publish","type":"post","link":"https:\/\/www.meydan.tv\/az\/article\/fransa-xin-azerbaycan-hakimiyyetini-efqan-muxtarlinin-huquqlarina-hormet-etmeye-cagiririq\/","title":{"rendered":"Fransa X\u0130N: Az\u0259rbaycan hakimiyy\u0259tini \u018ffqan Muxtarl\u0131n\u0131n h\u00fcquqlar\u0131na h\u00f6rm\u0259t etm\u0259y\u0259 \u00e7a\u011f\u0131r\u0131r\u0131q"},"content":{"rendered":"<p>\n  <i><br \/>\n    X\u0130N \u201cS\u0259rh\u0259dsiz Reportyorlar\u201d\u0131n m\u00fcraci\u0259tini \u015f\u0259rh edib<br \/>\n  <\/i>\n<\/p>\n<p>\n  Fransa Xarici \u0130\u015fl\u0259r Nazirliyinin n\u00fcmay\u0259nd\u0259si sentyabr\u0131n 26-da Parisd\u0259 ke\u00e7iril\u0259n \u0259n\u0259n\u0259vi brifinqd\u0259 r\u0259smi Parisi Az\u0259rbaycanda m\u0259hkum jurnalist \u018ffqan Muxtarl\u0131n\u0131n t\u0259qibi fakt\u0131na m\u00fcnasib\u0259t bildirm\u0259y\u0259 \u00e7a\u011f\u0131ran \u201cS\u0259rh\u0259dsiz Reportyorlar\u201d t\u0259\u015fkilat\u0131n\u0131n m\u00fcraci\u0259tini \u015f\u0259rh edib.\n<\/p>\n<p>\n  M\u0259lumat\u0131 \u201cTuran\u201d \u0130nformasiya Agentliyi yay\u0131b:\n<\/p>\n<p>\n  \u201cFransa b\u00fct\u00fcn d\u00fcnyada m\u0259tbuat v\u0259 fikri ifad\u0259 azadl\u0131\u011f\u0131na sadiqdir. Sentyabr\u0131n 16-da AT\u018fT-in Var\u015favada ke\u00e7iril\u0259n konfrans\u0131nda Avropa \u0130ttifaq\u0131n\u0131n b\u0259yanat\u0131nda qeyd edildiyi kimi, Fransa v\u0259 onun Avropadak\u0131 t\u0259r\u0259fda\u015flar\u0131 jurnalist \u018ffqan Muxtarl\u0131n\u0131n i\u015fini diqq\u0259tl\u0259 izl\u0259yir. Fransa Az\u0259rbaycan hakimiyy\u0259tini Muxtarl\u0131n\u0131n h\u00fcquqlar\u0131na h\u00f6rm\u0259t etm\u0259y\u0259 \u00e7a\u011f\u0131r\u0131r\u201d, dey\u0259 X\u0130N n\u00fcmay\u0259nd\u0259si bildirib.\n<\/p>\n<p>\n  Oturum izni il\u0259 G\u00fcrc\u00fcstanda ya\u015fayan jurnalist \u018ffqan Muxtarl\u0131 2017-ci il may\u0131n 29-da \u201cyoxa\u201d \u00e7\u0131x\u0131b v\u0259 s\u0259h\u0259ri g\u00fcn Az\u0259rbaycanda h\u0259bs edilib. Onun dediyin\u0259 g\u00f6r\u0259, Tbilisid\u0259 saxlan\u0131b, i\u015fg\u0259nc\u0259 verilib, zorla s\u0259rh\u0259d\u0259 g\u0259tiril\u0259r\u0259k Az\u0259rbaycan t\u0259r\u0259fin\u0259 t\u0259hvil verilib. \u00dcst\u0259lik, cibin\u0259 10 min avro pul qoyulub.\n<\/p>\n<p>\n  Az\u0259rbaycan h\u00f6kum\u0259ti is\u0259 jurnalisti Cinay\u0259t M\u0259c\u0259ll\u0259sinin hakimiyy\u0259t n\u00fcmay\u0259nd\u0259sin\u0259 xidm\u0259ti v\u0259zif\u0259l\u0259rini yerin\u0259 yetir\u0259rk\u0259n ona qar\u015f\u0131 h\u0259yat v\u0259 sa\u011flaml\u0131q \u00fc\u00e7\u00fcn t\u0259hl\u00fck\u0259li olan zor t\u0259tbiq etm\u0259 madd\u0259si (315.2) il\u0259 ittiham edib.Bundan ba\u015fqa, ona d\u00f6vl\u0259t s\u0259rh\u0259dini m\u00fc\u0259yy\u0259n edilmi\u015f s\u0259n\u0259dl\u0259r olmadan v\u0259 ya d\u00f6vl\u0259t s\u0259rh\u0259dinin n\u0259zar\u0259t-burax\u0131l\u0131\u015f m\u0259nt\u0259q\u0259l\u0259rind\u0259n k\u0259narda ke\u00e7m\u0259 (318.1) v\u0259 qa\u00e7aqmal\u00e7\u0131l\u0131q (206.1) madd\u0259l\u0259ri il\u0259 ittiham ir\u0259li s\u00fcr\u00fcl\u00fcb.\n<\/p>\n<p>\n  \u018ffqan Muxtarl\u0131 6 il azadl\u0131qdan m\u0259hrum edilib.\n<\/p>\n<p>\n  Beyn\u0259lxalq h\u00fcquq m\u00fcdafi\u0259 t\u0259\u015fkilatlar\u0131 \u018ffqan Muxtarl\u0131n\u0131 siyasi m\u0259hbus kimi tan\u0131y\u0131r.<\/p>\n","protected":false},"excerpt":{"rendered":"<p>Fransa b\u00fct\u00fcn d\u00fcnyada m\u0259tbuat v\u0259 fikri ifad\u0259 azadl\u0131\u011f\u0131na sadiqdir<\/p>\n","protected":false},"author":11,"featured_media":130333,"comment_status":"closed","ping_status":"open","sticky":false,"template":"","format":"standard","meta":{"_acf_changed":false,"_sitemap_exclude":false,"_sitemap_priority":"","_sitemap_frequency":"","footnotes":""},"categories":[59],"tags":[],"class_list":["post-197174","post","type-post","status-publish","format-standard","has-post-thumbnail","hentry","category-siyaset","infinite-scroll-item","generate-columns","tablet-grid-50","mobile-grid-100","grid-parent","grid-33","no-featured-image-padding"],"acf":[],"yoast_head":"<!-- This site is optimized with the Yoast SEO plugin v27.5 - https:\/\/yoast.com\/product\/yoast-seo-wordpress\/ -->\n<title>Fransa X\u0130N: Az\u0259rbaycan hakimiyy\u0259tini \u018ffqan Muxtarl\u0131n\u0131n h\u00fcquqlar\u0131na h\u00f6rm\u0259t etm\u0259y\u0259 \u00e7a\u011f\u0131r\u0131r\u0131q - MEYDAN.TV<\/title>\n<meta name=\"robots\" content=\"index, follow, max-snippet:-1, max-image-preview:large, max-video-preview:-1\" \/>\n<link rel=\"canonical\" href=\"https:\/\/www.meydan.tv\/az\/article\/fransa-xin-azerbaycan-hakimiyyetini-efqan-muxtarlinin-huquqlarina-hormet-etmeye-cagiririq\/\" \/>\n<meta property=\"og:locale\" content=\"az_AZ\" \/>\n<meta property=\"og:type\" content=\"article\" \/>\n<meta property=\"og:title\" content=\"Fransa X\u0130N: Az\u0259rbaycan hakimiyy\u0259tini \u018ffqan Muxtarl\u0131n\u0131n h\u00fcquqlar\u0131na h\u00f6rm\u0259t etm\u0259y\u0259 \u00e7a\u011f\u0131r\u0131r\u0131q - MEYDAN.TV\" \/>\n<meta property=\"og:description\" content=\"Fransa b\u00fct\u00fcn d\u00fcnyada m\u0259tbuat v\u0259 fikri ifad\u0259 azadl\u0131\u011f\u0131na sadiqdir\" \/>\n<meta property=\"og:url\" content=\"https:\/\/www.meydan.tv\/az\/article\/fransa-xin-azerbaycan-hakimiyyetini-efqan-muxtarlinin-huquqlarina-hormet-etmeye-cagiririq\/\" \/>\n<meta property=\"og:site_name\" content=\"MEYDAN.TV\" \/>\n<meta property=\"article:published_time\" content=\"2019-09-27T15:23:51+00:00\" \/>\n<meta property=\"og:image\" content=\"https:\/\/www.meydan.tv\/wp-content\/uploads\/1448030593_1024209290.jpg\" \/>\n\t<meta property=\"og:image:width\" content=\"1536\" \/>\n\t<meta property=\"og:image:height\" content=\"983\" \/>\n\t<meta property=\"og:image:type\" content=\"image\/jpeg\" \/>\n<meta name=\"author\" content=\"user-manager\" \/>\n<meta name=\"twitter:card\" content=\"summary_large_image\" \/>\n<script type=\"application\/ld+json\" class=\"yoast-schema-graph\">{\"@context\":\"https:\\\/\\\/schema.org\",\"@graph\":[{\"@type\":\"Article\",\"@id\":\"https:\\\/\\\/www.meydan.tv\\\/az\\\/article\\\/fransa-xin-azerbaycan-hakimiyyetini-efqan-muxtarlinin-huquqlarina-hormet-etmeye-cagiririq\\\/#article\",\"isPartOf\":{\"@id\":\"https:\\\/\\\/www.meydan.tv\\\/az\\\/article\\\/fransa-xin-azerbaycan-hakimiyyetini-efqan-muxtarlinin-huquqlarina-hormet-etmeye-cagiririq\\\/\"},\"author\":{\"name\":\"user-manager\",\"@id\":\"https:\\\/\\\/www.meydan.tv\\\/az\\\/#\\\/schema\\\/person\\\/10d11eccf6da3662cf5fdab9806ea91a\"},\"headline\":\"Fransa X\u0130N: Az\u0259rbaycan hakimiyy\u0259tini \u018ffqan Muxtarl\u0131n\u0131n h\u00fcquqlar\u0131na h\u00f6rm\u0259t etm\u0259y\u0259 \u00e7a\u011f\u0131r\u0131r\u0131q\",\"datePublished\":\"2019-09-27T15:23:51+00:00\",\"mainEntityOfPage\":{\"@id\":\"https:\\\/\\\/www.meydan.tv\\\/az\\\/article\\\/fransa-xin-azerbaycan-hakimiyyetini-efqan-muxtarlinin-huquqlarina-hormet-etmeye-cagiririq\\\/\"},\"wordCount\":379,\"publisher\":{\"@id\":\"https:\\\/\\\/www.meydan.tv\\\/az\\\/#organization\"},\"image\":{\"@id\":\"https:\\\/\\\/www.meydan.tv\\\/az\\\/article\\\/fransa-xin-azerbaycan-hakimiyyetini-efqan-muxtarlinin-huquqlarina-hormet-etmeye-cagiririq\\\/#primaryimage\"},\"thumbnailUrl\":\"https:\\\/\\\/www.meydan.tv\\\/wp-content\\\/uploads\\\/1448030593_1024209290.jpg\",\"articleSection\":[\"Siyas\u0259t\"],\"inLanguage\":\"az\"},{\"@type\":\"WebPage\",\"@id\":\"https:\\\/\\\/www.meydan.tv\\\/az\\\/article\\\/fransa-xin-azerbaycan-hakimiyyetini-efqan-muxtarlinin-huquqlarina-hormet-etmeye-cagiririq\\\/\",\"url\":\"https:\\\/\\\/www.meydan.tv\\\/az\\\/article\\\/fransa-xin-azerbaycan-hakimiyyetini-efqan-muxtarlinin-huquqlarina-hormet-etmeye-cagiririq\\\/\",\"name\":\"Fransa X\u0130N: Az\u0259rbaycan hakimiyy\u0259tini \u018ffqan Muxtarl\u0131n\u0131n h\u00fcquqlar\u0131na h\u00f6rm\u0259t etm\u0259y\u0259 \u00e7a\u011f\u0131r\u0131r\u0131q - MEYDAN.TV\",\"isPartOf\":{\"@id\":\"https:\\\/\\\/www.meydan.tv\\\/az\\\/#website\"},\"primaryImageOfPage\":{\"@id\":\"https:\\\/\\\/www.meydan.tv\\\/az\\\/article\\\/fransa-xin-azerbaycan-hakimiyyetini-efqan-muxtarlinin-huquqlarina-hormet-etmeye-cagiririq\\\/#primaryimage\"},\"image\":{\"@id\":\"https:\\\/\\\/www.meydan.tv\\\/az\\\/article\\\/fransa-xin-azerbaycan-hakimiyyetini-efqan-muxtarlinin-huquqlarina-hormet-etmeye-cagiririq\\\/#primaryimage\"},\"thumbnailUrl\":\"https:\\\/\\\/www.meydan.tv\\\/wp-content\\\/uploads\\\/1448030593_1024209290.jpg\",\"datePublished\":\"2019-09-27T15:23:51+00:00\",\"breadcrumb\":{\"@id\":\"https:\\\/\\\/www.meydan.tv\\\/az\\\/article\\\/fransa-xin-azerbaycan-hakimiyyetini-efqan-muxtarlinin-huquqlarina-hormet-etmeye-cagiririq\\\/#breadcrumb\"},\"inLanguage\":\"az\",\"potentialAction\":[{\"@type\":\"ReadAction\",\"target\":[\"https:\\\/\\\/www.meydan.tv\\\/az\\\/article\\\/fransa-xin-azerbaycan-hakimiyyetini-efqan-muxtarlinin-huquqlarina-hormet-etmeye-cagiririq\\\/\"]}]},{\"@type\":\"ImageObject\",\"inLanguage\":\"az\",\"@id\":\"https:\\\/\\\/www.meydan.tv\\\/az\\\/article\\\/fransa-xin-azerbaycan-hakimiyyetini-efqan-muxtarlinin-huquqlarina-hormet-etmeye-cagiririq\\\/#primaryimage\",\"url\":\"https:\\\/\\\/www.meydan.tv\\\/wp-content\\\/uploads\\\/1448030593_1024209290.jpg\",\"contentUrl\":\"https:\\\/\\\/www.meydan.tv\\\/wp-content\\\/uploads\\\/1448030593_1024209290.jpg\",\"width\":1536,\"height\":983,\"caption\":\"Source: meydan tv\"},{\"@type\":\"BreadcrumbList\",\"@id\":\"https:\\\/\\\/www.meydan.tv\\\/az\\\/article\\\/fransa-xin-azerbaycan-hakimiyyetini-efqan-muxtarlinin-huquqlarina-hormet-etmeye-cagiririq\\\/#breadcrumb\",\"itemListElement\":[{\"@type\":\"ListItem\",\"position\":1,\"name\":\"Ana s\u0259hif\u0259\",\"item\":\"https:\\\/\\\/www.meydan.tv\\\/az\\\/\"},{\"@type\":\"ListItem\",\"position\":2,\"name\":\"Siyas\u0259t\",\"item\":\"https:\\\/\\\/www.meydan.tv\\\/az\\\/section\\\/siyaset\\\/\"},{\"@type\":\"ListItem\",\"position\":3,\"name\":\"Fransa X\u0130N: Az\u0259rbaycan hakimiyy\u0259tini \u018ffqan Muxtarl\u0131n\u0131n h\u00fcquqlar\u0131na h\u00f6rm\u0259t etm\u0259y\u0259 \u00e7a\u011f\u0131r\u0131r\u0131q\"}]},{\"@type\":\"WebSite\",\"@id\":\"https:\\\/\\\/www.meydan.tv\\\/az\\\/#website\",\"url\":\"https:\\\/\\\/www.meydan.tv\\\/az\\\/\",\"name\":\"MEYDAN.TV\",\"description\":\"Meydan TV Az\u0259rbaycan\u0131n media m\u0259kan\u0131ndak\u0131 alternativ s\u0259sidir\",\"publisher\":{\"@id\":\"https:\\\/\\\/www.meydan.tv\\\/az\\\/#organization\"},\"potentialAction\":[{\"@type\":\"SearchAction\",\"target\":{\"@type\":\"EntryPoint\",\"urlTemplate\":\"https:\\\/\\\/www.meydan.tv\\\/az\\\/?s={search_term_string}\"},\"query-input\":{\"@type\":\"PropertyValueSpecification\",\"valueRequired\":true,\"valueName\":\"search_term_string\"}}],\"inLanguage\":\"az\"},{\"@type\":\"Organization\",\"@id\":\"https:\\\/\\\/www.meydan.tv\\\/az\\\/#organization\",\"name\":\"Meydan TV\",\"url\":\"https:\\\/\\\/www.meydan.tv\\\/az\\\/\",\"logo\":{\"@type\":\"ImageObject\",\"inLanguage\":\"az\",\"@id\":\"https:\\\/\\\/www.meydan.tv\\\/az\\\/#\\\/schema\\\/logo\\\/image\\\/\",\"url\":\"https:\\\/\\\/www.meydan.tv\\\/wp-content\\\/uploads\\\/2021\\\/07\\\/meydan-logo.svg\",\"contentUrl\":\"https:\\\/\\\/www.meydan.tv\\\/wp-content\\\/uploads\\\/2021\\\/07\\\/meydan-logo.svg\",\"width\":195,\"height\":46,\"caption\":\"Meydan TV\"},\"image\":{\"@id\":\"https:\\\/\\\/www.meydan.tv\\\/az\\\/#\\\/schema\\\/logo\\\/image\\\/\"}},{\"@type\":\"Person\",\"@id\":\"https:\\\/\\\/www.meydan.tv\\\/az\\\/#\\\/schema\\\/person\\\/10d11eccf6da3662cf5fdab9806ea91a\",\"name\":\"user-manager\"}]}<\/script>\n<!-- \/ Yoast SEO plugin. -->","yoast_head_json":{"title":"Fransa X\u0130N: Az\u0259rbaycan hakimiyy\u0259tini \u018ffqan Muxtarl\u0131n\u0131n h\u00fcquqlar\u0131na h\u00f6rm\u0259t etm\u0259y\u0259 \u00e7a\u011f\u0131r\u0131r\u0131q - MEYDAN.TV","robots":{"index":"index","follow":"follow","max-snippet":"max-snippet:-1","max-image-preview":"max-image-preview:large","max-video-preview":"max-video-preview:-1"},"canonical":"https:\/\/www.meydan.tv\/az\/article\/fransa-xin-azerbaycan-hakimiyyetini-efqan-muxtarlinin-huquqlarina-hormet-etmeye-cagiririq\/","og_locale":"az_AZ","og_type":"article","og_title":"Fransa X\u0130N: Az\u0259rbaycan hakimiyy\u0259tini \u018ffqan Muxtarl\u0131n\u0131n h\u00fcquqlar\u0131na h\u00f6rm\u0259t etm\u0259y\u0259 \u00e7a\u011f\u0131r\u0131r\u0131q - MEYDAN.TV","og_description":"Fransa b\u00fct\u00fcn d\u00fcnyada m\u0259tbuat v\u0259 fikri ifad\u0259 azadl\u0131\u011f\u0131na sadiqdir","og_url":"https:\/\/www.meydan.tv\/az\/article\/fransa-xin-azerbaycan-hakimiyyetini-efqan-muxtarlinin-huquqlarina-hormet-etmeye-cagiririq\/","og_site_name":"MEYDAN.TV","article_published_time":"2019-09-27T15:23:51+00:00","og_image":[{"width":1536,"height":983,"url":"https:\/\/www.meydan.tv\/wp-content\/uploads\/1448030593_1024209290.jpg","type":"image\/jpeg"}],"author":"user-manager","twitter_card":"summary_large_image","schema":{"@context":"https:\/\/schema.org","@graph":[{"@type":"Article","@id":"https:\/\/www.meydan.tv\/az\/article\/fransa-xin-azerbaycan-hakimiyyetini-efqan-muxtarlinin-huquqlarina-hormet-etmeye-cagiririq\/#article","isPartOf":{"@id":"https:\/\/www.meydan.tv\/az\/article\/fransa-xin-azerbaycan-hakimiyyetini-efqan-muxtarlinin-huquqlarina-hormet-etmeye-cagiririq\/"},"author":{"name":"user-manager","@id":"https:\/\/www.meydan.tv\/az\/#\/schema\/person\/10d11eccf6da3662cf5fdab9806ea91a"},"headline":"Fransa X\u0130N: Az\u0259rbaycan hakimiyy\u0259tini \u018ffqan Muxtarl\u0131n\u0131n h\u00fcquqlar\u0131na h\u00f6rm\u0259t etm\u0259y\u0259 \u00e7a\u011f\u0131r\u0131r\u0131q","datePublished":"2019-09-27T15:23:51+00:00","mainEntityOfPage":{"@id":"https:\/\/www.meydan.tv\/az\/article\/fransa-xin-azerbaycan-hakimiyyetini-efqan-muxtarlinin-huquqlarina-hormet-etmeye-cagiririq\/"},"wordCount":379,"publisher":{"@id":"https:\/\/www.meydan.tv\/az\/#organization"},"image":{"@id":"https:\/\/www.meydan.tv\/az\/article\/fransa-xin-azerbaycan-hakimiyyetini-efqan-muxtarlinin-huquqlarina-hormet-etmeye-cagiririq\/#primaryimage"},"thumbnailUrl":"https:\/\/www.meydan.tv\/wp-content\/uploads\/1448030593_1024209290.jpg","articleSection":["Siyas\u0259t"],"inLanguage":"az"},{"@type":"WebPage","@id":"https:\/\/www.meydan.tv\/az\/article\/fransa-xin-azerbaycan-hakimiyyetini-efqan-muxtarlinin-huquqlarina-hormet-etmeye-cagiririq\/","url":"https:\/\/www.meydan.tv\/az\/article\/fransa-xin-azerbaycan-hakimiyyetini-efqan-muxtarlinin-huquqlarina-hormet-etmeye-cagiririq\/","name":"Fransa X\u0130N: Az\u0259rbaycan hakimiyy\u0259tini \u018ffqan Muxtarl\u0131n\u0131n h\u00fcquqlar\u0131na h\u00f6rm\u0259t etm\u0259y\u0259 \u00e7a\u011f\u0131r\u0131r\u0131q - MEYDAN.TV","isPartOf":{"@id":"https:\/\/www.meydan.tv\/az\/#website"},"primaryImageOfPage":{"@id":"https:\/\/www.meydan.tv\/az\/article\/fransa-xin-azerbaycan-hakimiyyetini-efqan-muxtarlinin-huquqlarina-hormet-etmeye-cagiririq\/#primaryimage"},"image":{"@id":"https:\/\/www.meydan.tv\/az\/article\/fransa-xin-azerbaycan-hakimiyyetini-efqan-muxtarlinin-huquqlarina-hormet-etmeye-cagiririq\/#primaryimage"},"thumbnailUrl":"https:\/\/www.meydan.tv\/wp-content\/uploads\/1448030593_1024209290.jpg","datePublished":"2019-09-27T15:23:51+00:00","breadcrumb":{"@id":"https:\/\/www.meydan.tv\/az\/article\/fransa-xin-azerbaycan-hakimiyyetini-efqan-muxtarlinin-huquqlarina-hormet-etmeye-cagiririq\/#breadcrumb"},"inLanguage":"az","potentialAction":[{"@type":"ReadAction","target":["https:\/\/www.meydan.tv\/az\/article\/fransa-xin-azerbaycan-hakimiyyetini-efqan-muxtarlinin-huquqlarina-hormet-etmeye-cagiririq\/"]}]},{"@type":"ImageObject","inLanguage":"az","@id":"https:\/\/www.meydan.tv\/az\/article\/fransa-xin-azerbaycan-hakimiyyetini-efqan-muxtarlinin-huquqlarina-hormet-etmeye-cagiririq\/#primaryimage","url":"https:\/\/www.meydan.tv\/wp-content\/uploads\/1448030593_1024209290.jpg","contentUrl":"https:\/\/www.meydan.tv\/wp-content\/uploads\/1448030593_1024209290.jpg","width":1536,"height":983,"caption":"Source: meydan tv"},{"@type":"BreadcrumbList","@id":"https:\/\/www.meydan.tv\/az\/article\/fransa-xin-azerbaycan-hakimiyyetini-efqan-muxtarlinin-huquqlarina-hormet-etmeye-cagiririq\/#breadcrumb","itemListElement":[{"@type":"ListItem","position":1,"name":"Ana s\u0259hif\u0259","item":"https:\/\/www.meydan.tv\/az\/"},{"@type":"ListItem","position":2,"name":"Siyas\u0259t","item":"https:\/\/www.meydan.tv\/az\/section\/siyaset\/"},{"@type":"ListItem","position":3,"name":"Fransa X\u0130N: Az\u0259rbaycan hakimiyy\u0259tini \u018ffqan Muxtarl\u0131n\u0131n h\u00fcquqlar\u0131na h\u00f6rm\u0259t etm\u0259y\u0259 \u00e7a\u011f\u0131r\u0131r\u0131q"}]},{"@type":"WebSite","@id":"https:\/\/www.meydan.tv\/az\/#website","url":"https:\/\/www.meydan.tv\/az\/","name":"MEYDAN.TV","description":"Meydan TV Az\u0259rbaycan\u0131n media m\u0259kan\u0131ndak\u0131 alternativ s\u0259sidir","publisher":{"@id":"https:\/\/www.meydan.tv\/az\/#organization"},"potentialAction":[{"@type":"SearchAction","target":{"@type":"EntryPoint","urlTemplate":"https:\/\/www.meydan.tv\/az\/?s={search_term_string}"},"query-input":{"@type":"PropertyValueSpecification","valueRequired":true,"valueName":"search_term_string"}}],"inLanguage":"az"},{"@type":"Organization","@id":"https:\/\/www.meydan.tv\/az\/#organization","name":"Meydan TV","url":"https:\/\/www.meydan.tv\/az\/","logo":{"@type":"ImageObject","inLanguage":"az","@id":"https:\/\/www.meydan.tv\/az\/#\/schema\/logo\/image\/","url":"https:\/\/www.meydan.tv\/wp-content\/uploads\/2021\/07\/meydan-logo.svg","contentUrl":"https:\/\/www.meydan.tv\/wp-content\/uploads\/2021\/07\/meydan-logo.svg","width":195,"height":46,"caption":"Meydan TV"},"image":{"@id":"https:\/\/www.meydan.tv\/az\/#\/schema\/logo\/image\/"}},{"@type":"Person","@id":"https:\/\/www.meydan.tv\/az\/#\/schema\/person\/10d11eccf6da3662cf5fdab9806ea91a","name":"user-manager"}]}},"_links":{"self":[{"href":"https:\/\/www.meydan.tv\/az\/wp-json\/wp\/v2\/posts\/197174","targetHints":{"allow":["GET"]}}],"collection":[{"href":"https:\/\/www.meydan.tv\/az\/wp-json\/wp\/v2\/posts"}],"about":[{"href":"https:\/\/www.meydan.tv\/az\/wp-json\/wp\/v2\/types\/post"}],"author":[{"embeddable":true,"href":"https:\/\/www.meydan.tv\/az\/wp-json\/wp\/v2\/users\/11"}],"replies":[{"embeddable":true,"href":"https:\/\/www.meydan.tv\/az\/wp-json\/wp\/v2\/comments?post=197174"}],"version-history":[{"count":0,"href":"https:\/\/www.meydan.tv\/az\/wp-json\/wp\/v2\/posts\/197174\/revisions"}],"wp:featuredmedia":[{"embeddable":true,"href":"https:\/\/www.meydan.tv\/az\/wp-json\/wp\/v2\/media\/130333"}],"wp:attachment":[{"href":"https:\/\/www.meydan.tv\/az\/wp-json\/wp\/v2\/media?parent=197174"}],"wp:term":[{"taxonomy":"category","embeddable":true,"href":"https:\/\/www.meydan.tv\/az\/wp-json\/wp\/v2\/categories?post=197174"},{"taxonomy":"post_tag","embeddable":true,"href":"https:\/\/www.meydan.tv\/az\/wp-json\/wp\/v2\/tags?post=197174"}],"curies":[{"name":"wp","href":"https:\/\/api.w.org\/{rel}","templated":true}]}}