{"id":197173,"date":"2019-09-27T15:14:19","date_gmt":"2019-09-27T15:14:19","guid":{"rendered":"https:\/\/www.meydan.tv\/article\/rauf-mirqedirov-kremlin-nezaretinde-olan-media-pasinyanin-loyalligina-inanmir\/"},"modified":"2019-09-27T15:14:19","modified_gmt":"2019-09-27T15:14:19","slug":"rauf-mirqedirov-kremlin-nezaretinde-olan-media-pasinyanin-loyalligina-inanmir","status":"publish","type":"post","link":"https:\/\/www.meydan.tv\/az\/article\/rauf-mirqedirov-kremlin-nezaretinde-olan-media-pasinyanin-loyalligina-inanmir\/","title":{"rendered":"Rauf Mirq\u0259dirov: Kremlin n\u0259zar\u0259tind\u0259 olan media Pa\u015finyan\u0131n loyall\u0131\u011f\u0131na inanm\u0131r"},"content":{"rendered":"<p>\n  <i><br \/>\n    \u201cMoskvaya soyuq m\u00fcnasib\u0259t b\u0259sl\u0259y\u0259n d\u00f6vl\u0259tl\u0259r\u0259 qar\u015f\u0131 informasiya m\u00fcharib\u0259si apar\u0131l\u0131r\u201d<br \/>\n  <\/i>\n<\/p>\n<p>\n  Va\u015finqtonda 2019-cu ilin yay\u0131nda g\u00f6r\u00fc\u015f zaman\u0131 Erm\u0259nistan\u0131n xarici i\u015fl\u0259r naziri Z\u00f6hrab Mnasakanyan 5 milyard dollar qar\u015f\u0131l\u0131\u011f\u0131nda Az\u0259rbaycana 5 rayonun verilm\u0259sin\u0259 raz\u0131 olub.\n<\/p>\n<p>\n  Bu bar\u0259d\u0259 Rusiyan\u0131n<br \/>\n  <a href=\"http:\/\/nvo.ng.ru\/realty\/2019-09-27\/2_1063_armenia.html\"><br \/>\n    \u201cNezavisimaya qazeta\u201d<br \/>\n  <\/a><br \/>\n  n\u0259\u015frind\u0259 Erm\u0259nistanda siyasi v\u0259ziyy\u0259t\u0259 h\u0259sr edil\u0259n m\u0259qal\u0259d\u0259 bildirilib.\n<\/p>\n<p>\n  Suren \u0130onisyan\u0131n m\u00fc\u0259llifi oldu\u011fu yaz\u0131da Erm\u0259nistan\u0131n Pa\u015finyan d\u00f6vr\u00fcnd\u0259 daha \u00e7ox AB\u015e-\u0131n t\u0259sir dair\u0259sin\u0259 d\u00fc\u015fm\u0259si bar\u0259d\u0259 fikirl\u0259r yer al\u0131b.\n<\/p>\n<p>\n  M\u00fc\u0259llif iddia edir ki, Erm\u0259nistanda xalq Q\u0259rb siyasi texnoloqlar\u0131n\u0131n qurban\u0131 olub v\u0259 Pa\u015finyan\u0131n hakimiyy\u0259t\u0259 g\u0259lm\u0259sinin s\u0259b\u0259bi d\u0259 bundad\u0131r.\n<\/p>\n<p>\n  \u201cPa\u015finyan\u0131n hakimiyy\u0259t\u0259 g\u0259ldiyi m\u00fcdd\u0259td\u0259n bir il yar\u0131m \u00f6tm\u0259sin\u0259 baxmayaraq Erm\u0259nistan demokratik olmay\u0131b. \u018fksin\u0259, avtoritar d\u00f6vl\u0259t\u0259 \u00e7evrilib. Erm\u0259nistanda Q\u0259rbin QHT-l\u0259rinin nizamnam\u0259l\u0259rini \u0259sas g\u00f6t\u00fcr\u00fcb \u00f6lk\u0259y\u0259 r\u0259hb\u0259rlik edirl\u0259r. Erm\u0259nistan AB\u015e-\u0131n geosiyasi maraq dair\u0259sin\u0259 daxil olub\u201d, &#8211; m\u0259qal\u0259d\u0259 yaz\u0131l\u0131b.\n<\/p>\n<p>\n  M\u00fc\u0259llif iddia edir ki, Pa\u015finyan v\u0259 onun h\u00f6kum\u0259ti ke\u00e7mi\u015f prezident Serj Sarkisyan\u0131n layih\u0259sidir. M\u0259qal\u0259d\u0259 qeyd olunur ki, bu layih\u0259nin m\u0259qs\u0259di Erm\u0259nistanda siyasi meydan\u0131n t\u0259mizl\u0259nm\u0259si v\u0259 Erm\u0259nistan\u0131n Vatikanda ke\u00e7mi\u015f s\u0259firi Mikael Minasyan\u0131n hakimiyy\u0259t\u0259 g\u0259tirilm\u0259sidir. Minasyan Sarkisyan\u0131n k\u00fcr\u0259k\u0259nidir.\n<\/p>\n<p>\n  M\u00fc\u0259llif h\u0259m\u00e7inin iddia edir ki, layih\u0259nin dig\u0259r m\u0259qs\u0259di Az\u0259rbaycan\u0131n i\u015f\u011fal olunmu\u015f \u0259razisind\u0259ki tan\u0131nmam\u0131\u015f \u201cDa\u011fl\u0131q Qaraba\u011f Respublikas\u0131\u201dnda hakimiyy\u0259t\u0259 Mais Malyan\u0131n g\u0259lm\u0259sidir (haz\u0131rda tan\u0131nmam\u0131\u015f respublikan\u0131n xarici i\u015fl\u0259r naziri).\n<\/p>\n<p>\n  \u201cM\u0259hz bundan sonra AB\u015e prezidentinin milli t\u0259hl\u00fck\u0259sizlik m\u0259s\u0259l\u0259l\u0259ri \u00fczr\u0259 ke\u00e7mi\u015f k\u00f6m\u0259k\u00e7isi Con Boltonun plan\u0131na \u0259sas\u0259n, 5 rayon Az\u0259rbaycana verilm\u0259lidir\u201d, &#8211; yaz\u0131da bildirilib.\n<\/p>\n<p>\n  Bundan ba\u015fqa m\u00fc\u0259llif hesab edir ki, Rusiya h\u0259rbi\u00e7il\u0259rinin Erm\u0259nistandan \u00e7\u0131xar\u0131lmas\u0131 \u00fc\u00e7\u00fcn AB\u015e-\u0131n Erm\u0259nistan-Az\u0259rbaycan m\u00fcnaqi\u015f\u0259sini q\u0131z\u0131\u015fd\u0131rmaq plan\u0131 var.\n<\/p>\n<p>\n  \u201cH\u0259rbi \u0259m\u0259liyyatlar\u0131n ba\u015flad\u0131\u011f\u0131 halda Rusiya Kollektiv T\u0259hl\u00fck\u0259sizlik M\u00fcqavil\u0259si T\u0259\u015fkilat\u0131n\u0131n \u00fczv\u00fc kimi ona qar\u0131\u015fsa Erm\u0259nistan r\u0259hb\u0259rliyi bu \u00f6lk\u0259nin h\u0259rb\u00e7il\u0259rinin \u00f6lk\u0259 \u0259razisind\u0259 yerl\u0259\u015fm\u0259sinin arzuolunmaz oldu\u011funu elan ed\u0259c\u0259k\u201d, &#8211; yaz\u0131da deyilir.\n<\/p>\n<p>\n  M\u00fc\u0259llif bununla ba\u011fl\u0131 t\u0259klif edir ki, h\u0259r bir t\u0259xribatdan qa\u00e7araq, Az\u0259rbaycanla h\u0259rbi \u0259m\u0259liyyatlar\u0131n ba\u015f verm\u0259sinin qar\u015f\u0131s\u0131n\u0131 almaq laz\u0131md\u0131r. Avropada m\u00fchacir h\u0259yat\u0131 ya\u015fayan siyasi icmal\u00e7\u0131 Rauf Mirq\u0259dirov Meydan TV-y\u0259 bildirib ki, Kremlin n\u0259zar\u0259tind\u0259 olan m\u0259tbuat postsovet v\u0259 \u00fcmumiyy\u0259tl\u0259, b\u00fct\u00fcn d\u00fcnyada Moskvaya soyuq m\u00fcnasib\u0259t b\u0259sl\u0259y\u0259n d\u00f6vl\u0259tl\u0259r\u0259 qar\u015f\u0131 informasiya m\u00fcharib\u0259si apar\u0131r.\n<\/p>\n<p>\n  \u201cM\u00fcnaqi\u015f\u0259li \u00f6lk\u0259l\u0259r bar\u0259d\u0259 yaz\u0131larda is\u0259 Va\u015finqton t\u0259r\u0259fl\u0259ri q\u0131z\u0131\u015fd\u0131rmaqda ittiham edilir v\u0259 guya Rusiyan\u0131n cavab add\u0131mlar\u0131 s\u00fclh\u0259 xidm\u0259t edir. Erm\u0259nistanla ba\u011fl\u0131 m\u0259s\u0259l\u0259 bir q\u0259d\u0259r f\u0259rqli olsa da, Kremlin n\u0259zar\u0259tind\u0259 olan media Ba\u015f nazir Pa\u015finyan hakimiyy\u0259tinin loyall\u0131\u011f\u0131na inanm\u0131r. Ona g\u00f6r\u0259 bu tip materiallar h\u0259min m\u00fcnasib\u0259tin t\u0259rkib hiss\u0259sidir\u201d, &#8211; R.Mirq\u0259dirov deyib.\n<\/p>\n<figure class=\"wp-block-image size-large\">\n  <img decoding=\"async\" src=\"https:\/\/www.meydan.tv\/az\/jurnalist-muhacir-rauf-mirqedirov\/\" alt=\"Jurnalist m\u00fchacir Rauf Mirq\u0259dirov\" class=\"wp-image-123541\"\/><figcaption>\n    Rauf Mirq\u0259dirov<br \/>\n  <\/figcaption><\/figure>\n<p>\n  \u0130cmal\u00e7\u0131 h\u0259min m\u0259qal\u0259d\u0259 Erm\u0259nistana Soros, Q\u0259rb d\u0259y\u0259rl\u0259ri yeridilir, yaxud Erm\u0259nistanda laboratoriyalar\u0131n, t\u0259lim m\u0259rk\u0259zl\u0259rinin oldu\u011fu bar\u0259d\u0259 fikirl\u0259r\u0259 x\u00fcsusi \u0259h\u0259miyy\u0259t verm\u0259k laz\u0131m oldu\u011funu bildirib.\n<\/p>\n<p>\n  \u201cHalbuki, Rusiyan\u0131n haz\u0131rda m\u00fcdafi\u0259 etdiyi sabiq prezident K\u00f6\u00e7\u0259ryan\u0131n hakimiyy\u0259ti d\u00f6vr\u00fcnd\u0259n Erm\u0259nistan NATO S\u00fclh Namin\u0259 T\u0259r\u0259fda\u015fl\u0131q Proqram\u0131n\u0131n \u00fczv\u00fcd\u00fcr. Radioaktiv madd\u0259l\u0259rl\u0259 ba\u011fl\u0131 laboratoriyalar is\u0259 postsovet \u00f6lk\u0259l\u0259rinin \u0259ks\u0259riyy\u0259tind\u0259 var. Bunlar Rusiyan\u0131n t\u0259cav\u00fczkar siyas\u0259tin\u0259 b\u0259ra\u0259t qazand\u0131rmaq \u00fc\u00e7\u00fcn yayd\u0131\u011f\u0131 dezinformasiyad\u0131r\u201d, &#8211; siyasi icmal\u00e7\u0131 deyib.\n<\/p>\n<p>\n  Rauf Mirq\u0259dirovun s\u00f6zl\u0259rin\u0259 g\u00f6r\u0259, 5 milyard dollar qar\u015f\u0131l\u0131\u011f\u0131nda 5 rayonun Az\u0259rbaycana qaytar\u0131lmas\u0131 m\u0259s\u0259l\u0259sind\u0259 is\u0259 yeni bir \u015fey yoxdur v\u0259 faktlar\u0131n interpretasiyas\u0131d\u0131r.\n<\/p>\n<p>\n  \u201cM\u0259s\u0259l\u0259 ondad\u0131r ki, s\u00fclh sazi\u015fi imzalanarsa, beyn\u0259lxalq t\u0259\u015fkilatlar v\u0259 apar\u0131c\u0131 d\u00f6vl\u0259tl\u0259r regiona yard\u0131m ed\u0259c\u0259kl\u0259rin\u0259 v\u0259d veribl\u0259r, amma r\u0259q\u0259ml\u0259r m\u00fcxt\u0259lif olub. Haz\u0131rk\u0131 dan\u0131\u015f\u0131qlarda bu m\u0259s\u0259l\u0259nin m\u00fczakir\u0259 edildiyin\u0259 inanm\u0131ram. Yaz\u0131da h\u0259min 5 milyard\u0131n hans\u0131 m\u0259nb\u0259d\u0259n g\u0259l\u0259c\u0259yi \u00fcmumiyy\u0259tl\u0259 g\u00f6st\u0259rilmir. Sad\u0259c\u0259, deyirl\u0259r ki, Erm\u0259nistan 5 rayonu azad ed\u0259rs\u0259, 5 milyard dollar alacaq. Ancaq kimd\u0259n alacaq, bu sual a\u00e7\u0131q qal\u0131r. Bel\u0259 t\u0259\u0259ss\u00fcrat yaran\u0131r ki, pulu guya Az\u0259rbaycan ver\u0259c\u0259k. Y\u0259ni Pa\u015finyan i\u015f\u011fal olunan \u0259razil\u0259ri sat\u0131r\u201d.\n<\/p>\n<p>\n  Bununla bel\u0259 o qeyd edib ki, \u0259slind\u0259, s\u00fclh sazi\u015fi imzalanarsa, m\u00fcnaqi\u015f\u0259d\u0259n \u0259ziyy\u0259t \u00e7\u0259k\u0259n d\u00f6vl\u0259tl\u0259r\u0259 b\u0259rpa i\u015fl\u0259ri \u00fc\u00e7\u00fcn maliyy\u0259 yard\u0131m\u0131 n\u0259z\u0259rd\u0259 tutulub. Amma bildirib ki, bu halda da d\u00fc\u015f\u00fcnm\u0259k laz\u0131m deyil ki, 5 milyard dollar indiki dan\u0131\u015f\u0131qlar\u0131n predmetidir.\n<\/p>\n<p>\n  \u201cD\u00fczd\u00fcr, m\u00fcnaqi\u015f\u0259 Erm\u0259nistana a\u011f\u0131r probleml\u0259r qoyub, ancaq daha \u00e7ox z\u0259rb\u0259 Az\u0259rbaycana d\u0259yib. Az\u0259rbaycan t\u0259r\u0259find\u0259n Erm\u0259nistana h\u0259r hans\u0131 maliyy\u0259 yard\u0131m\u0131n\u0131 istisna etm\u0259s\u0259m d\u0259, bu, birinci d\u0259r\u0259c\u0259li m\u0259s\u0259l\u0259 deyil. Bak\u0131 d\u0259f\u0259l\u0259rl\u0259 b\u0259yan edib ki, \u0259g\u0259r s\u00fclh sazi\u015fi imzalanarsa, Erm\u0259nistanla iqtisadi \u0259m\u0259kda\u015fl\u0131\u011fa haz\u0131rd\u0131r, investisiyalar\u0131n qoyulu\u015funda i\u015ftirak ed\u0259 bil\u0259r. Amma bu raz\u0131la\u015fmalar birba\u015fa v\u0259 \u00f6n\u0259mli deyil, \u00f6n\u0259mlisi m\u00fcnaqi\u015f\u0259nin dinc yolla h\u0259llind\u0259 m\u00fc\u0259yy\u0259n add\u0131mlar\u0131n at\u0131lmas\u0131d\u0131r. H\u0259l\u0259lik Pa\u015finyan t\u0259r\u0259fd\u0259n bu istiqam\u0259td\u0259 add\u0131mlar at\u0131lm\u0131r v\u0259 son \u00e7\u0131x\u0131\u015flar\u0131 dedikl\u0259rimi t\u0259sdiql\u0259yir\u201d.<\/p>\n","protected":false},"excerpt":{"rendered":"<p>Amma bildirib ki, bu halda da d\u00fc\u015f\u00fcnm\u0259k laz\u0131m deyil ki, 5 milyard dollar indiki dan\u0131\u015f\u0131qlar\u0131n predmetidir.<\/p>\n","protected":false},"author":11,"featured_media":103536,"comment_status":"closed","ping_status":"open","sticky":false,"template":"","format":"standard","meta":{"_acf_changed":false,"_sitemap_exclude":false,"_sitemap_priority":"","_sitemap_frequency":"","footnotes":""},"categories":[59],"tags":[],"class_list":["post-197173","post","type-post","status-publish","format-standard","has-post-thumbnail","hentry","category-siyaset","infinite-scroll-item","generate-columns","tablet-grid-50","mobile-grid-100","grid-parent","grid-33","no-featured-image-padding"],"acf":[],"yoast_head":"<!-- This site is optimized with the Yoast SEO plugin v27.5 - https:\/\/yoast.com\/product\/yoast-seo-wordpress\/ -->\n<title>Rauf Mirq\u0259dirov: Kremlin n\u0259zar\u0259tind\u0259 olan media Pa\u015finyan\u0131n loyall\u0131\u011f\u0131na inanm\u0131r - MEYDAN.TV<\/title>\n<meta name=\"robots\" content=\"index, follow, max-snippet:-1, max-image-preview:large, max-video-preview:-1\" \/>\n<link rel=\"canonical\" href=\"https:\/\/www.meydan.tv\/az\/article\/rauf-mirqedirov-kremlin-nezaretinde-olan-media-pasinyanin-loyalligina-inanmir\/\" \/>\n<meta property=\"og:locale\" content=\"az_AZ\" \/>\n<meta property=\"og:type\" content=\"article\" \/>\n<meta property=\"og:title\" content=\"Rauf Mirq\u0259dirov: Kremlin n\u0259zar\u0259tind\u0259 olan media Pa\u015finyan\u0131n loyall\u0131\u011f\u0131na inanm\u0131r - MEYDAN.TV\" \/>\n<meta property=\"og:description\" content=\"Amma bildirib ki, bu halda da d\u00fc\u015f\u00fcnm\u0259k laz\u0131m deyil ki, 5 milyard dollar indiki dan\u0131\u015f\u0131qlar\u0131n predmetidir.\" \/>\n<meta property=\"og:url\" content=\"https:\/\/www.meydan.tv\/az\/article\/rauf-mirqedirov-kremlin-nezaretinde-olan-media-pasinyanin-loyalligina-inanmir\/\" \/>\n<meta property=\"og:site_name\" content=\"MEYDAN.TV\" \/>\n<meta property=\"article:published_time\" content=\"2019-09-27T15:14:19+00:00\" \/>\n<meta property=\"og:image\" content=\"https:\/\/www.meydan.tv\/wp-content\/uploads\/41069.jpg\" \/>\n\t<meta property=\"og:image:width\" content=\"1200\" \/>\n\t<meta property=\"og:image:height\" content=\"800\" \/>\n\t<meta property=\"og:image:type\" content=\"image\/jpeg\" \/>\n<meta name=\"author\" content=\"user-manager\" \/>\n<meta name=\"twitter:card\" content=\"summary_large_image\" \/>\n<script type=\"application\/ld+json\" class=\"yoast-schema-graph\">{\"@context\":\"https:\\\/\\\/schema.org\",\"@graph\":[{\"@type\":\"Article\",\"@id\":\"https:\\\/\\\/www.meydan.tv\\\/az\\\/article\\\/rauf-mirqedirov-kremlin-nezaretinde-olan-media-pasinyanin-loyalligina-inanmir\\\/#article\",\"isPartOf\":{\"@id\":\"https:\\\/\\\/www.meydan.tv\\\/az\\\/article\\\/rauf-mirqedirov-kremlin-nezaretinde-olan-media-pasinyanin-loyalligina-inanmir\\\/\"},\"author\":{\"name\":\"user-manager\",\"@id\":\"https:\\\/\\\/www.meydan.tv\\\/az\\\/#\\\/schema\\\/person\\\/10d11eccf6da3662cf5fdab9806ea91a\"},\"headline\":\"Rauf Mirq\u0259dirov: Kremlin n\u0259zar\u0259tind\u0259 olan media Pa\u015finyan\u0131n loyall\u0131\u011f\u0131na inanm\u0131r\",\"datePublished\":\"2019-09-27T15:14:19+00:00\",\"mainEntityOfPage\":{\"@id\":\"https:\\\/\\\/www.meydan.tv\\\/az\\\/article\\\/rauf-mirqedirov-kremlin-nezaretinde-olan-media-pasinyanin-loyalligina-inanmir\\\/\"},\"wordCount\":1116,\"publisher\":{\"@id\":\"https:\\\/\\\/www.meydan.tv\\\/az\\\/#organization\"},\"image\":{\"@id\":\"https:\\\/\\\/www.meydan.tv\\\/az\\\/article\\\/rauf-mirqedirov-kremlin-nezaretinde-olan-media-pasinyanin-loyalligina-inanmir\\\/#primaryimage\"},\"thumbnailUrl\":\"https:\\\/\\\/www.meydan.tv\\\/wp-content\\\/uploads\\\/41069-e1650394969125.jpg\",\"articleSection\":[\"Siyas\u0259t\"],\"inLanguage\":\"az\"},{\"@type\":\"WebPage\",\"@id\":\"https:\\\/\\\/www.meydan.tv\\\/az\\\/article\\\/rauf-mirqedirov-kremlin-nezaretinde-olan-media-pasinyanin-loyalligina-inanmir\\\/\",\"url\":\"https:\\\/\\\/www.meydan.tv\\\/az\\\/article\\\/rauf-mirqedirov-kremlin-nezaretinde-olan-media-pasinyanin-loyalligina-inanmir\\\/\",\"name\":\"Rauf Mirq\u0259dirov: Kremlin n\u0259zar\u0259tind\u0259 olan media Pa\u015finyan\u0131n loyall\u0131\u011f\u0131na inanm\u0131r - MEYDAN.TV\",\"isPartOf\":{\"@id\":\"https:\\\/\\\/www.meydan.tv\\\/az\\\/#website\"},\"primaryImageOfPage\":{\"@id\":\"https:\\\/\\\/www.meydan.tv\\\/az\\\/article\\\/rauf-mirqedirov-kremlin-nezaretinde-olan-media-pasinyanin-loyalligina-inanmir\\\/#primaryimage\"},\"image\":{\"@id\":\"https:\\\/\\\/www.meydan.tv\\\/az\\\/article\\\/rauf-mirqedirov-kremlin-nezaretinde-olan-media-pasinyanin-loyalligina-inanmir\\\/#primaryimage\"},\"thumbnailUrl\":\"https:\\\/\\\/www.meydan.tv\\\/wp-content\\\/uploads\\\/41069-e1650394969125.jpg\",\"datePublished\":\"2019-09-27T15:14:19+00:00\",\"breadcrumb\":{\"@id\":\"https:\\\/\\\/www.meydan.tv\\\/az\\\/article\\\/rauf-mirqedirov-kremlin-nezaretinde-olan-media-pasinyanin-loyalligina-inanmir\\\/#breadcrumb\"},\"inLanguage\":\"az\",\"potentialAction\":[{\"@type\":\"ReadAction\",\"target\":[\"https:\\\/\\\/www.meydan.tv\\\/az\\\/article\\\/rauf-mirqedirov-kremlin-nezaretinde-olan-media-pasinyanin-loyalligina-inanmir\\\/\"]}]},{\"@type\":\"ImageObject\",\"inLanguage\":\"az\",\"@id\":\"https:\\\/\\\/www.meydan.tv\\\/az\\\/article\\\/rauf-mirqedirov-kremlin-nezaretinde-olan-media-pasinyanin-loyalligina-inanmir\\\/#primaryimage\",\"url\":\"https:\\\/\\\/www.meydan.tv\\\/wp-content\\\/uploads\\\/41069-e1650394969125.jpg\",\"contentUrl\":\"https:\\\/\\\/www.meydan.tv\\\/wp-content\\\/uploads\\\/41069-e1650394969125.jpg\",\"width\":1200,\"height\":657,\"caption\":\"Foto: \\\"kremlin.ru\\\"\"},{\"@type\":\"BreadcrumbList\",\"@id\":\"https:\\\/\\\/www.meydan.tv\\\/az\\\/article\\\/rauf-mirqedirov-kremlin-nezaretinde-olan-media-pasinyanin-loyalligina-inanmir\\\/#breadcrumb\",\"itemListElement\":[{\"@type\":\"ListItem\",\"position\":1,\"name\":\"Ana s\u0259hif\u0259\",\"item\":\"https:\\\/\\\/www.meydan.tv\\\/az\\\/\"},{\"@type\":\"ListItem\",\"position\":2,\"name\":\"Siyas\u0259t\",\"item\":\"https:\\\/\\\/www.meydan.tv\\\/az\\\/section\\\/siyaset\\\/\"},{\"@type\":\"ListItem\",\"position\":3,\"name\":\"Rauf Mirq\u0259dirov: Kremlin n\u0259zar\u0259tind\u0259 olan media Pa\u015finyan\u0131n loyall\u0131\u011f\u0131na inanm\u0131r\"}]},{\"@type\":\"WebSite\",\"@id\":\"https:\\\/\\\/www.meydan.tv\\\/az\\\/#website\",\"url\":\"https:\\\/\\\/www.meydan.tv\\\/az\\\/\",\"name\":\"MEYDAN.TV\",\"description\":\"Meydan TV Az\u0259rbaycan\u0131n media m\u0259kan\u0131ndak\u0131 alternativ s\u0259sidir\",\"publisher\":{\"@id\":\"https:\\\/\\\/www.meydan.tv\\\/az\\\/#organization\"},\"potentialAction\":[{\"@type\":\"SearchAction\",\"target\":{\"@type\":\"EntryPoint\",\"urlTemplate\":\"https:\\\/\\\/www.meydan.tv\\\/az\\\/?s={search_term_string}\"},\"query-input\":{\"@type\":\"PropertyValueSpecification\",\"valueRequired\":true,\"valueName\":\"search_term_string\"}}],\"inLanguage\":\"az\"},{\"@type\":\"Organization\",\"@id\":\"https:\\\/\\\/www.meydan.tv\\\/az\\\/#organization\",\"name\":\"Meydan TV\",\"url\":\"https:\\\/\\\/www.meydan.tv\\\/az\\\/\",\"logo\":{\"@type\":\"ImageObject\",\"inLanguage\":\"az\",\"@id\":\"https:\\\/\\\/www.meydan.tv\\\/az\\\/#\\\/schema\\\/logo\\\/image\\\/\",\"url\":\"https:\\\/\\\/www.meydan.tv\\\/wp-content\\\/uploads\\\/2021\\\/07\\\/meydan-logo.svg\",\"contentUrl\":\"https:\\\/\\\/www.meydan.tv\\\/wp-content\\\/uploads\\\/2021\\\/07\\\/meydan-logo.svg\",\"width\":195,\"height\":46,\"caption\":\"Meydan TV\"},\"image\":{\"@id\":\"https:\\\/\\\/www.meydan.tv\\\/az\\\/#\\\/schema\\\/logo\\\/image\\\/\"}},{\"@type\":\"Person\",\"@id\":\"https:\\\/\\\/www.meydan.tv\\\/az\\\/#\\\/schema\\\/person\\\/10d11eccf6da3662cf5fdab9806ea91a\",\"name\":\"user-manager\"}]}<\/script>\n<!-- \/ Yoast SEO plugin. -->","yoast_head_json":{"title":"Rauf Mirq\u0259dirov: Kremlin n\u0259zar\u0259tind\u0259 olan media Pa\u015finyan\u0131n loyall\u0131\u011f\u0131na inanm\u0131r - MEYDAN.TV","robots":{"index":"index","follow":"follow","max-snippet":"max-snippet:-1","max-image-preview":"max-image-preview:large","max-video-preview":"max-video-preview:-1"},"canonical":"https:\/\/www.meydan.tv\/az\/article\/rauf-mirqedirov-kremlin-nezaretinde-olan-media-pasinyanin-loyalligina-inanmir\/","og_locale":"az_AZ","og_type":"article","og_title":"Rauf Mirq\u0259dirov: Kremlin n\u0259zar\u0259tind\u0259 olan media Pa\u015finyan\u0131n loyall\u0131\u011f\u0131na inanm\u0131r - MEYDAN.TV","og_description":"Amma bildirib ki, bu halda da d\u00fc\u015f\u00fcnm\u0259k laz\u0131m deyil ki, 5 milyard dollar indiki dan\u0131\u015f\u0131qlar\u0131n predmetidir.","og_url":"https:\/\/www.meydan.tv\/az\/article\/rauf-mirqedirov-kremlin-nezaretinde-olan-media-pasinyanin-loyalligina-inanmir\/","og_site_name":"MEYDAN.TV","article_published_time":"2019-09-27T15:14:19+00:00","og_image":[{"width":1200,"height":800,"url":"https:\/\/www.meydan.tv\/wp-content\/uploads\/41069.jpg","type":"image\/jpeg"}],"author":"user-manager","twitter_card":"summary_large_image","schema":{"@context":"https:\/\/schema.org","@graph":[{"@type":"Article","@id":"https:\/\/www.meydan.tv\/az\/article\/rauf-mirqedirov-kremlin-nezaretinde-olan-media-pasinyanin-loyalligina-inanmir\/#article","isPartOf":{"@id":"https:\/\/www.meydan.tv\/az\/article\/rauf-mirqedirov-kremlin-nezaretinde-olan-media-pasinyanin-loyalligina-inanmir\/"},"author":{"name":"user-manager","@id":"https:\/\/www.meydan.tv\/az\/#\/schema\/person\/10d11eccf6da3662cf5fdab9806ea91a"},"headline":"Rauf Mirq\u0259dirov: Kremlin n\u0259zar\u0259tind\u0259 olan media Pa\u015finyan\u0131n loyall\u0131\u011f\u0131na inanm\u0131r","datePublished":"2019-09-27T15:14:19+00:00","mainEntityOfPage":{"@id":"https:\/\/www.meydan.tv\/az\/article\/rauf-mirqedirov-kremlin-nezaretinde-olan-media-pasinyanin-loyalligina-inanmir\/"},"wordCount":1116,"publisher":{"@id":"https:\/\/www.meydan.tv\/az\/#organization"},"image":{"@id":"https:\/\/www.meydan.tv\/az\/article\/rauf-mirqedirov-kremlin-nezaretinde-olan-media-pasinyanin-loyalligina-inanmir\/#primaryimage"},"thumbnailUrl":"https:\/\/www.meydan.tv\/wp-content\/uploads\/41069-e1650394969125.jpg","articleSection":["Siyas\u0259t"],"inLanguage":"az"},{"@type":"WebPage","@id":"https:\/\/www.meydan.tv\/az\/article\/rauf-mirqedirov-kremlin-nezaretinde-olan-media-pasinyanin-loyalligina-inanmir\/","url":"https:\/\/www.meydan.tv\/az\/article\/rauf-mirqedirov-kremlin-nezaretinde-olan-media-pasinyanin-loyalligina-inanmir\/","name":"Rauf Mirq\u0259dirov: Kremlin n\u0259zar\u0259tind\u0259 olan media Pa\u015finyan\u0131n loyall\u0131\u011f\u0131na inanm\u0131r - MEYDAN.TV","isPartOf":{"@id":"https:\/\/www.meydan.tv\/az\/#website"},"primaryImageOfPage":{"@id":"https:\/\/www.meydan.tv\/az\/article\/rauf-mirqedirov-kremlin-nezaretinde-olan-media-pasinyanin-loyalligina-inanmir\/#primaryimage"},"image":{"@id":"https:\/\/www.meydan.tv\/az\/article\/rauf-mirqedirov-kremlin-nezaretinde-olan-media-pasinyanin-loyalligina-inanmir\/#primaryimage"},"thumbnailUrl":"https:\/\/www.meydan.tv\/wp-content\/uploads\/41069-e1650394969125.jpg","datePublished":"2019-09-27T15:14:19+00:00","breadcrumb":{"@id":"https:\/\/www.meydan.tv\/az\/article\/rauf-mirqedirov-kremlin-nezaretinde-olan-media-pasinyanin-loyalligina-inanmir\/#breadcrumb"},"inLanguage":"az","potentialAction":[{"@type":"ReadAction","target":["https:\/\/www.meydan.tv\/az\/article\/rauf-mirqedirov-kremlin-nezaretinde-olan-media-pasinyanin-loyalligina-inanmir\/"]}]},{"@type":"ImageObject","inLanguage":"az","@id":"https:\/\/www.meydan.tv\/az\/article\/rauf-mirqedirov-kremlin-nezaretinde-olan-media-pasinyanin-loyalligina-inanmir\/#primaryimage","url":"https:\/\/www.meydan.tv\/wp-content\/uploads\/41069-e1650394969125.jpg","contentUrl":"https:\/\/www.meydan.tv\/wp-content\/uploads\/41069-e1650394969125.jpg","width":1200,"height":657,"caption":"Foto: \"kremlin.ru\""},{"@type":"BreadcrumbList","@id":"https:\/\/www.meydan.tv\/az\/article\/rauf-mirqedirov-kremlin-nezaretinde-olan-media-pasinyanin-loyalligina-inanmir\/#breadcrumb","itemListElement":[{"@type":"ListItem","position":1,"name":"Ana s\u0259hif\u0259","item":"https:\/\/www.meydan.tv\/az\/"},{"@type":"ListItem","position":2,"name":"Siyas\u0259t","item":"https:\/\/www.meydan.tv\/az\/section\/siyaset\/"},{"@type":"ListItem","position":3,"name":"Rauf Mirq\u0259dirov: Kremlin n\u0259zar\u0259tind\u0259 olan media Pa\u015finyan\u0131n loyall\u0131\u011f\u0131na inanm\u0131r"}]},{"@type":"WebSite","@id":"https:\/\/www.meydan.tv\/az\/#website","url":"https:\/\/www.meydan.tv\/az\/","name":"MEYDAN.TV","description":"Meydan TV Az\u0259rbaycan\u0131n media m\u0259kan\u0131ndak\u0131 alternativ s\u0259sidir","publisher":{"@id":"https:\/\/www.meydan.tv\/az\/#organization"},"potentialAction":[{"@type":"SearchAction","target":{"@type":"EntryPoint","urlTemplate":"https:\/\/www.meydan.tv\/az\/?s={search_term_string}"},"query-input":{"@type":"PropertyValueSpecification","valueRequired":true,"valueName":"search_term_string"}}],"inLanguage":"az"},{"@type":"Organization","@id":"https:\/\/www.meydan.tv\/az\/#organization","name":"Meydan TV","url":"https:\/\/www.meydan.tv\/az\/","logo":{"@type":"ImageObject","inLanguage":"az","@id":"https:\/\/www.meydan.tv\/az\/#\/schema\/logo\/image\/","url":"https:\/\/www.meydan.tv\/wp-content\/uploads\/2021\/07\/meydan-logo.svg","contentUrl":"https:\/\/www.meydan.tv\/wp-content\/uploads\/2021\/07\/meydan-logo.svg","width":195,"height":46,"caption":"Meydan TV"},"image":{"@id":"https:\/\/www.meydan.tv\/az\/#\/schema\/logo\/image\/"}},{"@type":"Person","@id":"https:\/\/www.meydan.tv\/az\/#\/schema\/person\/10d11eccf6da3662cf5fdab9806ea91a","name":"user-manager"}]}},"_links":{"self":[{"href":"https:\/\/www.meydan.tv\/az\/wp-json\/wp\/v2\/posts\/197173","targetHints":{"allow":["GET"]}}],"collection":[{"href":"https:\/\/www.meydan.tv\/az\/wp-json\/wp\/v2\/posts"}],"about":[{"href":"https:\/\/www.meydan.tv\/az\/wp-json\/wp\/v2\/types\/post"}],"author":[{"embeddable":true,"href":"https:\/\/www.meydan.tv\/az\/wp-json\/wp\/v2\/users\/11"}],"replies":[{"embeddable":true,"href":"https:\/\/www.meydan.tv\/az\/wp-json\/wp\/v2\/comments?post=197173"}],"version-history":[{"count":0,"href":"https:\/\/www.meydan.tv\/az\/wp-json\/wp\/v2\/posts\/197173\/revisions"}],"wp:featuredmedia":[{"embeddable":true,"href":"https:\/\/www.meydan.tv\/az\/wp-json\/wp\/v2\/media\/103536"}],"wp:attachment":[{"href":"https:\/\/www.meydan.tv\/az\/wp-json\/wp\/v2\/media?parent=197173"}],"wp:term":[{"taxonomy":"category","embeddable":true,"href":"https:\/\/www.meydan.tv\/az\/wp-json\/wp\/v2\/categories?post=197173"},{"taxonomy":"post_tag","embeddable":true,"href":"https:\/\/www.meydan.tv\/az\/wp-json\/wp\/v2\/tags?post=197173"}],"curies":[{"name":"wp","href":"https:\/\/api.w.org\/{rel}","templated":true}]}}