{"id":197170,"date":"2019-09-27T11:35:12","date_gmt":"2019-09-27T11:35:12","guid":{"rendered":"https:\/\/www.meydan.tv\/article\/agsu-sakini-iki-evi-olana-yeni-ev-tikirler-kasiblar-kenarda-qalir\/"},"modified":"2019-09-27T11:35:12","modified_gmt":"2019-09-27T11:35:12","slug":"agsu-sakini-iki-evi-olana-yeni-ev-tikirler-kasiblar-kenarda-qalir","status":"publish","type":"post","link":"https:\/\/www.meydan.tv\/az\/article\/agsu-sakini-iki-evi-olana-yeni-ev-tikirler-kasiblar-kenarda-qalir\/","title":{"rendered":"A\u011fsu sakini: \u0130ki evi olana yeni ev tikirl\u0259r, kas\u0131blar k\u0259narda qal\u0131r"},"content":{"rendered":"<p>\n  <i><br \/>\n    \u201cBurada \u00f6zba\u015f\u0131nal\u0131q ba\u015f al\u0131b gedir\u201d<br \/>\n  <\/i>\n<\/p>\n<p>\n  \u201cPrezident s\u0259r\u0259ncam verib ki, q\u0259zal\u0131 evl\u0259r s\u00f6k\u00fcl\u00fcb tikilsin, ya da b\u0259rpa olunsun. A\u011fsuda is\u0259 bazar a\u00e7\u0131blar, iki evi olan adama ev tikirl\u0259r. \u00d6z\u00fc d\u0259 ev tikintisi pullad\u0131r. \u018fvv\u0259l \u00fc\u00e7 min manata tikirdil\u0259r, sonra qiym\u0259ti be\u015f min\u0259 qald\u0131rd\u0131lar. \u0130ndi d\u0259 e\u015fidir\u0259m ki, qiym\u0259t yeddi min manat olub. Sonuncu d\u0259f\u0259 ayr\u0131lan 2 milyon manatdan sonra qiym\u0259ti d\u0259 yava\u015f-yava\u015f qald\u0131r\u0131rlar. M\u0259ni yand\u0131ran odur ki, quru torpaqda ev tikirl\u0259r, n\u0259dir-n\u0259dir, kimins\u0259 qarda\u015f\u0131d\u0131r, yaxud \u0259misi o\u011fludur, puluna minn\u0259t, verir, ev tikdirir. M\u0259nim kimi kas\u0131blar is\u0259 k\u0259narda qal\u0131r\u201d.\n<\/p>\n<p>\n  Bunu Meydan TV-y\u0259 A\u011fsu \u015f\u0259h\u0259ri, \u018flia\u011fa Vahid k\u00fc\u00e7\u0259si, ev 24 \u00fcnvan\u0131nda ya\u015fayan Elnur Q\u0259nb\u0259rli deyir. \u0130ddia edir ki, aidiyyat\u0131 qurumlar ev tikintisi v\u0259 t\u0259mir-b\u0259rpas\u0131 i\u015fl\u0259rind\u0259 qanun pozuntusuna, ayr\u0131-se\u00e7kiliy\u0259 yol verirl\u0259r:\n<\/p>\n<p>\n  \u201c\u018fg\u0259r pul z\u0259lz\u0259l\u0259d\u0259n z\u0259r\u0259r\u00e7\u0259k\u0259nl\u0259r \u00fc\u00e7\u00fcn ayr\u0131l\u0131bsa, onlara ev tikilsin. Prezident pul ay\u0131r\u0131b ki, kas\u0131blara ev tikin, amma buradak\u0131lar suyu buland\u0131r\u0131rlar. Ayr\u0131lan pullar hara gedir, \u00f6zl\u0259ri yax\u015f\u0131 bilir. Evi olana ev tikirsinizs\u0259, m\u0259nim d\u0259 evimi t\u0259mir-b\u0259rpa edin. G\u0259nc ail\u0259y\u0259m, iki u\u015fa\u011f\u0131m var, \u015f\u0259raitsiz v\u0259ziyy\u0259td\u0259 ya\u015fay\u0131ram. Bir otaq tikmi\u015f\u0259m, bambalaca, k\u00f6\u015fk\u0259 ox\u015fay\u0131r, suyu, i\u015f\u0131\u011f\u0131 da yoxdur. H\u0259tta hamam-tualetim bel\u0259 normal v\u0259ziyy\u0259td\u0259 deyil. N\u0259 \u00fcnvanl\u0131 sosial yard\u0131m al\u0131ram, n\u0259 d\u0259 ki, u\u015faqpulu. Bilmir\u0259m, ev\u0259 i\u015f\u0131q \u00e7\u0259kdir\u0259m, yoxa su, ya da ki, ayaqyolu d\u00fcz\u0259ltdirim. Paltar\u0131 yolda\u015f\u0131mla ikimiz yuyuruq, onun t\u0259k g\u00fcc\u00fc \u00e7atm\u0131r. \u00c7\u00fcnki normal insan\u0131n ya\u015famas\u0131 \u00fc\u00e7\u00fcn laz\u0131m olan \u015f\u0259raitimiz yoxdur. M\u0259n n\u0259 q\u0259d\u0259r m\u0259vacib al\u0131m ki, bunlar\u0131 ed\u0259 bilim? F\u0259hl\u0259 i\u015fl\u0259y\u0259n adamam, ay \u0259rzind\u0259 maksimum 350 manat qazanma\u011fa g\u00fcc\u00fcm \u00e7at\u0131r\u201d.\n<\/p>\n<figure class=\"wp-block-image size-large\">\n  <img decoding=\"async\" src=\"https:\/\/www.meydan.tv\/az\/image_from_ios-4-jpg-64\/\" alt=\"image_from_ios (4).jpg\" class=\"wp-image-130318\"\/><figcaption>\n    Elnur Q\u0259nb\u0259rli<br \/>\n  <\/figcaption><\/figure>\n<p>\n  Elnur Q\u0259nb\u0259rli bir ne\u00e7\u0259 d\u0259f\u0259 A\u011fsu Rayon \u0130cra Hakimiyytind\u0259 olub, \u015fikay\u0259tin\u0259 bax\u0131lmay\u0131b. Bundan sonra o, Prezident \u0130lham \u018fliyev\u0259, Birinci vitse-prezident Mehriban \u018fliyevaya m\u0259ktub yaz\u0131b:\n<\/p>\n<p>\n  \u201c\u015eikay\u0259tim\u0259 cavab olaraq icra hakimiyy\u0259tind\u0259n m\u0259ktub g\u0259ldi. Yaz\u0131lm\u0131\u015fd\u0131 ki, v\u0259t\u0259nda\u015flara ev tikilm\u0259si qurumun s\u0259lahiyy\u0259ti xaricind\u0259dir. M\u0259ktub ba\u015f\u00e7\u0131n\u0131n m\u00fcavini \u0130qbal Mikay\u0131lov t\u0259r\u0259find\u0259n g\u00f6nd\u0259rilmi\u015fdi. Getdim, \u0130qballa g\u00f6r\u00fc\u015fd\u00fcm, ondan soru\u015fdum ki, \u0259g\u0259r bu i\u015f s\u0259nin s\u0259lahiyy\u0259tin xaricind\u0259dirs\u0259, niy\u0259 burada oturub, m\u0259ktublar\u0131 cavabland\u0131r\u0131rsan? N\u00f6vb\u0259ti d\u0259f\u0259 getdim, q\u0259bul etm\u0259di, y\u0259ni m\u0259ni adam saymad\u0131. \u0130crada kimin yan\u0131na gedir\u0259m, \u015fikay\u0259tim\u0259 baxm\u0131r, adam\u0131 yola verirl\u0259r. \u201cS\u0259n\u0259 ev d\u00fc\u015fm\u00fcr\u201d- deyirl\u0259r. \u0130mkan\u0131m yoxdur, kas\u0131bam, adam\u0131m yoxdur dey\u0259 m\u0259n\u0259 ev d\u00fc\u015fm\u00fcr? Sonuncu d\u0259f\u0259 m\u0259n\u0259 m\u0259sl\u0259h\u0259t g\u00f6rd\u00fcl\u0259r ki, d\u0259rdimi icra ba\u015f\u00e7\u0131s\u0131na deyim. Ax\u0131r\u0131nc\u0131 d\u0259f\u0259 s\u00f6z\u00fcm\u00fc dey\u0259c\u0259y\u0259m, \u0259g\u0259r m\u0259nim evimi tikm\u0259s\u0259l\u0259r, \u00f6z\u00fcm\u0259 cavabdeh deyil\u0259m. D\u00fcz\u00fc, adam n\u0259s\u0259 dem\u0259y\u0259 d\u0259 \u00e7\u0259kinir. Burada \u00f6zba\u015f\u0131nal\u0131q ba\u015f al\u0131b gedir. Biz q\u0259ddar insanlarla ya\u015fay\u0131r\u0131q. Onlar adam\u0131n ba\u015f\u0131na n\u0259 oyun des\u0259n a\u00e7arlar. Az olub m\u0259g\u0259r, kims\u0259 n\u0259s\u0259 deyib, ya vurublar, ya da \u00f6ld\u00fcr\u00fcbl\u0259r. M\u0259n ondan qorxuram, ail\u0259m, u\u015faqlar\u0131m var.\n<\/p>\n<p>\n  Evi da\u015fdan tikmi\u015f\u0259m. Amma dam\u0131n\u0131 vura bilmir\u0259m. Dig\u0259r otaqlara 4-5 ildir ki, qar-ya\u011f\u0131\u015f ya\u011f\u0131r, divarlarda \u00e7atlar \u0259m\u0259l\u0259 g\u0259lib. Bu q\u0131\u015f da dam vurulmasa, ev u\u00e7ub, m\u0259hv olacaq. Bu m\u00fcdd\u0259t \u0259rzind\u0259 pul art\u0131r\u0131b, dama \u015fifer vura bilm\u0259mi\u015f\u0259m. Evimin he\u00e7 darvazas\u0131 yoxdur. \u0130st\u0259yim odur ki, evimin dam\u0131n\u0131 vursunlar, dig\u0259r otaqlar\u0131 d\u00fcz\u0259ltsinl\u0259r, y\u0259ni t\u0259mir-b\u0259rpa etsinl\u0259r\u201d.\n<\/p>\n<figure class=\"wp-block-image size-large\">\n  <img decoding=\"async\" src=\"https:\/\/www.meydan.tv\/az\/image_from_ios-5-jpg-47\/\" alt=\"image_from_ios (5).jpg\" class=\"wp-image-130321\"\/><figcaption>\n    &#8220;\u015eikay\u0259tim\u0259 cavab olaraq icra hakimiyy\u0259tind\u0259n m\u0259ktub g\u0259ldi&#8221;<br \/>\n  <\/figcaption><\/figure>\n<p>\n  A\u011fsu Rayon \u0130cra Hakimiyy\u0259tinin \u0130nformasiya t\u0259minat\u0131 v\u0259 t\u0259hlil sektorunun m\u00fcdiri Cavan\u015fir N\u0259sibov Meydan TV-y\u0259 bildirib ki, qurum t\u0259r\u0259find\u0259n v\u0259t\u0259nda\u015flara ev tikilmir:\n<\/p>\n<p>\n  \u201c\u00d6lk\u0259 ba\u015f\u00e7\u0131s\u0131n\u0131n s\u0259r\u0259ncam\u0131na \u0259sas\u0259n, yaln\u0131z q\u0259zal\u0131 v\u0259ziyy\u0259td\u0259 olan evl\u0259rd\u0259 t\u0259mir, yaxud yenid\u0259n in\u015fa i\u015fl\u0259ri apar\u0131l\u0131r. S\u0259r\u0259ncamda el\u0259 bir b\u0259nd yoxdur, g\u00f6st\u0259rilmi\u015f olsayd\u0131 ki, ba\u015fqa v\u0259t\u0259nda\u015flara da ev tikin, onda tikil\u0259rdi. A\u011fsuda el\u0259 bir ev yoxdur ki, divarlar\u0131nda \u00e7at\u0131 olmas\u0131n. Y\u0259ni bunun z\u0259lz\u0259l\u0259y\u0259 aidiyyat\u0131 yoxdur. Bo\u015f torpaqda ev tikirs\u0259n, sementini \u00fc\u00e7qat vurursan, mi\u015far da\u015f\u0131ndan h\u00f6r\u00fcrs\u0259n, iki-\u00fc\u00e7 ild\u0259n sonra partlay\u0131r. Buna d\u00f6vl\u0259t, prezident, ya da icra ba\u015f\u00e7\u0131s\u0131 neyl\u0259sin?\n<\/p>\n<p>\n  R\u00fc\u015fv\u0259t iddias\u0131na g\u0259linc\u0259, bunu ara\u015fd\u0131rmaq \u00fc\u00e7\u00fcn orqanlar var. H\u0259min adam\u0131n \u0259lind\u0259 fakt varsa, m\u00fcraci\u0259t etsin ki, A\u011fsuda pul al\u0131b, ev tikirl\u0259r. Evin tikilm\u0259si el\u0259-bel\u0259 ba\u015fa g\u0259lmir. Bunun s\u0259n\u0259dl\u0259\u015fm\u0259si var, ekpertiza r\u0259yind\u0259n, iki nazirliyin qiym\u0259tl\u0259ndirilm\u0259sind\u0259n ke\u00e7ir. Ondan sonra tikintiy\u0259, yaxud b\u0259rpaya q\u0259rar verilir\u201d.<\/p>\n","protected":false},"excerpt":{"rendered":"<p>\u00d6lk\u0259 ba\u015f\u00e7\u0131s\u0131n\u0131n s\u0259r\u0259ncam\u0131na \u0259sas\u0259n, yaln\u0131z q\u0259zal\u0131 v\u0259ziyy\u0259td\u0259 olan evl\u0259rd\u0259 t\u0259mir, yaxud yenid\u0259n in\u015fa i\u015fl\u0259ri apar\u0131l\u0131r.<\/p>\n","protected":false},"author":11,"featured_media":130324,"comment_status":"closed","ping_status":"open","sticky":false,"template":"","format":"standard","meta":{"_acf_changed":false,"_sitemap_exclude":false,"_sitemap_priority":"","_sitemap_frequency":"","footnotes":""},"categories":[60],"tags":[],"class_list":["post-197170","post","type-post","status-publish","format-standard","has-post-thumbnail","hentry","category-bolge","infinite-scroll-item","generate-columns","tablet-grid-50","mobile-grid-100","grid-parent","grid-33","no-featured-image-padding"],"acf":[],"yoast_head":"<!-- This site is optimized with the Yoast SEO plugin v27.5 - https:\/\/yoast.com\/product\/yoast-seo-wordpress\/ -->\n<title>A\u011fsu sakini: \u0130ki evi olana yeni ev tikirl\u0259r, kas\u0131blar k\u0259narda qal\u0131r - MEYDAN.TV<\/title>\n<meta name=\"robots\" content=\"index, follow, max-snippet:-1, max-image-preview:large, max-video-preview:-1\" \/>\n<link rel=\"canonical\" href=\"https:\/\/www.meydan.tv\/az\/article\/agsu-sakini-iki-evi-olana-yeni-ev-tikirler-kasiblar-kenarda-qalir\/\" \/>\n<meta property=\"og:locale\" content=\"az_AZ\" \/>\n<meta property=\"og:type\" content=\"article\" \/>\n<meta property=\"og:title\" content=\"A\u011fsu sakini: \u0130ki evi olana yeni ev tikirl\u0259r, kas\u0131blar k\u0259narda qal\u0131r - MEYDAN.TV\" \/>\n<meta property=\"og:description\" content=\"\u00d6lk\u0259 ba\u015f\u00e7\u0131s\u0131n\u0131n s\u0259r\u0259ncam\u0131na \u0259sas\u0259n, yaln\u0131z q\u0259zal\u0131 v\u0259ziyy\u0259td\u0259 olan evl\u0259rd\u0259 t\u0259mir, yaxud yenid\u0259n in\u015fa i\u015fl\u0259ri apar\u0131l\u0131r.\" \/>\n<meta property=\"og:url\" content=\"https:\/\/www.meydan.tv\/az\/article\/agsu-sakini-iki-evi-olana-yeni-ev-tikirler-kasiblar-kenarda-qalir\/\" \/>\n<meta property=\"og:site_name\" content=\"MEYDAN.TV\" \/>\n<meta property=\"article:published_time\" content=\"2019-09-27T11:35:12+00:00\" \/>\n<meta property=\"og:image\" content=\"https:\/\/www.meydan.tv\/wp-content\/uploads\/image_from_ios_6_lg2kiu2.jpg\" \/>\n\t<meta property=\"og:image:width\" content=\"960\" \/>\n\t<meta property=\"og:image:height\" content=\"960\" \/>\n\t<meta property=\"og:image:type\" content=\"image\/jpeg\" \/>\n<meta name=\"author\" content=\"user-manager\" \/>\n<meta name=\"twitter:card\" content=\"summary_large_image\" \/>\n<script type=\"application\/ld+json\" class=\"yoast-schema-graph\">{\"@context\":\"https:\\\/\\\/schema.org\",\"@graph\":[{\"@type\":\"Article\",\"@id\":\"https:\\\/\\\/www.meydan.tv\\\/az\\\/article\\\/agsu-sakini-iki-evi-olana-yeni-ev-tikirler-kasiblar-kenarda-qalir\\\/#article\",\"isPartOf\":{\"@id\":\"https:\\\/\\\/www.meydan.tv\\\/az\\\/article\\\/agsu-sakini-iki-evi-olana-yeni-ev-tikirler-kasiblar-kenarda-qalir\\\/\"},\"author\":{\"name\":\"user-manager\",\"@id\":\"https:\\\/\\\/www.meydan.tv\\\/az\\\/#\\\/schema\\\/person\\\/10d11eccf6da3662cf5fdab9806ea91a\"},\"headline\":\"A\u011fsu sakini: \u0130ki evi olana yeni ev tikirl\u0259r, kas\u0131blar k\u0259narda qal\u0131r\",\"datePublished\":\"2019-09-27T11:35:12+00:00\",\"mainEntityOfPage\":{\"@id\":\"https:\\\/\\\/www.meydan.tv\\\/az\\\/article\\\/agsu-sakini-iki-evi-olana-yeni-ev-tikirler-kasiblar-kenarda-qalir\\\/\"},\"wordCount\":957,\"publisher\":{\"@id\":\"https:\\\/\\\/www.meydan.tv\\\/az\\\/#organization\"},\"image\":{\"@id\":\"https:\\\/\\\/www.meydan.tv\\\/az\\\/article\\\/agsu-sakini-iki-evi-olana-yeni-ev-tikirler-kasiblar-kenarda-qalir\\\/#primaryimage\"},\"thumbnailUrl\":\"https:\\\/\\\/www.meydan.tv\\\/wp-content\\\/uploads\\\/image_from_ios_6_lg2kiu2.jpg\",\"articleSection\":[\"B\u00f6lg\u0259\"],\"inLanguage\":\"az\"},{\"@type\":\"WebPage\",\"@id\":\"https:\\\/\\\/www.meydan.tv\\\/az\\\/article\\\/agsu-sakini-iki-evi-olana-yeni-ev-tikirler-kasiblar-kenarda-qalir\\\/\",\"url\":\"https:\\\/\\\/www.meydan.tv\\\/az\\\/article\\\/agsu-sakini-iki-evi-olana-yeni-ev-tikirler-kasiblar-kenarda-qalir\\\/\",\"name\":\"A\u011fsu sakini: \u0130ki evi olana yeni ev tikirl\u0259r, kas\u0131blar k\u0259narda qal\u0131r - MEYDAN.TV\",\"isPartOf\":{\"@id\":\"https:\\\/\\\/www.meydan.tv\\\/az\\\/#website\"},\"primaryImageOfPage\":{\"@id\":\"https:\\\/\\\/www.meydan.tv\\\/az\\\/article\\\/agsu-sakini-iki-evi-olana-yeni-ev-tikirler-kasiblar-kenarda-qalir\\\/#primaryimage\"},\"image\":{\"@id\":\"https:\\\/\\\/www.meydan.tv\\\/az\\\/article\\\/agsu-sakini-iki-evi-olana-yeni-ev-tikirler-kasiblar-kenarda-qalir\\\/#primaryimage\"},\"thumbnailUrl\":\"https:\\\/\\\/www.meydan.tv\\\/wp-content\\\/uploads\\\/image_from_ios_6_lg2kiu2.jpg\",\"datePublished\":\"2019-09-27T11:35:12+00:00\",\"breadcrumb\":{\"@id\":\"https:\\\/\\\/www.meydan.tv\\\/az\\\/article\\\/agsu-sakini-iki-evi-olana-yeni-ev-tikirler-kasiblar-kenarda-qalir\\\/#breadcrumb\"},\"inLanguage\":\"az\",\"potentialAction\":[{\"@type\":\"ReadAction\",\"target\":[\"https:\\\/\\\/www.meydan.tv\\\/az\\\/article\\\/agsu-sakini-iki-evi-olana-yeni-ev-tikirler-kasiblar-kenarda-qalir\\\/\"]}]},{\"@type\":\"ImageObject\",\"inLanguage\":\"az\",\"@id\":\"https:\\\/\\\/www.meydan.tv\\\/az\\\/article\\\/agsu-sakini-iki-evi-olana-yeni-ev-tikirler-kasiblar-kenarda-qalir\\\/#primaryimage\",\"url\":\"https:\\\/\\\/www.meydan.tv\\\/wp-content\\\/uploads\\\/image_from_ios_6_lg2kiu2.jpg\",\"contentUrl\":\"https:\\\/\\\/www.meydan.tv\\\/wp-content\\\/uploads\\\/image_from_ios_6_lg2kiu2.jpg\",\"width\":960,\"height\":960,\"caption\":\"Source: Specify Source\"},{\"@type\":\"BreadcrumbList\",\"@id\":\"https:\\\/\\\/www.meydan.tv\\\/az\\\/article\\\/agsu-sakini-iki-evi-olana-yeni-ev-tikirler-kasiblar-kenarda-qalir\\\/#breadcrumb\",\"itemListElement\":[{\"@type\":\"ListItem\",\"position\":1,\"name\":\"Ana s\u0259hif\u0259\",\"item\":\"https:\\\/\\\/www.meydan.tv\\\/az\\\/\"},{\"@type\":\"ListItem\",\"position\":2,\"name\":\"B\u00f6lg\u0259\",\"item\":\"https:\\\/\\\/www.meydan.tv\\\/az\\\/section\\\/bolge\\\/\"},{\"@type\":\"ListItem\",\"position\":3,\"name\":\"A\u011fsu sakini: \u0130ki evi olana yeni ev tikirl\u0259r, kas\u0131blar k\u0259narda qal\u0131r\"}]},{\"@type\":\"WebSite\",\"@id\":\"https:\\\/\\\/www.meydan.tv\\\/az\\\/#website\",\"url\":\"https:\\\/\\\/www.meydan.tv\\\/az\\\/\",\"name\":\"MEYDAN.TV\",\"description\":\"Meydan TV Az\u0259rbaycan\u0131n media m\u0259kan\u0131ndak\u0131 alternativ s\u0259sidir\",\"publisher\":{\"@id\":\"https:\\\/\\\/www.meydan.tv\\\/az\\\/#organization\"},\"potentialAction\":[{\"@type\":\"SearchAction\",\"target\":{\"@type\":\"EntryPoint\",\"urlTemplate\":\"https:\\\/\\\/www.meydan.tv\\\/az\\\/?s={search_term_string}\"},\"query-input\":{\"@type\":\"PropertyValueSpecification\",\"valueRequired\":true,\"valueName\":\"search_term_string\"}}],\"inLanguage\":\"az\"},{\"@type\":\"Organization\",\"@id\":\"https:\\\/\\\/www.meydan.tv\\\/az\\\/#organization\",\"name\":\"Meydan TV\",\"url\":\"https:\\\/\\\/www.meydan.tv\\\/az\\\/\",\"logo\":{\"@type\":\"ImageObject\",\"inLanguage\":\"az\",\"@id\":\"https:\\\/\\\/www.meydan.tv\\\/az\\\/#\\\/schema\\\/logo\\\/image\\\/\",\"url\":\"https:\\\/\\\/www.meydan.tv\\\/wp-content\\\/uploads\\\/2021\\\/07\\\/meydan-logo.svg\",\"contentUrl\":\"https:\\\/\\\/www.meydan.tv\\\/wp-content\\\/uploads\\\/2021\\\/07\\\/meydan-logo.svg\",\"width\":195,\"height\":46,\"caption\":\"Meydan TV\"},\"image\":{\"@id\":\"https:\\\/\\\/www.meydan.tv\\\/az\\\/#\\\/schema\\\/logo\\\/image\\\/\"}},{\"@type\":\"Person\",\"@id\":\"https:\\\/\\\/www.meydan.tv\\\/az\\\/#\\\/schema\\\/person\\\/10d11eccf6da3662cf5fdab9806ea91a\",\"name\":\"user-manager\"}]}<\/script>\n<!-- \/ Yoast SEO plugin. -->","yoast_head_json":{"title":"A\u011fsu sakini: \u0130ki evi olana yeni ev tikirl\u0259r, kas\u0131blar k\u0259narda qal\u0131r - MEYDAN.TV","robots":{"index":"index","follow":"follow","max-snippet":"max-snippet:-1","max-image-preview":"max-image-preview:large","max-video-preview":"max-video-preview:-1"},"canonical":"https:\/\/www.meydan.tv\/az\/article\/agsu-sakini-iki-evi-olana-yeni-ev-tikirler-kasiblar-kenarda-qalir\/","og_locale":"az_AZ","og_type":"article","og_title":"A\u011fsu sakini: \u0130ki evi olana yeni ev tikirl\u0259r, kas\u0131blar k\u0259narda qal\u0131r - MEYDAN.TV","og_description":"\u00d6lk\u0259 ba\u015f\u00e7\u0131s\u0131n\u0131n s\u0259r\u0259ncam\u0131na \u0259sas\u0259n, yaln\u0131z q\u0259zal\u0131 v\u0259ziyy\u0259td\u0259 olan evl\u0259rd\u0259 t\u0259mir, yaxud yenid\u0259n in\u015fa i\u015fl\u0259ri apar\u0131l\u0131r.","og_url":"https:\/\/www.meydan.tv\/az\/article\/agsu-sakini-iki-evi-olana-yeni-ev-tikirler-kasiblar-kenarda-qalir\/","og_site_name":"MEYDAN.TV","article_published_time":"2019-09-27T11:35:12+00:00","og_image":[{"width":960,"height":960,"url":"https:\/\/www.meydan.tv\/wp-content\/uploads\/image_from_ios_6_lg2kiu2.jpg","type":"image\/jpeg"}],"author":"user-manager","twitter_card":"summary_large_image","schema":{"@context":"https:\/\/schema.org","@graph":[{"@type":"Article","@id":"https:\/\/www.meydan.tv\/az\/article\/agsu-sakini-iki-evi-olana-yeni-ev-tikirler-kasiblar-kenarda-qalir\/#article","isPartOf":{"@id":"https:\/\/www.meydan.tv\/az\/article\/agsu-sakini-iki-evi-olana-yeni-ev-tikirler-kasiblar-kenarda-qalir\/"},"author":{"name":"user-manager","@id":"https:\/\/www.meydan.tv\/az\/#\/schema\/person\/10d11eccf6da3662cf5fdab9806ea91a"},"headline":"A\u011fsu sakini: \u0130ki evi olana yeni ev tikirl\u0259r, kas\u0131blar k\u0259narda qal\u0131r","datePublished":"2019-09-27T11:35:12+00:00","mainEntityOfPage":{"@id":"https:\/\/www.meydan.tv\/az\/article\/agsu-sakini-iki-evi-olana-yeni-ev-tikirler-kasiblar-kenarda-qalir\/"},"wordCount":957,"publisher":{"@id":"https:\/\/www.meydan.tv\/az\/#organization"},"image":{"@id":"https:\/\/www.meydan.tv\/az\/article\/agsu-sakini-iki-evi-olana-yeni-ev-tikirler-kasiblar-kenarda-qalir\/#primaryimage"},"thumbnailUrl":"https:\/\/www.meydan.tv\/wp-content\/uploads\/image_from_ios_6_lg2kiu2.jpg","articleSection":["B\u00f6lg\u0259"],"inLanguage":"az"},{"@type":"WebPage","@id":"https:\/\/www.meydan.tv\/az\/article\/agsu-sakini-iki-evi-olana-yeni-ev-tikirler-kasiblar-kenarda-qalir\/","url":"https:\/\/www.meydan.tv\/az\/article\/agsu-sakini-iki-evi-olana-yeni-ev-tikirler-kasiblar-kenarda-qalir\/","name":"A\u011fsu sakini: \u0130ki evi olana yeni ev tikirl\u0259r, kas\u0131blar k\u0259narda qal\u0131r - MEYDAN.TV","isPartOf":{"@id":"https:\/\/www.meydan.tv\/az\/#website"},"primaryImageOfPage":{"@id":"https:\/\/www.meydan.tv\/az\/article\/agsu-sakini-iki-evi-olana-yeni-ev-tikirler-kasiblar-kenarda-qalir\/#primaryimage"},"image":{"@id":"https:\/\/www.meydan.tv\/az\/article\/agsu-sakini-iki-evi-olana-yeni-ev-tikirler-kasiblar-kenarda-qalir\/#primaryimage"},"thumbnailUrl":"https:\/\/www.meydan.tv\/wp-content\/uploads\/image_from_ios_6_lg2kiu2.jpg","datePublished":"2019-09-27T11:35:12+00:00","breadcrumb":{"@id":"https:\/\/www.meydan.tv\/az\/article\/agsu-sakini-iki-evi-olana-yeni-ev-tikirler-kasiblar-kenarda-qalir\/#breadcrumb"},"inLanguage":"az","potentialAction":[{"@type":"ReadAction","target":["https:\/\/www.meydan.tv\/az\/article\/agsu-sakini-iki-evi-olana-yeni-ev-tikirler-kasiblar-kenarda-qalir\/"]}]},{"@type":"ImageObject","inLanguage":"az","@id":"https:\/\/www.meydan.tv\/az\/article\/agsu-sakini-iki-evi-olana-yeni-ev-tikirler-kasiblar-kenarda-qalir\/#primaryimage","url":"https:\/\/www.meydan.tv\/wp-content\/uploads\/image_from_ios_6_lg2kiu2.jpg","contentUrl":"https:\/\/www.meydan.tv\/wp-content\/uploads\/image_from_ios_6_lg2kiu2.jpg","width":960,"height":960,"caption":"Source: Specify Source"},{"@type":"BreadcrumbList","@id":"https:\/\/www.meydan.tv\/az\/article\/agsu-sakini-iki-evi-olana-yeni-ev-tikirler-kasiblar-kenarda-qalir\/#breadcrumb","itemListElement":[{"@type":"ListItem","position":1,"name":"Ana s\u0259hif\u0259","item":"https:\/\/www.meydan.tv\/az\/"},{"@type":"ListItem","position":2,"name":"B\u00f6lg\u0259","item":"https:\/\/www.meydan.tv\/az\/section\/bolge\/"},{"@type":"ListItem","position":3,"name":"A\u011fsu sakini: \u0130ki evi olana yeni ev tikirl\u0259r, kas\u0131blar k\u0259narda qal\u0131r"}]},{"@type":"WebSite","@id":"https:\/\/www.meydan.tv\/az\/#website","url":"https:\/\/www.meydan.tv\/az\/","name":"MEYDAN.TV","description":"Meydan TV Az\u0259rbaycan\u0131n media m\u0259kan\u0131ndak\u0131 alternativ s\u0259sidir","publisher":{"@id":"https:\/\/www.meydan.tv\/az\/#organization"},"potentialAction":[{"@type":"SearchAction","target":{"@type":"EntryPoint","urlTemplate":"https:\/\/www.meydan.tv\/az\/?s={search_term_string}"},"query-input":{"@type":"PropertyValueSpecification","valueRequired":true,"valueName":"search_term_string"}}],"inLanguage":"az"},{"@type":"Organization","@id":"https:\/\/www.meydan.tv\/az\/#organization","name":"Meydan TV","url":"https:\/\/www.meydan.tv\/az\/","logo":{"@type":"ImageObject","inLanguage":"az","@id":"https:\/\/www.meydan.tv\/az\/#\/schema\/logo\/image\/","url":"https:\/\/www.meydan.tv\/wp-content\/uploads\/2021\/07\/meydan-logo.svg","contentUrl":"https:\/\/www.meydan.tv\/wp-content\/uploads\/2021\/07\/meydan-logo.svg","width":195,"height":46,"caption":"Meydan TV"},"image":{"@id":"https:\/\/www.meydan.tv\/az\/#\/schema\/logo\/image\/"}},{"@type":"Person","@id":"https:\/\/www.meydan.tv\/az\/#\/schema\/person\/10d11eccf6da3662cf5fdab9806ea91a","name":"user-manager"}]}},"_links":{"self":[{"href":"https:\/\/www.meydan.tv\/az\/wp-json\/wp\/v2\/posts\/197170","targetHints":{"allow":["GET"]}}],"collection":[{"href":"https:\/\/www.meydan.tv\/az\/wp-json\/wp\/v2\/posts"}],"about":[{"href":"https:\/\/www.meydan.tv\/az\/wp-json\/wp\/v2\/types\/post"}],"author":[{"embeddable":true,"href":"https:\/\/www.meydan.tv\/az\/wp-json\/wp\/v2\/users\/11"}],"replies":[{"embeddable":true,"href":"https:\/\/www.meydan.tv\/az\/wp-json\/wp\/v2\/comments?post=197170"}],"version-history":[{"count":0,"href":"https:\/\/www.meydan.tv\/az\/wp-json\/wp\/v2\/posts\/197170\/revisions"}],"wp:featuredmedia":[{"embeddable":true,"href":"https:\/\/www.meydan.tv\/az\/wp-json\/wp\/v2\/media\/130324"}],"wp:attachment":[{"href":"https:\/\/www.meydan.tv\/az\/wp-json\/wp\/v2\/media?parent=197170"}],"wp:term":[{"taxonomy":"category","embeddable":true,"href":"https:\/\/www.meydan.tv\/az\/wp-json\/wp\/v2\/categories?post=197170"},{"taxonomy":"post_tag","embeddable":true,"href":"https:\/\/www.meydan.tv\/az\/wp-json\/wp\/v2\/tags?post=197170"}],"curies":[{"name":"wp","href":"https:\/\/api.w.org\/{rel}","templated":true}]}}