{"id":197169,"date":"2019-09-27T13:52:39","date_gmt":"2019-09-27T13:52:39","guid":{"rendered":"https:\/\/www.meydan.tv\/article\/mehkeme-arqumentaz-saytinin-blokunun-aradan-qaldirilmasi-isine-baxib\/"},"modified":"2019-09-27T13:52:39","modified_gmt":"2019-09-27T13:52:39","slug":"mehkeme-arqumentaz-saytinin-blokunun-aradan-qaldirilmasi-isine-baxib","status":"publish","type":"post","link":"https:\/\/www.meydan.tv\/az\/article\/mehkeme-arqumentaz-saytinin-blokunun-aradan-qaldirilmasi-isine-baxib\/","title":{"rendered":"M\u0259hk\u0259m\u0259 \u201cArqument.az\u201d sayt\u0131n\u0131n blokunun aradan qald\u0131r\u0131lmas\u0131 i\u015fin\u0259 bax\u0131b"},"content":{"rendered":"<p>\n  <i><br \/>\n    \u201cNazirlik sayt\u0131 bloklamad\u0131\u011f\u0131 haqda m\u0259ktub g\u00f6nd\u0259rib, amma bloklay\u0131b\u201d<br \/>\n  <\/i>\n<\/p>\n<p>\n  1 sayl\u0131 Bak\u0131 \u0130nzibati-\u0130qtisadi M\u0259hk\u0259m\u0259sind\u0259 sentyabr\u0131n 27-d\u0259 \u201cArqument.az\u201d sayt\u0131n\u0131n N\u0259qliyyat, Rabit\u0259 v\u0259 Y\u00fcks\u0259k Texnologiyalar Nazirliyin\u0259 qar\u015f\u0131 iddias\u0131na bax\u0131l\u0131b.\n<\/p>\n<p>\n  Proses hakim El\u00e7in M\u0259mm\u0259dovun s\u0259drliyi il\u0259 ke\u00e7irilib. M\u0259hk\u0259m\u0259d\u0259 nazirliyin Elektron T\u0259hl\u00fck\u0259sizlik M\u0259rk\u0259zinin r\u0259hb\u0259ri Faiq F\u0259rmanovun \u00e7a\u011f\u0131r\u0131lmas\u0131 haqda v\u0259sat\u0259t qald\u0131r\u0131l\u0131b.\n<\/p>\n<p>\n  Bu bar\u0259d\u0259 Meydan TV-y\u0259 dan\u0131\u015fan sayt\u0131n ba\u015f redaktoru \u015e\u0259m\u015fad A\u011fa bildirib ki, onlar\u0131n Faiq F\u0259rmanova suallar\u0131 var. O qeyd edib ki, nazirlik sayt\u0131 bloklamad\u0131\u011f\u0131 haqda m\u0259ktub g\u00f6nd\u0259rdiyi halda, sayta blok qoyub:\n<\/p>\n<p>\n  \u201cBu bax\u0131mdan yaranan anla\u015f\u0131lmazl\u0131qla ba\u011fl\u0131 suallar\u0131m\u0131z vard\u0131. Hakim El\u00e7in M\u0259mm\u0259dov bildirdi ki, i\u015fi tam \u00f6yr\u0259nm\u0259yib, ara\u015fd\u0131rmal\u0131 m\u0259s\u0259l\u0259l\u0259r var. Bu s\u0259b\u0259bl\u0259rd\u0259n proses oktyabr\u0131n 22-\u0259 q\u0259d\u0259r t\u0259xir\u0259 sal\u0131nd\u0131. Bundan \u0259lav\u0259 prosesd\u0259 nazirliyin n\u00fcmay\u0259nd\u0259l\u0259ri i\u015ftirak ets\u0259 d\u0259, etibarnam\u0259l\u0259ri yox idi. Hakim\u0259 bildirdik ki, etibarnam\u0259l\u0259ri yoxdursa, m\u0259hk\u0259m\u0259y\u0259 hans\u0131 s\u0259lahiyy\u0259tl\u0259 qat\u0131l\u0131blar? Hakim \u00f6z\u00fc d\u0259 onlara irad bildirdi\u201d.\n<\/p>\n<p>\n  &quot;Arqument.az&quot; sayt\u0131na giri\u015f 8 aprel, 2019-cu il tarixd\u0259 m\u0259hdudla\u015fd\u0131r\u0131l\u0131b. Yaln\u0131z vpn-l\u0259 d\u0259 giri\u015f m\u00fcmk\u00fcn olsa da, sonra DDOS h\u00fccumlar edil\u0259r\u0259k sayt\u0131n bazas\u0131 z\u0259d\u0259l\u0259nib.\n<\/p>\n<p>\n  Son ill\u0259rd\u0259 meydan.tv, azadliq.org, azadliq.info, azerbaycansaati.tv, criminal.az, bastainfo.com, abzas.net, arqument.az, az24saat.org, xural.com, anaxeber.az, monitortv.info saytlar\u0131 bloklan\u0131b. 2017-ci il may\u0131n 12-d\u0259 S\u0259bail Rayon M\u0259hk\u0259m\u0259sinin q\u0259rar\u0131yla Azadl\u0131q Radiosunun, \u201cAzadl\u0131q\u201d q\u0259zetinin, Meydan TV-nin, \u00f6lk\u0259 xaricind\u0259n yay\u0131mlanan Turan TV-nin v\u0259 \u201cAz\u0259rbaycan saat\u0131\u201d televiziya proqram\u0131n\u0131n saytlar\u0131 bloklan\u0131b.\n<\/p>\n<p>\n  M\u0259hk\u0259m\u0259 q\u0259rarlar\u0131 N\u0259qliyyat, Rabit\u0259 v\u0259 Y\u00fcks\u0259k Texnologiyalar Nazirliyinin iddias\u0131 \u0259sas\u0131nda verilib. Nazirlik iddias\u0131n\u0131n Ba\u015f Prokurorlu\u011fun m\u00fcraci\u0259tin\u0259 s\u00f6yk\u0259ndiyini bildirib. M\u00fcraci\u0259td\u0259 s\u00f6z\u00fcged\u0259n saytlarda d\u00f6vl\u0259tin maraqlar\u0131na ziyan vuran bir s\u0131ra yaz\u0131lar\u0131n yay\u0131ld\u0131\u011f\u0131 iddia edilib. Ancaq m\u00fcdafi\u0259 t\u0259r\u0259fi m\u0259hk\u0259m\u0259 prosesind\u0259 iddialar\u0131n \u0259sass\u0131z oldu\u011funu b\u0259yan edib.\n<\/p>\n<p>\n  2017-ci il mart\u0131n 10-da Milli M\u0259clisin plenar iclas\u0131nda \u201c\u0130nformasiya, informasiyala\u015fd\u0131rma v\u0259 informasiyan\u0131n m\u00fchafiz\u0259si\u201d v\u0259 \u201cTelekommunikasiya haqq\u0131nda\u201d qanunlara d\u0259yi\u015fiklikl\u0259 internet resurslar\u0131n\u0131n d\u00f6vl\u0259t qurumu t\u0259r\u0259find\u0259n r\u0259smi qaydada bloklanma qaydalar\u0131 q\u0259bul edilib.<\/p>\n","protected":false},"excerpt":{"rendered":"<p>Bundan \u0259lav\u0259 prosesd\u0259 nazirliyin n\u00fcmay\u0259nd\u0259l\u0259ri i\u015ftirak ets\u0259 d\u0259, etibarnam\u0259l\u0259ri yox idi.<\/p>\n","protected":false},"author":11,"featured_media":107700,"comment_status":"closed","ping_status":"open","sticky":false,"template":"","format":"standard","meta":{"_acf_changed":false,"_sitemap_exclude":false,"_sitemap_priority":"","_sitemap_frequency":"","footnotes":""},"categories":[59],"tags":[],"class_list":["post-197169","post","type-post","status-publish","format-standard","has-post-thumbnail","hentry","category-siyaset","infinite-scroll-item","generate-columns","tablet-grid-50","mobile-grid-100","grid-parent","grid-33","no-featured-image-padding"],"acf":[],"yoast_head":"<!-- This site is optimized with the Yoast SEO plugin v27.5 - https:\/\/yoast.com\/product\/yoast-seo-wordpress\/ -->\n<title>M\u0259hk\u0259m\u0259 \u201cArqument.az\u201d sayt\u0131n\u0131n blokunun aradan qald\u0131r\u0131lmas\u0131 i\u015fin\u0259 bax\u0131b - MEYDAN.TV<\/title>\n<meta name=\"robots\" content=\"index, follow, max-snippet:-1, max-image-preview:large, max-video-preview:-1\" \/>\n<link rel=\"canonical\" href=\"https:\/\/www.meydan.tv\/az\/article\/mehkeme-arqumentaz-saytinin-blokunun-aradan-qaldirilmasi-isine-baxib\/\" \/>\n<meta property=\"og:locale\" content=\"az_AZ\" \/>\n<meta property=\"og:type\" content=\"article\" \/>\n<meta property=\"og:title\" content=\"M\u0259hk\u0259m\u0259 \u201cArqument.az\u201d sayt\u0131n\u0131n blokunun aradan qald\u0131r\u0131lmas\u0131 i\u015fin\u0259 bax\u0131b - MEYDAN.TV\" \/>\n<meta property=\"og:description\" content=\"Bundan \u0259lav\u0259 prosesd\u0259 nazirliyin n\u00fcmay\u0259nd\u0259l\u0259ri i\u015ftirak ets\u0259 d\u0259, etibarnam\u0259l\u0259ri yox idi.\" \/>\n<meta property=\"og:url\" content=\"https:\/\/www.meydan.tv\/az\/article\/mehkeme-arqumentaz-saytinin-blokunun-aradan-qaldirilmasi-isine-baxib\/\" \/>\n<meta property=\"og:site_name\" content=\"MEYDAN.TV\" \/>\n<meta property=\"article:published_time\" content=\"2019-09-27T13:52:39+00:00\" \/>\n<meta property=\"og:image\" content=\"https:\/\/www.meydan.tv\/wp-content\/uploads\/42769.jpg\" \/>\n\t<meta property=\"og:image:width\" content=\"1200\" \/>\n\t<meta property=\"og:image:height\" content=\"750\" \/>\n\t<meta property=\"og:image:type\" content=\"image\/jpeg\" \/>\n<meta name=\"author\" content=\"user-manager\" \/>\n<meta name=\"twitter:card\" content=\"summary_large_image\" \/>\n<script type=\"application\/ld+json\" class=\"yoast-schema-graph\">{\"@context\":\"https:\\\/\\\/schema.org\",\"@graph\":[{\"@type\":\"Article\",\"@id\":\"https:\\\/\\\/www.meydan.tv\\\/az\\\/article\\\/mehkeme-arqumentaz-saytinin-blokunun-aradan-qaldirilmasi-isine-baxib\\\/#article\",\"isPartOf\":{\"@id\":\"https:\\\/\\\/www.meydan.tv\\\/az\\\/article\\\/mehkeme-arqumentaz-saytinin-blokunun-aradan-qaldirilmasi-isine-baxib\\\/\"},\"author\":{\"name\":\"user-manager\",\"@id\":\"https:\\\/\\\/www.meydan.tv\\\/az\\\/#\\\/schema\\\/person\\\/10d11eccf6da3662cf5fdab9806ea91a\"},\"headline\":\"M\u0259hk\u0259m\u0259 \u201cArqument.az\u201d sayt\u0131n\u0131n blokunun aradan qald\u0131r\u0131lmas\u0131 i\u015fin\u0259 bax\u0131b\",\"datePublished\":\"2019-09-27T13:52:39+00:00\",\"mainEntityOfPage\":{\"@id\":\"https:\\\/\\\/www.meydan.tv\\\/az\\\/article\\\/mehkeme-arqumentaz-saytinin-blokunun-aradan-qaldirilmasi-isine-baxib\\\/\"},\"wordCount\":477,\"publisher\":{\"@id\":\"https:\\\/\\\/www.meydan.tv\\\/az\\\/#organization\"},\"image\":{\"@id\":\"https:\\\/\\\/www.meydan.tv\\\/az\\\/article\\\/mehkeme-arqumentaz-saytinin-blokunun-aradan-qaldirilmasi-isine-baxib\\\/#primaryimage\"},\"thumbnailUrl\":\"https:\\\/\\\/www.meydan.tv\\\/wp-content\\\/uploads\\\/42769.jpg\",\"articleSection\":[\"Siyas\u0259t\"],\"inLanguage\":\"az\"},{\"@type\":\"WebPage\",\"@id\":\"https:\\\/\\\/www.meydan.tv\\\/az\\\/article\\\/mehkeme-arqumentaz-saytinin-blokunun-aradan-qaldirilmasi-isine-baxib\\\/\",\"url\":\"https:\\\/\\\/www.meydan.tv\\\/az\\\/article\\\/mehkeme-arqumentaz-saytinin-blokunun-aradan-qaldirilmasi-isine-baxib\\\/\",\"name\":\"M\u0259hk\u0259m\u0259 \u201cArqument.az\u201d sayt\u0131n\u0131n blokunun aradan qald\u0131r\u0131lmas\u0131 i\u015fin\u0259 bax\u0131b - MEYDAN.TV\",\"isPartOf\":{\"@id\":\"https:\\\/\\\/www.meydan.tv\\\/az\\\/#website\"},\"primaryImageOfPage\":{\"@id\":\"https:\\\/\\\/www.meydan.tv\\\/az\\\/article\\\/mehkeme-arqumentaz-saytinin-blokunun-aradan-qaldirilmasi-isine-baxib\\\/#primaryimage\"},\"image\":{\"@id\":\"https:\\\/\\\/www.meydan.tv\\\/az\\\/article\\\/mehkeme-arqumentaz-saytinin-blokunun-aradan-qaldirilmasi-isine-baxib\\\/#primaryimage\"},\"thumbnailUrl\":\"https:\\\/\\\/www.meydan.tv\\\/wp-content\\\/uploads\\\/42769.jpg\",\"datePublished\":\"2019-09-27T13:52:39+00:00\",\"breadcrumb\":{\"@id\":\"https:\\\/\\\/www.meydan.tv\\\/az\\\/article\\\/mehkeme-arqumentaz-saytinin-blokunun-aradan-qaldirilmasi-isine-baxib\\\/#breadcrumb\"},\"inLanguage\":\"az\",\"potentialAction\":[{\"@type\":\"ReadAction\",\"target\":[\"https:\\\/\\\/www.meydan.tv\\\/az\\\/article\\\/mehkeme-arqumentaz-saytinin-blokunun-aradan-qaldirilmasi-isine-baxib\\\/\"]}]},{\"@type\":\"ImageObject\",\"inLanguage\":\"az\",\"@id\":\"https:\\\/\\\/www.meydan.tv\\\/az\\\/article\\\/mehkeme-arqumentaz-saytinin-blokunun-aradan-qaldirilmasi-isine-baxib\\\/#primaryimage\",\"url\":\"https:\\\/\\\/www.meydan.tv\\\/wp-content\\\/uploads\\\/42769.jpg\",\"contentUrl\":\"https:\\\/\\\/www.meydan.tv\\\/wp-content\\\/uploads\\\/42769.jpg\",\"width\":1200,\"height\":750,\"caption\":\"Source:\"},{\"@type\":\"BreadcrumbList\",\"@id\":\"https:\\\/\\\/www.meydan.tv\\\/az\\\/article\\\/mehkeme-arqumentaz-saytinin-blokunun-aradan-qaldirilmasi-isine-baxib\\\/#breadcrumb\",\"itemListElement\":[{\"@type\":\"ListItem\",\"position\":1,\"name\":\"Ana s\u0259hif\u0259\",\"item\":\"https:\\\/\\\/www.meydan.tv\\\/az\\\/\"},{\"@type\":\"ListItem\",\"position\":2,\"name\":\"Siyas\u0259t\",\"item\":\"https:\\\/\\\/www.meydan.tv\\\/az\\\/section\\\/siyaset\\\/\"},{\"@type\":\"ListItem\",\"position\":3,\"name\":\"M\u0259hk\u0259m\u0259 \u201cArqument.az\u201d sayt\u0131n\u0131n blokunun aradan qald\u0131r\u0131lmas\u0131 i\u015fin\u0259 bax\u0131b\"}]},{\"@type\":\"WebSite\",\"@id\":\"https:\\\/\\\/www.meydan.tv\\\/az\\\/#website\",\"url\":\"https:\\\/\\\/www.meydan.tv\\\/az\\\/\",\"name\":\"MEYDAN.TV\",\"description\":\"Meydan TV Az\u0259rbaycan\u0131n media m\u0259kan\u0131ndak\u0131 alternativ s\u0259sidir\",\"publisher\":{\"@id\":\"https:\\\/\\\/www.meydan.tv\\\/az\\\/#organization\"},\"potentialAction\":[{\"@type\":\"SearchAction\",\"target\":{\"@type\":\"EntryPoint\",\"urlTemplate\":\"https:\\\/\\\/www.meydan.tv\\\/az\\\/?s={search_term_string}\"},\"query-input\":{\"@type\":\"PropertyValueSpecification\",\"valueRequired\":true,\"valueName\":\"search_term_string\"}}],\"inLanguage\":\"az\"},{\"@type\":\"Organization\",\"@id\":\"https:\\\/\\\/www.meydan.tv\\\/az\\\/#organization\",\"name\":\"Meydan TV\",\"url\":\"https:\\\/\\\/www.meydan.tv\\\/az\\\/\",\"logo\":{\"@type\":\"ImageObject\",\"inLanguage\":\"az\",\"@id\":\"https:\\\/\\\/www.meydan.tv\\\/az\\\/#\\\/schema\\\/logo\\\/image\\\/\",\"url\":\"https:\\\/\\\/www.meydan.tv\\\/wp-content\\\/uploads\\\/2021\\\/07\\\/meydan-logo.svg\",\"contentUrl\":\"https:\\\/\\\/www.meydan.tv\\\/wp-content\\\/uploads\\\/2021\\\/07\\\/meydan-logo.svg\",\"width\":195,\"height\":46,\"caption\":\"Meydan TV\"},\"image\":{\"@id\":\"https:\\\/\\\/www.meydan.tv\\\/az\\\/#\\\/schema\\\/logo\\\/image\\\/\"}},{\"@type\":\"Person\",\"@id\":\"https:\\\/\\\/www.meydan.tv\\\/az\\\/#\\\/schema\\\/person\\\/10d11eccf6da3662cf5fdab9806ea91a\",\"name\":\"user-manager\"}]}<\/script>\n<!-- \/ Yoast SEO plugin. -->","yoast_head_json":{"title":"M\u0259hk\u0259m\u0259 \u201cArqument.az\u201d sayt\u0131n\u0131n blokunun aradan qald\u0131r\u0131lmas\u0131 i\u015fin\u0259 bax\u0131b - MEYDAN.TV","robots":{"index":"index","follow":"follow","max-snippet":"max-snippet:-1","max-image-preview":"max-image-preview:large","max-video-preview":"max-video-preview:-1"},"canonical":"https:\/\/www.meydan.tv\/az\/article\/mehkeme-arqumentaz-saytinin-blokunun-aradan-qaldirilmasi-isine-baxib\/","og_locale":"az_AZ","og_type":"article","og_title":"M\u0259hk\u0259m\u0259 \u201cArqument.az\u201d sayt\u0131n\u0131n blokunun aradan qald\u0131r\u0131lmas\u0131 i\u015fin\u0259 bax\u0131b - MEYDAN.TV","og_description":"Bundan \u0259lav\u0259 prosesd\u0259 nazirliyin n\u00fcmay\u0259nd\u0259l\u0259ri i\u015ftirak ets\u0259 d\u0259, etibarnam\u0259l\u0259ri yox idi.","og_url":"https:\/\/www.meydan.tv\/az\/article\/mehkeme-arqumentaz-saytinin-blokunun-aradan-qaldirilmasi-isine-baxib\/","og_site_name":"MEYDAN.TV","article_published_time":"2019-09-27T13:52:39+00:00","og_image":[{"width":1200,"height":750,"url":"https:\/\/www.meydan.tv\/wp-content\/uploads\/42769.jpg","type":"image\/jpeg"}],"author":"user-manager","twitter_card":"summary_large_image","schema":{"@context":"https:\/\/schema.org","@graph":[{"@type":"Article","@id":"https:\/\/www.meydan.tv\/az\/article\/mehkeme-arqumentaz-saytinin-blokunun-aradan-qaldirilmasi-isine-baxib\/#article","isPartOf":{"@id":"https:\/\/www.meydan.tv\/az\/article\/mehkeme-arqumentaz-saytinin-blokunun-aradan-qaldirilmasi-isine-baxib\/"},"author":{"name":"user-manager","@id":"https:\/\/www.meydan.tv\/az\/#\/schema\/person\/10d11eccf6da3662cf5fdab9806ea91a"},"headline":"M\u0259hk\u0259m\u0259 \u201cArqument.az\u201d sayt\u0131n\u0131n blokunun aradan qald\u0131r\u0131lmas\u0131 i\u015fin\u0259 bax\u0131b","datePublished":"2019-09-27T13:52:39+00:00","mainEntityOfPage":{"@id":"https:\/\/www.meydan.tv\/az\/article\/mehkeme-arqumentaz-saytinin-blokunun-aradan-qaldirilmasi-isine-baxib\/"},"wordCount":477,"publisher":{"@id":"https:\/\/www.meydan.tv\/az\/#organization"},"image":{"@id":"https:\/\/www.meydan.tv\/az\/article\/mehkeme-arqumentaz-saytinin-blokunun-aradan-qaldirilmasi-isine-baxib\/#primaryimage"},"thumbnailUrl":"https:\/\/www.meydan.tv\/wp-content\/uploads\/42769.jpg","articleSection":["Siyas\u0259t"],"inLanguage":"az"},{"@type":"WebPage","@id":"https:\/\/www.meydan.tv\/az\/article\/mehkeme-arqumentaz-saytinin-blokunun-aradan-qaldirilmasi-isine-baxib\/","url":"https:\/\/www.meydan.tv\/az\/article\/mehkeme-arqumentaz-saytinin-blokunun-aradan-qaldirilmasi-isine-baxib\/","name":"M\u0259hk\u0259m\u0259 \u201cArqument.az\u201d sayt\u0131n\u0131n blokunun aradan qald\u0131r\u0131lmas\u0131 i\u015fin\u0259 bax\u0131b - MEYDAN.TV","isPartOf":{"@id":"https:\/\/www.meydan.tv\/az\/#website"},"primaryImageOfPage":{"@id":"https:\/\/www.meydan.tv\/az\/article\/mehkeme-arqumentaz-saytinin-blokunun-aradan-qaldirilmasi-isine-baxib\/#primaryimage"},"image":{"@id":"https:\/\/www.meydan.tv\/az\/article\/mehkeme-arqumentaz-saytinin-blokunun-aradan-qaldirilmasi-isine-baxib\/#primaryimage"},"thumbnailUrl":"https:\/\/www.meydan.tv\/wp-content\/uploads\/42769.jpg","datePublished":"2019-09-27T13:52:39+00:00","breadcrumb":{"@id":"https:\/\/www.meydan.tv\/az\/article\/mehkeme-arqumentaz-saytinin-blokunun-aradan-qaldirilmasi-isine-baxib\/#breadcrumb"},"inLanguage":"az","potentialAction":[{"@type":"ReadAction","target":["https:\/\/www.meydan.tv\/az\/article\/mehkeme-arqumentaz-saytinin-blokunun-aradan-qaldirilmasi-isine-baxib\/"]}]},{"@type":"ImageObject","inLanguage":"az","@id":"https:\/\/www.meydan.tv\/az\/article\/mehkeme-arqumentaz-saytinin-blokunun-aradan-qaldirilmasi-isine-baxib\/#primaryimage","url":"https:\/\/www.meydan.tv\/wp-content\/uploads\/42769.jpg","contentUrl":"https:\/\/www.meydan.tv\/wp-content\/uploads\/42769.jpg","width":1200,"height":750,"caption":"Source:"},{"@type":"BreadcrumbList","@id":"https:\/\/www.meydan.tv\/az\/article\/mehkeme-arqumentaz-saytinin-blokunun-aradan-qaldirilmasi-isine-baxib\/#breadcrumb","itemListElement":[{"@type":"ListItem","position":1,"name":"Ana s\u0259hif\u0259","item":"https:\/\/www.meydan.tv\/az\/"},{"@type":"ListItem","position":2,"name":"Siyas\u0259t","item":"https:\/\/www.meydan.tv\/az\/section\/siyaset\/"},{"@type":"ListItem","position":3,"name":"M\u0259hk\u0259m\u0259 \u201cArqument.az\u201d sayt\u0131n\u0131n blokunun aradan qald\u0131r\u0131lmas\u0131 i\u015fin\u0259 bax\u0131b"}]},{"@type":"WebSite","@id":"https:\/\/www.meydan.tv\/az\/#website","url":"https:\/\/www.meydan.tv\/az\/","name":"MEYDAN.TV","description":"Meydan TV Az\u0259rbaycan\u0131n media m\u0259kan\u0131ndak\u0131 alternativ s\u0259sidir","publisher":{"@id":"https:\/\/www.meydan.tv\/az\/#organization"},"potentialAction":[{"@type":"SearchAction","target":{"@type":"EntryPoint","urlTemplate":"https:\/\/www.meydan.tv\/az\/?s={search_term_string}"},"query-input":{"@type":"PropertyValueSpecification","valueRequired":true,"valueName":"search_term_string"}}],"inLanguage":"az"},{"@type":"Organization","@id":"https:\/\/www.meydan.tv\/az\/#organization","name":"Meydan TV","url":"https:\/\/www.meydan.tv\/az\/","logo":{"@type":"ImageObject","inLanguage":"az","@id":"https:\/\/www.meydan.tv\/az\/#\/schema\/logo\/image\/","url":"https:\/\/www.meydan.tv\/wp-content\/uploads\/2021\/07\/meydan-logo.svg","contentUrl":"https:\/\/www.meydan.tv\/wp-content\/uploads\/2021\/07\/meydan-logo.svg","width":195,"height":46,"caption":"Meydan TV"},"image":{"@id":"https:\/\/www.meydan.tv\/az\/#\/schema\/logo\/image\/"}},{"@type":"Person","@id":"https:\/\/www.meydan.tv\/az\/#\/schema\/person\/10d11eccf6da3662cf5fdab9806ea91a","name":"user-manager"}]}},"_links":{"self":[{"href":"https:\/\/www.meydan.tv\/az\/wp-json\/wp\/v2\/posts\/197169","targetHints":{"allow":["GET"]}}],"collection":[{"href":"https:\/\/www.meydan.tv\/az\/wp-json\/wp\/v2\/posts"}],"about":[{"href":"https:\/\/www.meydan.tv\/az\/wp-json\/wp\/v2\/types\/post"}],"author":[{"embeddable":true,"href":"https:\/\/www.meydan.tv\/az\/wp-json\/wp\/v2\/users\/11"}],"replies":[{"embeddable":true,"href":"https:\/\/www.meydan.tv\/az\/wp-json\/wp\/v2\/comments?post=197169"}],"version-history":[{"count":0,"href":"https:\/\/www.meydan.tv\/az\/wp-json\/wp\/v2\/posts\/197169\/revisions"}],"wp:featuredmedia":[{"embeddable":true,"href":"https:\/\/www.meydan.tv\/az\/wp-json\/wp\/v2\/media\/107700"}],"wp:attachment":[{"href":"https:\/\/www.meydan.tv\/az\/wp-json\/wp\/v2\/media?parent=197169"}],"wp:term":[{"taxonomy":"category","embeddable":true,"href":"https:\/\/www.meydan.tv\/az\/wp-json\/wp\/v2\/categories?post=197169"},{"taxonomy":"post_tag","embeddable":true,"href":"https:\/\/www.meydan.tv\/az\/wp-json\/wp\/v2\/tags?post=197169"}],"curies":[{"name":"wp","href":"https:\/\/api.w.org\/{rel}","templated":true}]}}