{"id":197165,"date":"2019-09-27T11:21:37","date_gmt":"2019-09-27T11:21:37","guid":{"rendered":"https:\/\/www.meydan.tv\/article\/leqat-azerbaycanlilar-olkeye-qayitmamaq-ucun-kilselerden-siginacaq-isteyir\/"},"modified":"2019-09-27T11:21:37","modified_gmt":"2019-09-27T11:21:37","slug":"leqat-azerbaycanlilar-olkeye-qayitmamaq-ucun-kilselerden-siginacaq-isteyir","status":"publish","type":"post","link":"https:\/\/www.meydan.tv\/az\/article\/leqat-azerbaycanlilar-olkeye-qayitmamaq-ucun-kilselerden-siginacaq-isteyir\/","title":{"rendered":"\u201cLeqat\u201d: Az\u0259rbaycanl\u0131lar \u00f6lk\u0259y\u0259 qay\u0131tmamaq \u00fc\u00e7\u00fcn kils\u0259l\u0259rd\u0259n s\u0131\u011f\u0131nacaq ist\u0259yir"},"content":{"rendered":"<p>\n  <i><br \/>\n    \u201cDininizi s\u0131\u011f\u0131nacaq \u00fc\u00e7\u00fcn d\u0259yi\u015fm\u0259yin, \u00e7\u00fcnki art\u0131q bunun da \u0259h\u0259miyy\u0259ti yoxdur\u201d<br \/>\n  <\/i>\n<\/p>\n<p>\n  \u201cSon ill\u0259rd\u0259 27 Az\u0259rbaycan v\u0259t\u0259nda\u015f\u0131 \u00f6lk\u0259sin\u0259 deportasiya olunmamaq \u00fc\u00e7\u00fcn kils\u0259l\u0259rd\u0259n s\u0131\u011f\u0131nacaq ist\u0259yib\u201d.\n<\/p>\n<p>\n  Bu bar\u0259d\u0259 m\u0259lumat\u0131 Almaniyada f\u0259aliyy\u0259t g\u00f6st\u0259r\u0259n \u201cLegat\u201d \u0130nteqrasiya M\u0259rk\u0259zi yay\u0131b.\n<\/p>\n<p>\n  \u201cKils\u0259l\u0259r\u0259 s\u0131\u011f\u0131nanlar hesab edirl\u0259r ki, buran\u0131n x\u00fcsusi qorunmas\u0131ndan yararlanacaqlar. Bar\u0259l\u0259rind\u0259 olan deportasiya il\u0259 ba\u011fl\u0131 q\u0259rarlar\u0131n l\u0259\u011fv olunmas\u0131na nail olacaqlar. \u00c7\u00fcnki onlar\u0131n \u0259ks\u0259riyy\u0259tinin deportasiya edilm\u0259si il\u0259 ba\u011fl\u0131 q\u0259rar var. Onlara \u00f6lk\u0259ni t\u0259rk etm\u0259l\u0259ri \u00fc\u00e7\u00fcn 1 v\u0259 ya 2 h\u0259ft\u0259 vaxt verilib. 27 n\u0259f\u0259rd\u0259n art\u0131q 11 n\u0259f\u0259ri ( 9 n\u0259f\u0259ri art\u0131q Az\u0259rbaycana deportasiya edilib, 2 n\u0259f\u0259ri is\u0259 Rusiya Federasiyas\u0131na g\u00f6nd\u0259rilib) geri qaytar\u0131l\u0131b\u201d.\n<\/p>\n<p>\n  M\u0259rk\u0259z hesab edir ki, onlar\u0131n bu add\u0131m\u0131 Almaniyada kils\u0259l\u0259rin k\u00f6m\u0259yi il\u0259 qa\u00e7q\u0131n statusu alanlar\u0131n say\u0131n\u0131n artmas\u0131 il\u0259 ba\u011fl\u0131 ola bil\u0259r:\n<\/p>\n<p>\n  \u201cH\u0259tta bu, 2017-ci ild\u0259 Almaniyada h\u00f6kum\u0259tin naraz\u0131l\u0131\u011f\u0131na s\u0259b\u0259b olub. Almaniyan\u0131n daxili i\u015fl\u0259r naziri 2017-ci ilin mart\u0131nda alman kils\u0259l\u0259rinin \u00fcmumi r\u0259hb\u0259ri il\u0259 g\u00f6r\u00fc\u015f\u00fcb v\u0259 narahatl\u0131q yaradan hallar\u0131 m\u00fczakir\u0259 etmi\u015fdi. Nazir b\u0259zi kils\u0259l\u0259rin v\u0259 dini icmalar\u0131n qa\u00e7q\u0131n statusunun verilm\u0259si il\u0259 ba\u011fl\u0131 sui-istifad\u0259 hallar\u0131na yol verildiyini bildirmi\u015fdi\u201d.\n<\/p>\n<p>\n  \u201cLegat\u201d bildirir ki, h\u0259min g\u00f6r\u00fc\u015fd\u0259n sonra kils\u0259l\u0259r\u0259 m\u00fcnasib\u0259t tam d\u0259yi\u015fib. 2013-c\u00fc ild\u0259 kils\u0259l\u0259rin d\u0259st\u0259yi il\u0259 162 n\u0259f\u0259r, 2015-ci ild\u0259 1015 n\u0259f\u0259r, 2016-c\u0131 ild\u0259 is\u0259 1139 n\u0259f\u0259r (onlardan 277 n\u0259f\u0259ri u\u015faqlard\u0131r) qa\u00e7q\u0131n statusu alma\u011fa nail olub:\n<\/p>\n<p>\n  \u201c2017-ci ild\u0259 bu r\u0259q\u0259m stabil qalsa da, 2018-ci ild\u0259 a\u015fa\u011f\u0131 d\u00fc\u015f\u00fcb. Buna s\u0259b\u0259b h\u00fcq\u00fcq-m\u00fchafiz\u0259 orqanlar\u0131n\u0131n s\u0259lahiyy\u0259tl\u0259rinin geni\u015fl\u0259nm\u0259si, onlara kils\u0259l\u0259r\u0259 daxil olma v\u0259 orada qanunsuz ya\u015fayan, s\u0131\u011f\u0131nacaq axtaran \u015f\u0259xsl\u0259ri \u00f6lk\u0259d\u0259n deportasiya etm\u0259k h\u00fcququnun verilm\u0259si il\u0259 ba\u011fl\u0131d\u0131r\u201d.\n<\/p>\n<p>\n  M\u0259rk\u0259z bildirir ki, kils\u0259l\u0259rin k\u00f6m\u0259yi il\u0259 qa\u00e7q\u0131n statusu alma\u011fa nail olanlar\u0131n \u0259ks\u0259riyy\u0259ti \u0259fqanlar, \u00e7e\u00e7enl\u0259r, iranl\u0131lard\u0131r. H\u0259tta bu yax\u0131nlarda bir protestant pastor (Ulrich Gampert) bir \u0259fqan\u0131stanl\u0131 s\u0131\u011f\u0131nacaq axtaran \u015f\u0259xs\u0259 d\u0259st\u0259k verdiyi \u00fc\u00e7\u00fcn Sonthofenin m\u0259hk\u0259m\u0259sin\u0259 t\u0259qsirl\u0259ndiril\u0259n \u015f\u0259xs kimi d\u0259v\u0259t olunub. M\u0259hk\u0259m\u0259 zaman\u0131 m\u00fc\u0259yy\u0259n olunub ki, 2018-ci ilin yay\u0131ndan b\u0259ri, \u0259fqan\u0131stanl\u0131 ki\u015fi Oberallg\u00e4unda pastorla birlikd\u0259 kils\u0259 ziyar\u0259tgah\u0131na gedib, dua edib v\u0259 dini ayinl\u0259ri icra edib\u201d.\n<\/p>\n<p>\n  \u201cLegat\u201d-\u0131n m\u0259lumat\u0131nda bildirilir ki, \u018ffqan\u0131stan v\u0259t\u0259nda\u015f\u0131n\u0131n Almaniyada icaz\u0259siz qalma\u011f\u0131na k\u00f6m\u0259k etdiyin\u0259 g\u00f6r\u0259, ke\u015fi\u015f haqq\u0131nda cinay\u0259t i\u015fi ba\u015flan\u0131l\u0131b v\u0259 Sonthofen m\u0259hk\u0259m\u0259si qar\u015f\u0131s\u0131na \u00e7\u0131xar\u0131l\u0131b:\n<\/p>\n<p>\n  \u201cKils\u0259l\u0259rin s\u0131\u011f\u0131nacaq verm\u0259sini qada\u011fan ed\u0259n bir norman\u0131n m\u00f6vcud olmad\u0131\u011f\u0131n\u0131 dey\u0259n v\u0259kil pastoru m\u00fcdafi\u0259 edib. &quot;Kils\u0259d\u0259n s\u0131\u011f\u0131nacaq almaq bir \u0259n\u0259n\u0259dir&quot; &#8211; dey\u0259, v\u0259kil bildirib. D\u00f6vl\u0259t ittiham\u00e7\u0131s\u0131 bildirib ki, g\u0259nc, kils\u0259 s\u0131\u011f\u0131naca\u011f\u0131na q\u0259bul olunaraq deportasiyadan gizl\u0259nm\u0259k ist\u0259yib. Pastoris d\u0259 bil\u0259r\u0259kd\u0259n bu qanunsuzlu\u011fa \u015f\u0259rait yarad\u0131l\u0131b v\u0259 bundan sonra deportasiya c\u0259hdl\u0259rinin qar\u015f\u0131s\u0131 al\u0131n\u0131b\u201d.\n<\/p>\n<p>\n  M\u0259rk\u0259z bildirir ki, 23 ya\u015fl\u0131 g\u0259ncin taleyinin nec\u0259 olaca\u011f\u0131 b\u0259lli deyil. S\u0131\u011f\u0131nacaq verilm\u0259sind\u0259n imtina il\u0259 ba\u011fl\u0131 m\u0259hk\u0259m\u0259 ara\u015fd\u0131rmas\u0131 davam edir. Bavariya Parlamentinin m\u00fcvafiq komit\u0259si d\u0259 deportasiyan\u0131 2020-ci ilin \u0259vv\u0259lin\u0259 q\u0259d\u0259r alt\u0131 ay m\u00fcdd\u0259tin\u0259 dayand\u0131r\u0131b:\n<\/p>\n<p>\n  \u201cG\u00f6r\u00fcnd\u00fcy\u00fc kimi art\u0131q siyas\u0259t d\u0259yi\u015fib v\u0259 s\u0131\u011f\u0131nacaq ver\u0259n pastorlar\u0131n bel\u0259 m\u0259suliyy\u0259t\u0259 c\u0259lb olunmas\u0131ndan c\u0259kinmirl\u0259r. Dininizi s\u0131\u011f\u0131nacaq \u00fc\u00e7\u00fcn d\u0259yi\u015fm\u0259yin, \u00e7\u00fcnki art\u0131q bunun da \u0259h\u0259miyy\u0259ti yoxdur\u201d.\n<\/p>\n<p>\n  2019-cu ilin ilk alt\u0131 ay\u0131 \u0259rzind\u0259 999 Az\u0259rbaycan v\u0259t\u0259nda\u015f\u0131 Almaniyadan s\u0131\u011f\u0131nacaq ist\u0259yib. M\u0259lumat\u0131 Almaniyada f\u0259aliyy\u0259t g\u00f6st\u0259r\u0259n \u201cLeqat\u201d \u0130nteqrasiya M\u0259rk\u0259zi yay\u0131b.\n<\/p>\n<p>\n  Bildirilir ki, qa\u00e7q\u0131n statusu almaq \u00fc\u00e7\u00fcn Almaniya Miqrasiya v\u0259 Qa\u00e7q\u0131nlarla i\u015f \u00fczr\u0259 Federal \u0130dar\u0259y\u0259 (BAMF) m\u00fcraci\u0259t ed\u0259n 999 az\u0259rbaycanl\u0131dan 706 n\u0259f\u0259ri ilk d\u0259f\u0259, 293 n\u0259f\u0259ri is\u0259 t\u0259krar \u0259riz\u0259 il\u0259 m\u00fcraci\u0259t ed\u0259n \u015f\u0259xsl\u0259rdir.\n<\/p>\n<p>\n  \u201c2019-cu ilin 6 ay\u0131 \u0259rzind\u0259 qa\u00e7q\u0131n statusu \u00fc\u00e7\u00fcn m\u00fcraci\u0259tl\u0259r \u00fczr\u0259 1400 q\u0259rar q\u0259bul edilib. Onlardan 6 n\u0259f\u0259rinin s\u0131\u011f\u0131nacaq haqq\u0131nda \u0259riz\u0259si \u00fczr\u0259 m\u00fcsb\u0259t cavab, 46 n\u0259f\u0259r\u0259 qa\u00e7q\u0131n statusu verilib\u201d.\n<\/p>\n<p>\n  M\u0259rk\u0259z bildirir ki, 6 ay \u0259rzind\u0259 c\u0259mi 74 n\u0259f\u0259rin m\u00fcraci\u0259ti \u00fczr\u0259 BAMF m\u00fcsb\u0259t q\u0259rar q\u0259bul edib. Onlara Almaniyada m\u00fcv\u0259qq\u0259ti ya\u015fay\u0131\u015f icaz\u0259si verib. 768 n\u0259f\u0259rin qa\u00e7q\u0131n statusu haqq\u0131nda m\u00fcraci\u0259tin\u0259 is\u0259 r\u0259dd cavab\u0131 verilib.\n<\/p>\n<p>\n  \u00d6t\u0259n il, iyunun 18-d\u0259 51 az\u0259rbaycanl\u0131 Almaniyadan deportasiya edilib. \u00c7arter reysi il\u0259 Az\u0259rbaycana g\u00f6nd\u0259ril\u0259nl\u0259r Almaniyan\u0131n Bamberq, Waldsassen, \u00dciesburq, K\u00fcrten ( Bergisch Gladbach), Hoff, Rhede, Bocholt v\u0259 dig\u0259r \u015f\u0259h\u0259rl\u0259rind\u0259 ya\u015fayanlar olub.\n<\/p>\n<p>\n  Deportasiyan\u0131n isteriya il\u0259 qar\u015f\u0131lanma hallar\u0131 yeni deyil. Az\u0259rbaycanl\u0131lar aras\u0131nda \u00f6z\u00fcn\u0259q\u0259sd, polis\u0259 m\u00fcqavim\u0259t v\u0259 immiqrasiya xidm\u0259tinin \u0259m\u0259kda\u015flar\u0131n\u0131n girov g\u00f6t\u00fcr\u00fclm\u0259si hallar\u0131 da ba\u015f verib.<\/p>\n","protected":false},"excerpt":{"rendered":"<p>2019-cu ilin ilk alt\u0131 ay\u0131 \u0259rzind\u0259 999 Az\u0259rbaycan v\u0259t\u0259nda\u015f\u0131 Almaniyadan s\u0131\u011f\u0131nacaq ist\u0259yib<\/p>\n","protected":false},"author":11,"featured_media":130309,"comment_status":"closed","ping_status":"open","sticky":false,"template":"","format":"standard","meta":{"_acf_changed":false,"_sitemap_exclude":false,"_sitemap_priority":"","_sitemap_frequency":"","footnotes":""},"categories":[59],"tags":[],"class_list":["post-197165","post","type-post","status-publish","format-standard","has-post-thumbnail","hentry","category-siyaset","infinite-scroll-item","generate-columns","tablet-grid-50","mobile-grid-100","grid-parent","grid-33","no-featured-image-padding"],"acf":[],"yoast_head":"<!-- This site is optimized with the Yoast SEO plugin v27.5 - https:\/\/yoast.com\/product\/yoast-seo-wordpress\/ -->\n<title>\u201cLeqat\u201d: Az\u0259rbaycanl\u0131lar \u00f6lk\u0259y\u0259 qay\u0131tmamaq \u00fc\u00e7\u00fcn kils\u0259l\u0259rd\u0259n s\u0131\u011f\u0131nacaq ist\u0259yir - MEYDAN.TV<\/title>\n<meta name=\"robots\" content=\"index, follow, max-snippet:-1, max-image-preview:large, max-video-preview:-1\" \/>\n<link rel=\"canonical\" href=\"https:\/\/www.meydan.tv\/az\/article\/leqat-azerbaycanlilar-olkeye-qayitmamaq-ucun-kilselerden-siginacaq-isteyir\/\" \/>\n<meta property=\"og:locale\" content=\"az_AZ\" \/>\n<meta property=\"og:type\" content=\"article\" \/>\n<meta property=\"og:title\" content=\"\u201cLeqat\u201d: Az\u0259rbaycanl\u0131lar \u00f6lk\u0259y\u0259 qay\u0131tmamaq \u00fc\u00e7\u00fcn kils\u0259l\u0259rd\u0259n s\u0131\u011f\u0131nacaq ist\u0259yir - MEYDAN.TV\" \/>\n<meta property=\"og:description\" content=\"2019-cu ilin ilk alt\u0131 ay\u0131 \u0259rzind\u0259 999 Az\u0259rbaycan v\u0259t\u0259nda\u015f\u0131 Almaniyadan s\u0131\u011f\u0131nacaq ist\u0259yib\" \/>\n<meta property=\"og:url\" content=\"https:\/\/www.meydan.tv\/az\/article\/leqat-azerbaycanlilar-olkeye-qayitmamaq-ucun-kilselerden-siginacaq-isteyir\/\" \/>\n<meta property=\"og:site_name\" content=\"MEYDAN.TV\" \/>\n<meta property=\"article:published_time\" content=\"2019-09-27T11:21:37+00:00\" \/>\n<meta property=\"og:image\" content=\"https:\/\/www.meydan.tv\/wp-content\/uploads\/deport.jpg\" \/>\n\t<meta property=\"og:image:width\" content=\"1280\" \/>\n\t<meta property=\"og:image:height\" content=\"720\" \/>\n\t<meta property=\"og:image:type\" content=\"image\/jpeg\" \/>\n<meta name=\"author\" content=\"user-manager\" \/>\n<meta name=\"twitter:card\" content=\"summary_large_image\" \/>\n<script type=\"application\/ld+json\" class=\"yoast-schema-graph\">{\"@context\":\"https:\\\/\\\/schema.org\",\"@graph\":[{\"@type\":\"Article\",\"@id\":\"https:\\\/\\\/www.meydan.tv\\\/az\\\/article\\\/leqat-azerbaycanlilar-olkeye-qayitmamaq-ucun-kilselerden-siginacaq-isteyir\\\/#article\",\"isPartOf\":{\"@id\":\"https:\\\/\\\/www.meydan.tv\\\/az\\\/article\\\/leqat-azerbaycanlilar-olkeye-qayitmamaq-ucun-kilselerden-siginacaq-isteyir\\\/\"},\"author\":{\"name\":\"user-manager\",\"@id\":\"https:\\\/\\\/www.meydan.tv\\\/az\\\/#\\\/schema\\\/person\\\/10d11eccf6da3662cf5fdab9806ea91a\"},\"headline\":\"\u201cLeqat\u201d: Az\u0259rbaycanl\u0131lar \u00f6lk\u0259y\u0259 qay\u0131tmamaq \u00fc\u00e7\u00fcn kils\u0259l\u0259rd\u0259n s\u0131\u011f\u0131nacaq ist\u0259yir\",\"datePublished\":\"2019-09-27T11:21:37+00:00\",\"mainEntityOfPage\":{\"@id\":\"https:\\\/\\\/www.meydan.tv\\\/az\\\/article\\\/leqat-azerbaycanlilar-olkeye-qayitmamaq-ucun-kilselerden-siginacaq-isteyir\\\/\"},\"wordCount\":1007,\"publisher\":{\"@id\":\"https:\\\/\\\/www.meydan.tv\\\/az\\\/#organization\"},\"image\":{\"@id\":\"https:\\\/\\\/www.meydan.tv\\\/az\\\/article\\\/leqat-azerbaycanlilar-olkeye-qayitmamaq-ucun-kilselerden-siginacaq-isteyir\\\/#primaryimage\"},\"thumbnailUrl\":\"https:\\\/\\\/www.meydan.tv\\\/wp-content\\\/uploads\\\/deport.jpg\",\"articleSection\":[\"Siyas\u0259t\"],\"inLanguage\":\"az\"},{\"@type\":\"WebPage\",\"@id\":\"https:\\\/\\\/www.meydan.tv\\\/az\\\/article\\\/leqat-azerbaycanlilar-olkeye-qayitmamaq-ucun-kilselerden-siginacaq-isteyir\\\/\",\"url\":\"https:\\\/\\\/www.meydan.tv\\\/az\\\/article\\\/leqat-azerbaycanlilar-olkeye-qayitmamaq-ucun-kilselerden-siginacaq-isteyir\\\/\",\"name\":\"\u201cLeqat\u201d: Az\u0259rbaycanl\u0131lar \u00f6lk\u0259y\u0259 qay\u0131tmamaq \u00fc\u00e7\u00fcn kils\u0259l\u0259rd\u0259n s\u0131\u011f\u0131nacaq ist\u0259yir - MEYDAN.TV\",\"isPartOf\":{\"@id\":\"https:\\\/\\\/www.meydan.tv\\\/az\\\/#website\"},\"primaryImageOfPage\":{\"@id\":\"https:\\\/\\\/www.meydan.tv\\\/az\\\/article\\\/leqat-azerbaycanlilar-olkeye-qayitmamaq-ucun-kilselerden-siginacaq-isteyir\\\/#primaryimage\"},\"image\":{\"@id\":\"https:\\\/\\\/www.meydan.tv\\\/az\\\/article\\\/leqat-azerbaycanlilar-olkeye-qayitmamaq-ucun-kilselerden-siginacaq-isteyir\\\/#primaryimage\"},\"thumbnailUrl\":\"https:\\\/\\\/www.meydan.tv\\\/wp-content\\\/uploads\\\/deport.jpg\",\"datePublished\":\"2019-09-27T11:21:37+00:00\",\"breadcrumb\":{\"@id\":\"https:\\\/\\\/www.meydan.tv\\\/az\\\/article\\\/leqat-azerbaycanlilar-olkeye-qayitmamaq-ucun-kilselerden-siginacaq-isteyir\\\/#breadcrumb\"},\"inLanguage\":\"az\",\"potentialAction\":[{\"@type\":\"ReadAction\",\"target\":[\"https:\\\/\\\/www.meydan.tv\\\/az\\\/article\\\/leqat-azerbaycanlilar-olkeye-qayitmamaq-ucun-kilselerden-siginacaq-isteyir\\\/\"]}]},{\"@type\":\"ImageObject\",\"inLanguage\":\"az\",\"@id\":\"https:\\\/\\\/www.meydan.tv\\\/az\\\/article\\\/leqat-azerbaycanlilar-olkeye-qayitmamaq-ucun-kilselerden-siginacaq-isteyir\\\/#primaryimage\",\"url\":\"https:\\\/\\\/www.meydan.tv\\\/wp-content\\\/uploads\\\/deport.jpg\",\"contentUrl\":\"https:\\\/\\\/www.meydan.tv\\\/wp-content\\\/uploads\\\/deport.jpg\",\"width\":1280,\"height\":720,\"caption\":\"Source: meydan tv\"},{\"@type\":\"BreadcrumbList\",\"@id\":\"https:\\\/\\\/www.meydan.tv\\\/az\\\/article\\\/leqat-azerbaycanlilar-olkeye-qayitmamaq-ucun-kilselerden-siginacaq-isteyir\\\/#breadcrumb\",\"itemListElement\":[{\"@type\":\"ListItem\",\"position\":1,\"name\":\"Ana s\u0259hif\u0259\",\"item\":\"https:\\\/\\\/www.meydan.tv\\\/az\\\/\"},{\"@type\":\"ListItem\",\"position\":2,\"name\":\"Siyas\u0259t\",\"item\":\"https:\\\/\\\/www.meydan.tv\\\/az\\\/section\\\/siyaset\\\/\"},{\"@type\":\"ListItem\",\"position\":3,\"name\":\"\u201cLeqat\u201d: Az\u0259rbaycanl\u0131lar \u00f6lk\u0259y\u0259 qay\u0131tmamaq \u00fc\u00e7\u00fcn kils\u0259l\u0259rd\u0259n s\u0131\u011f\u0131nacaq ist\u0259yir\"}]},{\"@type\":\"WebSite\",\"@id\":\"https:\\\/\\\/www.meydan.tv\\\/az\\\/#website\",\"url\":\"https:\\\/\\\/www.meydan.tv\\\/az\\\/\",\"name\":\"MEYDAN.TV\",\"description\":\"Meydan TV Az\u0259rbaycan\u0131n media m\u0259kan\u0131ndak\u0131 alternativ s\u0259sidir\",\"publisher\":{\"@id\":\"https:\\\/\\\/www.meydan.tv\\\/az\\\/#organization\"},\"potentialAction\":[{\"@type\":\"SearchAction\",\"target\":{\"@type\":\"EntryPoint\",\"urlTemplate\":\"https:\\\/\\\/www.meydan.tv\\\/az\\\/?s={search_term_string}\"},\"query-input\":{\"@type\":\"PropertyValueSpecification\",\"valueRequired\":true,\"valueName\":\"search_term_string\"}}],\"inLanguage\":\"az\"},{\"@type\":\"Organization\",\"@id\":\"https:\\\/\\\/www.meydan.tv\\\/az\\\/#organization\",\"name\":\"Meydan TV\",\"url\":\"https:\\\/\\\/www.meydan.tv\\\/az\\\/\",\"logo\":{\"@type\":\"ImageObject\",\"inLanguage\":\"az\",\"@id\":\"https:\\\/\\\/www.meydan.tv\\\/az\\\/#\\\/schema\\\/logo\\\/image\\\/\",\"url\":\"https:\\\/\\\/www.meydan.tv\\\/wp-content\\\/uploads\\\/2021\\\/07\\\/meydan-logo.svg\",\"contentUrl\":\"https:\\\/\\\/www.meydan.tv\\\/wp-content\\\/uploads\\\/2021\\\/07\\\/meydan-logo.svg\",\"width\":195,\"height\":46,\"caption\":\"Meydan TV\"},\"image\":{\"@id\":\"https:\\\/\\\/www.meydan.tv\\\/az\\\/#\\\/schema\\\/logo\\\/image\\\/\"}},{\"@type\":\"Person\",\"@id\":\"https:\\\/\\\/www.meydan.tv\\\/az\\\/#\\\/schema\\\/person\\\/10d11eccf6da3662cf5fdab9806ea91a\",\"name\":\"user-manager\"}]}<\/script>\n<!-- \/ Yoast SEO plugin. -->","yoast_head_json":{"title":"\u201cLeqat\u201d: Az\u0259rbaycanl\u0131lar \u00f6lk\u0259y\u0259 qay\u0131tmamaq \u00fc\u00e7\u00fcn kils\u0259l\u0259rd\u0259n s\u0131\u011f\u0131nacaq ist\u0259yir - MEYDAN.TV","robots":{"index":"index","follow":"follow","max-snippet":"max-snippet:-1","max-image-preview":"max-image-preview:large","max-video-preview":"max-video-preview:-1"},"canonical":"https:\/\/www.meydan.tv\/az\/article\/leqat-azerbaycanlilar-olkeye-qayitmamaq-ucun-kilselerden-siginacaq-isteyir\/","og_locale":"az_AZ","og_type":"article","og_title":"\u201cLeqat\u201d: Az\u0259rbaycanl\u0131lar \u00f6lk\u0259y\u0259 qay\u0131tmamaq \u00fc\u00e7\u00fcn kils\u0259l\u0259rd\u0259n s\u0131\u011f\u0131nacaq ist\u0259yir - MEYDAN.TV","og_description":"2019-cu ilin ilk alt\u0131 ay\u0131 \u0259rzind\u0259 999 Az\u0259rbaycan v\u0259t\u0259nda\u015f\u0131 Almaniyadan s\u0131\u011f\u0131nacaq ist\u0259yib","og_url":"https:\/\/www.meydan.tv\/az\/article\/leqat-azerbaycanlilar-olkeye-qayitmamaq-ucun-kilselerden-siginacaq-isteyir\/","og_site_name":"MEYDAN.TV","article_published_time":"2019-09-27T11:21:37+00:00","og_image":[{"width":1280,"height":720,"url":"https:\/\/www.meydan.tv\/wp-content\/uploads\/deport.jpg","type":"image\/jpeg"}],"author":"user-manager","twitter_card":"summary_large_image","schema":{"@context":"https:\/\/schema.org","@graph":[{"@type":"Article","@id":"https:\/\/www.meydan.tv\/az\/article\/leqat-azerbaycanlilar-olkeye-qayitmamaq-ucun-kilselerden-siginacaq-isteyir\/#article","isPartOf":{"@id":"https:\/\/www.meydan.tv\/az\/article\/leqat-azerbaycanlilar-olkeye-qayitmamaq-ucun-kilselerden-siginacaq-isteyir\/"},"author":{"name":"user-manager","@id":"https:\/\/www.meydan.tv\/az\/#\/schema\/person\/10d11eccf6da3662cf5fdab9806ea91a"},"headline":"\u201cLeqat\u201d: Az\u0259rbaycanl\u0131lar \u00f6lk\u0259y\u0259 qay\u0131tmamaq \u00fc\u00e7\u00fcn kils\u0259l\u0259rd\u0259n s\u0131\u011f\u0131nacaq ist\u0259yir","datePublished":"2019-09-27T11:21:37+00:00","mainEntityOfPage":{"@id":"https:\/\/www.meydan.tv\/az\/article\/leqat-azerbaycanlilar-olkeye-qayitmamaq-ucun-kilselerden-siginacaq-isteyir\/"},"wordCount":1007,"publisher":{"@id":"https:\/\/www.meydan.tv\/az\/#organization"},"image":{"@id":"https:\/\/www.meydan.tv\/az\/article\/leqat-azerbaycanlilar-olkeye-qayitmamaq-ucun-kilselerden-siginacaq-isteyir\/#primaryimage"},"thumbnailUrl":"https:\/\/www.meydan.tv\/wp-content\/uploads\/deport.jpg","articleSection":["Siyas\u0259t"],"inLanguage":"az"},{"@type":"WebPage","@id":"https:\/\/www.meydan.tv\/az\/article\/leqat-azerbaycanlilar-olkeye-qayitmamaq-ucun-kilselerden-siginacaq-isteyir\/","url":"https:\/\/www.meydan.tv\/az\/article\/leqat-azerbaycanlilar-olkeye-qayitmamaq-ucun-kilselerden-siginacaq-isteyir\/","name":"\u201cLeqat\u201d: Az\u0259rbaycanl\u0131lar \u00f6lk\u0259y\u0259 qay\u0131tmamaq \u00fc\u00e7\u00fcn kils\u0259l\u0259rd\u0259n s\u0131\u011f\u0131nacaq ist\u0259yir - MEYDAN.TV","isPartOf":{"@id":"https:\/\/www.meydan.tv\/az\/#website"},"primaryImageOfPage":{"@id":"https:\/\/www.meydan.tv\/az\/article\/leqat-azerbaycanlilar-olkeye-qayitmamaq-ucun-kilselerden-siginacaq-isteyir\/#primaryimage"},"image":{"@id":"https:\/\/www.meydan.tv\/az\/article\/leqat-azerbaycanlilar-olkeye-qayitmamaq-ucun-kilselerden-siginacaq-isteyir\/#primaryimage"},"thumbnailUrl":"https:\/\/www.meydan.tv\/wp-content\/uploads\/deport.jpg","datePublished":"2019-09-27T11:21:37+00:00","breadcrumb":{"@id":"https:\/\/www.meydan.tv\/az\/article\/leqat-azerbaycanlilar-olkeye-qayitmamaq-ucun-kilselerden-siginacaq-isteyir\/#breadcrumb"},"inLanguage":"az","potentialAction":[{"@type":"ReadAction","target":["https:\/\/www.meydan.tv\/az\/article\/leqat-azerbaycanlilar-olkeye-qayitmamaq-ucun-kilselerden-siginacaq-isteyir\/"]}]},{"@type":"ImageObject","inLanguage":"az","@id":"https:\/\/www.meydan.tv\/az\/article\/leqat-azerbaycanlilar-olkeye-qayitmamaq-ucun-kilselerden-siginacaq-isteyir\/#primaryimage","url":"https:\/\/www.meydan.tv\/wp-content\/uploads\/deport.jpg","contentUrl":"https:\/\/www.meydan.tv\/wp-content\/uploads\/deport.jpg","width":1280,"height":720,"caption":"Source: meydan tv"},{"@type":"BreadcrumbList","@id":"https:\/\/www.meydan.tv\/az\/article\/leqat-azerbaycanlilar-olkeye-qayitmamaq-ucun-kilselerden-siginacaq-isteyir\/#breadcrumb","itemListElement":[{"@type":"ListItem","position":1,"name":"Ana s\u0259hif\u0259","item":"https:\/\/www.meydan.tv\/az\/"},{"@type":"ListItem","position":2,"name":"Siyas\u0259t","item":"https:\/\/www.meydan.tv\/az\/section\/siyaset\/"},{"@type":"ListItem","position":3,"name":"\u201cLeqat\u201d: Az\u0259rbaycanl\u0131lar \u00f6lk\u0259y\u0259 qay\u0131tmamaq \u00fc\u00e7\u00fcn kils\u0259l\u0259rd\u0259n s\u0131\u011f\u0131nacaq ist\u0259yir"}]},{"@type":"WebSite","@id":"https:\/\/www.meydan.tv\/az\/#website","url":"https:\/\/www.meydan.tv\/az\/","name":"MEYDAN.TV","description":"Meydan TV Az\u0259rbaycan\u0131n media m\u0259kan\u0131ndak\u0131 alternativ s\u0259sidir","publisher":{"@id":"https:\/\/www.meydan.tv\/az\/#organization"},"potentialAction":[{"@type":"SearchAction","target":{"@type":"EntryPoint","urlTemplate":"https:\/\/www.meydan.tv\/az\/?s={search_term_string}"},"query-input":{"@type":"PropertyValueSpecification","valueRequired":true,"valueName":"search_term_string"}}],"inLanguage":"az"},{"@type":"Organization","@id":"https:\/\/www.meydan.tv\/az\/#organization","name":"Meydan TV","url":"https:\/\/www.meydan.tv\/az\/","logo":{"@type":"ImageObject","inLanguage":"az","@id":"https:\/\/www.meydan.tv\/az\/#\/schema\/logo\/image\/","url":"https:\/\/www.meydan.tv\/wp-content\/uploads\/2021\/07\/meydan-logo.svg","contentUrl":"https:\/\/www.meydan.tv\/wp-content\/uploads\/2021\/07\/meydan-logo.svg","width":195,"height":46,"caption":"Meydan TV"},"image":{"@id":"https:\/\/www.meydan.tv\/az\/#\/schema\/logo\/image\/"}},{"@type":"Person","@id":"https:\/\/www.meydan.tv\/az\/#\/schema\/person\/10d11eccf6da3662cf5fdab9806ea91a","name":"user-manager"}]}},"_links":{"self":[{"href":"https:\/\/www.meydan.tv\/az\/wp-json\/wp\/v2\/posts\/197165","targetHints":{"allow":["GET"]}}],"collection":[{"href":"https:\/\/www.meydan.tv\/az\/wp-json\/wp\/v2\/posts"}],"about":[{"href":"https:\/\/www.meydan.tv\/az\/wp-json\/wp\/v2\/types\/post"}],"author":[{"embeddable":true,"href":"https:\/\/www.meydan.tv\/az\/wp-json\/wp\/v2\/users\/11"}],"replies":[{"embeddable":true,"href":"https:\/\/www.meydan.tv\/az\/wp-json\/wp\/v2\/comments?post=197165"}],"version-history":[{"count":0,"href":"https:\/\/www.meydan.tv\/az\/wp-json\/wp\/v2\/posts\/197165\/revisions"}],"wp:featuredmedia":[{"embeddable":true,"href":"https:\/\/www.meydan.tv\/az\/wp-json\/wp\/v2\/media\/130309"}],"wp:attachment":[{"href":"https:\/\/www.meydan.tv\/az\/wp-json\/wp\/v2\/media?parent=197165"}],"wp:term":[{"taxonomy":"category","embeddable":true,"href":"https:\/\/www.meydan.tv\/az\/wp-json\/wp\/v2\/categories?post=197165"},{"taxonomy":"post_tag","embeddable":true,"href":"https:\/\/www.meydan.tv\/az\/wp-json\/wp\/v2\/tags?post=197165"}],"curies":[{"name":"wp","href":"https:\/\/api.w.org\/{rel}","templated":true}]}}