{"id":197162,"date":"2019-09-27T08:28:08","date_gmt":"2019-09-27T08:28:08","guid":{"rendered":"https:\/\/www.meydan.tv\/article\/lenkeranda-polis-musavatcilarin-toplantisina-mane-olub\/"},"modified":"2019-09-27T08:28:08","modified_gmt":"2019-09-27T08:28:08","slug":"lenkeranda-polis-musavatcilarin-toplantisina-mane-olub","status":"publish","type":"post","link":"https:\/\/www.meydan.tv\/az\/article\/lenkeranda-polis-musavatcilarin-toplantisina-mane-olub\/","title":{"rendered":"L\u0259nk\u0259randa polis m\u00fcsavat\u00e7\u0131lar\u0131n toplant\u0131s\u0131na mane olub"},"content":{"rendered":"<p>\n  Sentyabr\u0131n 22-d\u0259 L\u0259nk\u0259ran Rayon Polis \u0130dar\u0259sinin \u0259m\u0259kda\u015f\u0131 M\u00fcsavat Partiyas\u0131n\u0131n L\u0259nk\u0259ran t\u0259\u015fkilat\u0131n\u0131n \u00fcmumi y\u0131\u011f\u0131nca\u011f\u0131n\u0131 ke\u00e7irm\u0259y\u0259 imkan verm\u0259yib. Bu bar\u0259d\u0259 m\u0259lumat yayan partiyan\u0131n Divan \u00fczv\u00fc Yadigar Sad\u0131ql\u0131n\u0131n s\u00f6zl\u0259rin\u0259 g\u00f6r\u0259, polis onun ya\u015fad\u0131\u011f\u0131 m\u0259nzili m\u00fchasir\u0259y\u0259 al\u0131b. Mayor r\u00fctb\u0259li birisi onlara y\u0131\u011f\u0131ncaq ke\u00e7irm\u0259k \u00fc\u00e7\u00fcn icaz\u0259 almaq laz\u0131m g\u0259ldiyini bildirib.\n<\/p>\n<p>\n  \u201cToplant\u0131n\u0131n ke\u00e7irilm\u0259si \u00fc\u00e7\u00fcn Bak\u0131dan L\u0259nk\u0259rana ged\u0259n ba\u015fqan m\u00fcavini G\u00fcla\u011fa Aslanl\u0131, MNTK \u00fczv\u00fc \u00c7ingiz \u018fli, M\u0259clis \u00fczv\u00fc Q\u0259z\u0259nf\u0259r Bax\u0131\u015fov v\u0259 jurnalist \u015e\u0259m\u015fad A\u011fa h\u0259y\u0259t\u0259 \u00e7\u0131x\u0131b xudahafizl\u0259\u015f\u0259rk\u0259n polis r\u0259isinin m\u00fcavini Faiq \u0130lyasovun v\u0259 dig\u0259r polisl\u0259rin h\u00fccumuna m\u0259ruz qald\u0131lar, zor v\u0259 kobudluqla \u00fczl\u0259\u015fdil\u0259r\u201c- dey\u0259, Yadigar Sad\u0131ql\u0131 qeyd edib.\n<\/p>\n<figure class=\"wp-block-image size-large\">\n  <img decoding=\"async\" src=\"https:\/\/www.meydan.tv\/az\/71033125_2877252462289594_5641785799264436224_n-jpg\/\" alt=\"71033125_2877252462289594_5641785799264436224_n.jpg\" class=\"wp-image-130012\"\/><figcaption>\n    L\u0259nk\u0259randa polis m\u00fcsavat\u00e7\u0131lar\u0131n toplant\u0131s\u0131na mane olub<br \/>\n  <\/figcaption><\/figure>\n<p>\n  Hadis\u0259 zaman\u0131 \u015e\u0259m\u015fad A\u011fa v\u0259 G\u00fcla\u011fa Aslanl\u0131n\u0131n da t\u0259zyiq\u0259 m\u0259ruz qald\u0131\u011f\u0131 deyilir.\n<\/p>\n<p>\n  Bu bar\u0259d\u0259 Meydan TV-y\u0259 dan\u0131\u015fan jurnalist \u015e\u0259m\u015fad A\u011fan\u0131n s\u00f6zl\u0259rin\u0259 g\u00f6r\u0259, polis G\u00fcla\u011fa Aslanl\u0131ya, Yadigar Sad\u0131ql\u0131ya, Q\u0259z\u0259nf\u0259r Bax\u0131\u015fova v\u0259 \u00c7ingiz \u018fliy\u0259 qar\u015f\u0131 kobud davran\u0131b, toplant\u0131ya icaz\u0259 verm\u0259yib. Hadis\u0259ni canl\u0131 yay\u0131mlayan jurnalist\u0259 is\u0259 fiziki t\u0259zyiq g\u00f6st\u0259rilib, yay\u0131ma mane\u0259 yarad\u0131l\u0131b. Bundan ba\u015fqa, toplant\u0131ya Bak\u0131dan g\u0259l\u0259n \u015f\u0259xsl\u0259rin qar\u015f\u0131s\u0131 k\u0259silib v\u0259 \u0259raziy\u0259 burax\u0131lmay\u0131b. \u015e\u0259m\u015fad A\u011fan\u0131n s\u00f6zl\u0259rin\u0259 g\u00f6r\u0259, m\u00fcsavat\u00e7\u0131lar m\u0259cbur geriy\u0259-Bak\u0131ya qay\u0131tmal\u0131 olublar.<\/p>\n","protected":false},"excerpt":{"rendered":"<p>Partiya \u00fczvl\u0259rin\u0259 qar\u015f\u0131 t\u0259zyiq g\u00f6st\u0259rilib<\/p>\n","protected":false},"author":11,"featured_media":130006,"comment_status":"closed","ping_status":"open","sticky":false,"template":"","format":"standard","meta":{"_acf_changed":false,"_sitemap_exclude":false,"_sitemap_priority":"","_sitemap_frequency":"","footnotes":""},"categories":[59],"tags":[],"class_list":["post-197162","post","type-post","status-publish","format-standard","has-post-thumbnail","hentry","category-siyaset","infinite-scroll-item","generate-columns","tablet-grid-50","mobile-grid-100","grid-parent","grid-33","no-featured-image-padding"],"acf":[],"yoast_head":"<!-- This site is optimized with the Yoast SEO plugin v27.5 - https:\/\/yoast.com\/product\/yoast-seo-wordpress\/ -->\n<title>L\u0259nk\u0259randa polis m\u00fcsavat\u00e7\u0131lar\u0131n toplant\u0131s\u0131na mane olub - MEYDAN.TV<\/title>\n<meta name=\"robots\" content=\"index, follow, max-snippet:-1, max-image-preview:large, max-video-preview:-1\" \/>\n<link rel=\"canonical\" href=\"https:\/\/www.meydan.tv\/az\/article\/lenkeranda-polis-musavatcilarin-toplantisina-mane-olub\/\" \/>\n<meta property=\"og:locale\" content=\"az_AZ\" \/>\n<meta property=\"og:type\" content=\"article\" \/>\n<meta property=\"og:title\" content=\"L\u0259nk\u0259randa polis m\u00fcsavat\u00e7\u0131lar\u0131n toplant\u0131s\u0131na mane olub - MEYDAN.TV\" \/>\n<meta property=\"og:description\" content=\"Partiya \u00fczvl\u0259rin\u0259 qar\u015f\u0131 t\u0259zyiq g\u00f6st\u0259rilib\" \/>\n<meta property=\"og:url\" content=\"https:\/\/www.meydan.tv\/az\/article\/lenkeranda-polis-musavatcilarin-toplantisina-mane-olub\/\" \/>\n<meta property=\"og:site_name\" content=\"MEYDAN.TV\" \/>\n<meta property=\"article:published_time\" content=\"2019-09-27T08:28:08+00:00\" \/>\n<meta property=\"og:image\" content=\"https:\/\/www.meydan.tv\/wp-content\/uploads\/70582902_2877206655627508_4024897111022632960_o.jpg\" \/>\n\t<meta property=\"og:image:width\" content=\"1440\" \/>\n\t<meta property=\"og:image:height\" content=\"810\" \/>\n\t<meta property=\"og:image:type\" content=\"image\/jpeg\" \/>\n<meta name=\"author\" content=\"user-manager\" \/>\n<meta name=\"twitter:card\" content=\"summary_large_image\" \/>\n<script type=\"application\/ld+json\" class=\"yoast-schema-graph\">{\"@context\":\"https:\\\/\\\/schema.org\",\"@graph\":[{\"@type\":\"Article\",\"@id\":\"https:\\\/\\\/www.meydan.tv\\\/az\\\/article\\\/lenkeranda-polis-musavatcilarin-toplantisina-mane-olub\\\/#article\",\"isPartOf\":{\"@id\":\"https:\\\/\\\/www.meydan.tv\\\/az\\\/article\\\/lenkeranda-polis-musavatcilarin-toplantisina-mane-olub\\\/\"},\"author\":{\"name\":\"user-manager\",\"@id\":\"https:\\\/\\\/www.meydan.tv\\\/az\\\/#\\\/schema\\\/person\\\/10d11eccf6da3662cf5fdab9806ea91a\"},\"headline\":\"L\u0259nk\u0259randa polis m\u00fcsavat\u00e7\u0131lar\u0131n toplant\u0131s\u0131na mane olub\",\"datePublished\":\"2019-09-27T08:28:08+00:00\",\"mainEntityOfPage\":{\"@id\":\"https:\\\/\\\/www.meydan.tv\\\/az\\\/article\\\/lenkeranda-polis-musavatcilarin-toplantisina-mane-olub\\\/\"},\"wordCount\":317,\"publisher\":{\"@id\":\"https:\\\/\\\/www.meydan.tv\\\/az\\\/#organization\"},\"image\":{\"@id\":\"https:\\\/\\\/www.meydan.tv\\\/az\\\/article\\\/lenkeranda-polis-musavatcilarin-toplantisina-mane-olub\\\/#primaryimage\"},\"thumbnailUrl\":\"https:\\\/\\\/www.meydan.tv\\\/wp-content\\\/uploads\\\/70582902_2877206655627508_4024897111022632960_o.jpg\",\"articleSection\":[\"Siyas\u0259t\"],\"inLanguage\":\"az\"},{\"@type\":\"WebPage\",\"@id\":\"https:\\\/\\\/www.meydan.tv\\\/az\\\/article\\\/lenkeranda-polis-musavatcilarin-toplantisina-mane-olub\\\/\",\"url\":\"https:\\\/\\\/www.meydan.tv\\\/az\\\/article\\\/lenkeranda-polis-musavatcilarin-toplantisina-mane-olub\\\/\",\"name\":\"L\u0259nk\u0259randa polis m\u00fcsavat\u00e7\u0131lar\u0131n toplant\u0131s\u0131na mane olub - MEYDAN.TV\",\"isPartOf\":{\"@id\":\"https:\\\/\\\/www.meydan.tv\\\/az\\\/#website\"},\"primaryImageOfPage\":{\"@id\":\"https:\\\/\\\/www.meydan.tv\\\/az\\\/article\\\/lenkeranda-polis-musavatcilarin-toplantisina-mane-olub\\\/#primaryimage\"},\"image\":{\"@id\":\"https:\\\/\\\/www.meydan.tv\\\/az\\\/article\\\/lenkeranda-polis-musavatcilarin-toplantisina-mane-olub\\\/#primaryimage\"},\"thumbnailUrl\":\"https:\\\/\\\/www.meydan.tv\\\/wp-content\\\/uploads\\\/70582902_2877206655627508_4024897111022632960_o.jpg\",\"datePublished\":\"2019-09-27T08:28:08+00:00\",\"breadcrumb\":{\"@id\":\"https:\\\/\\\/www.meydan.tv\\\/az\\\/article\\\/lenkeranda-polis-musavatcilarin-toplantisina-mane-olub\\\/#breadcrumb\"},\"inLanguage\":\"az\",\"potentialAction\":[{\"@type\":\"ReadAction\",\"target\":[\"https:\\\/\\\/www.meydan.tv\\\/az\\\/article\\\/lenkeranda-polis-musavatcilarin-toplantisina-mane-olub\\\/\"]}]},{\"@type\":\"ImageObject\",\"inLanguage\":\"az\",\"@id\":\"https:\\\/\\\/www.meydan.tv\\\/az\\\/article\\\/lenkeranda-polis-musavatcilarin-toplantisina-mane-olub\\\/#primaryimage\",\"url\":\"https:\\\/\\\/www.meydan.tv\\\/wp-content\\\/uploads\\\/70582902_2877206655627508_4024897111022632960_o.jpg\",\"contentUrl\":\"https:\\\/\\\/www.meydan.tv\\\/wp-content\\\/uploads\\\/70582902_2877206655627508_4024897111022632960_o.jpg\",\"width\":1440,\"height\":810,\"caption\":\"Source: Facebook\"},{\"@type\":\"BreadcrumbList\",\"@id\":\"https:\\\/\\\/www.meydan.tv\\\/az\\\/article\\\/lenkeranda-polis-musavatcilarin-toplantisina-mane-olub\\\/#breadcrumb\",\"itemListElement\":[{\"@type\":\"ListItem\",\"position\":1,\"name\":\"Ana s\u0259hif\u0259\",\"item\":\"https:\\\/\\\/www.meydan.tv\\\/az\\\/\"},{\"@type\":\"ListItem\",\"position\":2,\"name\":\"Siyas\u0259t\",\"item\":\"https:\\\/\\\/www.meydan.tv\\\/az\\\/section\\\/siyaset\\\/\"},{\"@type\":\"ListItem\",\"position\":3,\"name\":\"L\u0259nk\u0259randa polis m\u00fcsavat\u00e7\u0131lar\u0131n toplant\u0131s\u0131na mane olub\"}]},{\"@type\":\"WebSite\",\"@id\":\"https:\\\/\\\/www.meydan.tv\\\/az\\\/#website\",\"url\":\"https:\\\/\\\/www.meydan.tv\\\/az\\\/\",\"name\":\"MEYDAN.TV\",\"description\":\"Meydan TV Az\u0259rbaycan\u0131n media m\u0259kan\u0131ndak\u0131 alternativ s\u0259sidir\",\"publisher\":{\"@id\":\"https:\\\/\\\/www.meydan.tv\\\/az\\\/#organization\"},\"potentialAction\":[{\"@type\":\"SearchAction\",\"target\":{\"@type\":\"EntryPoint\",\"urlTemplate\":\"https:\\\/\\\/www.meydan.tv\\\/az\\\/?s={search_term_string}\"},\"query-input\":{\"@type\":\"PropertyValueSpecification\",\"valueRequired\":true,\"valueName\":\"search_term_string\"}}],\"inLanguage\":\"az\"},{\"@type\":\"Organization\",\"@id\":\"https:\\\/\\\/www.meydan.tv\\\/az\\\/#organization\",\"name\":\"Meydan TV\",\"url\":\"https:\\\/\\\/www.meydan.tv\\\/az\\\/\",\"logo\":{\"@type\":\"ImageObject\",\"inLanguage\":\"az\",\"@id\":\"https:\\\/\\\/www.meydan.tv\\\/az\\\/#\\\/schema\\\/logo\\\/image\\\/\",\"url\":\"https:\\\/\\\/www.meydan.tv\\\/wp-content\\\/uploads\\\/2021\\\/07\\\/meydan-logo.svg\",\"contentUrl\":\"https:\\\/\\\/www.meydan.tv\\\/wp-content\\\/uploads\\\/2021\\\/07\\\/meydan-logo.svg\",\"width\":195,\"height\":46,\"caption\":\"Meydan TV\"},\"image\":{\"@id\":\"https:\\\/\\\/www.meydan.tv\\\/az\\\/#\\\/schema\\\/logo\\\/image\\\/\"}},{\"@type\":\"Person\",\"@id\":\"https:\\\/\\\/www.meydan.tv\\\/az\\\/#\\\/schema\\\/person\\\/10d11eccf6da3662cf5fdab9806ea91a\",\"name\":\"user-manager\"}]}<\/script>\n<!-- \/ Yoast SEO plugin. -->","yoast_head_json":{"title":"L\u0259nk\u0259randa polis m\u00fcsavat\u00e7\u0131lar\u0131n toplant\u0131s\u0131na mane olub - MEYDAN.TV","robots":{"index":"index","follow":"follow","max-snippet":"max-snippet:-1","max-image-preview":"max-image-preview:large","max-video-preview":"max-video-preview:-1"},"canonical":"https:\/\/www.meydan.tv\/az\/article\/lenkeranda-polis-musavatcilarin-toplantisina-mane-olub\/","og_locale":"az_AZ","og_type":"article","og_title":"L\u0259nk\u0259randa polis m\u00fcsavat\u00e7\u0131lar\u0131n toplant\u0131s\u0131na mane olub - MEYDAN.TV","og_description":"Partiya \u00fczvl\u0259rin\u0259 qar\u015f\u0131 t\u0259zyiq g\u00f6st\u0259rilib","og_url":"https:\/\/www.meydan.tv\/az\/article\/lenkeranda-polis-musavatcilarin-toplantisina-mane-olub\/","og_site_name":"MEYDAN.TV","article_published_time":"2019-09-27T08:28:08+00:00","og_image":[{"width":1440,"height":810,"url":"https:\/\/www.meydan.tv\/wp-content\/uploads\/70582902_2877206655627508_4024897111022632960_o.jpg","type":"image\/jpeg"}],"author":"user-manager","twitter_card":"summary_large_image","schema":{"@context":"https:\/\/schema.org","@graph":[{"@type":"Article","@id":"https:\/\/www.meydan.tv\/az\/article\/lenkeranda-polis-musavatcilarin-toplantisina-mane-olub\/#article","isPartOf":{"@id":"https:\/\/www.meydan.tv\/az\/article\/lenkeranda-polis-musavatcilarin-toplantisina-mane-olub\/"},"author":{"name":"user-manager","@id":"https:\/\/www.meydan.tv\/az\/#\/schema\/person\/10d11eccf6da3662cf5fdab9806ea91a"},"headline":"L\u0259nk\u0259randa polis m\u00fcsavat\u00e7\u0131lar\u0131n toplant\u0131s\u0131na mane olub","datePublished":"2019-09-27T08:28:08+00:00","mainEntityOfPage":{"@id":"https:\/\/www.meydan.tv\/az\/article\/lenkeranda-polis-musavatcilarin-toplantisina-mane-olub\/"},"wordCount":317,"publisher":{"@id":"https:\/\/www.meydan.tv\/az\/#organization"},"image":{"@id":"https:\/\/www.meydan.tv\/az\/article\/lenkeranda-polis-musavatcilarin-toplantisina-mane-olub\/#primaryimage"},"thumbnailUrl":"https:\/\/www.meydan.tv\/wp-content\/uploads\/70582902_2877206655627508_4024897111022632960_o.jpg","articleSection":["Siyas\u0259t"],"inLanguage":"az"},{"@type":"WebPage","@id":"https:\/\/www.meydan.tv\/az\/article\/lenkeranda-polis-musavatcilarin-toplantisina-mane-olub\/","url":"https:\/\/www.meydan.tv\/az\/article\/lenkeranda-polis-musavatcilarin-toplantisina-mane-olub\/","name":"L\u0259nk\u0259randa polis m\u00fcsavat\u00e7\u0131lar\u0131n toplant\u0131s\u0131na mane olub - MEYDAN.TV","isPartOf":{"@id":"https:\/\/www.meydan.tv\/az\/#website"},"primaryImageOfPage":{"@id":"https:\/\/www.meydan.tv\/az\/article\/lenkeranda-polis-musavatcilarin-toplantisina-mane-olub\/#primaryimage"},"image":{"@id":"https:\/\/www.meydan.tv\/az\/article\/lenkeranda-polis-musavatcilarin-toplantisina-mane-olub\/#primaryimage"},"thumbnailUrl":"https:\/\/www.meydan.tv\/wp-content\/uploads\/70582902_2877206655627508_4024897111022632960_o.jpg","datePublished":"2019-09-27T08:28:08+00:00","breadcrumb":{"@id":"https:\/\/www.meydan.tv\/az\/article\/lenkeranda-polis-musavatcilarin-toplantisina-mane-olub\/#breadcrumb"},"inLanguage":"az","potentialAction":[{"@type":"ReadAction","target":["https:\/\/www.meydan.tv\/az\/article\/lenkeranda-polis-musavatcilarin-toplantisina-mane-olub\/"]}]},{"@type":"ImageObject","inLanguage":"az","@id":"https:\/\/www.meydan.tv\/az\/article\/lenkeranda-polis-musavatcilarin-toplantisina-mane-olub\/#primaryimage","url":"https:\/\/www.meydan.tv\/wp-content\/uploads\/70582902_2877206655627508_4024897111022632960_o.jpg","contentUrl":"https:\/\/www.meydan.tv\/wp-content\/uploads\/70582902_2877206655627508_4024897111022632960_o.jpg","width":1440,"height":810,"caption":"Source: Facebook"},{"@type":"BreadcrumbList","@id":"https:\/\/www.meydan.tv\/az\/article\/lenkeranda-polis-musavatcilarin-toplantisina-mane-olub\/#breadcrumb","itemListElement":[{"@type":"ListItem","position":1,"name":"Ana s\u0259hif\u0259","item":"https:\/\/www.meydan.tv\/az\/"},{"@type":"ListItem","position":2,"name":"Siyas\u0259t","item":"https:\/\/www.meydan.tv\/az\/section\/siyaset\/"},{"@type":"ListItem","position":3,"name":"L\u0259nk\u0259randa polis m\u00fcsavat\u00e7\u0131lar\u0131n toplant\u0131s\u0131na mane olub"}]},{"@type":"WebSite","@id":"https:\/\/www.meydan.tv\/az\/#website","url":"https:\/\/www.meydan.tv\/az\/","name":"MEYDAN.TV","description":"Meydan TV Az\u0259rbaycan\u0131n media m\u0259kan\u0131ndak\u0131 alternativ s\u0259sidir","publisher":{"@id":"https:\/\/www.meydan.tv\/az\/#organization"},"potentialAction":[{"@type":"SearchAction","target":{"@type":"EntryPoint","urlTemplate":"https:\/\/www.meydan.tv\/az\/?s={search_term_string}"},"query-input":{"@type":"PropertyValueSpecification","valueRequired":true,"valueName":"search_term_string"}}],"inLanguage":"az"},{"@type":"Organization","@id":"https:\/\/www.meydan.tv\/az\/#organization","name":"Meydan TV","url":"https:\/\/www.meydan.tv\/az\/","logo":{"@type":"ImageObject","inLanguage":"az","@id":"https:\/\/www.meydan.tv\/az\/#\/schema\/logo\/image\/","url":"https:\/\/www.meydan.tv\/wp-content\/uploads\/2021\/07\/meydan-logo.svg","contentUrl":"https:\/\/www.meydan.tv\/wp-content\/uploads\/2021\/07\/meydan-logo.svg","width":195,"height":46,"caption":"Meydan TV"},"image":{"@id":"https:\/\/www.meydan.tv\/az\/#\/schema\/logo\/image\/"}},{"@type":"Person","@id":"https:\/\/www.meydan.tv\/az\/#\/schema\/person\/10d11eccf6da3662cf5fdab9806ea91a","name":"user-manager"}]}},"_links":{"self":[{"href":"https:\/\/www.meydan.tv\/az\/wp-json\/wp\/v2\/posts\/197162","targetHints":{"allow":["GET"]}}],"collection":[{"href":"https:\/\/www.meydan.tv\/az\/wp-json\/wp\/v2\/posts"}],"about":[{"href":"https:\/\/www.meydan.tv\/az\/wp-json\/wp\/v2\/types\/post"}],"author":[{"embeddable":true,"href":"https:\/\/www.meydan.tv\/az\/wp-json\/wp\/v2\/users\/11"}],"replies":[{"embeddable":true,"href":"https:\/\/www.meydan.tv\/az\/wp-json\/wp\/v2\/comments?post=197162"}],"version-history":[{"count":0,"href":"https:\/\/www.meydan.tv\/az\/wp-json\/wp\/v2\/posts\/197162\/revisions"}],"wp:featuredmedia":[{"embeddable":true,"href":"https:\/\/www.meydan.tv\/az\/wp-json\/wp\/v2\/media\/130006"}],"wp:attachment":[{"href":"https:\/\/www.meydan.tv\/az\/wp-json\/wp\/v2\/media?parent=197162"}],"wp:term":[{"taxonomy":"category","embeddable":true,"href":"https:\/\/www.meydan.tv\/az\/wp-json\/wp\/v2\/categories?post=197162"},{"taxonomy":"post_tag","embeddable":true,"href":"https:\/\/www.meydan.tv\/az\/wp-json\/wp\/v2\/tags?post=197162"}],"curies":[{"name":"wp","href":"https:\/\/api.w.org\/{rel}","templated":true}]}}