{"id":197161,"date":"2019-09-26T17:14:49","date_gmt":"2019-09-26T17:14:49","guid":{"rendered":"https:\/\/www.meydan.tv\/article\/bas-hekim-dedi-aglin-olaydi-o-qeder-pul-tokmezdin\/"},"modified":"2019-09-26T17:14:49","modified_gmt":"2019-09-26T17:14:49","slug":"bas-hekim-dedi-aglin-olaydi-o-qeder-pul-tokmezdin","status":"publish","type":"post","link":"https:\/\/www.meydan.tv\/az\/article\/bas-hekim-dedi-aglin-olaydi-o-qeder-pul-tokmezdin\/","title":{"rendered":"\u201cBa\u015f h\u0259kim dedi, a\u011fl\u0131n olayd\u0131, o q\u0259d\u0259r pul t\u00f6km\u0259zdin\u201d"},"content":{"rendered":"<p>\n  <i><br \/>\n    Sabirabad sakini \u201cOMD\u201d-nin h\u0259kiml\u0259rind\u0259n pullar\u0131n\u0131 geri t\u0259l\u0259b edir<br \/>\n  <\/i>\n<\/p>\n<p>\n  \u201cU\u015fa\u011f\u0131 x\u0259st\u0259xanaya q\u0259bul ed\u0259nd\u0259 el\u0259 g\u00f6r\u00fcnt\u00fc yaratd\u0131lar ki, guya k\u00f6rp\u0259 bu d\u0259qiq\u0259 \u00f6l\u0259c\u0259k. Bu da h\u0259kiml\u0259rin bir f\u0131r\u0131lda\u011f\u0131d\u0131r. Adam\u0131 el\u0259 v\u0259ziyy\u0259t\u0259 sal\u0131rlar ki, des\u0259l\u0259r, get, evini sat, g\u0259tir, adam u\u015fa\u011f\u0131 \u00f6lm\u0259sin dey\u0259, qa\u00e7a-qa\u00e7a gedib, evini d\u0259 sat\u0131b, pulunu bunlara g\u0259tirib ver\u0259r. M\u0259ni d\u0259 bel\u0259 soydular orda&#8230;\u201d\n<\/p>\n<p>\n  Sabirabad rayon sakini V\u00fcsal Axundov Meydan TV-y\u0259 dan\u0131\u015f\u0131r ki, sentyabr\u0131n 11-d\u0259 ikinci d\u0259f\u0259 ata olub. Ancaq bu xo\u015fb\u0259xtliyin dad\u0131n\u0131 \u00e7\u0131xarmam\u0131\u015f, yerli s\u0259hiyy\u0259 kefin\u0259 so\u011fan do\u011fray\u0131b. K\u00f6rp\u0259 Sabirabad Rayon M\u0259rk\u0259zi X\u0259st\u0259xanas\u0131n\u0131n do\u011fu\u015f \u015f\u00f6b\u0259sind\u0259 d\u00fcnyaya g\u0259lib. N\u00f6vb\u0259ti g\u00fcn \u015f\u00f6b\u0259nin h\u0259kiml\u0259ri k\u00f6rp\u0259nin beynind\u0259 qans\u0131zma oldu\u011funu bildiribl\u0259r. Ataya m\u0259sl\u0259h\u0259t g\u00f6r\u00fcl\u00fcb ki, k\u00f6rp\u0259ni t\u0259cili Bak\u0131ya \u00e7atd\u0131rs\u0131n. X\u0259st\u0259xanan\u0131n g\u00f6nd\u0259ri\u015fi il\u0259 V\u00fcsal Axundov k\u00f6rp\u0259ni Bak\u0131ya \u2013 Elmi-T\u0259dqiqat Pediatriya \u0130nstitutuna (OMD kimi tan\u0131n\u0131r-red) g\u00f6t\u00fcr\u00fcb. V\u00fcsal Axundov iddia edir ki, 12 g\u00fcn \u0259rzind\u0259 Elmi-T\u0259dqiqat Pediatriya \u0130nstitutunun h\u0259kimind\u0259n, tibb bac\u0131s\u0131ndan tutmu\u015f, qap\u0131s\u0131ndak\u0131 g\u00f6z\u0259t\u00e7isin\u0259d\u0259k ham\u0131s\u0131 onu \u201cso\u011fan qab\u0131\u011f\u0131\u201d kimi soyub:\n<\/p>\n<p>\n  <b><br \/>\n    \u201cBa\u015f h\u0259kim dedi, benzinpulunu ver, tibbii yard\u0131m ma\u015f\u0131n\u0131 k\u00f6rp\u0259ni Bak\u0131ya apars\u0131n\u201d<br \/>\n  <\/b>\n<\/p>\n<p>\n  \u201c\u018fvv\u0259la ba\u015flay\u0131m Sabirabad x\u0259st\u0259xanas\u0131ndan&#8230; Bir t\u0259r\u0259fd\u0259n \u00f6zl\u0259ri deyirdil\u0259r ki, u\u015fa\u011f\u0131n beynind\u0259 qans\u0131zma var, onu t\u0259cili Bak\u0131ya \u00e7atd\u0131rmaq laz\u0131md\u0131r. Dig\u0259r t\u0259r\u0259fd\u0259n k\u00f6rp\u0259ni Bak\u0131ya g\u00f6t\u00fcrm\u0259k \u00fc\u00e7\u00fcn tibbi yard\u0131m ma\u015f\u0131n\u0131 xidm\u0259ti d\u0259 pulludur. Dedil\u0259r ki, ambulans Bak\u0131ya 200, a\u015fa\u011f\u0131 yeri 150 manata gedir. M\u0259n x\u0259st\u0259xanan\u0131n ba\u015f h\u0259kimi Yusif Quliyevin yan\u0131na getdim, bilirdim ki, i\u015fsiz\u0259m, imkans\u0131zam. O da Dada\u015f adl\u0131 s\u00fcr\u00fcc\u00fcn\u00fc \u00e7a\u011f\u0131rd\u0131, m\u0259n\u0259 dedi ki, bu s\u00fcr\u00fcc\u00fcy\u0259 38 manat benzinpulu ver\u0259rs\u0259n. Bak\u0131ya \u00e7atanda s\u00fcr\u00fcc\u00fc dedi, 40 manat benzinpulu verm\u0259lis\u0259n, 20 manat m\u0259n\u0259 verm\u0259lis\u0259n, \u00e7\u00fcnki ordan bura ma\u015f\u0131n s\u00fcrm\u00fc\u015f\u0259m, 20 manat da biziml\u0259 g\u0259l\u0259n h\u0259kim\u0259 verm\u0259lis\u0259n. 80 manat\u0131 ver\u0259nd\u0259 dedi, oksigenin d\u0259 pulunu verm\u0259lis\u0259n. El\u0259 bil ba\u015f\u0131ma qaynar su t\u00f6kd\u00fcl\u0259r, \u00fcst\u00fcn\u0259 q\u0131\u015fq\u0131rd\u0131m, s\u00fcr\u00fcb getdi. Bel\u0259 \u00e7\u0131x\u0131r ki, m\u0259n o pulu verm\u0259s\u0259ydim, o tibbi yard\u0131m ma\u015f\u0131n\u0131 k\u00f6rp\u0259ni Bak\u0131ya g\u0259tirm\u0259y\u0259c\u0259kdi, k\u00f6rp\u0259 \u00f6l\u0259c\u0259kdi\u201d.\n<\/p>\n<p>\n  <b><br \/>\n    &#x27;&#x27;12 g\u00fcn \u0259rzind\u0259 so\u011fan qab\u0131\u011f\u0131 kimi soyuldum\u201d<br \/>\n  <\/b>\n<\/p>\n<p>\n  V\u00fcsal Axundov deyir ki, \u00e7\u0131xar\u0131 bununla bitm\u0259yib. O, 12 g\u00fcn \u0259rzind\u0259 Elmi-T\u0259dqiqat Pediatriya \u0130nstitutundak\u0131 x\u0259rcl\u0259rinin yad\u0131nda qalan qismini d\u0259 sadalay\u0131r:\n<\/p>\n<p>\n  \u201cX\u0259st\u0259xanan\u0131n h\u0259r divar\u0131nda yaz\u0131l\u0131b vurulub ki, tibbi xidm\u0259tl\u0259r pulsuzdur. Ancaq yad\u0131mda qalanlar\u0131 sadalay\u0131m, hesablay\u0131n.\n<\/p>\n<p>\n  X\u0259st\u0259xanaya daxil olan kimi yaz\u0131lan ilk siyah\u0131 \u2013 bezl\u0259r, \u015fprisl\u0259r v\u0259 sair \u2013 38 manat;\n<\/p>\n<p>\n  Rentgen 18 manat + tibb bac\u0131s\u0131na 5 manat;\n<\/p>\n<p>\n  Laboratoriya 15 manat + tibb bac\u0131s\u0131na 5 manat;\n<\/p>\n<p>\n  Qan analizi 15 manat + tibb bac\u0131s\u0131na 5 manat;\n<\/p>\n<p>\n  N\u00f6vb\u0259ti g\u00fcn t\u0259krar rentgen 20 manat + tibb bac\u0131s\u0131na 5 manat;\n<\/p>\n<p>\n  5 g\u00fcn \u0259rzind\u0259 s\u0259h\u0259r n\u00f6vb\u0259 h\u0259kimin\u0259 15, ax\u015fam n\u00f6vb\u0259 h\u0259kimin\u0259 10 manat;\n<\/p>\n<p>\n  Sonrak\u0131 g\u00fcnl\u0259r \u0259rzind\u0259 s\u0259h\u0259r n\u00f6vb\u0259 h\u0259kimin\u0259 10, ax\u015fam n\u00f6vb\u0259 h\u0259kimin\u0259 5 manat;\n<\/p>\n<p>\n  X\u0259st\u0259xanadan \u00e7\u0131xanda h\u0259kiml\u0259rd\u0259n birin\u0259 20, dig\u0259rin\u0259 10 manat:\n<\/p>\n<p>\n  Qap\u0131da dayanan m\u00fchafiz\u0259\u00e7iy\u0259 d\u0259 h\u0259r g\u00fcn 2 manat v\u0259 iki siqaret&#8230; \u00dcst\u0259lik, h\u0259r g\u00fcn laz\u0131m oldu-olmad\u0131, bezl\u0259r, \u015fprisl\u0259r v\u0259 sair ald\u0131r\u0131blar.\n<\/p>\n<p>\n  Bunlar yad\u0131mda qalanlard\u0131r. G\u00f6rd\u00fcm pul \u00e7atd\u0131ra bilmir\u0259m, Bak\u0131dan rayona g\u0259ldim, icra hakimiyy\u0259tin\u0259 m\u00fcraci\u0259t el\u0259dim, 100 manat k\u00f6m\u0259klik el\u0259dil\u0259r. Sonuncu d\u0259f\u0259 yen\u0259 d\u0259 rayona g\u0259ldim, qohumlardan 140 manat toplay\u0131b getdim, onu da apar\u0131b x\u0259st\u0259xanaya verdim\u201d.\n<\/p>\n<p>\n  <b><br \/>\n    \u201cK\u00f6rp\u0259 sa\u011flam imi\u015f, m\u00fcalic\u0259 apar\u0131lm\u0131rm\u0131\u015f\u201d<br \/>\n  <\/b>\n<\/p>\n<p>\n  V\u00fcsal Axundovun s\u00f6zl\u0259rin\u0259 g\u00f6r\u0259, 12 g\u00fcnd\u0259n sonra ona m\u0259lum olub ki, k\u00f6rp\u0259 sa\u011flamd\u0131r v\u0259 x\u0259st\u0259xanada he\u00e7 bir m\u00fcalic\u0259 apar\u0131lm\u0131r:\n<\/p>\n<p>\n  \u201cYolda\u015f\u0131m dedi, bizi burda soymaq \u00fc\u00e7\u00fcn saxlay\u0131blar, he\u00e7 bir m\u00fcalic\u0259 getmir, deyirl\u0259r, u\u015faq sa\u011flamd\u0131r, beynind\u0259 he\u00e7 bir problemi olmay\u0131b v\u0259 yoxdur, rayon x\u0259st\u0259xanas\u0131 sizi bura nahaq g\u00f6nd\u0259rib. Dem\u0259li, 700 manatdan \u00e7ox x\u0259rcim \u00e7\u0131x\u0131b v\u0259 sonda biz\u0259 deyirl\u0259r ki, k\u00f6rp\u0259 sa\u011flamd\u0131r, he\u00e7 bir problemi yox imi\u015f. Bununla bel\u0259, g\u00fcn\u00fc-g\u00fcn\u0259 sat\u0131b x\u0259st\u0259xanadan buraxm\u0131rd\u0131lar ki, bizi bir az da soysunlar. Yolda\u015f\u0131ma dedim ki, x\u0259st\u0259xanaya g\u0259lm\u0259y\u0259c\u0259m, h\u0259kiml\u0259r soru\u015fsa, dey\u0259rs\u0259n, \u00e7\u0131x\u0131b getdi rayona, g\u0259lm\u0259y\u0259c\u0259k v\u0259 getm\u0259dim. Yaln\u0131z bundan sonra sentyabr\u0131n 24-d\u0259 k\u00f6rp\u0259ni ev\u0259 yazd\u0131lar\u201d.\n<\/p>\n<p>\n  Sabirabad Rayon M\u0259rk\u0259zi X\u0259st\u0259xanas\u0131ndan bildirilib ki, k\u00f6rp\u0259 vaxt\u0131ndan tez &#8211; 34 h\u0259ft\u0259liyind\u0259 do\u011fulub, beyinl\u0259 ba\u011fl\u0131 \u015f\u00fcbh\u0259l\u0259r olub, buna g\u00f6r\u0259 d\u0259 Bak\u0131ya &#8211; Elmi-T\u0259dqiqat Pediatriya \u0130nstitutuna yoxlamaya g\u00f6nd\u0259rilib. Tibbi yard\u0131m ma\u015f\u0131n\u0131 xidm\u0259tin\u0259 g\u00f6r\u0259 pul al\u0131nmas\u0131 il\u0259 ba\u011fl\u0131 deyil\u0259nl\u0259r x\u0259st\u0259xanadan t\u0259kzib olunub.\n<\/p>\n<p>\n  Elmi-T\u0259dqiqat Pediatriya \u0130nstitutundan is\u0259 bildirilib ki, k\u00f6rp\u0259 vaxt\u0131ndan \u0259vv\u0259l do\u011fuldu\u011fu \u00fc\u00e7\u00fcn ciy\u0259rl\u0259ri normal f\u0259aliyy\u0259t g\u00f6st\u0259rm\u0259yib, t\u0259n\u0259ff\u00fcs pozuntular\u0131 olub. K\u00f6rp\u0259 bir ne\u00e7\u0259 g\u00fcn k\u00fcvezd\u0259 n\u0259zar\u0259t alt\u0131nda saxlan\u0131l\u0131b. \u00dcst\u0259lik, \u00e7\u0259kisi d\u0259 normadan \u00e7ox a\u015fa\u011f\u0131 olub, orqanizmin g\u00fccl\u0259ndirilm\u0259si \u00fc\u00e7\u00fcn tibbi m\u00fcdaxil\u0259l\u0259r edilib. Lakin bu tibbi xidm\u0259tl\u0259r\u0259 g\u00f6r\u0259 pul al\u0131nmay\u0131b. X\u0259st\u0259xana d\u00f6vl\u0259tindir v\u0259 \u0259haliy\u0259 pulsuz xidm\u0259t g\u00f6st\u0259rir.\n<\/p>\n<p>\n  V\u00fcsal Axundovsa deyir, 12 g\u00fcn \u0259rzind\u0259 x\u0259rcl\u0259diyi pulu t\u0259l\u0259b etm\u0259k \u00fc\u00e7\u00fcn x\u0259st\u0259xanan\u0131n ba\u015f h\u0259kiminin yan\u0131nda da olub:\n<\/p>\n<p>\n  \u201cDedim, k\u00f6rp\u0259d\u0259 he\u00e7 n\u0259 yoxdur, h\u0259kiml\u0259r bizi qorxudub, k\u00f6rp\u0259ni bo\u015f yer\u0259 12 g\u00fcn burda saxlay\u0131b, bizi soyublar. Dedi, m\u0259n neyl\u0259yim, a\u011fl\u0131n olayd\u0131, verm\u0259y\u0259ydin. Get, kim\u0259 n\u0259 pul vermis\u0259n, ondan t\u0259l\u0259b et\u201d.<\/p>\n","protected":false},"excerpt":{"rendered":"<p>Sabirabad sakini \u201cOMD\u201d-nin h\u0259kiml\u0259rind\u0259n pullar\u0131n\u0131 geri t\u0259l\u0259b edir<\/p>\n","protected":false},"author":11,"featured_media":130297,"comment_status":"closed","ping_status":"open","sticky":false,"template":"","format":"standard","meta":{"_acf_changed":false,"_sitemap_exclude":false,"_sitemap_priority":"","_sitemap_frequency":"","footnotes":""},"categories":[60],"tags":[],"class_list":["post-197161","post","type-post","status-publish","format-standard","has-post-thumbnail","hentry","category-bolge","infinite-scroll-item","generate-columns","tablet-grid-50","mobile-grid-100","grid-parent","grid-33","no-featured-image-padding"],"acf":[],"yoast_head":"<!-- This site is optimized with the Yoast SEO plugin v27.5 - https:\/\/yoast.com\/product\/yoast-seo-wordpress\/ -->\n<title>\u201cBa\u015f h\u0259kim dedi, a\u011fl\u0131n olayd\u0131, o q\u0259d\u0259r pul t\u00f6km\u0259zdin\u201d - MEYDAN.TV<\/title>\n<meta name=\"robots\" content=\"index, follow, max-snippet:-1, max-image-preview:large, max-video-preview:-1\" \/>\n<link rel=\"canonical\" href=\"https:\/\/www.meydan.tv\/az\/article\/bas-hekim-dedi-aglin-olaydi-o-qeder-pul-tokmezdin\/\" \/>\n<meta property=\"og:locale\" content=\"az_AZ\" \/>\n<meta property=\"og:type\" content=\"article\" \/>\n<meta property=\"og:title\" content=\"\u201cBa\u015f h\u0259kim dedi, a\u011fl\u0131n olayd\u0131, o q\u0259d\u0259r pul t\u00f6km\u0259zdin\u201d - MEYDAN.TV\" \/>\n<meta property=\"og:description\" content=\"Sabirabad sakini \u201cOMD\u201d-nin h\u0259kiml\u0259rind\u0259n pullar\u0131n\u0131 geri t\u0259l\u0259b edir\" \/>\n<meta property=\"og:url\" content=\"https:\/\/www.meydan.tv\/az\/article\/bas-hekim-dedi-aglin-olaydi-o-qeder-pul-tokmezdin\/\" \/>\n<meta property=\"og:site_name\" content=\"MEYDAN.TV\" \/>\n<meta property=\"article:published_time\" content=\"2019-09-26T17:14:49+00:00\" \/>\n<meta property=\"og:image\" content=\"https:\/\/www.meydan.tv\/wp-content\/uploads\/image_from_ios_82.jpg\" \/>\n\t<meta property=\"og:image:width\" content=\"1280\" \/>\n\t<meta property=\"og:image:height\" content=\"537\" \/>\n\t<meta property=\"og:image:type\" content=\"image\/jpeg\" \/>\n<meta name=\"author\" content=\"user-manager\" \/>\n<meta name=\"twitter:card\" content=\"summary_large_image\" \/>\n<script type=\"application\/ld+json\" class=\"yoast-schema-graph\">{\"@context\":\"https:\\\/\\\/schema.org\",\"@graph\":[{\"@type\":\"Article\",\"@id\":\"https:\\\/\\\/www.meydan.tv\\\/az\\\/article\\\/bas-hekim-dedi-aglin-olaydi-o-qeder-pul-tokmezdin\\\/#article\",\"isPartOf\":{\"@id\":\"https:\\\/\\\/www.meydan.tv\\\/az\\\/article\\\/bas-hekim-dedi-aglin-olaydi-o-qeder-pul-tokmezdin\\\/\"},\"author\":{\"name\":\"user-manager\",\"@id\":\"https:\\\/\\\/www.meydan.tv\\\/az\\\/#\\\/schema\\\/person\\\/10d11eccf6da3662cf5fdab9806ea91a\"},\"headline\":\"\u201cBa\u015f h\u0259kim dedi, a\u011fl\u0131n olayd\u0131, o q\u0259d\u0259r pul t\u00f6km\u0259zdin\u201d\",\"datePublished\":\"2019-09-26T17:14:49+00:00\",\"mainEntityOfPage\":{\"@id\":\"https:\\\/\\\/www.meydan.tv\\\/az\\\/article\\\/bas-hekim-dedi-aglin-olaydi-o-qeder-pul-tokmezdin\\\/\"},\"wordCount\":1170,\"publisher\":{\"@id\":\"https:\\\/\\\/www.meydan.tv\\\/az\\\/#organization\"},\"image\":{\"@id\":\"https:\\\/\\\/www.meydan.tv\\\/az\\\/article\\\/bas-hekim-dedi-aglin-olaydi-o-qeder-pul-tokmezdin\\\/#primaryimage\"},\"thumbnailUrl\":\"https:\\\/\\\/www.meydan.tv\\\/wp-content\\\/uploads\\\/image_from_ios_82.jpg\",\"articleSection\":[\"B\u00f6lg\u0259\"],\"inLanguage\":\"az\"},{\"@type\":\"WebPage\",\"@id\":\"https:\\\/\\\/www.meydan.tv\\\/az\\\/article\\\/bas-hekim-dedi-aglin-olaydi-o-qeder-pul-tokmezdin\\\/\",\"url\":\"https:\\\/\\\/www.meydan.tv\\\/az\\\/article\\\/bas-hekim-dedi-aglin-olaydi-o-qeder-pul-tokmezdin\\\/\",\"name\":\"\u201cBa\u015f h\u0259kim dedi, a\u011fl\u0131n olayd\u0131, o q\u0259d\u0259r pul t\u00f6km\u0259zdin\u201d - MEYDAN.TV\",\"isPartOf\":{\"@id\":\"https:\\\/\\\/www.meydan.tv\\\/az\\\/#website\"},\"primaryImageOfPage\":{\"@id\":\"https:\\\/\\\/www.meydan.tv\\\/az\\\/article\\\/bas-hekim-dedi-aglin-olaydi-o-qeder-pul-tokmezdin\\\/#primaryimage\"},\"image\":{\"@id\":\"https:\\\/\\\/www.meydan.tv\\\/az\\\/article\\\/bas-hekim-dedi-aglin-olaydi-o-qeder-pul-tokmezdin\\\/#primaryimage\"},\"thumbnailUrl\":\"https:\\\/\\\/www.meydan.tv\\\/wp-content\\\/uploads\\\/image_from_ios_82.jpg\",\"datePublished\":\"2019-09-26T17:14:49+00:00\",\"breadcrumb\":{\"@id\":\"https:\\\/\\\/www.meydan.tv\\\/az\\\/article\\\/bas-hekim-dedi-aglin-olaydi-o-qeder-pul-tokmezdin\\\/#breadcrumb\"},\"inLanguage\":\"az\",\"potentialAction\":[{\"@type\":\"ReadAction\",\"target\":[\"https:\\\/\\\/www.meydan.tv\\\/az\\\/article\\\/bas-hekim-dedi-aglin-olaydi-o-qeder-pul-tokmezdin\\\/\"]}]},{\"@type\":\"ImageObject\",\"inLanguage\":\"az\",\"@id\":\"https:\\\/\\\/www.meydan.tv\\\/az\\\/article\\\/bas-hekim-dedi-aglin-olaydi-o-qeder-pul-tokmezdin\\\/#primaryimage\",\"url\":\"https:\\\/\\\/www.meydan.tv\\\/wp-content\\\/uploads\\\/image_from_ios_82.jpg\",\"contentUrl\":\"https:\\\/\\\/www.meydan.tv\\\/wp-content\\\/uploads\\\/image_from_ios_82.jpg\",\"width\":1280,\"height\":537,\"caption\":\"Source: Meydan TV\"},{\"@type\":\"BreadcrumbList\",\"@id\":\"https:\\\/\\\/www.meydan.tv\\\/az\\\/article\\\/bas-hekim-dedi-aglin-olaydi-o-qeder-pul-tokmezdin\\\/#breadcrumb\",\"itemListElement\":[{\"@type\":\"ListItem\",\"position\":1,\"name\":\"Ana s\u0259hif\u0259\",\"item\":\"https:\\\/\\\/www.meydan.tv\\\/az\\\/\"},{\"@type\":\"ListItem\",\"position\":2,\"name\":\"B\u00f6lg\u0259\",\"item\":\"https:\\\/\\\/www.meydan.tv\\\/az\\\/section\\\/bolge\\\/\"},{\"@type\":\"ListItem\",\"position\":3,\"name\":\"\u201cBa\u015f h\u0259kim dedi, a\u011fl\u0131n olayd\u0131, o q\u0259d\u0259r pul t\u00f6km\u0259zdin\u201d\"}]},{\"@type\":\"WebSite\",\"@id\":\"https:\\\/\\\/www.meydan.tv\\\/az\\\/#website\",\"url\":\"https:\\\/\\\/www.meydan.tv\\\/az\\\/\",\"name\":\"MEYDAN.TV\",\"description\":\"Meydan TV Az\u0259rbaycan\u0131n media m\u0259kan\u0131ndak\u0131 alternativ s\u0259sidir\",\"publisher\":{\"@id\":\"https:\\\/\\\/www.meydan.tv\\\/az\\\/#organization\"},\"potentialAction\":[{\"@type\":\"SearchAction\",\"target\":{\"@type\":\"EntryPoint\",\"urlTemplate\":\"https:\\\/\\\/www.meydan.tv\\\/az\\\/?s={search_term_string}\"},\"query-input\":{\"@type\":\"PropertyValueSpecification\",\"valueRequired\":true,\"valueName\":\"search_term_string\"}}],\"inLanguage\":\"az\"},{\"@type\":\"Organization\",\"@id\":\"https:\\\/\\\/www.meydan.tv\\\/az\\\/#organization\",\"name\":\"Meydan TV\",\"url\":\"https:\\\/\\\/www.meydan.tv\\\/az\\\/\",\"logo\":{\"@type\":\"ImageObject\",\"inLanguage\":\"az\",\"@id\":\"https:\\\/\\\/www.meydan.tv\\\/az\\\/#\\\/schema\\\/logo\\\/image\\\/\",\"url\":\"https:\\\/\\\/www.meydan.tv\\\/wp-content\\\/uploads\\\/2021\\\/07\\\/meydan-logo.svg\",\"contentUrl\":\"https:\\\/\\\/www.meydan.tv\\\/wp-content\\\/uploads\\\/2021\\\/07\\\/meydan-logo.svg\",\"width\":195,\"height\":46,\"caption\":\"Meydan TV\"},\"image\":{\"@id\":\"https:\\\/\\\/www.meydan.tv\\\/az\\\/#\\\/schema\\\/logo\\\/image\\\/\"}},{\"@type\":\"Person\",\"@id\":\"https:\\\/\\\/www.meydan.tv\\\/az\\\/#\\\/schema\\\/person\\\/10d11eccf6da3662cf5fdab9806ea91a\",\"name\":\"user-manager\"}]}<\/script>\n<!-- \/ Yoast SEO plugin. -->","yoast_head_json":{"title":"\u201cBa\u015f h\u0259kim dedi, a\u011fl\u0131n olayd\u0131, o q\u0259d\u0259r pul t\u00f6km\u0259zdin\u201d - MEYDAN.TV","robots":{"index":"index","follow":"follow","max-snippet":"max-snippet:-1","max-image-preview":"max-image-preview:large","max-video-preview":"max-video-preview:-1"},"canonical":"https:\/\/www.meydan.tv\/az\/article\/bas-hekim-dedi-aglin-olaydi-o-qeder-pul-tokmezdin\/","og_locale":"az_AZ","og_type":"article","og_title":"\u201cBa\u015f h\u0259kim dedi, a\u011fl\u0131n olayd\u0131, o q\u0259d\u0259r pul t\u00f6km\u0259zdin\u201d - MEYDAN.TV","og_description":"Sabirabad sakini \u201cOMD\u201d-nin h\u0259kiml\u0259rind\u0259n pullar\u0131n\u0131 geri t\u0259l\u0259b edir","og_url":"https:\/\/www.meydan.tv\/az\/article\/bas-hekim-dedi-aglin-olaydi-o-qeder-pul-tokmezdin\/","og_site_name":"MEYDAN.TV","article_published_time":"2019-09-26T17:14:49+00:00","og_image":[{"width":1280,"height":537,"url":"https:\/\/www.meydan.tv\/wp-content\/uploads\/image_from_ios_82.jpg","type":"image\/jpeg"}],"author":"user-manager","twitter_card":"summary_large_image","schema":{"@context":"https:\/\/schema.org","@graph":[{"@type":"Article","@id":"https:\/\/www.meydan.tv\/az\/article\/bas-hekim-dedi-aglin-olaydi-o-qeder-pul-tokmezdin\/#article","isPartOf":{"@id":"https:\/\/www.meydan.tv\/az\/article\/bas-hekim-dedi-aglin-olaydi-o-qeder-pul-tokmezdin\/"},"author":{"name":"user-manager","@id":"https:\/\/www.meydan.tv\/az\/#\/schema\/person\/10d11eccf6da3662cf5fdab9806ea91a"},"headline":"\u201cBa\u015f h\u0259kim dedi, a\u011fl\u0131n olayd\u0131, o q\u0259d\u0259r pul t\u00f6km\u0259zdin\u201d","datePublished":"2019-09-26T17:14:49+00:00","mainEntityOfPage":{"@id":"https:\/\/www.meydan.tv\/az\/article\/bas-hekim-dedi-aglin-olaydi-o-qeder-pul-tokmezdin\/"},"wordCount":1170,"publisher":{"@id":"https:\/\/www.meydan.tv\/az\/#organization"},"image":{"@id":"https:\/\/www.meydan.tv\/az\/article\/bas-hekim-dedi-aglin-olaydi-o-qeder-pul-tokmezdin\/#primaryimage"},"thumbnailUrl":"https:\/\/www.meydan.tv\/wp-content\/uploads\/image_from_ios_82.jpg","articleSection":["B\u00f6lg\u0259"],"inLanguage":"az"},{"@type":"WebPage","@id":"https:\/\/www.meydan.tv\/az\/article\/bas-hekim-dedi-aglin-olaydi-o-qeder-pul-tokmezdin\/","url":"https:\/\/www.meydan.tv\/az\/article\/bas-hekim-dedi-aglin-olaydi-o-qeder-pul-tokmezdin\/","name":"\u201cBa\u015f h\u0259kim dedi, a\u011fl\u0131n olayd\u0131, o q\u0259d\u0259r pul t\u00f6km\u0259zdin\u201d - MEYDAN.TV","isPartOf":{"@id":"https:\/\/www.meydan.tv\/az\/#website"},"primaryImageOfPage":{"@id":"https:\/\/www.meydan.tv\/az\/article\/bas-hekim-dedi-aglin-olaydi-o-qeder-pul-tokmezdin\/#primaryimage"},"image":{"@id":"https:\/\/www.meydan.tv\/az\/article\/bas-hekim-dedi-aglin-olaydi-o-qeder-pul-tokmezdin\/#primaryimage"},"thumbnailUrl":"https:\/\/www.meydan.tv\/wp-content\/uploads\/image_from_ios_82.jpg","datePublished":"2019-09-26T17:14:49+00:00","breadcrumb":{"@id":"https:\/\/www.meydan.tv\/az\/article\/bas-hekim-dedi-aglin-olaydi-o-qeder-pul-tokmezdin\/#breadcrumb"},"inLanguage":"az","potentialAction":[{"@type":"ReadAction","target":["https:\/\/www.meydan.tv\/az\/article\/bas-hekim-dedi-aglin-olaydi-o-qeder-pul-tokmezdin\/"]}]},{"@type":"ImageObject","inLanguage":"az","@id":"https:\/\/www.meydan.tv\/az\/article\/bas-hekim-dedi-aglin-olaydi-o-qeder-pul-tokmezdin\/#primaryimage","url":"https:\/\/www.meydan.tv\/wp-content\/uploads\/image_from_ios_82.jpg","contentUrl":"https:\/\/www.meydan.tv\/wp-content\/uploads\/image_from_ios_82.jpg","width":1280,"height":537,"caption":"Source: Meydan TV"},{"@type":"BreadcrumbList","@id":"https:\/\/www.meydan.tv\/az\/article\/bas-hekim-dedi-aglin-olaydi-o-qeder-pul-tokmezdin\/#breadcrumb","itemListElement":[{"@type":"ListItem","position":1,"name":"Ana s\u0259hif\u0259","item":"https:\/\/www.meydan.tv\/az\/"},{"@type":"ListItem","position":2,"name":"B\u00f6lg\u0259","item":"https:\/\/www.meydan.tv\/az\/section\/bolge\/"},{"@type":"ListItem","position":3,"name":"\u201cBa\u015f h\u0259kim dedi, a\u011fl\u0131n olayd\u0131, o q\u0259d\u0259r pul t\u00f6km\u0259zdin\u201d"}]},{"@type":"WebSite","@id":"https:\/\/www.meydan.tv\/az\/#website","url":"https:\/\/www.meydan.tv\/az\/","name":"MEYDAN.TV","description":"Meydan TV Az\u0259rbaycan\u0131n media m\u0259kan\u0131ndak\u0131 alternativ s\u0259sidir","publisher":{"@id":"https:\/\/www.meydan.tv\/az\/#organization"},"potentialAction":[{"@type":"SearchAction","target":{"@type":"EntryPoint","urlTemplate":"https:\/\/www.meydan.tv\/az\/?s={search_term_string}"},"query-input":{"@type":"PropertyValueSpecification","valueRequired":true,"valueName":"search_term_string"}}],"inLanguage":"az"},{"@type":"Organization","@id":"https:\/\/www.meydan.tv\/az\/#organization","name":"Meydan TV","url":"https:\/\/www.meydan.tv\/az\/","logo":{"@type":"ImageObject","inLanguage":"az","@id":"https:\/\/www.meydan.tv\/az\/#\/schema\/logo\/image\/","url":"https:\/\/www.meydan.tv\/wp-content\/uploads\/2021\/07\/meydan-logo.svg","contentUrl":"https:\/\/www.meydan.tv\/wp-content\/uploads\/2021\/07\/meydan-logo.svg","width":195,"height":46,"caption":"Meydan TV"},"image":{"@id":"https:\/\/www.meydan.tv\/az\/#\/schema\/logo\/image\/"}},{"@type":"Person","@id":"https:\/\/www.meydan.tv\/az\/#\/schema\/person\/10d11eccf6da3662cf5fdab9806ea91a","name":"user-manager"}]}},"_links":{"self":[{"href":"https:\/\/www.meydan.tv\/az\/wp-json\/wp\/v2\/posts\/197161","targetHints":{"allow":["GET"]}}],"collection":[{"href":"https:\/\/www.meydan.tv\/az\/wp-json\/wp\/v2\/posts"}],"about":[{"href":"https:\/\/www.meydan.tv\/az\/wp-json\/wp\/v2\/types\/post"}],"author":[{"embeddable":true,"href":"https:\/\/www.meydan.tv\/az\/wp-json\/wp\/v2\/users\/11"}],"replies":[{"embeddable":true,"href":"https:\/\/www.meydan.tv\/az\/wp-json\/wp\/v2\/comments?post=197161"}],"version-history":[{"count":0,"href":"https:\/\/www.meydan.tv\/az\/wp-json\/wp\/v2\/posts\/197161\/revisions"}],"wp:featuredmedia":[{"embeddable":true,"href":"https:\/\/www.meydan.tv\/az\/wp-json\/wp\/v2\/media\/130297"}],"wp:attachment":[{"href":"https:\/\/www.meydan.tv\/az\/wp-json\/wp\/v2\/media?parent=197161"}],"wp:term":[{"taxonomy":"category","embeddable":true,"href":"https:\/\/www.meydan.tv\/az\/wp-json\/wp\/v2\/categories?post=197161"},{"taxonomy":"post_tag","embeddable":true,"href":"https:\/\/www.meydan.tv\/az\/wp-json\/wp\/v2\/tags?post=197161"}],"curies":[{"name":"wp","href":"https:\/\/api.w.org\/{rel}","templated":true}]}}