{"id":197159,"date":"2019-09-26T17:04:25","date_gmt":"2019-09-26T17:04:25","guid":{"rendered":"https:\/\/www.meydan.tv\/article\/seudiyye-sehzadesi-qasiqcinin-qetli-menim-nezaretimde-olub\/"},"modified":"2019-09-26T17:04:25","modified_gmt":"2019-09-26T17:04:25","slug":"seudiyye-sehzadesi-qasiqcinin-qetli-menim-nezaretimde-olub","status":"publish","type":"post","link":"https:\/\/www.meydan.tv\/az\/article\/seudiyye-sehzadesi-qasiqcinin-qetli-menim-nezaretimde-olub\/","title":{"rendered":"S\u0259udiyy\u0259 \u015f\u0259hzad\u0259si: Qa\u015f\u0131q\u00e7\u0131n\u0131n q\u0259tli m\u0259nim n\u0259zar\u0259timd\u0259 olub"},"content":{"rendered":"<p>\n  S\u0259udiyy\u0259 \u018fr\u0259bistan\u0131n\u0131n \u015fahzad\u0259si ke\u00e7\u0259n il \u00f6ld\u00fcr\u00fclm\u00fc\u015f jurnalist Camal Qa\u015f\u0131q\u00e7\u0131n\u0131n \u00f6l\u00fcm\u00fcnd\u0259 m\u0259suliyy\u0259t da\u015f\u0131d\u0131\u011f\u0131n\u0131 s\u00f6yl\u0259yib.\n<\/p>\n<p>\n  \u201c\u00c7\u00fcnk\u00fc hadis\u0259 m\u0259nim n\u0259zar\u0259timd\u0259 ba\u015f verib,\u201d g\u0259l\u0259n h\u0259ft\u0259 yay\u0131mlanacaq PBS s\u0259n\u0259dli filmind\u0259 qeyd edilir, \u201cReuters\u201d x\u0259b\u0259r verir.\n<\/p>\n<p>\n  \u201cAl Jazeera\u201d deyir ki, krall\u0131\u011f\u0131n de-fakto r\u0259hb\u0259ri olan M\u0259h\u0259mm\u0259d bin Salman (MBS), S\u0259udiyy\u0259 \u018fr\u0259bistan\u0131n\u0131n \u0130stanbuldak\u0131 konsullu\u011funun i\u00e7ind\u0259 ba\u015f vermi\u015f q\u0259tl bar\u0259d\u0259 ictimaiyy\u0259t\u0259 a\u00e7\u0131qlama verm\u0259yib. CIA v\u0259 b\u0259zi Q\u0259rb h\u00f6kum\u0259tl\u0259ri onun Qa\u015f\u0131q\u00e7\u0131n\u0131n q\u0259tlini sifari\u015f etdiyini deyibl\u0259r, lakin S\u0259udiyy\u0259 r\u0259smil\u0259ri indiy\u0259 q\u0259d\u0259r qeyd edibl\u0259r ki, hadis\u0259d\u0259 \u015f\u0259hzad\u0259nin he\u00e7 bir rolu olmay\u0131b.\n<\/p>\n<p>\n  \u00d6l\u00fcm beyn\u0259lxalq ictimaiyy\u0259ti aya\u011fa qald\u0131raraq \u015fahzad\u0259nin ad-san\u0131na kifay\u0259t q\u0259d\u0259r x\u0259l\u0259l g\u0259tirib. Q\u0259tl hadis\u0259si h\u0259m\u00e7inin d\u00fcnyan\u0131n \u0259n b\u00f6y\u00fck neft ixracat\u00e7\u0131s\u0131n\u0131n iqtisadiyyat\u0131n\u0131 \u015fax\u0259l\u0259ndirm\u0259k planlar\u0131na z\u0259rb\u0259 endirib. O vaxtdan b\u0259ri \u015f\u0259hzad\u0259 AB\u015e v\u0259 ya Avropaya s\u0259f\u0259r etm\u0259yib.\n<\/p>\n<p>\n  \u201cHadis\u0259 m\u0259nim n\u0259zar\u0259timd\u0259 ba\u015f verib. B\u00fct\u00fcn m\u0259suliyy\u0259ti \u00f6z \u00fcz\u0259rim\u0259 g\u00f6t\u00fcr\u00fcr\u0259m, \u00e7\u00fcnk\u00fc bu, m\u0259nim n\u0259zar\u0259tim alt\u0131nda olub,\u201d o, PBS \u2013in m\u00fcxbiri Martin Smit\u0259 verdiyi a\u00e7\u0131qlamada qeyd edib. S\u0259n\u0259dli filmin 1 oktyabrda Qa\u015f\u0131q\u00e7\u0131n\u0131n q\u0259tlinin ild\u00f6n\u00fcm\u00fcnd\u0259n az \u00f6nc\u0259 efir\u0259 \u00e7\u0131xaca\u011f\u0131 bildirilir.\n<\/p>\n<p>\n  \u0130lkin imtinalardan sonra r\u0259smi S\u0259udiyy\u0259 cinay\u0259td\u0259 \u0259m\u0259liyyat\u00e7\u0131lar\u0131 g\u00fcnahland\u0131r\u0131b. Prokurorluq deyib ki, o vaxtk\u0131 k\u0259\u015ffiyyat r\u0259isi h\u00f6kum\u0259tin a\u00e7\u0131q-a\u015fkar t\u0259nqid\u00e7i olan Qa\u015f\u0131q\u00e7\u0131n\u0131n geri qaytar\u0131lmas\u0131n\u0131 \u0259mr edib, ancaq apar\u0131c\u0131 m\u00fczakir\u0259\u00e7i jurnalistin geri qay\u0131tmas\u0131 plan\u0131 u\u011fursuzlu\u011fa u\u011frad\u0131qdan sonra onun \u00f6ld\u00fcr\u00fclm\u0259sini \u0259mr edib.\n<\/p>\n<p>\n  \u201cReuters\u201d x\u0259b\u0259r verir ki, ke\u00e7mi\u015f y\u00fcks\u0259k kral m\u00fc\u015faviri, Saud \u0259l-Qahtani \u201cSkype\u201d \u00fcz\u0259rind\u0259n q\u0259tli t\u00f6r\u0259d\u0259nl\u0259ri t\u0259limatland\u0131r\u0131b.\n<\/p>\n<p>\n  Q\u0259tlin onun x\u0259b\u0259ri olmadan nec\u0259 ba\u015f verdiyini soru\u015fan jurnalist\u0259 Smit \u015fahzad\u0259 M\u0259h\u0259mm\u0259din s\u00f6zl\u0259rini sitat g\u0259tirib: \u201cBizim 20 milyon insan\u0131m\u0131z var v\u0259 bizim \u00fc\u00e7 milyon h\u00f6kum\u0259t i\u015f\u00e7imiz var\u201d.\n<\/p>\n<p>\n  Smit eyni zamanda qatill\u0259rin h\u00f6kum\u0259tin \u015f\u0259xsi t\u0259yyar\u0259l\u0259rinin hans\u0131 s\u0259lahiyy\u0259tl\u0259 istifad\u0259 etdiyini soru\u015fduqda bu cavab\u0131 al\u0131b, \u201cM\u0259nim r\u0259smil\u0259rim var, nazirl\u0259r h\u0259r bir i\u015f\u0259 n\u0259zar\u0259t edir v\u0259 onlar h\u0259r bir i\u015fd\u0259 m\u0259suliyy\u0259t da\u015f\u0131y\u0131rlar. Onlar\u0131n bunu etm\u0259k s\u0259lahiyy\u0259tl\u0259ri var\u201d.\n<\/p>\n<p>\n  \u201cWashington Post\u201dun yazar\u0131 Qa\u015f\u0131q\u00e7\u0131n\u0131n ke\u00e7\u0259n il oktyabr ay\u0131n\u0131n 2-d\u0259 S\u0259udiyy\u0259 \u018fr\u0259bistan\u0131n\u0131n \u0130stanbuldak\u0131 konsullu\u011funa evliliyi \u00fc\u00e7\u00fcn laz\u0131m olan s\u0259n\u0259dl\u0259ri \u0259ld\u0259 etm\u0259k \u00fc\u00e7\u00fcn getdiyi bildirilir. Bu zaman onun konsulluq binas\u0131nda do\u011franaraq \u00f6ld\u00fcr\u00fcld\u00fcy\u00fc qeyd edilir. \u0130ndiy\u0259d\u0259k jurnalistin q\u0259tlind\u0259 S\u0259udiyy\u0259 krall\u0131\u011f\u0131n\u0131n \u0259li oldu\u011fu r\u0259smi olaraq inkar edilib. Qa\u015f\u0131q\u00e7\u0131n\u0131n n\u0259\u015fin\u0131n harada oldu\u011fu bilinmir.\n<\/p>\n<p>\n  AB\u015e administrasiyas\u0131n\u0131n y\u00fcks\u0259k v\u0259zif\u0259li r\u0259smisi iyunda \u201cReuters\u201d-\u0259 bildirib ki, Tramp administrasiyas\u0131 Riyaddan q\u0259tlin arxas\u0131nda duranlar\u0131n a\u00e7\u0131qlanmas\u0131nda tezlikl\u0259 \u201cn\u0259z\u0259r\u0259\u00e7arpan ir\u0259lil\u0259yi\u015f\u201d t\u0259l\u0259b edib.\n<\/p>\n<p>\n  Ke\u00e7irilmi\u015f gizli m\u0259hk\u0259m\u0259 prosesind\u0259 11 S\u0259udiyy\u0259 \u015f\u00fcbh\u0259lisi m\u00fchakim\u0259 olunub, ancaq indiy\u0259d\u0259k sad\u0259c\u0259 bir ne\u00e7\u0259 m\u0259hk\u0259m\u0259 dinl\u0259m\u0259si ke\u00e7irilib. Bundan \u0259lav\u0259, BMT hesabat\u0131nda \u015fahzad\u0259 M\u0259h\u0259mm\u0259d v\u0259 dig\u0259r y\u00fcks\u0259k s\u0259viyy\u0259li S\u0259udiyy\u0259 r\u0259smil\u0259rinin istintaqa \u00e7a\u011fr\u0131lmas\u0131n\u0131 ist\u0259yib.\n<\/p>\n<p>\n  Q\u0259t\u0259r Universitetinin K\u00f6rf\u0259z Elml\u0259ri M\u0259rk\u0259zinin direktoru Mahjoob Zveiri (Zweiri) deyir ki, \u015f\u0259hzad\u0259 M\u0259h\u0259mm\u0259d v\u0259 onun administrasiyas\u0131 Qa\u015f\u0131\u00e7\u0131n\u0131n \u00f6l\u00fcm\u00fcnd\u0259 minimum m\u0259suliyy\u0259t da\u015f\u0131y\u0131r. \u201cM\u0259n bunu cinay\u0259t m\u0259suliyy\u0259tind\u0259n \u00e7ox m\u0259n\u0259vi m\u0259suliyy\u0259t adland\u0131r\u0131ram,\u201d- Zveiri \u201cAl Jazeera\u201d-\u0259 deyib.<\/p>\n","protected":false},"excerpt":{"rendered":"<p>\u201cB\u00fct\u00fcn m\u0259suliyy\u0259ti \u00f6z \u00fcz\u0259rim\u0259 g\u00f6t\u00fcr\u00fcr\u0259m\u201d<\/p>\n","protected":false},"author":11,"featured_media":111611,"comment_status":"closed","ping_status":"open","sticky":false,"template":"","format":"standard","meta":{"_acf_changed":false,"_sitemap_exclude":false,"_sitemap_priority":"","_sitemap_frequency":"","footnotes":""},"categories":[64],"tags":[],"class_list":["post-197159","post","type-post","status-publish","format-standard","has-post-thumbnail","hentry","category-dunya","infinite-scroll-item","generate-columns","tablet-grid-50","mobile-grid-100","grid-parent","grid-33","no-featured-image-padding"],"acf":[],"yoast_head":"<!-- This site is optimized with the Yoast SEO plugin v27.5 - https:\/\/yoast.com\/product\/yoast-seo-wordpress\/ -->\n<title>S\u0259udiyy\u0259 \u015f\u0259hzad\u0259si: Qa\u015f\u0131q\u00e7\u0131n\u0131n q\u0259tli m\u0259nim n\u0259zar\u0259timd\u0259 olub - MEYDAN.TV<\/title>\n<meta name=\"robots\" content=\"index, follow, max-snippet:-1, max-image-preview:large, max-video-preview:-1\" \/>\n<link rel=\"canonical\" href=\"https:\/\/www.meydan.tv\/az\/article\/seudiyye-sehzadesi-qasiqcinin-qetli-menim-nezaretimde-olub\/\" \/>\n<meta property=\"og:locale\" content=\"az_AZ\" \/>\n<meta property=\"og:type\" content=\"article\" \/>\n<meta property=\"og:title\" content=\"S\u0259udiyy\u0259 \u015f\u0259hzad\u0259si: Qa\u015f\u0131q\u00e7\u0131n\u0131n q\u0259tli m\u0259nim n\u0259zar\u0259timd\u0259 olub - MEYDAN.TV\" \/>\n<meta property=\"og:description\" content=\"\u201cB\u00fct\u00fcn m\u0259suliyy\u0259ti \u00f6z \u00fcz\u0259rim\u0259 g\u00f6t\u00fcr\u00fcr\u0259m\u201d\" \/>\n<meta property=\"og:url\" content=\"https:\/\/www.meydan.tv\/az\/article\/seudiyye-sehzadesi-qasiqcinin-qetli-menim-nezaretimde-olub\/\" \/>\n<meta property=\"og:site_name\" content=\"MEYDAN.TV\" \/>\n<meta property=\"article:published_time\" content=\"2019-09-26T17:04:25+00:00\" \/>\n<meta property=\"og:image\" content=\"https:\/\/www.meydan.tv\/wp-content\/uploads\/44406.jpg\" \/>\n\t<meta property=\"og:image:width\" content=\"1010\" \/>\n\t<meta property=\"og:image:height\" content=\"644\" \/>\n\t<meta property=\"og:image:type\" content=\"image\/jpeg\" \/>\n<meta name=\"author\" content=\"user-manager\" \/>\n<meta name=\"twitter:card\" content=\"summary_large_image\" \/>\n<script type=\"application\/ld+json\" class=\"yoast-schema-graph\">{\"@context\":\"https:\\\/\\\/schema.org\",\"@graph\":[{\"@type\":\"Article\",\"@id\":\"https:\\\/\\\/www.meydan.tv\\\/az\\\/article\\\/seudiyye-sehzadesi-qasiqcinin-qetli-menim-nezaretimde-olub\\\/#article\",\"isPartOf\":{\"@id\":\"https:\\\/\\\/www.meydan.tv\\\/az\\\/article\\\/seudiyye-sehzadesi-qasiqcinin-qetli-menim-nezaretimde-olub\\\/\"},\"author\":{\"name\":\"user-manager\",\"@id\":\"https:\\\/\\\/www.meydan.tv\\\/az\\\/#\\\/schema\\\/person\\\/10d11eccf6da3662cf5fdab9806ea91a\"},\"headline\":\"S\u0259udiyy\u0259 \u015f\u0259hzad\u0259si: Qa\u015f\u0131q\u00e7\u0131n\u0131n q\u0259tli m\u0259nim n\u0259zar\u0259timd\u0259 olub\",\"datePublished\":\"2019-09-26T17:04:25+00:00\",\"mainEntityOfPage\":{\"@id\":\"https:\\\/\\\/www.meydan.tv\\\/az\\\/article\\\/seudiyye-sehzadesi-qasiqcinin-qetli-menim-nezaretimde-olub\\\/\"},\"wordCount\":749,\"publisher\":{\"@id\":\"https:\\\/\\\/www.meydan.tv\\\/az\\\/#organization\"},\"image\":{\"@id\":\"https:\\\/\\\/www.meydan.tv\\\/az\\\/article\\\/seudiyye-sehzadesi-qasiqcinin-qetli-menim-nezaretimde-olub\\\/#primaryimage\"},\"thumbnailUrl\":\"https:\\\/\\\/www.meydan.tv\\\/wp-content\\\/uploads\\\/44406.jpg\",\"articleSection\":[\"D\u00fcnya\"],\"inLanguage\":\"az\"},{\"@type\":\"WebPage\",\"@id\":\"https:\\\/\\\/www.meydan.tv\\\/az\\\/article\\\/seudiyye-sehzadesi-qasiqcinin-qetli-menim-nezaretimde-olub\\\/\",\"url\":\"https:\\\/\\\/www.meydan.tv\\\/az\\\/article\\\/seudiyye-sehzadesi-qasiqcinin-qetli-menim-nezaretimde-olub\\\/\",\"name\":\"S\u0259udiyy\u0259 \u015f\u0259hzad\u0259si: Qa\u015f\u0131q\u00e7\u0131n\u0131n q\u0259tli m\u0259nim n\u0259zar\u0259timd\u0259 olub - MEYDAN.TV\",\"isPartOf\":{\"@id\":\"https:\\\/\\\/www.meydan.tv\\\/az\\\/#website\"},\"primaryImageOfPage\":{\"@id\":\"https:\\\/\\\/www.meydan.tv\\\/az\\\/article\\\/seudiyye-sehzadesi-qasiqcinin-qetli-menim-nezaretimde-olub\\\/#primaryimage\"},\"image\":{\"@id\":\"https:\\\/\\\/www.meydan.tv\\\/az\\\/article\\\/seudiyye-sehzadesi-qasiqcinin-qetli-menim-nezaretimde-olub\\\/#primaryimage\"},\"thumbnailUrl\":\"https:\\\/\\\/www.meydan.tv\\\/wp-content\\\/uploads\\\/44406.jpg\",\"datePublished\":\"2019-09-26T17:04:25+00:00\",\"breadcrumb\":{\"@id\":\"https:\\\/\\\/www.meydan.tv\\\/az\\\/article\\\/seudiyye-sehzadesi-qasiqcinin-qetli-menim-nezaretimde-olub\\\/#breadcrumb\"},\"inLanguage\":\"az\",\"potentialAction\":[{\"@type\":\"ReadAction\",\"target\":[\"https:\\\/\\\/www.meydan.tv\\\/az\\\/article\\\/seudiyye-sehzadesi-qasiqcinin-qetli-menim-nezaretimde-olub\\\/\"]}]},{\"@type\":\"ImageObject\",\"inLanguage\":\"az\",\"@id\":\"https:\\\/\\\/www.meydan.tv\\\/az\\\/article\\\/seudiyye-sehzadesi-qasiqcinin-qetli-menim-nezaretimde-olub\\\/#primaryimage\",\"url\":\"https:\\\/\\\/www.meydan.tv\\\/wp-content\\\/uploads\\\/44406.jpg\",\"contentUrl\":\"https:\\\/\\\/www.meydan.tv\\\/wp-content\\\/uploads\\\/44406.jpg\",\"width\":1010,\"height\":644,\"caption\":\"Source:\"},{\"@type\":\"BreadcrumbList\",\"@id\":\"https:\\\/\\\/www.meydan.tv\\\/az\\\/article\\\/seudiyye-sehzadesi-qasiqcinin-qetli-menim-nezaretimde-olub\\\/#breadcrumb\",\"itemListElement\":[{\"@type\":\"ListItem\",\"position\":1,\"name\":\"Ana s\u0259hif\u0259\",\"item\":\"https:\\\/\\\/www.meydan.tv\\\/az\\\/\"},{\"@type\":\"ListItem\",\"position\":2,\"name\":\"D\u00fcnya\",\"item\":\"https:\\\/\\\/www.meydan.tv\\\/az\\\/section\\\/dunya\\\/\"},{\"@type\":\"ListItem\",\"position\":3,\"name\":\"S\u0259udiyy\u0259 \u015f\u0259hzad\u0259si: Qa\u015f\u0131q\u00e7\u0131n\u0131n q\u0259tli m\u0259nim n\u0259zar\u0259timd\u0259 olub\"}]},{\"@type\":\"WebSite\",\"@id\":\"https:\\\/\\\/www.meydan.tv\\\/az\\\/#website\",\"url\":\"https:\\\/\\\/www.meydan.tv\\\/az\\\/\",\"name\":\"MEYDAN.TV\",\"description\":\"Meydan TV Az\u0259rbaycan\u0131n media m\u0259kan\u0131ndak\u0131 alternativ s\u0259sidir\",\"publisher\":{\"@id\":\"https:\\\/\\\/www.meydan.tv\\\/az\\\/#organization\"},\"potentialAction\":[{\"@type\":\"SearchAction\",\"target\":{\"@type\":\"EntryPoint\",\"urlTemplate\":\"https:\\\/\\\/www.meydan.tv\\\/az\\\/?s={search_term_string}\"},\"query-input\":{\"@type\":\"PropertyValueSpecification\",\"valueRequired\":true,\"valueName\":\"search_term_string\"}}],\"inLanguage\":\"az\"},{\"@type\":\"Organization\",\"@id\":\"https:\\\/\\\/www.meydan.tv\\\/az\\\/#organization\",\"name\":\"Meydan TV\",\"url\":\"https:\\\/\\\/www.meydan.tv\\\/az\\\/\",\"logo\":{\"@type\":\"ImageObject\",\"inLanguage\":\"az\",\"@id\":\"https:\\\/\\\/www.meydan.tv\\\/az\\\/#\\\/schema\\\/logo\\\/image\\\/\",\"url\":\"https:\\\/\\\/www.meydan.tv\\\/wp-content\\\/uploads\\\/2021\\\/07\\\/meydan-logo.svg\",\"contentUrl\":\"https:\\\/\\\/www.meydan.tv\\\/wp-content\\\/uploads\\\/2021\\\/07\\\/meydan-logo.svg\",\"width\":195,\"height\":46,\"caption\":\"Meydan TV\"},\"image\":{\"@id\":\"https:\\\/\\\/www.meydan.tv\\\/az\\\/#\\\/schema\\\/logo\\\/image\\\/\"}},{\"@type\":\"Person\",\"@id\":\"https:\\\/\\\/www.meydan.tv\\\/az\\\/#\\\/schema\\\/person\\\/10d11eccf6da3662cf5fdab9806ea91a\",\"name\":\"user-manager\"}]}<\/script>\n<!-- \/ Yoast SEO plugin. -->","yoast_head_json":{"title":"S\u0259udiyy\u0259 \u015f\u0259hzad\u0259si: Qa\u015f\u0131q\u00e7\u0131n\u0131n q\u0259tli m\u0259nim n\u0259zar\u0259timd\u0259 olub - MEYDAN.TV","robots":{"index":"index","follow":"follow","max-snippet":"max-snippet:-1","max-image-preview":"max-image-preview:large","max-video-preview":"max-video-preview:-1"},"canonical":"https:\/\/www.meydan.tv\/az\/article\/seudiyye-sehzadesi-qasiqcinin-qetli-menim-nezaretimde-olub\/","og_locale":"az_AZ","og_type":"article","og_title":"S\u0259udiyy\u0259 \u015f\u0259hzad\u0259si: Qa\u015f\u0131q\u00e7\u0131n\u0131n q\u0259tli m\u0259nim n\u0259zar\u0259timd\u0259 olub - MEYDAN.TV","og_description":"\u201cB\u00fct\u00fcn m\u0259suliyy\u0259ti \u00f6z \u00fcz\u0259rim\u0259 g\u00f6t\u00fcr\u00fcr\u0259m\u201d","og_url":"https:\/\/www.meydan.tv\/az\/article\/seudiyye-sehzadesi-qasiqcinin-qetli-menim-nezaretimde-olub\/","og_site_name":"MEYDAN.TV","article_published_time":"2019-09-26T17:04:25+00:00","og_image":[{"width":1010,"height":644,"url":"https:\/\/www.meydan.tv\/wp-content\/uploads\/44406.jpg","type":"image\/jpeg"}],"author":"user-manager","twitter_card":"summary_large_image","schema":{"@context":"https:\/\/schema.org","@graph":[{"@type":"Article","@id":"https:\/\/www.meydan.tv\/az\/article\/seudiyye-sehzadesi-qasiqcinin-qetli-menim-nezaretimde-olub\/#article","isPartOf":{"@id":"https:\/\/www.meydan.tv\/az\/article\/seudiyye-sehzadesi-qasiqcinin-qetli-menim-nezaretimde-olub\/"},"author":{"name":"user-manager","@id":"https:\/\/www.meydan.tv\/az\/#\/schema\/person\/10d11eccf6da3662cf5fdab9806ea91a"},"headline":"S\u0259udiyy\u0259 \u015f\u0259hzad\u0259si: Qa\u015f\u0131q\u00e7\u0131n\u0131n q\u0259tli m\u0259nim n\u0259zar\u0259timd\u0259 olub","datePublished":"2019-09-26T17:04:25+00:00","mainEntityOfPage":{"@id":"https:\/\/www.meydan.tv\/az\/article\/seudiyye-sehzadesi-qasiqcinin-qetli-menim-nezaretimde-olub\/"},"wordCount":749,"publisher":{"@id":"https:\/\/www.meydan.tv\/az\/#organization"},"image":{"@id":"https:\/\/www.meydan.tv\/az\/article\/seudiyye-sehzadesi-qasiqcinin-qetli-menim-nezaretimde-olub\/#primaryimage"},"thumbnailUrl":"https:\/\/www.meydan.tv\/wp-content\/uploads\/44406.jpg","articleSection":["D\u00fcnya"],"inLanguage":"az"},{"@type":"WebPage","@id":"https:\/\/www.meydan.tv\/az\/article\/seudiyye-sehzadesi-qasiqcinin-qetli-menim-nezaretimde-olub\/","url":"https:\/\/www.meydan.tv\/az\/article\/seudiyye-sehzadesi-qasiqcinin-qetli-menim-nezaretimde-olub\/","name":"S\u0259udiyy\u0259 \u015f\u0259hzad\u0259si: Qa\u015f\u0131q\u00e7\u0131n\u0131n q\u0259tli m\u0259nim n\u0259zar\u0259timd\u0259 olub - MEYDAN.TV","isPartOf":{"@id":"https:\/\/www.meydan.tv\/az\/#website"},"primaryImageOfPage":{"@id":"https:\/\/www.meydan.tv\/az\/article\/seudiyye-sehzadesi-qasiqcinin-qetli-menim-nezaretimde-olub\/#primaryimage"},"image":{"@id":"https:\/\/www.meydan.tv\/az\/article\/seudiyye-sehzadesi-qasiqcinin-qetli-menim-nezaretimde-olub\/#primaryimage"},"thumbnailUrl":"https:\/\/www.meydan.tv\/wp-content\/uploads\/44406.jpg","datePublished":"2019-09-26T17:04:25+00:00","breadcrumb":{"@id":"https:\/\/www.meydan.tv\/az\/article\/seudiyye-sehzadesi-qasiqcinin-qetli-menim-nezaretimde-olub\/#breadcrumb"},"inLanguage":"az","potentialAction":[{"@type":"ReadAction","target":["https:\/\/www.meydan.tv\/az\/article\/seudiyye-sehzadesi-qasiqcinin-qetli-menim-nezaretimde-olub\/"]}]},{"@type":"ImageObject","inLanguage":"az","@id":"https:\/\/www.meydan.tv\/az\/article\/seudiyye-sehzadesi-qasiqcinin-qetli-menim-nezaretimde-olub\/#primaryimage","url":"https:\/\/www.meydan.tv\/wp-content\/uploads\/44406.jpg","contentUrl":"https:\/\/www.meydan.tv\/wp-content\/uploads\/44406.jpg","width":1010,"height":644,"caption":"Source:"},{"@type":"BreadcrumbList","@id":"https:\/\/www.meydan.tv\/az\/article\/seudiyye-sehzadesi-qasiqcinin-qetli-menim-nezaretimde-olub\/#breadcrumb","itemListElement":[{"@type":"ListItem","position":1,"name":"Ana s\u0259hif\u0259","item":"https:\/\/www.meydan.tv\/az\/"},{"@type":"ListItem","position":2,"name":"D\u00fcnya","item":"https:\/\/www.meydan.tv\/az\/section\/dunya\/"},{"@type":"ListItem","position":3,"name":"S\u0259udiyy\u0259 \u015f\u0259hzad\u0259si: Qa\u015f\u0131q\u00e7\u0131n\u0131n q\u0259tli m\u0259nim n\u0259zar\u0259timd\u0259 olub"}]},{"@type":"WebSite","@id":"https:\/\/www.meydan.tv\/az\/#website","url":"https:\/\/www.meydan.tv\/az\/","name":"MEYDAN.TV","description":"Meydan TV Az\u0259rbaycan\u0131n media m\u0259kan\u0131ndak\u0131 alternativ s\u0259sidir","publisher":{"@id":"https:\/\/www.meydan.tv\/az\/#organization"},"potentialAction":[{"@type":"SearchAction","target":{"@type":"EntryPoint","urlTemplate":"https:\/\/www.meydan.tv\/az\/?s={search_term_string}"},"query-input":{"@type":"PropertyValueSpecification","valueRequired":true,"valueName":"search_term_string"}}],"inLanguage":"az"},{"@type":"Organization","@id":"https:\/\/www.meydan.tv\/az\/#organization","name":"Meydan TV","url":"https:\/\/www.meydan.tv\/az\/","logo":{"@type":"ImageObject","inLanguage":"az","@id":"https:\/\/www.meydan.tv\/az\/#\/schema\/logo\/image\/","url":"https:\/\/www.meydan.tv\/wp-content\/uploads\/2021\/07\/meydan-logo.svg","contentUrl":"https:\/\/www.meydan.tv\/wp-content\/uploads\/2021\/07\/meydan-logo.svg","width":195,"height":46,"caption":"Meydan TV"},"image":{"@id":"https:\/\/www.meydan.tv\/az\/#\/schema\/logo\/image\/"}},{"@type":"Person","@id":"https:\/\/www.meydan.tv\/az\/#\/schema\/person\/10d11eccf6da3662cf5fdab9806ea91a","name":"user-manager"}]}},"_links":{"self":[{"href":"https:\/\/www.meydan.tv\/az\/wp-json\/wp\/v2\/posts\/197159","targetHints":{"allow":["GET"]}}],"collection":[{"href":"https:\/\/www.meydan.tv\/az\/wp-json\/wp\/v2\/posts"}],"about":[{"href":"https:\/\/www.meydan.tv\/az\/wp-json\/wp\/v2\/types\/post"}],"author":[{"embeddable":true,"href":"https:\/\/www.meydan.tv\/az\/wp-json\/wp\/v2\/users\/11"}],"replies":[{"embeddable":true,"href":"https:\/\/www.meydan.tv\/az\/wp-json\/wp\/v2\/comments?post=197159"}],"version-history":[{"count":0,"href":"https:\/\/www.meydan.tv\/az\/wp-json\/wp\/v2\/posts\/197159\/revisions"}],"wp:featuredmedia":[{"embeddable":true,"href":"https:\/\/www.meydan.tv\/az\/wp-json\/wp\/v2\/media\/111611"}],"wp:attachment":[{"href":"https:\/\/www.meydan.tv\/az\/wp-json\/wp\/v2\/media?parent=197159"}],"wp:term":[{"taxonomy":"category","embeddable":true,"href":"https:\/\/www.meydan.tv\/az\/wp-json\/wp\/v2\/categories?post=197159"},{"taxonomy":"post_tag","embeddable":true,"href":"https:\/\/www.meydan.tv\/az\/wp-json\/wp\/v2\/tags?post=197159"}],"curies":[{"name":"wp","href":"https:\/\/api.w.org\/{rel}","templated":true}]}}