{"id":197158,"date":"2019-09-26T17:00:02","date_gmt":"2019-09-26T17:00:02","guid":{"rendered":"https:\/\/www.meydan.tv\/article\/ilham-eliyev-zahid-orucun-sosial-tedqiqatlarinda\/"},"modified":"2019-09-26T17:00:02","modified_gmt":"2019-09-26T17:00:02","slug":"ilham-eliyev-zahid-orucun-sosial-tedqiqatlarinda","status":"publish","type":"post","link":"https:\/\/www.meydan.tv\/az\/article\/ilham-eliyev-zahid-orucun-sosial-tedqiqatlarinda\/","title":{"rendered":"\u0130lham \u018fliyev Zahid Orucun sosial t\u0259dqiqatlar\u0131nda"},"content":{"rendered":"<p>\n  Sentyabr\u0131n 24-d\u0259 Sosial T\u0259dqiqatlar M\u0259rk\u0259zi(STM) illik hesabat\u0131n\u0131 v\u0259\u00a0www.stm.az\u00a0sayt\u0131n\u0131 t\u0259qdim edib. Yad\u0131n\u0131zda olar, bu ilin fevral\u0131nda yarad\u0131lan quruma 20 il\u0259 yax\u0131n deputatl\u0131q t\u0259cr\u00fcb\u0259si olan Zahid Oruc r\u0259hb\u0259r t\u0259yin olunmu\u015fdu. Ancaq n\u0259d\u0259ns\u0259 qurumun yarad\u0131lmas\u0131nda yanl\u0131\u015fl\u0131\u011fa yol verilmi\u015fdi. Fevral\u0131n 8-d\u0259 veril\u0259n f\u0259rmana 2 g\u00fcn sonra &#8211; fevral\u0131n 11-d\u0259 d\u00fcz\u0259li\u015f edilmi\u015fdi. S\u0259n dem\u0259, f\u0259rmanda STM-in idar\u0259\u00e7iliyi il\u0259 ba\u011fl\u0131 b\u0259nd yox imi\u015f. Zahid Orucun namiz\u0259dliyi m\u00fczakir\u0259 olunub v\u0259 onun STM-\u0259 r\u0259hb\u0259r g\u0259tirilm\u0259si il\u0259 ba\u011fl\u0131 raz\u0131l\u0131q \u0259ld\u0259 edilib. S\u0259r\u0259ncam imzalananda b\u0259lli olub ki, f\u0259rmanda quruma r\u0259hb\u0259rlik n\u0259z\u0259rd\u0259 tutulmay\u0131b. Zahid Orucun da s\u0259r\u0259ncam\u0131 bu d\u00fcz\u0259li\u015fd\u0259n sonra verilmi\u015fdi. El\u0259 o vaxt yazm\u0131\u015fd\u0131m ki, bu qurum daha \u00e7ox Sosial T\u0259rif M\u0259rk\u0259zi rolunu oynayacaq. Bu q\u0259na\u0259t\u0259 g\u0259lm\u0259kd\u0259 Zahid Orucun 20 illik deputatl\u0131q f\u0259aliyy\u0259tinin d\u0259 rolu dan\u0131lmazd\u0131r.\n<\/p>\n<p>\n  Sentyabr\u0131n 24-d\u0259 ictimaiyy\u0259t\u0259 sift\u0259sini ed\u0259n STM ke\u00e7irdiyi sor\u011funun n\u0259tic\u0259l\u0259rini a\u00e7\u0131qlay\u0131b. Sor\u011fuda respondentl\u0259r\u0259 \u201c\u00d6lk\u0259 prezidenti \u00f6z f\u0259aliyy\u0259tind\u0259 v\u0259t\u0259nda\u015flar\u0131n maraqlar\u0131n\u0131, t\u0259l\u0259batlar\u0131n\u0131 v\u0259 r\u0259yini n\u0259z\u0259r\u0259 al\u0131r fikri il\u0259 n\u0259 d\u0259r\u0259c\u0259d\u0259 raz\u0131s\u0131n\u0131z\u201d sual\u0131 \u00fcnvanlan\u0131b. Yax\u015f\u0131 ba\u015flan\u011f\u0131cd\u0131r. D\u0259rhal \u00f6lk\u0259nin birinci \u015f\u0259xsinin f\u0259aliyy\u0259tini saf-\u00e7\u00fcr\u00fck etm\u0259k. \u0130lkin i\u015f \u00fc\u00e7\u00fcn n\u0259tic\u0259l\u0259r d\u0259 \u00fcr\u0259ka\u00e7and\u0131r. Sor\u011funun n\u0259tic\u0259l\u0259rin\u0259 \u0259sas\u0259n, respondentl\u0259rin 73,30 faizi bununla tam raz\u0131 oldu\u011funu, 20,30 faizi \u0259sas\u0259n raz\u0131l\u0131\u011f\u0131n\u0131(ikisi bir yerd\u0259 93,60), 3 faizi \u0259sas\u0259n raz\u0131 olmad\u0131\u011f\u0131n\u0131 v\u0259 3,4 faizi is\u0259 he\u00e7 raz\u0131 olmad\u0131\u011f\u0131n\u0131 bildirib.\n<\/p>\n<p>\n  Sor\u011fu o q\u0259d\u0259r obyektiv ke\u00e7irilib ki, respondentl\u0259rd\u0259n 3,4 faizi prezidentin f\u0259aliyy\u0259tind\u0259n he\u00e7 raz\u0131 olmad\u0131\u011f\u0131n\u0131 bildirm\u0259y\u0259 \u00f6z\u00fcnd\u0259 g\u00fcc tap\u0131b. Daha b\u00f6y\u00fck c\u0259sar\u0259tis\u0259 Zahid Oruc g\u00f6st\u0259r\u0259r\u0259k bu informasiyan\u0131 yay\u0131b; h\u0259m d\u0259 hakimiyy\u0259t t\u0259msil\u00e7il\u0259rinin i\u015ftirak\u0131 il\u0259. T\u0259dbird\u0259 h\u0259min adamlar \u00f6n s\u0131rada oturmu\u015fdu, \u00fczd\u0259n d\u0259 \u00e7ox m\u0259mnun g\u00f6r\u00fcn\u00fcrd\u00fcl\u0259r \u2013 ya sor\u011funun n\u0259tic\u0259sind\u0259n, ya da yerl\u0259rind\u0259n raz\u0131yd\u0131lar&#8230;\n<\/p>\n<figure class=\"wp-block-image size-large\">\n  <img decoding=\"async\" src=\"https:\/\/www.meydan.tv\/az\/image-from-ios-1-jpg-6\/\" alt=\"Image from iOS (1).jpg\" class=\"wp-image-130291\"\/><figcaption>\n    Prezidentin sayt\u0131ndak\u0131 f\u0259rmanlar<br \/>\n  <\/figcaption><\/figure>\n<p>\n  \u00d6lk\u0259 v\u0259t\u0259nda\u015flar\u0131, hakimiyy\u0259tin g\u00fcnd\u0259lik probleml\u0259rinin i\u00e7ind\u0259 bo\u011fulanlar \u00fc\u00e7\u00fcn faiz inand\u0131r\u0131c\u0131 g\u00f6r\u00fcnm\u0259y\u0259 bil\u0259r. Ancaq g\u0259r\u0259k n\u0259z\u0259r\u0259 al\u0131ns\u0131n, respondentl\u0259rin 32,7 faizi d\u00f6vl\u0259t sektorunda i\u015fl\u0259y\u0259nl\u0259r, 23,5 faizi t\u0259qa\u00fcd\u00e7\u00fcl\u0259rdir. \u00d6z\u0259l sektorda i\u015fl\u0259y\u0259nl\u0259r is\u0259 c\u0259mi 6,6 faizdir. F\u0259rdi \u0259m\u0259k f\u0259aliyy\u0259ti il\u0259 m\u0259\u015f\u011ful olanlar 12,3 faiz, i\u015fl\u0259m\u0259y\u0259nl\u0259r 8,3 faiz. Respondentl\u0259rin 14 faizi evdar qad\u0131nd\u0131r. T\u0259l\u0259b\u0259l\u0259rin 1,6, m\u00fcv\u0259qq\u0259ti i\u015fl\u0259m\u0259y\u0259nl\u0259r is\u0259 0,2 faizdir. Bizd\u0259 h\u0259r il 100 minl\u0259rl\u0259 yeni i\u015f yerl\u0259ri a\u00e7\u0131ld\u0131\u011f\u0131ndan m\u00fcv\u0259qq\u0259ti i\u015fl\u0259m\u0259y\u0259nl\u0259rin say\u0131n\u0131n bel\u0259 az oldu\u011funu oxucular\u0131m\u0131z, y\u0259qin, anlay\u0131\u015fla qar\u015f\u0131layar. Zahid Orucun sadlad\u0131\u011f\u0131 bu faizl\u0259ris\u0259 \u015f\u00fcbh\u0259 alt\u0131na alma\u011fa he\u00e7 bir \u0259sas\u0131m\u0131z yoxdur. Fevraldan b\u0259ri n\u0259 m\u00fcdd\u0259t ke\u00e7ib ki?! Adam h\u0259l\u0259 yerini tam b\u0259rkitm\u0259yib, saxtakarl\u0131\u011fa getm\u0259z. H\u0259m d\u0259 Zahid Oruc bu v\u0259zif\u0259y\u0259 t\u0259yin olunanda demi\u015fdi: \u201cSosial T\u0259dqiqatlar M\u0259rk\u0259zinin yarad\u0131lmas\u0131 d\u00f6vl\u0259t v\u0259 v\u0259t\u0259nda\u015f aras\u0131nda sa\u011flam, etibarl\u0131 v\u0259 d\u00fcr\u00fcst \u0259laq\u0259l\u0259rin formala\u015fmas\u0131 m\u0259ram\u0131ndan ir\u0259li g\u0259lib. M\u0259qs\u0259d hakimiyy\u0259t institutlar\u0131na ictimaiyy\u0259tin m\u00fcnasib\u0259tini h\u0259m d\u0259 bu yolla \u00f6yr\u0259nm\u0259kl\u0259 d\u00f6vl\u0259t quruculu\u011fu prosesin\u0259 aktiv y\u00f6n verm\u0259k, xalq qar\u015f\u0131s\u0131nda hesabatl\u0131, \u015f\u0259ffaf v\u0259 \u0259dal\u0259tli idar\u0259\u00e7ilik sistemini b\u0259rq\u0259rar etm\u0259kdir\u201d.\n<\/p>\n<p>\n  Bel\u0259 bir s\u00f6z dey\u0259n adam saxtakarl\u0131q ed\u0259rmi? Baxmayaraq ki, onun deputat mandat\u0131 almas\u0131nda saxtakarl\u0131qlar\u0131n oldu\u011fu deyilirdi. Zahid Orucun ard\u0131c\u0131l 4 d\u0259f\u0259 deputat oldu\u011fu B\u0259rd\u0259 \u015f\u0259h\u0259r se\u00e7ki dair\u0259sind\u0259n namiz\u0259dliyini vermi\u015f iqtisad\u00e7\u0131 Nem\u0259t \u018fliyevin se\u00e7kid\u0259 pozulmu\u015f h\u00fcququnu Avropa M\u0259hk\u0259m\u0259si tan\u0131y\u0131b v\u0259 buna g\u00f6r\u0259 Az\u0259rbaycan h\u00f6kum\u0259tini c\u0259rim\u0259l\u0259yib. Y\u0259ni saxtakarl\u0131q r\u0259sm\u0259n tan\u0131n\u0131b. Ancaq zaman d\u0259yi\u015fib, 20 il\u0259 yax\u0131n h\u0259min mandat\u0131 da\u015f\u0131yan adama indi d\u00f6vl\u0259t v\u0259 v\u0259t\u0259nda\u015f aras\u0131nda d\u00fcr\u00fcst \u0259laq\u0259l\u0259r qurma\u011fa g\u00f6r\u0259v verilib. H\u0259m d\u0259 t\u0259kc\u0259 bu yox, STM-in Nizamnam\u0259sind\u0259 onun g\u00f6r\u0259c\u0259yi bir \u00e7ox ba\u015fqa i\u015fl\u0259r d\u0259 var. Bunlardan biri d\u0259 \u201cictimai \u0259h\u0259miyy\u0259t k\u0259sb ed\u0259n m\u00fcxt\u0259lif m\u00f6vzularda ictimai dinl\u0259m\u0259l\u0259r, debatlar ke\u00e7irm\u0259k, bu sah\u0259d\u0259 v\u0259t\u0259nda\u015f c\u0259miyy\u0259ti institutlar\u0131 il\u0259 \u0259m\u0259kda\u015fl\u0131q etm\u0259k, geni\u015f m\u00fczakir\u0259 platformalar\u0131 qurmaq v\u0259 onlar\u0131 idar\u0259 etm\u0259kdir\u201d.\n<\/p>\n<p>\n  Sor\u011fuya \u00e7ox da \u00f6n\u0259m verm\u0259yin, ba\u015fl\u0131ca i\u015fl\u0259r qabaqdad\u0131r, ictimai \u0259h\u0259miyy\u0259t k\u0259sb ed\u0259n m\u00fcxt\u0259lif m\u00f6vzularda ictimai dinl\u0259m\u0259l\u0259r\u0259, debatlara haz\u0131r olun, \u0259ziz v\u0259t\u0259nda\u015f c\u0259miyy\u0259ti institutlar\u0131. Bu m\u00f6vzular sizinl\u0259 birg\u0259 m\u00fczakir\u0259y\u0259 \u00e7\u0131xar\u0131lacaq; Zahid Orucun idar\u0259\u00e7iliyi il\u0259&#8230;<\/p>\n","protected":false},"excerpt":{"rendered":"<p>Qurum h\u0259l\u0259lik Sosial T\u0259rif M\u0259rk\u0259zi rolundad\u0131r<\/p>\n","protected":false},"author":11,"featured_media":125837,"comment_status":"closed","ping_status":"open","sticky":false,"template":"","format":"standard","meta":{"_acf_changed":false,"_sitemap_exclude":false,"_sitemap_priority":"","_sitemap_frequency":"","footnotes":""},"categories":[57],"tags":[],"class_list":["post-197158","post","type-post","status-publish","format-standard","has-post-thumbnail","hentry","category-menim-fikrimce","infinite-scroll-item","generate-columns","tablet-grid-50","mobile-grid-100","grid-parent","grid-33","no-featured-image-padding"],"acf":[],"yoast_head":"<!-- This site is optimized with the Yoast SEO plugin v27.4 - https:\/\/yoast.com\/product\/yoast-seo-wordpress\/ -->\n<title>\u0130lham \u018fliyev Zahid Orucun sosial t\u0259dqiqatlar\u0131nda - MEYDAN.TV<\/title>\n<meta name=\"robots\" content=\"index, follow, max-snippet:-1, max-image-preview:large, max-video-preview:-1\" \/>\n<link rel=\"canonical\" href=\"https:\/\/www.meydan.tv\/az\/article\/ilham-eliyev-zahid-orucun-sosial-tedqiqatlarinda\/\" \/>\n<meta property=\"og:locale\" content=\"az_AZ\" \/>\n<meta property=\"og:type\" content=\"article\" \/>\n<meta property=\"og:title\" content=\"\u0130lham \u018fliyev Zahid Orucun sosial t\u0259dqiqatlar\u0131nda - MEYDAN.TV\" \/>\n<meta property=\"og:description\" content=\"Qurum h\u0259l\u0259lik Sosial T\u0259rif M\u0259rk\u0259zi rolundad\u0131r\" \/>\n<meta property=\"og:url\" content=\"https:\/\/www.meydan.tv\/az\/article\/ilham-eliyev-zahid-orucun-sosial-tedqiqatlarinda\/\" \/>\n<meta property=\"og:site_name\" content=\"MEYDAN.TV\" \/>\n<meta property=\"article:published_time\" content=\"2019-09-26T17:00:02+00:00\" \/>\n<meta property=\"og:image\" content=\"https:\/\/www.meydan.tv\/wp-content\/uploads\/image_from_ios_unrqckb.original-scaled.jpg\" \/>\n\t<meta property=\"og:image:width\" content=\"2560\" \/>\n\t<meta property=\"og:image:height\" content=\"1440\" \/>\n\t<meta property=\"og:image:type\" content=\"image\/jpeg\" \/>\n<meta name=\"author\" content=\"user-manager\" \/>\n<meta name=\"twitter:card\" content=\"summary_large_image\" \/>\n<script type=\"application\/ld+json\" class=\"yoast-schema-graph\">{\"@context\":\"https:\\\/\\\/schema.org\",\"@graph\":[{\"@type\":\"Article\",\"@id\":\"https:\\\/\\\/www.meydan.tv\\\/az\\\/article\\\/ilham-eliyev-zahid-orucun-sosial-tedqiqatlarinda\\\/#article\",\"isPartOf\":{\"@id\":\"https:\\\/\\\/www.meydan.tv\\\/az\\\/article\\\/ilham-eliyev-zahid-orucun-sosial-tedqiqatlarinda\\\/\"},\"author\":{\"name\":\"user-manager\",\"@id\":\"https:\\\/\\\/www.meydan.tv\\\/az\\\/#\\\/schema\\\/person\\\/10d11eccf6da3662cf5fdab9806ea91a\"},\"headline\":\"\u0130lham \u018fliyev Zahid Orucun sosial t\u0259dqiqatlar\u0131nda\",\"datePublished\":\"2019-09-26T17:00:02+00:00\",\"mainEntityOfPage\":{\"@id\":\"https:\\\/\\\/www.meydan.tv\\\/az\\\/article\\\/ilham-eliyev-zahid-orucun-sosial-tedqiqatlarinda\\\/\"},\"wordCount\":987,\"publisher\":{\"@id\":\"https:\\\/\\\/www.meydan.tv\\\/az\\\/#organization\"},\"image\":{\"@id\":\"https:\\\/\\\/www.meydan.tv\\\/az\\\/article\\\/ilham-eliyev-zahid-orucun-sosial-tedqiqatlarinda\\\/#primaryimage\"},\"thumbnailUrl\":\"https:\\\/\\\/www.meydan.tv\\\/wp-content\\\/uploads\\\/image_from_ios_unrqckb.original-scaled-e1685106480202.jpg\",\"articleSection\":[\"M\u0259nim Fikrimc\u0259\"],\"inLanguage\":\"az\"},{\"@type\":\"WebPage\",\"@id\":\"https:\\\/\\\/www.meydan.tv\\\/az\\\/article\\\/ilham-eliyev-zahid-orucun-sosial-tedqiqatlarinda\\\/\",\"url\":\"https:\\\/\\\/www.meydan.tv\\\/az\\\/article\\\/ilham-eliyev-zahid-orucun-sosial-tedqiqatlarinda\\\/\",\"name\":\"\u0130lham \u018fliyev Zahid Orucun sosial t\u0259dqiqatlar\u0131nda - MEYDAN.TV\",\"isPartOf\":{\"@id\":\"https:\\\/\\\/www.meydan.tv\\\/az\\\/#website\"},\"primaryImageOfPage\":{\"@id\":\"https:\\\/\\\/www.meydan.tv\\\/az\\\/article\\\/ilham-eliyev-zahid-orucun-sosial-tedqiqatlarinda\\\/#primaryimage\"},\"image\":{\"@id\":\"https:\\\/\\\/www.meydan.tv\\\/az\\\/article\\\/ilham-eliyev-zahid-orucun-sosial-tedqiqatlarinda\\\/#primaryimage\"},\"thumbnailUrl\":\"https:\\\/\\\/www.meydan.tv\\\/wp-content\\\/uploads\\\/image_from_ios_unrqckb.original-scaled-e1685106480202.jpg\",\"datePublished\":\"2019-09-26T17:00:02+00:00\",\"breadcrumb\":{\"@id\":\"https:\\\/\\\/www.meydan.tv\\\/az\\\/article\\\/ilham-eliyev-zahid-orucun-sosial-tedqiqatlarinda\\\/#breadcrumb\"},\"inLanguage\":\"az\",\"potentialAction\":[{\"@type\":\"ReadAction\",\"target\":[\"https:\\\/\\\/www.meydan.tv\\\/az\\\/article\\\/ilham-eliyev-zahid-orucun-sosial-tedqiqatlarinda\\\/\"]}]},{\"@type\":\"ImageObject\",\"inLanguage\":\"az\",\"@id\":\"https:\\\/\\\/www.meydan.tv\\\/az\\\/article\\\/ilham-eliyev-zahid-orucun-sosial-tedqiqatlarinda\\\/#primaryimage\",\"url\":\"https:\\\/\\\/www.meydan.tv\\\/wp-content\\\/uploads\\\/image_from_ios_unrqckb.original-scaled-e1685106480202.jpg\",\"contentUrl\":\"https:\\\/\\\/www.meydan.tv\\\/wp-content\\\/uploads\\\/image_from_ios_unrqckb.original-scaled-e1685106480202.jpg\",\"width\":2560,\"height\":1228,\"caption\":\"M\u0259nb\u0259: Meydan TV\"},{\"@type\":\"BreadcrumbList\",\"@id\":\"https:\\\/\\\/www.meydan.tv\\\/az\\\/article\\\/ilham-eliyev-zahid-orucun-sosial-tedqiqatlarinda\\\/#breadcrumb\",\"itemListElement\":[{\"@type\":\"ListItem\",\"position\":1,\"name\":\"Ana s\u0259hif\u0259\",\"item\":\"https:\\\/\\\/www.meydan.tv\\\/az\\\/\"},{\"@type\":\"ListItem\",\"position\":2,\"name\":\"M\u0259nim Fikrimc\u0259\",\"item\":\"https:\\\/\\\/www.meydan.tv\\\/az\\\/section\\\/menim-fikrimce\\\/\"},{\"@type\":\"ListItem\",\"position\":3,\"name\":\"\u0130lham \u018fliyev Zahid Orucun sosial t\u0259dqiqatlar\u0131nda\"}]},{\"@type\":\"WebSite\",\"@id\":\"https:\\\/\\\/www.meydan.tv\\\/az\\\/#website\",\"url\":\"https:\\\/\\\/www.meydan.tv\\\/az\\\/\",\"name\":\"MEYDAN.TV\",\"description\":\"Meydan TV Az\u0259rbaycan\u0131n media m\u0259kan\u0131ndak\u0131 alternativ s\u0259sidir\",\"publisher\":{\"@id\":\"https:\\\/\\\/www.meydan.tv\\\/az\\\/#organization\"},\"potentialAction\":[{\"@type\":\"SearchAction\",\"target\":{\"@type\":\"EntryPoint\",\"urlTemplate\":\"https:\\\/\\\/www.meydan.tv\\\/az\\\/?s={search_term_string}\"},\"query-input\":{\"@type\":\"PropertyValueSpecification\",\"valueRequired\":true,\"valueName\":\"search_term_string\"}}],\"inLanguage\":\"az\"},{\"@type\":\"Organization\",\"@id\":\"https:\\\/\\\/www.meydan.tv\\\/az\\\/#organization\",\"name\":\"Meydan TV\",\"url\":\"https:\\\/\\\/www.meydan.tv\\\/az\\\/\",\"logo\":{\"@type\":\"ImageObject\",\"inLanguage\":\"az\",\"@id\":\"https:\\\/\\\/www.meydan.tv\\\/az\\\/#\\\/schema\\\/logo\\\/image\\\/\",\"url\":\"https:\\\/\\\/www.meydan.tv\\\/wp-content\\\/uploads\\\/2021\\\/07\\\/meydan-logo.svg\",\"contentUrl\":\"https:\\\/\\\/www.meydan.tv\\\/wp-content\\\/uploads\\\/2021\\\/07\\\/meydan-logo.svg\",\"width\":195,\"height\":46,\"caption\":\"Meydan TV\"},\"image\":{\"@id\":\"https:\\\/\\\/www.meydan.tv\\\/az\\\/#\\\/schema\\\/logo\\\/image\\\/\"}},{\"@type\":\"Person\",\"@id\":\"https:\\\/\\\/www.meydan.tv\\\/az\\\/#\\\/schema\\\/person\\\/10d11eccf6da3662cf5fdab9806ea91a\",\"name\":\"user-manager\"}]}<\/script>\n<!-- \/ Yoast SEO plugin. -->","yoast_head_json":{"title":"\u0130lham \u018fliyev Zahid Orucun sosial t\u0259dqiqatlar\u0131nda - MEYDAN.TV","robots":{"index":"index","follow":"follow","max-snippet":"max-snippet:-1","max-image-preview":"max-image-preview:large","max-video-preview":"max-video-preview:-1"},"canonical":"https:\/\/www.meydan.tv\/az\/article\/ilham-eliyev-zahid-orucun-sosial-tedqiqatlarinda\/","og_locale":"az_AZ","og_type":"article","og_title":"\u0130lham \u018fliyev Zahid Orucun sosial t\u0259dqiqatlar\u0131nda - MEYDAN.TV","og_description":"Qurum h\u0259l\u0259lik Sosial T\u0259rif M\u0259rk\u0259zi rolundad\u0131r","og_url":"https:\/\/www.meydan.tv\/az\/article\/ilham-eliyev-zahid-orucun-sosial-tedqiqatlarinda\/","og_site_name":"MEYDAN.TV","article_published_time":"2019-09-26T17:00:02+00:00","og_image":[{"width":2560,"height":1440,"url":"https:\/\/www.meydan.tv\/wp-content\/uploads\/image_from_ios_unrqckb.original-scaled.jpg","type":"image\/jpeg"}],"author":"user-manager","twitter_card":"summary_large_image","schema":{"@context":"https:\/\/schema.org","@graph":[{"@type":"Article","@id":"https:\/\/www.meydan.tv\/az\/article\/ilham-eliyev-zahid-orucun-sosial-tedqiqatlarinda\/#article","isPartOf":{"@id":"https:\/\/www.meydan.tv\/az\/article\/ilham-eliyev-zahid-orucun-sosial-tedqiqatlarinda\/"},"author":{"name":"user-manager","@id":"https:\/\/www.meydan.tv\/az\/#\/schema\/person\/10d11eccf6da3662cf5fdab9806ea91a"},"headline":"\u0130lham \u018fliyev Zahid Orucun sosial t\u0259dqiqatlar\u0131nda","datePublished":"2019-09-26T17:00:02+00:00","mainEntityOfPage":{"@id":"https:\/\/www.meydan.tv\/az\/article\/ilham-eliyev-zahid-orucun-sosial-tedqiqatlarinda\/"},"wordCount":987,"publisher":{"@id":"https:\/\/www.meydan.tv\/az\/#organization"},"image":{"@id":"https:\/\/www.meydan.tv\/az\/article\/ilham-eliyev-zahid-orucun-sosial-tedqiqatlarinda\/#primaryimage"},"thumbnailUrl":"https:\/\/www.meydan.tv\/wp-content\/uploads\/image_from_ios_unrqckb.original-scaled-e1685106480202.jpg","articleSection":["M\u0259nim Fikrimc\u0259"],"inLanguage":"az"},{"@type":"WebPage","@id":"https:\/\/www.meydan.tv\/az\/article\/ilham-eliyev-zahid-orucun-sosial-tedqiqatlarinda\/","url":"https:\/\/www.meydan.tv\/az\/article\/ilham-eliyev-zahid-orucun-sosial-tedqiqatlarinda\/","name":"\u0130lham \u018fliyev Zahid Orucun sosial t\u0259dqiqatlar\u0131nda - MEYDAN.TV","isPartOf":{"@id":"https:\/\/www.meydan.tv\/az\/#website"},"primaryImageOfPage":{"@id":"https:\/\/www.meydan.tv\/az\/article\/ilham-eliyev-zahid-orucun-sosial-tedqiqatlarinda\/#primaryimage"},"image":{"@id":"https:\/\/www.meydan.tv\/az\/article\/ilham-eliyev-zahid-orucun-sosial-tedqiqatlarinda\/#primaryimage"},"thumbnailUrl":"https:\/\/www.meydan.tv\/wp-content\/uploads\/image_from_ios_unrqckb.original-scaled-e1685106480202.jpg","datePublished":"2019-09-26T17:00:02+00:00","breadcrumb":{"@id":"https:\/\/www.meydan.tv\/az\/article\/ilham-eliyev-zahid-orucun-sosial-tedqiqatlarinda\/#breadcrumb"},"inLanguage":"az","potentialAction":[{"@type":"ReadAction","target":["https:\/\/www.meydan.tv\/az\/article\/ilham-eliyev-zahid-orucun-sosial-tedqiqatlarinda\/"]}]},{"@type":"ImageObject","inLanguage":"az","@id":"https:\/\/www.meydan.tv\/az\/article\/ilham-eliyev-zahid-orucun-sosial-tedqiqatlarinda\/#primaryimage","url":"https:\/\/www.meydan.tv\/wp-content\/uploads\/image_from_ios_unrqckb.original-scaled-e1685106480202.jpg","contentUrl":"https:\/\/www.meydan.tv\/wp-content\/uploads\/image_from_ios_unrqckb.original-scaled-e1685106480202.jpg","width":2560,"height":1228,"caption":"M\u0259nb\u0259: Meydan TV"},{"@type":"BreadcrumbList","@id":"https:\/\/www.meydan.tv\/az\/article\/ilham-eliyev-zahid-orucun-sosial-tedqiqatlarinda\/#breadcrumb","itemListElement":[{"@type":"ListItem","position":1,"name":"Ana s\u0259hif\u0259","item":"https:\/\/www.meydan.tv\/az\/"},{"@type":"ListItem","position":2,"name":"M\u0259nim Fikrimc\u0259","item":"https:\/\/www.meydan.tv\/az\/section\/menim-fikrimce\/"},{"@type":"ListItem","position":3,"name":"\u0130lham \u018fliyev Zahid Orucun sosial t\u0259dqiqatlar\u0131nda"}]},{"@type":"WebSite","@id":"https:\/\/www.meydan.tv\/az\/#website","url":"https:\/\/www.meydan.tv\/az\/","name":"MEYDAN.TV","description":"Meydan TV Az\u0259rbaycan\u0131n media m\u0259kan\u0131ndak\u0131 alternativ s\u0259sidir","publisher":{"@id":"https:\/\/www.meydan.tv\/az\/#organization"},"potentialAction":[{"@type":"SearchAction","target":{"@type":"EntryPoint","urlTemplate":"https:\/\/www.meydan.tv\/az\/?s={search_term_string}"},"query-input":{"@type":"PropertyValueSpecification","valueRequired":true,"valueName":"search_term_string"}}],"inLanguage":"az"},{"@type":"Organization","@id":"https:\/\/www.meydan.tv\/az\/#organization","name":"Meydan TV","url":"https:\/\/www.meydan.tv\/az\/","logo":{"@type":"ImageObject","inLanguage":"az","@id":"https:\/\/www.meydan.tv\/az\/#\/schema\/logo\/image\/","url":"https:\/\/www.meydan.tv\/wp-content\/uploads\/2021\/07\/meydan-logo.svg","contentUrl":"https:\/\/www.meydan.tv\/wp-content\/uploads\/2021\/07\/meydan-logo.svg","width":195,"height":46,"caption":"Meydan TV"},"image":{"@id":"https:\/\/www.meydan.tv\/az\/#\/schema\/logo\/image\/"}},{"@type":"Person","@id":"https:\/\/www.meydan.tv\/az\/#\/schema\/person\/10d11eccf6da3662cf5fdab9806ea91a","name":"user-manager"}]}},"_links":{"self":[{"href":"https:\/\/www.meydan.tv\/az\/wp-json\/wp\/v2\/posts\/197158","targetHints":{"allow":["GET"]}}],"collection":[{"href":"https:\/\/www.meydan.tv\/az\/wp-json\/wp\/v2\/posts"}],"about":[{"href":"https:\/\/www.meydan.tv\/az\/wp-json\/wp\/v2\/types\/post"}],"author":[{"embeddable":true,"href":"https:\/\/www.meydan.tv\/az\/wp-json\/wp\/v2\/users\/11"}],"replies":[{"embeddable":true,"href":"https:\/\/www.meydan.tv\/az\/wp-json\/wp\/v2\/comments?post=197158"}],"version-history":[{"count":0,"href":"https:\/\/www.meydan.tv\/az\/wp-json\/wp\/v2\/posts\/197158\/revisions"}],"wp:featuredmedia":[{"embeddable":true,"href":"https:\/\/www.meydan.tv\/az\/wp-json\/wp\/v2\/media\/125837"}],"wp:attachment":[{"href":"https:\/\/www.meydan.tv\/az\/wp-json\/wp\/v2\/media?parent=197158"}],"wp:term":[{"taxonomy":"category","embeddable":true,"href":"https:\/\/www.meydan.tv\/az\/wp-json\/wp\/v2\/categories?post=197158"},{"taxonomy":"post_tag","embeddable":true,"href":"https:\/\/www.meydan.tv\/az\/wp-json\/wp\/v2\/tags?post=197158"}],"curies":[{"name":"wp","href":"https:\/\/api.w.org\/{rel}","templated":true}]}}