{"id":197157,"date":"2019-09-26T17:02:41","date_gmt":"2019-09-26T17:02:41","guid":{"rendered":"https:\/\/www.meydan.tv\/article\/bakida-mikta-film-festivali-baslayir\/"},"modified":"2019-09-26T17:02:41","modified_gmt":"2019-09-26T17:02:41","slug":"bakida-mikta-film-festivali-baslayir","status":"publish","type":"post","link":"https:\/\/www.meydan.tv\/az\/article\/bakida-mikta-film-festivali-baslayir\/","title":{"rendered":"Bak\u0131da M\u0130KTA Film Festival\u0131 ba\u015flay\u0131r"},"content":{"rendered":"<p>\n  Sentyabr\u0131n 27-d\u0259n oktyabr\u0131n 25-d\u0259k Bak\u0131da M\u0130KTA (Meksika, \u0130ndoneziya, C\u0259nubi Koreya, T\u00fcrkiy\u0259 v\u0259 Avstraliya) Film Festival\u0131 ke\u00e7iril\u0259c\u0259k.\n<\/p>\n<p>\n  Festivalda m\u00fcxt\u0259lif m\u00f6vzularda \u00e7\u0259kil\u0259n filml\u0259r t\u0259qdim olunacaq.\n<\/p>\n<p>\n  M\u0130KTA 2003-c\u00fc ild\u0259 BMT Ba\u015f Assambleyas\u0131n\u0131n iclas\u0131nda yarad\u0131l\u0131b. Yarad\u0131lmas\u0131nda \u0259sas m\u0259qs\u0259d informativ t\u0259dbirl\u0259r vasit\u0259sil\u0259 d\u00fcnyada ba\u015f ver\u0259n \u00e7a\u011f\u0131r\u0131\u015flara cavab olaraq, m\u00fcxt\u0259lif, dil, m\u0259d\u0259niyy\u0259tl\u0259r, dinl\u0259r\u0259 m\u0259xsus \u00f6lk\u0259l\u0259ri birl\u0259\u015fdir\u0259r\u0259k d\u00fcnyada stabilliy\u0259, qanunun aliliyin\u0259 t\u00f6hf\u0259 verm\u0259kdir.\n<\/p>\n<p>\n  Festival \u00e7\u0259r\u00e7iv\u0259sind\u0259 n\u00fcmayi\u015f olunacaq filml\u0259rin siyah\u0131s\u0131n\u0131 t\u0259qdim edirik:\n<\/p>\n<p>\n  \u201cAyla\u201d (2017) &#8211; 27 sentyabr, T\u00fcrkiy\u0259, rejissor &#8211; Can Ulkay\n<\/p>\n<p>\n  \u201cGaruda di Dadaku 2\u201d (2011) &#8211; 4 oktyabr, \u0130ndoneziya, rejissor &#8211; Rudy Saedjarwo\n<\/p>\n<p>\n  \u201cCambio de Ruta\u201d (2014), 18 oktyabr, Meksika, rejissor &#8211; Cristopher Hool\n<\/p>\n<p>\n  \u201cAssassination\u201d (2015) &#8211; 25 oktyabr, Koreya, rejissor &#8211; Choi Dong Hoon<\/p>\n","protected":false},"excerpt":{"rendered":"<p>Festival \u00e7\u0259r\u00e7iv\u0259sind\u0259 n\u00fcmayi\u015f olunacaq filml\u0259rin siyah\u0131s\u0131n\u0131 t\u0259qdim edirik<\/p>\n","protected":false},"author":11,"featured_media":130285,"comment_status":"closed","ping_status":"open","sticky":false,"template":"","format":"standard","meta":{"_acf_changed":false,"_sitemap_exclude":false,"_sitemap_priority":"","_sitemap_frequency":"","footnotes":""},"categories":[52],"tags":[],"class_list":["post-197157","post","type-post","status-publish","format-standard","has-post-thumbnail","hentry","category-medeniyyet","infinite-scroll-item","generate-columns","tablet-grid-50","mobile-grid-100","grid-parent","grid-33","no-featured-image-padding"],"acf":[],"yoast_head":"<!-- This site is optimized with the Yoast SEO plugin v28.3 - https:\/\/yoast.com\/product\/yoast-seo-wordpress\/ -->\n<title>Bak\u0131da M\u0130KTA Film Festival\u0131 ba\u015flay\u0131r - MEYDAN.TV<\/title>\n<meta name=\"robots\" content=\"index, follow, max-snippet:-1, max-image-preview:large, max-video-preview:-1\" \/>\n<link rel=\"canonical\" href=\"https:\/\/www.meydan.tv\/az\/article\/bakida-mikta-film-festivali-baslayir\/\" \/>\n<meta property=\"og:locale\" content=\"az_AZ\" \/>\n<meta property=\"og:type\" content=\"article\" \/>\n<meta property=\"og:title\" content=\"Bak\u0131da M\u0130KTA Film Festival\u0131 ba\u015flay\u0131r - MEYDAN.TV\" \/>\n<meta property=\"og:description\" content=\"Festival \u00e7\u0259r\u00e7iv\u0259sind\u0259 n\u00fcmayi\u015f olunacaq filml\u0259rin siyah\u0131s\u0131n\u0131 t\u0259qdim edirik\" \/>\n<meta property=\"og:url\" content=\"https:\/\/www.meydan.tv\/az\/article\/bakida-mikta-film-festivali-baslayir\/\" \/>\n<meta property=\"og:site_name\" content=\"MEYDAN.TV\" \/>\n<meta property=\"article:published_time\" content=\"2019-09-26T17:02:41+00:00\" \/>\n<meta property=\"og:image\" content=\"https:\/\/www.meydan.tv\/wp-content\/uploads\/image068-1024x683-1.jpg\" \/>\n\t<meta property=\"og:image:width\" content=\"1024\" \/>\n\t<meta property=\"og:image:height\" content=\"683\" \/>\n\t<meta property=\"og:image:type\" content=\"image\/jpeg\" \/>\n<meta name=\"twitter:card\" content=\"summary_large_image\" \/>\n<!-- \/ Yoast SEO plugin. -->","yoast_head_json":{"title":"Bak\u0131da M\u0130KTA Film Festival\u0131 ba\u015flay\u0131r - MEYDAN.TV","robots":{"index":"index","follow":"follow","max-snippet":"max-snippet:-1","max-image-preview":"max-image-preview:large","max-video-preview":"max-video-preview:-1"},"canonical":"https:\/\/www.meydan.tv\/az\/article\/bakida-mikta-film-festivali-baslayir\/","og_locale":"az_AZ","og_type":"article","og_title":"Bak\u0131da M\u0130KTA Film Festival\u0131 ba\u015flay\u0131r - MEYDAN.TV","og_description":"Festival \u00e7\u0259r\u00e7iv\u0259sind\u0259 n\u00fcmayi\u015f olunacaq filml\u0259rin siyah\u0131s\u0131n\u0131 t\u0259qdim edirik","og_url":"https:\/\/www.meydan.tv\/az\/article\/bakida-mikta-film-festivali-baslayir\/","og_site_name":"MEYDAN.TV","article_published_time":"2019-09-26T17:02:41+00:00","og_image":[{"width":1024,"height":683,"url":"https:\/\/www.meydan.tv\/wp-content\/uploads\/image068-1024x683-1.jpg","type":"image\/jpeg"}],"twitter_card":"summary_large_image","schema":{"@context":"https:\/\/schema.org","@graph":[{"@type":"Article","@id":"https:\/\/www.meydan.tv\/az\/article\/bakida-mikta-film-festivali-baslayir\/#article","isPartOf":{"@id":"https:\/\/www.meydan.tv\/az\/article\/bakida-mikta-film-festivali-baslayir\/"},"author":{"name":"user-manager","@id":"https:\/\/www.meydan.tv\/az\/#\/schema\/person\/10d11eccf6da3662cf5fdab9806ea91a"},"headline":"Bak\u0131da M\u0130KTA Film Festival\u0131 ba\u015flay\u0131r","datePublished":"2019-09-26T17:02:41+00:00","mainEntityOfPage":{"@id":"https:\/\/www.meydan.tv\/az\/article\/bakida-mikta-film-festivali-baslayir\/"},"wordCount":167,"publisher":{"@id":"https:\/\/www.meydan.tv\/az\/#organization"},"image":{"@id":"https:\/\/www.meydan.tv\/az\/article\/bakida-mikta-film-festivali-baslayir\/#primaryimage"},"thumbnailUrl":"https:\/\/www.meydan.tv\/wp-content\/uploads\/image068-1024x683-1.jpg","articleSection":["M\u0259d\u0259niyy\u0259t"],"inLanguage":"az"},{"@type":"WebPage","@id":"https:\/\/www.meydan.tv\/az\/article\/bakida-mikta-film-festivali-baslayir\/","url":"https:\/\/www.meydan.tv\/az\/article\/bakida-mikta-film-festivali-baslayir\/","name":"Bak\u0131da M\u0130KTA Film Festival\u0131 ba\u015flay\u0131r - MEYDAN.TV","isPartOf":{"@id":"https:\/\/www.meydan.tv\/az\/#website"},"primaryImageOfPage":{"@id":"https:\/\/www.meydan.tv\/az\/article\/bakida-mikta-film-festivali-baslayir\/#primaryimage"},"image":{"@id":"https:\/\/www.meydan.tv\/az\/article\/bakida-mikta-film-festivali-baslayir\/#primaryimage"},"thumbnailUrl":"https:\/\/www.meydan.tv\/wp-content\/uploads\/image068-1024x683-1.jpg","datePublished":"2019-09-26T17:02:41+00:00","breadcrumb":{"@id":"https:\/\/www.meydan.tv\/az\/article\/bakida-mikta-film-festivali-baslayir\/#breadcrumb"},"inLanguage":"az","potentialAction":[{"@type":"ReadAction","target":["https:\/\/www.meydan.tv\/az\/article\/bakida-mikta-film-festivali-baslayir\/"]}]},{"@type":"ImageObject","inLanguage":"az","@id":"https:\/\/www.meydan.tv\/az\/article\/bakida-mikta-film-festivali-baslayir\/#primaryimage","url":"https:\/\/www.meydan.tv\/wp-content\/uploads\/image068-1024x683-1.jpg","contentUrl":"https:\/\/www.meydan.tv\/wp-content\/uploads\/image068-1024x683-1.jpg","width":1024,"height":683,"caption":"Foto: arxiv"},{"@type":"BreadcrumbList","@id":"https:\/\/www.meydan.tv\/az\/article\/bakida-mikta-film-festivali-baslayir\/#breadcrumb","itemListElement":[{"@type":"ListItem","position":1,"name":"Ana s\u0259hif\u0259","item":"https:\/\/www.meydan.tv\/az\/"},{"@type":"ListItem","position":2,"name":"M\u0259d\u0259niyy\u0259t","item":"https:\/\/www.meydan.tv\/az\/section\/medeniyyet\/"},{"@type":"ListItem","position":3,"name":"Bak\u0131da M\u0130KTA Film Festival\u0131 ba\u015flay\u0131r"}]},{"@type":"WebSite","@id":"https:\/\/www.meydan.tv\/az\/#website","url":"https:\/\/www.meydan.tv\/az\/","name":"MEYDAN.TV","description":"Meydan TV Az\u0259rbaycan\u0131n media m\u0259kan\u0131ndak\u0131 alternativ s\u0259sidir","publisher":{"@id":"https:\/\/www.meydan.tv\/az\/#organization"},"potentialAction":[{"@type":"SearchAction","target":{"@type":"EntryPoint","urlTemplate":"https:\/\/www.meydan.tv\/az\/?s={search_term_string}"},"query-input":{"@type":"PropertyValueSpecification","valueRequired":true,"valueName":"search_term_string"}}],"inLanguage":"az"},{"@type":"Organization","@id":"https:\/\/www.meydan.tv\/az\/#organization","name":"Meydan TV","url":"https:\/\/www.meydan.tv\/az\/","logo":{"@type":"ImageObject","inLanguage":"az","@id":"https:\/\/www.meydan.tv\/az\/#\/schema\/logo\/image\/","url":"https:\/\/www.meydan.tv\/wp-content\/uploads\/2021\/07\/meydan-logo.svg","contentUrl":"https:\/\/www.meydan.tv\/wp-content\/uploads\/2021\/07\/meydan-logo.svg","width":195,"height":46,"caption":"Meydan TV"},"image":{"@id":"https:\/\/www.meydan.tv\/az\/#\/schema\/logo\/image\/"}},{"@type":"Person","@id":"https:\/\/www.meydan.tv\/az\/#\/schema\/person\/10d11eccf6da3662cf5fdab9806ea91a","name":"user-manager"}]}},"_links":{"self":[{"href":"https:\/\/www.meydan.tv\/az\/wp-json\/wp\/v2\/posts\/197157","targetHints":{"allow":["GET"]}}],"collection":[{"href":"https:\/\/www.meydan.tv\/az\/wp-json\/wp\/v2\/posts"}],"about":[{"href":"https:\/\/www.meydan.tv\/az\/wp-json\/wp\/v2\/types\/post"}],"author":[{"embeddable":true,"href":"https:\/\/www.meydan.tv\/az\/wp-json\/wp\/v2\/users\/11"}],"replies":[{"embeddable":true,"href":"https:\/\/www.meydan.tv\/az\/wp-json\/wp\/v2\/comments?post=197157"}],"version-history":[{"count":0,"href":"https:\/\/www.meydan.tv\/az\/wp-json\/wp\/v2\/posts\/197157\/revisions"}],"wp:featuredmedia":[{"embeddable":true,"href":"https:\/\/www.meydan.tv\/az\/wp-json\/wp\/v2\/media\/130285"}],"wp:attachment":[{"href":"https:\/\/www.meydan.tv\/az\/wp-json\/wp\/v2\/media?parent=197157"}],"wp:term":[{"taxonomy":"category","embeddable":true,"href":"https:\/\/www.meydan.tv\/az\/wp-json\/wp\/v2\/categories?post=197157"},{"taxonomy":"post_tag","embeddable":true,"href":"https:\/\/www.meydan.tv\/az\/wp-json\/wp\/v2\/tags?post=197157"}],"curies":[{"name":"wp","href":"https:\/\/api.w.org\/{rel}","templated":true}]}}