{"id":197156,"date":"2019-09-26T16:55:48","date_gmt":"2019-09-26T16:55:48","guid":{"rendered":"https:\/\/www.meydan.tv\/article\/axcp-lokbatanda-mitinq-kecirmeyecek\/"},"modified":"2019-09-26T16:55:48","modified_gmt":"2019-09-26T16:55:48","slug":"axcp-lokbatanda-mitinq-kecirmeyecek","status":"publish","type":"post","link":"https:\/\/www.meydan.tv\/az\/article\/axcp-lokbatanda-mitinq-kecirmeyecek\/","title":{"rendered":"Milli \u015eura L\u00f6kbatanda mitinq ke\u00e7irm\u0259y\u0259c\u0259k"},"content":{"rendered":"<p>\n  Bak\u0131 \u015e\u0259h\u0259r \u0130cra Hakimiyy\u0259ti Milli \u015euran\u0131n sentyabr\u0131n 28-d\u0259 mitinq ke\u00e7irm\u0259kl\u0259 ba\u011fl\u0131 m\u00fcraci\u0259tin\u0259 cavab verib.\n<\/p>\n<p>\n  \u0130cra hakimiyy\u0259ti Milli \u015euraya cavab m\u0259ktubunda L\u00f6kbatan q\u0259s\u0259b\u0259si, 28 may k\u00fc\u00e7\u0259si, \u201cNeft\u00e7i\u201d idman klubunun Qarada\u011f t\u0259lim idman bazas\u0131n\u0131 g\u00f6st\u0259rib.\n<\/p>\n<p>\n  Milli \u015eura m\u00fcraci\u0259tind\u0259 \u201c28 may\u201d metrostansiyas\u0131n\u0131, N\u0259rimanov park\u0131n\u0131 v\u0259 Tofiq B\u0259hramov stadionunun qar\u015f\u0131s\u0131n\u0131 qeyd etmi\u015fdi.\n<\/p>\n<p>\n  AXCP s\u0259dri \u018fli K\u0259rimli \u015f\u0259h\u0259r icra hakimiyy\u0259tinin cavab m\u0259ktubunu hakimiyy\u0259tin qorxaql\u0131\u011f\u0131 kimi xarakteriz\u0259 edib:\n<\/p>\n<p>\n  \u201cA\u00e7\u0131q-a\u015fkar Bak\u0131da mitinq ke\u00e7irm\u0259yimizd\u0259n qorxurlar. Konstitusiyan\u0131, qanunu tapdalay\u0131b, mitinq m\u00fcraci\u0259timiz\u0259 vaxt\u0131nda (mitinq\u0259 3 i\u015f g\u00fcn\u00fc qalm\u0131\u015f) cavab verm\u0259dil\u0259r. Mitinq\u0259 c\u0259mi 1 i\u015f g\u00fcn\u00fc qalm\u0131\u015f \u2013 indi biz\u0259 cavab veribl\u0259r. Bak\u0131 \u015e\u0259h\u0259r \u0130cra Hakimiyy\u0259ti 28 sentyabr mitinqin\u0259 Qarada\u011f rayonu, L\u00f6kbatan q\u0259s\u0259b\u0259sind\u0259 raz\u0131l\u0131q verib. H\u0259m Milli \u015eurada, h\u0259m d\u0259 AXCP R\u0259yas\u0259t Hey\u0259tind\u0259 bu variant\u0131 \u0259vv\u0259lc\u0259d\u0259n m\u00fczakir\u0259 etmi\u015fdik. L\u00f6kbatanda v\u0259 ya \u015f\u0259h\u0259rd\u0259n k\u0259nar h\u0259r hans\u0131 q\u0259s\u0259b\u0259d\u0259 mitinq ke\u00e7irm\u0259y\u0259c\u0259yik. L\u00f6kbatanda mitinq ke\u00e7irm\u0259k t\u0259klifini \u0259slind\u0259 mitinq\u0259 \u201cyox\u201d dem\u0259k kimi qiym\u0259tl\u0259ndiririk. Ayd\u0131nd\u0131r ki, bu \u015f\u0259raitd\u0259 28 sentyabr mitinqini ke\u00e7irm\u0259k al\u0131nmayacaq. Ancaq bel\u0259 d\u0259 davam ed\u0259 bilm\u0259z. Etiraz aksiyalar\u0131 ke\u00e7irilm\u0259lidir v\u0259 ke\u00e7iril\u0259c\u0259k\u201d.\n<\/p>\n<p>\n  \u018fli K\u0259rimli \u0259lav\u0259 edib ki, AXCP v\u0259 Milli \u015eurada m\u00fczakir\u0259l\u0259rd\u0259n sonra n\u00f6vb\u0259ti q\u0259rarlar\u0131 bar\u0259d\u0259 ictimaiyy\u0259t\u0259 m\u0259lumat veril\u0259c\u0259k.\n<\/p>\n<p>\n  Milli \u015euran\u0131n 19 yanvar mitinqind\u0259n sonra \u015f\u0259h\u0259r r\u0259hb\u0259rliyi aksiyalarla ba\u011fl\u0131 m\u00fcraci\u0259tl\u0259r\u0259 r\u0259dd cavab verib.\n<\/p>\n<figure class=\"wp-block-image size-large\">\n  <img decoding=\"async\" src=\"https:\/\/www.meydan.tv\/az\/screenshot_45-png\/\" alt=\"Screenshot_45.png\" class=\"wp-image-130288\"\/><figcaption>\n    L\u00f6kbatan q\u0259s\u0259b\u0259si, 28 may k\u00fc\u00e7\u0259si, \u201cNeft\u00e7i\u201d idman klubunun Qarada\u011f t\u0259lim idman bazas\u0131<br \/>\n  <\/figcaption><\/figure>\n","protected":false},"excerpt":{"rendered":"<p>\u018fli K\u0259rimli: \u201c\u201cA\u00e7\u0131q-a\u015fkar Bak\u0131da mitinq ke\u00e7irm\u0259yimizd\u0259n qorxurlar\u201d<\/p>\n","protected":false},"author":11,"featured_media":130282,"comment_status":"closed","ping_status":"open","sticky":false,"template":"","format":"standard","meta":{"_acf_changed":false,"_sitemap_exclude":false,"_sitemap_priority":"","_sitemap_frequency":"","footnotes":""},"categories":[59],"tags":[],"class_list":["post-197156","post","type-post","status-publish","format-standard","has-post-thumbnail","hentry","category-siyaset","infinite-scroll-item","generate-columns","tablet-grid-50","mobile-grid-100","grid-parent","grid-33","no-featured-image-padding"],"acf":[],"yoast_head":"<!-- This site is optimized with the Yoast SEO plugin v27.5 - https:\/\/yoast.com\/product\/yoast-seo-wordpress\/ -->\n<title>Milli \u015eura L\u00f6kbatanda mitinq ke\u00e7irm\u0259y\u0259c\u0259k - MEYDAN.TV<\/title>\n<meta name=\"robots\" content=\"index, follow, max-snippet:-1, max-image-preview:large, max-video-preview:-1\" \/>\n<link rel=\"canonical\" href=\"https:\/\/www.meydan.tv\/az\/article\/axcp-lokbatanda-mitinq-kecirmeyecek\/\" \/>\n<meta property=\"og:locale\" content=\"az_AZ\" \/>\n<meta property=\"og:type\" content=\"article\" \/>\n<meta property=\"og:title\" content=\"Milli \u015eura L\u00f6kbatanda mitinq ke\u00e7irm\u0259y\u0259c\u0259k - MEYDAN.TV\" \/>\n<meta property=\"og:description\" content=\"\u018fli K\u0259rimli: \u201c\u201cA\u00e7\u0131q-a\u015fkar Bak\u0131da mitinq ke\u00e7irm\u0259yimizd\u0259n qorxurlar\u201d\" \/>\n<meta property=\"og:url\" content=\"https:\/\/www.meydan.tv\/az\/article\/axcp-lokbatanda-mitinq-kecirmeyecek\/\" \/>\n<meta property=\"og:site_name\" content=\"MEYDAN.TV\" \/>\n<meta property=\"article:published_time\" content=\"2019-09-26T16:55:48+00:00\" \/>\n<meta property=\"og:image\" content=\"https:\/\/www.meydan.tv\/wp-content\/uploads\/milli-sura3.jpg\" \/>\n\t<meta property=\"og:image:width\" content=\"1500\" \/>\n\t<meta property=\"og:image:height\" content=\"1000\" \/>\n\t<meta property=\"og:image:type\" content=\"image\/jpeg\" \/>\n<meta name=\"author\" content=\"user-manager\" \/>\n<meta name=\"twitter:card\" content=\"summary_large_image\" \/>\n<script type=\"application\/ld+json\" class=\"yoast-schema-graph\">{\"@context\":\"https:\\\/\\\/schema.org\",\"@graph\":[{\"@type\":\"Article\",\"@id\":\"https:\\\/\\\/www.meydan.tv\\\/az\\\/article\\\/axcp-lokbatanda-mitinq-kecirmeyecek\\\/#article\",\"isPartOf\":{\"@id\":\"https:\\\/\\\/www.meydan.tv\\\/az\\\/article\\\/axcp-lokbatanda-mitinq-kecirmeyecek\\\/\"},\"author\":{\"name\":\"user-manager\",\"@id\":\"https:\\\/\\\/www.meydan.tv\\\/az\\\/#\\\/schema\\\/person\\\/10d11eccf6da3662cf5fdab9806ea91a\"},\"headline\":\"Milli \u015eura L\u00f6kbatanda mitinq ke\u00e7irm\u0259y\u0259c\u0259k\",\"datePublished\":\"2019-09-26T16:55:48+00:00\",\"mainEntityOfPage\":{\"@id\":\"https:\\\/\\\/www.meydan.tv\\\/az\\\/article\\\/axcp-lokbatanda-mitinq-kecirmeyecek\\\/\"},\"wordCount\":331,\"publisher\":{\"@id\":\"https:\\\/\\\/www.meydan.tv\\\/az\\\/#organization\"},\"image\":{\"@id\":\"https:\\\/\\\/www.meydan.tv\\\/az\\\/article\\\/axcp-lokbatanda-mitinq-kecirmeyecek\\\/#primaryimage\"},\"thumbnailUrl\":\"https:\\\/\\\/www.meydan.tv\\\/wp-content\\\/uploads\\\/milli-sura3.jpg\",\"articleSection\":[\"Siyas\u0259t\"],\"inLanguage\":\"az\"},{\"@type\":\"WebPage\",\"@id\":\"https:\\\/\\\/www.meydan.tv\\\/az\\\/article\\\/axcp-lokbatanda-mitinq-kecirmeyecek\\\/\",\"url\":\"https:\\\/\\\/www.meydan.tv\\\/az\\\/article\\\/axcp-lokbatanda-mitinq-kecirmeyecek\\\/\",\"name\":\"Milli \u015eura L\u00f6kbatanda mitinq ke\u00e7irm\u0259y\u0259c\u0259k - MEYDAN.TV\",\"isPartOf\":{\"@id\":\"https:\\\/\\\/www.meydan.tv\\\/az\\\/#website\"},\"primaryImageOfPage\":{\"@id\":\"https:\\\/\\\/www.meydan.tv\\\/az\\\/article\\\/axcp-lokbatanda-mitinq-kecirmeyecek\\\/#primaryimage\"},\"image\":{\"@id\":\"https:\\\/\\\/www.meydan.tv\\\/az\\\/article\\\/axcp-lokbatanda-mitinq-kecirmeyecek\\\/#primaryimage\"},\"thumbnailUrl\":\"https:\\\/\\\/www.meydan.tv\\\/wp-content\\\/uploads\\\/milli-sura3.jpg\",\"datePublished\":\"2019-09-26T16:55:48+00:00\",\"breadcrumb\":{\"@id\":\"https:\\\/\\\/www.meydan.tv\\\/az\\\/article\\\/axcp-lokbatanda-mitinq-kecirmeyecek\\\/#breadcrumb\"},\"inLanguage\":\"az\",\"potentialAction\":[{\"@type\":\"ReadAction\",\"target\":[\"https:\\\/\\\/www.meydan.tv\\\/az\\\/article\\\/axcp-lokbatanda-mitinq-kecirmeyecek\\\/\"]}]},{\"@type\":\"ImageObject\",\"inLanguage\":\"az\",\"@id\":\"https:\\\/\\\/www.meydan.tv\\\/az\\\/article\\\/axcp-lokbatanda-mitinq-kecirmeyecek\\\/#primaryimage\",\"url\":\"https:\\\/\\\/www.meydan.tv\\\/wp-content\\\/uploads\\\/milli-sura3.jpg\",\"contentUrl\":\"https:\\\/\\\/www.meydan.tv\\\/wp-content\\\/uploads\\\/milli-sura3.jpg\",\"width\":1500,\"height\":1000,\"caption\":\"Foto: Meydan TV\"},{\"@type\":\"BreadcrumbList\",\"@id\":\"https:\\\/\\\/www.meydan.tv\\\/az\\\/article\\\/axcp-lokbatanda-mitinq-kecirmeyecek\\\/#breadcrumb\",\"itemListElement\":[{\"@type\":\"ListItem\",\"position\":1,\"name\":\"Ana s\u0259hif\u0259\",\"item\":\"https:\\\/\\\/www.meydan.tv\\\/az\\\/\"},{\"@type\":\"ListItem\",\"position\":2,\"name\":\"Siyas\u0259t\",\"item\":\"https:\\\/\\\/www.meydan.tv\\\/az\\\/section\\\/siyaset\\\/\"},{\"@type\":\"ListItem\",\"position\":3,\"name\":\"Milli \u015eura L\u00f6kbatanda mitinq ke\u00e7irm\u0259y\u0259c\u0259k\"}]},{\"@type\":\"WebSite\",\"@id\":\"https:\\\/\\\/www.meydan.tv\\\/az\\\/#website\",\"url\":\"https:\\\/\\\/www.meydan.tv\\\/az\\\/\",\"name\":\"MEYDAN.TV\",\"description\":\"Meydan TV Az\u0259rbaycan\u0131n media m\u0259kan\u0131ndak\u0131 alternativ s\u0259sidir\",\"publisher\":{\"@id\":\"https:\\\/\\\/www.meydan.tv\\\/az\\\/#organization\"},\"potentialAction\":[{\"@type\":\"SearchAction\",\"target\":{\"@type\":\"EntryPoint\",\"urlTemplate\":\"https:\\\/\\\/www.meydan.tv\\\/az\\\/?s={search_term_string}\"},\"query-input\":{\"@type\":\"PropertyValueSpecification\",\"valueRequired\":true,\"valueName\":\"search_term_string\"}}],\"inLanguage\":\"az\"},{\"@type\":\"Organization\",\"@id\":\"https:\\\/\\\/www.meydan.tv\\\/az\\\/#organization\",\"name\":\"Meydan TV\",\"url\":\"https:\\\/\\\/www.meydan.tv\\\/az\\\/\",\"logo\":{\"@type\":\"ImageObject\",\"inLanguage\":\"az\",\"@id\":\"https:\\\/\\\/www.meydan.tv\\\/az\\\/#\\\/schema\\\/logo\\\/image\\\/\",\"url\":\"https:\\\/\\\/www.meydan.tv\\\/wp-content\\\/uploads\\\/2021\\\/07\\\/meydan-logo.svg\",\"contentUrl\":\"https:\\\/\\\/www.meydan.tv\\\/wp-content\\\/uploads\\\/2021\\\/07\\\/meydan-logo.svg\",\"width\":195,\"height\":46,\"caption\":\"Meydan TV\"},\"image\":{\"@id\":\"https:\\\/\\\/www.meydan.tv\\\/az\\\/#\\\/schema\\\/logo\\\/image\\\/\"}},{\"@type\":\"Person\",\"@id\":\"https:\\\/\\\/www.meydan.tv\\\/az\\\/#\\\/schema\\\/person\\\/10d11eccf6da3662cf5fdab9806ea91a\",\"name\":\"user-manager\"}]}<\/script>\n<!-- \/ Yoast SEO plugin. -->","yoast_head_json":{"title":"Milli \u015eura L\u00f6kbatanda mitinq ke\u00e7irm\u0259y\u0259c\u0259k - MEYDAN.TV","robots":{"index":"index","follow":"follow","max-snippet":"max-snippet:-1","max-image-preview":"max-image-preview:large","max-video-preview":"max-video-preview:-1"},"canonical":"https:\/\/www.meydan.tv\/az\/article\/axcp-lokbatanda-mitinq-kecirmeyecek\/","og_locale":"az_AZ","og_type":"article","og_title":"Milli \u015eura L\u00f6kbatanda mitinq ke\u00e7irm\u0259y\u0259c\u0259k - MEYDAN.TV","og_description":"\u018fli K\u0259rimli: \u201c\u201cA\u00e7\u0131q-a\u015fkar Bak\u0131da mitinq ke\u00e7irm\u0259yimizd\u0259n qorxurlar\u201d","og_url":"https:\/\/www.meydan.tv\/az\/article\/axcp-lokbatanda-mitinq-kecirmeyecek\/","og_site_name":"MEYDAN.TV","article_published_time":"2019-09-26T16:55:48+00:00","og_image":[{"width":1500,"height":1000,"url":"https:\/\/www.meydan.tv\/wp-content\/uploads\/milli-sura3.jpg","type":"image\/jpeg"}],"author":"user-manager","twitter_card":"summary_large_image","schema":{"@context":"https:\/\/schema.org","@graph":[{"@type":"Article","@id":"https:\/\/www.meydan.tv\/az\/article\/axcp-lokbatanda-mitinq-kecirmeyecek\/#article","isPartOf":{"@id":"https:\/\/www.meydan.tv\/az\/article\/axcp-lokbatanda-mitinq-kecirmeyecek\/"},"author":{"name":"user-manager","@id":"https:\/\/www.meydan.tv\/az\/#\/schema\/person\/10d11eccf6da3662cf5fdab9806ea91a"},"headline":"Milli \u015eura L\u00f6kbatanda mitinq ke\u00e7irm\u0259y\u0259c\u0259k","datePublished":"2019-09-26T16:55:48+00:00","mainEntityOfPage":{"@id":"https:\/\/www.meydan.tv\/az\/article\/axcp-lokbatanda-mitinq-kecirmeyecek\/"},"wordCount":331,"publisher":{"@id":"https:\/\/www.meydan.tv\/az\/#organization"},"image":{"@id":"https:\/\/www.meydan.tv\/az\/article\/axcp-lokbatanda-mitinq-kecirmeyecek\/#primaryimage"},"thumbnailUrl":"https:\/\/www.meydan.tv\/wp-content\/uploads\/milli-sura3.jpg","articleSection":["Siyas\u0259t"],"inLanguage":"az"},{"@type":"WebPage","@id":"https:\/\/www.meydan.tv\/az\/article\/axcp-lokbatanda-mitinq-kecirmeyecek\/","url":"https:\/\/www.meydan.tv\/az\/article\/axcp-lokbatanda-mitinq-kecirmeyecek\/","name":"Milli \u015eura L\u00f6kbatanda mitinq ke\u00e7irm\u0259y\u0259c\u0259k - MEYDAN.TV","isPartOf":{"@id":"https:\/\/www.meydan.tv\/az\/#website"},"primaryImageOfPage":{"@id":"https:\/\/www.meydan.tv\/az\/article\/axcp-lokbatanda-mitinq-kecirmeyecek\/#primaryimage"},"image":{"@id":"https:\/\/www.meydan.tv\/az\/article\/axcp-lokbatanda-mitinq-kecirmeyecek\/#primaryimage"},"thumbnailUrl":"https:\/\/www.meydan.tv\/wp-content\/uploads\/milli-sura3.jpg","datePublished":"2019-09-26T16:55:48+00:00","breadcrumb":{"@id":"https:\/\/www.meydan.tv\/az\/article\/axcp-lokbatanda-mitinq-kecirmeyecek\/#breadcrumb"},"inLanguage":"az","potentialAction":[{"@type":"ReadAction","target":["https:\/\/www.meydan.tv\/az\/article\/axcp-lokbatanda-mitinq-kecirmeyecek\/"]}]},{"@type":"ImageObject","inLanguage":"az","@id":"https:\/\/www.meydan.tv\/az\/article\/axcp-lokbatanda-mitinq-kecirmeyecek\/#primaryimage","url":"https:\/\/www.meydan.tv\/wp-content\/uploads\/milli-sura3.jpg","contentUrl":"https:\/\/www.meydan.tv\/wp-content\/uploads\/milli-sura3.jpg","width":1500,"height":1000,"caption":"Foto: Meydan TV"},{"@type":"BreadcrumbList","@id":"https:\/\/www.meydan.tv\/az\/article\/axcp-lokbatanda-mitinq-kecirmeyecek\/#breadcrumb","itemListElement":[{"@type":"ListItem","position":1,"name":"Ana s\u0259hif\u0259","item":"https:\/\/www.meydan.tv\/az\/"},{"@type":"ListItem","position":2,"name":"Siyas\u0259t","item":"https:\/\/www.meydan.tv\/az\/section\/siyaset\/"},{"@type":"ListItem","position":3,"name":"Milli \u015eura L\u00f6kbatanda mitinq ke\u00e7irm\u0259y\u0259c\u0259k"}]},{"@type":"WebSite","@id":"https:\/\/www.meydan.tv\/az\/#website","url":"https:\/\/www.meydan.tv\/az\/","name":"MEYDAN.TV","description":"Meydan TV Az\u0259rbaycan\u0131n media m\u0259kan\u0131ndak\u0131 alternativ s\u0259sidir","publisher":{"@id":"https:\/\/www.meydan.tv\/az\/#organization"},"potentialAction":[{"@type":"SearchAction","target":{"@type":"EntryPoint","urlTemplate":"https:\/\/www.meydan.tv\/az\/?s={search_term_string}"},"query-input":{"@type":"PropertyValueSpecification","valueRequired":true,"valueName":"search_term_string"}}],"inLanguage":"az"},{"@type":"Organization","@id":"https:\/\/www.meydan.tv\/az\/#organization","name":"Meydan TV","url":"https:\/\/www.meydan.tv\/az\/","logo":{"@type":"ImageObject","inLanguage":"az","@id":"https:\/\/www.meydan.tv\/az\/#\/schema\/logo\/image\/","url":"https:\/\/www.meydan.tv\/wp-content\/uploads\/2021\/07\/meydan-logo.svg","contentUrl":"https:\/\/www.meydan.tv\/wp-content\/uploads\/2021\/07\/meydan-logo.svg","width":195,"height":46,"caption":"Meydan TV"},"image":{"@id":"https:\/\/www.meydan.tv\/az\/#\/schema\/logo\/image\/"}},{"@type":"Person","@id":"https:\/\/www.meydan.tv\/az\/#\/schema\/person\/10d11eccf6da3662cf5fdab9806ea91a","name":"user-manager"}]}},"_links":{"self":[{"href":"https:\/\/www.meydan.tv\/az\/wp-json\/wp\/v2\/posts\/197156","targetHints":{"allow":["GET"]}}],"collection":[{"href":"https:\/\/www.meydan.tv\/az\/wp-json\/wp\/v2\/posts"}],"about":[{"href":"https:\/\/www.meydan.tv\/az\/wp-json\/wp\/v2\/types\/post"}],"author":[{"embeddable":true,"href":"https:\/\/www.meydan.tv\/az\/wp-json\/wp\/v2\/users\/11"}],"replies":[{"embeddable":true,"href":"https:\/\/www.meydan.tv\/az\/wp-json\/wp\/v2\/comments?post=197156"}],"version-history":[{"count":0,"href":"https:\/\/www.meydan.tv\/az\/wp-json\/wp\/v2\/posts\/197156\/revisions"}],"wp:featuredmedia":[{"embeddable":true,"href":"https:\/\/www.meydan.tv\/az\/wp-json\/wp\/v2\/media\/130282"}],"wp:attachment":[{"href":"https:\/\/www.meydan.tv\/az\/wp-json\/wp\/v2\/media?parent=197156"}],"wp:term":[{"taxonomy":"category","embeddable":true,"href":"https:\/\/www.meydan.tv\/az\/wp-json\/wp\/v2\/categories?post=197156"},{"taxonomy":"post_tag","embeddable":true,"href":"https:\/\/www.meydan.tv\/az\/wp-json\/wp\/v2\/tags?post=197156"}],"curies":[{"name":"wp","href":"https:\/\/api.w.org\/{rel}","templated":true}]}}