{"id":197151,"date":"2019-09-26T16:10:46","date_gmt":"2019-09-26T16:10:46","guid":{"rendered":"https:\/\/www.meydan.tv\/article\/kecmis-fransa-prezidenti-jak-sirak-vefat-edib\/"},"modified":"2019-09-26T16:10:46","modified_gmt":"2019-09-26T16:10:46","slug":"kecmis-fransa-prezidenti-jak-sirak-vefat-edib","status":"publish","type":"post","link":"https:\/\/www.meydan.tv\/az\/article\/kecmis-fransa-prezidenti-jak-sirak-vefat-edib\/","title":{"rendered":"Ke\u00e7mi\u015f Fransa prezidenti Jak \u015eirak v\u0259fat edib"},"content":{"rendered":"<p>\n  <i><br \/>\n    \u015eirak h\u0259r \u015feyd\u0259n \u00f6nc\u0259 siyasi cazib\u0259darl\u0131q s\u0259n\u0259tind\u0259 ustad olaraq xat\u0131rlanacaq<br \/>\n  <\/i>\n<\/p>\n<p>\n  Avropan\u0131n \u0259n uzun siyasi karyeralar\u0131ndan birin\u0259 sahib olan Fransan\u0131n ke\u00e7mi\u015f prezidenti Jak \u015eirak 86 ya\u015f\u0131nda v\u0259fat edib.\n<\/p>\n<p>\n  \u201cGuardian\u201d yaz\u0131r ki, \u015eirak 1995-2007-ci ill\u0259rd\u0259 \u0130raq m\u00fcharib\u0259sin\u0259 qar\u015f\u0131 \u00e7\u0131xan v\u0259 Holokostu tan\u0131yan ilk Fransa prezidenti kimi tarixd\u0259 qalacaq.\n<\/p>\n<p>\n  \u015eirak art\u0131q bir ne\u00e7\u0259 ildir ki, Alzaymer x\u0259st\u0259liyinin t\u0259siri olaraq yadda\u015f itkisind\u0259n \u0259ziyy\u0259t \u00e7\u0259kirdi. O, h\u0259l\u0259 v\u0259zif\u0259d\u0259yk\u0259n bu s\u0259b\u0259bd\u0259n b\u0259zi sars\u0131nt\u0131lar ke\u00e7irib.\n<\/p>\n<p>\n  1995-2007-ci ill\u0259rd\u0259 d\u00f6vl\u0259t ba\u015f\u00e7\u0131s\u0131 olan \u015eirak Avropadak\u0131 \u0259n uzun davaml\u0131 siyasi karyeralardan birini realla\u015fd\u0131r\u0131b. O, iki d\u0259f\u0259 prezident, iki d\u0259f\u0259 Ba\u015f nazir v\u0259 18 il Paris meri kimi f\u0259aliyy\u0259t g\u00f6st\u0259rib.\n<\/p>\n<p>\n  Prezident oldu\u011fu d\u00f6vr f\u0259aliyy\u0259tsizlik v\u0259 siyasi dur\u011funluqla yadda qalsa da, Fransan\u0131 b\u00f6l\u00fcnm\u00fc\u015f v\u0259 borc, b\u0259rab\u0259rsizlik v\u0259 i\u015fsizlik i\u00e7ind\u0259 buraxsa da, \u015eirak\u0131n \u015f\u0259xsiyy\u0259ti onu Fransan\u0131n sevimli siyas\u0259t\u00e7isin\u0259 \u00e7evirmi\u015fdi, \u201cGuardian\u201d vur\u011fulay\u0131r\n<\/p>\n<p>\n  \u015eirak tarixd\u0259 h\u0259m\u00e7inin Fransan\u0131n \u0130raq m\u00fcharib\u0259si \u0259leyhin\u0259 m\u00f6vqeyini m\u00fcdafi\u0259 ed\u0259n r\u0259hb\u0259r olaraq qalacaq. 2003-c\u00fc ild\u0259 AB\u015e-\u0131n r\u0259hb\u0259rliyi alt\u0131nda ba\u015flad\u0131lm\u0131\u015f \u0130raq\u0131n i\u015f\u011fal\u0131na qar\u015f\u0131 Fransan\u0131n g\u00fccl\u00fc m\u00fcxalif duru\u015fu xalq t\u0259r\u0259find\u0259n 90 faiz s\u0259s \u00e7oxlu\u011fuyla t\u0259qdir edilmi\u015fdi. \u201cM\u00fcharib\u0259 h\u0259r zaman son add\u0131md\u0131r. H\u0259mi\u015f\u0259 u\u011fursuzlu\u011fun s\u00fcbutudur. Bu, h\u0259mi\u015f\u0259 h\u0259ll yollar\u0131n\u0131n \u0259n pisidir, \u00e7\u00fcnki \u00f6l\u00fcm v\u0259 s\u0259fal\u0259t g\u0259tirir \u201d &#8211; \u015eirak AB\u015e-\u0131n r\u0259hb\u0259rlik etdiyi koalisiya q\u00fcvv\u0259l\u0259ri \u0130raqa girm\u0259zd\u0259n bir h\u0259ft\u0259 \u0259vv\u0259l demi\u015fdi. Ke\u00e7mi\u015f prezident \u0130raq\u0131n i\u015f\u011fal\u0131n\u0131n \u201ckabus\u201d olaca\u011f\u0131n\u0131 x\u0259b\u0259rdarl\u0131q etmi\u015fdi.\n<\/p>\n<p>\n  \u015eirak\u0131n \u00f6lk\u0259d\u0259ki \u0259n b\u00f6y\u00fck jestl\u0259rind\u0259n biri b\u00fct\u00f6vl\u00fckd\u0259 Fransan\u0131n \u0130kinci d\u00fcnya m\u00fcharib\u0259si zaman\u0131 nasistl\u0259rin \u00f6l\u00fcm d\u00fc\u015f\u0259rg\u0259l\u0259rin\u0259 g\u00f6nd\u0259rdiyi 76,000 y\u0259hudinin toplanmas\u0131na g\u00f6r\u0259 m\u0259suliyy\u0259t da\u015f\u0131d\u0131\u011f\u0131n\u0131 etiraf ed\u0259r\u0259k frans\u0131zlar\u0131 \u00f6z tarixi il\u0259 bar\u0131\u015fd\u0131rmaq olub. Alman i\u015f\u011fal\u0131n\u0131n \u201ccinay\u0259tkar axmaql\u0131\u011f\u0131na\u201d \u201cFrans\u0131z xalq\u0131, Fransa d\u00f6vl\u0259tinin k\u00f6m\u0259k etm\u0259siyl\u0259 ba\u011fl\u0131 \u015eirak\u0131n b\u0259yanat\u0131 i\u015f\u011fal\u0131n v\u0259 Vichy rejiminin son tabusunu aradan qald\u0131rm\u0131\u015f oldu. Onun ictimai olaraq \u00fczrxahl\u0131q etm\u0259si m\u00fcharib\u0259d\u0259n sonrak\u0131 d\u00f6vrd\u0259 d\u00f6vl\u0259t ba\u015f\u00e7\u0131s\u0131n\u0131n Fransan\u0131n m\u00fcharib\u0259d\u0259ki rolunun ilk etiraf\u0131 hesab edilir.\n<\/p>\n<p>\n  \u015eirak h\u0259r \u015feyd\u0259n \u00f6nc\u0259 is\u0259 siyasi cazib\u0259darl\u0131q s\u0259n\u0259tind\u0259 ustad olaraq xat\u0131rlanacaq. Onillikl\u0259r boyu o, durmadan \u0259l s\u0131xmalar, in\u0259kl\u0259rin k\u00fcr\u0259yini ox\u015famas\u0131 v\u0259 itl\u0259rin p\u0259nc\u0259l\u0259rini silk\u0259l\u0259m\u0259siyl\u0259, bir g\u00fcnorta i\u00e7\u0259risind\u0259 be\u015f nahar ed\u0259 bil\u0259n v\u0259 piv\u0259 i\u00e7\u0259n v\u0259 \u201cGitanes\u201d siqareti \u00e7\u0259k\u0259n insan olaraq xatir\u0259l\u0259rd\u0259 qalacaq.\n<\/p>\n<p>\n  Fransan\u0131 qar\u0131\u015f-qar\u0131\u015f g\u0259z\u0259rk\u0259n fermer v\u0259 pensiya\u00e7\u0131larla \u0259l s\u0131xmalardan sonra barmaqlar\u0131n\u0131 bir vedr\u0259 buza qoymas\u0131 v\u0259 ya onlar\u0131 g\u00f6y\u0259rtid\u0259n, q\u0131zart\u0131lardan qorumaq \u00fc\u00e7\u00fcn plaster yap\u0131\u015fd\u0131rd\u0131\u011f\u0131 diqq\u0259tl\u0259rd\u0259n qa\u00e7mam\u0131\u015fd\u0131. \u015eirak\u0131n fiziki yax\u0131nl\u0131q g\u00f6st\u0259rm\u0259si is\u0259 h\u0259r zaman ictimai diqq\u0259t \u00e7\u0259kib. Bel\u0259 ki, o, ist\u0259nil\u0259n an ya\u015fl\u0131 se\u00e7icini qucaqlaya v\u0259 ya alman kansleri Angela Merkelin \u0259lini \u00f6p\u0259 bil\u0259rdi.\n<\/p>\n<p>\n  \u015eirak \u00e7ox tez- tez istehzalara m\u0259ruz qal\u0131b v\u0259 h\u0259tta bir d\u0259f\u0259 \u201cSuper yalan\u00e7\u0131\u201d l\u0259q\u0259bi d\u0259 al\u0131b. 2011-ci ild\u0259ki tarixi m\u0259hk\u0259m\u0259d\u0259n sonra, o, ilk d\u0259f\u0259 olaraq k\u00f6hn\u0259 prezident kimi ittiham edildi. Bel\u0259 ki, o, Parisin meri oldu\u011fu zaman bir partiyan\u0131n maliyy\u0259l\u0259\u015fdirm\u0259 qalmaqal\u0131nda m\u0259nims\u0259m\u0259 ittiham\u0131ndan sonra korrupsiyada da ittiham olunan ilk ke\u00e7mi\u015f prezident oldu. Bununla bel\u0259, o, Fransa prezidentinin respublika\u00e7\u0131 monarx rolunu y\u00fcks\u0259k s\u0259viyy\u0259d\u0259 sahibl\u0259n\u0259 bildi. Ondan sonra n\u0259 Nikola Sarkozi, n\u0259 d\u0259 Fransua Holland (Fran\u00e7ois Hollande) bu bo\u015flu\u011fu doldura bilm\u0259diyi g\u00f6r\u00fcld\u00fc.<\/p>\n","protected":false},"excerpt":{"rendered":"<p>\u015eirak h\u0259r \u015feyd\u0259n \u00f6nc\u0259 siyasi cazib\u0259darl\u0131q s\u0259n\u0259tind\u0259 ustad olaraq xat\u0131rlanacaq<\/p>\n","protected":false},"author":11,"featured_media":130279,"comment_status":"closed","ping_status":"open","sticky":false,"template":"","format":"standard","meta":{"_acf_changed":false,"_sitemap_exclude":false,"_sitemap_priority":"","_sitemap_frequency":"","footnotes":""},"categories":[64],"tags":[],"class_list":["post-197151","post","type-post","status-publish","format-standard","has-post-thumbnail","hentry","category-dunya","infinite-scroll-item","generate-columns","tablet-grid-50","mobile-grid-100","grid-parent","grid-33","no-featured-image-padding"],"acf":[],"yoast_head":"<!-- This site is optimized with the Yoast SEO plugin v27.5 - https:\/\/yoast.com\/product\/yoast-seo-wordpress\/ -->\n<title>Ke\u00e7mi\u015f Fransa prezidenti Jak \u015eirak v\u0259fat edib - MEYDAN.TV<\/title>\n<meta name=\"robots\" content=\"index, follow, max-snippet:-1, max-image-preview:large, max-video-preview:-1\" \/>\n<link rel=\"canonical\" href=\"https:\/\/www.meydan.tv\/az\/article\/kecmis-fransa-prezidenti-jak-sirak-vefat-edib\/\" \/>\n<meta property=\"og:locale\" content=\"az_AZ\" \/>\n<meta property=\"og:type\" content=\"article\" \/>\n<meta property=\"og:title\" content=\"Ke\u00e7mi\u015f Fransa prezidenti Jak \u015eirak v\u0259fat edib - MEYDAN.TV\" \/>\n<meta property=\"og:description\" content=\"\u015eirak h\u0259r \u015feyd\u0259n \u00f6nc\u0259 siyasi cazib\u0259darl\u0131q s\u0259n\u0259tind\u0259 ustad olaraq xat\u0131rlanacaq\" \/>\n<meta property=\"og:url\" content=\"https:\/\/www.meydan.tv\/az\/article\/kecmis-fransa-prezidenti-jak-sirak-vefat-edib\/\" \/>\n<meta property=\"og:site_name\" content=\"MEYDAN.TV\" \/>\n<meta property=\"article:published_time\" content=\"2019-09-26T16:10:46+00:00\" \/>\n<meta property=\"og:image\" content=\"https:\/\/www.meydan.tv\/wp-content\/uploads\/2a1d4c1de41aaeb5bce2b96bb961287c_41.jpg\" \/>\n\t<meta property=\"og:image:width\" content=\"1280\" \/>\n\t<meta property=\"og:image:height\" content=\"833\" \/>\n\t<meta property=\"og:image:type\" content=\"image\/jpeg\" \/>\n<meta name=\"author\" content=\"user-manager\" \/>\n<meta name=\"twitter:card\" content=\"summary_large_image\" \/>\n<script type=\"application\/ld+json\" class=\"yoast-schema-graph\">{\"@context\":\"https:\\\/\\\/schema.org\",\"@graph\":[{\"@type\":\"Article\",\"@id\":\"https:\\\/\\\/www.meydan.tv\\\/az\\\/article\\\/kecmis-fransa-prezidenti-jak-sirak-vefat-edib\\\/#article\",\"isPartOf\":{\"@id\":\"https:\\\/\\\/www.meydan.tv\\\/az\\\/article\\\/kecmis-fransa-prezidenti-jak-sirak-vefat-edib\\\/\"},\"author\":{\"name\":\"user-manager\",\"@id\":\"https:\\\/\\\/www.meydan.tv\\\/az\\\/#\\\/schema\\\/person\\\/10d11eccf6da3662cf5fdab9806ea91a\"},\"headline\":\"Ke\u00e7mi\u015f Fransa prezidenti Jak \u015eirak v\u0259fat edib\",\"datePublished\":\"2019-09-26T16:10:46+00:00\",\"mainEntityOfPage\":{\"@id\":\"https:\\\/\\\/www.meydan.tv\\\/az\\\/article\\\/kecmis-fransa-prezidenti-jak-sirak-vefat-edib\\\/\"},\"wordCount\":747,\"publisher\":{\"@id\":\"https:\\\/\\\/www.meydan.tv\\\/az\\\/#organization\"},\"image\":{\"@id\":\"https:\\\/\\\/www.meydan.tv\\\/az\\\/article\\\/kecmis-fransa-prezidenti-jak-sirak-vefat-edib\\\/#primaryimage\"},\"thumbnailUrl\":\"https:\\\/\\\/www.meydan.tv\\\/wp-content\\\/uploads\\\/2a1d4c1de41aaeb5bce2b96bb961287c_41.jpg\",\"articleSection\":[\"D\u00fcnya\"],\"inLanguage\":\"az\"},{\"@type\":\"WebPage\",\"@id\":\"https:\\\/\\\/www.meydan.tv\\\/az\\\/article\\\/kecmis-fransa-prezidenti-jak-sirak-vefat-edib\\\/\",\"url\":\"https:\\\/\\\/www.meydan.tv\\\/az\\\/article\\\/kecmis-fransa-prezidenti-jak-sirak-vefat-edib\\\/\",\"name\":\"Ke\u00e7mi\u015f Fransa prezidenti Jak \u015eirak v\u0259fat edib - MEYDAN.TV\",\"isPartOf\":{\"@id\":\"https:\\\/\\\/www.meydan.tv\\\/az\\\/#website\"},\"primaryImageOfPage\":{\"@id\":\"https:\\\/\\\/www.meydan.tv\\\/az\\\/article\\\/kecmis-fransa-prezidenti-jak-sirak-vefat-edib\\\/#primaryimage\"},\"image\":{\"@id\":\"https:\\\/\\\/www.meydan.tv\\\/az\\\/article\\\/kecmis-fransa-prezidenti-jak-sirak-vefat-edib\\\/#primaryimage\"},\"thumbnailUrl\":\"https:\\\/\\\/www.meydan.tv\\\/wp-content\\\/uploads\\\/2a1d4c1de41aaeb5bce2b96bb961287c_41.jpg\",\"datePublished\":\"2019-09-26T16:10:46+00:00\",\"breadcrumb\":{\"@id\":\"https:\\\/\\\/www.meydan.tv\\\/az\\\/article\\\/kecmis-fransa-prezidenti-jak-sirak-vefat-edib\\\/#breadcrumb\"},\"inLanguage\":\"az\",\"potentialAction\":[{\"@type\":\"ReadAction\",\"target\":[\"https:\\\/\\\/www.meydan.tv\\\/az\\\/article\\\/kecmis-fransa-prezidenti-jak-sirak-vefat-edib\\\/\"]}]},{\"@type\":\"ImageObject\",\"inLanguage\":\"az\",\"@id\":\"https:\\\/\\\/www.meydan.tv\\\/az\\\/article\\\/kecmis-fransa-prezidenti-jak-sirak-vefat-edib\\\/#primaryimage\",\"url\":\"https:\\\/\\\/www.meydan.tv\\\/wp-content\\\/uploads\\\/2a1d4c1de41aaeb5bce2b96bb961287c_41.jpg\",\"contentUrl\":\"https:\\\/\\\/www.meydan.tv\\\/wp-content\\\/uploads\\\/2a1d4c1de41aaeb5bce2b96bb961287c_41.jpg\",\"width\":1280,\"height\":833,\"caption\":\"Source: google\"},{\"@type\":\"BreadcrumbList\",\"@id\":\"https:\\\/\\\/www.meydan.tv\\\/az\\\/article\\\/kecmis-fransa-prezidenti-jak-sirak-vefat-edib\\\/#breadcrumb\",\"itemListElement\":[{\"@type\":\"ListItem\",\"position\":1,\"name\":\"Ana s\u0259hif\u0259\",\"item\":\"https:\\\/\\\/www.meydan.tv\\\/az\\\/\"},{\"@type\":\"ListItem\",\"position\":2,\"name\":\"D\u00fcnya\",\"item\":\"https:\\\/\\\/www.meydan.tv\\\/az\\\/section\\\/dunya\\\/\"},{\"@type\":\"ListItem\",\"position\":3,\"name\":\"Ke\u00e7mi\u015f Fransa prezidenti Jak \u015eirak v\u0259fat edib\"}]},{\"@type\":\"WebSite\",\"@id\":\"https:\\\/\\\/www.meydan.tv\\\/az\\\/#website\",\"url\":\"https:\\\/\\\/www.meydan.tv\\\/az\\\/\",\"name\":\"MEYDAN.TV\",\"description\":\"Meydan TV Az\u0259rbaycan\u0131n media m\u0259kan\u0131ndak\u0131 alternativ s\u0259sidir\",\"publisher\":{\"@id\":\"https:\\\/\\\/www.meydan.tv\\\/az\\\/#organization\"},\"potentialAction\":[{\"@type\":\"SearchAction\",\"target\":{\"@type\":\"EntryPoint\",\"urlTemplate\":\"https:\\\/\\\/www.meydan.tv\\\/az\\\/?s={search_term_string}\"},\"query-input\":{\"@type\":\"PropertyValueSpecification\",\"valueRequired\":true,\"valueName\":\"search_term_string\"}}],\"inLanguage\":\"az\"},{\"@type\":\"Organization\",\"@id\":\"https:\\\/\\\/www.meydan.tv\\\/az\\\/#organization\",\"name\":\"Meydan TV\",\"url\":\"https:\\\/\\\/www.meydan.tv\\\/az\\\/\",\"logo\":{\"@type\":\"ImageObject\",\"inLanguage\":\"az\",\"@id\":\"https:\\\/\\\/www.meydan.tv\\\/az\\\/#\\\/schema\\\/logo\\\/image\\\/\",\"url\":\"https:\\\/\\\/www.meydan.tv\\\/wp-content\\\/uploads\\\/2021\\\/07\\\/meydan-logo.svg\",\"contentUrl\":\"https:\\\/\\\/www.meydan.tv\\\/wp-content\\\/uploads\\\/2021\\\/07\\\/meydan-logo.svg\",\"width\":195,\"height\":46,\"caption\":\"Meydan TV\"},\"image\":{\"@id\":\"https:\\\/\\\/www.meydan.tv\\\/az\\\/#\\\/schema\\\/logo\\\/image\\\/\"}},{\"@type\":\"Person\",\"@id\":\"https:\\\/\\\/www.meydan.tv\\\/az\\\/#\\\/schema\\\/person\\\/10d11eccf6da3662cf5fdab9806ea91a\",\"name\":\"user-manager\"}]}<\/script>\n<!-- \/ Yoast SEO plugin. -->","yoast_head_json":{"title":"Ke\u00e7mi\u015f Fransa prezidenti Jak \u015eirak v\u0259fat edib - MEYDAN.TV","robots":{"index":"index","follow":"follow","max-snippet":"max-snippet:-1","max-image-preview":"max-image-preview:large","max-video-preview":"max-video-preview:-1"},"canonical":"https:\/\/www.meydan.tv\/az\/article\/kecmis-fransa-prezidenti-jak-sirak-vefat-edib\/","og_locale":"az_AZ","og_type":"article","og_title":"Ke\u00e7mi\u015f Fransa prezidenti Jak \u015eirak v\u0259fat edib - MEYDAN.TV","og_description":"\u015eirak h\u0259r \u015feyd\u0259n \u00f6nc\u0259 siyasi cazib\u0259darl\u0131q s\u0259n\u0259tind\u0259 ustad olaraq xat\u0131rlanacaq","og_url":"https:\/\/www.meydan.tv\/az\/article\/kecmis-fransa-prezidenti-jak-sirak-vefat-edib\/","og_site_name":"MEYDAN.TV","article_published_time":"2019-09-26T16:10:46+00:00","og_image":[{"width":1280,"height":833,"url":"https:\/\/www.meydan.tv\/wp-content\/uploads\/2a1d4c1de41aaeb5bce2b96bb961287c_41.jpg","type":"image\/jpeg"}],"author":"user-manager","twitter_card":"summary_large_image","schema":{"@context":"https:\/\/schema.org","@graph":[{"@type":"Article","@id":"https:\/\/www.meydan.tv\/az\/article\/kecmis-fransa-prezidenti-jak-sirak-vefat-edib\/#article","isPartOf":{"@id":"https:\/\/www.meydan.tv\/az\/article\/kecmis-fransa-prezidenti-jak-sirak-vefat-edib\/"},"author":{"name":"user-manager","@id":"https:\/\/www.meydan.tv\/az\/#\/schema\/person\/10d11eccf6da3662cf5fdab9806ea91a"},"headline":"Ke\u00e7mi\u015f Fransa prezidenti Jak \u015eirak v\u0259fat edib","datePublished":"2019-09-26T16:10:46+00:00","mainEntityOfPage":{"@id":"https:\/\/www.meydan.tv\/az\/article\/kecmis-fransa-prezidenti-jak-sirak-vefat-edib\/"},"wordCount":747,"publisher":{"@id":"https:\/\/www.meydan.tv\/az\/#organization"},"image":{"@id":"https:\/\/www.meydan.tv\/az\/article\/kecmis-fransa-prezidenti-jak-sirak-vefat-edib\/#primaryimage"},"thumbnailUrl":"https:\/\/www.meydan.tv\/wp-content\/uploads\/2a1d4c1de41aaeb5bce2b96bb961287c_41.jpg","articleSection":["D\u00fcnya"],"inLanguage":"az"},{"@type":"WebPage","@id":"https:\/\/www.meydan.tv\/az\/article\/kecmis-fransa-prezidenti-jak-sirak-vefat-edib\/","url":"https:\/\/www.meydan.tv\/az\/article\/kecmis-fransa-prezidenti-jak-sirak-vefat-edib\/","name":"Ke\u00e7mi\u015f Fransa prezidenti Jak \u015eirak v\u0259fat edib - MEYDAN.TV","isPartOf":{"@id":"https:\/\/www.meydan.tv\/az\/#website"},"primaryImageOfPage":{"@id":"https:\/\/www.meydan.tv\/az\/article\/kecmis-fransa-prezidenti-jak-sirak-vefat-edib\/#primaryimage"},"image":{"@id":"https:\/\/www.meydan.tv\/az\/article\/kecmis-fransa-prezidenti-jak-sirak-vefat-edib\/#primaryimage"},"thumbnailUrl":"https:\/\/www.meydan.tv\/wp-content\/uploads\/2a1d4c1de41aaeb5bce2b96bb961287c_41.jpg","datePublished":"2019-09-26T16:10:46+00:00","breadcrumb":{"@id":"https:\/\/www.meydan.tv\/az\/article\/kecmis-fransa-prezidenti-jak-sirak-vefat-edib\/#breadcrumb"},"inLanguage":"az","potentialAction":[{"@type":"ReadAction","target":["https:\/\/www.meydan.tv\/az\/article\/kecmis-fransa-prezidenti-jak-sirak-vefat-edib\/"]}]},{"@type":"ImageObject","inLanguage":"az","@id":"https:\/\/www.meydan.tv\/az\/article\/kecmis-fransa-prezidenti-jak-sirak-vefat-edib\/#primaryimage","url":"https:\/\/www.meydan.tv\/wp-content\/uploads\/2a1d4c1de41aaeb5bce2b96bb961287c_41.jpg","contentUrl":"https:\/\/www.meydan.tv\/wp-content\/uploads\/2a1d4c1de41aaeb5bce2b96bb961287c_41.jpg","width":1280,"height":833,"caption":"Source: google"},{"@type":"BreadcrumbList","@id":"https:\/\/www.meydan.tv\/az\/article\/kecmis-fransa-prezidenti-jak-sirak-vefat-edib\/#breadcrumb","itemListElement":[{"@type":"ListItem","position":1,"name":"Ana s\u0259hif\u0259","item":"https:\/\/www.meydan.tv\/az\/"},{"@type":"ListItem","position":2,"name":"D\u00fcnya","item":"https:\/\/www.meydan.tv\/az\/section\/dunya\/"},{"@type":"ListItem","position":3,"name":"Ke\u00e7mi\u015f Fransa prezidenti Jak \u015eirak v\u0259fat edib"}]},{"@type":"WebSite","@id":"https:\/\/www.meydan.tv\/az\/#website","url":"https:\/\/www.meydan.tv\/az\/","name":"MEYDAN.TV","description":"Meydan TV Az\u0259rbaycan\u0131n media m\u0259kan\u0131ndak\u0131 alternativ s\u0259sidir","publisher":{"@id":"https:\/\/www.meydan.tv\/az\/#organization"},"potentialAction":[{"@type":"SearchAction","target":{"@type":"EntryPoint","urlTemplate":"https:\/\/www.meydan.tv\/az\/?s={search_term_string}"},"query-input":{"@type":"PropertyValueSpecification","valueRequired":true,"valueName":"search_term_string"}}],"inLanguage":"az"},{"@type":"Organization","@id":"https:\/\/www.meydan.tv\/az\/#organization","name":"Meydan TV","url":"https:\/\/www.meydan.tv\/az\/","logo":{"@type":"ImageObject","inLanguage":"az","@id":"https:\/\/www.meydan.tv\/az\/#\/schema\/logo\/image\/","url":"https:\/\/www.meydan.tv\/wp-content\/uploads\/2021\/07\/meydan-logo.svg","contentUrl":"https:\/\/www.meydan.tv\/wp-content\/uploads\/2021\/07\/meydan-logo.svg","width":195,"height":46,"caption":"Meydan TV"},"image":{"@id":"https:\/\/www.meydan.tv\/az\/#\/schema\/logo\/image\/"}},{"@type":"Person","@id":"https:\/\/www.meydan.tv\/az\/#\/schema\/person\/10d11eccf6da3662cf5fdab9806ea91a","name":"user-manager"}]}},"_links":{"self":[{"href":"https:\/\/www.meydan.tv\/az\/wp-json\/wp\/v2\/posts\/197151","targetHints":{"allow":["GET"]}}],"collection":[{"href":"https:\/\/www.meydan.tv\/az\/wp-json\/wp\/v2\/posts"}],"about":[{"href":"https:\/\/www.meydan.tv\/az\/wp-json\/wp\/v2\/types\/post"}],"author":[{"embeddable":true,"href":"https:\/\/www.meydan.tv\/az\/wp-json\/wp\/v2\/users\/11"}],"replies":[{"embeddable":true,"href":"https:\/\/www.meydan.tv\/az\/wp-json\/wp\/v2\/comments?post=197151"}],"version-history":[{"count":0,"href":"https:\/\/www.meydan.tv\/az\/wp-json\/wp\/v2\/posts\/197151\/revisions"}],"wp:featuredmedia":[{"embeddable":true,"href":"https:\/\/www.meydan.tv\/az\/wp-json\/wp\/v2\/media\/130279"}],"wp:attachment":[{"href":"https:\/\/www.meydan.tv\/az\/wp-json\/wp\/v2\/media?parent=197151"}],"wp:term":[{"taxonomy":"category","embeddable":true,"href":"https:\/\/www.meydan.tv\/az\/wp-json\/wp\/v2\/categories?post=197151"},{"taxonomy":"post_tag","embeddable":true,"href":"https:\/\/www.meydan.tv\/az\/wp-json\/wp\/v2\/tags?post=197151"}],"curies":[{"name":"wp","href":"https:\/\/api.w.org\/{rel}","templated":true}]}}