{"id":197148,"date":"2019-09-26T13:02:03","date_gmt":"2019-09-26T13:02:03","guid":{"rendered":"https:\/\/www.meydan.tv\/article\/mehkumun-qardasi-hebsxanadan-ailesi-ile-elaqe-saxlamasina-mehdudiyyet-qoyulub\/"},"modified":"2019-09-26T13:02:03","modified_gmt":"2019-09-26T13:02:03","slug":"mehkumun-qardasi-hebsxanadan-ailesi-ile-elaqe-saxlamasina-mehdudiyyet-qoyulub","status":"publish","type":"post","link":"https:\/\/www.meydan.tv\/az\/article\/mehkumun-qardasi-hebsxanadan-ailesi-ile-elaqe-saxlamasina-mehdudiyyet-qoyulub\/","title":{"rendered":"M\u0259hkumun qarda\u015f\u0131: H\u0259bsxanadan ail\u0259si il\u0259 \u0259laq\u0259 saxlamas\u0131na m\u0259hdudiyy\u0259t qoyulub"},"content":{"rendered":"<p>\n  <i><br \/>\n    \u201cQobustan h\u0259bsxanas\u0131nda ona qar\u015f\u0131 t\u0259zyiql\u0259r var\u201d<br \/>\n  <\/i>\n<\/p>\n<p>\n  Qobustan h\u0259bsxanas\u0131nda saxlan\u0131lan m\u0259hkum Cahad Babaki\u015fizad\u0259 t\u0259zyiql\u0259r\u0259 m\u0259ruz qal\u0131b.\n<\/p>\n<p>\n  Bu bar\u0259d\u0259 Meydan TV-\u0259 onun qarda\u015f\u0131 M\u0259mm\u0259drza Babaki\u015fizad\u0259 dan\u0131\u015f\u0131b.\n<\/p>\n<p>\n  Cahad Babaki\u015fizad\u0259 \u201cNardaran\u201d i\u015fin\u0259 g\u00f6r\u0259 14 il 6 ay azadl\u0131qdan m\u0259hrum edilib.\n<\/p>\n<p>\n  M\u0259mm\u0259drza Babaki\u015fizad\u0259 bildirib ki, qarda\u015f\u0131 bir il \u0259vv\u0259l daxili qaydalar\u0131 pozdu\u011funa g\u00f6r\u0259 3 il qapal\u0131 rejimd\u0259 saxlanma c\u0259zas\u0131 al\u0131b:\n<\/p>\n<p>\n  \u201cKamera yolda\u015f\u0131n\u0131n anas\u0131 biz\u0259 z\u0259ng edib dedi ki, Cahad Babaki\u015fizad\u0259 ail\u0259si il\u0259 \u0259laq\u0259 saxlaya bilm\u0259y\u0259c\u0259k. Ona qar\u015f\u0131 t\u0259zyiq var v\u0259 \u0259laq\u0259 saxlama\u011fa m\u0259hdudiyy\u0259t qoyulub. Amma qad\u0131n \u0259lav\u0259 m\u0259lumat ala bilm\u0259yib. Bel\u0259 ki, onun o\u011flu ard\u0131n\u0131 dem\u0259k ist\u0259y\u0259nd\u0259, telefon dan\u0131\u015f\u0131\u011f\u0131n\u0131 k\u0259sibl\u0259r. Qarda\u015f\u0131m haqq\u0131nda he\u00e7 bir m\u0259lumat yoxdur v\u0259 evl\u0259 d\u0259 \u0259laq\u0259 saxlamad\u0131\u011f\u0131 \u00fc\u00e7\u00fcn narahat\u0131q\u201d.\n<\/p>\n<p>\n  M\u0259mm\u0259drza Babaki\u015fizad\u0259 bildirib ki, sonuncu d\u0259f\u0259 qarda\u015f\u0131 il\u0259 sentyabr\u0131n 10-da g\u00f6r\u00fc\u015f\u00fcb v\u0259 3 g\u00fcn yan\u0131nda qal\u0131b:\n<\/p>\n<p>\n  \u201cQarda\u015f\u0131m m\u0259n\u0259 \u0259dal\u0259tsiz m\u00fcnasib\u0259td\u0259n v\u0259 h\u0259r \u015fey\u0259 m\u0259hdudiyy\u0259t qoyuldu\u011fundan \u015fikay\u0259tl\u0259nirdi. Otaqda saat yoxdur. Namaz \u00fc\u00e7\u00fcn saat\u0131 soru\u015fub v\u0259 t\u00f6hm\u0259t al\u0131b\u201d.\n<\/p>\n<p>\n  2015-ci ilin noyabr\u0131nda h\u0259bs olunan Cahad Babaki\u015fizad\u0259 2017-ci ilin 25 yanvar\u0131nda adam \u00f6ld\u00fcrm\u0259 d\u0259 daxil olmaqla Cinay\u0259t M\u0259c\u0259ll\u0259sinin 21 madd\u0259si il\u0259 ittiham olunub. O, hadis\u0259 zaman\u0131 g\u00fcll\u0259 yaras\u0131 al\u0131b v\u0259 3 g\u00fcn komada olub.<\/p>\n","protected":false},"excerpt":{"rendered":"<p>Kamera yolda\u015f\u0131n\u0131n anas\u0131 biz\u0259 z\u0259ng edib dedi ki, Cahad Babaki\u015fizad\u0259 ail\u0259si il\u0259 \u0259laq\u0259 saxlaya bilm\u0259y\u0259c\u0259k.<\/p>\n","protected":false},"author":11,"featured_media":130261,"comment_status":"closed","ping_status":"open","sticky":false,"template":"","format":"standard","meta":{"_acf_changed":false,"_sitemap_exclude":false,"_sitemap_priority":"","_sitemap_frequency":"","footnotes":""},"categories":[59],"tags":[],"class_list":["post-197148","post","type-post","status-publish","format-standard","has-post-thumbnail","hentry","category-siyaset","infinite-scroll-item","generate-columns","tablet-grid-50","mobile-grid-100","grid-parent","grid-33","no-featured-image-padding"],"acf":[],"yoast_head":"<!-- This site is optimized with the Yoast SEO plugin v27.5 - https:\/\/yoast.com\/product\/yoast-seo-wordpress\/ -->\n<title>M\u0259hkumun qarda\u015f\u0131: H\u0259bsxanadan ail\u0259si il\u0259 \u0259laq\u0259 saxlamas\u0131na m\u0259hdudiyy\u0259t qoyulub - MEYDAN.TV<\/title>\n<meta name=\"robots\" content=\"index, follow, max-snippet:-1, max-image-preview:large, max-video-preview:-1\" \/>\n<link rel=\"canonical\" href=\"https:\/\/www.meydan.tv\/az\/article\/mehkumun-qardasi-hebsxanadan-ailesi-ile-elaqe-saxlamasina-mehdudiyyet-qoyulub\/\" \/>\n<meta property=\"og:locale\" content=\"az_AZ\" \/>\n<meta property=\"og:type\" content=\"article\" \/>\n<meta property=\"og:title\" content=\"M\u0259hkumun qarda\u015f\u0131: H\u0259bsxanadan ail\u0259si il\u0259 \u0259laq\u0259 saxlamas\u0131na m\u0259hdudiyy\u0259t qoyulub - MEYDAN.TV\" \/>\n<meta property=\"og:description\" content=\"Kamera yolda\u015f\u0131n\u0131n anas\u0131 biz\u0259 z\u0259ng edib dedi ki, Cahad Babaki\u015fizad\u0259 ail\u0259si il\u0259 \u0259laq\u0259 saxlaya bilm\u0259y\u0259c\u0259k.\" \/>\n<meta property=\"og:url\" content=\"https:\/\/www.meydan.tv\/az\/article\/mehkumun-qardasi-hebsxanadan-ailesi-ile-elaqe-saxlamasina-mehdudiyyet-qoyulub\/\" \/>\n<meta property=\"og:site_name\" content=\"MEYDAN.TV\" \/>\n<meta property=\"article:published_time\" content=\"2019-09-26T13:02:03+00:00\" \/>\n<meta property=\"og:image\" content=\"https:\/\/www.meydan.tv\/wp-content\/uploads\/b75c2fbf-637f-42dc-951d-6215166290aa_w1023_r1_s.jpg\" \/>\n\t<meta property=\"og:image:width\" content=\"1023\" \/>\n\t<meta property=\"og:image:height\" content=\"575\" \/>\n\t<meta property=\"og:image:type\" content=\"image\/jpeg\" \/>\n<meta name=\"author\" content=\"user-manager\" \/>\n<meta name=\"twitter:card\" content=\"summary_large_image\" \/>\n<script type=\"application\/ld+json\" class=\"yoast-schema-graph\">{\"@context\":\"https:\\\/\\\/schema.org\",\"@graph\":[{\"@type\":\"Article\",\"@id\":\"https:\\\/\\\/www.meydan.tv\\\/az\\\/article\\\/mehkumun-qardasi-hebsxanadan-ailesi-ile-elaqe-saxlamasina-mehdudiyyet-qoyulub\\\/#article\",\"isPartOf\":{\"@id\":\"https:\\\/\\\/www.meydan.tv\\\/az\\\/article\\\/mehkumun-qardasi-hebsxanadan-ailesi-ile-elaqe-saxlamasina-mehdudiyyet-qoyulub\\\/\"},\"author\":{\"name\":\"user-manager\",\"@id\":\"https:\\\/\\\/www.meydan.tv\\\/az\\\/#\\\/schema\\\/person\\\/10d11eccf6da3662cf5fdab9806ea91a\"},\"headline\":\"M\u0259hkumun qarda\u015f\u0131: H\u0259bsxanadan ail\u0259si il\u0259 \u0259laq\u0259 saxlamas\u0131na m\u0259hdudiyy\u0259t qoyulub\",\"datePublished\":\"2019-09-26T13:02:03+00:00\",\"mainEntityOfPage\":{\"@id\":\"https:\\\/\\\/www.meydan.tv\\\/az\\\/article\\\/mehkumun-qardasi-hebsxanadan-ailesi-ile-elaqe-saxlamasina-mehdudiyyet-qoyulub\\\/\"},\"wordCount\":283,\"publisher\":{\"@id\":\"https:\\\/\\\/www.meydan.tv\\\/az\\\/#organization\"},\"image\":{\"@id\":\"https:\\\/\\\/www.meydan.tv\\\/az\\\/article\\\/mehkumun-qardasi-hebsxanadan-ailesi-ile-elaqe-saxlamasina-mehdudiyyet-qoyulub\\\/#primaryimage\"},\"thumbnailUrl\":\"https:\\\/\\\/www.meydan.tv\\\/wp-content\\\/uploads\\\/b75c2fbf-637f-42dc-951d-6215166290aa_w1023_r1_s.jpg\",\"articleSection\":[\"Siyas\u0259t\"],\"inLanguage\":\"az\"},{\"@type\":\"WebPage\",\"@id\":\"https:\\\/\\\/www.meydan.tv\\\/az\\\/article\\\/mehkumun-qardasi-hebsxanadan-ailesi-ile-elaqe-saxlamasina-mehdudiyyet-qoyulub\\\/\",\"url\":\"https:\\\/\\\/www.meydan.tv\\\/az\\\/article\\\/mehkumun-qardasi-hebsxanadan-ailesi-ile-elaqe-saxlamasina-mehdudiyyet-qoyulub\\\/\",\"name\":\"M\u0259hkumun qarda\u015f\u0131: H\u0259bsxanadan ail\u0259si il\u0259 \u0259laq\u0259 saxlamas\u0131na m\u0259hdudiyy\u0259t qoyulub - MEYDAN.TV\",\"isPartOf\":{\"@id\":\"https:\\\/\\\/www.meydan.tv\\\/az\\\/#website\"},\"primaryImageOfPage\":{\"@id\":\"https:\\\/\\\/www.meydan.tv\\\/az\\\/article\\\/mehkumun-qardasi-hebsxanadan-ailesi-ile-elaqe-saxlamasina-mehdudiyyet-qoyulub\\\/#primaryimage\"},\"image\":{\"@id\":\"https:\\\/\\\/www.meydan.tv\\\/az\\\/article\\\/mehkumun-qardasi-hebsxanadan-ailesi-ile-elaqe-saxlamasina-mehdudiyyet-qoyulub\\\/#primaryimage\"},\"thumbnailUrl\":\"https:\\\/\\\/www.meydan.tv\\\/wp-content\\\/uploads\\\/b75c2fbf-637f-42dc-951d-6215166290aa_w1023_r1_s.jpg\",\"datePublished\":\"2019-09-26T13:02:03+00:00\",\"breadcrumb\":{\"@id\":\"https:\\\/\\\/www.meydan.tv\\\/az\\\/article\\\/mehkumun-qardasi-hebsxanadan-ailesi-ile-elaqe-saxlamasina-mehdudiyyet-qoyulub\\\/#breadcrumb\"},\"inLanguage\":\"az\",\"potentialAction\":[{\"@type\":\"ReadAction\",\"target\":[\"https:\\\/\\\/www.meydan.tv\\\/az\\\/article\\\/mehkumun-qardasi-hebsxanadan-ailesi-ile-elaqe-saxlamasina-mehdudiyyet-qoyulub\\\/\"]}]},{\"@type\":\"ImageObject\",\"inLanguage\":\"az\",\"@id\":\"https:\\\/\\\/www.meydan.tv\\\/az\\\/article\\\/mehkumun-qardasi-hebsxanadan-ailesi-ile-elaqe-saxlamasina-mehdudiyyet-qoyulub\\\/#primaryimage\",\"url\":\"https:\\\/\\\/www.meydan.tv\\\/wp-content\\\/uploads\\\/b75c2fbf-637f-42dc-951d-6215166290aa_w1023_r1_s.jpg\",\"contentUrl\":\"https:\\\/\\\/www.meydan.tv\\\/wp-content\\\/uploads\\\/b75c2fbf-637f-42dc-951d-6215166290aa_w1023_r1_s.jpg\",\"width\":1023,\"height\":575,\"caption\":\"Source: google.az\"},{\"@type\":\"BreadcrumbList\",\"@id\":\"https:\\\/\\\/www.meydan.tv\\\/az\\\/article\\\/mehkumun-qardasi-hebsxanadan-ailesi-ile-elaqe-saxlamasina-mehdudiyyet-qoyulub\\\/#breadcrumb\",\"itemListElement\":[{\"@type\":\"ListItem\",\"position\":1,\"name\":\"Ana s\u0259hif\u0259\",\"item\":\"https:\\\/\\\/www.meydan.tv\\\/az\\\/\"},{\"@type\":\"ListItem\",\"position\":2,\"name\":\"Siyas\u0259t\",\"item\":\"https:\\\/\\\/www.meydan.tv\\\/az\\\/section\\\/siyaset\\\/\"},{\"@type\":\"ListItem\",\"position\":3,\"name\":\"M\u0259hkumun qarda\u015f\u0131: H\u0259bsxanadan ail\u0259si il\u0259 \u0259laq\u0259 saxlamas\u0131na m\u0259hdudiyy\u0259t qoyulub\"}]},{\"@type\":\"WebSite\",\"@id\":\"https:\\\/\\\/www.meydan.tv\\\/az\\\/#website\",\"url\":\"https:\\\/\\\/www.meydan.tv\\\/az\\\/\",\"name\":\"MEYDAN.TV\",\"description\":\"Meydan TV Az\u0259rbaycan\u0131n media m\u0259kan\u0131ndak\u0131 alternativ s\u0259sidir\",\"publisher\":{\"@id\":\"https:\\\/\\\/www.meydan.tv\\\/az\\\/#organization\"},\"potentialAction\":[{\"@type\":\"SearchAction\",\"target\":{\"@type\":\"EntryPoint\",\"urlTemplate\":\"https:\\\/\\\/www.meydan.tv\\\/az\\\/?s={search_term_string}\"},\"query-input\":{\"@type\":\"PropertyValueSpecification\",\"valueRequired\":true,\"valueName\":\"search_term_string\"}}],\"inLanguage\":\"az\"},{\"@type\":\"Organization\",\"@id\":\"https:\\\/\\\/www.meydan.tv\\\/az\\\/#organization\",\"name\":\"Meydan TV\",\"url\":\"https:\\\/\\\/www.meydan.tv\\\/az\\\/\",\"logo\":{\"@type\":\"ImageObject\",\"inLanguage\":\"az\",\"@id\":\"https:\\\/\\\/www.meydan.tv\\\/az\\\/#\\\/schema\\\/logo\\\/image\\\/\",\"url\":\"https:\\\/\\\/www.meydan.tv\\\/wp-content\\\/uploads\\\/2021\\\/07\\\/meydan-logo.svg\",\"contentUrl\":\"https:\\\/\\\/www.meydan.tv\\\/wp-content\\\/uploads\\\/2021\\\/07\\\/meydan-logo.svg\",\"width\":195,\"height\":46,\"caption\":\"Meydan TV\"},\"image\":{\"@id\":\"https:\\\/\\\/www.meydan.tv\\\/az\\\/#\\\/schema\\\/logo\\\/image\\\/\"}},{\"@type\":\"Person\",\"@id\":\"https:\\\/\\\/www.meydan.tv\\\/az\\\/#\\\/schema\\\/person\\\/10d11eccf6da3662cf5fdab9806ea91a\",\"name\":\"user-manager\"}]}<\/script>\n<!-- \/ Yoast SEO plugin. -->","yoast_head_json":{"title":"M\u0259hkumun qarda\u015f\u0131: H\u0259bsxanadan ail\u0259si il\u0259 \u0259laq\u0259 saxlamas\u0131na m\u0259hdudiyy\u0259t qoyulub - MEYDAN.TV","robots":{"index":"index","follow":"follow","max-snippet":"max-snippet:-1","max-image-preview":"max-image-preview:large","max-video-preview":"max-video-preview:-1"},"canonical":"https:\/\/www.meydan.tv\/az\/article\/mehkumun-qardasi-hebsxanadan-ailesi-ile-elaqe-saxlamasina-mehdudiyyet-qoyulub\/","og_locale":"az_AZ","og_type":"article","og_title":"M\u0259hkumun qarda\u015f\u0131: H\u0259bsxanadan ail\u0259si il\u0259 \u0259laq\u0259 saxlamas\u0131na m\u0259hdudiyy\u0259t qoyulub - MEYDAN.TV","og_description":"Kamera yolda\u015f\u0131n\u0131n anas\u0131 biz\u0259 z\u0259ng edib dedi ki, Cahad Babaki\u015fizad\u0259 ail\u0259si il\u0259 \u0259laq\u0259 saxlaya bilm\u0259y\u0259c\u0259k.","og_url":"https:\/\/www.meydan.tv\/az\/article\/mehkumun-qardasi-hebsxanadan-ailesi-ile-elaqe-saxlamasina-mehdudiyyet-qoyulub\/","og_site_name":"MEYDAN.TV","article_published_time":"2019-09-26T13:02:03+00:00","og_image":[{"width":1023,"height":575,"url":"https:\/\/www.meydan.tv\/wp-content\/uploads\/b75c2fbf-637f-42dc-951d-6215166290aa_w1023_r1_s.jpg","type":"image\/jpeg"}],"author":"user-manager","twitter_card":"summary_large_image","schema":{"@context":"https:\/\/schema.org","@graph":[{"@type":"Article","@id":"https:\/\/www.meydan.tv\/az\/article\/mehkumun-qardasi-hebsxanadan-ailesi-ile-elaqe-saxlamasina-mehdudiyyet-qoyulub\/#article","isPartOf":{"@id":"https:\/\/www.meydan.tv\/az\/article\/mehkumun-qardasi-hebsxanadan-ailesi-ile-elaqe-saxlamasina-mehdudiyyet-qoyulub\/"},"author":{"name":"user-manager","@id":"https:\/\/www.meydan.tv\/az\/#\/schema\/person\/10d11eccf6da3662cf5fdab9806ea91a"},"headline":"M\u0259hkumun qarda\u015f\u0131: H\u0259bsxanadan ail\u0259si il\u0259 \u0259laq\u0259 saxlamas\u0131na m\u0259hdudiyy\u0259t qoyulub","datePublished":"2019-09-26T13:02:03+00:00","mainEntityOfPage":{"@id":"https:\/\/www.meydan.tv\/az\/article\/mehkumun-qardasi-hebsxanadan-ailesi-ile-elaqe-saxlamasina-mehdudiyyet-qoyulub\/"},"wordCount":283,"publisher":{"@id":"https:\/\/www.meydan.tv\/az\/#organization"},"image":{"@id":"https:\/\/www.meydan.tv\/az\/article\/mehkumun-qardasi-hebsxanadan-ailesi-ile-elaqe-saxlamasina-mehdudiyyet-qoyulub\/#primaryimage"},"thumbnailUrl":"https:\/\/www.meydan.tv\/wp-content\/uploads\/b75c2fbf-637f-42dc-951d-6215166290aa_w1023_r1_s.jpg","articleSection":["Siyas\u0259t"],"inLanguage":"az"},{"@type":"WebPage","@id":"https:\/\/www.meydan.tv\/az\/article\/mehkumun-qardasi-hebsxanadan-ailesi-ile-elaqe-saxlamasina-mehdudiyyet-qoyulub\/","url":"https:\/\/www.meydan.tv\/az\/article\/mehkumun-qardasi-hebsxanadan-ailesi-ile-elaqe-saxlamasina-mehdudiyyet-qoyulub\/","name":"M\u0259hkumun qarda\u015f\u0131: H\u0259bsxanadan ail\u0259si il\u0259 \u0259laq\u0259 saxlamas\u0131na m\u0259hdudiyy\u0259t qoyulub - MEYDAN.TV","isPartOf":{"@id":"https:\/\/www.meydan.tv\/az\/#website"},"primaryImageOfPage":{"@id":"https:\/\/www.meydan.tv\/az\/article\/mehkumun-qardasi-hebsxanadan-ailesi-ile-elaqe-saxlamasina-mehdudiyyet-qoyulub\/#primaryimage"},"image":{"@id":"https:\/\/www.meydan.tv\/az\/article\/mehkumun-qardasi-hebsxanadan-ailesi-ile-elaqe-saxlamasina-mehdudiyyet-qoyulub\/#primaryimage"},"thumbnailUrl":"https:\/\/www.meydan.tv\/wp-content\/uploads\/b75c2fbf-637f-42dc-951d-6215166290aa_w1023_r1_s.jpg","datePublished":"2019-09-26T13:02:03+00:00","breadcrumb":{"@id":"https:\/\/www.meydan.tv\/az\/article\/mehkumun-qardasi-hebsxanadan-ailesi-ile-elaqe-saxlamasina-mehdudiyyet-qoyulub\/#breadcrumb"},"inLanguage":"az","potentialAction":[{"@type":"ReadAction","target":["https:\/\/www.meydan.tv\/az\/article\/mehkumun-qardasi-hebsxanadan-ailesi-ile-elaqe-saxlamasina-mehdudiyyet-qoyulub\/"]}]},{"@type":"ImageObject","inLanguage":"az","@id":"https:\/\/www.meydan.tv\/az\/article\/mehkumun-qardasi-hebsxanadan-ailesi-ile-elaqe-saxlamasina-mehdudiyyet-qoyulub\/#primaryimage","url":"https:\/\/www.meydan.tv\/wp-content\/uploads\/b75c2fbf-637f-42dc-951d-6215166290aa_w1023_r1_s.jpg","contentUrl":"https:\/\/www.meydan.tv\/wp-content\/uploads\/b75c2fbf-637f-42dc-951d-6215166290aa_w1023_r1_s.jpg","width":1023,"height":575,"caption":"Source: google.az"},{"@type":"BreadcrumbList","@id":"https:\/\/www.meydan.tv\/az\/article\/mehkumun-qardasi-hebsxanadan-ailesi-ile-elaqe-saxlamasina-mehdudiyyet-qoyulub\/#breadcrumb","itemListElement":[{"@type":"ListItem","position":1,"name":"Ana s\u0259hif\u0259","item":"https:\/\/www.meydan.tv\/az\/"},{"@type":"ListItem","position":2,"name":"Siyas\u0259t","item":"https:\/\/www.meydan.tv\/az\/section\/siyaset\/"},{"@type":"ListItem","position":3,"name":"M\u0259hkumun qarda\u015f\u0131: H\u0259bsxanadan ail\u0259si il\u0259 \u0259laq\u0259 saxlamas\u0131na m\u0259hdudiyy\u0259t qoyulub"}]},{"@type":"WebSite","@id":"https:\/\/www.meydan.tv\/az\/#website","url":"https:\/\/www.meydan.tv\/az\/","name":"MEYDAN.TV","description":"Meydan TV Az\u0259rbaycan\u0131n media m\u0259kan\u0131ndak\u0131 alternativ s\u0259sidir","publisher":{"@id":"https:\/\/www.meydan.tv\/az\/#organization"},"potentialAction":[{"@type":"SearchAction","target":{"@type":"EntryPoint","urlTemplate":"https:\/\/www.meydan.tv\/az\/?s={search_term_string}"},"query-input":{"@type":"PropertyValueSpecification","valueRequired":true,"valueName":"search_term_string"}}],"inLanguage":"az"},{"@type":"Organization","@id":"https:\/\/www.meydan.tv\/az\/#organization","name":"Meydan TV","url":"https:\/\/www.meydan.tv\/az\/","logo":{"@type":"ImageObject","inLanguage":"az","@id":"https:\/\/www.meydan.tv\/az\/#\/schema\/logo\/image\/","url":"https:\/\/www.meydan.tv\/wp-content\/uploads\/2021\/07\/meydan-logo.svg","contentUrl":"https:\/\/www.meydan.tv\/wp-content\/uploads\/2021\/07\/meydan-logo.svg","width":195,"height":46,"caption":"Meydan TV"},"image":{"@id":"https:\/\/www.meydan.tv\/az\/#\/schema\/logo\/image\/"}},{"@type":"Person","@id":"https:\/\/www.meydan.tv\/az\/#\/schema\/person\/10d11eccf6da3662cf5fdab9806ea91a","name":"user-manager"}]}},"_links":{"self":[{"href":"https:\/\/www.meydan.tv\/az\/wp-json\/wp\/v2\/posts\/197148","targetHints":{"allow":["GET"]}}],"collection":[{"href":"https:\/\/www.meydan.tv\/az\/wp-json\/wp\/v2\/posts"}],"about":[{"href":"https:\/\/www.meydan.tv\/az\/wp-json\/wp\/v2\/types\/post"}],"author":[{"embeddable":true,"href":"https:\/\/www.meydan.tv\/az\/wp-json\/wp\/v2\/users\/11"}],"replies":[{"embeddable":true,"href":"https:\/\/www.meydan.tv\/az\/wp-json\/wp\/v2\/comments?post=197148"}],"version-history":[{"count":0,"href":"https:\/\/www.meydan.tv\/az\/wp-json\/wp\/v2\/posts\/197148\/revisions"}],"wp:featuredmedia":[{"embeddable":true,"href":"https:\/\/www.meydan.tv\/az\/wp-json\/wp\/v2\/media\/130261"}],"wp:attachment":[{"href":"https:\/\/www.meydan.tv\/az\/wp-json\/wp\/v2\/media?parent=197148"}],"wp:term":[{"taxonomy":"category","embeddable":true,"href":"https:\/\/www.meydan.tv\/az\/wp-json\/wp\/v2\/categories?post=197148"},{"taxonomy":"post_tag","embeddable":true,"href":"https:\/\/www.meydan.tv\/az\/wp-json\/wp\/v2\/tags?post=197148"}],"curies":[{"name":"wp","href":"https:\/\/api.w.org\/{rel}","templated":true}]}}