{"id":197144,"date":"2019-09-26T11:40:43","date_gmt":"2019-09-26T11:40:43","guid":{"rendered":"https:\/\/www.meydan.tv\/article\/avropa-mehkemesi-azerbaycanla-bagli-11-neferin-sikayetini-temin-edib\/"},"modified":"2019-09-26T11:40:43","modified_gmt":"2019-09-26T11:40:43","slug":"avropa-mehkemesi-azerbaycanla-bagli-11-neferin-sikayetini-temin-edib","status":"publish","type":"post","link":"https:\/\/www.meydan.tv\/az\/article\/avropa-mehkemesi-azerbaycanla-bagli-11-neferin-sikayetini-temin-edib\/","title":{"rendered":"Avropa M\u0259hk\u0259m\u0259si Az\u0259rbaycanla ba\u011fl\u0131 11 n\u0259f\u0259rin \u015fikay\u0259tini t\u0259min edib"},"content":{"rendered":"<p>\n  <i><br \/>\n    H\u00f6kum\u0259t \u00fcmumilikd\u0259 128 min 500 avro kompensasiya verm\u0259lidir<br \/>\n  <\/i>\n<\/p>\n<p>\n  <a href=\"https:\/\/hudoc.echr.coe.int\/eng#{%22itemid%22:[%22001-195990%22]}\"><br \/>\n    Avropa \u0130nsan H\u00fcquqlar\u0131 M\u0259hk\u0259m\u0259si<br \/>\n  <\/a><br \/>\n  sentyabr\u0131n 26-da Az\u0259rbaycan h\u00f6kum\u0259ti il\u0259 ba\u011fl\u0131 11 \u015fikay\u0259t\u00e7inin i\u015fi \u00fczr\u0259 q\u0259rar\u0131n\u0131 elan edib. M\u0259hk\u0259m\u0259nin sayt\u0131nda \u015fikay\u0259tl\u0259rin 2011-ci il aprelin 2-d\u0259 ke\u00e7iril\u0259n dinc mitinqin i\u015ftirak\u00e7\u0131lar\u0131n\u0131n tutulmas\u0131, sonradan cinay\u0259t m\u0259suliyy\u0259tin\u0259 c\u0259lb edilm\u0259si il\u0259 \u0259laq\u0259li oldu\u011fu qeyd edilib.\n<\/p>\n<p>\n  Avropa M\u0259hk\u0259m\u0259si \u0259riz\u0259\u00e7il\u0259r\u0259 m\u00fcnasib\u0259td\u0259 Avropa \u0130nsan H\u00fcquqlar\u0131 Konvensiyas\u0131n\u0131n 5-ci (qanunsuz h\u0259bs olunma), 6-c\u0131 (\u0259dal\u0259tsiz ara\u015fd\u0131rma) v\u0259 11-ci (s\u0259rb\u0259st topla\u015fma azadl\u0131\u011f\u0131n\u0131n pozulmas\u0131) madd\u0259l\u0259rinin pozuntusunu tan\u0131y\u0131b.\n<\/p>\n<p>\n  M\u0259hk\u0259m\u0259 Az\u0259rbaycan h\u00f6kum\u0259tind\u0259n M\u00fcsavat Partiyas\u0131n\u0131n ba\u015fqan\u0131 Arif Hac\u0131l\u0131, AXCP funksionerl\u0259ri Fuad Q\u0259hr\u0259manl\u0131, Bab\u0259k H\u0259s\u0259nov, Z\u00fclf\u00fcqar Eyvazl\u0131, Arif Al\u0131\u015fl\u0131, \u201cA\u011fpartiya\u201d funksionerl\u0259ri El\u015f\u0259n H\u0259s\u0259nli, R\u00fcf\u0259t Hac\u0131b\u0259yli, Sahib K\u0259rimli, \u00dclvi Quliyevin h\u0259r\u0259sin\u0259 10 min avro m\u0259n\u0259vi ziyana, 1500 avro da h\u00fcquqi yard\u0131ma g\u00f6r\u0259 kompensasiya \u00f6d\u0259nm\u0259si bar\u0259d\u0259 q\u0259rar verib.\n<\/p>\n<p>\n  AXCP \u00fczv\u00fc M\u0259h\u0259mm\u0259d M\u0259cidliy\u0259 12 min 500 avro m\u0259n\u0259vi ziyana, 2 min 500 avro is\u0259 h\u00fcquqi yard\u0131ma, \u201cA\u011fpartiya\u201d s\u0259dri Tural Abbasl\u0131ya 10 min avro kompensasiya \u00f6d\u0259nm\u0259si haqda q\u0259rar \u00e7\u0131xar\u0131l\u0131b.\n<\/p>\n<p>\n  \u00dcmumilikd\u0259 Az\u0259rbaycan h\u00f6kum\u0259ti 128 min 500 avro \u00f6d\u0259m\u0259lidir.\n<\/p>\n<p>\n  \u015eikay\u0259ti t\u0259min edil\u0259n 11 n\u0259f\u0259rd\u0259n 5-nin v\u0259kili olan \u018fsab\u0259li Mustafayev Meydan TV-y\u0259 bildirib ki, bu, Avropa M\u0259hk\u0259m\u0259sinin Az\u0259rbaycan haqda cinay\u0259t h\u00fcququ il\u0259 ba\u011fl\u0131 ikinci q\u0259rar\u0131d\u0131r.\n<\/p>\n<p>\n  \u201cBirinci q\u0259rar 2003-c\u00fc ilin oktyabr hadis\u0259l\u0259ri il\u0259 ba\u011fl\u0131d\u0131r. H\u0259min vaxt t\u0259qrib\u0259n 15-\u0259 yax\u0131n i\u015f idi. G\u00fcman ki, 2011-ci il aprelin 2-d\u0259 mitinq\u0259 icaz\u0259 verilm\u0259m\u0259si il\u0259 ba\u011fl\u0131 n\u00f6vb\u0259ti q\u0259rarlar olacaq, \u00e7\u00fcnki t\u0259xmin\u0259n17 n\u0259f\u0259r cinay\u0259t m\u0259suliyy\u0259tin\u0259 c\u0259lb olunmu\u015fdu\u201d.\n<\/p>\n<p>\n  V\u0259kil deyib ki, 26 sentyabr q\u0259rar\u0131 il\u0259 Az\u0259rbaycanda s\u0259rb\u0259st topla\u015fmaq azadl\u0131\u011f\u0131n\u0131n pozuldu\u011fu bir daha t\u0259sdiql\u0259nir. S\u00f6hb\u0259t 11-ci madd\u0259d\u0259n gedir. Onun s\u00f6zl\u0259rin\u0259 g\u00f6r\u0259, son aylarda mitinql\u0259r\u0259 icaz\u0259 verilm\u0259m\u0259si s\u0259rb\u0259st topla\u015fmaq azadl\u0131\u011f\u0131n\u0131n pozulmas\u0131 prosesinin davam etdiyini g\u00f6st\u0259rir. Art\u0131q bir ne\u00e7\u0259 i\u015f Avropa M\u0259hk\u0259m\u0259sin\u0259 g\u00f6nd\u0259rilib. \u00dcmumiyy\u0259tl\u0259, Konvensiyan\u0131n 6-c\u0131 v\u0259 11-ci madd\u0259l\u0259ri il\u0259 ba\u011fl\u0131 100-d\u0259n \u00e7ox i\u015f var:\n<\/p>\n<p>\n  \u201cH\u00f6kum\u0259t bu bar\u0259d\u0259 ciddi d\u00fc\u015f\u00fcnm\u0259lidir, \u00e7\u00fcnki d\u00f6vl\u0259tin imicin\u0259 b\u00f6y\u00fck z\u0259rb\u0259 vurulub. Bu g\u00fcn Avropa \u015euras\u0131n\u0131n \u00fczvl\u0259ri aras\u0131nda Az\u0259rbaycan q\u0259d\u0259r Konvensiyan\u0131n 11-ci madd\u0259sini pozan d\u00f6vl\u0259t yoxdur:\n<\/p>\n<figure class=\"wp-block-image size-large\">\n  <img decoding=\"async\" src=\"https:\/\/www.meydan.tv\/az\/vekil-esabeli-mustafayev-2\/\" alt=\"V\u0259kil \u018fsab\u0259li Mustafayev\" class=\"wp-image-80383\"\/><figcaption>\n    \u018fsab\u0259li Mustafayev<br \/>\n  <\/figcaption><\/figure>\n<p>\n  \u201cBu q\u0259rarlar bir daha g\u00f6st\u0259rir ki, t\u00f6r\u0259dil\u0259n qanunsuz \u0259m\u0259ll\u0259r\u0259, mane\u0259l\u0259r\u0259 baxmayaraq bu sah\u0259d\u0259 f\u0259aliyy\u0259tim davam edib v\u0259 bundan sonra da ed\u0259c\u0259k. M\u0259n\u0259 v\u0259 dig\u0259r h\u0259mkarlar\u0131ma, bir s\u0131ra \u0259riz\u0259\u00e7il\u0259r\u0259 qar\u015f\u0131 edil\u0259n t\u0259zyiql\u0259r beyn\u0259lxalq al\u0259md\u0259 d\u00f6vl\u0259tin n\u00fcfuzuna q\u0259sd\u0259n vurulan z\u0259rb\u0259l\u0259rin yan\u0131nda x\u0131rda m\u0259s\u0259l\u0259dir\u201d, &#8211; v\u0259kil deyib.\n<\/p>\n<p>\n  Avropa M\u0259hk\u0259m\u0259sinin bu q\u0259rar\u0131ndan sonra \u018f.Mustafayevin m\u0259hk\u0259m\u0259d\u0259 uddu\u011fu i\u015fl\u0259rin say\u0131 148-\u0259 \u00e7at\u0131b. O, qeyd edib ki, bundan ba\u015fqa kommunikasiyas\u0131 bitmi\u015f 60-dan yuxar\u0131 i\u015f q\u0259rar\u0131n\u0131, 200-d\u0259n art\u0131q i\u015f is\u0259 kommunikasiyan\u0131n ba\u015flanmas\u0131n\u0131 g\u00f6zl\u0259yir.\n<\/p>\n<p>\n  Adlar\u0131 \u00e7\u0259kil\u0259n siyasil\u0259r 2011-ci ild\u0259, m\u00fcxalif\u0259t partiyalar\u0131n\u0131n birliyi olan \u0130ctimai Palatan\u0131n t\u0259\u015fkil etdiyi etiraz aksiyalar\u0131na g\u00f6r\u0259 saxlan\u0131l\u0131b, m\u0259hkum edilib, inzibati qaydada c\u0259zaland\u0131r\u0131l\u0131blar. Onlar Cinay\u0259t M\u0259c\u0259ll\u0259sinin 233-c\u00fc (ictimai qaydan\u0131n pozulmas\u0131) v\u0259 315-ci (hakimiyy\u0259t n\u00fcmay\u0259nd\u0259sin\u0259 qar\u015f\u0131 m\u00fcqavim\u0259t g\u00f6st\u0259rm\u0259 v\u0259 ya zor t\u0259tbiq etm\u0259) madd\u0259l\u0259ri il\u0259 v\u0259 \u0130nzibati X\u0259talar M\u0259c\u0259ll\u0259si \u0259sas\u0131nda g\u00fcnahkar bilinibl\u0259r.\n<\/p>\n<p>\n  Arif Hac\u0131l\u0131, M\u0259h\u0259mm\u0259d M\u0259cidli v\u0259 Tural Abbasl\u0131 2 il 6 ay m\u00fcdd\u0259tin\u0259 azadl\u0131qdan m\u0259hrum edilmi\u015f, Fuad Q\u0259hr\u0259manl\u0131 2 il \u015f\u0259rti c\u0259za, dig\u0259r m\u00fcxalif\u0259t\u00e7il\u0259r inzibati c\u0259za alm\u0131\u015fd\u0131lar. \u018friz\u0259\u00e7il\u0259r A\u0130HM-\u0259 \u015fikay\u0259tl\u0259rind\u0259 onlara m\u00fcnasib\u0259td\u0259 Avropa Konvensiyas\u0131n\u0131n 3-c\u00fc (\u0130\u015fg\u0259nc\u0259y\u0259 m\u0259ruz qalmamaq), 5-ci (Azadl\u0131q v\u0259 toxunulmazl\u0131q h\u00fcququ), 6-c\u0131 (\u018fdal\u0259tli m\u0259hk\u0259m\u0259 ara\u015fd\u0131rmas\u0131 h\u00fcququ), 10-cu (\u0130fad\u0259 azadl\u0131\u011f\u0131) v\u0259 11-ci (s\u0259rb\u0259st topla\u015fma azadl\u0131\u011f\u0131n\u0131n pozulmas\u0131) madd\u0259l\u0259rinin pozuldu\u011funu bildirmi\u015fdil\u0259r.<\/p>\n","protected":false},"excerpt":{"rendered":"<p>O, qeyd edib ki, bundan ba\u015fqa kommunikasiyas\u0131 bitmi\u015f 60-dan yuxar\u0131 i\u015f q\u0259rar\u0131n\u0131, 200-d\u0259n art\u0131q i\u015f is\u0259 kommunikasiyan\u0131n ba\u015flanmas\u0131n\u0131 g\u00f6zl\u0259yir.<\/p>\n","protected":false},"author":11,"featured_media":130255,"comment_status":"closed","ping_status":"open","sticky":false,"template":"","format":"standard","meta":{"_acf_changed":false,"_sitemap_exclude":false,"_sitemap_priority":"","_sitemap_frequency":"","footnotes":""},"categories":[59],"tags":[],"class_list":["post-197144","post","type-post","status-publish","format-standard","has-post-thumbnail","hentry","category-siyaset","infinite-scroll-item","generate-columns","tablet-grid-50","mobile-grid-100","grid-parent","grid-33","no-featured-image-padding"],"acf":[],"yoast_head":"<!-- This site is optimized with the Yoast SEO plugin v27.5 - https:\/\/yoast.com\/product\/yoast-seo-wordpress\/ -->\n<title>Avropa M\u0259hk\u0259m\u0259si Az\u0259rbaycanla ba\u011fl\u0131 11 n\u0259f\u0259rin \u015fikay\u0259tini t\u0259min edib - MEYDAN.TV<\/title>\n<meta name=\"robots\" content=\"index, follow, max-snippet:-1, max-image-preview:large, max-video-preview:-1\" \/>\n<link rel=\"canonical\" href=\"https:\/\/www.meydan.tv\/az\/article\/avropa-mehkemesi-azerbaycanla-bagli-11-neferin-sikayetini-temin-edib\/\" \/>\n<meta property=\"og:locale\" content=\"az_AZ\" \/>\n<meta property=\"og:type\" content=\"article\" \/>\n<meta property=\"og:title\" content=\"Avropa M\u0259hk\u0259m\u0259si Az\u0259rbaycanla ba\u011fl\u0131 11 n\u0259f\u0259rin \u015fikay\u0259tini t\u0259min edib - MEYDAN.TV\" \/>\n<meta property=\"og:description\" content=\"O, qeyd edib ki, bundan ba\u015fqa kommunikasiyas\u0131 bitmi\u015f 60-dan yuxar\u0131 i\u015f q\u0259rar\u0131n\u0131, 200-d\u0259n art\u0131q i\u015f is\u0259 kommunikasiyan\u0131n ba\u015flanmas\u0131n\u0131 g\u00f6zl\u0259yir.\" \/>\n<meta property=\"og:url\" content=\"https:\/\/www.meydan.tv\/az\/article\/avropa-mehkemesi-azerbaycanla-bagli-11-neferin-sikayetini-temin-edib\/\" \/>\n<meta property=\"og:site_name\" content=\"MEYDAN.TV\" \/>\n<meta property=\"article:published_time\" content=\"2019-09-26T11:40:43+00:00\" \/>\n<meta property=\"og:image\" content=\"https:\/\/www.meydan.tv\/wp-content\/uploads\/court_19_01_18.jpg\" \/>\n\t<meta property=\"og:image:width\" content=\"1920\" \/>\n\t<meta property=\"og:image:height\" content=\"1080\" \/>\n\t<meta property=\"og:image:type\" content=\"image\/jpeg\" \/>\n<meta name=\"author\" content=\"user-manager\" \/>\n<meta name=\"twitter:card\" content=\"summary_large_image\" \/>\n<script type=\"application\/ld+json\" class=\"yoast-schema-graph\">{\"@context\":\"https:\\\/\\\/schema.org\",\"@graph\":[{\"@type\":\"Article\",\"@id\":\"https:\\\/\\\/www.meydan.tv\\\/az\\\/article\\\/avropa-mehkemesi-azerbaycanla-bagli-11-neferin-sikayetini-temin-edib\\\/#article\",\"isPartOf\":{\"@id\":\"https:\\\/\\\/www.meydan.tv\\\/az\\\/article\\\/avropa-mehkemesi-azerbaycanla-bagli-11-neferin-sikayetini-temin-edib\\\/\"},\"author\":{\"name\":\"user-manager\",\"@id\":\"https:\\\/\\\/www.meydan.tv\\\/az\\\/#\\\/schema\\\/person\\\/10d11eccf6da3662cf5fdab9806ea91a\"},\"headline\":\"Avropa M\u0259hk\u0259m\u0259si Az\u0259rbaycanla ba\u011fl\u0131 11 n\u0259f\u0259rin \u015fikay\u0259tini t\u0259min edib\",\"datePublished\":\"2019-09-26T11:40:43+00:00\",\"mainEntityOfPage\":{\"@id\":\"https:\\\/\\\/www.meydan.tv\\\/az\\\/article\\\/avropa-mehkemesi-azerbaycanla-bagli-11-neferin-sikayetini-temin-edib\\\/\"},\"wordCount\":861,\"publisher\":{\"@id\":\"https:\\\/\\\/www.meydan.tv\\\/az\\\/#organization\"},\"image\":{\"@id\":\"https:\\\/\\\/www.meydan.tv\\\/az\\\/article\\\/avropa-mehkemesi-azerbaycanla-bagli-11-neferin-sikayetini-temin-edib\\\/#primaryimage\"},\"thumbnailUrl\":\"https:\\\/\\\/www.meydan.tv\\\/wp-content\\\/uploads\\\/court_19_01_18.jpg\",\"articleSection\":[\"Siyas\u0259t\"],\"inLanguage\":\"az\"},{\"@type\":\"WebPage\",\"@id\":\"https:\\\/\\\/www.meydan.tv\\\/az\\\/article\\\/avropa-mehkemesi-azerbaycanla-bagli-11-neferin-sikayetini-temin-edib\\\/\",\"url\":\"https:\\\/\\\/www.meydan.tv\\\/az\\\/article\\\/avropa-mehkemesi-azerbaycanla-bagli-11-neferin-sikayetini-temin-edib\\\/\",\"name\":\"Avropa M\u0259hk\u0259m\u0259si Az\u0259rbaycanla ba\u011fl\u0131 11 n\u0259f\u0259rin \u015fikay\u0259tini t\u0259min edib - MEYDAN.TV\",\"isPartOf\":{\"@id\":\"https:\\\/\\\/www.meydan.tv\\\/az\\\/#website\"},\"primaryImageOfPage\":{\"@id\":\"https:\\\/\\\/www.meydan.tv\\\/az\\\/article\\\/avropa-mehkemesi-azerbaycanla-bagli-11-neferin-sikayetini-temin-edib\\\/#primaryimage\"},\"image\":{\"@id\":\"https:\\\/\\\/www.meydan.tv\\\/az\\\/article\\\/avropa-mehkemesi-azerbaycanla-bagli-11-neferin-sikayetini-temin-edib\\\/#primaryimage\"},\"thumbnailUrl\":\"https:\\\/\\\/www.meydan.tv\\\/wp-content\\\/uploads\\\/court_19_01_18.jpg\",\"datePublished\":\"2019-09-26T11:40:43+00:00\",\"breadcrumb\":{\"@id\":\"https:\\\/\\\/www.meydan.tv\\\/az\\\/article\\\/avropa-mehkemesi-azerbaycanla-bagli-11-neferin-sikayetini-temin-edib\\\/#breadcrumb\"},\"inLanguage\":\"az\",\"potentialAction\":[{\"@type\":\"ReadAction\",\"target\":[\"https:\\\/\\\/www.meydan.tv\\\/az\\\/article\\\/avropa-mehkemesi-azerbaycanla-bagli-11-neferin-sikayetini-temin-edib\\\/\"]}]},{\"@type\":\"ImageObject\",\"inLanguage\":\"az\",\"@id\":\"https:\\\/\\\/www.meydan.tv\\\/az\\\/article\\\/avropa-mehkemesi-azerbaycanla-bagli-11-neferin-sikayetini-temin-edib\\\/#primaryimage\",\"url\":\"https:\\\/\\\/www.meydan.tv\\\/wp-content\\\/uploads\\\/court_19_01_18.jpg\",\"contentUrl\":\"https:\\\/\\\/www.meydan.tv\\\/wp-content\\\/uploads\\\/court_19_01_18.jpg\",\"width\":1920,\"height\":1080,\"caption\":\"Source: Specify Source\"},{\"@type\":\"BreadcrumbList\",\"@id\":\"https:\\\/\\\/www.meydan.tv\\\/az\\\/article\\\/avropa-mehkemesi-azerbaycanla-bagli-11-neferin-sikayetini-temin-edib\\\/#breadcrumb\",\"itemListElement\":[{\"@type\":\"ListItem\",\"position\":1,\"name\":\"Ana s\u0259hif\u0259\",\"item\":\"https:\\\/\\\/www.meydan.tv\\\/az\\\/\"},{\"@type\":\"ListItem\",\"position\":2,\"name\":\"Siyas\u0259t\",\"item\":\"https:\\\/\\\/www.meydan.tv\\\/az\\\/section\\\/siyaset\\\/\"},{\"@type\":\"ListItem\",\"position\":3,\"name\":\"Avropa M\u0259hk\u0259m\u0259si Az\u0259rbaycanla ba\u011fl\u0131 11 n\u0259f\u0259rin \u015fikay\u0259tini t\u0259min edib\"}]},{\"@type\":\"WebSite\",\"@id\":\"https:\\\/\\\/www.meydan.tv\\\/az\\\/#website\",\"url\":\"https:\\\/\\\/www.meydan.tv\\\/az\\\/\",\"name\":\"MEYDAN.TV\",\"description\":\"Meydan TV Az\u0259rbaycan\u0131n media m\u0259kan\u0131ndak\u0131 alternativ s\u0259sidir\",\"publisher\":{\"@id\":\"https:\\\/\\\/www.meydan.tv\\\/az\\\/#organization\"},\"potentialAction\":[{\"@type\":\"SearchAction\",\"target\":{\"@type\":\"EntryPoint\",\"urlTemplate\":\"https:\\\/\\\/www.meydan.tv\\\/az\\\/?s={search_term_string}\"},\"query-input\":{\"@type\":\"PropertyValueSpecification\",\"valueRequired\":true,\"valueName\":\"search_term_string\"}}],\"inLanguage\":\"az\"},{\"@type\":\"Organization\",\"@id\":\"https:\\\/\\\/www.meydan.tv\\\/az\\\/#organization\",\"name\":\"Meydan TV\",\"url\":\"https:\\\/\\\/www.meydan.tv\\\/az\\\/\",\"logo\":{\"@type\":\"ImageObject\",\"inLanguage\":\"az\",\"@id\":\"https:\\\/\\\/www.meydan.tv\\\/az\\\/#\\\/schema\\\/logo\\\/image\\\/\",\"url\":\"https:\\\/\\\/www.meydan.tv\\\/wp-content\\\/uploads\\\/2021\\\/07\\\/meydan-logo.svg\",\"contentUrl\":\"https:\\\/\\\/www.meydan.tv\\\/wp-content\\\/uploads\\\/2021\\\/07\\\/meydan-logo.svg\",\"width\":195,\"height\":46,\"caption\":\"Meydan TV\"},\"image\":{\"@id\":\"https:\\\/\\\/www.meydan.tv\\\/az\\\/#\\\/schema\\\/logo\\\/image\\\/\"}},{\"@type\":\"Person\",\"@id\":\"https:\\\/\\\/www.meydan.tv\\\/az\\\/#\\\/schema\\\/person\\\/10d11eccf6da3662cf5fdab9806ea91a\",\"name\":\"user-manager\"}]}<\/script>\n<!-- \/ Yoast SEO plugin. -->","yoast_head_json":{"title":"Avropa M\u0259hk\u0259m\u0259si Az\u0259rbaycanla ba\u011fl\u0131 11 n\u0259f\u0259rin \u015fikay\u0259tini t\u0259min edib - MEYDAN.TV","robots":{"index":"index","follow":"follow","max-snippet":"max-snippet:-1","max-image-preview":"max-image-preview:large","max-video-preview":"max-video-preview:-1"},"canonical":"https:\/\/www.meydan.tv\/az\/article\/avropa-mehkemesi-azerbaycanla-bagli-11-neferin-sikayetini-temin-edib\/","og_locale":"az_AZ","og_type":"article","og_title":"Avropa M\u0259hk\u0259m\u0259si Az\u0259rbaycanla ba\u011fl\u0131 11 n\u0259f\u0259rin \u015fikay\u0259tini t\u0259min edib - MEYDAN.TV","og_description":"O, qeyd edib ki, bundan ba\u015fqa kommunikasiyas\u0131 bitmi\u015f 60-dan yuxar\u0131 i\u015f q\u0259rar\u0131n\u0131, 200-d\u0259n art\u0131q i\u015f is\u0259 kommunikasiyan\u0131n ba\u015flanmas\u0131n\u0131 g\u00f6zl\u0259yir.","og_url":"https:\/\/www.meydan.tv\/az\/article\/avropa-mehkemesi-azerbaycanla-bagli-11-neferin-sikayetini-temin-edib\/","og_site_name":"MEYDAN.TV","article_published_time":"2019-09-26T11:40:43+00:00","og_image":[{"width":1920,"height":1080,"url":"https:\/\/www.meydan.tv\/wp-content\/uploads\/court_19_01_18.jpg","type":"image\/jpeg"}],"author":"user-manager","twitter_card":"summary_large_image","schema":{"@context":"https:\/\/schema.org","@graph":[{"@type":"Article","@id":"https:\/\/www.meydan.tv\/az\/article\/avropa-mehkemesi-azerbaycanla-bagli-11-neferin-sikayetini-temin-edib\/#article","isPartOf":{"@id":"https:\/\/www.meydan.tv\/az\/article\/avropa-mehkemesi-azerbaycanla-bagli-11-neferin-sikayetini-temin-edib\/"},"author":{"name":"user-manager","@id":"https:\/\/www.meydan.tv\/az\/#\/schema\/person\/10d11eccf6da3662cf5fdab9806ea91a"},"headline":"Avropa M\u0259hk\u0259m\u0259si Az\u0259rbaycanla ba\u011fl\u0131 11 n\u0259f\u0259rin \u015fikay\u0259tini t\u0259min edib","datePublished":"2019-09-26T11:40:43+00:00","mainEntityOfPage":{"@id":"https:\/\/www.meydan.tv\/az\/article\/avropa-mehkemesi-azerbaycanla-bagli-11-neferin-sikayetini-temin-edib\/"},"wordCount":861,"publisher":{"@id":"https:\/\/www.meydan.tv\/az\/#organization"},"image":{"@id":"https:\/\/www.meydan.tv\/az\/article\/avropa-mehkemesi-azerbaycanla-bagli-11-neferin-sikayetini-temin-edib\/#primaryimage"},"thumbnailUrl":"https:\/\/www.meydan.tv\/wp-content\/uploads\/court_19_01_18.jpg","articleSection":["Siyas\u0259t"],"inLanguage":"az"},{"@type":"WebPage","@id":"https:\/\/www.meydan.tv\/az\/article\/avropa-mehkemesi-azerbaycanla-bagli-11-neferin-sikayetini-temin-edib\/","url":"https:\/\/www.meydan.tv\/az\/article\/avropa-mehkemesi-azerbaycanla-bagli-11-neferin-sikayetini-temin-edib\/","name":"Avropa M\u0259hk\u0259m\u0259si Az\u0259rbaycanla ba\u011fl\u0131 11 n\u0259f\u0259rin \u015fikay\u0259tini t\u0259min edib - MEYDAN.TV","isPartOf":{"@id":"https:\/\/www.meydan.tv\/az\/#website"},"primaryImageOfPage":{"@id":"https:\/\/www.meydan.tv\/az\/article\/avropa-mehkemesi-azerbaycanla-bagli-11-neferin-sikayetini-temin-edib\/#primaryimage"},"image":{"@id":"https:\/\/www.meydan.tv\/az\/article\/avropa-mehkemesi-azerbaycanla-bagli-11-neferin-sikayetini-temin-edib\/#primaryimage"},"thumbnailUrl":"https:\/\/www.meydan.tv\/wp-content\/uploads\/court_19_01_18.jpg","datePublished":"2019-09-26T11:40:43+00:00","breadcrumb":{"@id":"https:\/\/www.meydan.tv\/az\/article\/avropa-mehkemesi-azerbaycanla-bagli-11-neferin-sikayetini-temin-edib\/#breadcrumb"},"inLanguage":"az","potentialAction":[{"@type":"ReadAction","target":["https:\/\/www.meydan.tv\/az\/article\/avropa-mehkemesi-azerbaycanla-bagli-11-neferin-sikayetini-temin-edib\/"]}]},{"@type":"ImageObject","inLanguage":"az","@id":"https:\/\/www.meydan.tv\/az\/article\/avropa-mehkemesi-azerbaycanla-bagli-11-neferin-sikayetini-temin-edib\/#primaryimage","url":"https:\/\/www.meydan.tv\/wp-content\/uploads\/court_19_01_18.jpg","contentUrl":"https:\/\/www.meydan.tv\/wp-content\/uploads\/court_19_01_18.jpg","width":1920,"height":1080,"caption":"Source: Specify Source"},{"@type":"BreadcrumbList","@id":"https:\/\/www.meydan.tv\/az\/article\/avropa-mehkemesi-azerbaycanla-bagli-11-neferin-sikayetini-temin-edib\/#breadcrumb","itemListElement":[{"@type":"ListItem","position":1,"name":"Ana s\u0259hif\u0259","item":"https:\/\/www.meydan.tv\/az\/"},{"@type":"ListItem","position":2,"name":"Siyas\u0259t","item":"https:\/\/www.meydan.tv\/az\/section\/siyaset\/"},{"@type":"ListItem","position":3,"name":"Avropa M\u0259hk\u0259m\u0259si Az\u0259rbaycanla ba\u011fl\u0131 11 n\u0259f\u0259rin \u015fikay\u0259tini t\u0259min edib"}]},{"@type":"WebSite","@id":"https:\/\/www.meydan.tv\/az\/#website","url":"https:\/\/www.meydan.tv\/az\/","name":"MEYDAN.TV","description":"Meydan TV Az\u0259rbaycan\u0131n media m\u0259kan\u0131ndak\u0131 alternativ s\u0259sidir","publisher":{"@id":"https:\/\/www.meydan.tv\/az\/#organization"},"potentialAction":[{"@type":"SearchAction","target":{"@type":"EntryPoint","urlTemplate":"https:\/\/www.meydan.tv\/az\/?s={search_term_string}"},"query-input":{"@type":"PropertyValueSpecification","valueRequired":true,"valueName":"search_term_string"}}],"inLanguage":"az"},{"@type":"Organization","@id":"https:\/\/www.meydan.tv\/az\/#organization","name":"Meydan TV","url":"https:\/\/www.meydan.tv\/az\/","logo":{"@type":"ImageObject","inLanguage":"az","@id":"https:\/\/www.meydan.tv\/az\/#\/schema\/logo\/image\/","url":"https:\/\/www.meydan.tv\/wp-content\/uploads\/2021\/07\/meydan-logo.svg","contentUrl":"https:\/\/www.meydan.tv\/wp-content\/uploads\/2021\/07\/meydan-logo.svg","width":195,"height":46,"caption":"Meydan TV"},"image":{"@id":"https:\/\/www.meydan.tv\/az\/#\/schema\/logo\/image\/"}},{"@type":"Person","@id":"https:\/\/www.meydan.tv\/az\/#\/schema\/person\/10d11eccf6da3662cf5fdab9806ea91a","name":"user-manager"}]}},"_links":{"self":[{"href":"https:\/\/www.meydan.tv\/az\/wp-json\/wp\/v2\/posts\/197144","targetHints":{"allow":["GET"]}}],"collection":[{"href":"https:\/\/www.meydan.tv\/az\/wp-json\/wp\/v2\/posts"}],"about":[{"href":"https:\/\/www.meydan.tv\/az\/wp-json\/wp\/v2\/types\/post"}],"author":[{"embeddable":true,"href":"https:\/\/www.meydan.tv\/az\/wp-json\/wp\/v2\/users\/11"}],"replies":[{"embeddable":true,"href":"https:\/\/www.meydan.tv\/az\/wp-json\/wp\/v2\/comments?post=197144"}],"version-history":[{"count":0,"href":"https:\/\/www.meydan.tv\/az\/wp-json\/wp\/v2\/posts\/197144\/revisions"}],"wp:featuredmedia":[{"embeddable":true,"href":"https:\/\/www.meydan.tv\/az\/wp-json\/wp\/v2\/media\/130255"}],"wp:attachment":[{"href":"https:\/\/www.meydan.tv\/az\/wp-json\/wp\/v2\/media?parent=197144"}],"wp:term":[{"taxonomy":"category","embeddable":true,"href":"https:\/\/www.meydan.tv\/az\/wp-json\/wp\/v2\/categories?post=197144"},{"taxonomy":"post_tag","embeddable":true,"href":"https:\/\/www.meydan.tv\/az\/wp-json\/wp\/v2\/tags?post=197144"}],"curies":[{"name":"wp","href":"https:\/\/api.w.org\/{rel}","templated":true}]}}