{"id":197143,"date":"2019-09-26T10:39:09","date_gmt":"2019-09-26T10:39:09","guid":{"rendered":"https:\/\/www.meydan.tv\/article\/dokladchik-pase-prizval-peresmotret-otnoshenie-k-bezhencam-iz-chechni1\/"},"modified":"2019-09-26T10:39:09","modified_gmt":"2019-09-26T10:39:09","slug":"dokladchik-pase-prizval-peresmotret-otnoshenie-k-bezhencam-iz-chechni1","status":"publish","type":"post","link":"https:\/\/www.meydan.tv\/az\/article\/dokladchik-pase-prizval-peresmotret-otnoshenie-k-bezhencam-iz-chechni1\/","title":{"rendered":"A\u015ePA m\u0259ruz\u0259\u00e7isi \u00c7e\u00e7enistandan olan qa\u00e7q\u0131nlara m\u00fcnasib\u0259t\u0259 yenid\u0259n bax\u0131lmas\u0131n\u0131 ist\u0259yir"},"content":{"rendered":"<p>\n  M\u0259qal\u0259<br \/>\n  <a href=\"https:\/\/www.kavkaz-uzel.eu\/articles\/340472\/\"><br \/>\n    &quot;\u041aavkazski Uzel&quot;<br \/>\n  <\/a><br \/>\n  sayt\u0131nda d\u0259rc olunub.\n<\/p>\n<p>\n  A\u015ePA m\u0259ruz\u0259\u00e7isi Frank \u015evabe Qrozn\u0131ya bir g\u00fcnl\u00fck s\u0259f\u0259rind\u0259n sonra etiraf edib ki, \u00c7e\u00e7enistan hakimiyy\u0259tinin ona g\u00f6st\u0259rdiyi ger\u00e7\u0259kl\u0259r h\u00fcquq m\u00fcdafi\u0259\u00e7il\u0259rinin respublikada insan haqlar\u0131n\u0131n pozulmas\u0131 haqda x\u0259b\u0259rl\u0259rin\u0259 ziddir. Amma o, Avropa \u015euras\u0131na obyektiv m\u0259ruz\u0259 t\u0259rtib ed\u0259c\u0259yini v\u0259d edib. \u201cAvropa \u00f6lk\u0259l\u0259rinin m\u0259murlar\u0131 \u00c7e\u00e7enistandan olan qa\u00e7q\u0131nlara etinas\u0131z m\u00fcnasib\u0259tl\u0259rin\u0259 yenid\u0259n g\u00f6z g\u0259zdirm\u0259lidirl\u0259r,\u201d- \u015evabe deyib.\n<\/p>\n<p>\n  \u201cKavkazski uzel\u201din yazd\u0131\u011f\u0131 kimi, Avropa \u015euras\u0131n\u0131n Parlament Assambleyas\u0131n\u0131n (A\u015ePA) m\u0259ruz\u0259\u00e7il\u0259ri Rusiya hakimiyy\u0259tini \u201cMemorial\u201d h\u00fcquq-m\u00fcdafi\u0259 m\u0259rk\u0259zinin Qrozn\u0131 ofisinin ba\u015f\u00e7\u0131s\u0131 Oyub Titiyev\u0259 veril\u0259n h\u00f6km\u0259 g\u00f6r\u0259 t\u0259nqid edib. A\u015ePA-n\u0131n \u015eimali Qafqazda insan haqlar\u0131 \u00fczr\u0259 m\u0259ruz\u0259\u00e7isi Frank \u015evabe ehtimal edib ki, Titiyevin i\u015fi \u201cinsan haqlar\u0131n\u0131n d\u0259h\u015f\u0259tli \u015f\u0259kild\u0259 pozulmas\u0131n\u0131n if\u015fas\u0131na qisas kimi uydurulub\u201d. 2017-ci ild\u0259 A\u015ePA deputatlar\u0131n\u0131n narahatl\u0131\u011f\u0131na s\u0259b\u0259b \u015eimali Qafqazda insan haqlar\u0131 il\u0259 ba\u011fl\u0131 v\u0259ziyy\u0259t, o c\u00fcml\u0259d\u0259n \u00c7e\u00e7enistanda LGBT n\u00fcmy\u0259nd\u0259l\u0259rinin t\u0259qibi haqq\u0131nda x\u0259b\u0259rl\u0259r olub.\n<\/p>\n<p>\n  A\u015ePA-n\u0131n \u015eimali Qafqazda insan haqlar\u0131 \u00fczr\u0259 m\u0259ruz\u0259\u00e7isi Frank \u015evabe regionda insan haqlar\u0131 il\u0259 ba\u011fl\u0131 v\u0259ziyy\u0259tin m\u00fczakir\u0259si \u00fc\u00e7\u00fcn sentyabr\u0131n 18-d\u0259n 20-d\u0259k Moskvada v\u0259 Qrozn\u0131da olub. O, Rusiyaya s\u0259f\u0259rinin sonuncu g\u00fcn\u00fcnd\u0259 Qrozn\u0131ya g\u0259lib, sentyabr\u0131n 20-d\u0259 \u201cNovosti\u201d Rusiya informasiya agentliyi x\u0259b\u0259r verib.\n<\/p>\n<p>\n  Qrozn\u0131da Frank \u015evabe il\u0259 g\u00f6r\u00fc\u015fd\u0259 D\u00f6vl\u0259t Dumas\u0131n\u0131n deputat\u0131 \u015eamsail Saraliyev, \u00c7e\u00e7enistan D\u0130N-in ba\u015f\u00e7\u0131s\u0131 Ruslan Alxanov, \u018fdliyy\u0259 Nazirliyinin n\u00fcmay\u0259nd\u0259si Maxsud Taymasxanov, \u00c7e\u00e7enistan r\u0259hb\u0259rinin k\u00f6m\u0259k\u00e7isi Timur Aliyev v\u0259 \u00c7e\u00e7enistandan insan haqlar\u0131 \u00fczr\u0259 m\u00fcv\u0259kkil Nurdi Nuxajiyev i\u015ftirak edib, \u201c\u00c7e\u00e7enistan bu g\u00fcn\u201d informasiya agentliyi x\u0259b\u0259r verib.\n<\/p>\n<p>\n  \u015evabe qeyd edib ki, bu, onun Rusiya bir ne\u00e7\u0259 il A\u015ePA il\u0259 i\u015fl\u0259m\u0259dikd\u0259n sonra \u00f6lk\u0259y\u0259 ilk s\u0259f\u0259ridir. \u201cM\u0259n \u00c7e\u00e7enistan Respublikas\u0131nda v\u0259 \u015eimali Qafqaz \u0259razisind\u0259 insan haqlar\u0131 sah\u0259sind\u0259 v\u0259ziyy\u0259t bar\u0259d\u0259 m\u0259ruz\u0259 yazmal\u0131yam. Bu, h\u0259m\u00e7inin Avropada x\u00fcsusi maraq do\u011furur. M\u0259nim g\u0259li\u015fim m\u0259ruz\u0259nin haz\u0131rlanmas\u0131nda ilk add\u0131md\u0131r. \u0130ndiy\u0259d\u0259k m\u0259ruz\u0259l\u0259r regiona g\u0259lm\u0259d\u0259n haz\u0131rlan\u0131rd\u0131\u201d, \u2013 \u015evabe agentliy\u0259 s\u00f6yl\u0259yib.\n<\/p>\n<p>\n  Kr\u0131m Rusiyaya birl\u0259\u015f\u0259nd\u0259n sonra \u00f6lk\u0259 n\u00fcmay\u0259nd\u0259l\u0259rinin A\u015ePA-da i\u015fi dayand\u0131r\u0131ld\u0131\u011f\u0131ndan Assamleyan\u0131n x\u00fcsusi m\u0259ruz\u0259\u00e7il\u0259ri Rusiyaya burax\u0131lm\u0131rd\u0131. Bu ilin iyununda Rusiya n\u00fcmay\u0259nd\u0259l\u0259rinin A\u015ePA-da s\u0259lahiyy\u0259tl\u0259ri tamamil\u0259 b\u0259rpa olunub, \u201cNovaya qazeta\u201d sentyabr\u0131n 19-da x\u0259b\u0259r verib.\n<\/p>\n<p>\n  \u201cNovaya qazeta\u201dn\u0131n verdiyi x\u0259b\u0259r\u0259 g\u00f6r\u0259, Frank \u015evabe il\u0259 Avropa \u015euras\u0131n\u0131n Moskva ofisind\u0259 g\u00f6r\u00fc\u015f\u0259nl\u0259r ona \u00c7e\u00e7enistana getm\u0259k \u0259v\u0259zin\u0259 Moskvada qalma\u011f\u0131 v\u0259 Rusiya \u0130stintaq Komit\u0259sinin s\u0259dri Aleksandr Bastr\u0131kinl\u0259 v\u0259 Ba\u015f prokuror Yuri \u00c7ayka il\u0259 \u015eimali Qafqazda insan haqlar\u0131n\u0131n pozulmas\u0131 bar\u0259d\u0259 dan\u0131\u015fma\u011f\u0131 t\u0259klif edibl\u0259r.\n<\/p>\n<p>\n  \u201c\u00c7e\u00e7enistana getm\u0259k axmaql\u0131qd\u0131r, daha b\u00f6y\u00fck axmaql\u0131q Ramzan Kad\u0131rovun suallar\u0131n\u0131nza d\u00fczg\u00fcn cavab ver\u0259c\u0259yini g\u00f6zl\u0259m\u0259kdir\u201d, \u2013 o c\u00fcml\u0259d\u0259n Frank \u015evabey\u0259 \u201c\u0130\u015fg\u0259nc\u0259l\u0259r\u0259 qar\u015f\u0131 komit\u0259\u201dnin r\u0259hb\u0259ri \u0130qor Kalyapin deyib.\n<\/p>\n<p>\n  A\u015ePA n\u00fcmay\u0259nd\u0259si etiraz ed\u0259r\u0259k, \u00c7e\u00e7enistan s\u0259f\u0259rind\u0259n imtina ed\u0259 bilm\u0259y\u0259c\u0259yini s\u00f6yl\u0259yib. \u201cHe\u00e7 olmasa ona g\u00f6r\u0259 ki, sonra m\u0259ni h\u0259r \u015feyi \u00f6z g\u00f6zl\u0259riml\u0259 g\u00f6rm\u0259k imkan\u0131ndan istifad\u0259 etm\u0259m\u0259kd\u0259 g\u00fcnahland\u0131rmas\u0131nlar. Amma m\u0259n kifay\u0259t q\u0259d\u0259r t\u0259cr\u00fcb\u0259li diplomatam v\u0259 m\u0259n\u0259 qar\u015f\u0131 oyun oynan\u0131ld\u0131\u011f\u0131n\u0131 anlay\u0131ram. M\u0259n bu c\u00fcr oyunlar\u0131 qada\u011fan ed\u0259 bilm\u0259r\u0259m, amma \u00f6z n\u0259tic\u0259l\u0259rimi \u00e7\u0131xarmaqda da s\u0259rb\u0259st\u0259m\u201d, \u2013 \u201cNovaya qazeta\u201d Frank \u015evabenin \u0130qor Kalyapin\u0259 cavab\u0131n\u0131 yaz\u0131b.\n<\/p>\n<p>\n  <b><br \/>\n    Kad\u0131rov \u015evabenin \u00c7e\u00e7enistana s\u0259f\u0259rind\u0259 m\u0259saf\u0259 saxlay\u0131b<br \/>\n  <\/b>\n<\/p>\n<p>\n  Ramzan Kad\u0131rov \u015evabenin \u00c7e\u00e7enistana s\u0259f\u0259ri \u0259r\u0259f\u0259sind\u0259 bel\u0259 bir fikir s\u00f6yl\u0259yib ki, A\u015ePA v\u0259 bir s\u0131ra dig\u0259r Avropa t\u0259\u015fkilatlar\u0131 \u00c7e\u00e7enistanla ba\u011fl\u0131 m\u0259s\u0259l\u0259l\u0259rin m\u00fczakir\u0259sind\u0259 a\u00e7\u0131q-a\u015fkar q\u0259r\u0259z n\u00fcmayi\u015f etdirir.\n<\/p>\n<figure class=\"wp-block-image size-large\">\n  <img decoding=\"async\" src=\"https:\/\/www.meydan.tv\/az\/view_snimok-png\/\" alt=\"view_Snimok.png\" class=\"wp-image-130162\"\/><figcaption>\n    Ramzan Kad\u0131rovun tviti<br \/>\n  <\/figcaption><\/figure>\n<p>\n  \u201cT\u0259cr\u00fcb\u0259 g\u00f6st\u0259rir ki, onlar\u0131 postsovet \u0259razil\u0259rd\u0259 misli g\u00f6r\u00fcnm\u0259mi\u015f d\u0259yi\u015fiklil\u0259r, o c\u00fcml\u0259d\u0259n \u00c7e\u00e7enistanda ba\u015f ver\u0259n siyasi, iqtisadi, demokratik v\u0259 sosial prosesl\u0259r maraqland\u0131rm\u0131r. Onlar haqq\u0131nda t\u0259kc\u0259 A\u015ePA-da deyil, b\u00fct\u00fcn d\u00fcnyada bilirl\u0259r&#8230; Onlar\u0131n qar\u015f\u0131lar\u0131na q\u0259sd\u0259n \u00c7e\u00e7enistan\u0131, ard\u0131ndan da Rusiyan\u0131 qaralamaq m\u0259qs\u0259dini qoyduqlar\u0131 ehtimal\u0131n\u0131 ir\u0259li s\u00fcrm\u0259k \u00fc\u00e7\u00fcn \u0259saslar\u0131m\u0131z var. G\u00f6r\u00fcn\u00fcr, onlar ist\u0259yirl\u0259r ki, biz \u00f6z m\u0259n\u0259vi v\u0259 milli d\u0259y\u0259rl\u0259rimizd\u0259n m\u0259hrum olaq, \u00f6z dilini, dinini, m\u0259d\u0259niyy\u0259tini itir\u0259nl\u0259rin i\u00e7\u0259risind\u0259 \u0259riyib ged\u0259k\u201d, \u2013 \u00c7e\u00e7enistan r\u0259hb\u0259ri sentyabr\u0131n 19-da \u00f6z \u201cTelegram\u201d kanal\u0131nda yaz\u0131b.\n<\/p>\n<p>\n  Ramzan Kad\u0131rov bundan sonra \u201cLGBT problemini\u201d qald\u0131r\u0131b, h\u0259r\u00e7\u0259nd onu da qeyd edib ki, \u0259slind\u0259 bel\u0259 bir problem he\u00e7 m\u00f6vcud deyil. \u201c\u018fn az\u0131ndan \u00c7e\u00e7enistanda. Bizd\u0259 ki\u015fil\u0259r qad\u0131nlarla evl\u0259nirl\u0259r, qad\u0131nlarsa ki\u015fil\u0259r\u0259 \u0259r\u0259 gedirl\u0259r. Min ill\u0259rdir bu c\u00fcr olub v\u0259 Q\u0259rbin biz\u0259 n\u0259yi s\u0131r\u0131mas\u0131ndan as\u0131l\u0131 olmayaraq, bel\u0259 d\u0259 olacaq\u201d, \u2013 respublika r\u0259hb\u0259ri yaz\u0131b.\n<\/p>\n<p>\n  Bununla yana\u015f\u0131, Kad\u0131rov qeyd edib ki, A\u015ePA m\u0259ruz\u0259\u00e7isinin s\u0259f\u0259ri bar\u0259d\u0259 D\u00f6vl\u0259t Dumas\u0131n\u0131n m\u0259lumat\u0131ndan x\u0259b\u0259r al\u0131b. \u201cBeyn\u0259lxalq t\u0259\u015fkilatlar\u0131n n\u00fcmay\u0259nd\u0259l\u0259rinin Qrozn\u0131ya g\u0259li\u015fi D\u0130N v\u0259 dig\u0259r federal orqanlar\u0131n s\u0259lahiyy\u0259tind\u0259dir,\u201d &#8211; Ramzan Kad\u0131rov vur\u011fulay\u0131b v\u0259 \u0259lav\u0259 edib ki, \u00c7e\u00e7enistan s\u0259f\u0259ri X\u0130N t\u0259r\u0259find\u0259n raz\u0131la\u015fd\u0131r\u0131lm\u0131\u015f ist\u0259nil\u0259n n\u00fcmay\u0259nd\u0259 hey\u0259ti il\u0259 dialoqa a\u00e7\u0131qd\u0131r.\n<\/p>\n<p>\n  <b><br \/>\n    \u015evabe \u00c7e\u00e7enistandan olan qa\u00e7q\u0131nlara m\u00fcnasib\u0259t\u0259 yenid\u0259n bax\u0131lmas\u0131 z\u0259rur\u0259tini etiraf edib<br \/>\n  <\/b>\n<\/p>\n<p>\n  Sentyabr\u0131n 21-d\u0259 s\u0259f\u0259rd\u0259n qay\u0131dan Frank \u015evabe b\u0259yan edib ki, \u00c7e\u00e7enistana bir g\u00fcnl\u00fck gedi\u015fi zaman\u0131 g\u00f6rd\u00fckl\u0259rind\u0259n n\u0259tic\u0259 \u00e7\u0131xarma\u011fa haz\u0131r deyil. \u201cM\u0259n hans\u0131sa ara\u015fd\u0131rma aparan jurnalist deyil\u0259m. M\u0259n t\u0259klif olunan r\u0259smi s\u0259f\u0259rl\u0259ri t\u0259qvim\u0259 uy\u011fun h\u0259yata ke\u00e7irm\u0259liy\u0259m. M\u0259n Moskvada bir s\u0131ra h\u00fcquq m\u00fcdafi\u0259\u00e7isi il\u0259 h\u0259m d\u0259 ona g\u00f6r\u0259 g\u00f6r\u00fc\u015fd\u00fcm ki, Oyub Titityev d\u0259 daxil olmaqla, onlar art\u0131q Qrozn\u0131da i\u015fl\u0259y\u0259 bilmirl\u0259r. Onlar m\u0259n\u0259 \u00c7e\u00e7enistanda n\u00fcmayi\u015f etdiril\u0259nd\u0259n tam f\u0259rqli m\u0259nz\u0259r\u0259 c\u0131zd\u0131lar. Onlar \u00c7e\u00e7enistanda gizli h\u0259bsxanalar\u0131n oldu\u011funu, namus m\u0259s\u0259l\u0259si il\u0259 ba\u011fl\u0131 qad\u0131nlar\u0131n q\u0259tl\u0259 yetirildiyini v\u0259 LGBT n\u00fcmay\u0259nd\u0259l\u0259rinin zorland\u0131\u011f\u0131n\u0131 dedil\u0259r. Bunlar olduqca a\u011f\u0131r ittihamlard\u0131r. M\u0259nim v\u0259zif\u0259m ba\u015f ver\u0259nl\u0259rin m\u0259nz\u0259r\u0259sini yaratmaq v\u0259 bu haqda Avropa \u015euras\u0131na m\u0259ruz\u0259 etm\u0259kdir\u201d, \u2013\u201c Deutsche Welle\u201d el\u0259 h\u0259min g\u00fcn \u015evabenin s\u00f6yl\u0259dikl\u0259rini d\u0259rc edib.\n<\/p>\n<p>\n  \u201cMemorial\u201d h\u00fcquq-m\u00fcdafi\u0259 m\u0259rk\u0259zinin Qrozn\u0131 filial\u0131n\u0131n sabiq r\u0259hb\u0259ri Oyub Titityev \u00c7e\u00e7enistanda narkotik i\u015fi il\u0259 m\u0259hkum olunub. \u00d6z\u00fc narkotikin onun \u00e7antas\u0131na gizlinc\u0259 qoyuldu\u011funu israr edir, \u201cKavkazski uzel\u201din \u201cOyub Titityevin i\u015fi haqq\u0131nda \u0259sas m\u0259lumatlar\u201d m\u0259qal\u0259sind\u0259 deyilir. \u201cMemorial\u201d h\u00fcquq-m\u00fcdafi\u0259 m\u0259rk\u0259zi \u0259vv\u0259ll\u0259r Titiyevin i\u015finin saxta olmas\u0131 bar\u0259d\u0259 10 fakt qeyd edib. H\u00fcquq m\u00fcdafi\u0259\u00e7isi iyulun 15-d\u0259 \u015f\u0259rti azadl\u0131\u011fa burax\u0131l\u0131b. El\u0259 h\u0259min g\u00fcn m\u0259lum olub ki, o, i\u015fin\u0259 Moskvada davam ed\u0259c\u0259k v\u0259 Rusiyada \u00c7e\u00e7enistan\u0131n insan haqlar\u0131 m\u0259s\u0259l\u0259l\u0259ri il\u0259 m\u0259\u015f\u011ful olacaq.\n<\/p>\n<p>\n  \u015evabenin dediyin\u0259 g\u00f6r\u0259, Rusiyada b\u00fct\u00fcn h\u0259ms\u00f6hb\u0259tl\u0259ri onunla AFR bundestaq\u0131n\u0131n deputat\u0131 kimi Zelimxan Xanqo\u015fvilinin q\u0259tli m\u00f6vzusuna toxunub. \u201cAmma bu m\u00f6vzu r\u0259smi dan\u0131\u015f\u0131qlarda qald\u0131r\u0131lmay\u0131b, \u00e7\u00fcnki bu, Almaniya il\u0259 Rusiya aras\u0131nda ikit\u0259r\u0259fli m\u00fcnasib\u0259tl\u0259rin predmetidir\u201d, \u2013 A\u015ePA n\u00fcmay\u0259nd\u0259si d\u0259qiql\u0259\u015fdirib.\n<\/p>\n<p>\n  Avqustun 23-d\u0259 Pankisi d\u0259r\u0259sinin sakini, ikinci \u00e7e\u00e7en m\u00fcharib\u0259sinin i\u015ftirak\u00e7\u0131s\u0131 Zelimxan Xanqo\u015fvili Berlind\u0259 vurulub. Onun q\u0259tlind\u0259 Rusiya v\u0259t\u0259nda\u015f\u0131 \u015f\u00fcbh\u0259lidir. Almaniya hakimiyy\u0259ti h\u0259m\u00e7inin Xanqo\u015fvilinin \u00f6l\u00fcm\u00fcn\u0259 g\u00f6r\u0259 m\u0259suliyy\u0259t da\u015f\u0131y\u0131r, bel\u0259 ki ona s\u0131\u011f\u0131nacaq verm\u0259yib, sentyabr\u0131n 4-d\u0259 Berlind\u0259 ba\u015f tutmu\u015f mitinqin i\u015ftirak\u00e7\u0131lar\u0131 b\u0259yan edib. Onlar Ramzan Kad\u0131rovun t\u0259r\u0259fdarlar\u0131 istisna olmaqla, \u00c7e\u00e7enistan qa\u00e7q\u0131nlar\u0131n\u0131n Rusiyaya g\u00f6nd\u0259rilm\u0259m\u0259sini t\u0259l\u0259b edibl\u0259r.\n<\/p>\n<p>\n  \u201c\u00c7e\u00e7enistan \u0259traf\u0131nda v\u0259 \u00e7e\u00e7enl\u0259rin i\u015ftirak\u0131 il\u0259 olan m\u00fcnaqi\u015f\u0259l\u0259rin ba\u015fqa d\u00f6vl\u0259tl\u0259rin \u0259razisind\u0259 \u00e7\u00f6z\u00fclm\u0259si v\u0259 bu m\u00fcnaqi\u015f\u0259l\u0259rin i\u015ftirak\u00e7\u0131lar\u0131n\u0131n n\u0259tic\u0259l\u0259rd\u0259n qorxmamas\u0131 b\u00f6y\u00fck narahatl\u0131q do\u011furur\u201d, \u2013 Frank \u015evabe deyib.\n<\/p>\n<p>\n  Onun s\u00f6zl\u0259rin\u0259 g\u00f6r\u0259, \u00c7e\u00e7enistandan olan qa\u00e7q\u0131nlara s\u0131\u011f\u0131nacaq verilm\u0259si problemi il\u0259 ba\u011fl\u0131 q\u0259rarlar\u0131 \u201ckifay\u0259t q\u0259d\u0259r m\u0259lumatland\u0131r\u0131lm\u0131\u015f, qa\u00e7q\u0131nlar\u0131n g\u0259ldiyi \u00f6lk\u0259l\u0259rin bilicil\u0259ri\u201d verm\u0259lidirl\u0259r. \u201cAmma bunu n\u0259 miqrasiya v\u0259 qa\u00e7q\u0131nlar\u0131n i\u015fi \u00fczr\u0259 idar\u0259l\u0259rin \u0259m\u0259kda\u015flar\u0131na, n\u0259 d\u0259 inzibati m\u0259hk\u0259m\u0259l\u0259rd\u0259ki hakiml\u0259r\u0259 \u015famil etm\u0259k olmaz&#8230; Bununla bel\u0259, onlar \u0259dal\u0259tli h\u00f6km \u00e7\u0131xarmaq \u00fc\u00e7\u00fcn \u0259ll\u0259rind\u0259n g\u0259l\u0259ni edil\u0259r. \u00c7e\u00e7enistan problematikas\u0131 dig\u0259r beyn\u0259lxalq probleml\u0259rl\u0259 m\u00fcqayis\u0259d\u0259 olduqca qeyri-\u015f\u0259ffafd\u0131r: b\u0259z\u0259n kimin hans\u0131 maraqlar\u0131n\u0131n oldu\u011funu, kimin cani, kimin qurban oldu\u011funu m\u00fc\u0259yy\u0259nl\u0259\u015fdirm\u0259k \u00e7\u0259tindir\u201d, \u2013 Bundestaq\u0131n deputat\u0131 gileyl\u0259nib.\n<\/p>\n<p>\n  Onun fikrinc\u0259, Avropadak\u0131 m\u0259murlar \u00c7e\u00e7enistandak\u0131 v\u0259ziyy\u0259ti yenid\u0259n qiym\u0259tl\u0259ndirm\u0259li v\u0259 orda c\u0259miyy\u0259tin hans\u0131 qaydalarla ya\u015fad\u0131\u011f\u0131n\u0131 daha yax\u015f\u0131 anlamal\u0131d\u0131r. \u201cBizim t\u0259qib v\u0259 ya \u00f6l\u00fcm t\u0259hl\u00fck\u0259si olan adamlar\u0131 geri g\u00f6nd\u0259rm\u0259m\u0259k kimi humanitar \u00f6hd\u0259liyimiz var. Odur ki, \u00e7ox zaman qa\u00e7q\u0131nlar\u0131 geri g\u00f6nd\u0259rm\u0259m\u0259liyik&#8230; Ayd\u0131nd\u0131r ki, indi qa\u00e7q\u0131nlara s\u0131\u011f\u0131nacaq verilm\u0259si m\u0259hdudla\u015fd\u0131rl\u0131b. Amma \u00c7e\u00e7enistan m\u0259s\u0259l\u0259sind\u0259, t\u0259krar edir\u0259m, m\u0259n\u0259 el\u0259 g\u0259lir ki, orda adamlar\u0131n m\u0259ruz qala bil\u0259c\u0259kl\u0259ri t\u0259hl\u00fck\u0259l\u0259rin yenid\u0259n qiym\u0259tl\u0259ndirilm\u0259si t\u0259l\u0259b olunur. Orda v\u0259ziyy\u0259t Avropan\u0131n dig\u0259r yerl\u0259rind\u0259ki m\u00fcnaqi\u015f\u0259l\u0259rd\u0259n f\u0259rqlidir. Burdan bel\u0259 \u00e7\u0131x\u0131r ki, onlara daha \u00e7ox m\u00fcdafi\u0259 t\u0259qdim olunmal\u0131d\u0131r\u201d, \u2013 \u015evabe deyib.\n<\/p>\n<p>\n  \u0130yulun 15-d\u0259 \u201cV\u0259t\u0259nda\u015f yard\u0131m\u0131\u201d komit\u0259sinin r\u0259hb\u0259ri Cvetlana Qannu\u015fkina Moskvada ke\u00e7iril\u0259n m\u0259tbuat konfrans\u0131nda \u201cNiy\u0259 Rusiya sakinl\u0259ri Avropada s\u0131\u011f\u0131nacaq ist\u0259yir?\u201d adl\u0131 m\u0259ruz\u0259 il\u0259 \u00e7\u0131x\u0131\u015f edib. Avropaya s\u0131\u011f\u0131nacaqla m\u00fcraci\u0259t ed\u0259n Rusiya v\u0259t\u0259nda\u015flar\u0131n\u0131n deportasiyas\u0131 beyn\u0259lxalq qaydalar prinsipin\u0259 uy\u011fun deyil, &#8211; h\u00fcquq m\u00fcdafi\u0259\u00e7isi deyib. Avropa \u0130ttifaq\u0131n\u0131n insan haqlar\u0131 pozulmu\u015f qurbanlara m\u00fcnasib\u0259td\u0259 miqrasiya siyas\u0259ti h\u0259m d\u0259 Suriyadan k\u00fctl\u0259vi \u015f\u0259kild\u0259 qa\u00e7q\u0131nlar\u0131n g\u0259lm\u0259si v\u0259 Avropa mill\u0259t\u00e7iliyi il\u0259 ba\u011fl\u0131d\u0131r, &#8211; \u201cNovaya qazeta\u201dn\u0131n jurnalisti Yelena Mila\u015fina d\u0259qiql\u0259\u015fdirib.\n<\/p>\n<p>\n  Xat\u0131rladaq ki, h\u0259l\u0259 2010-cu ilin dekabr\u0131nda Avropa Parlamentinin deputatlar\u0131 Rusiyan\u0131 insan haqlar\u0131 sah\u0259sind\u0259 beyn\u0259lxalq \u00f6hd\u0259likl\u0259ri yerin\u0259 yetirm\u0259y\u0259 v\u0259 \u015eimali Qafqazda c\u0259zas\u0131zl\u0131\u011fa son verm\u0259y\u0259 \u00e7a\u011f\u0131r\u0131b.<\/p>\n","protected":false},"excerpt":{"rendered":"<p>A\u015ePA-n\u0131n \u015eimali Qafqazda insan haqlar\u0131 \u00fczr\u0259 m\u0259ruz\u0259\u00e7isi Frank \u015evabe regionda insan haqlar\u0131 il\u0259 ba\u011fl\u0131 v\u0259ziyy\u0259tin m\u00fczakir\u0259si \u00fc\u00e7\u00fcn sentyabr\u0131n 18-d\u0259n 20-d\u0259k Moskvada v\u0259 Qrozn\u0131da olub. O, Rusiyaya s\u0259f\u0259rinin sonuncu g\u00fcn\u00fcnd\u0259 Qrozn\u0131ya g\u0259lib, sentyabr\u0131n 20-d\u0259 \u201cNovosti\u201d Rusiya informasiya agentliyi x\u0259b\u0259r verib.<\/p>\n","protected":false},"author":11,"featured_media":130165,"comment_status":"closed","ping_status":"open","sticky":false,"template":"","format":"standard","meta":{"_acf_changed":false,"_sitemap_exclude":false,"_sitemap_priority":"","_sitemap_frequency":"","footnotes":""},"categories":[64],"tags":[],"class_list":["post-197143","post","type-post","status-publish","format-standard","has-post-thumbnail","hentry","category-dunya","infinite-scroll-item","generate-columns","tablet-grid-50","mobile-grid-100","grid-parent","grid-33","no-featured-image-padding"],"acf":[],"yoast_head":"<!-- This site is optimized with the Yoast SEO plugin v27.5 - https:\/\/yoast.com\/product\/yoast-seo-wordpress\/ -->\n<title>A\u015ePA m\u0259ruz\u0259\u00e7isi \u00c7e\u00e7enistandan olan qa\u00e7q\u0131nlara m\u00fcnasib\u0259t\u0259 yenid\u0259n bax\u0131lmas\u0131n\u0131 ist\u0259yir - MEYDAN.TV<\/title>\n<meta name=\"robots\" content=\"index, follow, max-snippet:-1, max-image-preview:large, max-video-preview:-1\" \/>\n<link rel=\"canonical\" href=\"https:\/\/www.meydan.tv\/az\/article\/dokladchik-pase-prizval-peresmotret-otnoshenie-k-bezhencam-iz-chechni1\/\" \/>\n<meta property=\"og:locale\" content=\"az_AZ\" \/>\n<meta property=\"og:type\" content=\"article\" \/>\n<meta property=\"og:title\" content=\"A\u015ePA m\u0259ruz\u0259\u00e7isi \u00c7e\u00e7enistandan olan qa\u00e7q\u0131nlara m\u00fcnasib\u0259t\u0259 yenid\u0259n bax\u0131lmas\u0131n\u0131 ist\u0259yir - MEYDAN.TV\" \/>\n<meta property=\"og:description\" content=\"A\u015ePA-n\u0131n \u015eimali Qafqazda insan haqlar\u0131 \u00fczr\u0259 m\u0259ruz\u0259\u00e7isi Frank \u015evabe regionda insan haqlar\u0131 il\u0259 ba\u011fl\u0131 v\u0259ziyy\u0259tin m\u00fczakir\u0259si \u00fc\u00e7\u00fcn sentyabr\u0131n 18-d\u0259n 20-d\u0259k Moskvada v\u0259 Qrozn\u0131da olub. O, Rusiyaya s\u0259f\u0259rinin sonuncu g\u00fcn\u00fcnd\u0259 Qrozn\u0131ya g\u0259lib, sentyabr\u0131n 20-d\u0259 \u201cNovosti\u201d Rusiya informasiya agentliyi x\u0259b\u0259r verib.\" \/>\n<meta property=\"og:url\" content=\"https:\/\/www.meydan.tv\/az\/article\/dokladchik-pase-prizval-peresmotret-otnoshenie-k-bezhencam-iz-chechni1\/\" \/>\n<meta property=\"og:site_name\" content=\"MEYDAN.TV\" \/>\n<meta property=\"article:published_time\" content=\"2019-09-26T10:39:09+00:00\" \/>\n<meta property=\"og:image\" content=\"https:\/\/www.meydan.tv\/wp-content\/uploads\/view_new324.jpg\" \/>\n\t<meta property=\"og:image:width\" content=\"892\" \/>\n\t<meta property=\"og:image:height\" content=\"480\" \/>\n\t<meta property=\"og:image:type\" content=\"image\/jpeg\" \/>\n<meta name=\"author\" content=\"user-manager\" \/>\n<meta name=\"twitter:card\" content=\"summary_large_image\" \/>\n<script type=\"application\/ld+json\" class=\"yoast-schema-graph\">{\"@context\":\"https:\\\/\\\/schema.org\",\"@graph\":[{\"@type\":\"Article\",\"@id\":\"https:\\\/\\\/www.meydan.tv\\\/az\\\/article\\\/dokladchik-pase-prizval-peresmotret-otnoshenie-k-bezhencam-iz-chechni1\\\/#article\",\"isPartOf\":{\"@id\":\"https:\\\/\\\/www.meydan.tv\\\/az\\\/article\\\/dokladchik-pase-prizval-peresmotret-otnoshenie-k-bezhencam-iz-chechni1\\\/\"},\"author\":{\"name\":\"user-manager\",\"@id\":\"https:\\\/\\\/www.meydan.tv\\\/az\\\/#\\\/schema\\\/person\\\/10d11eccf6da3662cf5fdab9806ea91a\"},\"headline\":\"A\u015ePA m\u0259ruz\u0259\u00e7isi \u00c7e\u00e7enistandan olan qa\u00e7q\u0131nlara m\u00fcnasib\u0259t\u0259 yenid\u0259n bax\u0131lmas\u0131n\u0131 ist\u0259yir\",\"datePublished\":\"2019-09-26T10:39:09+00:00\",\"mainEntityOfPage\":{\"@id\":\"https:\\\/\\\/www.meydan.tv\\\/az\\\/article\\\/dokladchik-pase-prizval-peresmotret-otnoshenie-k-bezhencam-iz-chechni1\\\/\"},\"wordCount\":2469,\"publisher\":{\"@id\":\"https:\\\/\\\/www.meydan.tv\\\/az\\\/#organization\"},\"image\":{\"@id\":\"https:\\\/\\\/www.meydan.tv\\\/az\\\/article\\\/dokladchik-pase-prizval-peresmotret-otnoshenie-k-bezhencam-iz-chechni1\\\/#primaryimage\"},\"thumbnailUrl\":\"https:\\\/\\\/www.meydan.tv\\\/wp-content\\\/uploads\\\/view_new324.jpg\",\"articleSection\":[\"D\u00fcnya\"],\"inLanguage\":\"az\"},{\"@type\":\"WebPage\",\"@id\":\"https:\\\/\\\/www.meydan.tv\\\/az\\\/article\\\/dokladchik-pase-prizval-peresmotret-otnoshenie-k-bezhencam-iz-chechni1\\\/\",\"url\":\"https:\\\/\\\/www.meydan.tv\\\/az\\\/article\\\/dokladchik-pase-prizval-peresmotret-otnoshenie-k-bezhencam-iz-chechni1\\\/\",\"name\":\"A\u015ePA m\u0259ruz\u0259\u00e7isi \u00c7e\u00e7enistandan olan qa\u00e7q\u0131nlara m\u00fcnasib\u0259t\u0259 yenid\u0259n bax\u0131lmas\u0131n\u0131 ist\u0259yir - MEYDAN.TV\",\"isPartOf\":{\"@id\":\"https:\\\/\\\/www.meydan.tv\\\/az\\\/#website\"},\"primaryImageOfPage\":{\"@id\":\"https:\\\/\\\/www.meydan.tv\\\/az\\\/article\\\/dokladchik-pase-prizval-peresmotret-otnoshenie-k-bezhencam-iz-chechni1\\\/#primaryimage\"},\"image\":{\"@id\":\"https:\\\/\\\/www.meydan.tv\\\/az\\\/article\\\/dokladchik-pase-prizval-peresmotret-otnoshenie-k-bezhencam-iz-chechni1\\\/#primaryimage\"},\"thumbnailUrl\":\"https:\\\/\\\/www.meydan.tv\\\/wp-content\\\/uploads\\\/view_new324.jpg\",\"datePublished\":\"2019-09-26T10:39:09+00:00\",\"breadcrumb\":{\"@id\":\"https:\\\/\\\/www.meydan.tv\\\/az\\\/article\\\/dokladchik-pase-prizval-peresmotret-otnoshenie-k-bezhencam-iz-chechni1\\\/#breadcrumb\"},\"inLanguage\":\"az\",\"potentialAction\":[{\"@type\":\"ReadAction\",\"target\":[\"https:\\\/\\\/www.meydan.tv\\\/az\\\/article\\\/dokladchik-pase-prizval-peresmotret-otnoshenie-k-bezhencam-iz-chechni1\\\/\"]}]},{\"@type\":\"ImageObject\",\"inLanguage\":\"az\",\"@id\":\"https:\\\/\\\/www.meydan.tv\\\/az\\\/article\\\/dokladchik-pase-prizval-peresmotret-otnoshenie-k-bezhencam-iz-chechni1\\\/#primaryimage\",\"url\":\"https:\\\/\\\/www.meydan.tv\\\/wp-content\\\/uploads\\\/view_new324.jpg\",\"contentUrl\":\"https:\\\/\\\/www.meydan.tv\\\/wp-content\\\/uploads\\\/view_new324.jpg\",\"width\":892,\"height\":480,\"caption\":\"Source: Foto-AG Gymnasium Melle - Eigenes Werk https:\\\/\\\/de.wikipedia.org\"},{\"@type\":\"BreadcrumbList\",\"@id\":\"https:\\\/\\\/www.meydan.tv\\\/az\\\/article\\\/dokladchik-pase-prizval-peresmotret-otnoshenie-k-bezhencam-iz-chechni1\\\/#breadcrumb\",\"itemListElement\":[{\"@type\":\"ListItem\",\"position\":1,\"name\":\"Ana s\u0259hif\u0259\",\"item\":\"https:\\\/\\\/www.meydan.tv\\\/az\\\/\"},{\"@type\":\"ListItem\",\"position\":2,\"name\":\"D\u00fcnya\",\"item\":\"https:\\\/\\\/www.meydan.tv\\\/az\\\/section\\\/dunya\\\/\"},{\"@type\":\"ListItem\",\"position\":3,\"name\":\"A\u015ePA m\u0259ruz\u0259\u00e7isi \u00c7e\u00e7enistandan olan qa\u00e7q\u0131nlara m\u00fcnasib\u0259t\u0259 yenid\u0259n bax\u0131lmas\u0131n\u0131 ist\u0259yir\"}]},{\"@type\":\"WebSite\",\"@id\":\"https:\\\/\\\/www.meydan.tv\\\/az\\\/#website\",\"url\":\"https:\\\/\\\/www.meydan.tv\\\/az\\\/\",\"name\":\"MEYDAN.TV\",\"description\":\"Meydan TV Az\u0259rbaycan\u0131n media m\u0259kan\u0131ndak\u0131 alternativ s\u0259sidir\",\"publisher\":{\"@id\":\"https:\\\/\\\/www.meydan.tv\\\/az\\\/#organization\"},\"potentialAction\":[{\"@type\":\"SearchAction\",\"target\":{\"@type\":\"EntryPoint\",\"urlTemplate\":\"https:\\\/\\\/www.meydan.tv\\\/az\\\/?s={search_term_string}\"},\"query-input\":{\"@type\":\"PropertyValueSpecification\",\"valueRequired\":true,\"valueName\":\"search_term_string\"}}],\"inLanguage\":\"az\"},{\"@type\":\"Organization\",\"@id\":\"https:\\\/\\\/www.meydan.tv\\\/az\\\/#organization\",\"name\":\"Meydan TV\",\"url\":\"https:\\\/\\\/www.meydan.tv\\\/az\\\/\",\"logo\":{\"@type\":\"ImageObject\",\"inLanguage\":\"az\",\"@id\":\"https:\\\/\\\/www.meydan.tv\\\/az\\\/#\\\/schema\\\/logo\\\/image\\\/\",\"url\":\"https:\\\/\\\/www.meydan.tv\\\/wp-content\\\/uploads\\\/2021\\\/07\\\/meydan-logo.svg\",\"contentUrl\":\"https:\\\/\\\/www.meydan.tv\\\/wp-content\\\/uploads\\\/2021\\\/07\\\/meydan-logo.svg\",\"width\":195,\"height\":46,\"caption\":\"Meydan TV\"},\"image\":{\"@id\":\"https:\\\/\\\/www.meydan.tv\\\/az\\\/#\\\/schema\\\/logo\\\/image\\\/\"}},{\"@type\":\"Person\",\"@id\":\"https:\\\/\\\/www.meydan.tv\\\/az\\\/#\\\/schema\\\/person\\\/10d11eccf6da3662cf5fdab9806ea91a\",\"name\":\"user-manager\"}]}<\/script>\n<!-- \/ Yoast SEO plugin. -->","yoast_head_json":{"title":"A\u015ePA m\u0259ruz\u0259\u00e7isi \u00c7e\u00e7enistandan olan qa\u00e7q\u0131nlara m\u00fcnasib\u0259t\u0259 yenid\u0259n bax\u0131lmas\u0131n\u0131 ist\u0259yir - MEYDAN.TV","robots":{"index":"index","follow":"follow","max-snippet":"max-snippet:-1","max-image-preview":"max-image-preview:large","max-video-preview":"max-video-preview:-1"},"canonical":"https:\/\/www.meydan.tv\/az\/article\/dokladchik-pase-prizval-peresmotret-otnoshenie-k-bezhencam-iz-chechni1\/","og_locale":"az_AZ","og_type":"article","og_title":"A\u015ePA m\u0259ruz\u0259\u00e7isi \u00c7e\u00e7enistandan olan qa\u00e7q\u0131nlara m\u00fcnasib\u0259t\u0259 yenid\u0259n bax\u0131lmas\u0131n\u0131 ist\u0259yir - MEYDAN.TV","og_description":"A\u015ePA-n\u0131n \u015eimali Qafqazda insan haqlar\u0131 \u00fczr\u0259 m\u0259ruz\u0259\u00e7isi Frank \u015evabe regionda insan haqlar\u0131 il\u0259 ba\u011fl\u0131 v\u0259ziyy\u0259tin m\u00fczakir\u0259si \u00fc\u00e7\u00fcn sentyabr\u0131n 18-d\u0259n 20-d\u0259k Moskvada v\u0259 Qrozn\u0131da olub. O, Rusiyaya s\u0259f\u0259rinin sonuncu g\u00fcn\u00fcnd\u0259 Qrozn\u0131ya g\u0259lib, sentyabr\u0131n 20-d\u0259 \u201cNovosti\u201d Rusiya informasiya agentliyi x\u0259b\u0259r verib.","og_url":"https:\/\/www.meydan.tv\/az\/article\/dokladchik-pase-prizval-peresmotret-otnoshenie-k-bezhencam-iz-chechni1\/","og_site_name":"MEYDAN.TV","article_published_time":"2019-09-26T10:39:09+00:00","og_image":[{"width":892,"height":480,"url":"https:\/\/www.meydan.tv\/wp-content\/uploads\/view_new324.jpg","type":"image\/jpeg"}],"author":"user-manager","twitter_card":"summary_large_image","schema":{"@context":"https:\/\/schema.org","@graph":[{"@type":"Article","@id":"https:\/\/www.meydan.tv\/az\/article\/dokladchik-pase-prizval-peresmotret-otnoshenie-k-bezhencam-iz-chechni1\/#article","isPartOf":{"@id":"https:\/\/www.meydan.tv\/az\/article\/dokladchik-pase-prizval-peresmotret-otnoshenie-k-bezhencam-iz-chechni1\/"},"author":{"name":"user-manager","@id":"https:\/\/www.meydan.tv\/az\/#\/schema\/person\/10d11eccf6da3662cf5fdab9806ea91a"},"headline":"A\u015ePA m\u0259ruz\u0259\u00e7isi \u00c7e\u00e7enistandan olan qa\u00e7q\u0131nlara m\u00fcnasib\u0259t\u0259 yenid\u0259n bax\u0131lmas\u0131n\u0131 ist\u0259yir","datePublished":"2019-09-26T10:39:09+00:00","mainEntityOfPage":{"@id":"https:\/\/www.meydan.tv\/az\/article\/dokladchik-pase-prizval-peresmotret-otnoshenie-k-bezhencam-iz-chechni1\/"},"wordCount":2469,"publisher":{"@id":"https:\/\/www.meydan.tv\/az\/#organization"},"image":{"@id":"https:\/\/www.meydan.tv\/az\/article\/dokladchik-pase-prizval-peresmotret-otnoshenie-k-bezhencam-iz-chechni1\/#primaryimage"},"thumbnailUrl":"https:\/\/www.meydan.tv\/wp-content\/uploads\/view_new324.jpg","articleSection":["D\u00fcnya"],"inLanguage":"az"},{"@type":"WebPage","@id":"https:\/\/www.meydan.tv\/az\/article\/dokladchik-pase-prizval-peresmotret-otnoshenie-k-bezhencam-iz-chechni1\/","url":"https:\/\/www.meydan.tv\/az\/article\/dokladchik-pase-prizval-peresmotret-otnoshenie-k-bezhencam-iz-chechni1\/","name":"A\u015ePA m\u0259ruz\u0259\u00e7isi \u00c7e\u00e7enistandan olan qa\u00e7q\u0131nlara m\u00fcnasib\u0259t\u0259 yenid\u0259n bax\u0131lmas\u0131n\u0131 ist\u0259yir - MEYDAN.TV","isPartOf":{"@id":"https:\/\/www.meydan.tv\/az\/#website"},"primaryImageOfPage":{"@id":"https:\/\/www.meydan.tv\/az\/article\/dokladchik-pase-prizval-peresmotret-otnoshenie-k-bezhencam-iz-chechni1\/#primaryimage"},"image":{"@id":"https:\/\/www.meydan.tv\/az\/article\/dokladchik-pase-prizval-peresmotret-otnoshenie-k-bezhencam-iz-chechni1\/#primaryimage"},"thumbnailUrl":"https:\/\/www.meydan.tv\/wp-content\/uploads\/view_new324.jpg","datePublished":"2019-09-26T10:39:09+00:00","breadcrumb":{"@id":"https:\/\/www.meydan.tv\/az\/article\/dokladchik-pase-prizval-peresmotret-otnoshenie-k-bezhencam-iz-chechni1\/#breadcrumb"},"inLanguage":"az","potentialAction":[{"@type":"ReadAction","target":["https:\/\/www.meydan.tv\/az\/article\/dokladchik-pase-prizval-peresmotret-otnoshenie-k-bezhencam-iz-chechni1\/"]}]},{"@type":"ImageObject","inLanguage":"az","@id":"https:\/\/www.meydan.tv\/az\/article\/dokladchik-pase-prizval-peresmotret-otnoshenie-k-bezhencam-iz-chechni1\/#primaryimage","url":"https:\/\/www.meydan.tv\/wp-content\/uploads\/view_new324.jpg","contentUrl":"https:\/\/www.meydan.tv\/wp-content\/uploads\/view_new324.jpg","width":892,"height":480,"caption":"Source: Foto-AG Gymnasium Melle - Eigenes Werk https:\/\/de.wikipedia.org"},{"@type":"BreadcrumbList","@id":"https:\/\/www.meydan.tv\/az\/article\/dokladchik-pase-prizval-peresmotret-otnoshenie-k-bezhencam-iz-chechni1\/#breadcrumb","itemListElement":[{"@type":"ListItem","position":1,"name":"Ana s\u0259hif\u0259","item":"https:\/\/www.meydan.tv\/az\/"},{"@type":"ListItem","position":2,"name":"D\u00fcnya","item":"https:\/\/www.meydan.tv\/az\/section\/dunya\/"},{"@type":"ListItem","position":3,"name":"A\u015ePA m\u0259ruz\u0259\u00e7isi \u00c7e\u00e7enistandan olan qa\u00e7q\u0131nlara m\u00fcnasib\u0259t\u0259 yenid\u0259n bax\u0131lmas\u0131n\u0131 ist\u0259yir"}]},{"@type":"WebSite","@id":"https:\/\/www.meydan.tv\/az\/#website","url":"https:\/\/www.meydan.tv\/az\/","name":"MEYDAN.TV","description":"Meydan TV Az\u0259rbaycan\u0131n media m\u0259kan\u0131ndak\u0131 alternativ s\u0259sidir","publisher":{"@id":"https:\/\/www.meydan.tv\/az\/#organization"},"potentialAction":[{"@type":"SearchAction","target":{"@type":"EntryPoint","urlTemplate":"https:\/\/www.meydan.tv\/az\/?s={search_term_string}"},"query-input":{"@type":"PropertyValueSpecification","valueRequired":true,"valueName":"search_term_string"}}],"inLanguage":"az"},{"@type":"Organization","@id":"https:\/\/www.meydan.tv\/az\/#organization","name":"Meydan TV","url":"https:\/\/www.meydan.tv\/az\/","logo":{"@type":"ImageObject","inLanguage":"az","@id":"https:\/\/www.meydan.tv\/az\/#\/schema\/logo\/image\/","url":"https:\/\/www.meydan.tv\/wp-content\/uploads\/2021\/07\/meydan-logo.svg","contentUrl":"https:\/\/www.meydan.tv\/wp-content\/uploads\/2021\/07\/meydan-logo.svg","width":195,"height":46,"caption":"Meydan TV"},"image":{"@id":"https:\/\/www.meydan.tv\/az\/#\/schema\/logo\/image\/"}},{"@type":"Person","@id":"https:\/\/www.meydan.tv\/az\/#\/schema\/person\/10d11eccf6da3662cf5fdab9806ea91a","name":"user-manager"}]}},"_links":{"self":[{"href":"https:\/\/www.meydan.tv\/az\/wp-json\/wp\/v2\/posts\/197143","targetHints":{"allow":["GET"]}}],"collection":[{"href":"https:\/\/www.meydan.tv\/az\/wp-json\/wp\/v2\/posts"}],"about":[{"href":"https:\/\/www.meydan.tv\/az\/wp-json\/wp\/v2\/types\/post"}],"author":[{"embeddable":true,"href":"https:\/\/www.meydan.tv\/az\/wp-json\/wp\/v2\/users\/11"}],"replies":[{"embeddable":true,"href":"https:\/\/www.meydan.tv\/az\/wp-json\/wp\/v2\/comments?post=197143"}],"version-history":[{"count":0,"href":"https:\/\/www.meydan.tv\/az\/wp-json\/wp\/v2\/posts\/197143\/revisions"}],"wp:featuredmedia":[{"embeddable":true,"href":"https:\/\/www.meydan.tv\/az\/wp-json\/wp\/v2\/media\/130165"}],"wp:attachment":[{"href":"https:\/\/www.meydan.tv\/az\/wp-json\/wp\/v2\/media?parent=197143"}],"wp:term":[{"taxonomy":"category","embeddable":true,"href":"https:\/\/www.meydan.tv\/az\/wp-json\/wp\/v2\/categories?post=197143"},{"taxonomy":"post_tag","embeddable":true,"href":"https:\/\/www.meydan.tv\/az\/wp-json\/wp\/v2\/tags?post=197143"}],"curies":[{"name":"wp","href":"https:\/\/api.w.org\/{rel}","templated":true}]}}