{"id":197141,"date":"2019-09-26T05:24:01","date_gmt":"2019-09-26T05:24:01","guid":{"rendered":"https:\/\/www.meydan.tv\/article\/semaskonun-hekimleri-elinanin-olumu-barede-neler-danisirlar\/"},"modified":"2019-09-26T05:24:01","modified_gmt":"2019-09-26T05:24:01","slug":"semaskonun-hekimleri-elinanin-olumu-barede-neler-danisirlar","status":"publish","type":"post","link":"https:\/\/www.meydan.tv\/az\/article\/semaskonun-hekimleri-elinanin-olumu-barede-neler-danisirlar\/","title":{"rendered":"\u201cSema\u015fko\u201dnun h\u0259kiml\u0259ri Elinan\u0131n \u00f6l\u00fcm\u00fc bar\u0259d\u0259 n\u0259l\u0259r dan\u0131\u015f\u0131rlar?"},"content":{"rendered":"<p>\n  <i><br \/>\n    \u201cO m\u0259kt\u0259bd\u0259 \u00e7ox adam \u0259lini \u00fclg\u00fccl\u0259 k\u0259sirdi, c\u0259sar\u0259tli g\u00f6r\u00fcnm\u0259k \u00fc\u00e7\u00fcn bel\u0259 edirdil\u0259r\u201d<br \/>\n  <\/i>\n<\/p>\n<p>\n  162 sayl\u0131 orta m\u0259kt\u0259bin 8-ci sinif \u015fagirdi Elina Hac\u0131yevan\u0131n \u00f6z\u00fcn\u00fc \u00fc\u00e7\u00fcnc\u00fc m\u0259rt\u0259b\u0259d\u0259n ataraq intihar etm\u0259sil\u0259 ba\u011fl\u0131 m\u0259hk\u0259m\u0259 ara\u015fd\u0131rmalar\u0131 davam edir. M\u0259kt\u0259bin ke\u00e7mi\u015f direktoru Sevinc Abbasova bu hadis\u0259y\u0259 g\u00f6r\u0259 cinay\u0259t m\u0259suliyy\u0259tin\u0259 c\u0259lb olunsa da, h\u0259bs edilm\u0259yib, ev dustaql\u0131\u011f\u0131ndad\u0131r.\n<\/p>\n<p>\n  Sentyabr\u0131n 25-d\u0259 S\u0259bail Rayon M\u0259hk\u0259m\u0259sind\u0259 hakim Az\u0259r Ta\u011f\u0131yevin s\u0259drliyil\u0259 ke\u00e7iril\u0259n m\u0259hk\u0259m\u0259 iclas\u0131nda Elinan\u0131n anas\u0131n\u0131n v\u0259kill\u0259ri S.Abbasova haqq\u0131nda ev dustaql\u0131\u011f\u0131 q\u0259timkan t\u0259dbirinin l\u0259\u011fv olunmas\u0131, onun h\u0259bs edilm\u0259si bar\u0259d\u0259 v\u0259sat\u0259t qald\u0131r\u0131b. V\u0259kil Emin \u0130sayev bildirib ki, S.Abbasovan\u0131n azadl\u0131qda \u015fahidl\u0259r\u0259 t\u0259zyiq g\u00f6st\u0259rm\u0259k, onlar\u0131n fikrini y\u00f6nl\u0259ndirm\u0259k imkan\u0131 var v\u0259 o, bu imkandan istifad\u0259 edir. V\u0259kilin s\u00f6zl\u0259rin\u0259 g\u00f6r\u0259, t\u0259qsirl\u0259ndiril\u0259n \u015f\u0259xsin \u015fahidl\u0259 dan\u0131\u015f\u0131\u011f\u0131n\u0131 \u0259ks etdir\u0259n g\u00f6r\u00fcnt\u00fcl\u0259r sosial \u015f\u0259b\u0259k\u0259l\u0259rd\u0259 d\u0259 yay\u0131l\u0131b.\n<\/p>\n<p>\n  Prokuror bildirib ki, indiki m\u0259rh\u0259l\u0259d\u0259 ev dustaql\u0131\u011f\u0131 q\u0259timkan t\u0259dbirinin l\u0259\u011fvi \u00fc\u00e7\u00fcn \u0259sas yoxdur. Hakim d\u0259 v\u0259sat\u0259ti t\u0259min etm\u0259yib.\n<\/p>\n<p>\n  Z\u0259r\u0259r\u00e7\u0259kmi\u015f t\u0259r\u0259fin daha bir v\u0259sat\u0259ti is\u0259 m\u0259hk\u0259m\u0259 iclaslar\u0131n\u0131n audioyaz\u0131s\u0131 bar\u0259d\u0259 olub. V\u0259kil Sevinc \u018fliyeva bildirib ki, bu halda, m\u0259hk\u0259m\u0259 iclas protokolunda da qeyri-d\u0259qiqlik olmaz.\n<\/p>\n<p>\n  Hakim Az\u0259r Ta\u011f\u0131yev bu v\u0259sat\u0259ti d\u0259 t\u0259min etm\u0259yib.\n<\/p>\n<p>\n  Daha sonra 162 sayl\u0131 orta m\u0259kt\u0259bin \u015fagirdl\u0259rind\u0259n Oqtay Hac\u0131yev ifad\u0259 verib. O bildirib ki, hadis\u0259 g\u00fcn\u00fc m\u0259kt\u0259bin ikinci m\u0259rt\u0259b\u0259sind\u0259, p\u0259nc\u0259r\u0259nin qar\u015f\u0131s\u0131nda dayanm\u0131\u015fd\u0131. Bu zaman yuxar\u0131dan n\u0259yins\u0259 d\u00fc\u015fd\u00fcy\u00fcn\u00fc g\u00f6r\u00fcb. \u018fvv\u0259lc\u0259 el\u0259 bilib ki, yuxar\u0131dan \u015fagirdl\u0259rd\u0259n kimins\u0259 g\u00f6d\u0259k\u00e7\u0259si d\u00fc\u015f\u00fcb. Lakin p\u0259nc\u0259r\u0259d\u0259n a\u015fa\u011f\u0131 baxanda yerd\u0259 q\u0131z\u0131n uzand\u0131\u011f\u0131n\u0131 g\u00f6r\u00fcb v\u0259 c\u0259ld h\u0259y\u0259t\u0259 qa\u00e7\u0131b. Onun bildirdiyin\u0259 g\u00f6r\u0259, m\u0259kt\u0259bin H\u00fcseyn adl\u0131 ba\u015fqa bir \u015fagirdi il\u0259 birlikd\u0259 Elinan\u0131 g\u00f6t\u00fcr\u00fcb direktorun ota\u011f\u0131na apar\u0131blar.\n<\/p>\n<p>\n  Direktorun katib\u0259si Nigar M\u0259mm\u0259dova \u015fahid qismind\u0259 ifad\u0259sind\u0259 bildirib ki, Elinan\u0131 \u0259vv\u0259lc\u0259 tibb bac\u0131s\u0131n\u0131n ota\u011f\u0131na aparmaq ist\u0259yibl\u0259r. Lakin qap\u0131 ba\u011fl\u0131 oldu\u011funa g\u00f6r\u0259 direktorun ota\u011f\u0131na g\u0259tiribl\u0259r. Onun s\u00f6zl\u0259rin\u0259 g\u00f6r\u0259, m\u0259kt\u0259bd\u0259 bir tibb bac\u0131s\u0131n\u0131n ota\u011f\u0131nda divan var, bir d\u0259 direktorun ota\u011f\u0131nda: \u201cM\u0259n otaqda idim, kimya m\u00fc\u0259llim\u0259si g\u0259lib dedi ki, \u015fagirdl\u0259rd\u0259n biri p\u0259nc\u0259r\u0259d\u0259n y\u0131x\u0131l\u0131b. M\u0259nim u\u015faqlar\u0131m da bizim m\u0259kt\u0259bd\u0259 oxuyur. Otaqdan \u00e7\u0131x\u0131b n\u0259 ba\u015f verdiyini \u00f6yr\u0259nm\u0259y\u0259 ged\u0259nd\u0259 g\u00f6rd\u00fcm ki, u\u015faqlar Elinan\u0131 qucaqlar\u0131nda g\u0259tirirl\u0259r\u201d.\n<\/p>\n<p>\n  N.M\u0259mm\u0259dovan\u0131n s\u00f6zl\u0259rin\u0259 g\u00f6r\u0259, divana uzadandan sonra direktorun m\u00fcavini Elinadan intihara c\u0259hd etm\u0259sinin s\u0259b\u0259bini soru\u015fub. O is\u0259 d\u0259rman atd\u0131\u011f\u0131n\u0131, yuxulu oldu\u011funu deyib, bir-biril\u0259 \u0259laq\u0259si olmayan fikirl\u0259r s\u0259sl\u0259ndirib.\u015eahid onu da qeyd edib ki, hadis\u0259d\u0259n bir q\u0259d\u0259r sonra S\u0259bail Rayon Polis \u0130dar\u0259sinin \u0259m\u0259kda\u015flar\u0131, daha sonra S\u0259bail Rayon \u0130cra Hakimiyy\u0259ti ba\u015f\u00e7\u0131s\u0131n\u0131n m\u00fcavini Xalid\u0259 Bayramova g\u0259lib.\n<\/p>\n<p>\n  Z\u0259r\u0259r\u00e7\u0259kmi\u015f t\u0259r\u0259fin v\u0259kill\u0259ri N.M\u0259mm\u0259dovadan t\u0259cili yard\u0131m\u0131n niy\u0259 vaxt\u0131nda \u00e7a\u011fr\u0131lmad\u0131\u011f\u0131n\u0131 soru\u015fublar. O is\u0259 bildirib ki, bu m\u0259s\u0259l\u0259 onun s\u0259lahiyy\u0259tin\u0259 aid deyil.Kliniki Tibbi M\u0259rk\u0259zin (Sema\u015fko) h\u0259kiml\u0259ri, T\u0259cili Tibbi Yard\u0131m\u0131n \u0259m\u0259kda\u015flar\u0131 da m\u0259hk\u0259m\u0259d\u0259 dindirilib.M\u0259rk\u0259zin u\u015faq c\u0259rrah\u0131 \u018fkr\u0259m \u00c7ovdarov bildirib ki, hadis\u0259 g\u00fcn\u00fc i\u015fd\u0259 n\u00f6vb\u0259t\u00e7i idi. Elina x\u0259st\u0259xanaya g\u0259tiril\u0259nd\u0259 q\u0259bul \u015f\u00f6b\u0259sind\u0259 iki h\u0259kim h\u0259mkar\u0131 il\u0259 birlikd\u0259 onu m\u00fcayin\u0259 edibl\u0259r:\n<\/p>\n<p>\n  \u201c\u0130lkin r\u0259yimiz bel\u0259 oldu ki, c\u0259rrahiyy\u0259 \u0259m\u0259liyyat\u0131na ehtiyac yoxdur. Amma a\u011fciy\u0259rind\u0259 \u00f6d\u0259m vard\u0131. Ona g\u00f6r\u0259 reanimasiyaya k\u00f6\u00e7\u00fcr\u00fcld\u00fc\u201d.H\u0259kimin s\u00f6zl\u0259rin\u0259 g\u00f6r\u0259, Elinan\u0131 g\u0259tir\u0259nd\u0259n bir q\u0259d\u0259r sonra x\u0259st\u0259xanaya Xalid\u0259 Bayramova g\u0259lib. R\u0259hb\u0259rlik \u018f.\u00c7ovdarova g\u00f6st\u0259ri\u015f verib ki, X.Bayramovan\u0131 reanimasiyaya \u2013 Elinan\u0131n yan\u0131na apars\u0131n. O da apar\u0131b.\n<\/p>\n<figure class=\"wp-block-image size-large\">\n  <img decoding=\"async\" src=\"https:\/\/www.meydan.tv\/az\/image_from_ios-4-jpg-63\/\" alt=\"image_from_ios (4).jpg\" class=\"wp-image-130246\"\/><figcaption>\n    &#8220;H\u0259kimin s\u00f6zl\u0259rin\u0259 g\u00f6r\u0259, Elinan\u0131 g\u0259tir\u0259nd\u0259n bir q\u0259d\u0259r sonra x\u0259st\u0259xanaya Xalid\u0259 Bayramova g\u0259lib&#8221;<br \/>\n  <\/figcaption><\/figure>\n<p>\n  M\u0259rk\u0259zin Komp\u00fcter Tomoqrafiya b\u00f6lm\u0259sinin i\u015f\u00e7isi M\u0259h\u0259mm\u0259d \u018fmrahov bildirib ki, Elina g\u0259tiril\u0259nd\u0259n sonra \u015fok \u0259leyhin\u0259 t\u0259dbirl\u0259r g\u00f6r\u00fcl\u00fcb. Onun ba\u015f\u0131 v\u0259 a\u011fciy\u0259rl\u0259ri m\u00fcayin\u0259 edilib: \u201cBa\u015f\u0131nda z\u0259d\u0259 yox idi. Amma a\u011fciy\u0259rind\u0259 qan y\u0131\u011f\u0131lm\u0131\u015fd\u0131. T\u0259krar m\u00fcayin\u0259d\u0259n sonra son diaqnozu h\u0259kim qoyur. \u00d6d\u0259m prosesi t\u0259z\u0259 ba\u015flam\u0131\u015fd\u0131, problem getdikc\u0259 art\u0131rd\u0131\u201d.\n<\/p>\n<p>\n  Toksikoloq Faiq S\u00fcleymanov ifad\u0259sind\u0259 g\u00f6st\u0259rib ki, Elina x\u0259st\u0259xanaya saat 11.36-da T\u0259cili Tibbi Yard\u0131m vasit\u0259sil\u0259 \u00e7atd\u0131r\u0131l\u0131b: \u201cDemi\u015fdi ki, ax\u015fam 30, s\u0259h\u0259r d\u0259 30 h\u0259b \u201cketatifen\u201d i\u00e7ib. Biz\u0259 p\u0259nc\u0259r\u0259d\u0259n y\u0131x\u0131ld\u0131\u011f\u0131 bildirilmi\u015fdi. Onun bu q\u0259d\u0259r h\u0259b i\u00e7m\u0259sin\u0259 inanmad\u0131m. \u00c7\u00fcnki bu q\u0259d\u0259r d\u0259rman i\u00e7\u0259n adam d\u0259rin yuxuya ged\u0259rdi. Amma onda y\u00fcng\u00fcl z\u0259h\u0259rl\u0259nm\u0259 var idi. M\u0259n m\u00fcalic\u0259ni yaz\u0131b \u00e7\u0131xd\u0131m. M\u00fcalic\u0259 reanimasiyada h\u0259yata ke\u00e7irilm\u0259liydi\u201d.\n<\/p>\n<p>\n  19 sayl\u0131 T\u0259cili Tibbi Yard\u0131m Stansiyas\u0131n\u0131n h\u0259kimi Vaqif Mursaqulovun s\u00f6zl\u0259rin\u0259 g\u00f6r\u0259, stansiyaya \u00e7a\u011f\u0131r\u0131\u015f g\u0259l\u0259nd\u0259 m\u0259kt\u0259bd\u0259 u\u015fa\u011f\u0131n durumunun pisl\u0259\u015fdirini deyibl\u0259r, onun \u00fc\u00e7\u00fcnc\u00fc m\u0259rt\u0259b\u0259d\u0259n d\u00fc\u015fm\u0259si haqda dan\u0131\u015f\u0131lmay\u0131b. M\u0259kt\u0259b\u0259 ged\u0259nd\u0259n sonra bunu \u00f6yr\u0259nib: \u201cBiz \u00e7atanda divanda uzatm\u0131\u015fd\u0131lar. Dedi ki, \u00e7oxlu \u201cketatifen\u201d i\u00e7ib. Soru\u015fdum ki, niy\u0259 bel\u0259 el\u0259din? Cavab verdi ki, \u201cm\u0259ni n\u0259 evd\u0259, n\u0259 d\u0259 m\u0259kt\u0259bd\u0259 ist\u0259y\u0259n var. Bundan \u0259vv\u0259l d\u0259 intihara c\u0259hd el\u0259mi\u015f\u0259m. Bu d\u0259f\u0259 d\u0259 15 g\u00fcnd\u00fcr ki, \u00f6lm\u0259k bar\u0259d\u0259 d\u00fc\u015f\u00fcn\u00fcrd\u00fcm. Ba\u015f\u0131nda v\u0259 d\u00f6\u015f q\u0259f\u0259sind\u0259 a\u011fr\u0131lar vard\u0131\u201d.\n<\/p>\n<p>\n  Kliniki Tibbi M\u0259rk\u0259zin reanimasiya \u015f\u00f6b\u0259sinin h\u0259kimi Vaqif R\u0259himov bildirib ki, Elina x\u0259st\u0259xanaya g\u0259tiril\u0259nd\u0259 \u015fok v\u0259ziyy\u0259tind\u0259 idi. Ona g\u00f6r\u0259 d\u0259 d\u0259rhal \u015fok \u0259leyhin\u0259 t\u0259dbirl\u0259r g\u00f6r\u00fcbl\u0259r: \u201cM\u00fcayin\u0259l\u0259rd\u0259n ke\u00e7irdik. A\u011fciy\u0259rind\u0259 maye y\u0131\u011f\u0131nt\u0131s\u0131 g\u00f6r\u00fcnd\u00fc. Onu m\u00fcalic\u0259 h\u0259kimin\u0259 t\u0259hvil verdim. Ert\u0259si g\u00fcn v\u0259ziyy\u0259tin nisb\u0259t\u0259n pisl\u0259\u015fdiyini g\u00f6rd\u00fck. B\u00fct\u00fcn t\u0259dbirl\u0259r\u0259 baxmayaraq, onun h\u0259yat\u0131n\u0131 xilas etm\u0259k m\u00fcmk\u00fcn olmad\u0131. Onun m\u00fcalic\u0259 h\u0259kimi \u018fkr\u0259m \u00c7ovdarov idi. Amma n\u0259 diaqnozda, n\u0259 d\u0259 m\u00fcalic\u0259d\u0259 s\u0259hv vard\u0131. A\u011fciy\u0259rind\u0259 \u00f6d\u0259m olan x\u0259st\u0259l\u0259rin 46 faizind\u0259 iki sutka \u0259rzind\u0259 \u00f6l\u00fcm hallar\u0131na rast g\u0259linir\u201d.\n<\/p>\n<p>\n  Reanimatoloq Fazil Al\u0131yev ifad\u0259sind\u0259 bildirib ki, h\u0259min gec\u0259 n\u00f6vb\u0259d\u0259 idi. Elinan\u0131 ona t\u0259hvil vermi\u015fdil\u0259r. Yoxlayanda g\u00f6r\u00fcb ki, t\u0259zyiqi d\u00fc\u015f\u00fcb: \u201cDaxili qanaxmadan \u015f\u00fcbh\u0259l\u0259nib UZ\u0130-y\u0259 g\u00f6nd\u0259rdim. Qar\u0131n bo\u015flu\u011fu t\u0259miz \u00e7\u0131xd\u0131. Ay\u0131n 5-d\u0259 s\u0259h\u0259r m\u0259n n\u00f6vb\u0259d\u0259n \u00e7\u0131xanda ba\u015fqa h\u0259kim\u0259 t\u0259hvil verdim. \u018fkr\u0259m \u00c7ovdarov ay\u0131n 5-d\u0259 s\u0259h\u0259r bax\u0131\u015f ke\u00e7ir\u0259nd\u0259 dedi ki, bu dinamika il\u0259 gets\u0259, bir g\u00fcn sonra palataya k\u00f6\u00e7\u00fcr\u00fcl\u0259c\u0259k\u201d.\n<\/p>\n<p>\n  U\u015faq c\u0259rrahiyy\u0259 \u015f\u00f6b\u0259sinin m\u00fcdiri \u0130lqar Haqverdiyev d\u0259 Elinan\u0131n g\u0259l\u0259rk\u0259n \u015fokda oldu\u011funu v\u0259 \u015fok \u0259leyhim\u0259 t\u0259dbirl\u0259r g\u00f6r\u00fcld\u00fcy\u00fcn\u00fc bildirib: \u201cM\u0259n d\u0259 ilkin diaqnozla raz\u0131la\u015fd\u0131m. \u018fm\u0259liyyat \u00fc\u00e7\u00fcn g\u00f6st\u0259ri\u015f yox idi. Dedi ki, ax\u015fam v\u0259 s\u0259h\u0259r 30 tabletka d\u0259rman i\u00e7ib. \u0130nanmad\u0131m, el\u0259 olsayd\u0131, komaya d\u00fc\u015f\u0259rdi. Onun \u00f6l\u00fcm\u00fcn\u0259 a\u011fciy\u0259rin z\u0259d\u0259l\u0259nm\u0259si v\u0259 \u00f6d\u0259mi s\u0259b\u0259b oldu\u201d.\n<\/p>\n<p>\n  162 sayl\u0131 m\u0259kt\u0259bin \u015fagirdl\u0259ri Aysel Murtuzayeva, X\u0259dic\u0259 M\u0259d\u0259tova da ifad\u0259 verib. Aysel bildirib ki, Elina \u0259s\u0259bil\u0259\u015f\u0259nd\u0259 bo\u011faz\u0131n\u0131, \u0259lini k\u0259sirdi: \u201cSinifd\u0259 yax\u0131n dostu yox idi. Dig\u0259r sinfin u\u015faqlar\u0131 onu geyimin\u0259 g\u00f6r\u0259 incidirdi. Bir d\u0259f\u0259 biologiya d\u0259rsind\u0259 bo\u011faz\u0131n\u0131 k\u0259smi\u015fdi. Deyirdi ki, \u00f6z\u00fcm\u00fc k\u0259s\u0259nd\u0259 xo\u015fuma g\u0259lir. Bilirdim ki, m\u00fct\u0259madi d\u0259rman i\u00e7ir. Deyirdi ki, boy v\u0259 \u0259s\u0259b\u0259 g\u00f6r\u0259di. Amma t\u0259f\u0259rr\u00fcatlar\u0131n\u0131 demirdi\u201d.\n<\/p>\n<p>\n  X\u0259dic\u0259 M\u0259d\u0259tova deyib ki, t\u0259xmin\u0259n ay yar\u0131m idi Elina il\u0259 tan\u0131\u015f idil\u0259r. Onunla ad\u0259t\u0259n t\u0259n\u0259ff\u00fcs vaxt\u0131 g\u00f6r\u00fc\u015f\u00fcb dan\u0131\u015f\u0131rd\u0131lar: \u201cSinif yolda\u015flar\u0131 x\u0259trin\u0259 d\u0259yirdi. Deyirdim ki, g\u0259l, m\u00fc\u0259lliml\u0259r\u0259 dey\u0259k. Deyirdi ki, onsuz da he\u00e7 kimin m\u0259nd\u0259n xo\u015fu g\u0259lmir. O, ham\u0131 il\u0259 normal davran\u0131rd\u0131. Amma onu poz\u011fun kimi q\u0259bul edirdil\u0259r. M\u0259kt\u0259bd\u0259 \u00e7ox adam \u0259lini \u00fclg\u00fccl\u0259 k\u0259sirdi. C\u0259sar\u0259tli g\u00f6r\u00fcnm\u0259k \u00fc\u00e7\u00fcn bel\u0259 edirdil\u0259r. Elina \u0259vv\u0259l oxudu\u011fu m\u0259kt\u0259b\u0259 qay\u0131tmaq ist\u0259yirdi\u201d.\n<\/p>\n<p>\n  Bak\u0131 T\u0259hsil \u0130dar\u0259sinin Daxili n\u0259zar\u0259t sektorunun m\u00fcdiri S\u0259rxan Rzayev d\u0259 \u015fahid qismind\u0259 ifad\u0259 verib. O bildirib ki, m\u0259kt\u0259bin direktoru hadis\u0259 g\u00fcn\u00fc \u0259laq\u0259 saxlayaraq, bir \u015fagirdin y\u0131x\u0131ld\u0131\u011f\u0131n\u0131 s\u00f6yl\u0259yib: \u201cDedi ki, g\u00f6r\u00fcn\u0259n x\u0259sar\u0259t yoxdur, tibb bac\u0131s\u0131 yard\u0131m g\u00f6st\u0259rir. Sonra m\u0259lum oldu ki, \u00fc\u00e7\u00fcnc\u00fc m\u0259rt\u0259b\u0259d\u0259n \u00f6z\u00fcn\u00fc at\u0131b, d\u0259rman i\u00e7ib. Ona dedim ki, t\u0259cili yard\u0131ma x\u0259b\u0259r verin. M\u0259n d\u0259 T\u0259hsil Nazirliyin\u0259 x\u0259b\u0259r verdim. Sonra direktordan \u00f6yr\u0259ndim ki, x\u0259st\u0259xanada d\u0259rman z\u0259h\u0259rl\u0259nm\u0259si v\u0259 \u00e7anaq s\u00fcm\u00fcy\u00fc s\u0131nmas\u0131 diaqnozu qoyulub\u201d.\n<\/p>\n<p>\n  Elinan\u0131n bundan \u0259vv\u0259l intihara c\u0259hd etm\u0259si bar\u0259d\u0259 direktorun onlara he\u00e7 bir m\u0259lumat verm\u0259diyini dey\u0259n S.Rzayev bildirib ki, \u015fagirdl\u0259r aras\u0131nda bel\u0259 hallar haqda m\u00fctl\u0259q m\u00fcvafiq qurumlara x\u0259b\u0259r \u00e7atd\u0131r\u0131lmal\u0131d\u0131r: \u201cDirektor psixoloji v\u0259 fiziki t\u0259sir bar\u0259d\u0259 aidiyy\u0259ti qurumlara, t\u0259hsil idar\u0259sin\u0259 m\u0259lumat verm\u0259lidir\u201d.\n<\/p>\n<p>\n  S.Rzayev \u0259lav\u0259 edib ki, \u015fagirdin m\u0259kt\u0259bini tez-tez d\u0259yi\u015fm\u0259k asan m\u0259s\u0259l\u0259 deyil. Amma z\u0259rur\u0259t varsa, m\u00fctl\u0259q n\u0259z\u0259r\u0259 al\u0131n\u0131r. Elina il\u0259 ba\u011fl\u0131 m\u0259s\u0259l\u0259d\u0259 onlar\u0131n \u015fagirdin \u0259vv\u0259lki m\u0259kt\u0259bin\u0259 qay\u0131tmaq ist\u0259yind\u0259n x\u0259b\u0259ri olmay\u0131b.\n<\/p>\n<p>\n  M\u0259hk\u0259m\u0259 prosesi sentyabr\u0131n 27-n\u0259 q\u0259d\u0259r t\u0259xir\u0259 sal\u0131n\u0131b.\n<\/p>\n<p>\n  E.Hac\u0131yeva bu il aprelin 4-d\u0259 \u00f6z\u00fcn\u00fc \u00fc\u00e7\u00fcnc\u00fc m\u0259rt\u0259b\u0259d\u0259n at\u0131b, yaral\u0131 v\u0259ziyy\u0259td\u0259 x\u0259st\u0259xanaya \u00e7atd\u0131r\u0131lsa da, iki g\u00fcn sonra orada v\u0259fat edib.\n<\/p>\n<p>\n  Hadis\u0259d\u0259n sonra Cinay\u0259t M\u0259c\u0259ll\u0259sinin 125-ci (\u00f6z\u00fcn\u00fc \u00f6ld\u00fcrm\u0259 h\u0259ddin\u0259 \u00e7atd\u0131rma) madd\u0259si il\u0259 cinay\u0259t i\u015fi ba\u015flan\u0131b. Bir m\u00fcdd\u0259t sonra m\u0259kt\u0259bin direktoru Sevinc Abbasova cinay\u0259t m\u0259suliyy\u0259tin\u0259 c\u0259lb edilib. Ona qar\u015f\u0131 Cinay\u0259t M\u0259c\u0259ll\u0259sinin 143 (t\u0259hl\u00fck\u0259d\u0259 qoyma) v\u0259 314.2-ci (s\u0259hl\u0259nkarl\u0131q, ehtiyats\u0131zl\u0131qdan z\u0259r\u0259r\u00e7\u0259kmi\u015f \u015f\u0259xsin \u00f6l\u00fcm\u00fcn\u0259 s\u0259b\u0259b olduqda) madd\u0259l\u0259ri il\u0259 ittiham ir\u0259li s\u00fcr\u00fcl\u00fcb, bar\u0259sind\u0259 ev dustaql\u0131\u011f\u0131 q\u0259timkan t\u0259dbiri se\u00e7ilib.\n<\/p>\n<p>\n  Cinay\u0259t M\u0259c\u0259ll\u0259sinin 125-ci madd\u0259sil\u0259 ittihama is\u0259 xitam verilib.\n<\/p>\n<p>\n  Elinan\u0131n ail\u0259si direktorun h\u0259bsini t\u0259l\u0259b edir. Bildirirl\u0259r ki, o, vaxt\u0131nda h\u0259kim \u00e7a\u011fr\u0131lmas\u0131na imkan verm\u0259yib: \u201c\u018fg\u0259r vaxt\u0131nda tibbi yard\u0131m g\u00f6st\u0259rils\u0259ydi, b\u0259lk\u0259 d\u0259 Elina bu g\u00fcn ya\u015fay\u0131rd\u0131&#8230;\u201d<\/p>\n","protected":false},"excerpt":{"rendered":"<p>Onun \u00f6l\u00fcm\u00fcn\u0259 a\u011fciy\u0259rin z\u0259d\u0259l\u0259nm\u0259si v\u0259 \u00f6d\u0259mi s\u0259b\u0259b oldu.<\/p>\n","protected":false},"author":11,"featured_media":130249,"comment_status":"closed","ping_status":"open","sticky":false,"template":"","format":"standard","meta":{"_acf_changed":false,"_sitemap_exclude":false,"_sitemap_priority":"","_sitemap_frequency":"","footnotes":""},"categories":[59],"tags":[],"class_list":["post-197141","post","type-post","status-publish","format-standard","has-post-thumbnail","hentry","category-siyaset","infinite-scroll-item","generate-columns","tablet-grid-50","mobile-grid-100","grid-parent","grid-33","no-featured-image-padding"],"acf":[],"yoast_head":"<!-- This site is optimized with the Yoast SEO plugin v27.5 - https:\/\/yoast.com\/product\/yoast-seo-wordpress\/ -->\n<title>\u201cSema\u015fko\u201dnun h\u0259kiml\u0259ri Elinan\u0131n \u00f6l\u00fcm\u00fc bar\u0259d\u0259 n\u0259l\u0259r dan\u0131\u015f\u0131rlar? - MEYDAN.TV<\/title>\n<meta name=\"robots\" content=\"index, follow, max-snippet:-1, max-image-preview:large, max-video-preview:-1\" \/>\n<link rel=\"canonical\" href=\"https:\/\/www.meydan.tv\/az\/article\/semaskonun-hekimleri-elinanin-olumu-barede-neler-danisirlar\/\" \/>\n<meta property=\"og:locale\" content=\"az_AZ\" \/>\n<meta property=\"og:type\" content=\"article\" \/>\n<meta property=\"og:title\" content=\"\u201cSema\u015fko\u201dnun h\u0259kiml\u0259ri Elinan\u0131n \u00f6l\u00fcm\u00fc bar\u0259d\u0259 n\u0259l\u0259r dan\u0131\u015f\u0131rlar? - MEYDAN.TV\" \/>\n<meta property=\"og:description\" content=\"Onun \u00f6l\u00fcm\u00fcn\u0259 a\u011fciy\u0259rin z\u0259d\u0259l\u0259nm\u0259si v\u0259 \u00f6d\u0259mi s\u0259b\u0259b oldu.\" \/>\n<meta property=\"og:url\" content=\"https:\/\/www.meydan.tv\/az\/article\/semaskonun-hekimleri-elinanin-olumu-barede-neler-danisirlar\/\" \/>\n<meta property=\"og:site_name\" content=\"MEYDAN.TV\" \/>\n<meta property=\"article:published_time\" content=\"2019-09-26T05:24:01+00:00\" \/>\n<meta property=\"og:image\" content=\"https:\/\/www.meydan.tv\/wp-content\/uploads\/image_from_ios_5_noekpnm.jpg\" \/>\n\t<meta property=\"og:image:width\" content=\"1280\" \/>\n\t<meta property=\"og:image:height\" content=\"960\" \/>\n\t<meta property=\"og:image:type\" content=\"image\/jpeg\" \/>\n<meta name=\"author\" content=\"user-manager\" \/>\n<meta name=\"twitter:card\" content=\"summary_large_image\" \/>\n<script type=\"application\/ld+json\" class=\"yoast-schema-graph\">{\"@context\":\"https:\\\/\\\/schema.org\",\"@graph\":[{\"@type\":\"Article\",\"@id\":\"https:\\\/\\\/www.meydan.tv\\\/az\\\/article\\\/semaskonun-hekimleri-elinanin-olumu-barede-neler-danisirlar\\\/#article\",\"isPartOf\":{\"@id\":\"https:\\\/\\\/www.meydan.tv\\\/az\\\/article\\\/semaskonun-hekimleri-elinanin-olumu-barede-neler-danisirlar\\\/\"},\"author\":{\"name\":\"user-manager\",\"@id\":\"https:\\\/\\\/www.meydan.tv\\\/az\\\/#\\\/schema\\\/person\\\/10d11eccf6da3662cf5fdab9806ea91a\"},\"headline\":\"\u201cSema\u015fko\u201dnun h\u0259kiml\u0259ri Elinan\u0131n \u00f6l\u00fcm\u00fc bar\u0259d\u0259 n\u0259l\u0259r dan\u0131\u015f\u0131rlar?\",\"datePublished\":\"2019-09-26T05:24:01+00:00\",\"mainEntityOfPage\":{\"@id\":\"https:\\\/\\\/www.meydan.tv\\\/az\\\/article\\\/semaskonun-hekimleri-elinanin-olumu-barede-neler-danisirlar\\\/\"},\"wordCount\":2163,\"publisher\":{\"@id\":\"https:\\\/\\\/www.meydan.tv\\\/az\\\/#organization\"},\"image\":{\"@id\":\"https:\\\/\\\/www.meydan.tv\\\/az\\\/article\\\/semaskonun-hekimleri-elinanin-olumu-barede-neler-danisirlar\\\/#primaryimage\"},\"thumbnailUrl\":\"https:\\\/\\\/www.meydan.tv\\\/wp-content\\\/uploads\\\/image_from_ios_5_noekpnm.jpg\",\"articleSection\":[\"Siyas\u0259t\"],\"inLanguage\":\"az\"},{\"@type\":\"WebPage\",\"@id\":\"https:\\\/\\\/www.meydan.tv\\\/az\\\/article\\\/semaskonun-hekimleri-elinanin-olumu-barede-neler-danisirlar\\\/\",\"url\":\"https:\\\/\\\/www.meydan.tv\\\/az\\\/article\\\/semaskonun-hekimleri-elinanin-olumu-barede-neler-danisirlar\\\/\",\"name\":\"\u201cSema\u015fko\u201dnun h\u0259kiml\u0259ri Elinan\u0131n \u00f6l\u00fcm\u00fc bar\u0259d\u0259 n\u0259l\u0259r dan\u0131\u015f\u0131rlar? - MEYDAN.TV\",\"isPartOf\":{\"@id\":\"https:\\\/\\\/www.meydan.tv\\\/az\\\/#website\"},\"primaryImageOfPage\":{\"@id\":\"https:\\\/\\\/www.meydan.tv\\\/az\\\/article\\\/semaskonun-hekimleri-elinanin-olumu-barede-neler-danisirlar\\\/#primaryimage\"},\"image\":{\"@id\":\"https:\\\/\\\/www.meydan.tv\\\/az\\\/article\\\/semaskonun-hekimleri-elinanin-olumu-barede-neler-danisirlar\\\/#primaryimage\"},\"thumbnailUrl\":\"https:\\\/\\\/www.meydan.tv\\\/wp-content\\\/uploads\\\/image_from_ios_5_noekpnm.jpg\",\"datePublished\":\"2019-09-26T05:24:01+00:00\",\"breadcrumb\":{\"@id\":\"https:\\\/\\\/www.meydan.tv\\\/az\\\/article\\\/semaskonun-hekimleri-elinanin-olumu-barede-neler-danisirlar\\\/#breadcrumb\"},\"inLanguage\":\"az\",\"potentialAction\":[{\"@type\":\"ReadAction\",\"target\":[\"https:\\\/\\\/www.meydan.tv\\\/az\\\/article\\\/semaskonun-hekimleri-elinanin-olumu-barede-neler-danisirlar\\\/\"]}]},{\"@type\":\"ImageObject\",\"inLanguage\":\"az\",\"@id\":\"https:\\\/\\\/www.meydan.tv\\\/az\\\/article\\\/semaskonun-hekimleri-elinanin-olumu-barede-neler-danisirlar\\\/#primaryimage\",\"url\":\"https:\\\/\\\/www.meydan.tv\\\/wp-content\\\/uploads\\\/image_from_ios_5_noekpnm.jpg\",\"contentUrl\":\"https:\\\/\\\/www.meydan.tv\\\/wp-content\\\/uploads\\\/image_from_ios_5_noekpnm.jpg\",\"width\":1280,\"height\":960,\"caption\":\"Source: Specify Source\"},{\"@type\":\"BreadcrumbList\",\"@id\":\"https:\\\/\\\/www.meydan.tv\\\/az\\\/article\\\/semaskonun-hekimleri-elinanin-olumu-barede-neler-danisirlar\\\/#breadcrumb\",\"itemListElement\":[{\"@type\":\"ListItem\",\"position\":1,\"name\":\"Ana s\u0259hif\u0259\",\"item\":\"https:\\\/\\\/www.meydan.tv\\\/az\\\/\"},{\"@type\":\"ListItem\",\"position\":2,\"name\":\"Siyas\u0259t\",\"item\":\"https:\\\/\\\/www.meydan.tv\\\/az\\\/section\\\/siyaset\\\/\"},{\"@type\":\"ListItem\",\"position\":3,\"name\":\"\u201cSema\u015fko\u201dnun h\u0259kiml\u0259ri Elinan\u0131n \u00f6l\u00fcm\u00fc bar\u0259d\u0259 n\u0259l\u0259r dan\u0131\u015f\u0131rlar?\"}]},{\"@type\":\"WebSite\",\"@id\":\"https:\\\/\\\/www.meydan.tv\\\/az\\\/#website\",\"url\":\"https:\\\/\\\/www.meydan.tv\\\/az\\\/\",\"name\":\"MEYDAN.TV\",\"description\":\"Meydan TV Az\u0259rbaycan\u0131n media m\u0259kan\u0131ndak\u0131 alternativ s\u0259sidir\",\"publisher\":{\"@id\":\"https:\\\/\\\/www.meydan.tv\\\/az\\\/#organization\"},\"potentialAction\":[{\"@type\":\"SearchAction\",\"target\":{\"@type\":\"EntryPoint\",\"urlTemplate\":\"https:\\\/\\\/www.meydan.tv\\\/az\\\/?s={search_term_string}\"},\"query-input\":{\"@type\":\"PropertyValueSpecification\",\"valueRequired\":true,\"valueName\":\"search_term_string\"}}],\"inLanguage\":\"az\"},{\"@type\":\"Organization\",\"@id\":\"https:\\\/\\\/www.meydan.tv\\\/az\\\/#organization\",\"name\":\"Meydan TV\",\"url\":\"https:\\\/\\\/www.meydan.tv\\\/az\\\/\",\"logo\":{\"@type\":\"ImageObject\",\"inLanguage\":\"az\",\"@id\":\"https:\\\/\\\/www.meydan.tv\\\/az\\\/#\\\/schema\\\/logo\\\/image\\\/\",\"url\":\"https:\\\/\\\/www.meydan.tv\\\/wp-content\\\/uploads\\\/2021\\\/07\\\/meydan-logo.svg\",\"contentUrl\":\"https:\\\/\\\/www.meydan.tv\\\/wp-content\\\/uploads\\\/2021\\\/07\\\/meydan-logo.svg\",\"width\":195,\"height\":46,\"caption\":\"Meydan TV\"},\"image\":{\"@id\":\"https:\\\/\\\/www.meydan.tv\\\/az\\\/#\\\/schema\\\/logo\\\/image\\\/\"}},{\"@type\":\"Person\",\"@id\":\"https:\\\/\\\/www.meydan.tv\\\/az\\\/#\\\/schema\\\/person\\\/10d11eccf6da3662cf5fdab9806ea91a\",\"name\":\"user-manager\"}]}<\/script>\n<!-- \/ Yoast SEO plugin. -->","yoast_head_json":{"title":"\u201cSema\u015fko\u201dnun h\u0259kiml\u0259ri Elinan\u0131n \u00f6l\u00fcm\u00fc bar\u0259d\u0259 n\u0259l\u0259r dan\u0131\u015f\u0131rlar? - MEYDAN.TV","robots":{"index":"index","follow":"follow","max-snippet":"max-snippet:-1","max-image-preview":"max-image-preview:large","max-video-preview":"max-video-preview:-1"},"canonical":"https:\/\/www.meydan.tv\/az\/article\/semaskonun-hekimleri-elinanin-olumu-barede-neler-danisirlar\/","og_locale":"az_AZ","og_type":"article","og_title":"\u201cSema\u015fko\u201dnun h\u0259kiml\u0259ri Elinan\u0131n \u00f6l\u00fcm\u00fc bar\u0259d\u0259 n\u0259l\u0259r dan\u0131\u015f\u0131rlar? - MEYDAN.TV","og_description":"Onun \u00f6l\u00fcm\u00fcn\u0259 a\u011fciy\u0259rin z\u0259d\u0259l\u0259nm\u0259si v\u0259 \u00f6d\u0259mi s\u0259b\u0259b oldu.","og_url":"https:\/\/www.meydan.tv\/az\/article\/semaskonun-hekimleri-elinanin-olumu-barede-neler-danisirlar\/","og_site_name":"MEYDAN.TV","article_published_time":"2019-09-26T05:24:01+00:00","og_image":[{"width":1280,"height":960,"url":"https:\/\/www.meydan.tv\/wp-content\/uploads\/image_from_ios_5_noekpnm.jpg","type":"image\/jpeg"}],"author":"user-manager","twitter_card":"summary_large_image","schema":{"@context":"https:\/\/schema.org","@graph":[{"@type":"Article","@id":"https:\/\/www.meydan.tv\/az\/article\/semaskonun-hekimleri-elinanin-olumu-barede-neler-danisirlar\/#article","isPartOf":{"@id":"https:\/\/www.meydan.tv\/az\/article\/semaskonun-hekimleri-elinanin-olumu-barede-neler-danisirlar\/"},"author":{"name":"user-manager","@id":"https:\/\/www.meydan.tv\/az\/#\/schema\/person\/10d11eccf6da3662cf5fdab9806ea91a"},"headline":"\u201cSema\u015fko\u201dnun h\u0259kiml\u0259ri Elinan\u0131n \u00f6l\u00fcm\u00fc bar\u0259d\u0259 n\u0259l\u0259r dan\u0131\u015f\u0131rlar?","datePublished":"2019-09-26T05:24:01+00:00","mainEntityOfPage":{"@id":"https:\/\/www.meydan.tv\/az\/article\/semaskonun-hekimleri-elinanin-olumu-barede-neler-danisirlar\/"},"wordCount":2163,"publisher":{"@id":"https:\/\/www.meydan.tv\/az\/#organization"},"image":{"@id":"https:\/\/www.meydan.tv\/az\/article\/semaskonun-hekimleri-elinanin-olumu-barede-neler-danisirlar\/#primaryimage"},"thumbnailUrl":"https:\/\/www.meydan.tv\/wp-content\/uploads\/image_from_ios_5_noekpnm.jpg","articleSection":["Siyas\u0259t"],"inLanguage":"az"},{"@type":"WebPage","@id":"https:\/\/www.meydan.tv\/az\/article\/semaskonun-hekimleri-elinanin-olumu-barede-neler-danisirlar\/","url":"https:\/\/www.meydan.tv\/az\/article\/semaskonun-hekimleri-elinanin-olumu-barede-neler-danisirlar\/","name":"\u201cSema\u015fko\u201dnun h\u0259kiml\u0259ri Elinan\u0131n \u00f6l\u00fcm\u00fc bar\u0259d\u0259 n\u0259l\u0259r dan\u0131\u015f\u0131rlar? - MEYDAN.TV","isPartOf":{"@id":"https:\/\/www.meydan.tv\/az\/#website"},"primaryImageOfPage":{"@id":"https:\/\/www.meydan.tv\/az\/article\/semaskonun-hekimleri-elinanin-olumu-barede-neler-danisirlar\/#primaryimage"},"image":{"@id":"https:\/\/www.meydan.tv\/az\/article\/semaskonun-hekimleri-elinanin-olumu-barede-neler-danisirlar\/#primaryimage"},"thumbnailUrl":"https:\/\/www.meydan.tv\/wp-content\/uploads\/image_from_ios_5_noekpnm.jpg","datePublished":"2019-09-26T05:24:01+00:00","breadcrumb":{"@id":"https:\/\/www.meydan.tv\/az\/article\/semaskonun-hekimleri-elinanin-olumu-barede-neler-danisirlar\/#breadcrumb"},"inLanguage":"az","potentialAction":[{"@type":"ReadAction","target":["https:\/\/www.meydan.tv\/az\/article\/semaskonun-hekimleri-elinanin-olumu-barede-neler-danisirlar\/"]}]},{"@type":"ImageObject","inLanguage":"az","@id":"https:\/\/www.meydan.tv\/az\/article\/semaskonun-hekimleri-elinanin-olumu-barede-neler-danisirlar\/#primaryimage","url":"https:\/\/www.meydan.tv\/wp-content\/uploads\/image_from_ios_5_noekpnm.jpg","contentUrl":"https:\/\/www.meydan.tv\/wp-content\/uploads\/image_from_ios_5_noekpnm.jpg","width":1280,"height":960,"caption":"Source: Specify Source"},{"@type":"BreadcrumbList","@id":"https:\/\/www.meydan.tv\/az\/article\/semaskonun-hekimleri-elinanin-olumu-barede-neler-danisirlar\/#breadcrumb","itemListElement":[{"@type":"ListItem","position":1,"name":"Ana s\u0259hif\u0259","item":"https:\/\/www.meydan.tv\/az\/"},{"@type":"ListItem","position":2,"name":"Siyas\u0259t","item":"https:\/\/www.meydan.tv\/az\/section\/siyaset\/"},{"@type":"ListItem","position":3,"name":"\u201cSema\u015fko\u201dnun h\u0259kiml\u0259ri Elinan\u0131n \u00f6l\u00fcm\u00fc bar\u0259d\u0259 n\u0259l\u0259r dan\u0131\u015f\u0131rlar?"}]},{"@type":"WebSite","@id":"https:\/\/www.meydan.tv\/az\/#website","url":"https:\/\/www.meydan.tv\/az\/","name":"MEYDAN.TV","description":"Meydan TV Az\u0259rbaycan\u0131n media m\u0259kan\u0131ndak\u0131 alternativ s\u0259sidir","publisher":{"@id":"https:\/\/www.meydan.tv\/az\/#organization"},"potentialAction":[{"@type":"SearchAction","target":{"@type":"EntryPoint","urlTemplate":"https:\/\/www.meydan.tv\/az\/?s={search_term_string}"},"query-input":{"@type":"PropertyValueSpecification","valueRequired":true,"valueName":"search_term_string"}}],"inLanguage":"az"},{"@type":"Organization","@id":"https:\/\/www.meydan.tv\/az\/#organization","name":"Meydan TV","url":"https:\/\/www.meydan.tv\/az\/","logo":{"@type":"ImageObject","inLanguage":"az","@id":"https:\/\/www.meydan.tv\/az\/#\/schema\/logo\/image\/","url":"https:\/\/www.meydan.tv\/wp-content\/uploads\/2021\/07\/meydan-logo.svg","contentUrl":"https:\/\/www.meydan.tv\/wp-content\/uploads\/2021\/07\/meydan-logo.svg","width":195,"height":46,"caption":"Meydan TV"},"image":{"@id":"https:\/\/www.meydan.tv\/az\/#\/schema\/logo\/image\/"}},{"@type":"Person","@id":"https:\/\/www.meydan.tv\/az\/#\/schema\/person\/10d11eccf6da3662cf5fdab9806ea91a","name":"user-manager"}]}},"_links":{"self":[{"href":"https:\/\/www.meydan.tv\/az\/wp-json\/wp\/v2\/posts\/197141","targetHints":{"allow":["GET"]}}],"collection":[{"href":"https:\/\/www.meydan.tv\/az\/wp-json\/wp\/v2\/posts"}],"about":[{"href":"https:\/\/www.meydan.tv\/az\/wp-json\/wp\/v2\/types\/post"}],"author":[{"embeddable":true,"href":"https:\/\/www.meydan.tv\/az\/wp-json\/wp\/v2\/users\/11"}],"replies":[{"embeddable":true,"href":"https:\/\/www.meydan.tv\/az\/wp-json\/wp\/v2\/comments?post=197141"}],"version-history":[{"count":0,"href":"https:\/\/www.meydan.tv\/az\/wp-json\/wp\/v2\/posts\/197141\/revisions"}],"wp:featuredmedia":[{"embeddable":true,"href":"https:\/\/www.meydan.tv\/az\/wp-json\/wp\/v2\/media\/130249"}],"wp:attachment":[{"href":"https:\/\/www.meydan.tv\/az\/wp-json\/wp\/v2\/media?parent=197141"}],"wp:term":[{"taxonomy":"category","embeddable":true,"href":"https:\/\/www.meydan.tv\/az\/wp-json\/wp\/v2\/categories?post=197141"},{"taxonomy":"post_tag","embeddable":true,"href":"https:\/\/www.meydan.tv\/az\/wp-json\/wp\/v2\/tags?post=197141"}],"curies":[{"name":"wp","href":"https:\/\/api.w.org\/{rel}","templated":true}]}}