{"id":197137,"date":"2019-09-25T16:50:11","date_gmt":"2019-09-25T16:50:11","guid":{"rendered":"https:\/\/www.meydan.tv\/article\/kendde-meni-qinayirlar-ki-gozu-gormeyen-usagi-islemeye-gonderirem\/"},"modified":"2019-09-25T16:50:11","modified_gmt":"2019-09-25T16:50:11","slug":"kendde-meni-qinayirlar-ki-gozu-gormeyen-usagi-islemeye-gonderirem","status":"publish","type":"post","link":"https:\/\/www.meydan.tv\/az\/article\/kendde-meni-qinayirlar-ki-gozu-gormeyen-usagi-islemeye-gonderirem\/","title":{"rendered":"\u201cK\u0259ndd\u0259 m\u0259ni q\u0131nay\u0131rlar ki, g\u00f6z\u00fc g\u00f6rm\u0259y\u0259n u\u015fa\u011f\u0131 i\u015fl\u0259m\u0259y\u0259 g\u00f6nd\u0259rir\u0259m\u201d"},"content":{"rendered":"<p>\n  <i><br \/>\n    Yataq x\u0259st\u0259si olan Salyan rayon v\u0259t\u0259nda\u015f\u0131 k\u00f6m\u0259k ist\u0259yir<br \/>\n  <\/i>\n<\/p>\n<p>\n  Salyan\u0131n Arbatan k\u0259ndind\u0259 ya\u015fayan A\u011fabac\u0131 C\u0259f\u0259rova 20 ild\u0259n \u00e7oxdur h\u0259r\u0259k\u0259t qabiliyy\u0259tini itirib. Onun \u0259ziyy\u0259tini \u00e7\u0259k\u0259n yegan\u0259 o\u011flu Tapd\u0131q is\u0259 g\u00f6rm\u0259 bacar\u0131\u011f\u0131n\u0131 tamamil\u0259 itirm\u0259k \u00fczr\u0259dir.\n<\/p>\n<p>\n  <i><br \/>\n    \u201cD\u0259rdimi dem\u0259y\u0259 utan\u0131ram\u201d<br \/>\n  <\/i>\n<\/p>\n<p>\n  A\u011fabac\u0131 C\u0259f\u0259rova art\u0131q ne\u00e7\u0259nci ildir b\u00fct\u00fcn g\u00fcn\u00fcn\u00fc eyni \u00e7arpay\u0131da ke\u00e7irdiyini xat\u0131rlam\u0131r. H\u0259r\u0259k\u0259t ed\u0259 bilmir, h\u0259mi\u015f\u0259 uzanmaq m\u0259cburiyy\u0259tind\u0259dir. Emosiyas\u0131z dan\u0131\u015fa bilmir, a\u011flay\u0131r.\n<\/p>\n<p>\n  \u201cAyaqlar\u0131mda a\u011fr\u0131lar vard\u0131. \u0130yn\u0259 vurdurdum. Ayaqlar\u0131m tutuldu. \u0130ll\u0259rdi bu v\u0259ziyy\u0259td\u0259y\u0259m. O\u011flum bax\u0131r m\u0259n\u0259. T\u0259mizl\u0259m\u0259k, yedizdirm\u0259k. H\u0259rd\u0259n q\u0131zlar\u0131m g\u0259lir. \u018frl\u0259ri h\u0259mi\u015f\u0259 icaz\u0259 vermir, onlar\u0131n da \u00f6z qay\u011f\u0131lar\u0131 var. Sizd\u0259n \u00e7ox \u00fczr ist\u0259yir\u0259m, adic\u0259 t\u0259bii ehtiyac\u0131m\u0131 \u00f6d\u0259m\u0259y\u0259 g\u0259r\u0259k iki n\u0259f\u0259r k\u00f6m\u0259k el\u0259sin\u201d, &#8211; A\u011fabac\u0131 bunlar\u0131 dan\u0131\u015fd\u0131\u011f\u0131na g\u00f6r\u0259 x\u0259cal\u0259t \u00e7\u0259kdiyini deyir.\n<\/p>\n<p>\n  Qad\u0131n\u0131n \u0259lil arabas\u0131 yoxdur. D\u00f6vl\u0259t orqanlar\u0131ndan yaln\u0131z bigan\u0259lik g\u00f6r\u00fcb. G\u0259lib maraqlanan, h\u0259r hans\u0131 k\u00f6m\u0259k t\u0259klif ed\u0259n olmur. C\u0259mi 150 manat pensiya al\u0131r. T\u0259xmin\u0259n be\u015f il \u0259vv\u0259l Heyd\u0259r \u018fliyev Fonduna m\u00fcraci\u0259t edib: \u201cYazd\u0131m ki, n\u0259 olar, k\u00f6m\u0259k el\u0259yin, v\u0259ziyy\u0259timiz a\u011f\u0131rd\u0131. Cavab g\u0259ldi ki, h\u0259yat yolda\u015f\u0131, u\u015faqlar\u0131 var, n\u0259 vaxt baxmasalar, onda k\u00f6m\u0259k el\u0259y\u0259rik\u201d.\n<\/p>\n<p>\n  A\u011fabac\u0131 h\u0259yat yolda\u015f\u0131n\u0131 alt\u0131 ay \u0259vv\u0259l itirib. X\u0259r\u00e7\u0259ng\u0259 tutulub, iki aya orqanizmi tam s\u0131radan \u00e7\u0131x\u0131b. Qad\u0131n dan\u0131\u015f\u0131r ki, m\u0259rhum h\u0259yat yolda\u015f\u0131 z\u0259hm\u0259tke\u015f adam olub, ail\u0259ni birt\u0259h\u0259r doland\u0131rma\u011fa \u00e7al\u0131\u015f\u0131b. F\u0259hl\u0259lik el\u0259yir, da\u015f da\u015f\u0131y\u0131rm\u0131\u015f. Bu il \u0259vv\u0259lc\u0259 onun x\u0259st\u0259liyi, ard\u0131nca v\u0259fat etm\u0259si ail\u0259nin v\u0259ziyy\u0259ti lap a\u011f\u0131rla\u015fd\u0131r\u0131b.\n<\/p>\n<figure class=\"wp-block-image size-large\">\n  <img decoding=\"async\" src=\"https:\/\/www.meydan.tv\/az\/image_from_ios-21-jpg\/\" alt=\"image_from_ios (21).jpg\" class=\"wp-image-130243\"\/><figcaption>\n    A\u011fabac\u0131 C\u0259f\u0259rovan\u0131n o\u011flu il\u0259 ya\u015fad\u0131\u011f\u0131 ev \u00e7ox nimda\u015f g\u00f6r\u00fcn\u00fcr<br \/>\n  <\/figcaption><\/figure>\n<p>\n  <i><br \/>\n    \u201cB\u0259s neyl\u0259y\u0259k, ac\u0131ndan \u00f6l\u00fcr\u00fck ax\u0131&#8230;\u201d<br \/>\n  <\/i>\n<\/p>\n<p>\n  \u0130ndi ail\u0259nin b\u00fct\u00fcn y\u00fck\u00fc Tapd\u0131\u011f\u0131n \u00fcz\u0259rind\u0259dir. Onun g\u00f6z\u00fcn\u00fcn birinin 1, dig\u0259rinin 10 faiz g\u00f6rm\u0259 qabiliyy\u0259ti var. Daha \u00e7ox s\u0131radan \u00e7\u0131xan g\u00f6z\u00fcn\u00fcn b\u0259rpas\u0131 m\u00fcmk\u00fcns\u00fczd\u00fcr, donora ehtiyac var.\n<\/p>\n<p>\n  \u201cAnadang\u0259lm\u0259 bel\u0259 olub. Mirvari suyu g\u0259lmi\u015fdi. Bir il d\u0259 m\u0259kt\u0259bd\u0259n saxlad\u0131q. Linza qoydurmu\u015fduq. S\u0259n dem\u0259, linza il\u0259 birlikd\u0259 eyn\u0259k d\u0259 taxmal\u0131ym\u0131\u015f. Bir d\u0259 onda x\u0259b\u0259r tutduq ki, h\u0259min g\u00f6z\u00fc he\u00e7 linza il\u0259 d\u0259 f\u0259aliyy\u0259t g\u00f6st\u0259r\u0259 bilmir\u201d, &#8211; A\u011fabac\u0131 bel\u0259 deyir.\n<\/p>\n<p>\n  Tapd\u0131q \u00e7ox az dan\u0131\u015f\u0131r. Deyir ki, sizi ayd\u0131n g\u00f6rm\u00fcr\u0259m, sad\u0259c\u0259, bilir\u0259m, ev\u0259 adam g\u0259lib. Amma bu v\u0259ziyy\u0259td\u0259 i\u015fl\u0259m\u0259y\u0259 m\u0259cburdur. Anas\u0131n\u0131n pensiyas\u0131 ya\u015fama\u011fa b\u0259s etmir. K\u0259ndd\u0259 adamlara t\u0259s\u0259rr\u00fcfat i\u015fl\u0259rind\u0259 k\u00f6m\u0259k edir ki, ev\u0259 bir ne\u00e7\u0259 manat g\u0259tirsin.\n<\/p>\n<p>\n  \u201cU\u015faq t\u0259kba\u015f\u0131na qal\u0131b. K\u0259ndd\u0259 m\u0259ni q\u0131nay\u0131rlar ki, g\u00f6z\u00fc g\u00f6rm\u0259y\u0259n u\u015fa\u011f\u0131 i\u015fl\u0259m\u0259y\u0259 g\u00f6nd\u0259rir\u0259m. B\u0259s neyl\u0259y\u0259k, ac\u0131ndan \u00f6l\u00fcr\u00fck ax\u0131&#8230;\u201d, &#8211; A\u011fabac\u0131 yen\u0259 a\u011flay\u0131r.\n<\/p>\n<p>\n  <i><br \/>\n    \u201cYalvar\u0131ram, k\u00f6m\u0259k el\u0259sinl\u0259r\u201d<br \/>\n  <\/i>\n<\/p>\n<p>\n  A\u011fabac\u0131 C\u0259f\u0259rovan\u0131n o\u011flu il\u0259 ya\u015fad\u0131\u011f\u0131 ev \u00e7ox nimda\u015f g\u00f6r\u00fcn\u00fcr. P\u0259nc\u0259r\u0259 \u015f\u00fc\u015f\u0259l\u0259ri yoxdur, soyu\u011fun qar\u015f\u0131s\u0131n\u0131 m\u00fc\u015f\u0259mb\u0259 il\u0259 alma\u011fa \u00e7al\u0131\u015f\u0131rlar. Ev \u0259\u015fyalar\u0131 tamam s\u0131radan \u00e7\u0131x\u0131b.\n<\/p>\n<p>\n  \u201cYa\u011f\u0131\u015f d\u00fcz i\u00e7\u0259ri ya\u011f\u0131r. Amma daha bu \u015feyl\u0259ri d\u00fc\u015f\u00fcn\u0259 bilmir\u0259m. M\u0259n he\u00e7, o\u011flumun g\u00f6rm\u0259 qabiliyy\u0259ti bir az yax\u015f\u0131la\u015fsayd\u0131&#8230; \u0130\u00e7m\u0259li su yoxdur, gedib su da\u015f\u0131y\u0131r. Qaranl\u0131qda he\u00e7 h\u0259r\u0259k\u0259t el\u0259y\u0259 bilmir. A\u011flay\u0131ram, u\u015faq da pis olur\u201d, &#8211; A\u011fabac\u0131 bu d\u0259f\u0259 g\u00f6z ya\u015flar\u0131n\u0131 saxlay\u0131r.\n<\/p>\n<p>\n  Tapd\u0131q yan otaqda olanda ana deyir ki, a\u011fr\u0131dan gec\u0259l\u0259r yata bilmir, imkan el\u0259yib a\u011fr\u0131k\u0259sici vurduranda bir az sakitl\u0259\u015fir: \u201cQurbanoldu\u011fum x\u0259st\u0259liyi d\u0259 kas\u0131blara verir&#8230;\u201d\n<\/p>\n<p>\n  Tapd\u0131q bizi yola sal\u0131r. A\u011fabac\u0131 x\u0131s\u0131n-x\u0131s\u0131n a\u011flay\u0131r: \u201cYalvar\u0131ram, k\u00f6m\u0259k el\u0259sinl\u0259r. M\u0259n \u00f6l\u0259c\u0259m, bu u\u015faq \u0259ll\u0259rd\u0259 qalacaq&#8230;\u201d\n<\/p>\n<figure class=\"wp-block-image size-large\">\n  <img decoding=\"async\" src=\"https:\/\/www.meydan.tv\/az\/image_from_ios-19-jpg\/\" alt=\"image_from_ios (19).jpg\" class=\"wp-image-130231\"\/><figcaption>\n    \u0130ndi ail\u0259nin b\u00fct\u00fcn y\u00fck\u00fc Tapd\u0131\u011f\u0131n \u00fcz\u0259rind\u0259dir<br \/>\n  <\/figcaption><\/figure>\n","protected":false},"excerpt":{"rendered":"<p>Deyir ki, sizi ayd\u0131n g\u00f6rm\u00fcr\u0259m, sad\u0259c\u0259, bilir\u0259m, ev\u0259 adam g\u0259lib<\/p>\n","protected":false},"author":11,"featured_media":130237,"comment_status":"closed","ping_status":"open","sticky":false,"template":"","format":"standard","meta":{"_acf_changed":false,"_sitemap_exclude":false,"_sitemap_priority":"","_sitemap_frequency":"","footnotes":""},"categories":[60],"tags":[],"class_list":["post-197137","post","type-post","status-publish","format-standard","has-post-thumbnail","hentry","category-bolge","infinite-scroll-item","generate-columns","tablet-grid-50","mobile-grid-100","grid-parent","grid-33","no-featured-image-padding"],"acf":[],"yoast_head":"<!-- This site is optimized with the Yoast SEO plugin v27.5 - https:\/\/yoast.com\/product\/yoast-seo-wordpress\/ -->\n<title>\u201cK\u0259ndd\u0259 m\u0259ni q\u0131nay\u0131rlar ki, g\u00f6z\u00fc g\u00f6rm\u0259y\u0259n u\u015fa\u011f\u0131 i\u015fl\u0259m\u0259y\u0259 g\u00f6nd\u0259rir\u0259m\u201d - MEYDAN.TV<\/title>\n<meta name=\"robots\" content=\"index, follow, max-snippet:-1, max-image-preview:large, max-video-preview:-1\" \/>\n<link rel=\"canonical\" href=\"https:\/\/www.meydan.tv\/az\/article\/kendde-meni-qinayirlar-ki-gozu-gormeyen-usagi-islemeye-gonderirem\/\" \/>\n<meta property=\"og:locale\" content=\"az_AZ\" \/>\n<meta property=\"og:type\" content=\"article\" \/>\n<meta property=\"og:title\" content=\"\u201cK\u0259ndd\u0259 m\u0259ni q\u0131nay\u0131rlar ki, g\u00f6z\u00fc g\u00f6rm\u0259y\u0259n u\u015fa\u011f\u0131 i\u015fl\u0259m\u0259y\u0259 g\u00f6nd\u0259rir\u0259m\u201d - MEYDAN.TV\" \/>\n<meta property=\"og:description\" content=\"Deyir ki, sizi ayd\u0131n g\u00f6rm\u00fcr\u0259m, sad\u0259c\u0259, bilir\u0259m, ev\u0259 adam g\u0259lib\" \/>\n<meta property=\"og:url\" content=\"https:\/\/www.meydan.tv\/az\/article\/kendde-meni-qinayirlar-ki-gozu-gormeyen-usagi-islemeye-gonderirem\/\" \/>\n<meta property=\"og:site_name\" content=\"MEYDAN.TV\" \/>\n<meta property=\"article:published_time\" content=\"2019-09-25T16:50:11+00:00\" \/>\n<meta property=\"og:image\" content=\"https:\/\/www.meydan.tv\/wp-content\/uploads\/image_from_ios_20-1.jpg\" \/>\n\t<meta property=\"og:image:width\" content=\"2000\" \/>\n\t<meta property=\"og:image:height\" content=\"759\" \/>\n\t<meta property=\"og:image:type\" content=\"image\/jpeg\" \/>\n<meta name=\"author\" content=\"user-manager\" \/>\n<meta name=\"twitter:card\" content=\"summary_large_image\" \/>\n<script type=\"application\/ld+json\" class=\"yoast-schema-graph\">{\"@context\":\"https:\\\/\\\/schema.org\",\"@graph\":[{\"@type\":\"Article\",\"@id\":\"https:\\\/\\\/www.meydan.tv\\\/az\\\/article\\\/kendde-meni-qinayirlar-ki-gozu-gormeyen-usagi-islemeye-gonderirem\\\/#article\",\"isPartOf\":{\"@id\":\"https:\\\/\\\/www.meydan.tv\\\/az\\\/article\\\/kendde-meni-qinayirlar-ki-gozu-gormeyen-usagi-islemeye-gonderirem\\\/\"},\"author\":{\"name\":\"user-manager\",\"@id\":\"https:\\\/\\\/www.meydan.tv\\\/az\\\/#\\\/schema\\\/person\\\/10d11eccf6da3662cf5fdab9806ea91a\"},\"headline\":\"\u201cK\u0259ndd\u0259 m\u0259ni q\u0131nay\u0131rlar ki, g\u00f6z\u00fc g\u00f6rm\u0259y\u0259n u\u015fa\u011f\u0131 i\u015fl\u0259m\u0259y\u0259 g\u00f6nd\u0259rir\u0259m\u201d\",\"datePublished\":\"2019-09-25T16:50:11+00:00\",\"mainEntityOfPage\":{\"@id\":\"https:\\\/\\\/www.meydan.tv\\\/az\\\/article\\\/kendde-meni-qinayirlar-ki-gozu-gormeyen-usagi-islemeye-gonderirem\\\/\"},\"wordCount\":850,\"publisher\":{\"@id\":\"https:\\\/\\\/www.meydan.tv\\\/az\\\/#organization\"},\"image\":{\"@id\":\"https:\\\/\\\/www.meydan.tv\\\/az\\\/article\\\/kendde-meni-qinayirlar-ki-gozu-gormeyen-usagi-islemeye-gonderirem\\\/#primaryimage\"},\"thumbnailUrl\":\"https:\\\/\\\/www.meydan.tv\\\/wp-content\\\/uploads\\\/image_from_ios_20-1.jpg\",\"articleSection\":[\"B\u00f6lg\u0259\"],\"inLanguage\":\"az\"},{\"@type\":\"WebPage\",\"@id\":\"https:\\\/\\\/www.meydan.tv\\\/az\\\/article\\\/kendde-meni-qinayirlar-ki-gozu-gormeyen-usagi-islemeye-gonderirem\\\/\",\"url\":\"https:\\\/\\\/www.meydan.tv\\\/az\\\/article\\\/kendde-meni-qinayirlar-ki-gozu-gormeyen-usagi-islemeye-gonderirem\\\/\",\"name\":\"\u201cK\u0259ndd\u0259 m\u0259ni q\u0131nay\u0131rlar ki, g\u00f6z\u00fc g\u00f6rm\u0259y\u0259n u\u015fa\u011f\u0131 i\u015fl\u0259m\u0259y\u0259 g\u00f6nd\u0259rir\u0259m\u201d - MEYDAN.TV\",\"isPartOf\":{\"@id\":\"https:\\\/\\\/www.meydan.tv\\\/az\\\/#website\"},\"primaryImageOfPage\":{\"@id\":\"https:\\\/\\\/www.meydan.tv\\\/az\\\/article\\\/kendde-meni-qinayirlar-ki-gozu-gormeyen-usagi-islemeye-gonderirem\\\/#primaryimage\"},\"image\":{\"@id\":\"https:\\\/\\\/www.meydan.tv\\\/az\\\/article\\\/kendde-meni-qinayirlar-ki-gozu-gormeyen-usagi-islemeye-gonderirem\\\/#primaryimage\"},\"thumbnailUrl\":\"https:\\\/\\\/www.meydan.tv\\\/wp-content\\\/uploads\\\/image_from_ios_20-1.jpg\",\"datePublished\":\"2019-09-25T16:50:11+00:00\",\"breadcrumb\":{\"@id\":\"https:\\\/\\\/www.meydan.tv\\\/az\\\/article\\\/kendde-meni-qinayirlar-ki-gozu-gormeyen-usagi-islemeye-gonderirem\\\/#breadcrumb\"},\"inLanguage\":\"az\",\"potentialAction\":[{\"@type\":\"ReadAction\",\"target\":[\"https:\\\/\\\/www.meydan.tv\\\/az\\\/article\\\/kendde-meni-qinayirlar-ki-gozu-gormeyen-usagi-islemeye-gonderirem\\\/\"]}]},{\"@type\":\"ImageObject\",\"inLanguage\":\"az\",\"@id\":\"https:\\\/\\\/www.meydan.tv\\\/az\\\/article\\\/kendde-meni-qinayirlar-ki-gozu-gormeyen-usagi-islemeye-gonderirem\\\/#primaryimage\",\"url\":\"https:\\\/\\\/www.meydan.tv\\\/wp-content\\\/uploads\\\/image_from_ios_20-1.jpg\",\"contentUrl\":\"https:\\\/\\\/www.meydan.tv\\\/wp-content\\\/uploads\\\/image_from_ios_20-1.jpg\",\"width\":2000,\"height\":759,\"caption\":\"Source: Specify Source\"},{\"@type\":\"BreadcrumbList\",\"@id\":\"https:\\\/\\\/www.meydan.tv\\\/az\\\/article\\\/kendde-meni-qinayirlar-ki-gozu-gormeyen-usagi-islemeye-gonderirem\\\/#breadcrumb\",\"itemListElement\":[{\"@type\":\"ListItem\",\"position\":1,\"name\":\"Ana s\u0259hif\u0259\",\"item\":\"https:\\\/\\\/www.meydan.tv\\\/az\\\/\"},{\"@type\":\"ListItem\",\"position\":2,\"name\":\"B\u00f6lg\u0259\",\"item\":\"https:\\\/\\\/www.meydan.tv\\\/az\\\/section\\\/bolge\\\/\"},{\"@type\":\"ListItem\",\"position\":3,\"name\":\"\u201cK\u0259ndd\u0259 m\u0259ni q\u0131nay\u0131rlar ki, g\u00f6z\u00fc g\u00f6rm\u0259y\u0259n u\u015fa\u011f\u0131 i\u015fl\u0259m\u0259y\u0259 g\u00f6nd\u0259rir\u0259m\u201d\"}]},{\"@type\":\"WebSite\",\"@id\":\"https:\\\/\\\/www.meydan.tv\\\/az\\\/#website\",\"url\":\"https:\\\/\\\/www.meydan.tv\\\/az\\\/\",\"name\":\"MEYDAN.TV\",\"description\":\"Meydan TV Az\u0259rbaycan\u0131n media m\u0259kan\u0131ndak\u0131 alternativ s\u0259sidir\",\"publisher\":{\"@id\":\"https:\\\/\\\/www.meydan.tv\\\/az\\\/#organization\"},\"potentialAction\":[{\"@type\":\"SearchAction\",\"target\":{\"@type\":\"EntryPoint\",\"urlTemplate\":\"https:\\\/\\\/www.meydan.tv\\\/az\\\/?s={search_term_string}\"},\"query-input\":{\"@type\":\"PropertyValueSpecification\",\"valueRequired\":true,\"valueName\":\"search_term_string\"}}],\"inLanguage\":\"az\"},{\"@type\":\"Organization\",\"@id\":\"https:\\\/\\\/www.meydan.tv\\\/az\\\/#organization\",\"name\":\"Meydan TV\",\"url\":\"https:\\\/\\\/www.meydan.tv\\\/az\\\/\",\"logo\":{\"@type\":\"ImageObject\",\"inLanguage\":\"az\",\"@id\":\"https:\\\/\\\/www.meydan.tv\\\/az\\\/#\\\/schema\\\/logo\\\/image\\\/\",\"url\":\"https:\\\/\\\/www.meydan.tv\\\/wp-content\\\/uploads\\\/2021\\\/07\\\/meydan-logo.svg\",\"contentUrl\":\"https:\\\/\\\/www.meydan.tv\\\/wp-content\\\/uploads\\\/2021\\\/07\\\/meydan-logo.svg\",\"width\":195,\"height\":46,\"caption\":\"Meydan TV\"},\"image\":{\"@id\":\"https:\\\/\\\/www.meydan.tv\\\/az\\\/#\\\/schema\\\/logo\\\/image\\\/\"}},{\"@type\":\"Person\",\"@id\":\"https:\\\/\\\/www.meydan.tv\\\/az\\\/#\\\/schema\\\/person\\\/10d11eccf6da3662cf5fdab9806ea91a\",\"name\":\"user-manager\"}]}<\/script>\n<!-- \/ Yoast SEO plugin. -->","yoast_head_json":{"title":"\u201cK\u0259ndd\u0259 m\u0259ni q\u0131nay\u0131rlar ki, g\u00f6z\u00fc g\u00f6rm\u0259y\u0259n u\u015fa\u011f\u0131 i\u015fl\u0259m\u0259y\u0259 g\u00f6nd\u0259rir\u0259m\u201d - MEYDAN.TV","robots":{"index":"index","follow":"follow","max-snippet":"max-snippet:-1","max-image-preview":"max-image-preview:large","max-video-preview":"max-video-preview:-1"},"canonical":"https:\/\/www.meydan.tv\/az\/article\/kendde-meni-qinayirlar-ki-gozu-gormeyen-usagi-islemeye-gonderirem\/","og_locale":"az_AZ","og_type":"article","og_title":"\u201cK\u0259ndd\u0259 m\u0259ni q\u0131nay\u0131rlar ki, g\u00f6z\u00fc g\u00f6rm\u0259y\u0259n u\u015fa\u011f\u0131 i\u015fl\u0259m\u0259y\u0259 g\u00f6nd\u0259rir\u0259m\u201d - MEYDAN.TV","og_description":"Deyir ki, sizi ayd\u0131n g\u00f6rm\u00fcr\u0259m, sad\u0259c\u0259, bilir\u0259m, ev\u0259 adam g\u0259lib","og_url":"https:\/\/www.meydan.tv\/az\/article\/kendde-meni-qinayirlar-ki-gozu-gormeyen-usagi-islemeye-gonderirem\/","og_site_name":"MEYDAN.TV","article_published_time":"2019-09-25T16:50:11+00:00","og_image":[{"width":2000,"height":759,"url":"https:\/\/www.meydan.tv\/wp-content\/uploads\/image_from_ios_20-1.jpg","type":"image\/jpeg"}],"author":"user-manager","twitter_card":"summary_large_image","schema":{"@context":"https:\/\/schema.org","@graph":[{"@type":"Article","@id":"https:\/\/www.meydan.tv\/az\/article\/kendde-meni-qinayirlar-ki-gozu-gormeyen-usagi-islemeye-gonderirem\/#article","isPartOf":{"@id":"https:\/\/www.meydan.tv\/az\/article\/kendde-meni-qinayirlar-ki-gozu-gormeyen-usagi-islemeye-gonderirem\/"},"author":{"name":"user-manager","@id":"https:\/\/www.meydan.tv\/az\/#\/schema\/person\/10d11eccf6da3662cf5fdab9806ea91a"},"headline":"\u201cK\u0259ndd\u0259 m\u0259ni q\u0131nay\u0131rlar ki, g\u00f6z\u00fc g\u00f6rm\u0259y\u0259n u\u015fa\u011f\u0131 i\u015fl\u0259m\u0259y\u0259 g\u00f6nd\u0259rir\u0259m\u201d","datePublished":"2019-09-25T16:50:11+00:00","mainEntityOfPage":{"@id":"https:\/\/www.meydan.tv\/az\/article\/kendde-meni-qinayirlar-ki-gozu-gormeyen-usagi-islemeye-gonderirem\/"},"wordCount":850,"publisher":{"@id":"https:\/\/www.meydan.tv\/az\/#organization"},"image":{"@id":"https:\/\/www.meydan.tv\/az\/article\/kendde-meni-qinayirlar-ki-gozu-gormeyen-usagi-islemeye-gonderirem\/#primaryimage"},"thumbnailUrl":"https:\/\/www.meydan.tv\/wp-content\/uploads\/image_from_ios_20-1.jpg","articleSection":["B\u00f6lg\u0259"],"inLanguage":"az"},{"@type":"WebPage","@id":"https:\/\/www.meydan.tv\/az\/article\/kendde-meni-qinayirlar-ki-gozu-gormeyen-usagi-islemeye-gonderirem\/","url":"https:\/\/www.meydan.tv\/az\/article\/kendde-meni-qinayirlar-ki-gozu-gormeyen-usagi-islemeye-gonderirem\/","name":"\u201cK\u0259ndd\u0259 m\u0259ni q\u0131nay\u0131rlar ki, g\u00f6z\u00fc g\u00f6rm\u0259y\u0259n u\u015fa\u011f\u0131 i\u015fl\u0259m\u0259y\u0259 g\u00f6nd\u0259rir\u0259m\u201d - MEYDAN.TV","isPartOf":{"@id":"https:\/\/www.meydan.tv\/az\/#website"},"primaryImageOfPage":{"@id":"https:\/\/www.meydan.tv\/az\/article\/kendde-meni-qinayirlar-ki-gozu-gormeyen-usagi-islemeye-gonderirem\/#primaryimage"},"image":{"@id":"https:\/\/www.meydan.tv\/az\/article\/kendde-meni-qinayirlar-ki-gozu-gormeyen-usagi-islemeye-gonderirem\/#primaryimage"},"thumbnailUrl":"https:\/\/www.meydan.tv\/wp-content\/uploads\/image_from_ios_20-1.jpg","datePublished":"2019-09-25T16:50:11+00:00","breadcrumb":{"@id":"https:\/\/www.meydan.tv\/az\/article\/kendde-meni-qinayirlar-ki-gozu-gormeyen-usagi-islemeye-gonderirem\/#breadcrumb"},"inLanguage":"az","potentialAction":[{"@type":"ReadAction","target":["https:\/\/www.meydan.tv\/az\/article\/kendde-meni-qinayirlar-ki-gozu-gormeyen-usagi-islemeye-gonderirem\/"]}]},{"@type":"ImageObject","inLanguage":"az","@id":"https:\/\/www.meydan.tv\/az\/article\/kendde-meni-qinayirlar-ki-gozu-gormeyen-usagi-islemeye-gonderirem\/#primaryimage","url":"https:\/\/www.meydan.tv\/wp-content\/uploads\/image_from_ios_20-1.jpg","contentUrl":"https:\/\/www.meydan.tv\/wp-content\/uploads\/image_from_ios_20-1.jpg","width":2000,"height":759,"caption":"Source: Specify Source"},{"@type":"BreadcrumbList","@id":"https:\/\/www.meydan.tv\/az\/article\/kendde-meni-qinayirlar-ki-gozu-gormeyen-usagi-islemeye-gonderirem\/#breadcrumb","itemListElement":[{"@type":"ListItem","position":1,"name":"Ana s\u0259hif\u0259","item":"https:\/\/www.meydan.tv\/az\/"},{"@type":"ListItem","position":2,"name":"B\u00f6lg\u0259","item":"https:\/\/www.meydan.tv\/az\/section\/bolge\/"},{"@type":"ListItem","position":3,"name":"\u201cK\u0259ndd\u0259 m\u0259ni q\u0131nay\u0131rlar ki, g\u00f6z\u00fc g\u00f6rm\u0259y\u0259n u\u015fa\u011f\u0131 i\u015fl\u0259m\u0259y\u0259 g\u00f6nd\u0259rir\u0259m\u201d"}]},{"@type":"WebSite","@id":"https:\/\/www.meydan.tv\/az\/#website","url":"https:\/\/www.meydan.tv\/az\/","name":"MEYDAN.TV","description":"Meydan TV Az\u0259rbaycan\u0131n media m\u0259kan\u0131ndak\u0131 alternativ s\u0259sidir","publisher":{"@id":"https:\/\/www.meydan.tv\/az\/#organization"},"potentialAction":[{"@type":"SearchAction","target":{"@type":"EntryPoint","urlTemplate":"https:\/\/www.meydan.tv\/az\/?s={search_term_string}"},"query-input":{"@type":"PropertyValueSpecification","valueRequired":true,"valueName":"search_term_string"}}],"inLanguage":"az"},{"@type":"Organization","@id":"https:\/\/www.meydan.tv\/az\/#organization","name":"Meydan TV","url":"https:\/\/www.meydan.tv\/az\/","logo":{"@type":"ImageObject","inLanguage":"az","@id":"https:\/\/www.meydan.tv\/az\/#\/schema\/logo\/image\/","url":"https:\/\/www.meydan.tv\/wp-content\/uploads\/2021\/07\/meydan-logo.svg","contentUrl":"https:\/\/www.meydan.tv\/wp-content\/uploads\/2021\/07\/meydan-logo.svg","width":195,"height":46,"caption":"Meydan TV"},"image":{"@id":"https:\/\/www.meydan.tv\/az\/#\/schema\/logo\/image\/"}},{"@type":"Person","@id":"https:\/\/www.meydan.tv\/az\/#\/schema\/person\/10d11eccf6da3662cf5fdab9806ea91a","name":"user-manager"}]}},"_links":{"self":[{"href":"https:\/\/www.meydan.tv\/az\/wp-json\/wp\/v2\/posts\/197137","targetHints":{"allow":["GET"]}}],"collection":[{"href":"https:\/\/www.meydan.tv\/az\/wp-json\/wp\/v2\/posts"}],"about":[{"href":"https:\/\/www.meydan.tv\/az\/wp-json\/wp\/v2\/types\/post"}],"author":[{"embeddable":true,"href":"https:\/\/www.meydan.tv\/az\/wp-json\/wp\/v2\/users\/11"}],"replies":[{"embeddable":true,"href":"https:\/\/www.meydan.tv\/az\/wp-json\/wp\/v2\/comments?post=197137"}],"version-history":[{"count":0,"href":"https:\/\/www.meydan.tv\/az\/wp-json\/wp\/v2\/posts\/197137\/revisions"}],"wp:featuredmedia":[{"embeddable":true,"href":"https:\/\/www.meydan.tv\/az\/wp-json\/wp\/v2\/media\/130237"}],"wp:attachment":[{"href":"https:\/\/www.meydan.tv\/az\/wp-json\/wp\/v2\/media?parent=197137"}],"wp:term":[{"taxonomy":"category","embeddable":true,"href":"https:\/\/www.meydan.tv\/az\/wp-json\/wp\/v2\/categories?post=197137"},{"taxonomy":"post_tag","embeddable":true,"href":"https:\/\/www.meydan.tv\/az\/wp-json\/wp\/v2\/tags?post=197137"}],"curies":[{"name":"wp","href":"https:\/\/api.w.org\/{rel}","templated":true}]}}