{"id":197136,"date":"2019-09-25T16:53:46","date_gmt":"2019-09-25T16:53:46","guid":{"rendered":"https:\/\/www.meydan.tv\/article\/ekofeal-qreta-tunberq-trampa-cavab-verib\/"},"modified":"2019-09-25T16:53:46","modified_gmt":"2019-09-25T16:53:46","slug":"ekofeal-qreta-tunberq-trampa-cavab-verib","status":"publish","type":"post","link":"https:\/\/www.meydan.tv\/az\/article\/ekofeal-qreta-tunberq-trampa-cavab-verib\/","title":{"rendered":"Ekof\u0259al Qreta Tunberq Trampa cavab verib"},"content":{"rendered":"<p>\n  \u0130sve\u00e7li yeniyetm\u0259, ekof\u0259al Qreta Tunberq (Greta Thunberg) \u00e7\u0259r\u015f\u0259nb\u0259 ax\u015fam\u0131 AB\u015e prezidenti Donald Tramp\u0131n \u201cTwitter\u201dd\u0259 onu \u0259l\u0259 salmas\u0131na cavab olaraq sosial mediada \u00f6z profilini d\u0259yi\u015fib, &#8211; \u201cReuters\u201d x\u0259b\u0259r verir.\n<\/p>\n<p>\n  Bazar ert\u0259si g\u00fcn\u00fc Tramp 16 ya\u015fl\u0131 q\u0131z\u0131n BMT-nin iqlim sammitind\u0259ki nitqinin bir hiss\u0259sini retvit edib. G\u0259nc q\u0131z d\u00fcnya liderl\u0259rinin iqlim d\u0259yi\u015fikliyin\u0259 ciddi yana\u015fmamas\u0131na qar\u015f\u0131 \u00e7\u0131xaraq onlar\u0131 q\u0131nay\u0131b, &quot;Siz nec\u0259 c\u0259sar\u0259t edirsiniz&quot; sual\u0131n\u0131 \u00fcnvanlay\u0131b.\n<\/p>\n<p>\n  73 ya\u015fl\u0131 Tramp Tunberq\u0259 cavab ver\u0259r\u0259k deyib: \u201cO, parlaq v\u0259 g\u00f6z\u0259l g\u0259l\u0259c\u0259y\u0259 \u00fcmidl\u0259 baxan \u00e7ox xo\u015fb\u0259xt bir g\u0259nc q\u0131za b\u0259nz\u0259yir. Bunlar\u0131 g\u00f6rm\u0259k \u00e7ox xo\u015fdur!\u201d\n<\/p>\n<p>\n  \u00c7\u0259r\u015f\u0259nb\u0259 ax\u015fam\u0131 g\u00fcn\u00fc Tunberq \u201cTwitter\u201dd\u0259ki t\u0259rc\u00fcmeyi-hal\u0131n\u0131 d\u0259yi\u015fib. O, t\u0259rc\u00fcmeyi-hal\u0131na &quot;Parlaq v\u0259 g\u00f6z\u0259l g\u0259l\u0259c\u0259y\u0259 baxan \u00e7ox xo\u015fb\u0259xt bir g\u0259nc q\u0131z&quot; yaz\u0131b.\n<\/p>\n<p>\n  Bazar ert\u0259si g\u00fcn\u00fc Nyu-Yorkda Birl\u0259\u015fmi\u015f Mill\u0259tl\u0259r T\u0259\u015fkilat\u0131na gir\u0259rk\u0259n Tunberqin Trampa atd\u0131\u011f\u0131 bax\u0131\u015f sosial mediada geni\u015f m\u00fczakir\u0259l\u0259r\u0259 s\u0259b\u0259b olub. Tramp iqlim elmini sual alt\u0131na al\u0131b v\u0259 AB\u015e-\u0131n iqlim d\u0259yi\u015fikliyi il\u0259 ba\u011fl\u0131 indiy\u0259 q\u0259d\u0259r h\u0259yata ke\u00e7irdiyi siyas\u0259tini t\u0259nqid edib.\n<\/p>\n<p>\n  Tunberq \u00f6t\u0259n ild\u0259n etibar\u0259n h\u0259r c\u00fcm\u0259 g\u00fcn\u00fc m\u0259kt\u0259b\u0259 getm\u0259y\u0259r\u0259k \u0130sve\u00e7 parlamentinin qar\u015f\u0131s\u0131nda iqlim f\u0259aliyy\u0259tin\u0259 etiraz olaraq aksiya ke\u00e7irir. O, bu h\u0259r\u0259k\u0259tiyl\u0259 milyonlarla u\u015fa\u011fa ilham verib.<\/p>\n","protected":false},"excerpt":{"rendered":"<p>Tramp: \u201cO, parlaq v\u0259 g\u00f6z\u0259l g\u0259l\u0259c\u0259y\u0259 \u00fcmidl\u0259 baxan \u00e7ox xo\u015fb\u0259xt bir g\u0259nc q\u0131za b\u0259nz\u0259yir\u201d<\/p>\n","protected":false},"author":11,"featured_media":130240,"comment_status":"closed","ping_status":"open","sticky":false,"template":"","format":"standard","meta":{"_acf_changed":false,"_sitemap_exclude":false,"_sitemap_priority":"","_sitemap_frequency":"","footnotes":""},"categories":[64],"tags":[],"class_list":["post-197136","post","type-post","status-publish","format-standard","has-post-thumbnail","hentry","category-dunya","infinite-scroll-item","generate-columns","tablet-grid-50","mobile-grid-100","grid-parent","grid-33","no-featured-image-padding"],"acf":[],"yoast_head":"<!-- This site is optimized with the Yoast SEO plugin v27.5 - https:\/\/yoast.com\/product\/yoast-seo-wordpress\/ -->\n<title>Ekof\u0259al Qreta Tunberq Trampa cavab verib - MEYDAN.TV<\/title>\n<meta name=\"robots\" content=\"index, follow, max-snippet:-1, max-image-preview:large, max-video-preview:-1\" \/>\n<link rel=\"canonical\" href=\"https:\/\/www.meydan.tv\/az\/article\/ekofeal-qreta-tunberq-trampa-cavab-verib\/\" \/>\n<meta property=\"og:locale\" content=\"az_AZ\" \/>\n<meta property=\"og:type\" content=\"article\" \/>\n<meta property=\"og:title\" content=\"Ekof\u0259al Qreta Tunberq Trampa cavab verib - MEYDAN.TV\" \/>\n<meta property=\"og:description\" content=\"Tramp: \u201cO, parlaq v\u0259 g\u00f6z\u0259l g\u0259l\u0259c\u0259y\u0259 \u00fcmidl\u0259 baxan \u00e7ox xo\u015fb\u0259xt bir g\u0259nc q\u0131za b\u0259nz\u0259yir\u201d\" \/>\n<meta property=\"og:url\" content=\"https:\/\/www.meydan.tv\/az\/article\/ekofeal-qreta-tunberq-trampa-cavab-verib\/\" \/>\n<meta property=\"og:site_name\" content=\"MEYDAN.TV\" \/>\n<meta property=\"article:published_time\" content=\"2019-09-25T16:53:46+00:00\" \/>\n<meta property=\"og:image\" content=\"https:\/\/www.meydan.tv\/wp-content\/uploads\/ab20e730-dee8-11e9-b655-7dfca9216873.jpg\" \/>\n\t<meta property=\"og:image:width\" content=\"1240\" \/>\n\t<meta property=\"og:image:height\" content=\"693\" \/>\n\t<meta property=\"og:image:type\" content=\"image\/jpeg\" \/>\n<meta name=\"author\" content=\"user-manager\" \/>\n<meta name=\"twitter:card\" content=\"summary_large_image\" \/>\n<script type=\"application\/ld+json\" class=\"yoast-schema-graph\">{\"@context\":\"https:\\\/\\\/schema.org\",\"@graph\":[{\"@type\":\"Article\",\"@id\":\"https:\\\/\\\/www.meydan.tv\\\/az\\\/article\\\/ekofeal-qreta-tunberq-trampa-cavab-verib\\\/#article\",\"isPartOf\":{\"@id\":\"https:\\\/\\\/www.meydan.tv\\\/az\\\/article\\\/ekofeal-qreta-tunberq-trampa-cavab-verib\\\/\"},\"author\":{\"name\":\"user-manager\",\"@id\":\"https:\\\/\\\/www.meydan.tv\\\/az\\\/#\\\/schema\\\/person\\\/10d11eccf6da3662cf5fdab9806ea91a\"},\"headline\":\"Ekof\u0259al Qreta Tunberq Trampa cavab verib\",\"datePublished\":\"2019-09-25T16:53:46+00:00\",\"mainEntityOfPage\":{\"@id\":\"https:\\\/\\\/www.meydan.tv\\\/az\\\/article\\\/ekofeal-qreta-tunberq-trampa-cavab-verib\\\/\"},\"wordCount\":296,\"publisher\":{\"@id\":\"https:\\\/\\\/www.meydan.tv\\\/az\\\/#organization\"},\"image\":{\"@id\":\"https:\\\/\\\/www.meydan.tv\\\/az\\\/article\\\/ekofeal-qreta-tunberq-trampa-cavab-verib\\\/#primaryimage\"},\"thumbnailUrl\":\"https:\\\/\\\/www.meydan.tv\\\/wp-content\\\/uploads\\\/ab20e730-dee8-11e9-b655-7dfca9216873.jpg\",\"articleSection\":[\"D\u00fcnya\"],\"inLanguage\":\"az\"},{\"@type\":\"WebPage\",\"@id\":\"https:\\\/\\\/www.meydan.tv\\\/az\\\/article\\\/ekofeal-qreta-tunberq-trampa-cavab-verib\\\/\",\"url\":\"https:\\\/\\\/www.meydan.tv\\\/az\\\/article\\\/ekofeal-qreta-tunberq-trampa-cavab-verib\\\/\",\"name\":\"Ekof\u0259al Qreta Tunberq Trampa cavab verib - MEYDAN.TV\",\"isPartOf\":{\"@id\":\"https:\\\/\\\/www.meydan.tv\\\/az\\\/#website\"},\"primaryImageOfPage\":{\"@id\":\"https:\\\/\\\/www.meydan.tv\\\/az\\\/article\\\/ekofeal-qreta-tunberq-trampa-cavab-verib\\\/#primaryimage\"},\"image\":{\"@id\":\"https:\\\/\\\/www.meydan.tv\\\/az\\\/article\\\/ekofeal-qreta-tunberq-trampa-cavab-verib\\\/#primaryimage\"},\"thumbnailUrl\":\"https:\\\/\\\/www.meydan.tv\\\/wp-content\\\/uploads\\\/ab20e730-dee8-11e9-b655-7dfca9216873.jpg\",\"datePublished\":\"2019-09-25T16:53:46+00:00\",\"breadcrumb\":{\"@id\":\"https:\\\/\\\/www.meydan.tv\\\/az\\\/article\\\/ekofeal-qreta-tunberq-trampa-cavab-verib\\\/#breadcrumb\"},\"inLanguage\":\"az\",\"potentialAction\":[{\"@type\":\"ReadAction\",\"target\":[\"https:\\\/\\\/www.meydan.tv\\\/az\\\/article\\\/ekofeal-qreta-tunberq-trampa-cavab-verib\\\/\"]}]},{\"@type\":\"ImageObject\",\"inLanguage\":\"az\",\"@id\":\"https:\\\/\\\/www.meydan.tv\\\/az\\\/article\\\/ekofeal-qreta-tunberq-trampa-cavab-verib\\\/#primaryimage\",\"url\":\"https:\\\/\\\/www.meydan.tv\\\/wp-content\\\/uploads\\\/ab20e730-dee8-11e9-b655-7dfca9216873.jpg\",\"contentUrl\":\"https:\\\/\\\/www.meydan.tv\\\/wp-content\\\/uploads\\\/ab20e730-dee8-11e9-b655-7dfca9216873.jpg\",\"width\":1240,\"height\":693,\"caption\":\"Source: Meydan TV\"},{\"@type\":\"BreadcrumbList\",\"@id\":\"https:\\\/\\\/www.meydan.tv\\\/az\\\/article\\\/ekofeal-qreta-tunberq-trampa-cavab-verib\\\/#breadcrumb\",\"itemListElement\":[{\"@type\":\"ListItem\",\"position\":1,\"name\":\"Ana s\u0259hif\u0259\",\"item\":\"https:\\\/\\\/www.meydan.tv\\\/az\\\/\"},{\"@type\":\"ListItem\",\"position\":2,\"name\":\"D\u00fcnya\",\"item\":\"https:\\\/\\\/www.meydan.tv\\\/az\\\/section\\\/dunya\\\/\"},{\"@type\":\"ListItem\",\"position\":3,\"name\":\"Ekof\u0259al Qreta Tunberq Trampa cavab verib\"}]},{\"@type\":\"WebSite\",\"@id\":\"https:\\\/\\\/www.meydan.tv\\\/az\\\/#website\",\"url\":\"https:\\\/\\\/www.meydan.tv\\\/az\\\/\",\"name\":\"MEYDAN.TV\",\"description\":\"Meydan TV Az\u0259rbaycan\u0131n media m\u0259kan\u0131ndak\u0131 alternativ s\u0259sidir\",\"publisher\":{\"@id\":\"https:\\\/\\\/www.meydan.tv\\\/az\\\/#organization\"},\"potentialAction\":[{\"@type\":\"SearchAction\",\"target\":{\"@type\":\"EntryPoint\",\"urlTemplate\":\"https:\\\/\\\/www.meydan.tv\\\/az\\\/?s={search_term_string}\"},\"query-input\":{\"@type\":\"PropertyValueSpecification\",\"valueRequired\":true,\"valueName\":\"search_term_string\"}}],\"inLanguage\":\"az\"},{\"@type\":\"Organization\",\"@id\":\"https:\\\/\\\/www.meydan.tv\\\/az\\\/#organization\",\"name\":\"Meydan TV\",\"url\":\"https:\\\/\\\/www.meydan.tv\\\/az\\\/\",\"logo\":{\"@type\":\"ImageObject\",\"inLanguage\":\"az\",\"@id\":\"https:\\\/\\\/www.meydan.tv\\\/az\\\/#\\\/schema\\\/logo\\\/image\\\/\",\"url\":\"https:\\\/\\\/www.meydan.tv\\\/wp-content\\\/uploads\\\/2021\\\/07\\\/meydan-logo.svg\",\"contentUrl\":\"https:\\\/\\\/www.meydan.tv\\\/wp-content\\\/uploads\\\/2021\\\/07\\\/meydan-logo.svg\",\"width\":195,\"height\":46,\"caption\":\"Meydan TV\"},\"image\":{\"@id\":\"https:\\\/\\\/www.meydan.tv\\\/az\\\/#\\\/schema\\\/logo\\\/image\\\/\"}},{\"@type\":\"Person\",\"@id\":\"https:\\\/\\\/www.meydan.tv\\\/az\\\/#\\\/schema\\\/person\\\/10d11eccf6da3662cf5fdab9806ea91a\",\"name\":\"user-manager\"}]}<\/script>\n<!-- \/ Yoast SEO plugin. -->","yoast_head_json":{"title":"Ekof\u0259al Qreta Tunberq Trampa cavab verib - MEYDAN.TV","robots":{"index":"index","follow":"follow","max-snippet":"max-snippet:-1","max-image-preview":"max-image-preview:large","max-video-preview":"max-video-preview:-1"},"canonical":"https:\/\/www.meydan.tv\/az\/article\/ekofeal-qreta-tunberq-trampa-cavab-verib\/","og_locale":"az_AZ","og_type":"article","og_title":"Ekof\u0259al Qreta Tunberq Trampa cavab verib - MEYDAN.TV","og_description":"Tramp: \u201cO, parlaq v\u0259 g\u00f6z\u0259l g\u0259l\u0259c\u0259y\u0259 \u00fcmidl\u0259 baxan \u00e7ox xo\u015fb\u0259xt bir g\u0259nc q\u0131za b\u0259nz\u0259yir\u201d","og_url":"https:\/\/www.meydan.tv\/az\/article\/ekofeal-qreta-tunberq-trampa-cavab-verib\/","og_site_name":"MEYDAN.TV","article_published_time":"2019-09-25T16:53:46+00:00","og_image":[{"width":1240,"height":693,"url":"https:\/\/www.meydan.tv\/wp-content\/uploads\/ab20e730-dee8-11e9-b655-7dfca9216873.jpg","type":"image\/jpeg"}],"author":"user-manager","twitter_card":"summary_large_image","schema":{"@context":"https:\/\/schema.org","@graph":[{"@type":"Article","@id":"https:\/\/www.meydan.tv\/az\/article\/ekofeal-qreta-tunberq-trampa-cavab-verib\/#article","isPartOf":{"@id":"https:\/\/www.meydan.tv\/az\/article\/ekofeal-qreta-tunberq-trampa-cavab-verib\/"},"author":{"name":"user-manager","@id":"https:\/\/www.meydan.tv\/az\/#\/schema\/person\/10d11eccf6da3662cf5fdab9806ea91a"},"headline":"Ekof\u0259al Qreta Tunberq Trampa cavab verib","datePublished":"2019-09-25T16:53:46+00:00","mainEntityOfPage":{"@id":"https:\/\/www.meydan.tv\/az\/article\/ekofeal-qreta-tunberq-trampa-cavab-verib\/"},"wordCount":296,"publisher":{"@id":"https:\/\/www.meydan.tv\/az\/#organization"},"image":{"@id":"https:\/\/www.meydan.tv\/az\/article\/ekofeal-qreta-tunberq-trampa-cavab-verib\/#primaryimage"},"thumbnailUrl":"https:\/\/www.meydan.tv\/wp-content\/uploads\/ab20e730-dee8-11e9-b655-7dfca9216873.jpg","articleSection":["D\u00fcnya"],"inLanguage":"az"},{"@type":"WebPage","@id":"https:\/\/www.meydan.tv\/az\/article\/ekofeal-qreta-tunberq-trampa-cavab-verib\/","url":"https:\/\/www.meydan.tv\/az\/article\/ekofeal-qreta-tunberq-trampa-cavab-verib\/","name":"Ekof\u0259al Qreta Tunberq Trampa cavab verib - MEYDAN.TV","isPartOf":{"@id":"https:\/\/www.meydan.tv\/az\/#website"},"primaryImageOfPage":{"@id":"https:\/\/www.meydan.tv\/az\/article\/ekofeal-qreta-tunberq-trampa-cavab-verib\/#primaryimage"},"image":{"@id":"https:\/\/www.meydan.tv\/az\/article\/ekofeal-qreta-tunberq-trampa-cavab-verib\/#primaryimage"},"thumbnailUrl":"https:\/\/www.meydan.tv\/wp-content\/uploads\/ab20e730-dee8-11e9-b655-7dfca9216873.jpg","datePublished":"2019-09-25T16:53:46+00:00","breadcrumb":{"@id":"https:\/\/www.meydan.tv\/az\/article\/ekofeal-qreta-tunberq-trampa-cavab-verib\/#breadcrumb"},"inLanguage":"az","potentialAction":[{"@type":"ReadAction","target":["https:\/\/www.meydan.tv\/az\/article\/ekofeal-qreta-tunberq-trampa-cavab-verib\/"]}]},{"@type":"ImageObject","inLanguage":"az","@id":"https:\/\/www.meydan.tv\/az\/article\/ekofeal-qreta-tunberq-trampa-cavab-verib\/#primaryimage","url":"https:\/\/www.meydan.tv\/wp-content\/uploads\/ab20e730-dee8-11e9-b655-7dfca9216873.jpg","contentUrl":"https:\/\/www.meydan.tv\/wp-content\/uploads\/ab20e730-dee8-11e9-b655-7dfca9216873.jpg","width":1240,"height":693,"caption":"Source: Meydan TV"},{"@type":"BreadcrumbList","@id":"https:\/\/www.meydan.tv\/az\/article\/ekofeal-qreta-tunberq-trampa-cavab-verib\/#breadcrumb","itemListElement":[{"@type":"ListItem","position":1,"name":"Ana s\u0259hif\u0259","item":"https:\/\/www.meydan.tv\/az\/"},{"@type":"ListItem","position":2,"name":"D\u00fcnya","item":"https:\/\/www.meydan.tv\/az\/section\/dunya\/"},{"@type":"ListItem","position":3,"name":"Ekof\u0259al Qreta Tunberq Trampa cavab verib"}]},{"@type":"WebSite","@id":"https:\/\/www.meydan.tv\/az\/#website","url":"https:\/\/www.meydan.tv\/az\/","name":"MEYDAN.TV","description":"Meydan TV Az\u0259rbaycan\u0131n media m\u0259kan\u0131ndak\u0131 alternativ s\u0259sidir","publisher":{"@id":"https:\/\/www.meydan.tv\/az\/#organization"},"potentialAction":[{"@type":"SearchAction","target":{"@type":"EntryPoint","urlTemplate":"https:\/\/www.meydan.tv\/az\/?s={search_term_string}"},"query-input":{"@type":"PropertyValueSpecification","valueRequired":true,"valueName":"search_term_string"}}],"inLanguage":"az"},{"@type":"Organization","@id":"https:\/\/www.meydan.tv\/az\/#organization","name":"Meydan TV","url":"https:\/\/www.meydan.tv\/az\/","logo":{"@type":"ImageObject","inLanguage":"az","@id":"https:\/\/www.meydan.tv\/az\/#\/schema\/logo\/image\/","url":"https:\/\/www.meydan.tv\/wp-content\/uploads\/2021\/07\/meydan-logo.svg","contentUrl":"https:\/\/www.meydan.tv\/wp-content\/uploads\/2021\/07\/meydan-logo.svg","width":195,"height":46,"caption":"Meydan TV"},"image":{"@id":"https:\/\/www.meydan.tv\/az\/#\/schema\/logo\/image\/"}},{"@type":"Person","@id":"https:\/\/www.meydan.tv\/az\/#\/schema\/person\/10d11eccf6da3662cf5fdab9806ea91a","name":"user-manager"}]}},"_links":{"self":[{"href":"https:\/\/www.meydan.tv\/az\/wp-json\/wp\/v2\/posts\/197136","targetHints":{"allow":["GET"]}}],"collection":[{"href":"https:\/\/www.meydan.tv\/az\/wp-json\/wp\/v2\/posts"}],"about":[{"href":"https:\/\/www.meydan.tv\/az\/wp-json\/wp\/v2\/types\/post"}],"author":[{"embeddable":true,"href":"https:\/\/www.meydan.tv\/az\/wp-json\/wp\/v2\/users\/11"}],"replies":[{"embeddable":true,"href":"https:\/\/www.meydan.tv\/az\/wp-json\/wp\/v2\/comments?post=197136"}],"version-history":[{"count":0,"href":"https:\/\/www.meydan.tv\/az\/wp-json\/wp\/v2\/posts\/197136\/revisions"}],"wp:featuredmedia":[{"embeddable":true,"href":"https:\/\/www.meydan.tv\/az\/wp-json\/wp\/v2\/media\/130240"}],"wp:attachment":[{"href":"https:\/\/www.meydan.tv\/az\/wp-json\/wp\/v2\/media?parent=197136"}],"wp:term":[{"taxonomy":"category","embeddable":true,"href":"https:\/\/www.meydan.tv\/az\/wp-json\/wp\/v2\/categories?post=197136"},{"taxonomy":"post_tag","embeddable":true,"href":"https:\/\/www.meydan.tv\/az\/wp-json\/wp\/v2\/tags?post=197136"}],"curies":[{"name":"wp","href":"https:\/\/api.w.org\/{rel}","templated":true}]}}